{"id":4731,"date":"2025-03-03T01:25:22","date_gmt":"2025-03-03T01:25:22","guid":{"rendered":"https:\/\/blogdobispo.com.br\/?p=4731"},"modified":"2025-03-03T01:25:22","modified_gmt":"2025-03-03T01:25:22","slug":"desfile-sustentavel-leva-arte-e-consciencia-ambiental-ao-baile-das-kengas-e-eribaldo-e-aclamado-pelo-publico","status":"publish","type":"post","link":"https:\/\/blogdobispo.com.br\/?p=4731","title":{"rendered":"Desfile Sustent\u00e1vel leva arte e consci\u00eancia ambiental ao Baile das Kengas e Eribaldo \u00e9 aclamado pelo p\u00fablico"},"content":{"rendered":"\n<figure class=\"wp-block-image size-large\"><img data-recalc-dims=\"1\" fetchpriority=\"high\" decoding=\"async\" width=\"516\" height=\"771\" src=\"https:\/\/i0.wp.com\/blogdobispo.com.br\/wp-content\/uploads\/2025\/03\/image.jpg?resize=516%2C771&#038;ssl=1\" class=\"wp-image-4730\" srcset=\"https:\/\/i0.wp.com\/blogdobispo.com.br\/wp-content\/uploads\/2025\/03\/image.jpg?w=516&amp;ssl=1 516w, https:\/\/i0.wp.com\/blogdobispo.com.br\/wp-content\/uploads\/2025\/03\/image.jpg?resize=201%2C300&amp;ssl=1 201w\" sizes=\"(max-width: 516px) 100vw, 516px\" \/><\/figure>\n\n\n\n<p><\/p>\n\n\n\n<p>Na noite de Domingo de Carnaval (02), o tradicional Baile das Kengas, um dos eventos mais emblem\u00e1ticos do Carnaval de Natal, foi palco do Desfile Sustent\u00e1vel, uma iniciativa que uniu moda, arte e conscientiza\u00e7\u00e3o ambiental.<\/p>\n\n\n\n<p>O evento foi um grande sucesso, com o p\u00fablico exaltando a criatividade das pe\u00e7as exibidas na passarela. Confeccionadas a partir de pneus que seriam descartados nas ruas \u2013 material que leva mais de 600 anos para se decompor na natureza \u2013 as cria\u00e7\u00f5es surpreenderam pela originalidade e impacto visual. Cada pe\u00e7a foi pintada \u00e0 m\u00e3o e grafitada por artistas locais, retratando pontos tur\u00edsticos da cidade de Natal, o que trouxe ainda mais identidade ao desfile.<\/p>\n\n\n\n<p>Idealizado pelo vereador Eribaldo, que h\u00e1 anos atua na defesa do meio ambiente, o projeto conseguiu cumprir seu objetivo de provocar a popula\u00e7\u00e3o sobre a import\u00e2ncia do descarte correto de res\u00edduos s\u00f3lidos. O desfile n\u00e3o apenas celebrou a criatividade e a cultura local, mas tamb\u00e9m refor\u00e7ou a necessidade urgente de repensarmos o impacto do lixo na cidade e no planeta.<\/p>\n\n\n\n<p>A repercuss\u00e3o foi extremamente positiva, com muitas pessoas elogiando a iniciativa e destacando a import\u00e2ncia da educa\u00e7\u00e3o ambiental para um futuro mais sustent\u00e1vel.<\/p>\n","protected":false},"excerpt":{"rendered":"<p>Na noite de Domingo de Carnaval (02), o tradicional Baile das Kengas, um dos eventos mais emblem\u00e1ticos do Carnaval de Natal, foi palco do Desfile Sustent\u00e1vel, uma iniciativa que uniu moda, arte e conscientiza\u00e7\u00e3o ambiental. O evento foi um grande sucesso, com o p\u00fablico exaltando a criatividade das pe\u00e7as exibidas na passarela. Confeccionadas a partir [&hellip;]<\/p>\n","protected":false},"author":1,"featured_media":0,"comment_status":"open","ping_status":"open","sticky":false,"template":"","format":"standard","meta":{"cybocfi_hide_featured_image":"","_jetpack_memberships_contains_paid_content":false,"footnotes":""},"categories":[1],"tags":[],"class_list":["post-4731","post","type-post","status-publish","format-standard","hentry","category-diversos"],"yoast_head":"<!-- This site is optimized with the Yoast SEO plugin v25.6 - https:\/\/yoast.com\/wordpress\/plugins\/seo\/ -->\n<title>Desfile Sustent\u00e1vel leva arte e consci\u00eancia ambiental ao Baile das Kengas e Eribaldo \u00e9 aclamado pelo p\u00fablico - Blog do Bispo<\/title>\n<meta name=\"robots\" content=\"index, follow, max-snippet:-1, max-image-preview:large, max-video-preview:-1\" \/>\n<link rel=\"canonical\" href=\"https:\/\/blogdobispo.com.br\/?p=4731\" \/>\n<meta property=\"og:locale\" content=\"pt_BR\" \/>\n<meta property=\"og:type\" content=\"article\" \/>\n<meta property=\"og:title\" content=\"Desfile Sustent\u00e1vel leva arte e consci\u00eancia ambiental ao Baile das Kengas e Eribaldo \u00e9 aclamado pelo p\u00fablico - Blog do Bispo\" \/>\n<meta property=\"og:description\" content=\"Na noite de Domingo de Carnaval (02), o tradicional Baile das Kengas, um dos eventos mais emblem\u00e1ticos do Carnaval de Natal, foi palco do Desfile Sustent\u00e1vel, uma iniciativa que uniu moda, arte e conscientiza\u00e7\u00e3o ambiental. O evento foi um grande sucesso, com o p\u00fablico exaltando a criatividade das pe\u00e7as exibidas na passarela. Confeccionadas a partir [&hellip;]\" \/>\n<meta property=\"og:url\" content=\"https:\/\/blogdobispo.com.br\/?p=4731\" \/>\n<meta property=\"og:site_name\" content=\"Blog do Bispo\" \/>\n<meta property=\"article:published_time\" content=\"2025-03-03T01:25:22+00:00\" \/>\n<meta property=\"og:image\" content=\"https:\/\/blogdobispo.com.br\/wp-content\/uploads\/2025\/03\/image.jpg\" \/>\n<meta name=\"author\" content=\"Jefferson Sterfeno\" \/>\n<meta name=\"twitter:card\" content=\"summary_large_image\" \/>\n<meta name=\"twitter:label1\" content=\"Escrito por\" \/>\n\t<meta name=\"twitter:data1\" content=\"Jefferson Sterfeno\" \/>\n\t<meta name=\"twitter:label2\" content=\"Est. tempo de leitura\" \/>\n\t<meta name=\"twitter:data2\" content=\"1 minuto\" \/>\n<script type=\"application\/ld+json\" class=\"yoast-schema-graph\">{\"@context\":\"https:\/\/schema.org\",\"@graph\":[{\"@type\":\"Article\",\"@id\":\"https:\/\/blogdobispo.com.br\/?p=4731#article\",\"isPartOf\":{\"@id\":\"https:\/\/blogdobispo.com.br\/?p=4731\"},\"author\":{\"name\":\"Jefferson Sterfeno\",\"@id\":\"https:\/\/blogdobispo.com.br\/#\/schema\/person\/e2209cc0e6cea5c5233d033e997b373f\"},\"headline\":\"Desfile Sustent\u00e1vel leva arte e consci\u00eancia ambiental ao Baile das Kengas e Eribaldo \u00e9 aclamado pelo p\u00fablico\",\"datePublished\":\"2025-03-03T01:25:22+00:00\",\"mainEntityOfPage\":{\"@id\":\"https:\/\/blogdobispo.com.br\/?p=4731\"},\"wordCount\":227,\"commentCount\":0,\"publisher\":{\"@id\":\"https:\/\/blogdobispo.com.br\/#organization\"},\"image\":{\"@id\":\"https:\/\/blogdobispo.com.br\/?p=4731#primaryimage\"},\"thumbnailUrl\":\"https:\/\/blogdobispo.com.br\/wp-content\/uploads\/2025\/03\/image.jpg\",\"articleSection\":[\"diversos\"],\"inLanguage\":\"pt-BR\",\"potentialAction\":[{\"@type\":\"CommentAction\",\"name\":\"Comment\",\"target\":[\"https:\/\/blogdobispo.com.br\/?p=4731#respond\"]}]},{\"@type\":\"WebPage\",\"@id\":\"https:\/\/blogdobispo.com.br\/?p=4731\",\"url\":\"https:\/\/blogdobispo.com.br\/?p=4731\",\"name\":\"Desfile Sustent\u00e1vel leva arte e consci\u00eancia ambiental ao Baile das Kengas e Eribaldo \u00e9 aclamado pelo p\u00fablico - Blog do Bispo\",\"isPartOf\":{\"@id\":\"https:\/\/blogdobispo.com.br\/#website\"},\"primaryImageOfPage\":{\"@id\":\"https:\/\/blogdobispo.com.br\/?p=4731#primaryimage\"},\"image\":{\"@id\":\"https:\/\/blogdobispo.com.br\/?p=4731#primaryimage\"},\"thumbnailUrl\":\"https:\/\/blogdobispo.com.br\/wp-content\/uploads\/2025\/03\/image.jpg\",\"datePublished\":\"2025-03-03T01:25:22+00:00\",\"breadcrumb\":{\"@id\":\"https:\/\/blogdobispo.com.br\/?p=4731#breadcrumb\"},\"inLanguage\":\"pt-BR\",\"potentialAction\":[{\"@type\":\"ReadAction\",\"target\":[\"https:\/\/blogdobispo.com.br\/?p=4731\"]}]},{\"@type\":\"ImageObject\",\"inLanguage\":\"pt-BR\",\"@id\":\"https:\/\/blogdobispo.com.br\/?p=4731#primaryimage\",\"url\":\"https:\/\/blogdobispo.com.br\/wp-content\/uploads\/2025\/03\/image.jpg\",\"contentUrl\":\"https:\/\/blogdobispo.com.br\/wp-content\/uploads\/2025\/03\/image.jpg\"},{\"@type\":\"BreadcrumbList\",\"@id\":\"https:\/\/blogdobispo.com.br\/?p=4731#breadcrumb\",\"itemListElement\":[{\"@type\":\"ListItem\",\"position\":1,\"name\":\"In\u00edcio\",\"item\":\"https:\/\/blogdobispo.com.br\/\"},{\"@type\":\"ListItem\",\"position\":2,\"name\":\"Desfile Sustent\u00e1vel leva arte e consci\u00eancia ambiental ao Baile das Kengas e Eribaldo \u00e9 aclamado pelo p\u00fablico\"}]},{\"@type\":\"WebSite\",\"@id\":\"https:\/\/blogdobispo.com.br\/#website\",\"url\":\"https:\/\/blogdobispo.com.br\/\",\"name\":\"Blog do Bispo\",\"description\":\"Comprometido apenas com o leitor\",\"publisher\":{\"@id\":\"https:\/\/blogdobispo.com.br\/#organization\"},\"potentialAction\":[{\"@type\":\"SearchAction\",\"target\":{\"@type\":\"EntryPoint\",\"urlTemplate\":\"https:\/\/blogdobispo.com.br\/?s={search_term_string}\"},\"query-input\":{\"@type\":\"PropertyValueSpecification\",\"valueRequired\":true,\"valueName\":\"search_term_string\"}}],\"inLanguage\":\"pt-BR\"},{\"@type\":\"Organization\",\"@id\":\"https:\/\/blogdobispo.com.br\/#organization\",\"name\":\"Blog do Bispo\",\"url\":\"https:\/\/blogdobispo.com.br\/\",\"logo\":{\"@type\":\"ImageObject\",\"inLanguage\":\"pt-BR\",\"@id\":\"https:\/\/blogdobispo.com.br\/#\/schema\/logo\/image\/\",\"url\":\"http:\/\/blogdobispo.com.br\/wp-content\/uploads\/2023\/05\/cropped-headear.png\",\"contentUrl\":\"http:\/\/blogdobispo.com.br\/wp-content\/uploads\/2023\/05\/cropped-headear.png\",\"width\":1500,\"height\":399,\"caption\":\"Blog do Bispo\"},\"image\":{\"@id\":\"https:\/\/blogdobispo.com.br\/#\/schema\/logo\/image\/\"}},{\"@type\":\"Person\",\"@id\":\"https:\/\/blogdobispo.com.br\/#\/schema\/person\/e2209cc0e6cea5c5233d033e997b373f\",\"name\":\"Jefferson Sterfeno\",\"image\":{\"@type\":\"ImageObject\",\"inLanguage\":\"pt-BR\",\"@id\":\"https:\/\/blogdobispo.com.br\/#\/schema\/person\/image\/\",\"url\":\"https:\/\/secure.gravatar.com\/avatar\/0534e84764641168a677026b6d57a3f51dc7ac4db0b4f6186d9cb330d4ee1160?s=96&d=mm&r=g\",\"contentUrl\":\"https:\/\/secure.gravatar.com\/avatar\/0534e84764641168a677026b6d57a3f51dc7ac4db0b4f6186d9cb330d4ee1160?s=96&d=mm&r=g\",\"caption\":\"Jefferson Sterfeno\"},\"sameAs\":[\"http:\/\/blogdobispo.com.br\"],\"url\":\"https:\/\/blogdobispo.com.br\/?author=1\"}]}<\/script>\n<!-- \/ Yoast SEO plugin. -->","yoast_head_json":{"title":"Desfile Sustent\u00e1vel leva arte e consci\u00eancia ambiental ao Baile das Kengas e Eribaldo \u00e9 aclamado pelo p\u00fablico - Blog do Bispo","robots":{"index":"index","follow":"follow","max-snippet":"max-snippet:-1","max-image-preview":"max-image-preview:large","max-video-preview":"max-video-preview:-1"},"canonical":"https:\/\/blogdobispo.com.br\/?p=4731","og_locale":"pt_BR","og_type":"article","og_title":"Desfile Sustent\u00e1vel leva arte e consci\u00eancia ambiental ao Baile das Kengas e Eribaldo \u00e9 aclamado pelo p\u00fablico - Blog do Bispo","og_description":"Na noite de Domingo de Carnaval (02), o tradicional Baile das Kengas, um dos eventos mais emblem\u00e1ticos do Carnaval de Natal, foi palco do Desfile Sustent\u00e1vel, uma iniciativa que uniu moda, arte e conscientiza\u00e7\u00e3o ambiental. O evento foi um grande sucesso, com o p\u00fablico exaltando a criatividade das pe\u00e7as exibidas na passarela. Confeccionadas a partir [&hellip;]","og_url":"https:\/\/blogdobispo.com.br\/?p=4731","og_site_name":"Blog do Bispo","article_published_time":"2025-03-03T01:25:22+00:00","og_image":[{"url":"https:\/\/blogdobispo.com.br\/wp-content\/uploads\/2025\/03\/image.jpg","type":"","width":"","height":""}],"author":"Jefferson Sterfeno","twitter_card":"summary_large_image","twitter_misc":{"Escrito por":"Jefferson Sterfeno","Est. tempo de leitura":"1 minuto"},"schema":{"@context":"https:\/\/schema.org","@graph":[{"@type":"Article","@id":"https:\/\/blogdobispo.com.br\/?p=4731#article","isPartOf":{"@id":"https:\/\/blogdobispo.com.br\/?p=4731"},"author":{"name":"Jefferson Sterfeno","@id":"https:\/\/blogdobispo.com.br\/#\/schema\/person\/e2209cc0e6cea5c5233d033e997b373f"},"headline":"Desfile Sustent\u00e1vel leva arte e consci\u00eancia ambiental ao Baile das Kengas e Eribaldo \u00e9 aclamado pelo p\u00fablico","datePublished":"2025-03-03T01:25:22+00:00","mainEntityOfPage":{"@id":"https:\/\/blogdobispo.com.br\/?p=4731"},"wordCount":227,"commentCount":0,"publisher":{"@id":"https:\/\/blogdobispo.com.br\/#organization"},"image":{"@id":"https:\/\/blogdobispo.com.br\/?p=4731#primaryimage"},"thumbnailUrl":"https:\/\/blogdobispo.com.br\/wp-content\/uploads\/2025\/03\/image.jpg","articleSection":["diversos"],"inLanguage":"pt-BR","potentialAction":[{"@type":"CommentAction","name":"Comment","target":["https:\/\/blogdobispo.com.br\/?p=4731#respond"]}]},{"@type":"WebPage","@id":"https:\/\/blogdobispo.com.br\/?p=4731","url":"https:\/\/blogdobispo.com.br\/?p=4731","name":"Desfile Sustent\u00e1vel leva arte e consci\u00eancia ambiental ao Baile das Kengas e Eribaldo \u00e9 aclamado pelo p\u00fablico - Blog do Bispo","isPartOf":{"@id":"https:\/\/blogdobispo.com.br\/#website"},"primaryImageOfPage":{"@id":"https:\/\/blogdobispo.com.br\/?p=4731#primaryimage"},"image":{"@id":"https:\/\/blogdobispo.com.br\/?p=4731#primaryimage"},"thumbnailUrl":"https:\/\/blogdobispo.com.br\/wp-content\/uploads\/2025\/03\/image.jpg","datePublished":"2025-03-03T01:25:22+00:00","breadcrumb":{"@id":"https:\/\/blogdobispo.com.br\/?p=4731#breadcrumb"},"inLanguage":"pt-BR","potentialAction":[{"@type":"ReadAction","target":["https:\/\/blogdobispo.com.br\/?p=4731"]}]},{"@type":"ImageObject","inLanguage":"pt-BR","@id":"https:\/\/blogdobispo.com.br\/?p=4731#primaryimage","url":"https:\/\/blogdobispo.com.br\/wp-content\/uploads\/2025\/03\/image.jpg","contentUrl":"https:\/\/blogdobispo.com.br\/wp-content\/uploads\/2025\/03\/image.jpg"},{"@type":"BreadcrumbList","@id":"https:\/\/blogdobispo.com.br\/?p=4731#breadcrumb","itemListElement":[{"@type":"ListItem","position":1,"name":"In\u00edcio","item":"https:\/\/blogdobispo.com.br\/"},{"@type":"ListItem","position":2,"name":"Desfile Sustent\u00e1vel leva arte e consci\u00eancia ambiental ao Baile das Kengas e Eribaldo \u00e9 aclamado pelo p\u00fablico"}]},{"@type":"WebSite","@id":"https:\/\/blogdobispo.com.br\/#website","url":"https:\/\/blogdobispo.com.br\/","name":"Blog do Bispo","description":"Comprometido apenas com o leitor","publisher":{"@id":"https:\/\/blogdobispo.com.br\/#organization"},"potentialAction":[{"@type":"SearchAction","target":{"@type":"EntryPoint","urlTemplate":"https:\/\/blogdobispo.com.br\/?s={search_term_string}"},"query-input":{"@type":"PropertyValueSpecification","valueRequired":true,"valueName":"search_term_string"}}],"inLanguage":"pt-BR"},{"@type":"Organization","@id":"https:\/\/blogdobispo.com.br\/#organization","name":"Blog do Bispo","url":"https:\/\/blogdobispo.com.br\/","logo":{"@type":"ImageObject","inLanguage":"pt-BR","@id":"https:\/\/blogdobispo.com.br\/#\/schema\/logo\/image\/","url":"http:\/\/blogdobispo.com.br\/wp-content\/uploads\/2023\/05\/cropped-headear.png","contentUrl":"http:\/\/blogdobispo.com.br\/wp-content\/uploads\/2023\/05\/cropped-headear.png","width":1500,"height":399,"caption":"Blog do Bispo"},"image":{"@id":"https:\/\/blogdobispo.com.br\/#\/schema\/logo\/image\/"}},{"@type":"Person","@id":"https:\/\/blogdobispo.com.br\/#\/schema\/person\/e2209cc0e6cea5c5233d033e997b373f","name":"Jefferson Sterfeno","image":{"@type":"ImageObject","inLanguage":"pt-BR","@id":"https:\/\/blogdobispo.com.br\/#\/schema\/person\/image\/","url":"https:\/\/secure.gravatar.com\/avatar\/0534e84764641168a677026b6d57a3f51dc7ac4db0b4f6186d9cb330d4ee1160?s=96&d=mm&r=g","contentUrl":"https:\/\/secure.gravatar.com\/avatar\/0534e84764641168a677026b6d57a3f51dc7ac4db0b4f6186d9cb330d4ee1160?s=96&d=mm&r=g","caption":"Jefferson Sterfeno"},"sameAs":["http:\/\/blogdobispo.com.br"],"url":"https:\/\/blogdobispo.com.br\/?author=1"}]}},"featured_image_urls":{"full":"","thumbnail":"","medium":"","medium_large":"","large":"","1536x1536":"","2048x2048":""},"author_info":{"display_name":"Jefferson Sterfeno","author_link":"https:\/\/blogdobispo.com.br\/?author=1"},"category_info":"<a href=\"https:\/\/blogdobispo.com.br\/?cat=1\" rel=\"category\">diversos<\/a>","tag_info":"diversos","comment_count":"0","jetpack_featured_media_url":"","jetpack_sharing_enabled":true,"_links":{"self":[{"href":"https:\/\/blogdobispo.com.br\/index.php?rest_route=\/wp\/v2\/posts\/4731","targetHints":{"allow":["GET"]}}],"collection":[{"href":"https:\/\/blogdobispo.com.br\/index.php?rest_route=\/wp\/v2\/posts"}],"about":[{"href":"https:\/\/blogdobispo.com.br\/index.php?rest_route=\/wp\/v2\/types\/post"}],"author":[{"embeddable":true,"href":"https:\/\/blogdobispo.com.br\/index.php?rest_route=\/wp\/v2\/users\/1"}],"replies":[{"embeddable":true,"href":"https:\/\/blogdobispo.com.br\/index.php?rest_route=%2Fwp%2Fv2%2Fcomments&post=4731"}],"version-history":[{"count":0,"href":"https:\/\/blogdobispo.com.br\/index.php?rest_route=\/wp\/v2\/posts\/4731\/revisions"}],"wp:attachment":[{"href":"https:\/\/blogdobispo.com.br\/index.php?rest_route=%2Fwp%2Fv2%2Fmedia&parent=4731"}],"wp:term":[{"taxonomy":"category","embeddable":true,"href":"https:\/\/blogdobispo.com.br\/index.php?rest_route=%2Fwp%2Fv2%2Fcategories&post=4731"},{"taxonomy":"post_tag","embeddable":true,"href":"https:\/\/blogdobispo.com.br\/index.php?rest_route=%2Fwp%2Fv2%2Ftags&post=4731"}],"curies":[{"name":"wp","href":"https:\/\/api.w.org\/{rel}","templated":true}]}}