{"id":4728,"date":"2025-03-01T12:23:54","date_gmt":"2025-03-01T12:23:54","guid":{"rendered":"https:\/\/blogdobispo.com.br\/?p=4728"},"modified":"2025-03-01T12:23:54","modified_gmt":"2025-03-01T12:23:54","slug":"carnaval-e-a-saude-das-pernas-como-evitar-inchaco-e-cansaco-durante-a-folia","status":"publish","type":"post","link":"https:\/\/blogdobispo.com.br\/?p=4728","title":{"rendered":"Carnaval e a Sa\u00fade das Pernas: Como Evitar Incha\u00e7o e Cansa\u00e7o Durante a Folia"},"content":{"rendered":"\n<figure class=\"wp-block-image size-large\"><img data-recalc-dims=\"1\" fetchpriority=\"high\" decoding=\"async\" width=\"800\" height=\"987\" src=\"https:\/\/i0.wp.com\/blogdobispo.com.br\/wp-content\/uploads\/2025\/03\/a3d3e75e-38b5-4509-8416-330b5f76e1e3-1-830x1024.jpg?resize=800%2C987&#038;ssl=1\" class=\"wp-image-4727\" srcset=\"https:\/\/i0.wp.com\/blogdobispo.com.br\/wp-content\/uploads\/2025\/03\/a3d3e75e-38b5-4509-8416-330b5f76e1e3-1.jpg?resize=830%2C1024&amp;ssl=1 830w, https:\/\/i0.wp.com\/blogdobispo.com.br\/wp-content\/uploads\/2025\/03\/a3d3e75e-38b5-4509-8416-330b5f76e1e3-1.jpg?resize=243%2C300&amp;ssl=1 243w, https:\/\/i0.wp.com\/blogdobispo.com.br\/wp-content\/uploads\/2025\/03\/a3d3e75e-38b5-4509-8416-330b5f76e1e3-1.jpg?resize=768%2C948&amp;ssl=1 768w, https:\/\/i0.wp.com\/blogdobispo.com.br\/wp-content\/uploads\/2025\/03\/a3d3e75e-38b5-4509-8416-330b5f76e1e3-1.jpg?resize=1245%2C1536&amp;ssl=1 1245w, https:\/\/i0.wp.com\/blogdobispo.com.br\/wp-content\/uploads\/2025\/03\/a3d3e75e-38b5-4509-8416-330b5f76e1e3-1.jpg?resize=1024%2C1264&amp;ssl=1 1024w, https:\/\/i0.wp.com\/blogdobispo.com.br\/wp-content\/uploads\/2025\/03\/a3d3e75e-38b5-4509-8416-330b5f76e1e3-1.jpg?w=1290&amp;ssl=1 1290w\" sizes=\"(max-width: 800px) 100vw, 800px\" \/><\/figure>\n\n\n\n<p><\/p>\n\n\n\n<p>O Carnaval \u00e9 um dos eventos mais aguardados do ano, mas tamb\u00e9m pode ser um desafio para a sa\u00fade vascular. O calor, o tempo prolongado em p\u00e9 e a hidrata\u00e7\u00e3o inadequada s\u00e3o fatores que contribuem para o incha\u00e7o e o desconforto, comprometendo o bem-estar dos foli\u00f5es. De acordo com a Sociedade Brasileira de Angiologia e Cirurgia Vascular (SBACV), queixas relacionadas a incha\u00e7o e dor nas pernas aumentam em at\u00e9 30% no ver\u00e3o, tornando o tema ainda mais relevante no per\u00edodo carnavalesco.<\/p>\n\n\n\n<p>A cirurgi\u00e3 vascular e angiologista Dra. Ilana Barros explica que esses sintomas podem ser evitados com cuidados simples, garantindo uma experi\u00eancia mais saud\u00e1vel e sem intercorr\u00eancias. \u201cO calor dilata os vasos sangu\u00edneos, e a perman\u00eancia prolongada em uma mesma posi\u00e7\u00e3o pode agravar a reten\u00e7\u00e3o de l\u00edquidos. Pequenas mudan\u00e7as de h\u00e1bito ajudam a minimizar esses efeitos\u201d, ressalta a especialista.<\/p>\n\n\n\n<p><em>Sinais de alerta<\/em><\/p>\n\n\n\n<p>Embora o incha\u00e7o seja comum, \u00e9 importante observar sinais que podem indicar algo mais s\u00e9rio. Dores intensas, vermelhid\u00e3o e endurecimento da perna podem ser sintomas de complica\u00e7\u00f5es vasculares, como a trombose venosa profunda, que exige aten\u00e7\u00e3o imediata. Segundo a Dra. Ilana Barros, cirurgi\u00e3 vascular, qualquer desconforto persistente deve ser avaliado por um especialista.<\/p>\n\n\n\n<p><em>Como prevenir o incha\u00e7o e o cansa\u00e7o nas pernas no Carnaval:<\/em><\/p>\n\n\n\n<p><em>Mantenha-se em movimento<\/em><br \/>Ficar parado por muito tempo prejudica a circula\u00e7\u00e3o. Sempre que poss\u00edvel, alterne entre dan\u00e7ar, caminhar e mudar de posi\u00e7\u00e3o para estimular o fluxo sangu\u00edneo.<\/p>\n\n\n\n<p><em>Hidrate-se bem<\/em><br \/>O consumo excessivo de \u00e1lcool pode desidratar o corpo e agravar o incha\u00e7o nas pernas. Para minimizar os efeitos, intercale as bebidas com \u00e1gua ou \u00e1gua de coco.<\/p>\n\n\n\n<p><em>Escolha cal\u00e7ados adequados<\/em><br \/>Os p\u00e9s sustentam o corpo durante a festa. Opte por t\u00eanis ou sand\u00e1lias confort\u00e1veis que ofere\u00e7am suporte e evitem dores e cansa\u00e7o excessivo.<\/p>\n\n\n\n<p><em>Use meias de compress\u00e3o ap\u00f3s a folia<\/em><br \/>Se as pernas estiverem pesadas, o uso de meias de compress\u00e3o pode melhorar a circula\u00e7\u00e3o e reduzir o incha\u00e7o.<\/p>\n\n\n\n<p><em>Descanse e recupere-se<\/em><br \/>Ap\u00f3s um dia intenso, elevar as pernas por alguns minutos ajuda a aliviar o cansa\u00e7o e melhora a circula\u00e7\u00e3o.<\/p>\n\n\n\n<p>Com essas orienta\u00e7\u00f5es, os foli\u00f5es podem curtir o Carnaval com mais disposi\u00e7\u00e3o e sem preju\u00edzo \u00e0 sa\u00fade vascular. A Dra. Ilana Barros refor\u00e7a que, ao menor sinal de desconforto persistente, \u00e9 essencial procurar um especialista em angiologia e cirurgia vascular.<\/p>\n\n\n\n<p><em>Sobre Dra. Ilana Barros:<\/em><br \/>Formada em Medicina pela Universidade Federal do Rio Grande do Norte (UFRN), com resid\u00eancia m\u00e9dica em Cirurgia Geral no Hospital Geral Roberto Santos, em Salvador-BA, e em Cirurgia Vascular no Hospital das Cl\u00ednicas da Universidade Federal de Pernambuco (UFPE). Especialista em Radiologia Intervencionista e Cirurgia Endovascular pela ANGIORAD, em Recife-PE, e p\u00f3s-graduada em Laser, Cosmiatria e Procedimentos no Hospital Israelita Albert Einstein, em S\u00e3o Paulo-SP.<\/p>\n\n\n\n<p><em>Para mais informa\u00e7\u00f5es e orienta\u00e7\u00f5es, acesse o Instagram:<\/em> @drailanabarros<\/p>\n","protected":false},"excerpt":{"rendered":"<p>O Carnaval \u00e9 um dos eventos mais aguardados do ano, mas tamb\u00e9m pode ser um desafio para a sa\u00fade vascular. O calor, o tempo prolongado em p\u00e9 e a hidrata\u00e7\u00e3o inadequada s\u00e3o fatores que contribuem para o incha\u00e7o e o desconforto, comprometendo o bem-estar dos foli\u00f5es. De acordo com a Sociedade Brasileira de Angiologia e [&hellip;]<\/p>\n","protected":false},"author":1,"featured_media":0,"comment_status":"open","ping_status":"open","sticky":false,"template":"","format":"standard","meta":{"cybocfi_hide_featured_image":"","_jetpack_memberships_contains_paid_content":false,"footnotes":""},"categories":[1],"tags":[],"class_list":["post-4728","post","type-post","status-publish","format-standard","hentry","category-diversos"],"yoast_head":"<!-- This site is optimized with the Yoast SEO plugin v25.6 - https:\/\/yoast.com\/wordpress\/plugins\/seo\/ -->\n<title>Carnaval e a Sa\u00fade das Pernas: Como Evitar Incha\u00e7o e Cansa\u00e7o Durante a Folia - Blog do Bispo<\/title>\n<meta name=\"robots\" content=\"index, follow, max-snippet:-1, max-image-preview:large, max-video-preview:-1\" \/>\n<link rel=\"canonical\" href=\"https:\/\/blogdobispo.com.br\/?p=4728\" \/>\n<meta property=\"og:locale\" content=\"pt_BR\" \/>\n<meta property=\"og:type\" content=\"article\" \/>\n<meta property=\"og:title\" content=\"Carnaval e a Sa\u00fade das Pernas: Como Evitar Incha\u00e7o e Cansa\u00e7o Durante a Folia - Blog do Bispo\" \/>\n<meta property=\"og:description\" content=\"O Carnaval \u00e9 um dos eventos mais aguardados do ano, mas tamb\u00e9m pode ser um desafio para a sa\u00fade vascular. O calor, o tempo prolongado em p\u00e9 e a hidrata\u00e7\u00e3o inadequada s\u00e3o fatores que contribuem para o incha\u00e7o e o desconforto, comprometendo o bem-estar dos foli\u00f5es. De acordo com a Sociedade Brasileira de Angiologia e [&hellip;]\" \/>\n<meta property=\"og:url\" content=\"https:\/\/blogdobispo.com.br\/?p=4728\" \/>\n<meta property=\"og:site_name\" content=\"Blog do Bispo\" \/>\n<meta property=\"article:published_time\" content=\"2025-03-01T12:23:54+00:00\" \/>\n<meta property=\"og:image\" content=\"https:\/\/blogdobispo.com.br\/wp-content\/uploads\/2025\/03\/a3d3e75e-38b5-4509-8416-330b5f76e1e3-1-830x1024.jpg\" \/>\n<meta name=\"author\" content=\"Jefferson Sterfeno\" \/>\n<meta name=\"twitter:card\" content=\"summary_large_image\" \/>\n<meta name=\"twitter:label1\" content=\"Escrito por\" \/>\n\t<meta name=\"twitter:data1\" content=\"Jefferson Sterfeno\" \/>\n\t<meta name=\"twitter:label2\" content=\"Est. tempo de leitura\" \/>\n\t<meta name=\"twitter:data2\" content=\"3 minutos\" \/>\n<script type=\"application\/ld+json\" class=\"yoast-schema-graph\">{\"@context\":\"https:\/\/schema.org\",\"@graph\":[{\"@type\":\"Article\",\"@id\":\"https:\/\/blogdobispo.com.br\/?p=4728#article\",\"isPartOf\":{\"@id\":\"https:\/\/blogdobispo.com.br\/?p=4728\"},\"author\":{\"name\":\"Jefferson Sterfeno\",\"@id\":\"https:\/\/blogdobispo.com.br\/#\/schema\/person\/e2209cc0e6cea5c5233d033e997b373f\"},\"headline\":\"Carnaval e a Sa\u00fade das Pernas: Como Evitar Incha\u00e7o e Cansa\u00e7o Durante a Folia\",\"datePublished\":\"2025-03-01T12:23:54+00:00\",\"mainEntityOfPage\":{\"@id\":\"https:\/\/blogdobispo.com.br\/?p=4728\"},\"wordCount\":527,\"commentCount\":0,\"publisher\":{\"@id\":\"https:\/\/blogdobispo.com.br\/#organization\"},\"image\":{\"@id\":\"https:\/\/blogdobispo.com.br\/?p=4728#primaryimage\"},\"thumbnailUrl\":\"https:\/\/blogdobispo.com.br\/wp-content\/uploads\/2025\/03\/a3d3e75e-38b5-4509-8416-330b5f76e1e3-1-830x1024.jpg\",\"articleSection\":[\"diversos\"],\"inLanguage\":\"pt-BR\",\"potentialAction\":[{\"@type\":\"CommentAction\",\"name\":\"Comment\",\"target\":[\"https:\/\/blogdobispo.com.br\/?p=4728#respond\"]}]},{\"@type\":\"WebPage\",\"@id\":\"https:\/\/blogdobispo.com.br\/?p=4728\",\"url\":\"https:\/\/blogdobispo.com.br\/?p=4728\",\"name\":\"Carnaval e a Sa\u00fade das Pernas: Como Evitar Incha\u00e7o e Cansa\u00e7o Durante a Folia - Blog do Bispo\",\"isPartOf\":{\"@id\":\"https:\/\/blogdobispo.com.br\/#website\"},\"primaryImageOfPage\":{\"@id\":\"https:\/\/blogdobispo.com.br\/?p=4728#primaryimage\"},\"image\":{\"@id\":\"https:\/\/blogdobispo.com.br\/?p=4728#primaryimage\"},\"thumbnailUrl\":\"https:\/\/blogdobispo.com.br\/wp-content\/uploads\/2025\/03\/a3d3e75e-38b5-4509-8416-330b5f76e1e3-1-830x1024.jpg\",\"datePublished\":\"2025-03-01T12:23:54+00:00\",\"breadcrumb\":{\"@id\":\"https:\/\/blogdobispo.com.br\/?p=4728#breadcrumb\"},\"inLanguage\":\"pt-BR\",\"potentialAction\":[{\"@type\":\"ReadAction\",\"target\":[\"https:\/\/blogdobispo.com.br\/?p=4728\"]}]},{\"@type\":\"ImageObject\",\"inLanguage\":\"pt-BR\",\"@id\":\"https:\/\/blogdobispo.com.br\/?p=4728#primaryimage\",\"url\":\"https:\/\/blogdobispo.com.br\/wp-content\/uploads\/2025\/03\/a3d3e75e-38b5-4509-8416-330b5f76e1e3-1-830x1024.jpg\",\"contentUrl\":\"https:\/\/blogdobispo.com.br\/wp-content\/uploads\/2025\/03\/a3d3e75e-38b5-4509-8416-330b5f76e1e3-1-830x1024.jpg\"},{\"@type\":\"BreadcrumbList\",\"@id\":\"https:\/\/blogdobispo.com.br\/?p=4728#breadcrumb\",\"itemListElement\":[{\"@type\":\"ListItem\",\"position\":1,\"name\":\"In\u00edcio\",\"item\":\"https:\/\/blogdobispo.com.br\/\"},{\"@type\":\"ListItem\",\"position\":2,\"name\":\"Carnaval e a Sa\u00fade das Pernas: Como Evitar Incha\u00e7o e Cansa\u00e7o Durante a Folia\"}]},{\"@type\":\"WebSite\",\"@id\":\"https:\/\/blogdobispo.com.br\/#website\",\"url\":\"https:\/\/blogdobispo.com.br\/\",\"name\":\"Blog do Bispo\",\"description\":\"Comprometido apenas com o leitor\",\"publisher\":{\"@id\":\"https:\/\/blogdobispo.com.br\/#organization\"},\"potentialAction\":[{\"@type\":\"SearchAction\",\"target\":{\"@type\":\"EntryPoint\",\"urlTemplate\":\"https:\/\/blogdobispo.com.br\/?s={search_term_string}\"},\"query-input\":{\"@type\":\"PropertyValueSpecification\",\"valueRequired\":true,\"valueName\":\"search_term_string\"}}],\"inLanguage\":\"pt-BR\"},{\"@type\":\"Organization\",\"@id\":\"https:\/\/blogdobispo.com.br\/#organization\",\"name\":\"Blog do Bispo\",\"url\":\"https:\/\/blogdobispo.com.br\/\",\"logo\":{\"@type\":\"ImageObject\",\"inLanguage\":\"pt-BR\",\"@id\":\"https:\/\/blogdobispo.com.br\/#\/schema\/logo\/image\/\",\"url\":\"http:\/\/blogdobispo.com.br\/wp-content\/uploads\/2023\/05\/cropped-headear.png\",\"contentUrl\":\"http:\/\/blogdobispo.com.br\/wp-content\/uploads\/2023\/05\/cropped-headear.png\",\"width\":1500,\"height\":399,\"caption\":\"Blog do Bispo\"},\"image\":{\"@id\":\"https:\/\/blogdobispo.com.br\/#\/schema\/logo\/image\/\"}},{\"@type\":\"Person\",\"@id\":\"https:\/\/blogdobispo.com.br\/#\/schema\/person\/e2209cc0e6cea5c5233d033e997b373f\",\"name\":\"Jefferson Sterfeno\",\"image\":{\"@type\":\"ImageObject\",\"inLanguage\":\"pt-BR\",\"@id\":\"https:\/\/blogdobispo.com.br\/#\/schema\/person\/image\/\",\"url\":\"https:\/\/secure.gravatar.com\/avatar\/0534e84764641168a677026b6d57a3f51dc7ac4db0b4f6186d9cb330d4ee1160?s=96&d=mm&r=g\",\"contentUrl\":\"https:\/\/secure.gravatar.com\/avatar\/0534e84764641168a677026b6d57a3f51dc7ac4db0b4f6186d9cb330d4ee1160?s=96&d=mm&r=g\",\"caption\":\"Jefferson Sterfeno\"},\"sameAs\":[\"http:\/\/blogdobispo.com.br\"],\"url\":\"https:\/\/blogdobispo.com.br\/?author=1\"}]}<\/script>\n<!-- \/ Yoast SEO plugin. -->","yoast_head_json":{"title":"Carnaval e a Sa\u00fade das Pernas: Como Evitar Incha\u00e7o e Cansa\u00e7o Durante a Folia - Blog do Bispo","robots":{"index":"index","follow":"follow","max-snippet":"max-snippet:-1","max-image-preview":"max-image-preview:large","max-video-preview":"max-video-preview:-1"},"canonical":"https:\/\/blogdobispo.com.br\/?p=4728","og_locale":"pt_BR","og_type":"article","og_title":"Carnaval e a Sa\u00fade das Pernas: Como Evitar Incha\u00e7o e Cansa\u00e7o Durante a Folia - Blog do Bispo","og_description":"O Carnaval \u00e9 um dos eventos mais aguardados do ano, mas tamb\u00e9m pode ser um desafio para a sa\u00fade vascular. O calor, o tempo prolongado em p\u00e9 e a hidrata\u00e7\u00e3o inadequada s\u00e3o fatores que contribuem para o incha\u00e7o e o desconforto, comprometendo o bem-estar dos foli\u00f5es. De acordo com a Sociedade Brasileira de Angiologia e [&hellip;]","og_url":"https:\/\/blogdobispo.com.br\/?p=4728","og_site_name":"Blog do Bispo","article_published_time":"2025-03-01T12:23:54+00:00","og_image":[{"url":"https:\/\/blogdobispo.com.br\/wp-content\/uploads\/2025\/03\/a3d3e75e-38b5-4509-8416-330b5f76e1e3-1-830x1024.jpg","type":"","width":"","height":""}],"author":"Jefferson Sterfeno","twitter_card":"summary_large_image","twitter_misc":{"Escrito por":"Jefferson Sterfeno","Est. tempo de leitura":"3 minutos"},"schema":{"@context":"https:\/\/schema.org","@graph":[{"@type":"Article","@id":"https:\/\/blogdobispo.com.br\/?p=4728#article","isPartOf":{"@id":"https:\/\/blogdobispo.com.br\/?p=4728"},"author":{"name":"Jefferson Sterfeno","@id":"https:\/\/blogdobispo.com.br\/#\/schema\/person\/e2209cc0e6cea5c5233d033e997b373f"},"headline":"Carnaval e a Sa\u00fade das Pernas: Como Evitar Incha\u00e7o e Cansa\u00e7o Durante a Folia","datePublished":"2025-03-01T12:23:54+00:00","mainEntityOfPage":{"@id":"https:\/\/blogdobispo.com.br\/?p=4728"},"wordCount":527,"commentCount":0,"publisher":{"@id":"https:\/\/blogdobispo.com.br\/#organization"},"image":{"@id":"https:\/\/blogdobispo.com.br\/?p=4728#primaryimage"},"thumbnailUrl":"https:\/\/blogdobispo.com.br\/wp-content\/uploads\/2025\/03\/a3d3e75e-38b5-4509-8416-330b5f76e1e3-1-830x1024.jpg","articleSection":["diversos"],"inLanguage":"pt-BR","potentialAction":[{"@type":"CommentAction","name":"Comment","target":["https:\/\/blogdobispo.com.br\/?p=4728#respond"]}]},{"@type":"WebPage","@id":"https:\/\/blogdobispo.com.br\/?p=4728","url":"https:\/\/blogdobispo.com.br\/?p=4728","name":"Carnaval e a Sa\u00fade das Pernas: Como Evitar Incha\u00e7o e Cansa\u00e7o Durante a Folia - Blog do Bispo","isPartOf":{"@id":"https:\/\/blogdobispo.com.br\/#website"},"primaryImageOfPage":{"@id":"https:\/\/blogdobispo.com.br\/?p=4728#primaryimage"},"image":{"@id":"https:\/\/blogdobispo.com.br\/?p=4728#primaryimage"},"thumbnailUrl":"https:\/\/blogdobispo.com.br\/wp-content\/uploads\/2025\/03\/a3d3e75e-38b5-4509-8416-330b5f76e1e3-1-830x1024.jpg","datePublished":"2025-03-01T12:23:54+00:00","breadcrumb":{"@id":"https:\/\/blogdobispo.com.br\/?p=4728#breadcrumb"},"inLanguage":"pt-BR","potentialAction":[{"@type":"ReadAction","target":["https:\/\/blogdobispo.com.br\/?p=4728"]}]},{"@type":"ImageObject","inLanguage":"pt-BR","@id":"https:\/\/blogdobispo.com.br\/?p=4728#primaryimage","url":"https:\/\/blogdobispo.com.br\/wp-content\/uploads\/2025\/03\/a3d3e75e-38b5-4509-8416-330b5f76e1e3-1-830x1024.jpg","contentUrl":"https:\/\/blogdobispo.com.br\/wp-content\/uploads\/2025\/03\/a3d3e75e-38b5-4509-8416-330b5f76e1e3-1-830x1024.jpg"},{"@type":"BreadcrumbList","@id":"https:\/\/blogdobispo.com.br\/?p=4728#breadcrumb","itemListElement":[{"@type":"ListItem","position":1,"name":"In\u00edcio","item":"https:\/\/blogdobispo.com.br\/"},{"@type":"ListItem","position":2,"name":"Carnaval e a Sa\u00fade das Pernas: Como Evitar Incha\u00e7o e Cansa\u00e7o Durante a Folia"}]},{"@type":"WebSite","@id":"https:\/\/blogdobispo.com.br\/#website","url":"https:\/\/blogdobispo.com.br\/","name":"Blog do Bispo","description":"Comprometido apenas com o leitor","publisher":{"@id":"https:\/\/blogdobispo.com.br\/#organization"},"potentialAction":[{"@type":"SearchAction","target":{"@type":"EntryPoint","urlTemplate":"https:\/\/blogdobispo.com.br\/?s={search_term_string}"},"query-input":{"@type":"PropertyValueSpecification","valueRequired":true,"valueName":"search_term_string"}}],"inLanguage":"pt-BR"},{"@type":"Organization","@id":"https:\/\/blogdobispo.com.br\/#organization","name":"Blog do Bispo","url":"https:\/\/blogdobispo.com.br\/","logo":{"@type":"ImageObject","inLanguage":"pt-BR","@id":"https:\/\/blogdobispo.com.br\/#\/schema\/logo\/image\/","url":"http:\/\/blogdobispo.com.br\/wp-content\/uploads\/2023\/05\/cropped-headear.png","contentUrl":"http:\/\/blogdobispo.com.br\/wp-content\/uploads\/2023\/05\/cropped-headear.png","width":1500,"height":399,"caption":"Blog do Bispo"},"image":{"@id":"https:\/\/blogdobispo.com.br\/#\/schema\/logo\/image\/"}},{"@type":"Person","@id":"https:\/\/blogdobispo.com.br\/#\/schema\/person\/e2209cc0e6cea5c5233d033e997b373f","name":"Jefferson Sterfeno","image":{"@type":"ImageObject","inLanguage":"pt-BR","@id":"https:\/\/blogdobispo.com.br\/#\/schema\/person\/image\/","url":"https:\/\/secure.gravatar.com\/avatar\/0534e84764641168a677026b6d57a3f51dc7ac4db0b4f6186d9cb330d4ee1160?s=96&d=mm&r=g","contentUrl":"https:\/\/secure.gravatar.com\/avatar\/0534e84764641168a677026b6d57a3f51dc7ac4db0b4f6186d9cb330d4ee1160?s=96&d=mm&r=g","caption":"Jefferson Sterfeno"},"sameAs":["http:\/\/blogdobispo.com.br"],"url":"https:\/\/blogdobispo.com.br\/?author=1"}]}},"featured_image_urls":{"full":"","thumbnail":"","medium":"","medium_large":"","large":"","1536x1536":"","2048x2048":""},"author_info":{"display_name":"Jefferson Sterfeno","author_link":"https:\/\/blogdobispo.com.br\/?author=1"},"category_info":"<a href=\"https:\/\/blogdobispo.com.br\/?cat=1\" rel=\"category\">diversos<\/a>","tag_info":"diversos","comment_count":"0","jetpack_featured_media_url":"","jetpack_sharing_enabled":true,"_links":{"self":[{"href":"https:\/\/blogdobispo.com.br\/index.php?rest_route=\/wp\/v2\/posts\/4728","targetHints":{"allow":["GET"]}}],"collection":[{"href":"https:\/\/blogdobispo.com.br\/index.php?rest_route=\/wp\/v2\/posts"}],"about":[{"href":"https:\/\/blogdobispo.com.br\/index.php?rest_route=\/wp\/v2\/types\/post"}],"author":[{"embeddable":true,"href":"https:\/\/blogdobispo.com.br\/index.php?rest_route=\/wp\/v2\/users\/1"}],"replies":[{"embeddable":true,"href":"https:\/\/blogdobispo.com.br\/index.php?rest_route=%2Fwp%2Fv2%2Fcomments&post=4728"}],"version-history":[{"count":0,"href":"https:\/\/blogdobispo.com.br\/index.php?rest_route=\/wp\/v2\/posts\/4728\/revisions"}],"wp:attachment":[{"href":"https:\/\/blogdobispo.com.br\/index.php?rest_route=%2Fwp%2Fv2%2Fmedia&parent=4728"}],"wp:term":[{"taxonomy":"category","embeddable":true,"href":"https:\/\/blogdobispo.com.br\/index.php?rest_route=%2Fwp%2Fv2%2Fcategories&post=4728"},{"taxonomy":"post_tag","embeddable":true,"href":"https:\/\/blogdobispo.com.br\/index.php?rest_route=%2Fwp%2Fv2%2Ftags&post=4728"}],"curies":[{"name":"wp","href":"https:\/\/api.w.org\/{rel}","templated":true}]}}