{"id":4720,"date":"2025-02-27T12:57:48","date_gmt":"2025-02-27T12:57:48","guid":{"rendered":"https:\/\/blogdobispo.com.br\/?p=4720"},"modified":"2025-02-27T15:03:19","modified_gmt":"2025-02-27T15:03:19","slug":"eribaldo-medeiros-cobra-regulacao-para-a-implantacao-de-parques-eolicos","status":"publish","type":"post","link":"https:\/\/blogdobispo.com.br\/?p=4720","title":{"rendered":"Eribaldo Medeiros cobra debate para a implanta\u00e7\u00e3o de parques e\u00f3licos e preserva\u00e7\u00e3o de animais silvestres"},"content":{"rendered":"\n<figure class=\"wp-block-image size-large\"><img data-recalc-dims=\"1\" fetchpriority=\"high\" decoding=\"async\" width=\"683\" height=\"449\" src=\"https:\/\/i0.wp.com\/blogdobispo.com.br\/wp-content\/uploads\/2025\/02\/img_3044-1.jpg?resize=683%2C449&#038;ssl=1\" alt=\"\" class=\"wp-image-4719\" srcset=\"https:\/\/i0.wp.com\/blogdobispo.com.br\/wp-content\/uploads\/2025\/02\/img_3044-1.jpg?w=683&amp;ssl=1 683w, https:\/\/i0.wp.com\/blogdobispo.com.br\/wp-content\/uploads\/2025\/02\/img_3044-1.jpg?resize=300%2C197&amp;ssl=1 300w\" sizes=\"(max-width: 683px) 100vw, 683px\" \/><\/figure>\n\n\n\n<p class=\"p1\">Com a energia e\u00f3lica os animais silvestres est\u00e3o mudando o comportamento de diversas maneiras.  <\/p>\n\n\n\n<p>No que se refere ao ru\u00eddo, movimento das h\u00e9lices e sinalizadores. Impactando o momento da revoada dos p\u00e1ssaros e modificando a produ\u00e7\u00e3o de leite de vacas, o debate est\u00e1 sendo feito em Pernambuco, onde v\u00e1rias universidades est\u00e3o estudando os casos. No RN o vereador Eribaldo Medeiros tamb\u00e9m sugeriu o debate do assunto, j\u00e1 que o Estado \u00e9 o maior gerador de energia \u00c9olica do Pa\u00eds.  <\/p>\n\n\n\n<p class=\"p1\">Dependendo da localiza\u00e7\u00e3o e do design dos parques e\u00f3licos. Aqui est\u00e3o alguns dos principais impactos observados:<\/p>\n\n\n\n<p class=\"p3\">Impactos nos Animais Silvestres<\/p>\n\n\n\n<p class=\"p4\">1. Aves e Morcegos<\/p>\n\n\n\n<p class=\"p5\">\u2022 As turbinas e\u00f3licas podem causar colis\u00f5es fatais, especialmente para aves de rapina e morcegos, que voam em altitudes compat\u00edveis com as p\u00e1s das turbinas.<\/p>\n\n\n\n<p class=\"p5\">\u2022 Os morcegos podem ser afetados por barotrauma, um dano interno causado pela mudan\u00e7a brusca de press\u00e3o ao redor das p\u00e1s.<\/p>\n\n\n\n<p class=\"p4\">2. Mam\u00edferos Terrestres<\/p>\n\n\n\n<p class=\"p5\">\u2022 Alguns estudos indicam que mam\u00edferos como cervos e raposas evitam \u00e1reas pr\u00f3ximas a parques e\u00f3licos devido ao barulho das turbinas e \u00e0s mudan\u00e7as no habitat.<\/p>\n\n\n\n<p class=\"p5\">\u2022 Outros estudos mostram que algumas esp\u00e9cies se adaptam e continuam usando a \u00e1rea normalmente.<\/p>\n\n\n\n<p class=\"p4\">3. Pequenos Animais e Insetos<\/p>\n\n\n\n<p class=\"p5\">\u2022 Mudan\u00e7as na vegeta\u00e7\u00e3o e no microclima ao redor das turbinas podem alterar a disponibilidade de abrigo e alimento para pequenos mam\u00edferos, r\u00e9pteis e insetos.<\/p>\n\n\n\n<p class=\"p5\">\u2022 Algumas pesquisas sugerem que os insetos podem ser atra\u00eddos pelas turbinas, o que pode afetar cadeias alimentares locais.<\/p>\n\n\n\n<p class=\"p4\">4. Impactos no Ecossistema<\/p>\n\n\n\n<p class=\"p5\">\u2022 A morte de predadores a\u00e9reos (como \u00e1guias e falc\u00f5es) pode causar um aumento na popula\u00e7\u00e3o de suas presas, alterando o equil\u00edbrio ecol\u00f3gico.<\/p>\n\n\n\n<p class=\"p5\">\u2022 A fragmenta\u00e7\u00e3o de habitats pode dificultar o deslocamento de algumas esp\u00e9cies, afetando sua sobreviv\u00eancia e reprodu\u00e7\u00e3o.<\/p>\n\n\n\n<p class=\"p3\">**Mitiga\u00e7\u00e3o de Impactos<\/p>\n\n\n\n<p>O vereador Eribaldo Medeiros falou da import\u00e2ncia de se criar pol\u00edticas p\u00fablicas para a preserva\u00e7\u00e3o de animais silvestres pr\u00f3ximos aos Parques E\u00f3licos.<\/p>\n\n\n\n<p class=\"p1\">Portanto, \u00e9 essencial que projetos de energia e\u00f3lica sejam planejados e executados com responsabilidade socioambiental, garantindo a participa\u00e7\u00e3o das comunidades locais no processo decis\u00f3rio e minimizando os impactos adversos ao meio ambiente e \u00e0s popula\u00e7\u00f5es envolvidas.<\/p>\n","protected":false},"excerpt":{"rendered":"<p>Com a energia e\u00f3lica os animais silvestres est\u00e3o mudando o comportamento de diversas maneiras. No que se refere ao ru\u00eddo, movimento das h\u00e9lices e sinalizadores. Impactando o momento da revoada dos p\u00e1ssaros e modificando a produ\u00e7\u00e3o de leite de vacas, o debate est\u00e1 sendo feito em Pernambuco, onde v\u00e1rias universidades est\u00e3o estudando os casos. No [&hellip;]<\/p>\n","protected":false},"author":1,"featured_media":0,"comment_status":"open","ping_status":"open","sticky":false,"template":"","format":"standard","meta":{"cybocfi_hide_featured_image":"","_jetpack_memberships_contains_paid_content":false,"footnotes":""},"categories":[1],"tags":[],"class_list":["post-4720","post","type-post","status-publish","format-standard","hentry","category-diversos"],"yoast_head":"<!-- This site is optimized with the Yoast SEO plugin v25.6 - https:\/\/yoast.com\/wordpress\/plugins\/seo\/ -->\n<title>Eribaldo Medeiros cobra debate para a implanta\u00e7\u00e3o de parques e\u00f3licos e preserva\u00e7\u00e3o de animais silvestres - Blog do Bispo<\/title>\n<meta name=\"robots\" content=\"index, follow, max-snippet:-1, max-image-preview:large, max-video-preview:-1\" \/>\n<link rel=\"canonical\" href=\"https:\/\/blogdobispo.com.br\/?p=4720\" \/>\n<meta property=\"og:locale\" content=\"pt_BR\" \/>\n<meta property=\"og:type\" content=\"article\" \/>\n<meta property=\"og:title\" content=\"Eribaldo Medeiros cobra debate para a implanta\u00e7\u00e3o de parques e\u00f3licos e preserva\u00e7\u00e3o de animais silvestres - Blog do Bispo\" \/>\n<meta property=\"og:description\" content=\"Com a energia e\u00f3lica os animais silvestres est\u00e3o mudando o comportamento de diversas maneiras. No que se refere ao ru\u00eddo, movimento das h\u00e9lices e sinalizadores. Impactando o momento da revoada dos p\u00e1ssaros e modificando a produ\u00e7\u00e3o de leite de vacas, o debate est\u00e1 sendo feito em Pernambuco, onde v\u00e1rias universidades est\u00e3o estudando os casos. No [&hellip;]\" \/>\n<meta property=\"og:url\" content=\"https:\/\/blogdobispo.com.br\/?p=4720\" \/>\n<meta property=\"og:site_name\" content=\"Blog do Bispo\" \/>\n<meta property=\"article:published_time\" content=\"2025-02-27T12:57:48+00:00\" \/>\n<meta property=\"article:modified_time\" content=\"2025-02-27T15:03:19+00:00\" \/>\n<meta property=\"og:image\" content=\"https:\/\/blogdobispo.com.br\/wp-content\/uploads\/2025\/02\/img_3044-1.jpg\" \/>\n<meta name=\"author\" content=\"Jefferson Sterfeno\" \/>\n<meta name=\"twitter:card\" content=\"summary_large_image\" \/>\n<meta name=\"twitter:label1\" content=\"Escrito por\" \/>\n\t<meta name=\"twitter:data1\" content=\"Jefferson Sterfeno\" \/>\n\t<meta name=\"twitter:label2\" content=\"Est. tempo de leitura\" \/>\n\t<meta name=\"twitter:data2\" content=\"2 minutos\" \/>\n<script type=\"application\/ld+json\" class=\"yoast-schema-graph\">{\"@context\":\"https:\/\/schema.org\",\"@graph\":[{\"@type\":\"Article\",\"@id\":\"https:\/\/blogdobispo.com.br\/?p=4720#article\",\"isPartOf\":{\"@id\":\"https:\/\/blogdobispo.com.br\/?p=4720\"},\"author\":{\"name\":\"Jefferson Sterfeno\",\"@id\":\"https:\/\/blogdobispo.com.br\/#\/schema\/person\/e2209cc0e6cea5c5233d033e997b373f\"},\"headline\":\"Eribaldo Medeiros cobra debate para a implanta\u00e7\u00e3o de parques e\u00f3licos e preserva\u00e7\u00e3o de animais silvestres\",\"datePublished\":\"2025-02-27T12:57:48+00:00\",\"dateModified\":\"2025-02-27T15:03:19+00:00\",\"mainEntityOfPage\":{\"@id\":\"https:\/\/blogdobispo.com.br\/?p=4720\"},\"wordCount\":402,\"commentCount\":0,\"publisher\":{\"@id\":\"https:\/\/blogdobispo.com.br\/#organization\"},\"image\":{\"@id\":\"https:\/\/blogdobispo.com.br\/?p=4720#primaryimage\"},\"thumbnailUrl\":\"https:\/\/blogdobispo.com.br\/wp-content\/uploads\/2025\/02\/img_3044-1.jpg\",\"articleSection\":[\"diversos\"],\"inLanguage\":\"pt-BR\",\"potentialAction\":[{\"@type\":\"CommentAction\",\"name\":\"Comment\",\"target\":[\"https:\/\/blogdobispo.com.br\/?p=4720#respond\"]}]},{\"@type\":\"WebPage\",\"@id\":\"https:\/\/blogdobispo.com.br\/?p=4720\",\"url\":\"https:\/\/blogdobispo.com.br\/?p=4720\",\"name\":\"Eribaldo Medeiros cobra debate para a implanta\u00e7\u00e3o de parques e\u00f3licos e preserva\u00e7\u00e3o de animais silvestres - Blog do Bispo\",\"isPartOf\":{\"@id\":\"https:\/\/blogdobispo.com.br\/#website\"},\"primaryImageOfPage\":{\"@id\":\"https:\/\/blogdobispo.com.br\/?p=4720#primaryimage\"},\"image\":{\"@id\":\"https:\/\/blogdobispo.com.br\/?p=4720#primaryimage\"},\"thumbnailUrl\":\"https:\/\/blogdobispo.com.br\/wp-content\/uploads\/2025\/02\/img_3044-1.jpg\",\"datePublished\":\"2025-02-27T12:57:48+00:00\",\"dateModified\":\"2025-02-27T15:03:19+00:00\",\"breadcrumb\":{\"@id\":\"https:\/\/blogdobispo.com.br\/?p=4720#breadcrumb\"},\"inLanguage\":\"pt-BR\",\"potentialAction\":[{\"@type\":\"ReadAction\",\"target\":[\"https:\/\/blogdobispo.com.br\/?p=4720\"]}]},{\"@type\":\"ImageObject\",\"inLanguage\":\"pt-BR\",\"@id\":\"https:\/\/blogdobispo.com.br\/?p=4720#primaryimage\",\"url\":\"https:\/\/blogdobispo.com.br\/wp-content\/uploads\/2025\/02\/img_3044-1.jpg\",\"contentUrl\":\"https:\/\/blogdobispo.com.br\/wp-content\/uploads\/2025\/02\/img_3044-1.jpg\"},{\"@type\":\"BreadcrumbList\",\"@id\":\"https:\/\/blogdobispo.com.br\/?p=4720#breadcrumb\",\"itemListElement\":[{\"@type\":\"ListItem\",\"position\":1,\"name\":\"In\u00edcio\",\"item\":\"https:\/\/blogdobispo.com.br\/\"},{\"@type\":\"ListItem\",\"position\":2,\"name\":\"Eribaldo Medeiros cobra debate para a implanta\u00e7\u00e3o de parques e\u00f3licos e preserva\u00e7\u00e3o de animais silvestres\"}]},{\"@type\":\"WebSite\",\"@id\":\"https:\/\/blogdobispo.com.br\/#website\",\"url\":\"https:\/\/blogdobispo.com.br\/\",\"name\":\"Blog do Bispo\",\"description\":\"Comprometido apenas com o leitor\",\"publisher\":{\"@id\":\"https:\/\/blogdobispo.com.br\/#organization\"},\"potentialAction\":[{\"@type\":\"SearchAction\",\"target\":{\"@type\":\"EntryPoint\",\"urlTemplate\":\"https:\/\/blogdobispo.com.br\/?s={search_term_string}\"},\"query-input\":{\"@type\":\"PropertyValueSpecification\",\"valueRequired\":true,\"valueName\":\"search_term_string\"}}],\"inLanguage\":\"pt-BR\"},{\"@type\":\"Organization\",\"@id\":\"https:\/\/blogdobispo.com.br\/#organization\",\"name\":\"Blog do Bispo\",\"url\":\"https:\/\/blogdobispo.com.br\/\",\"logo\":{\"@type\":\"ImageObject\",\"inLanguage\":\"pt-BR\",\"@id\":\"https:\/\/blogdobispo.com.br\/#\/schema\/logo\/image\/\",\"url\":\"http:\/\/blogdobispo.com.br\/wp-content\/uploads\/2023\/05\/cropped-headear.png\",\"contentUrl\":\"http:\/\/blogdobispo.com.br\/wp-content\/uploads\/2023\/05\/cropped-headear.png\",\"width\":1500,\"height\":399,\"caption\":\"Blog do Bispo\"},\"image\":{\"@id\":\"https:\/\/blogdobispo.com.br\/#\/schema\/logo\/image\/\"}},{\"@type\":\"Person\",\"@id\":\"https:\/\/blogdobispo.com.br\/#\/schema\/person\/e2209cc0e6cea5c5233d033e997b373f\",\"name\":\"Jefferson Sterfeno\",\"image\":{\"@type\":\"ImageObject\",\"inLanguage\":\"pt-BR\",\"@id\":\"https:\/\/blogdobispo.com.br\/#\/schema\/person\/image\/\",\"url\":\"https:\/\/secure.gravatar.com\/avatar\/0534e84764641168a677026b6d57a3f51dc7ac4db0b4f6186d9cb330d4ee1160?s=96&d=mm&r=g\",\"contentUrl\":\"https:\/\/secure.gravatar.com\/avatar\/0534e84764641168a677026b6d57a3f51dc7ac4db0b4f6186d9cb330d4ee1160?s=96&d=mm&r=g\",\"caption\":\"Jefferson Sterfeno\"},\"sameAs\":[\"http:\/\/blogdobispo.com.br\"],\"url\":\"https:\/\/blogdobispo.com.br\/?author=1\"}]}<\/script>\n<!-- \/ Yoast SEO plugin. -->","yoast_head_json":{"title":"Eribaldo Medeiros cobra debate para a implanta\u00e7\u00e3o de parques e\u00f3licos e preserva\u00e7\u00e3o de animais silvestres - Blog do Bispo","robots":{"index":"index","follow":"follow","max-snippet":"max-snippet:-1","max-image-preview":"max-image-preview:large","max-video-preview":"max-video-preview:-1"},"canonical":"https:\/\/blogdobispo.com.br\/?p=4720","og_locale":"pt_BR","og_type":"article","og_title":"Eribaldo Medeiros cobra debate para a implanta\u00e7\u00e3o de parques e\u00f3licos e preserva\u00e7\u00e3o de animais silvestres - Blog do Bispo","og_description":"Com a energia e\u00f3lica os animais silvestres est\u00e3o mudando o comportamento de diversas maneiras. No que se refere ao ru\u00eddo, movimento das h\u00e9lices e sinalizadores. Impactando o momento da revoada dos p\u00e1ssaros e modificando a produ\u00e7\u00e3o de leite de vacas, o debate est\u00e1 sendo feito em Pernambuco, onde v\u00e1rias universidades est\u00e3o estudando os casos. No [&hellip;]","og_url":"https:\/\/blogdobispo.com.br\/?p=4720","og_site_name":"Blog do Bispo","article_published_time":"2025-02-27T12:57:48+00:00","article_modified_time":"2025-02-27T15:03:19+00:00","og_image":[{"url":"https:\/\/blogdobispo.com.br\/wp-content\/uploads\/2025\/02\/img_3044-1.jpg","type":"","width":"","height":""}],"author":"Jefferson Sterfeno","twitter_card":"summary_large_image","twitter_misc":{"Escrito por":"Jefferson Sterfeno","Est. tempo de leitura":"2 minutos"},"schema":{"@context":"https:\/\/schema.org","@graph":[{"@type":"Article","@id":"https:\/\/blogdobispo.com.br\/?p=4720#article","isPartOf":{"@id":"https:\/\/blogdobispo.com.br\/?p=4720"},"author":{"name":"Jefferson Sterfeno","@id":"https:\/\/blogdobispo.com.br\/#\/schema\/person\/e2209cc0e6cea5c5233d033e997b373f"},"headline":"Eribaldo Medeiros cobra debate para a implanta\u00e7\u00e3o de parques e\u00f3licos e preserva\u00e7\u00e3o de animais silvestres","datePublished":"2025-02-27T12:57:48+00:00","dateModified":"2025-02-27T15:03:19+00:00","mainEntityOfPage":{"@id":"https:\/\/blogdobispo.com.br\/?p=4720"},"wordCount":402,"commentCount":0,"publisher":{"@id":"https:\/\/blogdobispo.com.br\/#organization"},"image":{"@id":"https:\/\/blogdobispo.com.br\/?p=4720#primaryimage"},"thumbnailUrl":"https:\/\/blogdobispo.com.br\/wp-content\/uploads\/2025\/02\/img_3044-1.jpg","articleSection":["diversos"],"inLanguage":"pt-BR","potentialAction":[{"@type":"CommentAction","name":"Comment","target":["https:\/\/blogdobispo.com.br\/?p=4720#respond"]}]},{"@type":"WebPage","@id":"https:\/\/blogdobispo.com.br\/?p=4720","url":"https:\/\/blogdobispo.com.br\/?p=4720","name":"Eribaldo Medeiros cobra debate para a implanta\u00e7\u00e3o de parques e\u00f3licos e preserva\u00e7\u00e3o de animais silvestres - Blog do Bispo","isPartOf":{"@id":"https:\/\/blogdobispo.com.br\/#website"},"primaryImageOfPage":{"@id":"https:\/\/blogdobispo.com.br\/?p=4720#primaryimage"},"image":{"@id":"https:\/\/blogdobispo.com.br\/?p=4720#primaryimage"},"thumbnailUrl":"https:\/\/blogdobispo.com.br\/wp-content\/uploads\/2025\/02\/img_3044-1.jpg","datePublished":"2025-02-27T12:57:48+00:00","dateModified":"2025-02-27T15:03:19+00:00","breadcrumb":{"@id":"https:\/\/blogdobispo.com.br\/?p=4720#breadcrumb"},"inLanguage":"pt-BR","potentialAction":[{"@type":"ReadAction","target":["https:\/\/blogdobispo.com.br\/?p=4720"]}]},{"@type":"ImageObject","inLanguage":"pt-BR","@id":"https:\/\/blogdobispo.com.br\/?p=4720#primaryimage","url":"https:\/\/blogdobispo.com.br\/wp-content\/uploads\/2025\/02\/img_3044-1.jpg","contentUrl":"https:\/\/blogdobispo.com.br\/wp-content\/uploads\/2025\/02\/img_3044-1.jpg"},{"@type":"BreadcrumbList","@id":"https:\/\/blogdobispo.com.br\/?p=4720#breadcrumb","itemListElement":[{"@type":"ListItem","position":1,"name":"In\u00edcio","item":"https:\/\/blogdobispo.com.br\/"},{"@type":"ListItem","position":2,"name":"Eribaldo Medeiros cobra debate para a implanta\u00e7\u00e3o de parques e\u00f3licos e preserva\u00e7\u00e3o de animais silvestres"}]},{"@type":"WebSite","@id":"https:\/\/blogdobispo.com.br\/#website","url":"https:\/\/blogdobispo.com.br\/","name":"Blog do Bispo","description":"Comprometido apenas com o leitor","publisher":{"@id":"https:\/\/blogdobispo.com.br\/#organization"},"potentialAction":[{"@type":"SearchAction","target":{"@type":"EntryPoint","urlTemplate":"https:\/\/blogdobispo.com.br\/?s={search_term_string}"},"query-input":{"@type":"PropertyValueSpecification","valueRequired":true,"valueName":"search_term_string"}}],"inLanguage":"pt-BR"},{"@type":"Organization","@id":"https:\/\/blogdobispo.com.br\/#organization","name":"Blog do Bispo","url":"https:\/\/blogdobispo.com.br\/","logo":{"@type":"ImageObject","inLanguage":"pt-BR","@id":"https:\/\/blogdobispo.com.br\/#\/schema\/logo\/image\/","url":"http:\/\/blogdobispo.com.br\/wp-content\/uploads\/2023\/05\/cropped-headear.png","contentUrl":"http:\/\/blogdobispo.com.br\/wp-content\/uploads\/2023\/05\/cropped-headear.png","width":1500,"height":399,"caption":"Blog do Bispo"},"image":{"@id":"https:\/\/blogdobispo.com.br\/#\/schema\/logo\/image\/"}},{"@type":"Person","@id":"https:\/\/blogdobispo.com.br\/#\/schema\/person\/e2209cc0e6cea5c5233d033e997b373f","name":"Jefferson Sterfeno","image":{"@type":"ImageObject","inLanguage":"pt-BR","@id":"https:\/\/blogdobispo.com.br\/#\/schema\/person\/image\/","url":"https:\/\/secure.gravatar.com\/avatar\/0534e84764641168a677026b6d57a3f51dc7ac4db0b4f6186d9cb330d4ee1160?s=96&d=mm&r=g","contentUrl":"https:\/\/secure.gravatar.com\/avatar\/0534e84764641168a677026b6d57a3f51dc7ac4db0b4f6186d9cb330d4ee1160?s=96&d=mm&r=g","caption":"Jefferson Sterfeno"},"sameAs":["http:\/\/blogdobispo.com.br"],"url":"https:\/\/blogdobispo.com.br\/?author=1"}]}},"featured_image_urls":{"full":"","thumbnail":"","medium":"","medium_large":"","large":"","1536x1536":"","2048x2048":""},"author_info":{"display_name":"Jefferson Sterfeno","author_link":"https:\/\/blogdobispo.com.br\/?author=1"},"category_info":"<a href=\"https:\/\/blogdobispo.com.br\/?cat=1\" rel=\"category\">diversos<\/a>","tag_info":"diversos","comment_count":"0","jetpack_featured_media_url":"","jetpack_sharing_enabled":true,"_links":{"self":[{"href":"https:\/\/blogdobispo.com.br\/index.php?rest_route=\/wp\/v2\/posts\/4720","targetHints":{"allow":["GET"]}}],"collection":[{"href":"https:\/\/blogdobispo.com.br\/index.php?rest_route=\/wp\/v2\/posts"}],"about":[{"href":"https:\/\/blogdobispo.com.br\/index.php?rest_route=\/wp\/v2\/types\/post"}],"author":[{"embeddable":true,"href":"https:\/\/blogdobispo.com.br\/index.php?rest_route=\/wp\/v2\/users\/1"}],"replies":[{"embeddable":true,"href":"https:\/\/blogdobispo.com.br\/index.php?rest_route=%2Fwp%2Fv2%2Fcomments&post=4720"}],"version-history":[{"count":4,"href":"https:\/\/blogdobispo.com.br\/index.php?rest_route=\/wp\/v2\/posts\/4720\/revisions"}],"predecessor-version":[{"id":4724,"href":"https:\/\/blogdobispo.com.br\/index.php?rest_route=\/wp\/v2\/posts\/4720\/revisions\/4724"}],"wp:attachment":[{"href":"https:\/\/blogdobispo.com.br\/index.php?rest_route=%2Fwp%2Fv2%2Fmedia&parent=4720"}],"wp:term":[{"taxonomy":"category","embeddable":true,"href":"https:\/\/blogdobispo.com.br\/index.php?rest_route=%2Fwp%2Fv2%2Fcategories&post=4720"},{"taxonomy":"post_tag","embeddable":true,"href":"https:\/\/blogdobispo.com.br\/index.php?rest_route=%2Fwp%2Fv2%2Ftags&post=4720"}],"curies":[{"name":"wp","href":"https:\/\/api.w.org\/{rel}","templated":true}]}}