{"id":4718,"date":"2025-02-26T20:01:29","date_gmt":"2025-02-26T20:01:29","guid":{"rendered":"https:\/\/blogdobispo.com.br\/?p=4718"},"modified":"2025-02-26T20:01:29","modified_gmt":"2025-02-26T20:01:29","slug":"prefeitura-de-natal-antecipa-e-quita-folha-de-fevereiro-antes-do-carnaval","status":"publish","type":"post","link":"https:\/\/blogdobispo.com.br\/?p=4718","title":{"rendered":"Prefeitura de Natal antecipa e quita folha de fevereiro antes do carnaval"},"content":{"rendered":"\n<figure class=\"wp-block-image size-large\"><img data-recalc-dims=\"1\" fetchpriority=\"high\" decoding=\"async\" width=\"800\" height=\"534\" src=\"https:\/\/i0.wp.com\/blogdobispo.com.br\/wp-content\/uploads\/2025\/02\/c37151d8-8f09-43f8-bcd2-ee3ae55ba634-1-1024x683.jpg?resize=800%2C534&#038;ssl=1\" class=\"wp-image-4717\" srcset=\"https:\/\/i0.wp.com\/blogdobispo.com.br\/wp-content\/uploads\/2025\/02\/c37151d8-8f09-43f8-bcd2-ee3ae55ba634-1.jpg?resize=1024%2C683&amp;ssl=1 1024w, https:\/\/i0.wp.com\/blogdobispo.com.br\/wp-content\/uploads\/2025\/02\/c37151d8-8f09-43f8-bcd2-ee3ae55ba634-1.jpg?resize=300%2C200&amp;ssl=1 300w, https:\/\/i0.wp.com\/blogdobispo.com.br\/wp-content\/uploads\/2025\/02\/c37151d8-8f09-43f8-bcd2-ee3ae55ba634-1.jpg?resize=768%2C512&amp;ssl=1 768w, https:\/\/i0.wp.com\/blogdobispo.com.br\/wp-content\/uploads\/2025\/02\/c37151d8-8f09-43f8-bcd2-ee3ae55ba634-1.jpg?w=1140&amp;ssl=1 1140w\" sizes=\"(max-width: 800px) 100vw, 800px\" \/><\/figure>\n\n\n\n<p><\/p>\n\n\n\n<p>A Prefeitura de Natal garante aos servidores p\u00fablicos um Carnaval com mais tranquilidade financeira. Nesta quinta-feira (27), ser\u00e1 realizado o pagamento antecipado dos sal\u00e1rios referentes ao m\u00eas de fevereiro para todos os funcion\u00e1rios ativos, inativos e pensionistas. A medida beneficia mais de 21,4 mil servidores e injeta cerca de R$ 79,6 milh\u00f5es na economia da cidade.<\/p>\n\n\n\n<p>A antecipa\u00e7\u00e3o do pagamento tamb\u00e9m impulsiona a economia local, fortalecendo o com\u00e9rcio, o setor de servi\u00e7os e outros segmentos que registram maior movimenta\u00e7\u00e3o neste per\u00edodo do ano. Com isso, a gest\u00e3o municipal reafirma seu compromisso com a responsabilidade fiscal e a valoriza\u00e7\u00e3o do funcionalismo p\u00fablico.<\/p>\n\n\n\n<p>&#8220;O equil\u00edbrio financeiro da gest\u00e3o nos permite adotar essa medida, que beneficia diretamente nossos servidores e o aquecimento da economia da cidade. O Carnaval \u00e9 um dos per\u00edodos mais importantes para o com\u00e9rcio e o setor de servi\u00e7os, e essa antecipa\u00e7\u00e3o contribui para manter essa entrega forte&#8221;, ressaltou o prefeito Paulinho Freire.<\/p>\n\n\n\n<p>Os valores foram enviados para a institui\u00e7\u00e3o banc\u00e1ria nesta quarta-feira (26) e estar\u00e3o dispon\u00edveis para saque e movimenta\u00e7\u00f5es na conta dos servidores a partir desta quinta (27).<\/p>\n","protected":false},"excerpt":{"rendered":"<p>A Prefeitura de Natal garante aos servidores p\u00fablicos um Carnaval com mais tranquilidade financeira. Nesta quinta-feira (27), ser\u00e1 realizado o pagamento antecipado dos sal\u00e1rios referentes ao m\u00eas de fevereiro para todos os funcion\u00e1rios ativos, inativos e pensionistas. A medida beneficia mais de 21,4 mil servidores e injeta cerca de R$ 79,6 milh\u00f5es na economia da [&hellip;]<\/p>\n","protected":false},"author":1,"featured_media":0,"comment_status":"open","ping_status":"open","sticky":false,"template":"","format":"standard","meta":{"cybocfi_hide_featured_image":"","_jetpack_memberships_contains_paid_content":false,"footnotes":""},"categories":[1],"tags":[],"class_list":["post-4718","post","type-post","status-publish","format-standard","hentry","category-diversos"],"yoast_head":"<!-- This site is optimized with the Yoast SEO plugin v25.6 - https:\/\/yoast.com\/wordpress\/plugins\/seo\/ -->\n<title>Prefeitura de Natal antecipa e quita folha de fevereiro antes do carnaval - Blog do Bispo<\/title>\n<meta name=\"robots\" content=\"index, follow, max-snippet:-1, max-image-preview:large, max-video-preview:-1\" \/>\n<link rel=\"canonical\" href=\"https:\/\/blogdobispo.com.br\/?p=4718\" \/>\n<meta property=\"og:locale\" content=\"pt_BR\" \/>\n<meta property=\"og:type\" content=\"article\" \/>\n<meta property=\"og:title\" content=\"Prefeitura de Natal antecipa e quita folha de fevereiro antes do carnaval - Blog do Bispo\" \/>\n<meta property=\"og:description\" content=\"A Prefeitura de Natal garante aos servidores p\u00fablicos um Carnaval com mais tranquilidade financeira. Nesta quinta-feira (27), ser\u00e1 realizado o pagamento antecipado dos sal\u00e1rios referentes ao m\u00eas de fevereiro para todos os funcion\u00e1rios ativos, inativos e pensionistas. A medida beneficia mais de 21,4 mil servidores e injeta cerca de R$ 79,6 milh\u00f5es na economia da [&hellip;]\" \/>\n<meta property=\"og:url\" content=\"https:\/\/blogdobispo.com.br\/?p=4718\" \/>\n<meta property=\"og:site_name\" content=\"Blog do Bispo\" \/>\n<meta property=\"article:published_time\" content=\"2025-02-26T20:01:29+00:00\" \/>\n<meta property=\"og:image\" content=\"https:\/\/blogdobispo.com.br\/wp-content\/uploads\/2025\/02\/c37151d8-8f09-43f8-bcd2-ee3ae55ba634-1-1024x683.jpg\" \/>\n<meta name=\"author\" content=\"Jefferson Sterfeno\" \/>\n<meta name=\"twitter:card\" content=\"summary_large_image\" \/>\n<meta name=\"twitter:label1\" content=\"Escrito por\" \/>\n\t<meta name=\"twitter:data1\" content=\"Jefferson Sterfeno\" \/>\n\t<meta name=\"twitter:label2\" content=\"Est. tempo de leitura\" \/>\n\t<meta name=\"twitter:data2\" content=\"1 minuto\" \/>\n<script type=\"application\/ld+json\" class=\"yoast-schema-graph\">{\"@context\":\"https:\/\/schema.org\",\"@graph\":[{\"@type\":\"Article\",\"@id\":\"https:\/\/blogdobispo.com.br\/?p=4718#article\",\"isPartOf\":{\"@id\":\"https:\/\/blogdobispo.com.br\/?p=4718\"},\"author\":{\"name\":\"Jefferson Sterfeno\",\"@id\":\"https:\/\/blogdobispo.com.br\/#\/schema\/person\/e2209cc0e6cea5c5233d033e997b373f\"},\"headline\":\"Prefeitura de Natal antecipa e quita folha de fevereiro antes do carnaval\",\"datePublished\":\"2025-02-26T20:01:29+00:00\",\"mainEntityOfPage\":{\"@id\":\"https:\/\/blogdobispo.com.br\/?p=4718\"},\"wordCount\":211,\"commentCount\":0,\"publisher\":{\"@id\":\"https:\/\/blogdobispo.com.br\/#organization\"},\"image\":{\"@id\":\"https:\/\/blogdobispo.com.br\/?p=4718#primaryimage\"},\"thumbnailUrl\":\"https:\/\/blogdobispo.com.br\/wp-content\/uploads\/2025\/02\/c37151d8-8f09-43f8-bcd2-ee3ae55ba634-1-1024x683.jpg\",\"articleSection\":[\"diversos\"],\"inLanguage\":\"pt-BR\",\"potentialAction\":[{\"@type\":\"CommentAction\",\"name\":\"Comment\",\"target\":[\"https:\/\/blogdobispo.com.br\/?p=4718#respond\"]}]},{\"@type\":\"WebPage\",\"@id\":\"https:\/\/blogdobispo.com.br\/?p=4718\",\"url\":\"https:\/\/blogdobispo.com.br\/?p=4718\",\"name\":\"Prefeitura de Natal antecipa e quita folha de fevereiro antes do carnaval - Blog do Bispo\",\"isPartOf\":{\"@id\":\"https:\/\/blogdobispo.com.br\/#website\"},\"primaryImageOfPage\":{\"@id\":\"https:\/\/blogdobispo.com.br\/?p=4718#primaryimage\"},\"image\":{\"@id\":\"https:\/\/blogdobispo.com.br\/?p=4718#primaryimage\"},\"thumbnailUrl\":\"https:\/\/blogdobispo.com.br\/wp-content\/uploads\/2025\/02\/c37151d8-8f09-43f8-bcd2-ee3ae55ba634-1-1024x683.jpg\",\"datePublished\":\"2025-02-26T20:01:29+00:00\",\"breadcrumb\":{\"@id\":\"https:\/\/blogdobispo.com.br\/?p=4718#breadcrumb\"},\"inLanguage\":\"pt-BR\",\"potentialAction\":[{\"@type\":\"ReadAction\",\"target\":[\"https:\/\/blogdobispo.com.br\/?p=4718\"]}]},{\"@type\":\"ImageObject\",\"inLanguage\":\"pt-BR\",\"@id\":\"https:\/\/blogdobispo.com.br\/?p=4718#primaryimage\",\"url\":\"https:\/\/blogdobispo.com.br\/wp-content\/uploads\/2025\/02\/c37151d8-8f09-43f8-bcd2-ee3ae55ba634-1-1024x683.jpg\",\"contentUrl\":\"https:\/\/blogdobispo.com.br\/wp-content\/uploads\/2025\/02\/c37151d8-8f09-43f8-bcd2-ee3ae55ba634-1-1024x683.jpg\"},{\"@type\":\"BreadcrumbList\",\"@id\":\"https:\/\/blogdobispo.com.br\/?p=4718#breadcrumb\",\"itemListElement\":[{\"@type\":\"ListItem\",\"position\":1,\"name\":\"In\u00edcio\",\"item\":\"https:\/\/blogdobispo.com.br\/\"},{\"@type\":\"ListItem\",\"position\":2,\"name\":\"Prefeitura de Natal antecipa e quita folha de fevereiro antes do carnaval\"}]},{\"@type\":\"WebSite\",\"@id\":\"https:\/\/blogdobispo.com.br\/#website\",\"url\":\"https:\/\/blogdobispo.com.br\/\",\"name\":\"Blog do Bispo\",\"description\":\"Comprometido apenas com o leitor\",\"publisher\":{\"@id\":\"https:\/\/blogdobispo.com.br\/#organization\"},\"potentialAction\":[{\"@type\":\"SearchAction\",\"target\":{\"@type\":\"EntryPoint\",\"urlTemplate\":\"https:\/\/blogdobispo.com.br\/?s={search_term_string}\"},\"query-input\":{\"@type\":\"PropertyValueSpecification\",\"valueRequired\":true,\"valueName\":\"search_term_string\"}}],\"inLanguage\":\"pt-BR\"},{\"@type\":\"Organization\",\"@id\":\"https:\/\/blogdobispo.com.br\/#organization\",\"name\":\"Blog do Bispo\",\"url\":\"https:\/\/blogdobispo.com.br\/\",\"logo\":{\"@type\":\"ImageObject\",\"inLanguage\":\"pt-BR\",\"@id\":\"https:\/\/blogdobispo.com.br\/#\/schema\/logo\/image\/\",\"url\":\"http:\/\/blogdobispo.com.br\/wp-content\/uploads\/2023\/05\/cropped-headear.png\",\"contentUrl\":\"http:\/\/blogdobispo.com.br\/wp-content\/uploads\/2023\/05\/cropped-headear.png\",\"width\":1500,\"height\":399,\"caption\":\"Blog do Bispo\"},\"image\":{\"@id\":\"https:\/\/blogdobispo.com.br\/#\/schema\/logo\/image\/\"}},{\"@type\":\"Person\",\"@id\":\"https:\/\/blogdobispo.com.br\/#\/schema\/person\/e2209cc0e6cea5c5233d033e997b373f\",\"name\":\"Jefferson Sterfeno\",\"image\":{\"@type\":\"ImageObject\",\"inLanguage\":\"pt-BR\",\"@id\":\"https:\/\/blogdobispo.com.br\/#\/schema\/person\/image\/\",\"url\":\"https:\/\/secure.gravatar.com\/avatar\/0534e84764641168a677026b6d57a3f51dc7ac4db0b4f6186d9cb330d4ee1160?s=96&d=mm&r=g\",\"contentUrl\":\"https:\/\/secure.gravatar.com\/avatar\/0534e84764641168a677026b6d57a3f51dc7ac4db0b4f6186d9cb330d4ee1160?s=96&d=mm&r=g\",\"caption\":\"Jefferson Sterfeno\"},\"sameAs\":[\"http:\/\/blogdobispo.com.br\"],\"url\":\"https:\/\/blogdobispo.com.br\/?author=1\"}]}<\/script>\n<!-- \/ Yoast SEO plugin. -->","yoast_head_json":{"title":"Prefeitura de Natal antecipa e quita folha de fevereiro antes do carnaval - Blog do Bispo","robots":{"index":"index","follow":"follow","max-snippet":"max-snippet:-1","max-image-preview":"max-image-preview:large","max-video-preview":"max-video-preview:-1"},"canonical":"https:\/\/blogdobispo.com.br\/?p=4718","og_locale":"pt_BR","og_type":"article","og_title":"Prefeitura de Natal antecipa e quita folha de fevereiro antes do carnaval - Blog do Bispo","og_description":"A Prefeitura de Natal garante aos servidores p\u00fablicos um Carnaval com mais tranquilidade financeira. Nesta quinta-feira (27), ser\u00e1 realizado o pagamento antecipado dos sal\u00e1rios referentes ao m\u00eas de fevereiro para todos os funcion\u00e1rios ativos, inativos e pensionistas. A medida beneficia mais de 21,4 mil servidores e injeta cerca de R$ 79,6 milh\u00f5es na economia da [&hellip;]","og_url":"https:\/\/blogdobispo.com.br\/?p=4718","og_site_name":"Blog do Bispo","article_published_time":"2025-02-26T20:01:29+00:00","og_image":[{"url":"https:\/\/blogdobispo.com.br\/wp-content\/uploads\/2025\/02\/c37151d8-8f09-43f8-bcd2-ee3ae55ba634-1-1024x683.jpg","type":"","width":"","height":""}],"author":"Jefferson Sterfeno","twitter_card":"summary_large_image","twitter_misc":{"Escrito por":"Jefferson Sterfeno","Est. tempo de leitura":"1 minuto"},"schema":{"@context":"https:\/\/schema.org","@graph":[{"@type":"Article","@id":"https:\/\/blogdobispo.com.br\/?p=4718#article","isPartOf":{"@id":"https:\/\/blogdobispo.com.br\/?p=4718"},"author":{"name":"Jefferson Sterfeno","@id":"https:\/\/blogdobispo.com.br\/#\/schema\/person\/e2209cc0e6cea5c5233d033e997b373f"},"headline":"Prefeitura de Natal antecipa e quita folha de fevereiro antes do carnaval","datePublished":"2025-02-26T20:01:29+00:00","mainEntityOfPage":{"@id":"https:\/\/blogdobispo.com.br\/?p=4718"},"wordCount":211,"commentCount":0,"publisher":{"@id":"https:\/\/blogdobispo.com.br\/#organization"},"image":{"@id":"https:\/\/blogdobispo.com.br\/?p=4718#primaryimage"},"thumbnailUrl":"https:\/\/blogdobispo.com.br\/wp-content\/uploads\/2025\/02\/c37151d8-8f09-43f8-bcd2-ee3ae55ba634-1-1024x683.jpg","articleSection":["diversos"],"inLanguage":"pt-BR","potentialAction":[{"@type":"CommentAction","name":"Comment","target":["https:\/\/blogdobispo.com.br\/?p=4718#respond"]}]},{"@type":"WebPage","@id":"https:\/\/blogdobispo.com.br\/?p=4718","url":"https:\/\/blogdobispo.com.br\/?p=4718","name":"Prefeitura de Natal antecipa e quita folha de fevereiro antes do carnaval - Blog do Bispo","isPartOf":{"@id":"https:\/\/blogdobispo.com.br\/#website"},"primaryImageOfPage":{"@id":"https:\/\/blogdobispo.com.br\/?p=4718#primaryimage"},"image":{"@id":"https:\/\/blogdobispo.com.br\/?p=4718#primaryimage"},"thumbnailUrl":"https:\/\/blogdobispo.com.br\/wp-content\/uploads\/2025\/02\/c37151d8-8f09-43f8-bcd2-ee3ae55ba634-1-1024x683.jpg","datePublished":"2025-02-26T20:01:29+00:00","breadcrumb":{"@id":"https:\/\/blogdobispo.com.br\/?p=4718#breadcrumb"},"inLanguage":"pt-BR","potentialAction":[{"@type":"ReadAction","target":["https:\/\/blogdobispo.com.br\/?p=4718"]}]},{"@type":"ImageObject","inLanguage":"pt-BR","@id":"https:\/\/blogdobispo.com.br\/?p=4718#primaryimage","url":"https:\/\/blogdobispo.com.br\/wp-content\/uploads\/2025\/02\/c37151d8-8f09-43f8-bcd2-ee3ae55ba634-1-1024x683.jpg","contentUrl":"https:\/\/blogdobispo.com.br\/wp-content\/uploads\/2025\/02\/c37151d8-8f09-43f8-bcd2-ee3ae55ba634-1-1024x683.jpg"},{"@type":"BreadcrumbList","@id":"https:\/\/blogdobispo.com.br\/?p=4718#breadcrumb","itemListElement":[{"@type":"ListItem","position":1,"name":"In\u00edcio","item":"https:\/\/blogdobispo.com.br\/"},{"@type":"ListItem","position":2,"name":"Prefeitura de Natal antecipa e quita folha de fevereiro antes do carnaval"}]},{"@type":"WebSite","@id":"https:\/\/blogdobispo.com.br\/#website","url":"https:\/\/blogdobispo.com.br\/","name":"Blog do Bispo","description":"Comprometido apenas com o leitor","publisher":{"@id":"https:\/\/blogdobispo.com.br\/#organization"},"potentialAction":[{"@type":"SearchAction","target":{"@type":"EntryPoint","urlTemplate":"https:\/\/blogdobispo.com.br\/?s={search_term_string}"},"query-input":{"@type":"PropertyValueSpecification","valueRequired":true,"valueName":"search_term_string"}}],"inLanguage":"pt-BR"},{"@type":"Organization","@id":"https:\/\/blogdobispo.com.br\/#organization","name":"Blog do Bispo","url":"https:\/\/blogdobispo.com.br\/","logo":{"@type":"ImageObject","inLanguage":"pt-BR","@id":"https:\/\/blogdobispo.com.br\/#\/schema\/logo\/image\/","url":"http:\/\/blogdobispo.com.br\/wp-content\/uploads\/2023\/05\/cropped-headear.png","contentUrl":"http:\/\/blogdobispo.com.br\/wp-content\/uploads\/2023\/05\/cropped-headear.png","width":1500,"height":399,"caption":"Blog do Bispo"},"image":{"@id":"https:\/\/blogdobispo.com.br\/#\/schema\/logo\/image\/"}},{"@type":"Person","@id":"https:\/\/blogdobispo.com.br\/#\/schema\/person\/e2209cc0e6cea5c5233d033e997b373f","name":"Jefferson Sterfeno","image":{"@type":"ImageObject","inLanguage":"pt-BR","@id":"https:\/\/blogdobispo.com.br\/#\/schema\/person\/image\/","url":"https:\/\/secure.gravatar.com\/avatar\/0534e84764641168a677026b6d57a3f51dc7ac4db0b4f6186d9cb330d4ee1160?s=96&d=mm&r=g","contentUrl":"https:\/\/secure.gravatar.com\/avatar\/0534e84764641168a677026b6d57a3f51dc7ac4db0b4f6186d9cb330d4ee1160?s=96&d=mm&r=g","caption":"Jefferson Sterfeno"},"sameAs":["http:\/\/blogdobispo.com.br"],"url":"https:\/\/blogdobispo.com.br\/?author=1"}]}},"featured_image_urls":{"full":"","thumbnail":"","medium":"","medium_large":"","large":"","1536x1536":"","2048x2048":""},"author_info":{"display_name":"Jefferson Sterfeno","author_link":"https:\/\/blogdobispo.com.br\/?author=1"},"category_info":"<a href=\"https:\/\/blogdobispo.com.br\/?cat=1\" rel=\"category\">diversos<\/a>","tag_info":"diversos","comment_count":"0","jetpack_featured_media_url":"","jetpack_sharing_enabled":true,"_links":{"self":[{"href":"https:\/\/blogdobispo.com.br\/index.php?rest_route=\/wp\/v2\/posts\/4718","targetHints":{"allow":["GET"]}}],"collection":[{"href":"https:\/\/blogdobispo.com.br\/index.php?rest_route=\/wp\/v2\/posts"}],"about":[{"href":"https:\/\/blogdobispo.com.br\/index.php?rest_route=\/wp\/v2\/types\/post"}],"author":[{"embeddable":true,"href":"https:\/\/blogdobispo.com.br\/index.php?rest_route=\/wp\/v2\/users\/1"}],"replies":[{"embeddable":true,"href":"https:\/\/blogdobispo.com.br\/index.php?rest_route=%2Fwp%2Fv2%2Fcomments&post=4718"}],"version-history":[{"count":0,"href":"https:\/\/blogdobispo.com.br\/index.php?rest_route=\/wp\/v2\/posts\/4718\/revisions"}],"wp:attachment":[{"href":"https:\/\/blogdobispo.com.br\/index.php?rest_route=%2Fwp%2Fv2%2Fmedia&parent=4718"}],"wp:term":[{"taxonomy":"category","embeddable":true,"href":"https:\/\/blogdobispo.com.br\/index.php?rest_route=%2Fwp%2Fv2%2Fcategories&post=4718"},{"taxonomy":"post_tag","embeddable":true,"href":"https:\/\/blogdobispo.com.br\/index.php?rest_route=%2Fwp%2Fv2%2Ftags&post=4718"}],"curies":[{"name":"wp","href":"https:\/\/api.w.org\/{rel}","templated":true}]}}