{"id":4716,"date":"2025-02-26T18:35:35","date_gmt":"2025-02-26T18:35:35","guid":{"rendered":"https:\/\/blogdobispo.com.br\/?p=4716"},"modified":"2025-02-26T18:35:35","modified_gmt":"2025-02-26T18:35:35","slug":"ambulantes-de-natal-serao-capacitados-para-o-carnaval-de-rua-com-apoio-do-vereador-kleber-fernandes","status":"publish","type":"post","link":"https:\/\/blogdobispo.com.br\/?p=4716","title":{"rendered":"Ambulantes de Natal ser\u00e3o capacitados para o Carnaval de Rua com apoio do vereador Kleber Fernandes"},"content":{"rendered":"\n<figure class=\"wp-block-image size-large\"><img data-recalc-dims=\"1\" fetchpriority=\"high\" decoding=\"async\" width=\"577\" height=\"1024\" src=\"https:\/\/i0.wp.com\/blogdobispo.com.br\/wp-content\/uploads\/2025\/02\/754fd7a1-f716-4eea-9b8c-ec6322d322a8-1-577x1024.jpg?resize=577%2C1024&#038;ssl=1\" class=\"wp-image-4715\" srcset=\"https:\/\/i0.wp.com\/blogdobispo.com.br\/wp-content\/uploads\/2025\/02\/754fd7a1-f716-4eea-9b8c-ec6322d322a8-1.jpg?resize=577%2C1024&amp;ssl=1 577w, https:\/\/i0.wp.com\/blogdobispo.com.br\/wp-content\/uploads\/2025\/02\/754fd7a1-f716-4eea-9b8c-ec6322d322a8-1.jpg?resize=169%2C300&amp;ssl=1 169w, https:\/\/i0.wp.com\/blogdobispo.com.br\/wp-content\/uploads\/2025\/02\/754fd7a1-f716-4eea-9b8c-ec6322d322a8-1.jpg?resize=768%2C1364&amp;ssl=1 768w, https:\/\/i0.wp.com\/blogdobispo.com.br\/wp-content\/uploads\/2025\/02\/754fd7a1-f716-4eea-9b8c-ec6322d322a8-1.jpg?resize=865%2C1536&amp;ssl=1 865w, https:\/\/i0.wp.com\/blogdobispo.com.br\/wp-content\/uploads\/2025\/02\/754fd7a1-f716-4eea-9b8c-ec6322d322a8-1.jpg?resize=1024%2C1819&amp;ssl=1 1024w, https:\/\/i0.wp.com\/blogdobispo.com.br\/wp-content\/uploads\/2025\/02\/754fd7a1-f716-4eea-9b8c-ec6322d322a8-1.jpg?w=1126&amp;ssl=1 1126w\" sizes=\"(max-width: 577px) 100vw, 577px\" \/><\/figure>\n\n\n\n<p><\/p>\n\n\n\n<p>Com a expectativa de receber milhares de turistas durante o Carnaval de rua, a cidade de Natal est\u00e1 se preparando para um evento organizado e com atendimento de qualidade aos foli\u00f5es. A Secretaria Municipal de Servi\u00e7os Urbanos (Semsur) j\u00e1 cadastrou cerca de 1.300 ambulantes para atuarem nas festas de rua, oferecendo produtos e servi\u00e7os variados durante o per\u00edodo carnavalesco.<\/p>\n\n\n\n<p>Visando melhorar a capacita\u00e7\u00e3o dos vendedores informais, o vereador Kleber Fernandes (Republicanos), da C\u00e2mara Municipal do Natal, disponibilizar\u00e1 um e-book com orienta\u00e7\u00f5es sobre boas pr\u00e1ticas no atendimento ao cliente, al\u00e9m de informa\u00e7\u00f5es sobre os direitos dos consumidores de acordo com o C\u00f3digo de Defesa do Consumidor (CDC). A iniciativa tem como objetivo proporcionar aos ambulantes o conhecimento necess\u00e1rio para atender com qualidade, \u00e9tica e responsabilidade durante a grande movimenta\u00e7\u00e3o de pessoas na cidade.<\/p>\n\n\n\n<p>O e-book abordar\u00e1 temas como o atendimento adequado ao cliente, o cumprimento das normas do CDC e a import\u00e2ncia da transpar\u00eancia nas transa\u00e7\u00f5es comerciais, al\u00e9m de higiene e manipula\u00e7\u00e3o de alimentos, cuidados com bebidas e armazenamento, dentre outros assuntos. A medida visa minimizar poss\u00edveis conflitos e garantir que tanto os consumidores quanto os vendedores tenham seus direitos respeitados.<\/p>\n\n\n\n<p>\u201cA capacita\u00e7\u00e3o dos ambulantes \u00e9 essencial para garantir um Carnaval mais organizado e com um atendimento de qualidade, refletindo diretamente na satisfa\u00e7\u00e3o dos natalenses e turistas e no sucesso do evento\u201d, afirmou o parlamentar. Os ambulantes que est\u00e3o sendo cadastrados pela Semsur receber\u00e3o seu crach\u00e1 de identifica\u00e7\u00e3o, QR Code personalizado e o documento de cadastro. Junto a esse kit, os ambulantes receber\u00e3o o e-book do vereador Kleber com todas as informa\u00e7\u00f5es sobre as boas pr\u00e1ticas das vendas no per\u00edodo de Carnaval. Interessados em adquirir o livro digital tamb\u00e9m podem acessar o perfil do vereador, no Instagram, para solicitar o documento. Assim, ele ser\u00e1 enviado em mensagem direta.<\/p>\n","protected":false},"excerpt":{"rendered":"<p>Com a expectativa de receber milhares de turistas durante o Carnaval de rua, a cidade de Natal est\u00e1 se preparando para um evento organizado e com atendimento de qualidade aos foli\u00f5es. A Secretaria Municipal de Servi\u00e7os Urbanos (Semsur) j\u00e1 cadastrou cerca de 1.300 ambulantes para atuarem nas festas de rua, oferecendo produtos e servi\u00e7os variados [&hellip;]<\/p>\n","protected":false},"author":1,"featured_media":0,"comment_status":"open","ping_status":"open","sticky":false,"template":"","format":"standard","meta":{"cybocfi_hide_featured_image":"","_jetpack_memberships_contains_paid_content":false,"footnotes":""},"categories":[1],"tags":[],"class_list":["post-4716","post","type-post","status-publish","format-standard","hentry","category-diversos"],"yoast_head":"<!-- This site is optimized with the Yoast SEO plugin v25.6 - https:\/\/yoast.com\/wordpress\/plugins\/seo\/ -->\n<title>Ambulantes de Natal ser\u00e3o capacitados para o Carnaval de Rua com apoio do vereador Kleber Fernandes - Blog do Bispo<\/title>\n<meta name=\"robots\" content=\"index, follow, max-snippet:-1, max-image-preview:large, max-video-preview:-1\" \/>\n<link rel=\"canonical\" href=\"https:\/\/blogdobispo.com.br\/?p=4716\" \/>\n<meta property=\"og:locale\" content=\"pt_BR\" \/>\n<meta property=\"og:type\" content=\"article\" \/>\n<meta property=\"og:title\" content=\"Ambulantes de Natal ser\u00e3o capacitados para o Carnaval de Rua com apoio do vereador Kleber Fernandes - Blog do Bispo\" \/>\n<meta property=\"og:description\" content=\"Com a expectativa de receber milhares de turistas durante o Carnaval de rua, a cidade de Natal est\u00e1 se preparando para um evento organizado e com atendimento de qualidade aos foli\u00f5es. A Secretaria Municipal de Servi\u00e7os Urbanos (Semsur) j\u00e1 cadastrou cerca de 1.300 ambulantes para atuarem nas festas de rua, oferecendo produtos e servi\u00e7os variados [&hellip;]\" \/>\n<meta property=\"og:url\" content=\"https:\/\/blogdobispo.com.br\/?p=4716\" \/>\n<meta property=\"og:site_name\" content=\"Blog do Bispo\" \/>\n<meta property=\"article:published_time\" content=\"2025-02-26T18:35:35+00:00\" \/>\n<meta property=\"og:image\" content=\"https:\/\/blogdobispo.com.br\/wp-content\/uploads\/2025\/02\/754fd7a1-f716-4eea-9b8c-ec6322d322a8-1-577x1024.jpg\" \/>\n<meta name=\"author\" content=\"Jefferson Sterfeno\" \/>\n<meta name=\"twitter:card\" content=\"summary_large_image\" \/>\n<meta name=\"twitter:label1\" content=\"Escrito por\" \/>\n\t<meta name=\"twitter:data1\" content=\"Jefferson Sterfeno\" \/>\n\t<meta name=\"twitter:label2\" content=\"Est. tempo de leitura\" \/>\n\t<meta name=\"twitter:data2\" content=\"2 minutos\" \/>\n<script type=\"application\/ld+json\" class=\"yoast-schema-graph\">{\"@context\":\"https:\/\/schema.org\",\"@graph\":[{\"@type\":\"Article\",\"@id\":\"https:\/\/blogdobispo.com.br\/?p=4716#article\",\"isPartOf\":{\"@id\":\"https:\/\/blogdobispo.com.br\/?p=4716\"},\"author\":{\"name\":\"Jefferson Sterfeno\",\"@id\":\"https:\/\/blogdobispo.com.br\/#\/schema\/person\/e2209cc0e6cea5c5233d033e997b373f\"},\"headline\":\"Ambulantes de Natal ser\u00e3o capacitados para o Carnaval de Rua com apoio do vereador Kleber Fernandes\",\"datePublished\":\"2025-02-26T18:35:35+00:00\",\"mainEntityOfPage\":{\"@id\":\"https:\/\/blogdobispo.com.br\/?p=4716\"},\"wordCount\":341,\"commentCount\":0,\"publisher\":{\"@id\":\"https:\/\/blogdobispo.com.br\/#organization\"},\"image\":{\"@id\":\"https:\/\/blogdobispo.com.br\/?p=4716#primaryimage\"},\"thumbnailUrl\":\"https:\/\/blogdobispo.com.br\/wp-content\/uploads\/2025\/02\/754fd7a1-f716-4eea-9b8c-ec6322d322a8-1-577x1024.jpg\",\"articleSection\":[\"diversos\"],\"inLanguage\":\"pt-BR\",\"potentialAction\":[{\"@type\":\"CommentAction\",\"name\":\"Comment\",\"target\":[\"https:\/\/blogdobispo.com.br\/?p=4716#respond\"]}]},{\"@type\":\"WebPage\",\"@id\":\"https:\/\/blogdobispo.com.br\/?p=4716\",\"url\":\"https:\/\/blogdobispo.com.br\/?p=4716\",\"name\":\"Ambulantes de Natal ser\u00e3o capacitados para o Carnaval de Rua com apoio do vereador Kleber Fernandes - Blog do Bispo\",\"isPartOf\":{\"@id\":\"https:\/\/blogdobispo.com.br\/#website\"},\"primaryImageOfPage\":{\"@id\":\"https:\/\/blogdobispo.com.br\/?p=4716#primaryimage\"},\"image\":{\"@id\":\"https:\/\/blogdobispo.com.br\/?p=4716#primaryimage\"},\"thumbnailUrl\":\"https:\/\/blogdobispo.com.br\/wp-content\/uploads\/2025\/02\/754fd7a1-f716-4eea-9b8c-ec6322d322a8-1-577x1024.jpg\",\"datePublished\":\"2025-02-26T18:35:35+00:00\",\"breadcrumb\":{\"@id\":\"https:\/\/blogdobispo.com.br\/?p=4716#breadcrumb\"},\"inLanguage\":\"pt-BR\",\"potentialAction\":[{\"@type\":\"ReadAction\",\"target\":[\"https:\/\/blogdobispo.com.br\/?p=4716\"]}]},{\"@type\":\"ImageObject\",\"inLanguage\":\"pt-BR\",\"@id\":\"https:\/\/blogdobispo.com.br\/?p=4716#primaryimage\",\"url\":\"https:\/\/blogdobispo.com.br\/wp-content\/uploads\/2025\/02\/754fd7a1-f716-4eea-9b8c-ec6322d322a8-1-577x1024.jpg\",\"contentUrl\":\"https:\/\/blogdobispo.com.br\/wp-content\/uploads\/2025\/02\/754fd7a1-f716-4eea-9b8c-ec6322d322a8-1-577x1024.jpg\"},{\"@type\":\"BreadcrumbList\",\"@id\":\"https:\/\/blogdobispo.com.br\/?p=4716#breadcrumb\",\"itemListElement\":[{\"@type\":\"ListItem\",\"position\":1,\"name\":\"In\u00edcio\",\"item\":\"https:\/\/blogdobispo.com.br\/\"},{\"@type\":\"ListItem\",\"position\":2,\"name\":\"Ambulantes de Natal ser\u00e3o capacitados para o Carnaval de Rua com apoio do vereador Kleber Fernandes\"}]},{\"@type\":\"WebSite\",\"@id\":\"https:\/\/blogdobispo.com.br\/#website\",\"url\":\"https:\/\/blogdobispo.com.br\/\",\"name\":\"Blog do Bispo\",\"description\":\"Comprometido apenas com o leitor\",\"publisher\":{\"@id\":\"https:\/\/blogdobispo.com.br\/#organization\"},\"potentialAction\":[{\"@type\":\"SearchAction\",\"target\":{\"@type\":\"EntryPoint\",\"urlTemplate\":\"https:\/\/blogdobispo.com.br\/?s={search_term_string}\"},\"query-input\":{\"@type\":\"PropertyValueSpecification\",\"valueRequired\":true,\"valueName\":\"search_term_string\"}}],\"inLanguage\":\"pt-BR\"},{\"@type\":\"Organization\",\"@id\":\"https:\/\/blogdobispo.com.br\/#organization\",\"name\":\"Blog do Bispo\",\"url\":\"https:\/\/blogdobispo.com.br\/\",\"logo\":{\"@type\":\"ImageObject\",\"inLanguage\":\"pt-BR\",\"@id\":\"https:\/\/blogdobispo.com.br\/#\/schema\/logo\/image\/\",\"url\":\"http:\/\/blogdobispo.com.br\/wp-content\/uploads\/2023\/05\/cropped-headear.png\",\"contentUrl\":\"http:\/\/blogdobispo.com.br\/wp-content\/uploads\/2023\/05\/cropped-headear.png\",\"width\":1500,\"height\":399,\"caption\":\"Blog do Bispo\"},\"image\":{\"@id\":\"https:\/\/blogdobispo.com.br\/#\/schema\/logo\/image\/\"}},{\"@type\":\"Person\",\"@id\":\"https:\/\/blogdobispo.com.br\/#\/schema\/person\/e2209cc0e6cea5c5233d033e997b373f\",\"name\":\"Jefferson Sterfeno\",\"image\":{\"@type\":\"ImageObject\",\"inLanguage\":\"pt-BR\",\"@id\":\"https:\/\/blogdobispo.com.br\/#\/schema\/person\/image\/\",\"url\":\"https:\/\/secure.gravatar.com\/avatar\/0534e84764641168a677026b6d57a3f51dc7ac4db0b4f6186d9cb330d4ee1160?s=96&d=mm&r=g\",\"contentUrl\":\"https:\/\/secure.gravatar.com\/avatar\/0534e84764641168a677026b6d57a3f51dc7ac4db0b4f6186d9cb330d4ee1160?s=96&d=mm&r=g\",\"caption\":\"Jefferson Sterfeno\"},\"sameAs\":[\"http:\/\/blogdobispo.com.br\"],\"url\":\"https:\/\/blogdobispo.com.br\/?author=1\"}]}<\/script>\n<!-- \/ Yoast SEO plugin. -->","yoast_head_json":{"title":"Ambulantes de Natal ser\u00e3o capacitados para o Carnaval de Rua com apoio do vereador Kleber Fernandes - Blog do Bispo","robots":{"index":"index","follow":"follow","max-snippet":"max-snippet:-1","max-image-preview":"max-image-preview:large","max-video-preview":"max-video-preview:-1"},"canonical":"https:\/\/blogdobispo.com.br\/?p=4716","og_locale":"pt_BR","og_type":"article","og_title":"Ambulantes de Natal ser\u00e3o capacitados para o Carnaval de Rua com apoio do vereador Kleber Fernandes - Blog do Bispo","og_description":"Com a expectativa de receber milhares de turistas durante o Carnaval de rua, a cidade de Natal est\u00e1 se preparando para um evento organizado e com atendimento de qualidade aos foli\u00f5es. A Secretaria Municipal de Servi\u00e7os Urbanos (Semsur) j\u00e1 cadastrou cerca de 1.300 ambulantes para atuarem nas festas de rua, oferecendo produtos e servi\u00e7os variados [&hellip;]","og_url":"https:\/\/blogdobispo.com.br\/?p=4716","og_site_name":"Blog do Bispo","article_published_time":"2025-02-26T18:35:35+00:00","og_image":[{"url":"https:\/\/blogdobispo.com.br\/wp-content\/uploads\/2025\/02\/754fd7a1-f716-4eea-9b8c-ec6322d322a8-1-577x1024.jpg","type":"","width":"","height":""}],"author":"Jefferson Sterfeno","twitter_card":"summary_large_image","twitter_misc":{"Escrito por":"Jefferson Sterfeno","Est. tempo de leitura":"2 minutos"},"schema":{"@context":"https:\/\/schema.org","@graph":[{"@type":"Article","@id":"https:\/\/blogdobispo.com.br\/?p=4716#article","isPartOf":{"@id":"https:\/\/blogdobispo.com.br\/?p=4716"},"author":{"name":"Jefferson Sterfeno","@id":"https:\/\/blogdobispo.com.br\/#\/schema\/person\/e2209cc0e6cea5c5233d033e997b373f"},"headline":"Ambulantes de Natal ser\u00e3o capacitados para o Carnaval de Rua com apoio do vereador Kleber Fernandes","datePublished":"2025-02-26T18:35:35+00:00","mainEntityOfPage":{"@id":"https:\/\/blogdobispo.com.br\/?p=4716"},"wordCount":341,"commentCount":0,"publisher":{"@id":"https:\/\/blogdobispo.com.br\/#organization"},"image":{"@id":"https:\/\/blogdobispo.com.br\/?p=4716#primaryimage"},"thumbnailUrl":"https:\/\/blogdobispo.com.br\/wp-content\/uploads\/2025\/02\/754fd7a1-f716-4eea-9b8c-ec6322d322a8-1-577x1024.jpg","articleSection":["diversos"],"inLanguage":"pt-BR","potentialAction":[{"@type":"CommentAction","name":"Comment","target":["https:\/\/blogdobispo.com.br\/?p=4716#respond"]}]},{"@type":"WebPage","@id":"https:\/\/blogdobispo.com.br\/?p=4716","url":"https:\/\/blogdobispo.com.br\/?p=4716","name":"Ambulantes de Natal ser\u00e3o capacitados para o Carnaval de Rua com apoio do vereador Kleber Fernandes - Blog do Bispo","isPartOf":{"@id":"https:\/\/blogdobispo.com.br\/#website"},"primaryImageOfPage":{"@id":"https:\/\/blogdobispo.com.br\/?p=4716#primaryimage"},"image":{"@id":"https:\/\/blogdobispo.com.br\/?p=4716#primaryimage"},"thumbnailUrl":"https:\/\/blogdobispo.com.br\/wp-content\/uploads\/2025\/02\/754fd7a1-f716-4eea-9b8c-ec6322d322a8-1-577x1024.jpg","datePublished":"2025-02-26T18:35:35+00:00","breadcrumb":{"@id":"https:\/\/blogdobispo.com.br\/?p=4716#breadcrumb"},"inLanguage":"pt-BR","potentialAction":[{"@type":"ReadAction","target":["https:\/\/blogdobispo.com.br\/?p=4716"]}]},{"@type":"ImageObject","inLanguage":"pt-BR","@id":"https:\/\/blogdobispo.com.br\/?p=4716#primaryimage","url":"https:\/\/blogdobispo.com.br\/wp-content\/uploads\/2025\/02\/754fd7a1-f716-4eea-9b8c-ec6322d322a8-1-577x1024.jpg","contentUrl":"https:\/\/blogdobispo.com.br\/wp-content\/uploads\/2025\/02\/754fd7a1-f716-4eea-9b8c-ec6322d322a8-1-577x1024.jpg"},{"@type":"BreadcrumbList","@id":"https:\/\/blogdobispo.com.br\/?p=4716#breadcrumb","itemListElement":[{"@type":"ListItem","position":1,"name":"In\u00edcio","item":"https:\/\/blogdobispo.com.br\/"},{"@type":"ListItem","position":2,"name":"Ambulantes de Natal ser\u00e3o capacitados para o Carnaval de Rua com apoio do vereador Kleber Fernandes"}]},{"@type":"WebSite","@id":"https:\/\/blogdobispo.com.br\/#website","url":"https:\/\/blogdobispo.com.br\/","name":"Blog do Bispo","description":"Comprometido apenas com o leitor","publisher":{"@id":"https:\/\/blogdobispo.com.br\/#organization"},"potentialAction":[{"@type":"SearchAction","target":{"@type":"EntryPoint","urlTemplate":"https:\/\/blogdobispo.com.br\/?s={search_term_string}"},"query-input":{"@type":"PropertyValueSpecification","valueRequired":true,"valueName":"search_term_string"}}],"inLanguage":"pt-BR"},{"@type":"Organization","@id":"https:\/\/blogdobispo.com.br\/#organization","name":"Blog do Bispo","url":"https:\/\/blogdobispo.com.br\/","logo":{"@type":"ImageObject","inLanguage":"pt-BR","@id":"https:\/\/blogdobispo.com.br\/#\/schema\/logo\/image\/","url":"http:\/\/blogdobispo.com.br\/wp-content\/uploads\/2023\/05\/cropped-headear.png","contentUrl":"http:\/\/blogdobispo.com.br\/wp-content\/uploads\/2023\/05\/cropped-headear.png","width":1500,"height":399,"caption":"Blog do Bispo"},"image":{"@id":"https:\/\/blogdobispo.com.br\/#\/schema\/logo\/image\/"}},{"@type":"Person","@id":"https:\/\/blogdobispo.com.br\/#\/schema\/person\/e2209cc0e6cea5c5233d033e997b373f","name":"Jefferson Sterfeno","image":{"@type":"ImageObject","inLanguage":"pt-BR","@id":"https:\/\/blogdobispo.com.br\/#\/schema\/person\/image\/","url":"https:\/\/secure.gravatar.com\/avatar\/0534e84764641168a677026b6d57a3f51dc7ac4db0b4f6186d9cb330d4ee1160?s=96&d=mm&r=g","contentUrl":"https:\/\/secure.gravatar.com\/avatar\/0534e84764641168a677026b6d57a3f51dc7ac4db0b4f6186d9cb330d4ee1160?s=96&d=mm&r=g","caption":"Jefferson Sterfeno"},"sameAs":["http:\/\/blogdobispo.com.br"],"url":"https:\/\/blogdobispo.com.br\/?author=1"}]}},"featured_image_urls":{"full":"","thumbnail":"","medium":"","medium_large":"","large":"","1536x1536":"","2048x2048":""},"author_info":{"display_name":"Jefferson Sterfeno","author_link":"https:\/\/blogdobispo.com.br\/?author=1"},"category_info":"<a href=\"https:\/\/blogdobispo.com.br\/?cat=1\" rel=\"category\">diversos<\/a>","tag_info":"diversos","comment_count":"0","jetpack_featured_media_url":"","jetpack_sharing_enabled":true,"_links":{"self":[{"href":"https:\/\/blogdobispo.com.br\/index.php?rest_route=\/wp\/v2\/posts\/4716","targetHints":{"allow":["GET"]}}],"collection":[{"href":"https:\/\/blogdobispo.com.br\/index.php?rest_route=\/wp\/v2\/posts"}],"about":[{"href":"https:\/\/blogdobispo.com.br\/index.php?rest_route=\/wp\/v2\/types\/post"}],"author":[{"embeddable":true,"href":"https:\/\/blogdobispo.com.br\/index.php?rest_route=\/wp\/v2\/users\/1"}],"replies":[{"embeddable":true,"href":"https:\/\/blogdobispo.com.br\/index.php?rest_route=%2Fwp%2Fv2%2Fcomments&post=4716"}],"version-history":[{"count":0,"href":"https:\/\/blogdobispo.com.br\/index.php?rest_route=\/wp\/v2\/posts\/4716\/revisions"}],"wp:attachment":[{"href":"https:\/\/blogdobispo.com.br\/index.php?rest_route=%2Fwp%2Fv2%2Fmedia&parent=4716"}],"wp:term":[{"taxonomy":"category","embeddable":true,"href":"https:\/\/blogdobispo.com.br\/index.php?rest_route=%2Fwp%2Fv2%2Fcategories&post=4716"},{"taxonomy":"post_tag","embeddable":true,"href":"https:\/\/blogdobispo.com.br\/index.php?rest_route=%2Fwp%2Fv2%2Ftags&post=4716"}],"curies":[{"name":"wp","href":"https:\/\/api.w.org\/{rel}","templated":true}]}}