{"id":4712,"date":"2025-02-26T13:28:27","date_gmt":"2025-02-26T13:28:27","guid":{"rendered":"https:\/\/blogdobispo.com.br\/?p=4712"},"modified":"2025-02-26T13:28:27","modified_gmt":"2025-02-26T13:28:27","slug":"cmn-aprova-projeto-de-luciano-nascimento-para-inclusao-educacional-de-criancas-com-espectro-autista-e-outras-deficiencias","status":"publish","type":"post","link":"https:\/\/blogdobispo.com.br\/?p=4712","title":{"rendered":"CMN aprova projeto de Luciano Nascimento para inclus\u00e3o educacional de crian\u00e7as com espectro autista e outras defici\u00eancias"},"content":{"rendered":"\n<figure class=\"wp-block-image size-large\"><img data-recalc-dims=\"1\" fetchpriority=\"high\" decoding=\"async\" width=\"768\" height=\"1024\" src=\"https:\/\/i0.wp.com\/blogdobispo.com.br\/wp-content\/uploads\/2025\/02\/28894712-93c5-4bbf-a8d5-0a4a87b87abf-1-768x1024.jpg?resize=768%2C1024&#038;ssl=1\" class=\"wp-image-4711\" srcset=\"https:\/\/i0.wp.com\/blogdobispo.com.br\/wp-content\/uploads\/2025\/02\/28894712-93c5-4bbf-a8d5-0a4a87b87abf-1.jpg?resize=768%2C1024&amp;ssl=1 768w, https:\/\/i0.wp.com\/blogdobispo.com.br\/wp-content\/uploads\/2025\/02\/28894712-93c5-4bbf-a8d5-0a4a87b87abf-1.jpg?resize=225%2C300&amp;ssl=1 225w, https:\/\/i0.wp.com\/blogdobispo.com.br\/wp-content\/uploads\/2025\/02\/28894712-93c5-4bbf-a8d5-0a4a87b87abf-1.jpg?resize=1152%2C1536&amp;ssl=1 1152w, https:\/\/i0.wp.com\/blogdobispo.com.br\/wp-content\/uploads\/2025\/02\/28894712-93c5-4bbf-a8d5-0a4a87b87abf-1.jpg?resize=1024%2C1365&amp;ssl=1 1024w, https:\/\/i0.wp.com\/blogdobispo.com.br\/wp-content\/uploads\/2025\/02\/28894712-93c5-4bbf-a8d5-0a4a87b87abf-1.jpg?w=1500&amp;ssl=1 1500w\" sizes=\"(max-width: 768px) 100vw, 768px\" \/><\/figure>\n\n\n\n<h1 class=\"wp-block-heading wpr-post-title\"><\/h1>\n\n\n\n<p>A C\u00e2mara Municipal de Natal aprovou, nesta semana, o projeto de lei de autoria do vereador Luciano Nascimento que institui o Programa de Qualifica\u00e7\u00e3o do Magist\u00e9rio e Assist\u00eancia Especial de Apoio Educacional na rede municipal de ensino. A iniciativa tem o objetivo de garantir capacita\u00e7\u00e3o para professores e oferecer suporte adequado a alunos com transtorno do espectro autista, comorbidades e outras defici\u00eancias de natureza sensorial, intelectual e f\u00edsica.<\/p>\n\n\n\n<p>O projeto recebeu amplo apoio na Casa, sendo subscrito por 10 vereadores, o que demonstra a import\u00e2ncia da pauta para a educa\u00e7\u00e3o p\u00fablica de Natal. A proposta prev\u00ea que o munic\u00edpio promova cursos de forma\u00e7\u00e3o para os educadores e possa firmar conv\u00eanios com entidades especializadas para fortalecer a inclus\u00e3o no ambiente escolar.<\/p>\n\n\n\n<p>Para Luciano Nascimento, a aprova\u00e7\u00e3o da mat\u00e9ria representa um avan\u00e7o significativo na luta por uma educa\u00e7\u00e3o mais justa e acess\u00edvel. \u201cEssa \u00e9 uma conquista para os alunos, fam\u00edlias e professores da nossa cidade. Sabemos dos desafios enfrentados diariamente por crian\u00e7as que precisam de um atendimento especializado e pelos profissionais que se dedicam a essa miss\u00e3o. Com essa lei, estamos dando um passo importante para garantir que cada estudante tenha o suporte necess\u00e1rio para seu aprendizado e desenvolvimento\u201d, destacou o vereador.<\/p>\n\n\n\n<p>O projeto agora segue para san\u00e7\u00e3o do Executivo e, uma vez publicado, passar\u00e1 a valer para todas as escolas da rede municipal de ensino.<\/p>\n","protected":false},"excerpt":{"rendered":"<p>A C\u00e2mara Municipal de Natal aprovou, nesta semana, o projeto de lei de autoria do vereador Luciano Nascimento que institui o Programa de Qualifica\u00e7\u00e3o do Magist\u00e9rio e Assist\u00eancia Especial de Apoio Educacional na rede municipal de ensino. A iniciativa tem o objetivo de garantir capacita\u00e7\u00e3o para professores e oferecer suporte adequado a alunos com transtorno [&hellip;]<\/p>\n","protected":false},"author":1,"featured_media":0,"comment_status":"open","ping_status":"open","sticky":false,"template":"","format":"standard","meta":{"cybocfi_hide_featured_image":"","_jetpack_memberships_contains_paid_content":false,"footnotes":""},"categories":[1],"tags":[],"class_list":["post-4712","post","type-post","status-publish","format-standard","hentry","category-diversos"],"yoast_head":"<!-- This site is optimized with the Yoast SEO plugin v25.6 - https:\/\/yoast.com\/wordpress\/plugins\/seo\/ -->\n<title>CMN aprova projeto de Luciano Nascimento para inclus\u00e3o educacional de crian\u00e7as com espectro autista e outras defici\u00eancias - Blog do Bispo<\/title>\n<meta name=\"robots\" content=\"index, follow, max-snippet:-1, max-image-preview:large, max-video-preview:-1\" \/>\n<link rel=\"canonical\" href=\"https:\/\/blogdobispo.com.br\/?p=4712\" \/>\n<meta property=\"og:locale\" content=\"pt_BR\" \/>\n<meta property=\"og:type\" content=\"article\" \/>\n<meta property=\"og:title\" content=\"CMN aprova projeto de Luciano Nascimento para inclus\u00e3o educacional de crian\u00e7as com espectro autista e outras defici\u00eancias - Blog do Bispo\" \/>\n<meta property=\"og:description\" content=\"A C\u00e2mara Municipal de Natal aprovou, nesta semana, o projeto de lei de autoria do vereador Luciano Nascimento que institui o Programa de Qualifica\u00e7\u00e3o do Magist\u00e9rio e Assist\u00eancia Especial de Apoio Educacional na rede municipal de ensino. A iniciativa tem o objetivo de garantir capacita\u00e7\u00e3o para professores e oferecer suporte adequado a alunos com transtorno [&hellip;]\" \/>\n<meta property=\"og:url\" content=\"https:\/\/blogdobispo.com.br\/?p=4712\" \/>\n<meta property=\"og:site_name\" content=\"Blog do Bispo\" \/>\n<meta property=\"article:published_time\" content=\"2025-02-26T13:28:27+00:00\" \/>\n<meta property=\"og:image\" content=\"https:\/\/blogdobispo.com.br\/wp-content\/uploads\/2025\/02\/28894712-93c5-4bbf-a8d5-0a4a87b87abf-1-768x1024.jpg\" \/>\n<meta name=\"author\" content=\"Jefferson Sterfeno\" \/>\n<meta name=\"twitter:card\" content=\"summary_large_image\" \/>\n<meta name=\"twitter:label1\" content=\"Escrito por\" \/>\n\t<meta name=\"twitter:data1\" content=\"Jefferson Sterfeno\" \/>\n\t<meta name=\"twitter:label2\" content=\"Est. tempo de leitura\" \/>\n\t<meta name=\"twitter:data2\" content=\"1 minuto\" \/>\n<script type=\"application\/ld+json\" class=\"yoast-schema-graph\">{\"@context\":\"https:\/\/schema.org\",\"@graph\":[{\"@type\":\"Article\",\"@id\":\"https:\/\/blogdobispo.com.br\/?p=4712#article\",\"isPartOf\":{\"@id\":\"https:\/\/blogdobispo.com.br\/?p=4712\"},\"author\":{\"name\":\"Jefferson Sterfeno\",\"@id\":\"https:\/\/blogdobispo.com.br\/#\/schema\/person\/e2209cc0e6cea5c5233d033e997b373f\"},\"headline\":\"CMN aprova projeto de Luciano Nascimento para inclus\u00e3o educacional de crian\u00e7as com espectro autista e outras defici\u00eancias\",\"datePublished\":\"2025-02-26T13:28:27+00:00\",\"mainEntityOfPage\":{\"@id\":\"https:\/\/blogdobispo.com.br\/?p=4712\"},\"wordCount\":266,\"commentCount\":0,\"publisher\":{\"@id\":\"https:\/\/blogdobispo.com.br\/#organization\"},\"image\":{\"@id\":\"https:\/\/blogdobispo.com.br\/?p=4712#primaryimage\"},\"thumbnailUrl\":\"https:\/\/blogdobispo.com.br\/wp-content\/uploads\/2025\/02\/28894712-93c5-4bbf-a8d5-0a4a87b87abf-1-768x1024.jpg\",\"articleSection\":[\"diversos\"],\"inLanguage\":\"pt-BR\",\"potentialAction\":[{\"@type\":\"CommentAction\",\"name\":\"Comment\",\"target\":[\"https:\/\/blogdobispo.com.br\/?p=4712#respond\"]}]},{\"@type\":\"WebPage\",\"@id\":\"https:\/\/blogdobispo.com.br\/?p=4712\",\"url\":\"https:\/\/blogdobispo.com.br\/?p=4712\",\"name\":\"CMN aprova projeto de Luciano Nascimento para inclus\u00e3o educacional de crian\u00e7as com espectro autista e outras defici\u00eancias - Blog do Bispo\",\"isPartOf\":{\"@id\":\"https:\/\/blogdobispo.com.br\/#website\"},\"primaryImageOfPage\":{\"@id\":\"https:\/\/blogdobispo.com.br\/?p=4712#primaryimage\"},\"image\":{\"@id\":\"https:\/\/blogdobispo.com.br\/?p=4712#primaryimage\"},\"thumbnailUrl\":\"https:\/\/blogdobispo.com.br\/wp-content\/uploads\/2025\/02\/28894712-93c5-4bbf-a8d5-0a4a87b87abf-1-768x1024.jpg\",\"datePublished\":\"2025-02-26T13:28:27+00:00\",\"breadcrumb\":{\"@id\":\"https:\/\/blogdobispo.com.br\/?p=4712#breadcrumb\"},\"inLanguage\":\"pt-BR\",\"potentialAction\":[{\"@type\":\"ReadAction\",\"target\":[\"https:\/\/blogdobispo.com.br\/?p=4712\"]}]},{\"@type\":\"ImageObject\",\"inLanguage\":\"pt-BR\",\"@id\":\"https:\/\/blogdobispo.com.br\/?p=4712#primaryimage\",\"url\":\"https:\/\/blogdobispo.com.br\/wp-content\/uploads\/2025\/02\/28894712-93c5-4bbf-a8d5-0a4a87b87abf-1-768x1024.jpg\",\"contentUrl\":\"https:\/\/blogdobispo.com.br\/wp-content\/uploads\/2025\/02\/28894712-93c5-4bbf-a8d5-0a4a87b87abf-1-768x1024.jpg\"},{\"@type\":\"BreadcrumbList\",\"@id\":\"https:\/\/blogdobispo.com.br\/?p=4712#breadcrumb\",\"itemListElement\":[{\"@type\":\"ListItem\",\"position\":1,\"name\":\"In\u00edcio\",\"item\":\"https:\/\/blogdobispo.com.br\/\"},{\"@type\":\"ListItem\",\"position\":2,\"name\":\"CMN aprova projeto de Luciano Nascimento para inclus\u00e3o educacional de crian\u00e7as com espectro autista e outras defici\u00eancias\"}]},{\"@type\":\"WebSite\",\"@id\":\"https:\/\/blogdobispo.com.br\/#website\",\"url\":\"https:\/\/blogdobispo.com.br\/\",\"name\":\"Blog do Bispo\",\"description\":\"Comprometido apenas com o leitor\",\"publisher\":{\"@id\":\"https:\/\/blogdobispo.com.br\/#organization\"},\"potentialAction\":[{\"@type\":\"SearchAction\",\"target\":{\"@type\":\"EntryPoint\",\"urlTemplate\":\"https:\/\/blogdobispo.com.br\/?s={search_term_string}\"},\"query-input\":{\"@type\":\"PropertyValueSpecification\",\"valueRequired\":true,\"valueName\":\"search_term_string\"}}],\"inLanguage\":\"pt-BR\"},{\"@type\":\"Organization\",\"@id\":\"https:\/\/blogdobispo.com.br\/#organization\",\"name\":\"Blog do Bispo\",\"url\":\"https:\/\/blogdobispo.com.br\/\",\"logo\":{\"@type\":\"ImageObject\",\"inLanguage\":\"pt-BR\",\"@id\":\"https:\/\/blogdobispo.com.br\/#\/schema\/logo\/image\/\",\"url\":\"http:\/\/blogdobispo.com.br\/wp-content\/uploads\/2023\/05\/cropped-headear.png\",\"contentUrl\":\"http:\/\/blogdobispo.com.br\/wp-content\/uploads\/2023\/05\/cropped-headear.png\",\"width\":1500,\"height\":399,\"caption\":\"Blog do Bispo\"},\"image\":{\"@id\":\"https:\/\/blogdobispo.com.br\/#\/schema\/logo\/image\/\"}},{\"@type\":\"Person\",\"@id\":\"https:\/\/blogdobispo.com.br\/#\/schema\/person\/e2209cc0e6cea5c5233d033e997b373f\",\"name\":\"Jefferson Sterfeno\",\"image\":{\"@type\":\"ImageObject\",\"inLanguage\":\"pt-BR\",\"@id\":\"https:\/\/blogdobispo.com.br\/#\/schema\/person\/image\/\",\"url\":\"https:\/\/secure.gravatar.com\/avatar\/0534e84764641168a677026b6d57a3f51dc7ac4db0b4f6186d9cb330d4ee1160?s=96&d=mm&r=g\",\"contentUrl\":\"https:\/\/secure.gravatar.com\/avatar\/0534e84764641168a677026b6d57a3f51dc7ac4db0b4f6186d9cb330d4ee1160?s=96&d=mm&r=g\",\"caption\":\"Jefferson Sterfeno\"},\"sameAs\":[\"http:\/\/blogdobispo.com.br\"],\"url\":\"https:\/\/blogdobispo.com.br\/?author=1\"}]}<\/script>\n<!-- \/ Yoast SEO plugin. -->","yoast_head_json":{"title":"CMN aprova projeto de Luciano Nascimento para inclus\u00e3o educacional de crian\u00e7as com espectro autista e outras defici\u00eancias - Blog do Bispo","robots":{"index":"index","follow":"follow","max-snippet":"max-snippet:-1","max-image-preview":"max-image-preview:large","max-video-preview":"max-video-preview:-1"},"canonical":"https:\/\/blogdobispo.com.br\/?p=4712","og_locale":"pt_BR","og_type":"article","og_title":"CMN aprova projeto de Luciano Nascimento para inclus\u00e3o educacional de crian\u00e7as com espectro autista e outras defici\u00eancias - Blog do Bispo","og_description":"A C\u00e2mara Municipal de Natal aprovou, nesta semana, o projeto de lei de autoria do vereador Luciano Nascimento que institui o Programa de Qualifica\u00e7\u00e3o do Magist\u00e9rio e Assist\u00eancia Especial de Apoio Educacional na rede municipal de ensino. A iniciativa tem o objetivo de garantir capacita\u00e7\u00e3o para professores e oferecer suporte adequado a alunos com transtorno [&hellip;]","og_url":"https:\/\/blogdobispo.com.br\/?p=4712","og_site_name":"Blog do Bispo","article_published_time":"2025-02-26T13:28:27+00:00","og_image":[{"url":"https:\/\/blogdobispo.com.br\/wp-content\/uploads\/2025\/02\/28894712-93c5-4bbf-a8d5-0a4a87b87abf-1-768x1024.jpg","type":"","width":"","height":""}],"author":"Jefferson Sterfeno","twitter_card":"summary_large_image","twitter_misc":{"Escrito por":"Jefferson Sterfeno","Est. tempo de leitura":"1 minuto"},"schema":{"@context":"https:\/\/schema.org","@graph":[{"@type":"Article","@id":"https:\/\/blogdobispo.com.br\/?p=4712#article","isPartOf":{"@id":"https:\/\/blogdobispo.com.br\/?p=4712"},"author":{"name":"Jefferson Sterfeno","@id":"https:\/\/blogdobispo.com.br\/#\/schema\/person\/e2209cc0e6cea5c5233d033e997b373f"},"headline":"CMN aprova projeto de Luciano Nascimento para inclus\u00e3o educacional de crian\u00e7as com espectro autista e outras defici\u00eancias","datePublished":"2025-02-26T13:28:27+00:00","mainEntityOfPage":{"@id":"https:\/\/blogdobispo.com.br\/?p=4712"},"wordCount":266,"commentCount":0,"publisher":{"@id":"https:\/\/blogdobispo.com.br\/#organization"},"image":{"@id":"https:\/\/blogdobispo.com.br\/?p=4712#primaryimage"},"thumbnailUrl":"https:\/\/blogdobispo.com.br\/wp-content\/uploads\/2025\/02\/28894712-93c5-4bbf-a8d5-0a4a87b87abf-1-768x1024.jpg","articleSection":["diversos"],"inLanguage":"pt-BR","potentialAction":[{"@type":"CommentAction","name":"Comment","target":["https:\/\/blogdobispo.com.br\/?p=4712#respond"]}]},{"@type":"WebPage","@id":"https:\/\/blogdobispo.com.br\/?p=4712","url":"https:\/\/blogdobispo.com.br\/?p=4712","name":"CMN aprova projeto de Luciano Nascimento para inclus\u00e3o educacional de crian\u00e7as com espectro autista e outras defici\u00eancias - Blog do Bispo","isPartOf":{"@id":"https:\/\/blogdobispo.com.br\/#website"},"primaryImageOfPage":{"@id":"https:\/\/blogdobispo.com.br\/?p=4712#primaryimage"},"image":{"@id":"https:\/\/blogdobispo.com.br\/?p=4712#primaryimage"},"thumbnailUrl":"https:\/\/blogdobispo.com.br\/wp-content\/uploads\/2025\/02\/28894712-93c5-4bbf-a8d5-0a4a87b87abf-1-768x1024.jpg","datePublished":"2025-02-26T13:28:27+00:00","breadcrumb":{"@id":"https:\/\/blogdobispo.com.br\/?p=4712#breadcrumb"},"inLanguage":"pt-BR","potentialAction":[{"@type":"ReadAction","target":["https:\/\/blogdobispo.com.br\/?p=4712"]}]},{"@type":"ImageObject","inLanguage":"pt-BR","@id":"https:\/\/blogdobispo.com.br\/?p=4712#primaryimage","url":"https:\/\/blogdobispo.com.br\/wp-content\/uploads\/2025\/02\/28894712-93c5-4bbf-a8d5-0a4a87b87abf-1-768x1024.jpg","contentUrl":"https:\/\/blogdobispo.com.br\/wp-content\/uploads\/2025\/02\/28894712-93c5-4bbf-a8d5-0a4a87b87abf-1-768x1024.jpg"},{"@type":"BreadcrumbList","@id":"https:\/\/blogdobispo.com.br\/?p=4712#breadcrumb","itemListElement":[{"@type":"ListItem","position":1,"name":"In\u00edcio","item":"https:\/\/blogdobispo.com.br\/"},{"@type":"ListItem","position":2,"name":"CMN aprova projeto de Luciano Nascimento para inclus\u00e3o educacional de crian\u00e7as com espectro autista e outras defici\u00eancias"}]},{"@type":"WebSite","@id":"https:\/\/blogdobispo.com.br\/#website","url":"https:\/\/blogdobispo.com.br\/","name":"Blog do Bispo","description":"Comprometido apenas com o leitor","publisher":{"@id":"https:\/\/blogdobispo.com.br\/#organization"},"potentialAction":[{"@type":"SearchAction","target":{"@type":"EntryPoint","urlTemplate":"https:\/\/blogdobispo.com.br\/?s={search_term_string}"},"query-input":{"@type":"PropertyValueSpecification","valueRequired":true,"valueName":"search_term_string"}}],"inLanguage":"pt-BR"},{"@type":"Organization","@id":"https:\/\/blogdobispo.com.br\/#organization","name":"Blog do Bispo","url":"https:\/\/blogdobispo.com.br\/","logo":{"@type":"ImageObject","inLanguage":"pt-BR","@id":"https:\/\/blogdobispo.com.br\/#\/schema\/logo\/image\/","url":"http:\/\/blogdobispo.com.br\/wp-content\/uploads\/2023\/05\/cropped-headear.png","contentUrl":"http:\/\/blogdobispo.com.br\/wp-content\/uploads\/2023\/05\/cropped-headear.png","width":1500,"height":399,"caption":"Blog do Bispo"},"image":{"@id":"https:\/\/blogdobispo.com.br\/#\/schema\/logo\/image\/"}},{"@type":"Person","@id":"https:\/\/blogdobispo.com.br\/#\/schema\/person\/e2209cc0e6cea5c5233d033e997b373f","name":"Jefferson Sterfeno","image":{"@type":"ImageObject","inLanguage":"pt-BR","@id":"https:\/\/blogdobispo.com.br\/#\/schema\/person\/image\/","url":"https:\/\/secure.gravatar.com\/avatar\/0534e84764641168a677026b6d57a3f51dc7ac4db0b4f6186d9cb330d4ee1160?s=96&d=mm&r=g","contentUrl":"https:\/\/secure.gravatar.com\/avatar\/0534e84764641168a677026b6d57a3f51dc7ac4db0b4f6186d9cb330d4ee1160?s=96&d=mm&r=g","caption":"Jefferson Sterfeno"},"sameAs":["http:\/\/blogdobispo.com.br"],"url":"https:\/\/blogdobispo.com.br\/?author=1"}]}},"featured_image_urls":{"full":"","thumbnail":"","medium":"","medium_large":"","large":"","1536x1536":"","2048x2048":""},"author_info":{"display_name":"Jefferson Sterfeno","author_link":"https:\/\/blogdobispo.com.br\/?author=1"},"category_info":"<a href=\"https:\/\/blogdobispo.com.br\/?cat=1\" rel=\"category\">diversos<\/a>","tag_info":"diversos","comment_count":"0","jetpack_featured_media_url":"","jetpack_sharing_enabled":true,"_links":{"self":[{"href":"https:\/\/blogdobispo.com.br\/index.php?rest_route=\/wp\/v2\/posts\/4712","targetHints":{"allow":["GET"]}}],"collection":[{"href":"https:\/\/blogdobispo.com.br\/index.php?rest_route=\/wp\/v2\/posts"}],"about":[{"href":"https:\/\/blogdobispo.com.br\/index.php?rest_route=\/wp\/v2\/types\/post"}],"author":[{"embeddable":true,"href":"https:\/\/blogdobispo.com.br\/index.php?rest_route=\/wp\/v2\/users\/1"}],"replies":[{"embeddable":true,"href":"https:\/\/blogdobispo.com.br\/index.php?rest_route=%2Fwp%2Fv2%2Fcomments&post=4712"}],"version-history":[{"count":0,"href":"https:\/\/blogdobispo.com.br\/index.php?rest_route=\/wp\/v2\/posts\/4712\/revisions"}],"wp:attachment":[{"href":"https:\/\/blogdobispo.com.br\/index.php?rest_route=%2Fwp%2Fv2%2Fmedia&parent=4712"}],"wp:term":[{"taxonomy":"category","embeddable":true,"href":"https:\/\/blogdobispo.com.br\/index.php?rest_route=%2Fwp%2Fv2%2Fcategories&post=4712"},{"taxonomy":"post_tag","embeddable":true,"href":"https:\/\/blogdobispo.com.br\/index.php?rest_route=%2Fwp%2Fv2%2Ftags&post=4712"}],"curies":[{"name":"wp","href":"https:\/\/api.w.org\/{rel}","templated":true}]}}