{"id":4708,"date":"2025-02-25T17:08:50","date_gmt":"2025-02-25T17:08:50","guid":{"rendered":"https:\/\/blogdobispo.com.br\/?p=4708"},"modified":"2025-02-25T17:08:50","modified_gmt":"2025-02-25T17:08:50","slug":"vereadoras-propoem-retorno-da-frente-parlamentar-em-defesa-da-mulher-na-camara","status":"publish","type":"post","link":"https:\/\/blogdobispo.com.br\/?p=4708","title":{"rendered":"Vereadoras prop\u00f5em retorno da Frente Parlamentar em Defesa da Mulher na C\u00e2mara"},"content":{"rendered":"\n<p>C\u00e2mara Municipal de Natal realizou, nesta ter\u00e7a-feira (25), a primeira reuni\u00e3o da Frente Parlamentar em Defesa da Mulher para definir retorno, composi\u00e7\u00e3o e a\u00e7\u00f5es de trabalho nesta nova legislatura, conforme novo regimento interno. O encontro contou com a presen\u00e7a das vereadoras Camila Ara\u00fajo (Uni\u00e3o Brasil), Brisa Bracchi (PT), Anne Lagartixa (Solidariedade), Samanda Alves (PT) e Thabatta Pimenta (PSOL).<\/p>\n\n\n\n<p>Durante a reuni\u00e3o, as parlamentares formalizaram o requerimento para a instala\u00e7\u00e3o do retorno da frente, que tem como objetivo debater e propor pol\u00edticas p\u00fablicas voltadas para as mulheres. A vereadora Brisa Bracchi (PT) destacou a import\u00e2ncia da iniciativa, lamentando a redu\u00e7\u00e3o da representatividade feminina na Casa.<\/p>\n\n\n\n<p>\u201cJ\u00e1 chegamos a ter nove parlamentares mulheres na C\u00e2mara, e hoje somos apenas cinco. Mesmo assim, seguimos firmes na luta. Estamos nos organizando para o m\u00eas de mar\u00e7o, quando teremos o Dia Internacional da Mulher. A C\u00e2mara promover\u00e1 uma audi\u00eancia p\u00fablica, uma solenidade de entrega da medalha de homenagem \u00e0s mulheres e a vota\u00e7\u00e3o de projetos voltados \u00e0s pol\u00edticas p\u00fablicas para as mulheres\u201d, afirmou Brisa.<\/p>\n\n\n\n<p>A parlamentar tamb\u00e9m ressaltou a relev\u00e2ncia da Frente Parlamentar em Defesa da Mulher no combate \u00e0 viol\u00eancia pol\u00edtica de g\u00eanero. \u201cVivemos um momento de aumento dos ataques \u00e0s mulheres na pol\u00edtica, simplesmente pelo fato de sermos mulheres. Por isso, essa frente se torna ainda mais essencial para garantir espa\u00e7o e voz \u00e0s parlamentares e \u00e0s mulheres da nossa cidade\u201d, concluiu.<\/p>\n\n\n\n<p>A expectativa \u00e9 que as atividades programadas para mar\u00e7o sejam divulgadas em breve.<\/p>\n\n\n\n<p>Texto: Phablo Galv\u00e3o&nbsp;<br>Fotos: Francisco de Assis<\/p>\n\n\n\n<figure class=\"wp-block-image size-large\"><img data-recalc-dims=\"1\" fetchpriority=\"high\" decoding=\"async\" width=\"800\" height=\"590\" src=\"https:\/\/i0.wp.com\/blogdobispo.com.br\/wp-content\/uploads\/2025\/02\/img_3026-1-1024x755.jpg?resize=800%2C590&#038;ssl=1\" class=\"wp-image-4707\" srcset=\"https:\/\/i0.wp.com\/blogdobispo.com.br\/wp-content\/uploads\/2025\/02\/img_3026-1.jpg?resize=1024%2C755&amp;ssl=1 1024w, https:\/\/i0.wp.com\/blogdobispo.com.br\/wp-content\/uploads\/2025\/02\/img_3026-1.jpg?resize=300%2C221&amp;ssl=1 300w, https:\/\/i0.wp.com\/blogdobispo.com.br\/wp-content\/uploads\/2025\/02\/img_3026-1.jpg?resize=768%2C566&amp;ssl=1 768w, https:\/\/i0.wp.com\/blogdobispo.com.br\/wp-content\/uploads\/2025\/02\/img_3026-1.jpg?resize=1536%2C1133&amp;ssl=1 1536w, https:\/\/i0.wp.com\/blogdobispo.com.br\/wp-content\/uploads\/2025\/02\/img_3026-1.jpg?w=1600&amp;ssl=1 1600w\" sizes=\"(max-width: 800px) 100vw, 800px\" \/><\/figure>\n","protected":false},"excerpt":{"rendered":"<p>C\u00e2mara Municipal de Natal realizou, nesta ter\u00e7a-feira (25), a primeira reuni\u00e3o da Frente Parlamentar em Defesa da Mulher para definir retorno, composi\u00e7\u00e3o e a\u00e7\u00f5es de trabalho nesta nova legislatura, conforme novo regimento interno. O encontro contou com a presen\u00e7a das vereadoras Camila Ara\u00fajo (Uni\u00e3o Brasil), Brisa Bracchi (PT), Anne Lagartixa (Solidariedade), Samanda Alves (PT) e [&hellip;]<\/p>\n","protected":false},"author":1,"featured_media":0,"comment_status":"open","ping_status":"open","sticky":false,"template":"","format":"standard","meta":{"cybocfi_hide_featured_image":"","_jetpack_memberships_contains_paid_content":false,"footnotes":""},"categories":[1],"tags":[],"class_list":["post-4708","post","type-post","status-publish","format-standard","hentry","category-diversos"],"yoast_head":"<!-- This site is optimized with the Yoast SEO plugin v25.6 - https:\/\/yoast.com\/wordpress\/plugins\/seo\/ -->\n<title>Vereadoras prop\u00f5em retorno da Frente Parlamentar em Defesa da Mulher na C\u00e2mara - Blog do Bispo<\/title>\n<meta name=\"robots\" content=\"index, follow, max-snippet:-1, max-image-preview:large, max-video-preview:-1\" \/>\n<link rel=\"canonical\" href=\"https:\/\/blogdobispo.com.br\/?p=4708\" \/>\n<meta property=\"og:locale\" content=\"pt_BR\" \/>\n<meta property=\"og:type\" content=\"article\" \/>\n<meta property=\"og:title\" content=\"Vereadoras prop\u00f5em retorno da Frente Parlamentar em Defesa da Mulher na C\u00e2mara - Blog do Bispo\" \/>\n<meta property=\"og:description\" content=\"C\u00e2mara Municipal de Natal realizou, nesta ter\u00e7a-feira (25), a primeira reuni\u00e3o da Frente Parlamentar em Defesa da Mulher para definir retorno, composi\u00e7\u00e3o e a\u00e7\u00f5es de trabalho nesta nova legislatura, conforme novo regimento interno. O encontro contou com a presen\u00e7a das vereadoras Camila Ara\u00fajo (Uni\u00e3o Brasil), Brisa Bracchi (PT), Anne Lagartixa (Solidariedade), Samanda Alves (PT) e [&hellip;]\" \/>\n<meta property=\"og:url\" content=\"https:\/\/blogdobispo.com.br\/?p=4708\" \/>\n<meta property=\"og:site_name\" content=\"Blog do Bispo\" \/>\n<meta property=\"article:published_time\" content=\"2025-02-25T17:08:50+00:00\" \/>\n<meta property=\"og:image\" content=\"https:\/\/blogdobispo.com.br\/wp-content\/uploads\/2025\/02\/img_3026-1-1024x755.jpg\" \/>\n<meta name=\"author\" content=\"Jefferson Sterfeno\" \/>\n<meta name=\"twitter:card\" content=\"summary_large_image\" \/>\n<meta name=\"twitter:label1\" content=\"Escrito por\" \/>\n\t<meta name=\"twitter:data1\" content=\"Jefferson Sterfeno\" \/>\n\t<meta name=\"twitter:label2\" content=\"Est. tempo de leitura\" \/>\n\t<meta name=\"twitter:data2\" content=\"1 minuto\" \/>\n<script type=\"application\/ld+json\" class=\"yoast-schema-graph\">{\"@context\":\"https:\/\/schema.org\",\"@graph\":[{\"@type\":\"Article\",\"@id\":\"https:\/\/blogdobispo.com.br\/?p=4708#article\",\"isPartOf\":{\"@id\":\"https:\/\/blogdobispo.com.br\/?p=4708\"},\"author\":{\"name\":\"Jefferson Sterfeno\",\"@id\":\"https:\/\/blogdobispo.com.br\/#\/schema\/person\/e2209cc0e6cea5c5233d033e997b373f\"},\"headline\":\"Vereadoras prop\u00f5em retorno da Frente Parlamentar em Defesa da Mulher na C\u00e2mara\",\"datePublished\":\"2025-02-25T17:08:50+00:00\",\"mainEntityOfPage\":{\"@id\":\"https:\/\/blogdobispo.com.br\/?p=4708\"},\"wordCount\":293,\"commentCount\":0,\"publisher\":{\"@id\":\"https:\/\/blogdobispo.com.br\/#organization\"},\"image\":{\"@id\":\"https:\/\/blogdobispo.com.br\/?p=4708#primaryimage\"},\"thumbnailUrl\":\"https:\/\/blogdobispo.com.br\/wp-content\/uploads\/2025\/02\/img_3026-1-1024x755.jpg\",\"articleSection\":[\"diversos\"],\"inLanguage\":\"pt-BR\",\"potentialAction\":[{\"@type\":\"CommentAction\",\"name\":\"Comment\",\"target\":[\"https:\/\/blogdobispo.com.br\/?p=4708#respond\"]}]},{\"@type\":\"WebPage\",\"@id\":\"https:\/\/blogdobispo.com.br\/?p=4708\",\"url\":\"https:\/\/blogdobispo.com.br\/?p=4708\",\"name\":\"Vereadoras prop\u00f5em retorno da Frente Parlamentar em Defesa da Mulher na C\u00e2mara - Blog do Bispo\",\"isPartOf\":{\"@id\":\"https:\/\/blogdobispo.com.br\/#website\"},\"primaryImageOfPage\":{\"@id\":\"https:\/\/blogdobispo.com.br\/?p=4708#primaryimage\"},\"image\":{\"@id\":\"https:\/\/blogdobispo.com.br\/?p=4708#primaryimage\"},\"thumbnailUrl\":\"https:\/\/blogdobispo.com.br\/wp-content\/uploads\/2025\/02\/img_3026-1-1024x755.jpg\",\"datePublished\":\"2025-02-25T17:08:50+00:00\",\"breadcrumb\":{\"@id\":\"https:\/\/blogdobispo.com.br\/?p=4708#breadcrumb\"},\"inLanguage\":\"pt-BR\",\"potentialAction\":[{\"@type\":\"ReadAction\",\"target\":[\"https:\/\/blogdobispo.com.br\/?p=4708\"]}]},{\"@type\":\"ImageObject\",\"inLanguage\":\"pt-BR\",\"@id\":\"https:\/\/blogdobispo.com.br\/?p=4708#primaryimage\",\"url\":\"https:\/\/blogdobispo.com.br\/wp-content\/uploads\/2025\/02\/img_3026-1-1024x755.jpg\",\"contentUrl\":\"https:\/\/blogdobispo.com.br\/wp-content\/uploads\/2025\/02\/img_3026-1-1024x755.jpg\"},{\"@type\":\"BreadcrumbList\",\"@id\":\"https:\/\/blogdobispo.com.br\/?p=4708#breadcrumb\",\"itemListElement\":[{\"@type\":\"ListItem\",\"position\":1,\"name\":\"In\u00edcio\",\"item\":\"https:\/\/blogdobispo.com.br\/\"},{\"@type\":\"ListItem\",\"position\":2,\"name\":\"Vereadoras prop\u00f5em retorno da Frente Parlamentar em Defesa da Mulher na C\u00e2mara\"}]},{\"@type\":\"WebSite\",\"@id\":\"https:\/\/blogdobispo.com.br\/#website\",\"url\":\"https:\/\/blogdobispo.com.br\/\",\"name\":\"Blog do Bispo\",\"description\":\"Comprometido apenas com o leitor\",\"publisher\":{\"@id\":\"https:\/\/blogdobispo.com.br\/#organization\"},\"potentialAction\":[{\"@type\":\"SearchAction\",\"target\":{\"@type\":\"EntryPoint\",\"urlTemplate\":\"https:\/\/blogdobispo.com.br\/?s={search_term_string}\"},\"query-input\":{\"@type\":\"PropertyValueSpecification\",\"valueRequired\":true,\"valueName\":\"search_term_string\"}}],\"inLanguage\":\"pt-BR\"},{\"@type\":\"Organization\",\"@id\":\"https:\/\/blogdobispo.com.br\/#organization\",\"name\":\"Blog do Bispo\",\"url\":\"https:\/\/blogdobispo.com.br\/\",\"logo\":{\"@type\":\"ImageObject\",\"inLanguage\":\"pt-BR\",\"@id\":\"https:\/\/blogdobispo.com.br\/#\/schema\/logo\/image\/\",\"url\":\"http:\/\/blogdobispo.com.br\/wp-content\/uploads\/2023\/05\/cropped-headear.png\",\"contentUrl\":\"http:\/\/blogdobispo.com.br\/wp-content\/uploads\/2023\/05\/cropped-headear.png\",\"width\":1500,\"height\":399,\"caption\":\"Blog do Bispo\"},\"image\":{\"@id\":\"https:\/\/blogdobispo.com.br\/#\/schema\/logo\/image\/\"}},{\"@type\":\"Person\",\"@id\":\"https:\/\/blogdobispo.com.br\/#\/schema\/person\/e2209cc0e6cea5c5233d033e997b373f\",\"name\":\"Jefferson Sterfeno\",\"image\":{\"@type\":\"ImageObject\",\"inLanguage\":\"pt-BR\",\"@id\":\"https:\/\/blogdobispo.com.br\/#\/schema\/person\/image\/\",\"url\":\"https:\/\/secure.gravatar.com\/avatar\/0534e84764641168a677026b6d57a3f51dc7ac4db0b4f6186d9cb330d4ee1160?s=96&d=mm&r=g\",\"contentUrl\":\"https:\/\/secure.gravatar.com\/avatar\/0534e84764641168a677026b6d57a3f51dc7ac4db0b4f6186d9cb330d4ee1160?s=96&d=mm&r=g\",\"caption\":\"Jefferson Sterfeno\"},\"sameAs\":[\"http:\/\/blogdobispo.com.br\"],\"url\":\"https:\/\/blogdobispo.com.br\/?author=1\"}]}<\/script>\n<!-- \/ Yoast SEO plugin. -->","yoast_head_json":{"title":"Vereadoras prop\u00f5em retorno da Frente Parlamentar em Defesa da Mulher na C\u00e2mara - Blog do Bispo","robots":{"index":"index","follow":"follow","max-snippet":"max-snippet:-1","max-image-preview":"max-image-preview:large","max-video-preview":"max-video-preview:-1"},"canonical":"https:\/\/blogdobispo.com.br\/?p=4708","og_locale":"pt_BR","og_type":"article","og_title":"Vereadoras prop\u00f5em retorno da Frente Parlamentar em Defesa da Mulher na C\u00e2mara - Blog do Bispo","og_description":"C\u00e2mara Municipal de Natal realizou, nesta ter\u00e7a-feira (25), a primeira reuni\u00e3o da Frente Parlamentar em Defesa da Mulher para definir retorno, composi\u00e7\u00e3o e a\u00e7\u00f5es de trabalho nesta nova legislatura, conforme novo regimento interno. O encontro contou com a presen\u00e7a das vereadoras Camila Ara\u00fajo (Uni\u00e3o Brasil), Brisa Bracchi (PT), Anne Lagartixa (Solidariedade), Samanda Alves (PT) e [&hellip;]","og_url":"https:\/\/blogdobispo.com.br\/?p=4708","og_site_name":"Blog do Bispo","article_published_time":"2025-02-25T17:08:50+00:00","og_image":[{"url":"https:\/\/blogdobispo.com.br\/wp-content\/uploads\/2025\/02\/img_3026-1-1024x755.jpg","type":"","width":"","height":""}],"author":"Jefferson Sterfeno","twitter_card":"summary_large_image","twitter_misc":{"Escrito por":"Jefferson Sterfeno","Est. tempo de leitura":"1 minuto"},"schema":{"@context":"https:\/\/schema.org","@graph":[{"@type":"Article","@id":"https:\/\/blogdobispo.com.br\/?p=4708#article","isPartOf":{"@id":"https:\/\/blogdobispo.com.br\/?p=4708"},"author":{"name":"Jefferson Sterfeno","@id":"https:\/\/blogdobispo.com.br\/#\/schema\/person\/e2209cc0e6cea5c5233d033e997b373f"},"headline":"Vereadoras prop\u00f5em retorno da Frente Parlamentar em Defesa da Mulher na C\u00e2mara","datePublished":"2025-02-25T17:08:50+00:00","mainEntityOfPage":{"@id":"https:\/\/blogdobispo.com.br\/?p=4708"},"wordCount":293,"commentCount":0,"publisher":{"@id":"https:\/\/blogdobispo.com.br\/#organization"},"image":{"@id":"https:\/\/blogdobispo.com.br\/?p=4708#primaryimage"},"thumbnailUrl":"https:\/\/blogdobispo.com.br\/wp-content\/uploads\/2025\/02\/img_3026-1-1024x755.jpg","articleSection":["diversos"],"inLanguage":"pt-BR","potentialAction":[{"@type":"CommentAction","name":"Comment","target":["https:\/\/blogdobispo.com.br\/?p=4708#respond"]}]},{"@type":"WebPage","@id":"https:\/\/blogdobispo.com.br\/?p=4708","url":"https:\/\/blogdobispo.com.br\/?p=4708","name":"Vereadoras prop\u00f5em retorno da Frente Parlamentar em Defesa da Mulher na C\u00e2mara - Blog do Bispo","isPartOf":{"@id":"https:\/\/blogdobispo.com.br\/#website"},"primaryImageOfPage":{"@id":"https:\/\/blogdobispo.com.br\/?p=4708#primaryimage"},"image":{"@id":"https:\/\/blogdobispo.com.br\/?p=4708#primaryimage"},"thumbnailUrl":"https:\/\/blogdobispo.com.br\/wp-content\/uploads\/2025\/02\/img_3026-1-1024x755.jpg","datePublished":"2025-02-25T17:08:50+00:00","breadcrumb":{"@id":"https:\/\/blogdobispo.com.br\/?p=4708#breadcrumb"},"inLanguage":"pt-BR","potentialAction":[{"@type":"ReadAction","target":["https:\/\/blogdobispo.com.br\/?p=4708"]}]},{"@type":"ImageObject","inLanguage":"pt-BR","@id":"https:\/\/blogdobispo.com.br\/?p=4708#primaryimage","url":"https:\/\/blogdobispo.com.br\/wp-content\/uploads\/2025\/02\/img_3026-1-1024x755.jpg","contentUrl":"https:\/\/blogdobispo.com.br\/wp-content\/uploads\/2025\/02\/img_3026-1-1024x755.jpg"},{"@type":"BreadcrumbList","@id":"https:\/\/blogdobispo.com.br\/?p=4708#breadcrumb","itemListElement":[{"@type":"ListItem","position":1,"name":"In\u00edcio","item":"https:\/\/blogdobispo.com.br\/"},{"@type":"ListItem","position":2,"name":"Vereadoras prop\u00f5em retorno da Frente Parlamentar em Defesa da Mulher na C\u00e2mara"}]},{"@type":"WebSite","@id":"https:\/\/blogdobispo.com.br\/#website","url":"https:\/\/blogdobispo.com.br\/","name":"Blog do Bispo","description":"Comprometido apenas com o leitor","publisher":{"@id":"https:\/\/blogdobispo.com.br\/#organization"},"potentialAction":[{"@type":"SearchAction","target":{"@type":"EntryPoint","urlTemplate":"https:\/\/blogdobispo.com.br\/?s={search_term_string}"},"query-input":{"@type":"PropertyValueSpecification","valueRequired":true,"valueName":"search_term_string"}}],"inLanguage":"pt-BR"},{"@type":"Organization","@id":"https:\/\/blogdobispo.com.br\/#organization","name":"Blog do Bispo","url":"https:\/\/blogdobispo.com.br\/","logo":{"@type":"ImageObject","inLanguage":"pt-BR","@id":"https:\/\/blogdobispo.com.br\/#\/schema\/logo\/image\/","url":"http:\/\/blogdobispo.com.br\/wp-content\/uploads\/2023\/05\/cropped-headear.png","contentUrl":"http:\/\/blogdobispo.com.br\/wp-content\/uploads\/2023\/05\/cropped-headear.png","width":1500,"height":399,"caption":"Blog do Bispo"},"image":{"@id":"https:\/\/blogdobispo.com.br\/#\/schema\/logo\/image\/"}},{"@type":"Person","@id":"https:\/\/blogdobispo.com.br\/#\/schema\/person\/e2209cc0e6cea5c5233d033e997b373f","name":"Jefferson Sterfeno","image":{"@type":"ImageObject","inLanguage":"pt-BR","@id":"https:\/\/blogdobispo.com.br\/#\/schema\/person\/image\/","url":"https:\/\/secure.gravatar.com\/avatar\/0534e84764641168a677026b6d57a3f51dc7ac4db0b4f6186d9cb330d4ee1160?s=96&d=mm&r=g","contentUrl":"https:\/\/secure.gravatar.com\/avatar\/0534e84764641168a677026b6d57a3f51dc7ac4db0b4f6186d9cb330d4ee1160?s=96&d=mm&r=g","caption":"Jefferson Sterfeno"},"sameAs":["http:\/\/blogdobispo.com.br"],"url":"https:\/\/blogdobispo.com.br\/?author=1"}]}},"featured_image_urls":{"full":"","thumbnail":"","medium":"","medium_large":"","large":"","1536x1536":"","2048x2048":""},"author_info":{"display_name":"Jefferson Sterfeno","author_link":"https:\/\/blogdobispo.com.br\/?author=1"},"category_info":"<a href=\"https:\/\/blogdobispo.com.br\/?cat=1\" rel=\"category\">diversos<\/a>","tag_info":"diversos","comment_count":"0","jetpack_featured_media_url":"","jetpack_sharing_enabled":true,"_links":{"self":[{"href":"https:\/\/blogdobispo.com.br\/index.php?rest_route=\/wp\/v2\/posts\/4708","targetHints":{"allow":["GET"]}}],"collection":[{"href":"https:\/\/blogdobispo.com.br\/index.php?rest_route=\/wp\/v2\/posts"}],"about":[{"href":"https:\/\/blogdobispo.com.br\/index.php?rest_route=\/wp\/v2\/types\/post"}],"author":[{"embeddable":true,"href":"https:\/\/blogdobispo.com.br\/index.php?rest_route=\/wp\/v2\/users\/1"}],"replies":[{"embeddable":true,"href":"https:\/\/blogdobispo.com.br\/index.php?rest_route=%2Fwp%2Fv2%2Fcomments&post=4708"}],"version-history":[{"count":0,"href":"https:\/\/blogdobispo.com.br\/index.php?rest_route=\/wp\/v2\/posts\/4708\/revisions"}],"wp:attachment":[{"href":"https:\/\/blogdobispo.com.br\/index.php?rest_route=%2Fwp%2Fv2%2Fmedia&parent=4708"}],"wp:term":[{"taxonomy":"category","embeddable":true,"href":"https:\/\/blogdobispo.com.br\/index.php?rest_route=%2Fwp%2Fv2%2Fcategories&post=4708"},{"taxonomy":"post_tag","embeddable":true,"href":"https:\/\/blogdobispo.com.br\/index.php?rest_route=%2Fwp%2Fv2%2Ftags&post=4708"}],"curies":[{"name":"wp","href":"https:\/\/api.w.org\/{rel}","templated":true}]}}