{"id":4706,"date":"2025-02-25T17:02:07","date_gmt":"2025-02-25T17:02:07","guid":{"rendered":"https:\/\/blogdobispo.com.br\/?p=4706"},"modified":"2025-02-25T17:02:07","modified_gmt":"2025-02-25T17:02:07","slug":"emater-estradas-educacao-e-saude-pautam-horario-dos-deputados-na-alrn","status":"publish","type":"post","link":"https:\/\/blogdobispo.com.br\/?p=4706","title":{"rendered":"Emater, estradas, educa\u00e7\u00e3o e sa\u00fade pautam hor\u00e1rio dos deputados na ALRN"},"content":{"rendered":"\n<figure class=\"wp-block-image\"><img data-recalc-dims=\"1\" decoding=\"async\" src=\"https:\/\/i0.wp.com\/www.al.rn.leg.br\/storage\/noticias\/2025\/02\/25\/UqwZc4HTbgYR8sL2MxlIapY6on0DrtNEtNp8PA66.jpg?w=800&#038;ssl=1\" alt=\"\"\/><\/figure>\n\n\n\n<p class=\"publish-new\">25\/02\/2025<\/p>\n\n\n\n<p>Os parlamentares Gustavo Carvalho (PL), Divaneide Bas\u00edlio (PT) e Dr. Bernardo (PSDB) discursaram na sess\u00e3o plen\u00e1ria desta ter\u00e7a-feira (25) na Assembleia Legislativa e abordaram temas de servi\u00e7os p\u00fablicos e infraestrutura.<\/p>\n\n\n\n<p>Primeiro a discursar, o deputado Gustavo Carvalho chamou a aten\u00e7\u00e3o para as den\u00fancias sobre o sucateamento da Emater, a Empresa de Assist\u00eancia T\u00e9cnica e Extens\u00e3o Rural do RN. &#8220;A Escola da Emater se transformou num chiqueiro de animais, onde hoje se criam galinhas&#8221;, disse.<\/p>\n\n\n\n<p>O deputado destacou a necessidade de investimentos do governo estadual na Emater, para fortalecer o apoio ao homem do campo. &#8220;No governo de dona Wilma de Faria a Emater era uma empresa de refer\u00eancia nacional. Hoje se fala tanto em homem do campo, mas a Emater n\u00e3o tem carro, n\u00e3o tem fiscaliza\u00e7\u00e3o, n\u00e3o tem nada. Temos escrit\u00f3rios sucateados. Fala-se tanto em homem do campo, dizendo que \u00e9 prioridade, imagine se n\u00e3o fosse prioridade&#8221;.<\/p>\n\n\n\n<p>Outra pauta do parlamentar foi a BR-405. &#8220;\u00c9 uma rodovia de escoa\u00e7\u00e3o de frutas que o RN exporta. Os produtores de Mossor\u00f3, de Apodi, de Major Sales, de Jos\u00e9 da Penha, entre outros, est\u00e3o trafegando com dificuldade e deixando de escoar a sua produ\u00e7\u00e3o&#8221;, disse.<\/p>\n\n\n\n<p>O deputado fez um apelo para o que o DNIT priorizasse as obras na estrada. &#8220;Por meio dela \u00e9 escoada uma produ\u00e7\u00e3o de suma import\u00e2ncia e para o abastecimento do mercado do RN. Motoristas e passageiros n\u00e3o podem conviver com um cen\u00e1rio t\u00e3o problem\u00e1tico. \u00c9 por l\u00e1 onde se escoa a produ\u00e7\u00e3o de fruta, mam\u00e3o, mel\u00e3o, a\u00e7\u00facar e \u00e1gua mineral. \u00c9 um trecho fundamental&#8221;, disse.<\/p>\n\n\n\n<p>Em seu hor\u00e1rio, a deputada Divaneide Bas\u00edlio destacou a luta dos professores e o apoio da sua bancada nas negocia\u00e7\u00f5es com o governo pela implanta\u00e7\u00e3o do piso do magist\u00e9rio. &#8220;H\u00e1 um di\u00e1logo aberto com o Minist\u00e9rio P\u00fablico com o intuito de ter o pagamento do piso na carreira. Quero reafirmar a import\u00e2ncia dessa luta e dizer a todos os educadores que vamos continuar apoiando essa pauta t\u00e3o necess\u00e1ria&#8221;, disse.<\/p>\n\n\n\n<p>Divaneide Bas\u00edlio destacou requerimento de autoria do seu mandato instituindo o Dia do Optometrista. &#8220;O projeto j\u00e1 est\u00e1 protocolado e estamos solicitando ao governo que o encaminhe&#8221;, disse.<\/p>\n\n\n\n<p>\u00daltimo orador do hor\u00e1rio, Dr. Bernardo fez um apelo aos seus pares para que o RN se fortale\u00e7a nas pol\u00edticas p\u00fablicas de combate \u00e0s mortes por infarto. O deputado ressaltou que no Nordeste o RN \u00e9 o Estado que mant\u00e9m o menor \u00edndice de mortes por essa causa e que \u00e9 hora de avan\u00e7ar mais.<\/p>\n\n\n\n<p>&#8220;Podemos ter uma pol\u00edtica que impacte ainda mais positivamente esses pacientes. O salvamento de vidas se deve a uma medida da Sesap, que fez uma rede de hospitais e colocou um medicamento que salva vidas e meu apelo \u00e9 para que nos unamos a fim de que a gente possa resolver em definitivo essa quest\u00e3o do infarto no RN&#8221;, disse.<\/p>\n\n\n\n<p>Dr. Bernardo usou como exemplo a pol\u00edtica implantada na gest\u00e3o do ent\u00e3o governador Lavoisier Maia, que acabou com o problema da mortalidade infantil no RN. &#8220;No passado, as crian\u00e7as de zero a tr\u00eas anos morriam por falta de assist\u00eancia M\u00e9dica e Lavoisier colocou um m\u00e9dico em cada cidade, barrando a mortalidade infantil a praticamente zero. Ent\u00e3o quero convocar a classe pol\u00edtica para o RN ter mortalidade zero por infarto&#8221;, disse.<\/p>\n\n\n\n<p>M\u00e9dico por forma\u00e7\u00e3o, Dr. Bernardo citou que atualmente os pacientes v\u00edtimas de infarto acabam perdendo a vida devido \u00e0 dist\u00e2ncia dos hospitais e acesso aos servi\u00e7os. Apontou como alternativa a cria\u00e7\u00e3o, em rede, de um servi\u00e7o de hemodin\u00e2mica que v\u00e1 a cidades como Caic\u00f3, Pau dos Ferros e Santa Cruz.<\/p>\n","protected":false},"excerpt":{"rendered":"<p>25\/02\/2025 Os parlamentares Gustavo Carvalho (PL), Divaneide Bas\u00edlio (PT) e Dr. Bernardo (PSDB) discursaram na sess\u00e3o plen\u00e1ria desta ter\u00e7a-feira (25) na Assembleia Legislativa e abordaram temas de servi\u00e7os p\u00fablicos e infraestrutura. Primeiro a discursar, o deputado Gustavo Carvalho chamou a aten\u00e7\u00e3o para as den\u00fancias sobre o sucateamento da Emater, a Empresa de Assist\u00eancia T\u00e9cnica e [&hellip;]<\/p>\n","protected":false},"author":1,"featured_media":0,"comment_status":"open","ping_status":"open","sticky":false,"template":"","format":"standard","meta":{"cybocfi_hide_featured_image":"","_jetpack_memberships_contains_paid_content":false,"footnotes":""},"categories":[1],"tags":[],"class_list":["post-4706","post","type-post","status-publish","format-standard","hentry","category-diversos"],"yoast_head":"<!-- This site is optimized with the Yoast SEO plugin v25.6 - https:\/\/yoast.com\/wordpress\/plugins\/seo\/ -->\n<title>Emater, estradas, educa\u00e7\u00e3o e sa\u00fade pautam hor\u00e1rio dos deputados na ALRN - Blog do Bispo<\/title>\n<meta name=\"robots\" content=\"index, follow, max-snippet:-1, max-image-preview:large, max-video-preview:-1\" \/>\n<link rel=\"canonical\" href=\"https:\/\/blogdobispo.com.br\/?p=4706\" \/>\n<meta property=\"og:locale\" content=\"pt_BR\" \/>\n<meta property=\"og:type\" content=\"article\" \/>\n<meta property=\"og:title\" content=\"Emater, estradas, educa\u00e7\u00e3o e sa\u00fade pautam hor\u00e1rio dos deputados na ALRN - Blog do Bispo\" \/>\n<meta property=\"og:description\" content=\"25\/02\/2025 Os parlamentares Gustavo Carvalho (PL), Divaneide Bas\u00edlio (PT) e Dr. Bernardo (PSDB) discursaram na sess\u00e3o plen\u00e1ria desta ter\u00e7a-feira (25) na Assembleia Legislativa e abordaram temas de servi\u00e7os p\u00fablicos e infraestrutura. Primeiro a discursar, o deputado Gustavo Carvalho chamou a aten\u00e7\u00e3o para as den\u00fancias sobre o sucateamento da Emater, a Empresa de Assist\u00eancia T\u00e9cnica e [&hellip;]\" \/>\n<meta property=\"og:url\" content=\"https:\/\/blogdobispo.com.br\/?p=4706\" \/>\n<meta property=\"og:site_name\" content=\"Blog do Bispo\" \/>\n<meta property=\"article:published_time\" content=\"2025-02-25T17:02:07+00:00\" \/>\n<meta property=\"og:image\" content=\"https:\/\/www.al.rn.leg.br\/storage\/noticias\/2025\/02\/25\/UqwZc4HTbgYR8sL2MxlIapY6on0DrtNEtNp8PA66.jpg\" \/>\n<meta name=\"author\" content=\"Jefferson Sterfeno\" \/>\n<meta name=\"twitter:card\" content=\"summary_large_image\" \/>\n<meta name=\"twitter:label1\" content=\"Escrito por\" \/>\n\t<meta name=\"twitter:data1\" content=\"Jefferson Sterfeno\" \/>\n\t<meta name=\"twitter:label2\" content=\"Est. tempo de leitura\" \/>\n\t<meta name=\"twitter:data2\" content=\"3 minutos\" \/>\n<script type=\"application\/ld+json\" class=\"yoast-schema-graph\">{\"@context\":\"https:\/\/schema.org\",\"@graph\":[{\"@type\":\"Article\",\"@id\":\"https:\/\/blogdobispo.com.br\/?p=4706#article\",\"isPartOf\":{\"@id\":\"https:\/\/blogdobispo.com.br\/?p=4706\"},\"author\":{\"name\":\"Jefferson Sterfeno\",\"@id\":\"https:\/\/blogdobispo.com.br\/#\/schema\/person\/e2209cc0e6cea5c5233d033e997b373f\"},\"headline\":\"Emater, estradas, educa\u00e7\u00e3o e sa\u00fade pautam hor\u00e1rio dos deputados na ALRN\",\"datePublished\":\"2025-02-25T17:02:07+00:00\",\"mainEntityOfPage\":{\"@id\":\"https:\/\/blogdobispo.com.br\/?p=4706\"},\"wordCount\":662,\"commentCount\":0,\"publisher\":{\"@id\":\"https:\/\/blogdobispo.com.br\/#organization\"},\"image\":{\"@id\":\"https:\/\/blogdobispo.com.br\/?p=4706#primaryimage\"},\"thumbnailUrl\":\"https:\/\/www.al.rn.leg.br\/storage\/noticias\/2025\/02\/25\/UqwZc4HTbgYR8sL2MxlIapY6on0DrtNEtNp8PA66.jpg\",\"articleSection\":[\"diversos\"],\"inLanguage\":\"pt-BR\",\"potentialAction\":[{\"@type\":\"CommentAction\",\"name\":\"Comment\",\"target\":[\"https:\/\/blogdobispo.com.br\/?p=4706#respond\"]}]},{\"@type\":\"WebPage\",\"@id\":\"https:\/\/blogdobispo.com.br\/?p=4706\",\"url\":\"https:\/\/blogdobispo.com.br\/?p=4706\",\"name\":\"Emater, estradas, educa\u00e7\u00e3o e sa\u00fade pautam hor\u00e1rio dos deputados na ALRN - Blog do Bispo\",\"isPartOf\":{\"@id\":\"https:\/\/blogdobispo.com.br\/#website\"},\"primaryImageOfPage\":{\"@id\":\"https:\/\/blogdobispo.com.br\/?p=4706#primaryimage\"},\"image\":{\"@id\":\"https:\/\/blogdobispo.com.br\/?p=4706#primaryimage\"},\"thumbnailUrl\":\"https:\/\/www.al.rn.leg.br\/storage\/noticias\/2025\/02\/25\/UqwZc4HTbgYR8sL2MxlIapY6on0DrtNEtNp8PA66.jpg\",\"datePublished\":\"2025-02-25T17:02:07+00:00\",\"breadcrumb\":{\"@id\":\"https:\/\/blogdobispo.com.br\/?p=4706#breadcrumb\"},\"inLanguage\":\"pt-BR\",\"potentialAction\":[{\"@type\":\"ReadAction\",\"target\":[\"https:\/\/blogdobispo.com.br\/?p=4706\"]}]},{\"@type\":\"ImageObject\",\"inLanguage\":\"pt-BR\",\"@id\":\"https:\/\/blogdobispo.com.br\/?p=4706#primaryimage\",\"url\":\"https:\/\/www.al.rn.leg.br\/storage\/noticias\/2025\/02\/25\/UqwZc4HTbgYR8sL2MxlIapY6on0DrtNEtNp8PA66.jpg\",\"contentUrl\":\"https:\/\/www.al.rn.leg.br\/storage\/noticias\/2025\/02\/25\/UqwZc4HTbgYR8sL2MxlIapY6on0DrtNEtNp8PA66.jpg\"},{\"@type\":\"BreadcrumbList\",\"@id\":\"https:\/\/blogdobispo.com.br\/?p=4706#breadcrumb\",\"itemListElement\":[{\"@type\":\"ListItem\",\"position\":1,\"name\":\"In\u00edcio\",\"item\":\"https:\/\/blogdobispo.com.br\/\"},{\"@type\":\"ListItem\",\"position\":2,\"name\":\"Emater, estradas, educa\u00e7\u00e3o e sa\u00fade pautam hor\u00e1rio dos deputados na ALRN\"}]},{\"@type\":\"WebSite\",\"@id\":\"https:\/\/blogdobispo.com.br\/#website\",\"url\":\"https:\/\/blogdobispo.com.br\/\",\"name\":\"Blog do Bispo\",\"description\":\"Comprometido apenas com o leitor\",\"publisher\":{\"@id\":\"https:\/\/blogdobispo.com.br\/#organization\"},\"potentialAction\":[{\"@type\":\"SearchAction\",\"target\":{\"@type\":\"EntryPoint\",\"urlTemplate\":\"https:\/\/blogdobispo.com.br\/?s={search_term_string}\"},\"query-input\":{\"@type\":\"PropertyValueSpecification\",\"valueRequired\":true,\"valueName\":\"search_term_string\"}}],\"inLanguage\":\"pt-BR\"},{\"@type\":\"Organization\",\"@id\":\"https:\/\/blogdobispo.com.br\/#organization\",\"name\":\"Blog do Bispo\",\"url\":\"https:\/\/blogdobispo.com.br\/\",\"logo\":{\"@type\":\"ImageObject\",\"inLanguage\":\"pt-BR\",\"@id\":\"https:\/\/blogdobispo.com.br\/#\/schema\/logo\/image\/\",\"url\":\"http:\/\/blogdobispo.com.br\/wp-content\/uploads\/2023\/05\/cropped-headear.png\",\"contentUrl\":\"http:\/\/blogdobispo.com.br\/wp-content\/uploads\/2023\/05\/cropped-headear.png\",\"width\":1500,\"height\":399,\"caption\":\"Blog do Bispo\"},\"image\":{\"@id\":\"https:\/\/blogdobispo.com.br\/#\/schema\/logo\/image\/\"}},{\"@type\":\"Person\",\"@id\":\"https:\/\/blogdobispo.com.br\/#\/schema\/person\/e2209cc0e6cea5c5233d033e997b373f\",\"name\":\"Jefferson Sterfeno\",\"image\":{\"@type\":\"ImageObject\",\"inLanguage\":\"pt-BR\",\"@id\":\"https:\/\/blogdobispo.com.br\/#\/schema\/person\/image\/\",\"url\":\"https:\/\/secure.gravatar.com\/avatar\/0534e84764641168a677026b6d57a3f51dc7ac4db0b4f6186d9cb330d4ee1160?s=96&d=mm&r=g\",\"contentUrl\":\"https:\/\/secure.gravatar.com\/avatar\/0534e84764641168a677026b6d57a3f51dc7ac4db0b4f6186d9cb330d4ee1160?s=96&d=mm&r=g\",\"caption\":\"Jefferson Sterfeno\"},\"sameAs\":[\"http:\/\/blogdobispo.com.br\"],\"url\":\"https:\/\/blogdobispo.com.br\/?author=1\"}]}<\/script>\n<!-- \/ Yoast SEO plugin. -->","yoast_head_json":{"title":"Emater, estradas, educa\u00e7\u00e3o e sa\u00fade pautam hor\u00e1rio dos deputados na ALRN - Blog do Bispo","robots":{"index":"index","follow":"follow","max-snippet":"max-snippet:-1","max-image-preview":"max-image-preview:large","max-video-preview":"max-video-preview:-1"},"canonical":"https:\/\/blogdobispo.com.br\/?p=4706","og_locale":"pt_BR","og_type":"article","og_title":"Emater, estradas, educa\u00e7\u00e3o e sa\u00fade pautam hor\u00e1rio dos deputados na ALRN - Blog do Bispo","og_description":"25\/02\/2025 Os parlamentares Gustavo Carvalho (PL), Divaneide Bas\u00edlio (PT) e Dr. Bernardo (PSDB) discursaram na sess\u00e3o plen\u00e1ria desta ter\u00e7a-feira (25) na Assembleia Legislativa e abordaram temas de servi\u00e7os p\u00fablicos e infraestrutura. Primeiro a discursar, o deputado Gustavo Carvalho chamou a aten\u00e7\u00e3o para as den\u00fancias sobre o sucateamento da Emater, a Empresa de Assist\u00eancia T\u00e9cnica e [&hellip;]","og_url":"https:\/\/blogdobispo.com.br\/?p=4706","og_site_name":"Blog do Bispo","article_published_time":"2025-02-25T17:02:07+00:00","og_image":[{"url":"https:\/\/www.al.rn.leg.br\/storage\/noticias\/2025\/02\/25\/UqwZc4HTbgYR8sL2MxlIapY6on0DrtNEtNp8PA66.jpg","type":"","width":"","height":""}],"author":"Jefferson Sterfeno","twitter_card":"summary_large_image","twitter_misc":{"Escrito por":"Jefferson Sterfeno","Est. tempo de leitura":"3 minutos"},"schema":{"@context":"https:\/\/schema.org","@graph":[{"@type":"Article","@id":"https:\/\/blogdobispo.com.br\/?p=4706#article","isPartOf":{"@id":"https:\/\/blogdobispo.com.br\/?p=4706"},"author":{"name":"Jefferson Sterfeno","@id":"https:\/\/blogdobispo.com.br\/#\/schema\/person\/e2209cc0e6cea5c5233d033e997b373f"},"headline":"Emater, estradas, educa\u00e7\u00e3o e sa\u00fade pautam hor\u00e1rio dos deputados na ALRN","datePublished":"2025-02-25T17:02:07+00:00","mainEntityOfPage":{"@id":"https:\/\/blogdobispo.com.br\/?p=4706"},"wordCount":662,"commentCount":0,"publisher":{"@id":"https:\/\/blogdobispo.com.br\/#organization"},"image":{"@id":"https:\/\/blogdobispo.com.br\/?p=4706#primaryimage"},"thumbnailUrl":"https:\/\/www.al.rn.leg.br\/storage\/noticias\/2025\/02\/25\/UqwZc4HTbgYR8sL2MxlIapY6on0DrtNEtNp8PA66.jpg","articleSection":["diversos"],"inLanguage":"pt-BR","potentialAction":[{"@type":"CommentAction","name":"Comment","target":["https:\/\/blogdobispo.com.br\/?p=4706#respond"]}]},{"@type":"WebPage","@id":"https:\/\/blogdobispo.com.br\/?p=4706","url":"https:\/\/blogdobispo.com.br\/?p=4706","name":"Emater, estradas, educa\u00e7\u00e3o e sa\u00fade pautam hor\u00e1rio dos deputados na ALRN - Blog do Bispo","isPartOf":{"@id":"https:\/\/blogdobispo.com.br\/#website"},"primaryImageOfPage":{"@id":"https:\/\/blogdobispo.com.br\/?p=4706#primaryimage"},"image":{"@id":"https:\/\/blogdobispo.com.br\/?p=4706#primaryimage"},"thumbnailUrl":"https:\/\/www.al.rn.leg.br\/storage\/noticias\/2025\/02\/25\/UqwZc4HTbgYR8sL2MxlIapY6on0DrtNEtNp8PA66.jpg","datePublished":"2025-02-25T17:02:07+00:00","breadcrumb":{"@id":"https:\/\/blogdobispo.com.br\/?p=4706#breadcrumb"},"inLanguage":"pt-BR","potentialAction":[{"@type":"ReadAction","target":["https:\/\/blogdobispo.com.br\/?p=4706"]}]},{"@type":"ImageObject","inLanguage":"pt-BR","@id":"https:\/\/blogdobispo.com.br\/?p=4706#primaryimage","url":"https:\/\/www.al.rn.leg.br\/storage\/noticias\/2025\/02\/25\/UqwZc4HTbgYR8sL2MxlIapY6on0DrtNEtNp8PA66.jpg","contentUrl":"https:\/\/www.al.rn.leg.br\/storage\/noticias\/2025\/02\/25\/UqwZc4HTbgYR8sL2MxlIapY6on0DrtNEtNp8PA66.jpg"},{"@type":"BreadcrumbList","@id":"https:\/\/blogdobispo.com.br\/?p=4706#breadcrumb","itemListElement":[{"@type":"ListItem","position":1,"name":"In\u00edcio","item":"https:\/\/blogdobispo.com.br\/"},{"@type":"ListItem","position":2,"name":"Emater, estradas, educa\u00e7\u00e3o e sa\u00fade pautam hor\u00e1rio dos deputados na ALRN"}]},{"@type":"WebSite","@id":"https:\/\/blogdobispo.com.br\/#website","url":"https:\/\/blogdobispo.com.br\/","name":"Blog do Bispo","description":"Comprometido apenas com o leitor","publisher":{"@id":"https:\/\/blogdobispo.com.br\/#organization"},"potentialAction":[{"@type":"SearchAction","target":{"@type":"EntryPoint","urlTemplate":"https:\/\/blogdobispo.com.br\/?s={search_term_string}"},"query-input":{"@type":"PropertyValueSpecification","valueRequired":true,"valueName":"search_term_string"}}],"inLanguage":"pt-BR"},{"@type":"Organization","@id":"https:\/\/blogdobispo.com.br\/#organization","name":"Blog do Bispo","url":"https:\/\/blogdobispo.com.br\/","logo":{"@type":"ImageObject","inLanguage":"pt-BR","@id":"https:\/\/blogdobispo.com.br\/#\/schema\/logo\/image\/","url":"http:\/\/blogdobispo.com.br\/wp-content\/uploads\/2023\/05\/cropped-headear.png","contentUrl":"http:\/\/blogdobispo.com.br\/wp-content\/uploads\/2023\/05\/cropped-headear.png","width":1500,"height":399,"caption":"Blog do Bispo"},"image":{"@id":"https:\/\/blogdobispo.com.br\/#\/schema\/logo\/image\/"}},{"@type":"Person","@id":"https:\/\/blogdobispo.com.br\/#\/schema\/person\/e2209cc0e6cea5c5233d033e997b373f","name":"Jefferson Sterfeno","image":{"@type":"ImageObject","inLanguage":"pt-BR","@id":"https:\/\/blogdobispo.com.br\/#\/schema\/person\/image\/","url":"https:\/\/secure.gravatar.com\/avatar\/0534e84764641168a677026b6d57a3f51dc7ac4db0b4f6186d9cb330d4ee1160?s=96&d=mm&r=g","contentUrl":"https:\/\/secure.gravatar.com\/avatar\/0534e84764641168a677026b6d57a3f51dc7ac4db0b4f6186d9cb330d4ee1160?s=96&d=mm&r=g","caption":"Jefferson Sterfeno"},"sameAs":["http:\/\/blogdobispo.com.br"],"url":"https:\/\/blogdobispo.com.br\/?author=1"}]}},"featured_image_urls":{"full":"","thumbnail":"","medium":"","medium_large":"","large":"","1536x1536":"","2048x2048":""},"author_info":{"display_name":"Jefferson Sterfeno","author_link":"https:\/\/blogdobispo.com.br\/?author=1"},"category_info":"<a href=\"https:\/\/blogdobispo.com.br\/?cat=1\" rel=\"category\">diversos<\/a>","tag_info":"diversos","comment_count":"0","jetpack_featured_media_url":"","jetpack_sharing_enabled":true,"_links":{"self":[{"href":"https:\/\/blogdobispo.com.br\/index.php?rest_route=\/wp\/v2\/posts\/4706","targetHints":{"allow":["GET"]}}],"collection":[{"href":"https:\/\/blogdobispo.com.br\/index.php?rest_route=\/wp\/v2\/posts"}],"about":[{"href":"https:\/\/blogdobispo.com.br\/index.php?rest_route=\/wp\/v2\/types\/post"}],"author":[{"embeddable":true,"href":"https:\/\/blogdobispo.com.br\/index.php?rest_route=\/wp\/v2\/users\/1"}],"replies":[{"embeddable":true,"href":"https:\/\/blogdobispo.com.br\/index.php?rest_route=%2Fwp%2Fv2%2Fcomments&post=4706"}],"version-history":[{"count":0,"href":"https:\/\/blogdobispo.com.br\/index.php?rest_route=\/wp\/v2\/posts\/4706\/revisions"}],"wp:attachment":[{"href":"https:\/\/blogdobispo.com.br\/index.php?rest_route=%2Fwp%2Fv2%2Fmedia&parent=4706"}],"wp:term":[{"taxonomy":"category","embeddable":true,"href":"https:\/\/blogdobispo.com.br\/index.php?rest_route=%2Fwp%2Fv2%2Fcategories&post=4706"},{"taxonomy":"post_tag","embeddable":true,"href":"https:\/\/blogdobispo.com.br\/index.php?rest_route=%2Fwp%2Fv2%2Ftags&post=4706"}],"curies":[{"name":"wp","href":"https:\/\/api.w.org\/{rel}","templated":true}]}}