{"id":4705,"date":"2025-02-25T16:58:56","date_gmt":"2025-02-25T16:58:56","guid":{"rendered":"https:\/\/blogdobispo.com.br\/?p=4705"},"modified":"2025-02-25T16:58:56","modified_gmt":"2025-02-25T16:58:56","slug":"semtas-reforcam-combate-ao-trabalho-infantil-nos-polos-do-carnaval-de-natal","status":"publish","type":"post","link":"https:\/\/blogdobispo.com.br\/?p=4705","title":{"rendered":"Semtas refor\u00e7am combate ao trabalho infantil nos polos do Carnaval de Natal"},"content":{"rendered":"\n<figure class=\"wp-block-image size-large\"><img data-recalc-dims=\"1\" fetchpriority=\"high\" decoding=\"async\" width=\"800\" height=\"450\" src=\"https:\/\/i0.wp.com\/blogdobispo.com.br\/wp-content\/uploads\/2025\/02\/img_3025-1-1024x576.jpg?resize=800%2C450&#038;ssl=1\" class=\"wp-image-4704\" srcset=\"https:\/\/i0.wp.com\/blogdobispo.com.br\/wp-content\/uploads\/2025\/02\/img_3025-1.jpg?resize=1024%2C576&amp;ssl=1 1024w, https:\/\/i0.wp.com\/blogdobispo.com.br\/wp-content\/uploads\/2025\/02\/img_3025-1.jpg?resize=300%2C169&amp;ssl=1 300w, https:\/\/i0.wp.com\/blogdobispo.com.br\/wp-content\/uploads\/2025\/02\/img_3025-1.jpg?resize=768%2C432&amp;ssl=1 768w, https:\/\/i0.wp.com\/blogdobispo.com.br\/wp-content\/uploads\/2025\/02\/img_3025-1.jpg?resize=1536%2C864&amp;ssl=1 1536w, https:\/\/i0.wp.com\/blogdobispo.com.br\/wp-content\/uploads\/2025\/02\/img_3025-1.jpg?w=1599&amp;ssl=1 1599w\" sizes=\"(max-width: 800px) 100vw, 800px\" \/><\/figure>\n\n\n\n<p>O Carnaval de Natal vai muito al\u00e9m da alegria, dos blocos e das grandes atra\u00e7\u00f5es musicais. Mesmo em meio \u00e0 festa, a Prefeitura segue comprometida com a prote\u00e7\u00e3o dos direitos das crian\u00e7as e adolescentes. Por meio da Secretaria Municipal do Trabalho e Assist\u00eancia Social (Semtas), ser\u00e3o intensificadas as a\u00e7\u00f5es do Servi\u00e7o Especializado em Abordagem Social (SEAS) para prevenir e combater o trabalho infantil nos polos carnavalescos.&nbsp;<br><br>A iniciativa integra a campanha \u201cNo Carnaval, Trabalho Infantil \u00e9 Nota Zero!\u201d e inclui atividades de sensibiliza\u00e7\u00e3o e monitoramento. As equipes do SEAS iniciar\u00e3o a\u00e7\u00f5es a partir de quinta-feira (27), distribuindo materiais educativos e abordagens junto aos trabalhadores de blocos, ambulantes e a popula\u00e7\u00e3o em geral. Al\u00e9m disso, no mesmo dia, haver\u00e1 panfletagem na escadaria de M\u00e3e Luiza e entrega de materiais informativos nos blocos carnavalescos.&nbsp;<br><br><strong>Atua\u00e7\u00e3o do SEAS: compromisso o ano inteiro<\/strong><br>O trabalho do SEAS n\u00e3o se restringe ao per\u00edodo de festas. Durante todo o ano, de janeiro a dezembro, de segunda a domingo, incluindo feriados, as equipes percorrem as quatro zonas administrativas da cidade, monitorando pontos estrat\u00e9gicos das vias p\u00fablicas. Al\u00e9m das rotas di\u00e1rias, o servi\u00e7o tamb\u00e9m atende demandas encaminhadas por \u00f3rg\u00e3os, institui\u00e7\u00f5es e pela popula\u00e7\u00e3o, por meio dos canais oficiais.&nbsp;<br><br>A secret\u00e1ria da Semtas, Nina Souza, refor\u00e7a a import\u00e2ncia da abordagem social e do combate ao trabalho infantil. \u201cA abordagem social tem um papel essencial na prote\u00e7\u00e3o de nossas crian\u00e7as e adolescentes. O trabalho infantil precisa ser combinado todos os dias, e no Carnaval essa aten\u00e7\u00e3o deve ser redobrada. Nosso compromisso \u00e9 garantir que as crian\u00e7as estejam na escola, brincando e sonhando com um futuro melhor, e n\u00e3o sendo expostas a situa\u00e7\u00f5es de vulnerabilidade. O Sistema de Prote\u00e7\u00e3o Social atua justamente para garantir esses direitos, e essa \u00e9 uma miss\u00e3o que precisa do envolvimento de toda a sociedade\u201d, destaca.&nbsp;<br><br><strong>Sobre o SEAS<\/strong><br>O Servi\u00e7o Especializado em Abordagem Social (SEAS) faz parte do Sistema \u00danico de Assist\u00eancia Social (SUAS) e conta com assistentes sociais, educadores sociais e pedagogos. A equipe atua diretamente nas ruas, prestando atendimento social a crian\u00e7as, adolescentes, jovens, adultos e idosos em situa\u00e7\u00e3o de vulnerabilidade ou que utilizam espa\u00e7os p\u00fablicos para moradia e sobreviv\u00eancia econ\u00f4mica.&nbsp;<br><br><strong>Como denunciar<\/strong><br>Para denunciar casos de trabalho infantil ou outras situa\u00e7\u00f5es de risco social, a popula\u00e7\u00e3o pode acionar os canais oficiais do SEAS. Al\u00e9m do Disque 100, est\u00e3o dispon\u00edveis os telefones das equipes:&nbsp;<br><br>Equipe Norte\/Leste: (84) 98870-3861&nbsp;Equipe Oeste\/Sul: (84) 98870-3327<\/p>\n","protected":false},"excerpt":{"rendered":"<p>O Carnaval de Natal vai muito al\u00e9m da alegria, dos blocos e das grandes atra\u00e7\u00f5es musicais. Mesmo em meio \u00e0 festa, a Prefeitura segue comprometida com a prote\u00e7\u00e3o dos direitos das crian\u00e7as e adolescentes. Por meio da Secretaria Municipal do Trabalho e Assist\u00eancia Social (Semtas), ser\u00e3o intensificadas as a\u00e7\u00f5es do Servi\u00e7o Especializado em Abordagem Social [&hellip;]<\/p>\n","protected":false},"author":1,"featured_media":0,"comment_status":"open","ping_status":"open","sticky":false,"template":"","format":"standard","meta":{"cybocfi_hide_featured_image":"","_jetpack_memberships_contains_paid_content":false,"footnotes":""},"categories":[1],"tags":[],"class_list":["post-4705","post","type-post","status-publish","format-standard","hentry","category-diversos"],"yoast_head":"<!-- This site is optimized with the Yoast SEO plugin v25.6 - https:\/\/yoast.com\/wordpress\/plugins\/seo\/ -->\n<title>Semtas refor\u00e7am combate ao trabalho infantil nos polos do Carnaval de Natal - Blog do Bispo<\/title>\n<meta name=\"robots\" content=\"index, follow, max-snippet:-1, max-image-preview:large, max-video-preview:-1\" \/>\n<link rel=\"canonical\" href=\"https:\/\/blogdobispo.com.br\/?p=4705\" \/>\n<meta property=\"og:locale\" content=\"pt_BR\" \/>\n<meta property=\"og:type\" content=\"article\" \/>\n<meta property=\"og:title\" content=\"Semtas refor\u00e7am combate ao trabalho infantil nos polos do Carnaval de Natal - Blog do Bispo\" \/>\n<meta property=\"og:description\" content=\"O Carnaval de Natal vai muito al\u00e9m da alegria, dos blocos e das grandes atra\u00e7\u00f5es musicais. Mesmo em meio \u00e0 festa, a Prefeitura segue comprometida com a prote\u00e7\u00e3o dos direitos das crian\u00e7as e adolescentes. Por meio da Secretaria Municipal do Trabalho e Assist\u00eancia Social (Semtas), ser\u00e3o intensificadas as a\u00e7\u00f5es do Servi\u00e7o Especializado em Abordagem Social [&hellip;]\" \/>\n<meta property=\"og:url\" content=\"https:\/\/blogdobispo.com.br\/?p=4705\" \/>\n<meta property=\"og:site_name\" content=\"Blog do Bispo\" \/>\n<meta property=\"article:published_time\" content=\"2025-02-25T16:58:56+00:00\" \/>\n<meta property=\"og:image\" content=\"https:\/\/blogdobispo.com.br\/wp-content\/uploads\/2025\/02\/img_3025-1-1024x576.jpg\" \/>\n<meta name=\"author\" content=\"Jefferson Sterfeno\" \/>\n<meta name=\"twitter:card\" content=\"summary_large_image\" \/>\n<meta name=\"twitter:label1\" content=\"Escrito por\" \/>\n\t<meta name=\"twitter:data1\" content=\"Jefferson Sterfeno\" \/>\n\t<meta name=\"twitter:label2\" content=\"Est. tempo de leitura\" \/>\n\t<meta name=\"twitter:data2\" content=\"2 minutos\" \/>\n<script type=\"application\/ld+json\" class=\"yoast-schema-graph\">{\"@context\":\"https:\/\/schema.org\",\"@graph\":[{\"@type\":\"Article\",\"@id\":\"https:\/\/blogdobispo.com.br\/?p=4705#article\",\"isPartOf\":{\"@id\":\"https:\/\/blogdobispo.com.br\/?p=4705\"},\"author\":{\"name\":\"Jefferson Sterfeno\",\"@id\":\"https:\/\/blogdobispo.com.br\/#\/schema\/person\/e2209cc0e6cea5c5233d033e997b373f\"},\"headline\":\"Semtas refor\u00e7am combate ao trabalho infantil nos polos do Carnaval de Natal\",\"datePublished\":\"2025-02-25T16:58:56+00:00\",\"mainEntityOfPage\":{\"@id\":\"https:\/\/blogdobispo.com.br\/?p=4705\"},\"wordCount\":462,\"commentCount\":0,\"publisher\":{\"@id\":\"https:\/\/blogdobispo.com.br\/#organization\"},\"image\":{\"@id\":\"https:\/\/blogdobispo.com.br\/?p=4705#primaryimage\"},\"thumbnailUrl\":\"https:\/\/blogdobispo.com.br\/wp-content\/uploads\/2025\/02\/img_3025-1-1024x576.jpg\",\"articleSection\":[\"diversos\"],\"inLanguage\":\"pt-BR\",\"potentialAction\":[{\"@type\":\"CommentAction\",\"name\":\"Comment\",\"target\":[\"https:\/\/blogdobispo.com.br\/?p=4705#respond\"]}]},{\"@type\":\"WebPage\",\"@id\":\"https:\/\/blogdobispo.com.br\/?p=4705\",\"url\":\"https:\/\/blogdobispo.com.br\/?p=4705\",\"name\":\"Semtas refor\u00e7am combate ao trabalho infantil nos polos do Carnaval de Natal - Blog do Bispo\",\"isPartOf\":{\"@id\":\"https:\/\/blogdobispo.com.br\/#website\"},\"primaryImageOfPage\":{\"@id\":\"https:\/\/blogdobispo.com.br\/?p=4705#primaryimage\"},\"image\":{\"@id\":\"https:\/\/blogdobispo.com.br\/?p=4705#primaryimage\"},\"thumbnailUrl\":\"https:\/\/blogdobispo.com.br\/wp-content\/uploads\/2025\/02\/img_3025-1-1024x576.jpg\",\"datePublished\":\"2025-02-25T16:58:56+00:00\",\"breadcrumb\":{\"@id\":\"https:\/\/blogdobispo.com.br\/?p=4705#breadcrumb\"},\"inLanguage\":\"pt-BR\",\"potentialAction\":[{\"@type\":\"ReadAction\",\"target\":[\"https:\/\/blogdobispo.com.br\/?p=4705\"]}]},{\"@type\":\"ImageObject\",\"inLanguage\":\"pt-BR\",\"@id\":\"https:\/\/blogdobispo.com.br\/?p=4705#primaryimage\",\"url\":\"https:\/\/blogdobispo.com.br\/wp-content\/uploads\/2025\/02\/img_3025-1-1024x576.jpg\",\"contentUrl\":\"https:\/\/blogdobispo.com.br\/wp-content\/uploads\/2025\/02\/img_3025-1-1024x576.jpg\"},{\"@type\":\"BreadcrumbList\",\"@id\":\"https:\/\/blogdobispo.com.br\/?p=4705#breadcrumb\",\"itemListElement\":[{\"@type\":\"ListItem\",\"position\":1,\"name\":\"In\u00edcio\",\"item\":\"https:\/\/blogdobispo.com.br\/\"},{\"@type\":\"ListItem\",\"position\":2,\"name\":\"Semtas refor\u00e7am combate ao trabalho infantil nos polos do Carnaval de Natal\"}]},{\"@type\":\"WebSite\",\"@id\":\"https:\/\/blogdobispo.com.br\/#website\",\"url\":\"https:\/\/blogdobispo.com.br\/\",\"name\":\"Blog do Bispo\",\"description\":\"Comprometido apenas com o leitor\",\"publisher\":{\"@id\":\"https:\/\/blogdobispo.com.br\/#organization\"},\"potentialAction\":[{\"@type\":\"SearchAction\",\"target\":{\"@type\":\"EntryPoint\",\"urlTemplate\":\"https:\/\/blogdobispo.com.br\/?s={search_term_string}\"},\"query-input\":{\"@type\":\"PropertyValueSpecification\",\"valueRequired\":true,\"valueName\":\"search_term_string\"}}],\"inLanguage\":\"pt-BR\"},{\"@type\":\"Organization\",\"@id\":\"https:\/\/blogdobispo.com.br\/#organization\",\"name\":\"Blog do Bispo\",\"url\":\"https:\/\/blogdobispo.com.br\/\",\"logo\":{\"@type\":\"ImageObject\",\"inLanguage\":\"pt-BR\",\"@id\":\"https:\/\/blogdobispo.com.br\/#\/schema\/logo\/image\/\",\"url\":\"http:\/\/blogdobispo.com.br\/wp-content\/uploads\/2023\/05\/cropped-headear.png\",\"contentUrl\":\"http:\/\/blogdobispo.com.br\/wp-content\/uploads\/2023\/05\/cropped-headear.png\",\"width\":1500,\"height\":399,\"caption\":\"Blog do Bispo\"},\"image\":{\"@id\":\"https:\/\/blogdobispo.com.br\/#\/schema\/logo\/image\/\"}},{\"@type\":\"Person\",\"@id\":\"https:\/\/blogdobispo.com.br\/#\/schema\/person\/e2209cc0e6cea5c5233d033e997b373f\",\"name\":\"Jefferson Sterfeno\",\"image\":{\"@type\":\"ImageObject\",\"inLanguage\":\"pt-BR\",\"@id\":\"https:\/\/blogdobispo.com.br\/#\/schema\/person\/image\/\",\"url\":\"https:\/\/secure.gravatar.com\/avatar\/0534e84764641168a677026b6d57a3f51dc7ac4db0b4f6186d9cb330d4ee1160?s=96&d=mm&r=g\",\"contentUrl\":\"https:\/\/secure.gravatar.com\/avatar\/0534e84764641168a677026b6d57a3f51dc7ac4db0b4f6186d9cb330d4ee1160?s=96&d=mm&r=g\",\"caption\":\"Jefferson Sterfeno\"},\"sameAs\":[\"http:\/\/blogdobispo.com.br\"],\"url\":\"https:\/\/blogdobispo.com.br\/?author=1\"}]}<\/script>\n<!-- \/ Yoast SEO plugin. -->","yoast_head_json":{"title":"Semtas refor\u00e7am combate ao trabalho infantil nos polos do Carnaval de Natal - Blog do Bispo","robots":{"index":"index","follow":"follow","max-snippet":"max-snippet:-1","max-image-preview":"max-image-preview:large","max-video-preview":"max-video-preview:-1"},"canonical":"https:\/\/blogdobispo.com.br\/?p=4705","og_locale":"pt_BR","og_type":"article","og_title":"Semtas refor\u00e7am combate ao trabalho infantil nos polos do Carnaval de Natal - Blog do Bispo","og_description":"O Carnaval de Natal vai muito al\u00e9m da alegria, dos blocos e das grandes atra\u00e7\u00f5es musicais. Mesmo em meio \u00e0 festa, a Prefeitura segue comprometida com a prote\u00e7\u00e3o dos direitos das crian\u00e7as e adolescentes. Por meio da Secretaria Municipal do Trabalho e Assist\u00eancia Social (Semtas), ser\u00e3o intensificadas as a\u00e7\u00f5es do Servi\u00e7o Especializado em Abordagem Social [&hellip;]","og_url":"https:\/\/blogdobispo.com.br\/?p=4705","og_site_name":"Blog do Bispo","article_published_time":"2025-02-25T16:58:56+00:00","og_image":[{"url":"https:\/\/blogdobispo.com.br\/wp-content\/uploads\/2025\/02\/img_3025-1-1024x576.jpg","type":"","width":"","height":""}],"author":"Jefferson Sterfeno","twitter_card":"summary_large_image","twitter_misc":{"Escrito por":"Jefferson Sterfeno","Est. tempo de leitura":"2 minutos"},"schema":{"@context":"https:\/\/schema.org","@graph":[{"@type":"Article","@id":"https:\/\/blogdobispo.com.br\/?p=4705#article","isPartOf":{"@id":"https:\/\/blogdobispo.com.br\/?p=4705"},"author":{"name":"Jefferson Sterfeno","@id":"https:\/\/blogdobispo.com.br\/#\/schema\/person\/e2209cc0e6cea5c5233d033e997b373f"},"headline":"Semtas refor\u00e7am combate ao trabalho infantil nos polos do Carnaval de Natal","datePublished":"2025-02-25T16:58:56+00:00","mainEntityOfPage":{"@id":"https:\/\/blogdobispo.com.br\/?p=4705"},"wordCount":462,"commentCount":0,"publisher":{"@id":"https:\/\/blogdobispo.com.br\/#organization"},"image":{"@id":"https:\/\/blogdobispo.com.br\/?p=4705#primaryimage"},"thumbnailUrl":"https:\/\/blogdobispo.com.br\/wp-content\/uploads\/2025\/02\/img_3025-1-1024x576.jpg","articleSection":["diversos"],"inLanguage":"pt-BR","potentialAction":[{"@type":"CommentAction","name":"Comment","target":["https:\/\/blogdobispo.com.br\/?p=4705#respond"]}]},{"@type":"WebPage","@id":"https:\/\/blogdobispo.com.br\/?p=4705","url":"https:\/\/blogdobispo.com.br\/?p=4705","name":"Semtas refor\u00e7am combate ao trabalho infantil nos polos do Carnaval de Natal - Blog do Bispo","isPartOf":{"@id":"https:\/\/blogdobispo.com.br\/#website"},"primaryImageOfPage":{"@id":"https:\/\/blogdobispo.com.br\/?p=4705#primaryimage"},"image":{"@id":"https:\/\/blogdobispo.com.br\/?p=4705#primaryimage"},"thumbnailUrl":"https:\/\/blogdobispo.com.br\/wp-content\/uploads\/2025\/02\/img_3025-1-1024x576.jpg","datePublished":"2025-02-25T16:58:56+00:00","breadcrumb":{"@id":"https:\/\/blogdobispo.com.br\/?p=4705#breadcrumb"},"inLanguage":"pt-BR","potentialAction":[{"@type":"ReadAction","target":["https:\/\/blogdobispo.com.br\/?p=4705"]}]},{"@type":"ImageObject","inLanguage":"pt-BR","@id":"https:\/\/blogdobispo.com.br\/?p=4705#primaryimage","url":"https:\/\/blogdobispo.com.br\/wp-content\/uploads\/2025\/02\/img_3025-1-1024x576.jpg","contentUrl":"https:\/\/blogdobispo.com.br\/wp-content\/uploads\/2025\/02\/img_3025-1-1024x576.jpg"},{"@type":"BreadcrumbList","@id":"https:\/\/blogdobispo.com.br\/?p=4705#breadcrumb","itemListElement":[{"@type":"ListItem","position":1,"name":"In\u00edcio","item":"https:\/\/blogdobispo.com.br\/"},{"@type":"ListItem","position":2,"name":"Semtas refor\u00e7am combate ao trabalho infantil nos polos do Carnaval de Natal"}]},{"@type":"WebSite","@id":"https:\/\/blogdobispo.com.br\/#website","url":"https:\/\/blogdobispo.com.br\/","name":"Blog do Bispo","description":"Comprometido apenas com o leitor","publisher":{"@id":"https:\/\/blogdobispo.com.br\/#organization"},"potentialAction":[{"@type":"SearchAction","target":{"@type":"EntryPoint","urlTemplate":"https:\/\/blogdobispo.com.br\/?s={search_term_string}"},"query-input":{"@type":"PropertyValueSpecification","valueRequired":true,"valueName":"search_term_string"}}],"inLanguage":"pt-BR"},{"@type":"Organization","@id":"https:\/\/blogdobispo.com.br\/#organization","name":"Blog do Bispo","url":"https:\/\/blogdobispo.com.br\/","logo":{"@type":"ImageObject","inLanguage":"pt-BR","@id":"https:\/\/blogdobispo.com.br\/#\/schema\/logo\/image\/","url":"http:\/\/blogdobispo.com.br\/wp-content\/uploads\/2023\/05\/cropped-headear.png","contentUrl":"http:\/\/blogdobispo.com.br\/wp-content\/uploads\/2023\/05\/cropped-headear.png","width":1500,"height":399,"caption":"Blog do Bispo"},"image":{"@id":"https:\/\/blogdobispo.com.br\/#\/schema\/logo\/image\/"}},{"@type":"Person","@id":"https:\/\/blogdobispo.com.br\/#\/schema\/person\/e2209cc0e6cea5c5233d033e997b373f","name":"Jefferson Sterfeno","image":{"@type":"ImageObject","inLanguage":"pt-BR","@id":"https:\/\/blogdobispo.com.br\/#\/schema\/person\/image\/","url":"https:\/\/secure.gravatar.com\/avatar\/0534e84764641168a677026b6d57a3f51dc7ac4db0b4f6186d9cb330d4ee1160?s=96&d=mm&r=g","contentUrl":"https:\/\/secure.gravatar.com\/avatar\/0534e84764641168a677026b6d57a3f51dc7ac4db0b4f6186d9cb330d4ee1160?s=96&d=mm&r=g","caption":"Jefferson Sterfeno"},"sameAs":["http:\/\/blogdobispo.com.br"],"url":"https:\/\/blogdobispo.com.br\/?author=1"}]}},"featured_image_urls":{"full":"","thumbnail":"","medium":"","medium_large":"","large":"","1536x1536":"","2048x2048":""},"author_info":{"display_name":"Jefferson Sterfeno","author_link":"https:\/\/blogdobispo.com.br\/?author=1"},"category_info":"<a href=\"https:\/\/blogdobispo.com.br\/?cat=1\" rel=\"category\">diversos<\/a>","tag_info":"diversos","comment_count":"0","jetpack_featured_media_url":"","jetpack_sharing_enabled":true,"_links":{"self":[{"href":"https:\/\/blogdobispo.com.br\/index.php?rest_route=\/wp\/v2\/posts\/4705","targetHints":{"allow":["GET"]}}],"collection":[{"href":"https:\/\/blogdobispo.com.br\/index.php?rest_route=\/wp\/v2\/posts"}],"about":[{"href":"https:\/\/blogdobispo.com.br\/index.php?rest_route=\/wp\/v2\/types\/post"}],"author":[{"embeddable":true,"href":"https:\/\/blogdobispo.com.br\/index.php?rest_route=\/wp\/v2\/users\/1"}],"replies":[{"embeddable":true,"href":"https:\/\/blogdobispo.com.br\/index.php?rest_route=%2Fwp%2Fv2%2Fcomments&post=4705"}],"version-history":[{"count":0,"href":"https:\/\/blogdobispo.com.br\/index.php?rest_route=\/wp\/v2\/posts\/4705\/revisions"}],"wp:attachment":[{"href":"https:\/\/blogdobispo.com.br\/index.php?rest_route=%2Fwp%2Fv2%2Fmedia&parent=4705"}],"wp:term":[{"taxonomy":"category","embeddable":true,"href":"https:\/\/blogdobispo.com.br\/index.php?rest_route=%2Fwp%2Fv2%2Fcategories&post=4705"},{"taxonomy":"post_tag","embeddable":true,"href":"https:\/\/blogdobispo.com.br\/index.php?rest_route=%2Fwp%2Fv2%2Ftags&post=4705"}],"curies":[{"name":"wp","href":"https:\/\/api.w.org\/{rel}","templated":true}]}}