{"id":4697,"date":"2025-02-25T00:04:09","date_gmt":"2025-02-25T00:04:09","guid":{"rendered":"https:\/\/blogdobispo.com.br\/?p=4697"},"modified":"2025-02-25T00:04:09","modified_gmt":"2025-02-25T00:04:09","slug":"ingratidao-jumaria-motta-trai-luiz-eduardo-e-se-alia-ao-inimigo","status":"publish","type":"post","link":"https:\/\/blogdobispo.com.br\/?p=4697","title":{"rendered":"Ingratid\u00e3o: Jum\u00e1ria Motta trai Luiz Eduardo e se alia ao inimigo"},"content":{"rendered":"\n<figure class=\"wp-block-image size-large\"><img data-recalc-dims=\"1\" fetchpriority=\"high\" decoding=\"async\" width=\"334\" height=\"270\" src=\"https:\/\/i0.wp.com\/blogdobispo.com.br\/wp-content\/uploads\/2025\/02\/image-8.jpg?resize=334%2C270&#038;ssl=1\" class=\"wp-image-4696\" srcset=\"https:\/\/i0.wp.com\/blogdobispo.com.br\/wp-content\/uploads\/2025\/02\/image-8.jpg?w=334&amp;ssl=1 334w, https:\/\/i0.wp.com\/blogdobispo.com.br\/wp-content\/uploads\/2025\/02\/image-8.jpg?resize=300%2C243&amp;ssl=1 300w\" sizes=\"(max-width: 334px) 100vw, 334px\" \/><\/figure>\n\n\n\n<p>A trai\u00e7\u00e3o na pol\u00edtica \u00e9 um fen\u00f4meno comum e pode assumir diversas formas, desde a quebra de alian\u00e7as at\u00e9 a mudan\u00e7a de posicionamentos por conveni\u00eancia. Ela pode ocorrer entre partidos, dentro de um mesmo grupo pol\u00edtico ou at\u00e9 entre eleitores e seus representantes.<\/p>\n\n\n\n<p>Em Cear\u00e1-Mirim mais um epis\u00f3dio de trai\u00e7\u00e3o aconteceu, Jum\u00e1ria Motta deixou o grupo de Luiz Eduardo e aceitou o convite do prefeito Ant\u00f4nio Henrique para ser secret\u00e1ria adjunta de Sa\u00fade. <\/p>\n\n\n\n<p>Jum\u00e1ria simplesmente traiu a pessoa que mais ajudou politicamente e pelo qual jurou que votaria em 2026, para ficar ao lado do grupo que mais combateu nos \u00faltimos anos, e fez de tudo para derrota-l\u00e1 nas elei\u00e7\u00f5es. Indo para o grupo de J\u00falio C\u00e9sar, Jum\u00e1ria se enterra politicamente, tendo em vista que deixa de ser a principal e respeitada voz de oposi\u00e7\u00e3o,  perdendo totalmente sua credibilidade e respeito da Cidade. \u00c9 literalmente se aliar ao seu predador. <\/p>\n\n\n\n<p>Luiz sentiu na pele nos \u00faltimos dias o lado mais ruim da humanidade, a ingratid\u00e3o. Depois de Professora Nira, agora Jum\u00e1ria. Dessa vez ele sentiu mais. <\/p>\n","protected":false},"excerpt":{"rendered":"<p>A trai\u00e7\u00e3o na pol\u00edtica \u00e9 um fen\u00f4meno comum e pode assumir diversas formas, desde a quebra de alian\u00e7as at\u00e9 a mudan\u00e7a de posicionamentos por conveni\u00eancia. Ela pode ocorrer entre partidos, dentro de um mesmo grupo pol\u00edtico ou at\u00e9 entre eleitores e seus representantes. Em Cear\u00e1-Mirim mais um epis\u00f3dio de trai\u00e7\u00e3o aconteceu, Jum\u00e1ria Motta deixou o [&hellip;]<\/p>\n","protected":false},"author":1,"featured_media":0,"comment_status":"open","ping_status":"open","sticky":false,"template":"","format":"standard","meta":{"cybocfi_hide_featured_image":"","_jetpack_memberships_contains_paid_content":false,"footnotes":""},"categories":[1],"tags":[],"class_list":["post-4697","post","type-post","status-publish","format-standard","hentry","category-diversos"],"yoast_head":"<!-- This site is optimized with the Yoast SEO plugin v25.6 - https:\/\/yoast.com\/wordpress\/plugins\/seo\/ -->\n<title>Ingratid\u00e3o: Jum\u00e1ria Motta trai Luiz Eduardo e se alia ao inimigo - Blog do Bispo<\/title>\n<meta name=\"robots\" content=\"index, follow, max-snippet:-1, max-image-preview:large, max-video-preview:-1\" \/>\n<link rel=\"canonical\" href=\"https:\/\/blogdobispo.com.br\/?p=4697\" \/>\n<meta property=\"og:locale\" content=\"pt_BR\" \/>\n<meta property=\"og:type\" content=\"article\" \/>\n<meta property=\"og:title\" content=\"Ingratid\u00e3o: Jum\u00e1ria Motta trai Luiz Eduardo e se alia ao inimigo - Blog do Bispo\" \/>\n<meta property=\"og:description\" content=\"A trai\u00e7\u00e3o na pol\u00edtica \u00e9 um fen\u00f4meno comum e pode assumir diversas formas, desde a quebra de alian\u00e7as at\u00e9 a mudan\u00e7a de posicionamentos por conveni\u00eancia. Ela pode ocorrer entre partidos, dentro de um mesmo grupo pol\u00edtico ou at\u00e9 entre eleitores e seus representantes. Em Cear\u00e1-Mirim mais um epis\u00f3dio de trai\u00e7\u00e3o aconteceu, Jum\u00e1ria Motta deixou o [&hellip;]\" \/>\n<meta property=\"og:url\" content=\"https:\/\/blogdobispo.com.br\/?p=4697\" \/>\n<meta property=\"og:site_name\" content=\"Blog do Bispo\" \/>\n<meta property=\"article:published_time\" content=\"2025-02-25T00:04:09+00:00\" \/>\n<meta property=\"og:image\" content=\"https:\/\/blogdobispo.com.br\/wp-content\/uploads\/2025\/02\/image-8.jpg\" \/>\n<meta name=\"author\" content=\"Jefferson Sterfeno\" \/>\n<meta name=\"twitter:card\" content=\"summary_large_image\" \/>\n<meta name=\"twitter:label1\" content=\"Escrito por\" \/>\n\t<meta name=\"twitter:data1\" content=\"Jefferson Sterfeno\" \/>\n\t<meta name=\"twitter:label2\" content=\"Est. tempo de leitura\" \/>\n\t<meta name=\"twitter:data2\" content=\"1 minuto\" \/>\n<script type=\"application\/ld+json\" class=\"yoast-schema-graph\">{\"@context\":\"https:\/\/schema.org\",\"@graph\":[{\"@type\":\"Article\",\"@id\":\"https:\/\/blogdobispo.com.br\/?p=4697#article\",\"isPartOf\":{\"@id\":\"https:\/\/blogdobispo.com.br\/?p=4697\"},\"author\":{\"name\":\"Jefferson Sterfeno\",\"@id\":\"https:\/\/blogdobispo.com.br\/#\/schema\/person\/e2209cc0e6cea5c5233d033e997b373f\"},\"headline\":\"Ingratid\u00e3o: Jum\u00e1ria Motta trai Luiz Eduardo e se alia ao inimigo\",\"datePublished\":\"2025-02-25T00:04:09+00:00\",\"mainEntityOfPage\":{\"@id\":\"https:\/\/blogdobispo.com.br\/?p=4697\"},\"wordCount\":208,\"commentCount\":0,\"publisher\":{\"@id\":\"https:\/\/blogdobispo.com.br\/#organization\"},\"image\":{\"@id\":\"https:\/\/blogdobispo.com.br\/?p=4697#primaryimage\"},\"thumbnailUrl\":\"https:\/\/blogdobispo.com.br\/wp-content\/uploads\/2025\/02\/image-8.jpg\",\"articleSection\":[\"diversos\"],\"inLanguage\":\"pt-BR\",\"potentialAction\":[{\"@type\":\"CommentAction\",\"name\":\"Comment\",\"target\":[\"https:\/\/blogdobispo.com.br\/?p=4697#respond\"]}]},{\"@type\":\"WebPage\",\"@id\":\"https:\/\/blogdobispo.com.br\/?p=4697\",\"url\":\"https:\/\/blogdobispo.com.br\/?p=4697\",\"name\":\"Ingratid\u00e3o: Jum\u00e1ria Motta trai Luiz Eduardo e se alia ao inimigo - Blog do Bispo\",\"isPartOf\":{\"@id\":\"https:\/\/blogdobispo.com.br\/#website\"},\"primaryImageOfPage\":{\"@id\":\"https:\/\/blogdobispo.com.br\/?p=4697#primaryimage\"},\"image\":{\"@id\":\"https:\/\/blogdobispo.com.br\/?p=4697#primaryimage\"},\"thumbnailUrl\":\"https:\/\/blogdobispo.com.br\/wp-content\/uploads\/2025\/02\/image-8.jpg\",\"datePublished\":\"2025-02-25T00:04:09+00:00\",\"breadcrumb\":{\"@id\":\"https:\/\/blogdobispo.com.br\/?p=4697#breadcrumb\"},\"inLanguage\":\"pt-BR\",\"potentialAction\":[{\"@type\":\"ReadAction\",\"target\":[\"https:\/\/blogdobispo.com.br\/?p=4697\"]}]},{\"@type\":\"ImageObject\",\"inLanguage\":\"pt-BR\",\"@id\":\"https:\/\/blogdobispo.com.br\/?p=4697#primaryimage\",\"url\":\"https:\/\/blogdobispo.com.br\/wp-content\/uploads\/2025\/02\/image-8.jpg\",\"contentUrl\":\"https:\/\/blogdobispo.com.br\/wp-content\/uploads\/2025\/02\/image-8.jpg\"},{\"@type\":\"BreadcrumbList\",\"@id\":\"https:\/\/blogdobispo.com.br\/?p=4697#breadcrumb\",\"itemListElement\":[{\"@type\":\"ListItem\",\"position\":1,\"name\":\"In\u00edcio\",\"item\":\"https:\/\/blogdobispo.com.br\/\"},{\"@type\":\"ListItem\",\"position\":2,\"name\":\"Ingratid\u00e3o: Jum\u00e1ria Motta trai Luiz Eduardo e se alia ao inimigo\"}]},{\"@type\":\"WebSite\",\"@id\":\"https:\/\/blogdobispo.com.br\/#website\",\"url\":\"https:\/\/blogdobispo.com.br\/\",\"name\":\"Blog do Bispo\",\"description\":\"Comprometido apenas com o leitor\",\"publisher\":{\"@id\":\"https:\/\/blogdobispo.com.br\/#organization\"},\"potentialAction\":[{\"@type\":\"SearchAction\",\"target\":{\"@type\":\"EntryPoint\",\"urlTemplate\":\"https:\/\/blogdobispo.com.br\/?s={search_term_string}\"},\"query-input\":{\"@type\":\"PropertyValueSpecification\",\"valueRequired\":true,\"valueName\":\"search_term_string\"}}],\"inLanguage\":\"pt-BR\"},{\"@type\":\"Organization\",\"@id\":\"https:\/\/blogdobispo.com.br\/#organization\",\"name\":\"Blog do Bispo\",\"url\":\"https:\/\/blogdobispo.com.br\/\",\"logo\":{\"@type\":\"ImageObject\",\"inLanguage\":\"pt-BR\",\"@id\":\"https:\/\/blogdobispo.com.br\/#\/schema\/logo\/image\/\",\"url\":\"http:\/\/blogdobispo.com.br\/wp-content\/uploads\/2023\/05\/cropped-headear.png\",\"contentUrl\":\"http:\/\/blogdobispo.com.br\/wp-content\/uploads\/2023\/05\/cropped-headear.png\",\"width\":1500,\"height\":399,\"caption\":\"Blog do Bispo\"},\"image\":{\"@id\":\"https:\/\/blogdobispo.com.br\/#\/schema\/logo\/image\/\"}},{\"@type\":\"Person\",\"@id\":\"https:\/\/blogdobispo.com.br\/#\/schema\/person\/e2209cc0e6cea5c5233d033e997b373f\",\"name\":\"Jefferson Sterfeno\",\"image\":{\"@type\":\"ImageObject\",\"inLanguage\":\"pt-BR\",\"@id\":\"https:\/\/blogdobispo.com.br\/#\/schema\/person\/image\/\",\"url\":\"https:\/\/secure.gravatar.com\/avatar\/0534e84764641168a677026b6d57a3f51dc7ac4db0b4f6186d9cb330d4ee1160?s=96&d=mm&r=g\",\"contentUrl\":\"https:\/\/secure.gravatar.com\/avatar\/0534e84764641168a677026b6d57a3f51dc7ac4db0b4f6186d9cb330d4ee1160?s=96&d=mm&r=g\",\"caption\":\"Jefferson Sterfeno\"},\"sameAs\":[\"http:\/\/blogdobispo.com.br\"],\"url\":\"https:\/\/blogdobispo.com.br\/?author=1\"}]}<\/script>\n<!-- \/ Yoast SEO plugin. -->","yoast_head_json":{"title":"Ingratid\u00e3o: Jum\u00e1ria Motta trai Luiz Eduardo e se alia ao inimigo - Blog do Bispo","robots":{"index":"index","follow":"follow","max-snippet":"max-snippet:-1","max-image-preview":"max-image-preview:large","max-video-preview":"max-video-preview:-1"},"canonical":"https:\/\/blogdobispo.com.br\/?p=4697","og_locale":"pt_BR","og_type":"article","og_title":"Ingratid\u00e3o: Jum\u00e1ria Motta trai Luiz Eduardo e se alia ao inimigo - Blog do Bispo","og_description":"A trai\u00e7\u00e3o na pol\u00edtica \u00e9 um fen\u00f4meno comum e pode assumir diversas formas, desde a quebra de alian\u00e7as at\u00e9 a mudan\u00e7a de posicionamentos por conveni\u00eancia. Ela pode ocorrer entre partidos, dentro de um mesmo grupo pol\u00edtico ou at\u00e9 entre eleitores e seus representantes. Em Cear\u00e1-Mirim mais um epis\u00f3dio de trai\u00e7\u00e3o aconteceu, Jum\u00e1ria Motta deixou o [&hellip;]","og_url":"https:\/\/blogdobispo.com.br\/?p=4697","og_site_name":"Blog do Bispo","article_published_time":"2025-02-25T00:04:09+00:00","og_image":[{"url":"https:\/\/blogdobispo.com.br\/wp-content\/uploads\/2025\/02\/image-8.jpg","type":"","width":"","height":""}],"author":"Jefferson Sterfeno","twitter_card":"summary_large_image","twitter_misc":{"Escrito por":"Jefferson Sterfeno","Est. tempo de leitura":"1 minuto"},"schema":{"@context":"https:\/\/schema.org","@graph":[{"@type":"Article","@id":"https:\/\/blogdobispo.com.br\/?p=4697#article","isPartOf":{"@id":"https:\/\/blogdobispo.com.br\/?p=4697"},"author":{"name":"Jefferson Sterfeno","@id":"https:\/\/blogdobispo.com.br\/#\/schema\/person\/e2209cc0e6cea5c5233d033e997b373f"},"headline":"Ingratid\u00e3o: Jum\u00e1ria Motta trai Luiz Eduardo e se alia ao inimigo","datePublished":"2025-02-25T00:04:09+00:00","mainEntityOfPage":{"@id":"https:\/\/blogdobispo.com.br\/?p=4697"},"wordCount":208,"commentCount":0,"publisher":{"@id":"https:\/\/blogdobispo.com.br\/#organization"},"image":{"@id":"https:\/\/blogdobispo.com.br\/?p=4697#primaryimage"},"thumbnailUrl":"https:\/\/blogdobispo.com.br\/wp-content\/uploads\/2025\/02\/image-8.jpg","articleSection":["diversos"],"inLanguage":"pt-BR","potentialAction":[{"@type":"CommentAction","name":"Comment","target":["https:\/\/blogdobispo.com.br\/?p=4697#respond"]}]},{"@type":"WebPage","@id":"https:\/\/blogdobispo.com.br\/?p=4697","url":"https:\/\/blogdobispo.com.br\/?p=4697","name":"Ingratid\u00e3o: Jum\u00e1ria Motta trai Luiz Eduardo e se alia ao inimigo - Blog do Bispo","isPartOf":{"@id":"https:\/\/blogdobispo.com.br\/#website"},"primaryImageOfPage":{"@id":"https:\/\/blogdobispo.com.br\/?p=4697#primaryimage"},"image":{"@id":"https:\/\/blogdobispo.com.br\/?p=4697#primaryimage"},"thumbnailUrl":"https:\/\/blogdobispo.com.br\/wp-content\/uploads\/2025\/02\/image-8.jpg","datePublished":"2025-02-25T00:04:09+00:00","breadcrumb":{"@id":"https:\/\/blogdobispo.com.br\/?p=4697#breadcrumb"},"inLanguage":"pt-BR","potentialAction":[{"@type":"ReadAction","target":["https:\/\/blogdobispo.com.br\/?p=4697"]}]},{"@type":"ImageObject","inLanguage":"pt-BR","@id":"https:\/\/blogdobispo.com.br\/?p=4697#primaryimage","url":"https:\/\/blogdobispo.com.br\/wp-content\/uploads\/2025\/02\/image-8.jpg","contentUrl":"https:\/\/blogdobispo.com.br\/wp-content\/uploads\/2025\/02\/image-8.jpg"},{"@type":"BreadcrumbList","@id":"https:\/\/blogdobispo.com.br\/?p=4697#breadcrumb","itemListElement":[{"@type":"ListItem","position":1,"name":"In\u00edcio","item":"https:\/\/blogdobispo.com.br\/"},{"@type":"ListItem","position":2,"name":"Ingratid\u00e3o: Jum\u00e1ria Motta trai Luiz Eduardo e se alia ao inimigo"}]},{"@type":"WebSite","@id":"https:\/\/blogdobispo.com.br\/#website","url":"https:\/\/blogdobispo.com.br\/","name":"Blog do Bispo","description":"Comprometido apenas com o leitor","publisher":{"@id":"https:\/\/blogdobispo.com.br\/#organization"},"potentialAction":[{"@type":"SearchAction","target":{"@type":"EntryPoint","urlTemplate":"https:\/\/blogdobispo.com.br\/?s={search_term_string}"},"query-input":{"@type":"PropertyValueSpecification","valueRequired":true,"valueName":"search_term_string"}}],"inLanguage":"pt-BR"},{"@type":"Organization","@id":"https:\/\/blogdobispo.com.br\/#organization","name":"Blog do Bispo","url":"https:\/\/blogdobispo.com.br\/","logo":{"@type":"ImageObject","inLanguage":"pt-BR","@id":"https:\/\/blogdobispo.com.br\/#\/schema\/logo\/image\/","url":"http:\/\/blogdobispo.com.br\/wp-content\/uploads\/2023\/05\/cropped-headear.png","contentUrl":"http:\/\/blogdobispo.com.br\/wp-content\/uploads\/2023\/05\/cropped-headear.png","width":1500,"height":399,"caption":"Blog do Bispo"},"image":{"@id":"https:\/\/blogdobispo.com.br\/#\/schema\/logo\/image\/"}},{"@type":"Person","@id":"https:\/\/blogdobispo.com.br\/#\/schema\/person\/e2209cc0e6cea5c5233d033e997b373f","name":"Jefferson Sterfeno","image":{"@type":"ImageObject","inLanguage":"pt-BR","@id":"https:\/\/blogdobispo.com.br\/#\/schema\/person\/image\/","url":"https:\/\/secure.gravatar.com\/avatar\/0534e84764641168a677026b6d57a3f51dc7ac4db0b4f6186d9cb330d4ee1160?s=96&d=mm&r=g","contentUrl":"https:\/\/secure.gravatar.com\/avatar\/0534e84764641168a677026b6d57a3f51dc7ac4db0b4f6186d9cb330d4ee1160?s=96&d=mm&r=g","caption":"Jefferson Sterfeno"},"sameAs":["http:\/\/blogdobispo.com.br"],"url":"https:\/\/blogdobispo.com.br\/?author=1"}]}},"featured_image_urls":{"full":"","thumbnail":"","medium":"","medium_large":"","large":"","1536x1536":"","2048x2048":""},"author_info":{"display_name":"Jefferson Sterfeno","author_link":"https:\/\/blogdobispo.com.br\/?author=1"},"category_info":"<a href=\"https:\/\/blogdobispo.com.br\/?cat=1\" rel=\"category\">diversos<\/a>","tag_info":"diversos","comment_count":"0","jetpack_featured_media_url":"","jetpack_sharing_enabled":true,"_links":{"self":[{"href":"https:\/\/blogdobispo.com.br\/index.php?rest_route=\/wp\/v2\/posts\/4697","targetHints":{"allow":["GET"]}}],"collection":[{"href":"https:\/\/blogdobispo.com.br\/index.php?rest_route=\/wp\/v2\/posts"}],"about":[{"href":"https:\/\/blogdobispo.com.br\/index.php?rest_route=\/wp\/v2\/types\/post"}],"author":[{"embeddable":true,"href":"https:\/\/blogdobispo.com.br\/index.php?rest_route=\/wp\/v2\/users\/1"}],"replies":[{"embeddable":true,"href":"https:\/\/blogdobispo.com.br\/index.php?rest_route=%2Fwp%2Fv2%2Fcomments&post=4697"}],"version-history":[{"count":0,"href":"https:\/\/blogdobispo.com.br\/index.php?rest_route=\/wp\/v2\/posts\/4697\/revisions"}],"wp:attachment":[{"href":"https:\/\/blogdobispo.com.br\/index.php?rest_route=%2Fwp%2Fv2%2Fmedia&parent=4697"}],"wp:term":[{"taxonomy":"category","embeddable":true,"href":"https:\/\/blogdobispo.com.br\/index.php?rest_route=%2Fwp%2Fv2%2Fcategories&post=4697"},{"taxonomy":"post_tag","embeddable":true,"href":"https:\/\/blogdobispo.com.br\/index.php?rest_route=%2Fwp%2Fv2%2Ftags&post=4697"}],"curies":[{"name":"wp","href":"https:\/\/api.w.org\/{rel}","templated":true}]}}