{"id":4694,"date":"2025-02-24T23:44:22","date_gmt":"2025-02-24T23:44:22","guid":{"rendered":"https:\/\/blogdobispo.com.br\/?p=4694"},"modified":"2025-02-24T23:44:22","modified_gmt":"2025-02-24T23:44:22","slug":"eribaldo-medeiros-e-eleito-vice-presidente-da-comissao-de-transporte","status":"publish","type":"post","link":"https:\/\/blogdobispo.com.br\/?p=4694","title":{"rendered":"Eribaldo Medeiros \u00e9 eleito vice-presidente da Comiss\u00e3o de Transporte"},"content":{"rendered":"\n<p>O vereador Eribaldo Medeiros-REDE foi eleito vice-presidente da Comiss\u00e3o de Transporte da C\u00e2mara, uma das mais importantes da casa. <\/p>\n\n\n\n<p class=\"p1\">A Comiss\u00e3o de Transportes, Legisla\u00e7\u00e3o Participativa e Assuntos Metropolitanos da C\u00e2mara Municipal de Natal \u00e9 respons\u00e1vel por analisar projetos e debater quest\u00f5es relacionadas ao transporte p\u00fablico, mobilidade urbana e tr\u00e2nsito na Regi\u00e3o Metropolitana de Natal. Al\u00e9m disso, a comiss\u00e3o assegura a participa\u00e7\u00e3o cidad\u00e3 nas discuss\u00f5es e sugest\u00f5es de pol\u00edticas p\u00fablicas.&nbsp;<\/p>\n\n\n\n<p class=\"p1\">Em fevereiro de 2025, a composi\u00e7\u00e3o da comiss\u00e3o foi definida com o vereador Leo Souza (Republicanos) como presidente e Eribaldo Medeiros (Rede) como vice-presidente. Os vereadores Matheus Faustino (Uni\u00e3o), Subtenente Eliabe (PL) e Samanda Alves (PT) tamb\u00e9m integram o grupo.&nbsp;<\/p>\n\n\n\n<p class=\"p1\">A comiss\u00e3o tem se destacado por aprovar projetos que visam aprimorar o transporte p\u00fablico e a mobilidade urbana em Natal. Por exemplo, em dezembro de 2024, foram aprovados projetos que asseguram assentos preferenciais para pacientes em tratamento oncol\u00f3gico nos \u00f4nibus e que obrigam a capacita\u00e7\u00e3o de motoristas e cobradores para operar equipamentos de acessibilidade.&nbsp;<\/p>\n\n\n\n<p class=\"p1\">Al\u00e9m disso, a comiss\u00e3o desempenha um papel ativo na fiscaliza\u00e7\u00e3o e participa\u00e7\u00e3o em discuss\u00f5es sobre pol\u00edticas tarif\u00e1rias e revis\u00f5es do Plano Municipal de Mobilidade Urbana, promovendo a integra\u00e7\u00e3o entre os \u00f3rg\u00e3os que atuam na mobilidade urbana e convocando audi\u00eancias p\u00fablicas sobre o tema.&nbsp;<\/p>\n\n\n\n<figure class=\"wp-block-image size-large\"><img data-recalc-dims=\"1\" fetchpriority=\"high\" decoding=\"async\" width=\"768\" height=\"1024\" src=\"https:\/\/i0.wp.com\/blogdobispo.com.br\/wp-content\/uploads\/2025\/02\/f99b839c-6c11-4949-bff6-d549d77c419b-1-768x1024.jpg?resize=768%2C1024&#038;ssl=1\" class=\"wp-image-4693\" srcset=\"https:\/\/i0.wp.com\/blogdobispo.com.br\/wp-content\/uploads\/2025\/02\/f99b839c-6c11-4949-bff6-d549d77c419b-1.jpg?resize=768%2C1024&amp;ssl=1 768w, https:\/\/i0.wp.com\/blogdobispo.com.br\/wp-content\/uploads\/2025\/02\/f99b839c-6c11-4949-bff6-d549d77c419b-1.jpg?resize=225%2C300&amp;ssl=1 225w, https:\/\/i0.wp.com\/blogdobispo.com.br\/wp-content\/uploads\/2025\/02\/f99b839c-6c11-4949-bff6-d549d77c419b-1.jpg?resize=1152%2C1536&amp;ssl=1 1152w, https:\/\/i0.wp.com\/blogdobispo.com.br\/wp-content\/uploads\/2025\/02\/f99b839c-6c11-4949-bff6-d549d77c419b-1.jpg?resize=1024%2C1365&amp;ssl=1 1024w, https:\/\/i0.wp.com\/blogdobispo.com.br\/wp-content\/uploads\/2025\/02\/f99b839c-6c11-4949-bff6-d549d77c419b-1.jpg?w=1200&amp;ssl=1 1200w\" sizes=\"(max-width: 768px) 100vw, 768px\" \/><\/figure>\n","protected":false},"excerpt":{"rendered":"<p>O vereador Eribaldo Medeiros-REDE foi eleito vice-presidente da Comiss\u00e3o de Transporte da C\u00e2mara, uma das mais importantes da casa. A Comiss\u00e3o de Transportes, Legisla\u00e7\u00e3o Participativa e Assuntos Metropolitanos da C\u00e2mara Municipal de Natal \u00e9 respons\u00e1vel por analisar projetos e debater quest\u00f5es relacionadas ao transporte p\u00fablico, mobilidade urbana e tr\u00e2nsito na Regi\u00e3o Metropolitana de Natal. Al\u00e9m [&hellip;]<\/p>\n","protected":false},"author":1,"featured_media":0,"comment_status":"open","ping_status":"open","sticky":false,"template":"","format":"standard","meta":{"cybocfi_hide_featured_image":"","_jetpack_memberships_contains_paid_content":false,"footnotes":""},"categories":[1],"tags":[],"class_list":["post-4694","post","type-post","status-publish","format-standard","hentry","category-diversos"],"yoast_head":"<!-- This site is optimized with the Yoast SEO plugin v25.6 - https:\/\/yoast.com\/wordpress\/plugins\/seo\/ -->\n<title>Eribaldo Medeiros \u00e9 eleito vice-presidente da Comiss\u00e3o de Transporte - Blog do Bispo<\/title>\n<meta name=\"robots\" content=\"index, follow, max-snippet:-1, max-image-preview:large, max-video-preview:-1\" \/>\n<link rel=\"canonical\" href=\"https:\/\/blogdobispo.com.br\/?p=4694\" \/>\n<meta property=\"og:locale\" content=\"pt_BR\" \/>\n<meta property=\"og:type\" content=\"article\" \/>\n<meta property=\"og:title\" content=\"Eribaldo Medeiros \u00e9 eleito vice-presidente da Comiss\u00e3o de Transporte - Blog do Bispo\" \/>\n<meta property=\"og:description\" content=\"O vereador Eribaldo Medeiros-REDE foi eleito vice-presidente da Comiss\u00e3o de Transporte da C\u00e2mara, uma das mais importantes da casa. A Comiss\u00e3o de Transportes, Legisla\u00e7\u00e3o Participativa e Assuntos Metropolitanos da C\u00e2mara Municipal de Natal \u00e9 respons\u00e1vel por analisar projetos e debater quest\u00f5es relacionadas ao transporte p\u00fablico, mobilidade urbana e tr\u00e2nsito na Regi\u00e3o Metropolitana de Natal. Al\u00e9m [&hellip;]\" \/>\n<meta property=\"og:url\" content=\"https:\/\/blogdobispo.com.br\/?p=4694\" \/>\n<meta property=\"og:site_name\" content=\"Blog do Bispo\" \/>\n<meta property=\"article:published_time\" content=\"2025-02-24T23:44:22+00:00\" \/>\n<meta property=\"og:image\" content=\"https:\/\/blogdobispo.com.br\/wp-content\/uploads\/2025\/02\/f99b839c-6c11-4949-bff6-d549d77c419b-1-768x1024.jpg\" \/>\n<meta name=\"author\" content=\"Jefferson Sterfeno\" \/>\n<meta name=\"twitter:card\" content=\"summary_large_image\" \/>\n<meta name=\"twitter:label1\" content=\"Escrito por\" \/>\n\t<meta name=\"twitter:data1\" content=\"Jefferson Sterfeno\" \/>\n\t<meta name=\"twitter:label2\" content=\"Est. tempo de leitura\" \/>\n\t<meta name=\"twitter:data2\" content=\"1 minuto\" \/>\n<script type=\"application\/ld+json\" class=\"yoast-schema-graph\">{\"@context\":\"https:\/\/schema.org\",\"@graph\":[{\"@type\":\"Article\",\"@id\":\"https:\/\/blogdobispo.com.br\/?p=4694#article\",\"isPartOf\":{\"@id\":\"https:\/\/blogdobispo.com.br\/?p=4694\"},\"author\":{\"name\":\"Jefferson Sterfeno\",\"@id\":\"https:\/\/blogdobispo.com.br\/#\/schema\/person\/e2209cc0e6cea5c5233d033e997b373f\"},\"headline\":\"Eribaldo Medeiros \u00e9 eleito vice-presidente da Comiss\u00e3o de Transporte\",\"datePublished\":\"2025-02-24T23:44:22+00:00\",\"mainEntityOfPage\":{\"@id\":\"https:\/\/blogdobispo.com.br\/?p=4694\"},\"wordCount\":253,\"commentCount\":0,\"publisher\":{\"@id\":\"https:\/\/blogdobispo.com.br\/#organization\"},\"image\":{\"@id\":\"https:\/\/blogdobispo.com.br\/?p=4694#primaryimage\"},\"thumbnailUrl\":\"https:\/\/blogdobispo.com.br\/wp-content\/uploads\/2025\/02\/f99b839c-6c11-4949-bff6-d549d77c419b-1-768x1024.jpg\",\"articleSection\":[\"diversos\"],\"inLanguage\":\"pt-BR\",\"potentialAction\":[{\"@type\":\"CommentAction\",\"name\":\"Comment\",\"target\":[\"https:\/\/blogdobispo.com.br\/?p=4694#respond\"]}]},{\"@type\":\"WebPage\",\"@id\":\"https:\/\/blogdobispo.com.br\/?p=4694\",\"url\":\"https:\/\/blogdobispo.com.br\/?p=4694\",\"name\":\"Eribaldo Medeiros \u00e9 eleito vice-presidente da Comiss\u00e3o de Transporte - Blog do Bispo\",\"isPartOf\":{\"@id\":\"https:\/\/blogdobispo.com.br\/#website\"},\"primaryImageOfPage\":{\"@id\":\"https:\/\/blogdobispo.com.br\/?p=4694#primaryimage\"},\"image\":{\"@id\":\"https:\/\/blogdobispo.com.br\/?p=4694#primaryimage\"},\"thumbnailUrl\":\"https:\/\/blogdobispo.com.br\/wp-content\/uploads\/2025\/02\/f99b839c-6c11-4949-bff6-d549d77c419b-1-768x1024.jpg\",\"datePublished\":\"2025-02-24T23:44:22+00:00\",\"breadcrumb\":{\"@id\":\"https:\/\/blogdobispo.com.br\/?p=4694#breadcrumb\"},\"inLanguage\":\"pt-BR\",\"potentialAction\":[{\"@type\":\"ReadAction\",\"target\":[\"https:\/\/blogdobispo.com.br\/?p=4694\"]}]},{\"@type\":\"ImageObject\",\"inLanguage\":\"pt-BR\",\"@id\":\"https:\/\/blogdobispo.com.br\/?p=4694#primaryimage\",\"url\":\"https:\/\/blogdobispo.com.br\/wp-content\/uploads\/2025\/02\/f99b839c-6c11-4949-bff6-d549d77c419b-1-768x1024.jpg\",\"contentUrl\":\"https:\/\/blogdobispo.com.br\/wp-content\/uploads\/2025\/02\/f99b839c-6c11-4949-bff6-d549d77c419b-1-768x1024.jpg\"},{\"@type\":\"BreadcrumbList\",\"@id\":\"https:\/\/blogdobispo.com.br\/?p=4694#breadcrumb\",\"itemListElement\":[{\"@type\":\"ListItem\",\"position\":1,\"name\":\"In\u00edcio\",\"item\":\"https:\/\/blogdobispo.com.br\/\"},{\"@type\":\"ListItem\",\"position\":2,\"name\":\"Eribaldo Medeiros \u00e9 eleito vice-presidente da Comiss\u00e3o de Transporte\"}]},{\"@type\":\"WebSite\",\"@id\":\"https:\/\/blogdobispo.com.br\/#website\",\"url\":\"https:\/\/blogdobispo.com.br\/\",\"name\":\"Blog do Bispo\",\"description\":\"Comprometido apenas com o leitor\",\"publisher\":{\"@id\":\"https:\/\/blogdobispo.com.br\/#organization\"},\"potentialAction\":[{\"@type\":\"SearchAction\",\"target\":{\"@type\":\"EntryPoint\",\"urlTemplate\":\"https:\/\/blogdobispo.com.br\/?s={search_term_string}\"},\"query-input\":{\"@type\":\"PropertyValueSpecification\",\"valueRequired\":true,\"valueName\":\"search_term_string\"}}],\"inLanguage\":\"pt-BR\"},{\"@type\":\"Organization\",\"@id\":\"https:\/\/blogdobispo.com.br\/#organization\",\"name\":\"Blog do Bispo\",\"url\":\"https:\/\/blogdobispo.com.br\/\",\"logo\":{\"@type\":\"ImageObject\",\"inLanguage\":\"pt-BR\",\"@id\":\"https:\/\/blogdobispo.com.br\/#\/schema\/logo\/image\/\",\"url\":\"http:\/\/blogdobispo.com.br\/wp-content\/uploads\/2023\/05\/cropped-headear.png\",\"contentUrl\":\"http:\/\/blogdobispo.com.br\/wp-content\/uploads\/2023\/05\/cropped-headear.png\",\"width\":1500,\"height\":399,\"caption\":\"Blog do Bispo\"},\"image\":{\"@id\":\"https:\/\/blogdobispo.com.br\/#\/schema\/logo\/image\/\"}},{\"@type\":\"Person\",\"@id\":\"https:\/\/blogdobispo.com.br\/#\/schema\/person\/e2209cc0e6cea5c5233d033e997b373f\",\"name\":\"Jefferson Sterfeno\",\"image\":{\"@type\":\"ImageObject\",\"inLanguage\":\"pt-BR\",\"@id\":\"https:\/\/blogdobispo.com.br\/#\/schema\/person\/image\/\",\"url\":\"https:\/\/secure.gravatar.com\/avatar\/0534e84764641168a677026b6d57a3f51dc7ac4db0b4f6186d9cb330d4ee1160?s=96&d=mm&r=g\",\"contentUrl\":\"https:\/\/secure.gravatar.com\/avatar\/0534e84764641168a677026b6d57a3f51dc7ac4db0b4f6186d9cb330d4ee1160?s=96&d=mm&r=g\",\"caption\":\"Jefferson Sterfeno\"},\"sameAs\":[\"http:\/\/blogdobispo.com.br\"],\"url\":\"https:\/\/blogdobispo.com.br\/?author=1\"}]}<\/script>\n<!-- \/ Yoast SEO plugin. -->","yoast_head_json":{"title":"Eribaldo Medeiros \u00e9 eleito vice-presidente da Comiss\u00e3o de Transporte - Blog do Bispo","robots":{"index":"index","follow":"follow","max-snippet":"max-snippet:-1","max-image-preview":"max-image-preview:large","max-video-preview":"max-video-preview:-1"},"canonical":"https:\/\/blogdobispo.com.br\/?p=4694","og_locale":"pt_BR","og_type":"article","og_title":"Eribaldo Medeiros \u00e9 eleito vice-presidente da Comiss\u00e3o de Transporte - Blog do Bispo","og_description":"O vereador Eribaldo Medeiros-REDE foi eleito vice-presidente da Comiss\u00e3o de Transporte da C\u00e2mara, uma das mais importantes da casa. A Comiss\u00e3o de Transportes, Legisla\u00e7\u00e3o Participativa e Assuntos Metropolitanos da C\u00e2mara Municipal de Natal \u00e9 respons\u00e1vel por analisar projetos e debater quest\u00f5es relacionadas ao transporte p\u00fablico, mobilidade urbana e tr\u00e2nsito na Regi\u00e3o Metropolitana de Natal. Al\u00e9m [&hellip;]","og_url":"https:\/\/blogdobispo.com.br\/?p=4694","og_site_name":"Blog do Bispo","article_published_time":"2025-02-24T23:44:22+00:00","og_image":[{"url":"https:\/\/blogdobispo.com.br\/wp-content\/uploads\/2025\/02\/f99b839c-6c11-4949-bff6-d549d77c419b-1-768x1024.jpg","type":"","width":"","height":""}],"author":"Jefferson Sterfeno","twitter_card":"summary_large_image","twitter_misc":{"Escrito por":"Jefferson Sterfeno","Est. tempo de leitura":"1 minuto"},"schema":{"@context":"https:\/\/schema.org","@graph":[{"@type":"Article","@id":"https:\/\/blogdobispo.com.br\/?p=4694#article","isPartOf":{"@id":"https:\/\/blogdobispo.com.br\/?p=4694"},"author":{"name":"Jefferson Sterfeno","@id":"https:\/\/blogdobispo.com.br\/#\/schema\/person\/e2209cc0e6cea5c5233d033e997b373f"},"headline":"Eribaldo Medeiros \u00e9 eleito vice-presidente da Comiss\u00e3o de Transporte","datePublished":"2025-02-24T23:44:22+00:00","mainEntityOfPage":{"@id":"https:\/\/blogdobispo.com.br\/?p=4694"},"wordCount":253,"commentCount":0,"publisher":{"@id":"https:\/\/blogdobispo.com.br\/#organization"},"image":{"@id":"https:\/\/blogdobispo.com.br\/?p=4694#primaryimage"},"thumbnailUrl":"https:\/\/blogdobispo.com.br\/wp-content\/uploads\/2025\/02\/f99b839c-6c11-4949-bff6-d549d77c419b-1-768x1024.jpg","articleSection":["diversos"],"inLanguage":"pt-BR","potentialAction":[{"@type":"CommentAction","name":"Comment","target":["https:\/\/blogdobispo.com.br\/?p=4694#respond"]}]},{"@type":"WebPage","@id":"https:\/\/blogdobispo.com.br\/?p=4694","url":"https:\/\/blogdobispo.com.br\/?p=4694","name":"Eribaldo Medeiros \u00e9 eleito vice-presidente da Comiss\u00e3o de Transporte - Blog do Bispo","isPartOf":{"@id":"https:\/\/blogdobispo.com.br\/#website"},"primaryImageOfPage":{"@id":"https:\/\/blogdobispo.com.br\/?p=4694#primaryimage"},"image":{"@id":"https:\/\/blogdobispo.com.br\/?p=4694#primaryimage"},"thumbnailUrl":"https:\/\/blogdobispo.com.br\/wp-content\/uploads\/2025\/02\/f99b839c-6c11-4949-bff6-d549d77c419b-1-768x1024.jpg","datePublished":"2025-02-24T23:44:22+00:00","breadcrumb":{"@id":"https:\/\/blogdobispo.com.br\/?p=4694#breadcrumb"},"inLanguage":"pt-BR","potentialAction":[{"@type":"ReadAction","target":["https:\/\/blogdobispo.com.br\/?p=4694"]}]},{"@type":"ImageObject","inLanguage":"pt-BR","@id":"https:\/\/blogdobispo.com.br\/?p=4694#primaryimage","url":"https:\/\/blogdobispo.com.br\/wp-content\/uploads\/2025\/02\/f99b839c-6c11-4949-bff6-d549d77c419b-1-768x1024.jpg","contentUrl":"https:\/\/blogdobispo.com.br\/wp-content\/uploads\/2025\/02\/f99b839c-6c11-4949-bff6-d549d77c419b-1-768x1024.jpg"},{"@type":"BreadcrumbList","@id":"https:\/\/blogdobispo.com.br\/?p=4694#breadcrumb","itemListElement":[{"@type":"ListItem","position":1,"name":"In\u00edcio","item":"https:\/\/blogdobispo.com.br\/"},{"@type":"ListItem","position":2,"name":"Eribaldo Medeiros \u00e9 eleito vice-presidente da Comiss\u00e3o de Transporte"}]},{"@type":"WebSite","@id":"https:\/\/blogdobispo.com.br\/#website","url":"https:\/\/blogdobispo.com.br\/","name":"Blog do Bispo","description":"Comprometido apenas com o leitor","publisher":{"@id":"https:\/\/blogdobispo.com.br\/#organization"},"potentialAction":[{"@type":"SearchAction","target":{"@type":"EntryPoint","urlTemplate":"https:\/\/blogdobispo.com.br\/?s={search_term_string}"},"query-input":{"@type":"PropertyValueSpecification","valueRequired":true,"valueName":"search_term_string"}}],"inLanguage":"pt-BR"},{"@type":"Organization","@id":"https:\/\/blogdobispo.com.br\/#organization","name":"Blog do Bispo","url":"https:\/\/blogdobispo.com.br\/","logo":{"@type":"ImageObject","inLanguage":"pt-BR","@id":"https:\/\/blogdobispo.com.br\/#\/schema\/logo\/image\/","url":"http:\/\/blogdobispo.com.br\/wp-content\/uploads\/2023\/05\/cropped-headear.png","contentUrl":"http:\/\/blogdobispo.com.br\/wp-content\/uploads\/2023\/05\/cropped-headear.png","width":1500,"height":399,"caption":"Blog do Bispo"},"image":{"@id":"https:\/\/blogdobispo.com.br\/#\/schema\/logo\/image\/"}},{"@type":"Person","@id":"https:\/\/blogdobispo.com.br\/#\/schema\/person\/e2209cc0e6cea5c5233d033e997b373f","name":"Jefferson Sterfeno","image":{"@type":"ImageObject","inLanguage":"pt-BR","@id":"https:\/\/blogdobispo.com.br\/#\/schema\/person\/image\/","url":"https:\/\/secure.gravatar.com\/avatar\/0534e84764641168a677026b6d57a3f51dc7ac4db0b4f6186d9cb330d4ee1160?s=96&d=mm&r=g","contentUrl":"https:\/\/secure.gravatar.com\/avatar\/0534e84764641168a677026b6d57a3f51dc7ac4db0b4f6186d9cb330d4ee1160?s=96&d=mm&r=g","caption":"Jefferson Sterfeno"},"sameAs":["http:\/\/blogdobispo.com.br"],"url":"https:\/\/blogdobispo.com.br\/?author=1"}]}},"featured_image_urls":{"full":"","thumbnail":"","medium":"","medium_large":"","large":"","1536x1536":"","2048x2048":""},"author_info":{"display_name":"Jefferson Sterfeno","author_link":"https:\/\/blogdobispo.com.br\/?author=1"},"category_info":"<a href=\"https:\/\/blogdobispo.com.br\/?cat=1\" rel=\"category\">diversos<\/a>","tag_info":"diversos","comment_count":"0","jetpack_featured_media_url":"","jetpack_sharing_enabled":true,"_links":{"self":[{"href":"https:\/\/blogdobispo.com.br\/index.php?rest_route=\/wp\/v2\/posts\/4694","targetHints":{"allow":["GET"]}}],"collection":[{"href":"https:\/\/blogdobispo.com.br\/index.php?rest_route=\/wp\/v2\/posts"}],"about":[{"href":"https:\/\/blogdobispo.com.br\/index.php?rest_route=\/wp\/v2\/types\/post"}],"author":[{"embeddable":true,"href":"https:\/\/blogdobispo.com.br\/index.php?rest_route=\/wp\/v2\/users\/1"}],"replies":[{"embeddable":true,"href":"https:\/\/blogdobispo.com.br\/index.php?rest_route=%2Fwp%2Fv2%2Fcomments&post=4694"}],"version-history":[{"count":0,"href":"https:\/\/blogdobispo.com.br\/index.php?rest_route=\/wp\/v2\/posts\/4694\/revisions"}],"wp:attachment":[{"href":"https:\/\/blogdobispo.com.br\/index.php?rest_route=%2Fwp%2Fv2%2Fmedia&parent=4694"}],"wp:term":[{"taxonomy":"category","embeddable":true,"href":"https:\/\/blogdobispo.com.br\/index.php?rest_route=%2Fwp%2Fv2%2Fcategories&post=4694"},{"taxonomy":"post_tag","embeddable":true,"href":"https:\/\/blogdobispo.com.br\/index.php?rest_route=%2Fwp%2Fv2%2Ftags&post=4694"}],"curies":[{"name":"wp","href":"https:\/\/api.w.org\/{rel}","templated":true}]}}