{"id":4692,"date":"2025-02-24T23:40:46","date_gmt":"2025-02-24T23:40:46","guid":{"rendered":"https:\/\/blogdobispo.com.br\/?p=4692"},"modified":"2025-02-24T23:40:46","modified_gmt":"2025-02-24T23:40:46","slug":"fecam-e-femurn-avancam-em-parceria-para-fortalecer-municipios","status":"publish","type":"post","link":"https:\/\/blogdobispo.com.br\/?p=4692","title":{"rendered":"FECAM e FEMURN avan\u00e7am em parceria para fortalecer munic\u00edpios"},"content":{"rendered":"\n<figure class=\"wp-block-image size-large\"><img data-recalc-dims=\"1\" fetchpriority=\"high\" decoding=\"async\" width=\"800\" height=\"573\" src=\"https:\/\/i0.wp.com\/blogdobispo.com.br\/wp-content\/uploads\/2025\/02\/4af05c98-d2dc-4137-b504-98ddcad8ece4-1-1024x733.jpg?resize=800%2C573&#038;ssl=1\" class=\"wp-image-4691\" srcset=\"https:\/\/i0.wp.com\/blogdobispo.com.br\/wp-content\/uploads\/2025\/02\/4af05c98-d2dc-4137-b504-98ddcad8ece4-1.jpg?resize=1024%2C733&amp;ssl=1 1024w, https:\/\/i0.wp.com\/blogdobispo.com.br\/wp-content\/uploads\/2025\/02\/4af05c98-d2dc-4137-b504-98ddcad8ece4-1.jpg?resize=300%2C215&amp;ssl=1 300w, https:\/\/i0.wp.com\/blogdobispo.com.br\/wp-content\/uploads\/2025\/02\/4af05c98-d2dc-4137-b504-98ddcad8ece4-1.jpg?resize=768%2C550&amp;ssl=1 768w, https:\/\/i0.wp.com\/blogdobispo.com.br\/wp-content\/uploads\/2025\/02\/4af05c98-d2dc-4137-b504-98ddcad8ece4-1.jpg?resize=1536%2C1100&amp;ssl=1 1536w, https:\/\/i0.wp.com\/blogdobispo.com.br\/wp-content\/uploads\/2025\/02\/4af05c98-d2dc-4137-b504-98ddcad8ece4-1.jpg?w=2000&amp;ssl=1 2000w, https:\/\/i0.wp.com\/blogdobispo.com.br\/wp-content\/uploads\/2025\/02\/4af05c98-d2dc-4137-b504-98ddcad8ece4-1.jpg?w=1600 1600w\" sizes=\"(max-width: 800px) 100vw, 800px\" \/><\/figure>\n\n\n\n<p><\/p>\n\n\n\n<p>Na manh\u00e3 desta segunda-feira (24), o presidente da Federa\u00e7\u00e3o das C\u00e2maras Municipais do Rio Grande do Norte (FECAM), \u00c9riko J\u00e1come, recebeu o presidente da Federa\u00e7\u00e3o dos Munic\u00edpios do RN (FEMURN), Bab\u00e1, para uma reuni\u00e3o extensa na sede da FECAM. O encontro teve como pauta principal o fortalecimento da uni\u00e3o entre as duas federa\u00e7\u00f5es, buscando parcerias que valorizem os munic\u00edpios tanto no \u00e2mbito legislativo quanto no executivo.<\/p>\n\n\n\n<p>Para \u00c9riko J\u00e1come, a parceria entre as duas entidades \u00e9 fundamental para fortalecer a atua\u00e7\u00e3o municipalista no estado. &#8220;Quando unimos for\u00e7as, conseguimos representar melhor os interesses dos munic\u00edpios, garantindo mais estrutura e suporte tanto para as c\u00e2maras quanto para as prefeituras. Essa uni\u00e3o entre FECAM e FEMURN s\u00f3 tem a trazer benef\u00edcios para as cidades e suas popula\u00e7\u00f5es&#8221;, disse.<\/p>\n\n\n\n<p>J\u00e1 o presidente da FEMURN e ex-prefeito Bab\u00e1 destacou que esse \u00e9 apenas o come\u00e7o de um trabalho conjunto em prol dos munic\u00edpios. &#8220;A ideia \u00e9 que possamos encontrar solu\u00e7\u00f5es conjuntas, potencializando a for\u00e7a dos munic\u00edpios e garantindo mais avan\u00e7os para a gest\u00e3o p\u00fablica&#8221;, afirmou.<\/p>\n\n\n\n<p>A Ex-Presidente e hoje diretora executiva da FECAM, Erineide S\u00e1, tamb\u00e9m participou da reuni\u00e3o trazendo pautas importantes.<\/p>\n","protected":false},"excerpt":{"rendered":"<p>Na manh\u00e3 desta segunda-feira (24), o presidente da Federa\u00e7\u00e3o das C\u00e2maras Municipais do Rio Grande do Norte (FECAM), \u00c9riko J\u00e1come, recebeu o presidente da Federa\u00e7\u00e3o dos Munic\u00edpios do RN (FEMURN), Bab\u00e1, para uma reuni\u00e3o extensa na sede da FECAM. O encontro teve como pauta principal o fortalecimento da uni\u00e3o entre as duas federa\u00e7\u00f5es, buscando parcerias [&hellip;]<\/p>\n","protected":false},"author":1,"featured_media":0,"comment_status":"open","ping_status":"open","sticky":false,"template":"","format":"standard","meta":{"cybocfi_hide_featured_image":"","_jetpack_memberships_contains_paid_content":false,"footnotes":""},"categories":[1],"tags":[],"class_list":["post-4692","post","type-post","status-publish","format-standard","hentry","category-diversos"],"yoast_head":"<!-- This site is optimized with the Yoast SEO plugin v25.6 - https:\/\/yoast.com\/wordpress\/plugins\/seo\/ -->\n<title>FECAM e FEMURN avan\u00e7am em parceria para fortalecer munic\u00edpios - Blog do Bispo<\/title>\n<meta name=\"robots\" content=\"index, follow, max-snippet:-1, max-image-preview:large, max-video-preview:-1\" \/>\n<link rel=\"canonical\" href=\"https:\/\/blogdobispo.com.br\/?p=4692\" \/>\n<meta property=\"og:locale\" content=\"pt_BR\" \/>\n<meta property=\"og:type\" content=\"article\" \/>\n<meta property=\"og:title\" content=\"FECAM e FEMURN avan\u00e7am em parceria para fortalecer munic\u00edpios - Blog do Bispo\" \/>\n<meta property=\"og:description\" content=\"Na manh\u00e3 desta segunda-feira (24), o presidente da Federa\u00e7\u00e3o das C\u00e2maras Municipais do Rio Grande do Norte (FECAM), \u00c9riko J\u00e1come, recebeu o presidente da Federa\u00e7\u00e3o dos Munic\u00edpios do RN (FEMURN), Bab\u00e1, para uma reuni\u00e3o extensa na sede da FECAM. O encontro teve como pauta principal o fortalecimento da uni\u00e3o entre as duas federa\u00e7\u00f5es, buscando parcerias [&hellip;]\" \/>\n<meta property=\"og:url\" content=\"https:\/\/blogdobispo.com.br\/?p=4692\" \/>\n<meta property=\"og:site_name\" content=\"Blog do Bispo\" \/>\n<meta property=\"article:published_time\" content=\"2025-02-24T23:40:46+00:00\" \/>\n<meta property=\"og:image\" content=\"https:\/\/blogdobispo.com.br\/wp-content\/uploads\/2025\/02\/4af05c98-d2dc-4137-b504-98ddcad8ece4-1-1024x733.jpg\" \/>\n<meta name=\"author\" content=\"Jefferson Sterfeno\" \/>\n<meta name=\"twitter:card\" content=\"summary_large_image\" \/>\n<meta name=\"twitter:label1\" content=\"Escrito por\" \/>\n\t<meta name=\"twitter:data1\" content=\"Jefferson Sterfeno\" \/>\n\t<meta name=\"twitter:label2\" content=\"Est. tempo de leitura\" \/>\n\t<meta name=\"twitter:data2\" content=\"1 minuto\" \/>\n<script type=\"application\/ld+json\" class=\"yoast-schema-graph\">{\"@context\":\"https:\/\/schema.org\",\"@graph\":[{\"@type\":\"Article\",\"@id\":\"https:\/\/blogdobispo.com.br\/?p=4692#article\",\"isPartOf\":{\"@id\":\"https:\/\/blogdobispo.com.br\/?p=4692\"},\"author\":{\"name\":\"Jefferson Sterfeno\",\"@id\":\"https:\/\/blogdobispo.com.br\/#\/schema\/person\/e2209cc0e6cea5c5233d033e997b373f\"},\"headline\":\"FECAM e FEMURN avan\u00e7am em parceria para fortalecer munic\u00edpios\",\"datePublished\":\"2025-02-24T23:40:46+00:00\",\"mainEntityOfPage\":{\"@id\":\"https:\/\/blogdobispo.com.br\/?p=4692\"},\"wordCount\":221,\"commentCount\":0,\"publisher\":{\"@id\":\"https:\/\/blogdobispo.com.br\/#organization\"},\"image\":{\"@id\":\"https:\/\/blogdobispo.com.br\/?p=4692#primaryimage\"},\"thumbnailUrl\":\"https:\/\/blogdobispo.com.br\/wp-content\/uploads\/2025\/02\/4af05c98-d2dc-4137-b504-98ddcad8ece4-1-1024x733.jpg\",\"articleSection\":[\"diversos\"],\"inLanguage\":\"pt-BR\",\"potentialAction\":[{\"@type\":\"CommentAction\",\"name\":\"Comment\",\"target\":[\"https:\/\/blogdobispo.com.br\/?p=4692#respond\"]}]},{\"@type\":\"WebPage\",\"@id\":\"https:\/\/blogdobispo.com.br\/?p=4692\",\"url\":\"https:\/\/blogdobispo.com.br\/?p=4692\",\"name\":\"FECAM e FEMURN avan\u00e7am em parceria para fortalecer munic\u00edpios - Blog do Bispo\",\"isPartOf\":{\"@id\":\"https:\/\/blogdobispo.com.br\/#website\"},\"primaryImageOfPage\":{\"@id\":\"https:\/\/blogdobispo.com.br\/?p=4692#primaryimage\"},\"image\":{\"@id\":\"https:\/\/blogdobispo.com.br\/?p=4692#primaryimage\"},\"thumbnailUrl\":\"https:\/\/blogdobispo.com.br\/wp-content\/uploads\/2025\/02\/4af05c98-d2dc-4137-b504-98ddcad8ece4-1-1024x733.jpg\",\"datePublished\":\"2025-02-24T23:40:46+00:00\",\"breadcrumb\":{\"@id\":\"https:\/\/blogdobispo.com.br\/?p=4692#breadcrumb\"},\"inLanguage\":\"pt-BR\",\"potentialAction\":[{\"@type\":\"ReadAction\",\"target\":[\"https:\/\/blogdobispo.com.br\/?p=4692\"]}]},{\"@type\":\"ImageObject\",\"inLanguage\":\"pt-BR\",\"@id\":\"https:\/\/blogdobispo.com.br\/?p=4692#primaryimage\",\"url\":\"https:\/\/blogdobispo.com.br\/wp-content\/uploads\/2025\/02\/4af05c98-d2dc-4137-b504-98ddcad8ece4-1-1024x733.jpg\",\"contentUrl\":\"https:\/\/blogdobispo.com.br\/wp-content\/uploads\/2025\/02\/4af05c98-d2dc-4137-b504-98ddcad8ece4-1-1024x733.jpg\"},{\"@type\":\"BreadcrumbList\",\"@id\":\"https:\/\/blogdobispo.com.br\/?p=4692#breadcrumb\",\"itemListElement\":[{\"@type\":\"ListItem\",\"position\":1,\"name\":\"In\u00edcio\",\"item\":\"https:\/\/blogdobispo.com.br\/\"},{\"@type\":\"ListItem\",\"position\":2,\"name\":\"FECAM e FEMURN avan\u00e7am em parceria para fortalecer munic\u00edpios\"}]},{\"@type\":\"WebSite\",\"@id\":\"https:\/\/blogdobispo.com.br\/#website\",\"url\":\"https:\/\/blogdobispo.com.br\/\",\"name\":\"Blog do Bispo\",\"description\":\"Comprometido apenas com o leitor\",\"publisher\":{\"@id\":\"https:\/\/blogdobispo.com.br\/#organization\"},\"potentialAction\":[{\"@type\":\"SearchAction\",\"target\":{\"@type\":\"EntryPoint\",\"urlTemplate\":\"https:\/\/blogdobispo.com.br\/?s={search_term_string}\"},\"query-input\":{\"@type\":\"PropertyValueSpecification\",\"valueRequired\":true,\"valueName\":\"search_term_string\"}}],\"inLanguage\":\"pt-BR\"},{\"@type\":\"Organization\",\"@id\":\"https:\/\/blogdobispo.com.br\/#organization\",\"name\":\"Blog do Bispo\",\"url\":\"https:\/\/blogdobispo.com.br\/\",\"logo\":{\"@type\":\"ImageObject\",\"inLanguage\":\"pt-BR\",\"@id\":\"https:\/\/blogdobispo.com.br\/#\/schema\/logo\/image\/\",\"url\":\"http:\/\/blogdobispo.com.br\/wp-content\/uploads\/2023\/05\/cropped-headear.png\",\"contentUrl\":\"http:\/\/blogdobispo.com.br\/wp-content\/uploads\/2023\/05\/cropped-headear.png\",\"width\":1500,\"height\":399,\"caption\":\"Blog do Bispo\"},\"image\":{\"@id\":\"https:\/\/blogdobispo.com.br\/#\/schema\/logo\/image\/\"}},{\"@type\":\"Person\",\"@id\":\"https:\/\/blogdobispo.com.br\/#\/schema\/person\/e2209cc0e6cea5c5233d033e997b373f\",\"name\":\"Jefferson Sterfeno\",\"image\":{\"@type\":\"ImageObject\",\"inLanguage\":\"pt-BR\",\"@id\":\"https:\/\/blogdobispo.com.br\/#\/schema\/person\/image\/\",\"url\":\"https:\/\/secure.gravatar.com\/avatar\/0534e84764641168a677026b6d57a3f51dc7ac4db0b4f6186d9cb330d4ee1160?s=96&d=mm&r=g\",\"contentUrl\":\"https:\/\/secure.gravatar.com\/avatar\/0534e84764641168a677026b6d57a3f51dc7ac4db0b4f6186d9cb330d4ee1160?s=96&d=mm&r=g\",\"caption\":\"Jefferson Sterfeno\"},\"sameAs\":[\"http:\/\/blogdobispo.com.br\"],\"url\":\"https:\/\/blogdobispo.com.br\/?author=1\"}]}<\/script>\n<!-- \/ Yoast SEO plugin. -->","yoast_head_json":{"title":"FECAM e FEMURN avan\u00e7am em parceria para fortalecer munic\u00edpios - Blog do Bispo","robots":{"index":"index","follow":"follow","max-snippet":"max-snippet:-1","max-image-preview":"max-image-preview:large","max-video-preview":"max-video-preview:-1"},"canonical":"https:\/\/blogdobispo.com.br\/?p=4692","og_locale":"pt_BR","og_type":"article","og_title":"FECAM e FEMURN avan\u00e7am em parceria para fortalecer munic\u00edpios - Blog do Bispo","og_description":"Na manh\u00e3 desta segunda-feira (24), o presidente da Federa\u00e7\u00e3o das C\u00e2maras Municipais do Rio Grande do Norte (FECAM), \u00c9riko J\u00e1come, recebeu o presidente da Federa\u00e7\u00e3o dos Munic\u00edpios do RN (FEMURN), Bab\u00e1, para uma reuni\u00e3o extensa na sede da FECAM. O encontro teve como pauta principal o fortalecimento da uni\u00e3o entre as duas federa\u00e7\u00f5es, buscando parcerias [&hellip;]","og_url":"https:\/\/blogdobispo.com.br\/?p=4692","og_site_name":"Blog do Bispo","article_published_time":"2025-02-24T23:40:46+00:00","og_image":[{"url":"https:\/\/blogdobispo.com.br\/wp-content\/uploads\/2025\/02\/4af05c98-d2dc-4137-b504-98ddcad8ece4-1-1024x733.jpg","type":"","width":"","height":""}],"author":"Jefferson Sterfeno","twitter_card":"summary_large_image","twitter_misc":{"Escrito por":"Jefferson Sterfeno","Est. tempo de leitura":"1 minuto"},"schema":{"@context":"https:\/\/schema.org","@graph":[{"@type":"Article","@id":"https:\/\/blogdobispo.com.br\/?p=4692#article","isPartOf":{"@id":"https:\/\/blogdobispo.com.br\/?p=4692"},"author":{"name":"Jefferson Sterfeno","@id":"https:\/\/blogdobispo.com.br\/#\/schema\/person\/e2209cc0e6cea5c5233d033e997b373f"},"headline":"FECAM e FEMURN avan\u00e7am em parceria para fortalecer munic\u00edpios","datePublished":"2025-02-24T23:40:46+00:00","mainEntityOfPage":{"@id":"https:\/\/blogdobispo.com.br\/?p=4692"},"wordCount":221,"commentCount":0,"publisher":{"@id":"https:\/\/blogdobispo.com.br\/#organization"},"image":{"@id":"https:\/\/blogdobispo.com.br\/?p=4692#primaryimage"},"thumbnailUrl":"https:\/\/blogdobispo.com.br\/wp-content\/uploads\/2025\/02\/4af05c98-d2dc-4137-b504-98ddcad8ece4-1-1024x733.jpg","articleSection":["diversos"],"inLanguage":"pt-BR","potentialAction":[{"@type":"CommentAction","name":"Comment","target":["https:\/\/blogdobispo.com.br\/?p=4692#respond"]}]},{"@type":"WebPage","@id":"https:\/\/blogdobispo.com.br\/?p=4692","url":"https:\/\/blogdobispo.com.br\/?p=4692","name":"FECAM e FEMURN avan\u00e7am em parceria para fortalecer munic\u00edpios - Blog do Bispo","isPartOf":{"@id":"https:\/\/blogdobispo.com.br\/#website"},"primaryImageOfPage":{"@id":"https:\/\/blogdobispo.com.br\/?p=4692#primaryimage"},"image":{"@id":"https:\/\/blogdobispo.com.br\/?p=4692#primaryimage"},"thumbnailUrl":"https:\/\/blogdobispo.com.br\/wp-content\/uploads\/2025\/02\/4af05c98-d2dc-4137-b504-98ddcad8ece4-1-1024x733.jpg","datePublished":"2025-02-24T23:40:46+00:00","breadcrumb":{"@id":"https:\/\/blogdobispo.com.br\/?p=4692#breadcrumb"},"inLanguage":"pt-BR","potentialAction":[{"@type":"ReadAction","target":["https:\/\/blogdobispo.com.br\/?p=4692"]}]},{"@type":"ImageObject","inLanguage":"pt-BR","@id":"https:\/\/blogdobispo.com.br\/?p=4692#primaryimage","url":"https:\/\/blogdobispo.com.br\/wp-content\/uploads\/2025\/02\/4af05c98-d2dc-4137-b504-98ddcad8ece4-1-1024x733.jpg","contentUrl":"https:\/\/blogdobispo.com.br\/wp-content\/uploads\/2025\/02\/4af05c98-d2dc-4137-b504-98ddcad8ece4-1-1024x733.jpg"},{"@type":"BreadcrumbList","@id":"https:\/\/blogdobispo.com.br\/?p=4692#breadcrumb","itemListElement":[{"@type":"ListItem","position":1,"name":"In\u00edcio","item":"https:\/\/blogdobispo.com.br\/"},{"@type":"ListItem","position":2,"name":"FECAM e FEMURN avan\u00e7am em parceria para fortalecer munic\u00edpios"}]},{"@type":"WebSite","@id":"https:\/\/blogdobispo.com.br\/#website","url":"https:\/\/blogdobispo.com.br\/","name":"Blog do Bispo","description":"Comprometido apenas com o leitor","publisher":{"@id":"https:\/\/blogdobispo.com.br\/#organization"},"potentialAction":[{"@type":"SearchAction","target":{"@type":"EntryPoint","urlTemplate":"https:\/\/blogdobispo.com.br\/?s={search_term_string}"},"query-input":{"@type":"PropertyValueSpecification","valueRequired":true,"valueName":"search_term_string"}}],"inLanguage":"pt-BR"},{"@type":"Organization","@id":"https:\/\/blogdobispo.com.br\/#organization","name":"Blog do Bispo","url":"https:\/\/blogdobispo.com.br\/","logo":{"@type":"ImageObject","inLanguage":"pt-BR","@id":"https:\/\/blogdobispo.com.br\/#\/schema\/logo\/image\/","url":"http:\/\/blogdobispo.com.br\/wp-content\/uploads\/2023\/05\/cropped-headear.png","contentUrl":"http:\/\/blogdobispo.com.br\/wp-content\/uploads\/2023\/05\/cropped-headear.png","width":1500,"height":399,"caption":"Blog do Bispo"},"image":{"@id":"https:\/\/blogdobispo.com.br\/#\/schema\/logo\/image\/"}},{"@type":"Person","@id":"https:\/\/blogdobispo.com.br\/#\/schema\/person\/e2209cc0e6cea5c5233d033e997b373f","name":"Jefferson Sterfeno","image":{"@type":"ImageObject","inLanguage":"pt-BR","@id":"https:\/\/blogdobispo.com.br\/#\/schema\/person\/image\/","url":"https:\/\/secure.gravatar.com\/avatar\/0534e84764641168a677026b6d57a3f51dc7ac4db0b4f6186d9cb330d4ee1160?s=96&d=mm&r=g","contentUrl":"https:\/\/secure.gravatar.com\/avatar\/0534e84764641168a677026b6d57a3f51dc7ac4db0b4f6186d9cb330d4ee1160?s=96&d=mm&r=g","caption":"Jefferson Sterfeno"},"sameAs":["http:\/\/blogdobispo.com.br"],"url":"https:\/\/blogdobispo.com.br\/?author=1"}]}},"featured_image_urls":{"full":"","thumbnail":"","medium":"","medium_large":"","large":"","1536x1536":"","2048x2048":""},"author_info":{"display_name":"Jefferson Sterfeno","author_link":"https:\/\/blogdobispo.com.br\/?author=1"},"category_info":"<a href=\"https:\/\/blogdobispo.com.br\/?cat=1\" rel=\"category\">diversos<\/a>","tag_info":"diversos","comment_count":"0","jetpack_featured_media_url":"","jetpack_sharing_enabled":true,"_links":{"self":[{"href":"https:\/\/blogdobispo.com.br\/index.php?rest_route=\/wp\/v2\/posts\/4692","targetHints":{"allow":["GET"]}}],"collection":[{"href":"https:\/\/blogdobispo.com.br\/index.php?rest_route=\/wp\/v2\/posts"}],"about":[{"href":"https:\/\/blogdobispo.com.br\/index.php?rest_route=\/wp\/v2\/types\/post"}],"author":[{"embeddable":true,"href":"https:\/\/blogdobispo.com.br\/index.php?rest_route=\/wp\/v2\/users\/1"}],"replies":[{"embeddable":true,"href":"https:\/\/blogdobispo.com.br\/index.php?rest_route=%2Fwp%2Fv2%2Fcomments&post=4692"}],"version-history":[{"count":0,"href":"https:\/\/blogdobispo.com.br\/index.php?rest_route=\/wp\/v2\/posts\/4692\/revisions"}],"wp:attachment":[{"href":"https:\/\/blogdobispo.com.br\/index.php?rest_route=%2Fwp%2Fv2%2Fmedia&parent=4692"}],"wp:term":[{"taxonomy":"category","embeddable":true,"href":"https:\/\/blogdobispo.com.br\/index.php?rest_route=%2Fwp%2Fv2%2Fcategories&post=4692"},{"taxonomy":"post_tag","embeddable":true,"href":"https:\/\/blogdobispo.com.br\/index.php?rest_route=%2Fwp%2Fv2%2Ftags&post=4692"}],"curies":[{"name":"wp","href":"https:\/\/api.w.org\/{rel}","templated":true}]}}