{"id":4685,"date":"2025-02-21T00:18:14","date_gmt":"2025-02-21T00:18:14","guid":{"rendered":"https:\/\/blogdobispo.com.br\/?p=4685"},"modified":"2025-02-21T00:18:14","modified_gmt":"2025-02-21T00:18:14","slug":"ezequiel-visita-obras-do-antigo-predio-do-bnb-que-vai-abrigar-a-radio-e-tv-assembleia","status":"publish","type":"post","link":"https:\/\/blogdobispo.com.br\/?p=4685","title":{"rendered":"Ezequiel visita obras do antigo pr\u00e9dio do BNB que vai abrigar a R\u00e1dio e TV Assembleia"},"content":{"rendered":"\n<figure class=\"wp-block-image\"><img data-recalc-dims=\"1\" decoding=\"async\" src=\"https:\/\/i0.wp.com\/www.al.rn.leg.br\/storage\/noticias\/2025\/02\/20\/jdlmK9nq2MHkVeAtFqYHtQJN1Qum755OO09BVESn.jpg?w=800&#038;ssl=1\" alt=\"\"\/><\/figure>\n\n\n\n<p class=\"publish-new\">20\/02\/2025<\/p>\n\n\n\n<p>O presidente da Assembleia Legislativa, deputado Ezequiel Ferreira (PSDB), visitou nesta quinta-feira (20) o pr\u00e9dio que durante anos sediou o Banco do Nordeste (BNB), na rua Vig\u00e1rio Bartolomeu, no Centro de Natal. Adquirido pela Assembleia, a antiga sede do BNB est\u00e1 em obras, at\u00e9 o m\u00eas de agosto, para abrigar a TV e R\u00e1dio Assembleia e o setor de Tecnologia da Informa\u00e7\u00e3o.<\/p>\n\n\n\n<p>\u201c\u00c9 a primeira visita e estou encantado com a beleza do projeto\u201d, disse o presidente, que visitou todos os espa\u00e7os acompanhado do engenheiro Jos\u00e9 Walter Carvalho, da construtora Certa, licitada para a obra; do diretor-geral da Assembleia, Augusto Viveiros; e de arquitetos, engenheiros e servidores da Casa.<\/p>\n\n\n\n<p>\u201cA assembleia d\u00e1 um salto de qualidade na sua estrutura. Al\u00e9m do trabalho no dia a dia com seus deputados e seus servidores, que fazem a Assembleia bater recorde de pr\u00eamios consecutivos, n\u00f3s tamb\u00e9m estamos incrementando a estrutura f\u00edsica da Casa Legislativa\u201d, disse Ezequiel Ferreira.&nbsp;<\/p>\n\n\n\n<p>\u201cEstamos valorizando o Centro da cidade, trazendo um equipamento que vai prestar um grande servi\u00e7o aos nossos servidores e \u00e0 popula\u00e7\u00e3o do Rio Grande do Norte. N\u00f3s vamos ter aqui a nossa Tecnologia da Informa\u00e7\u00e3o, a TV Assembleia, a R\u00e1dio Assembleia, e na hora que a gente oportuniza aos nossos servidores ter um pr\u00e9dio como esse, equipado da forma que ser\u00e1, n\u00f3s estamos dando qualidade de trabalho a essas pessoas. Estamos valorizando o Centro como fizemos tamb\u00e9m com o Memorial\u201d, lembrou o parlamentar.<\/p>\n\n\n\n<p>O novo espa\u00e7o da Assembleia Legislativa, de acordo com a arquiteta respons\u00e1vel pelo projeto em execu\u00e7\u00e3o, Andrea de Melo Soares,&nbsp;ir\u00e1 preservar grande parte da arquitetura original, como o p\u00e9 direito alto com claraboias, garantindo uma ilumina\u00e7\u00e3o natural, e o cofre do banco que continua preservado, e onde ser\u00e1 instalado o Data Center da Diretoria de Gest\u00e3o Tecnol\u00f3gica.<\/p>\n\n\n\n<p>Tamb\u00e9m acompanharam a visita o chefe da Divis\u00e3o de R\u00e1dio e TV da Assembleia, Gerson de Castro; e os diretores de Comunica\u00e7\u00e3o, Mar\u00edlia Rocha;&nbsp;Administrativo e Financeiro, Pedro Cascudo; de Gest\u00e3o Tecnol\u00f3gica e Inova\u00e7\u00e3o, M\u00e1rio S\u00e9rgio Gurgel; de Gest\u00e3o de Pessoas, Thyago Cortez e o chefe da Divis\u00e3o de Arquitetura e Engenharia, Jair Alves.<strong class=\"title-new\"><\/strong><\/p>\n","protected":false},"excerpt":{"rendered":"<p>20\/02\/2025 O presidente da Assembleia Legislativa, deputado Ezequiel Ferreira (PSDB), visitou nesta quinta-feira (20) o pr\u00e9dio que durante anos sediou o Banco do Nordeste (BNB), na rua Vig\u00e1rio Bartolomeu, no Centro de Natal. Adquirido pela Assembleia, a antiga sede do BNB est\u00e1 em obras, at\u00e9 o m\u00eas de agosto, para abrigar a TV e R\u00e1dio [&hellip;]<\/p>\n","protected":false},"author":1,"featured_media":0,"comment_status":"open","ping_status":"open","sticky":false,"template":"","format":"standard","meta":{"cybocfi_hide_featured_image":"","_jetpack_memberships_contains_paid_content":false,"footnotes":""},"categories":[1],"tags":[],"class_list":["post-4685","post","type-post","status-publish","format-standard","hentry","category-diversos"],"yoast_head":"<!-- This site is optimized with the Yoast SEO plugin v25.6 - https:\/\/yoast.com\/wordpress\/plugins\/seo\/ -->\n<title>Ezequiel visita obras do antigo pr\u00e9dio do BNB que vai abrigar a R\u00e1dio e TV Assembleia - Blog do Bispo<\/title>\n<meta name=\"robots\" content=\"index, follow, max-snippet:-1, max-image-preview:large, max-video-preview:-1\" \/>\n<link rel=\"canonical\" href=\"https:\/\/blogdobispo.com.br\/?p=4685\" \/>\n<meta property=\"og:locale\" content=\"pt_BR\" \/>\n<meta property=\"og:type\" content=\"article\" \/>\n<meta property=\"og:title\" content=\"Ezequiel visita obras do antigo pr\u00e9dio do BNB que vai abrigar a R\u00e1dio e TV Assembleia - Blog do Bispo\" \/>\n<meta property=\"og:description\" content=\"20\/02\/2025 O presidente da Assembleia Legislativa, deputado Ezequiel Ferreira (PSDB), visitou nesta quinta-feira (20) o pr\u00e9dio que durante anos sediou o Banco do Nordeste (BNB), na rua Vig\u00e1rio Bartolomeu, no Centro de Natal. Adquirido pela Assembleia, a antiga sede do BNB est\u00e1 em obras, at\u00e9 o m\u00eas de agosto, para abrigar a TV e R\u00e1dio [&hellip;]\" \/>\n<meta property=\"og:url\" content=\"https:\/\/blogdobispo.com.br\/?p=4685\" \/>\n<meta property=\"og:site_name\" content=\"Blog do Bispo\" \/>\n<meta property=\"article:published_time\" content=\"2025-02-21T00:18:14+00:00\" \/>\n<meta property=\"og:image\" content=\"https:\/\/www.al.rn.leg.br\/storage\/noticias\/2025\/02\/20\/jdlmK9nq2MHkVeAtFqYHtQJN1Qum755OO09BVESn.jpg\" \/>\n<meta name=\"author\" content=\"Jefferson Sterfeno\" \/>\n<meta name=\"twitter:card\" content=\"summary_large_image\" \/>\n<meta name=\"twitter:label1\" content=\"Escrito por\" \/>\n\t<meta name=\"twitter:data1\" content=\"Jefferson Sterfeno\" \/>\n\t<meta name=\"twitter:label2\" content=\"Est. tempo de leitura\" \/>\n\t<meta name=\"twitter:data2\" content=\"2 minutos\" \/>\n<script type=\"application\/ld+json\" class=\"yoast-schema-graph\">{\"@context\":\"https:\/\/schema.org\",\"@graph\":[{\"@type\":\"Article\",\"@id\":\"https:\/\/blogdobispo.com.br\/?p=4685#article\",\"isPartOf\":{\"@id\":\"https:\/\/blogdobispo.com.br\/?p=4685\"},\"author\":{\"name\":\"Jefferson Sterfeno\",\"@id\":\"https:\/\/blogdobispo.com.br\/#\/schema\/person\/e2209cc0e6cea5c5233d033e997b373f\"},\"headline\":\"Ezequiel visita obras do antigo pr\u00e9dio do BNB que vai abrigar a R\u00e1dio e TV Assembleia\",\"datePublished\":\"2025-02-21T00:18:14+00:00\",\"mainEntityOfPage\":{\"@id\":\"https:\/\/blogdobispo.com.br\/?p=4685\"},\"wordCount\":404,\"commentCount\":0,\"publisher\":{\"@id\":\"https:\/\/blogdobispo.com.br\/#organization\"},\"image\":{\"@id\":\"https:\/\/blogdobispo.com.br\/?p=4685#primaryimage\"},\"thumbnailUrl\":\"https:\/\/www.al.rn.leg.br\/storage\/noticias\/2025\/02\/20\/jdlmK9nq2MHkVeAtFqYHtQJN1Qum755OO09BVESn.jpg\",\"articleSection\":[\"diversos\"],\"inLanguage\":\"pt-BR\",\"potentialAction\":[{\"@type\":\"CommentAction\",\"name\":\"Comment\",\"target\":[\"https:\/\/blogdobispo.com.br\/?p=4685#respond\"]}]},{\"@type\":\"WebPage\",\"@id\":\"https:\/\/blogdobispo.com.br\/?p=4685\",\"url\":\"https:\/\/blogdobispo.com.br\/?p=4685\",\"name\":\"Ezequiel visita obras do antigo pr\u00e9dio do BNB que vai abrigar a R\u00e1dio e TV Assembleia - Blog do Bispo\",\"isPartOf\":{\"@id\":\"https:\/\/blogdobispo.com.br\/#website\"},\"primaryImageOfPage\":{\"@id\":\"https:\/\/blogdobispo.com.br\/?p=4685#primaryimage\"},\"image\":{\"@id\":\"https:\/\/blogdobispo.com.br\/?p=4685#primaryimage\"},\"thumbnailUrl\":\"https:\/\/www.al.rn.leg.br\/storage\/noticias\/2025\/02\/20\/jdlmK9nq2MHkVeAtFqYHtQJN1Qum755OO09BVESn.jpg\",\"datePublished\":\"2025-02-21T00:18:14+00:00\",\"breadcrumb\":{\"@id\":\"https:\/\/blogdobispo.com.br\/?p=4685#breadcrumb\"},\"inLanguage\":\"pt-BR\",\"potentialAction\":[{\"@type\":\"ReadAction\",\"target\":[\"https:\/\/blogdobispo.com.br\/?p=4685\"]}]},{\"@type\":\"ImageObject\",\"inLanguage\":\"pt-BR\",\"@id\":\"https:\/\/blogdobispo.com.br\/?p=4685#primaryimage\",\"url\":\"https:\/\/www.al.rn.leg.br\/storage\/noticias\/2025\/02\/20\/jdlmK9nq2MHkVeAtFqYHtQJN1Qum755OO09BVESn.jpg\",\"contentUrl\":\"https:\/\/www.al.rn.leg.br\/storage\/noticias\/2025\/02\/20\/jdlmK9nq2MHkVeAtFqYHtQJN1Qum755OO09BVESn.jpg\"},{\"@type\":\"BreadcrumbList\",\"@id\":\"https:\/\/blogdobispo.com.br\/?p=4685#breadcrumb\",\"itemListElement\":[{\"@type\":\"ListItem\",\"position\":1,\"name\":\"In\u00edcio\",\"item\":\"https:\/\/blogdobispo.com.br\/\"},{\"@type\":\"ListItem\",\"position\":2,\"name\":\"Ezequiel visita obras do antigo pr\u00e9dio do BNB que vai abrigar a R\u00e1dio e TV Assembleia\"}]},{\"@type\":\"WebSite\",\"@id\":\"https:\/\/blogdobispo.com.br\/#website\",\"url\":\"https:\/\/blogdobispo.com.br\/\",\"name\":\"Blog do Bispo\",\"description\":\"Comprometido apenas com o leitor\",\"publisher\":{\"@id\":\"https:\/\/blogdobispo.com.br\/#organization\"},\"potentialAction\":[{\"@type\":\"SearchAction\",\"target\":{\"@type\":\"EntryPoint\",\"urlTemplate\":\"https:\/\/blogdobispo.com.br\/?s={search_term_string}\"},\"query-input\":{\"@type\":\"PropertyValueSpecification\",\"valueRequired\":true,\"valueName\":\"search_term_string\"}}],\"inLanguage\":\"pt-BR\"},{\"@type\":\"Organization\",\"@id\":\"https:\/\/blogdobispo.com.br\/#organization\",\"name\":\"Blog do Bispo\",\"url\":\"https:\/\/blogdobispo.com.br\/\",\"logo\":{\"@type\":\"ImageObject\",\"inLanguage\":\"pt-BR\",\"@id\":\"https:\/\/blogdobispo.com.br\/#\/schema\/logo\/image\/\",\"url\":\"http:\/\/blogdobispo.com.br\/wp-content\/uploads\/2023\/05\/cropped-headear.png\",\"contentUrl\":\"http:\/\/blogdobispo.com.br\/wp-content\/uploads\/2023\/05\/cropped-headear.png\",\"width\":1500,\"height\":399,\"caption\":\"Blog do Bispo\"},\"image\":{\"@id\":\"https:\/\/blogdobispo.com.br\/#\/schema\/logo\/image\/\"}},{\"@type\":\"Person\",\"@id\":\"https:\/\/blogdobispo.com.br\/#\/schema\/person\/e2209cc0e6cea5c5233d033e997b373f\",\"name\":\"Jefferson Sterfeno\",\"image\":{\"@type\":\"ImageObject\",\"inLanguage\":\"pt-BR\",\"@id\":\"https:\/\/blogdobispo.com.br\/#\/schema\/person\/image\/\",\"url\":\"https:\/\/secure.gravatar.com\/avatar\/0534e84764641168a677026b6d57a3f51dc7ac4db0b4f6186d9cb330d4ee1160?s=96&d=mm&r=g\",\"contentUrl\":\"https:\/\/secure.gravatar.com\/avatar\/0534e84764641168a677026b6d57a3f51dc7ac4db0b4f6186d9cb330d4ee1160?s=96&d=mm&r=g\",\"caption\":\"Jefferson Sterfeno\"},\"sameAs\":[\"http:\/\/blogdobispo.com.br\"],\"url\":\"https:\/\/blogdobispo.com.br\/?author=1\"}]}<\/script>\n<!-- \/ Yoast SEO plugin. -->","yoast_head_json":{"title":"Ezequiel visita obras do antigo pr\u00e9dio do BNB que vai abrigar a R\u00e1dio e TV Assembleia - Blog do Bispo","robots":{"index":"index","follow":"follow","max-snippet":"max-snippet:-1","max-image-preview":"max-image-preview:large","max-video-preview":"max-video-preview:-1"},"canonical":"https:\/\/blogdobispo.com.br\/?p=4685","og_locale":"pt_BR","og_type":"article","og_title":"Ezequiel visita obras do antigo pr\u00e9dio do BNB que vai abrigar a R\u00e1dio e TV Assembleia - Blog do Bispo","og_description":"20\/02\/2025 O presidente da Assembleia Legislativa, deputado Ezequiel Ferreira (PSDB), visitou nesta quinta-feira (20) o pr\u00e9dio que durante anos sediou o Banco do Nordeste (BNB), na rua Vig\u00e1rio Bartolomeu, no Centro de Natal. Adquirido pela Assembleia, a antiga sede do BNB est\u00e1 em obras, at\u00e9 o m\u00eas de agosto, para abrigar a TV e R\u00e1dio [&hellip;]","og_url":"https:\/\/blogdobispo.com.br\/?p=4685","og_site_name":"Blog do Bispo","article_published_time":"2025-02-21T00:18:14+00:00","og_image":[{"url":"https:\/\/www.al.rn.leg.br\/storage\/noticias\/2025\/02\/20\/jdlmK9nq2MHkVeAtFqYHtQJN1Qum755OO09BVESn.jpg","type":"","width":"","height":""}],"author":"Jefferson Sterfeno","twitter_card":"summary_large_image","twitter_misc":{"Escrito por":"Jefferson Sterfeno","Est. tempo de leitura":"2 minutos"},"schema":{"@context":"https:\/\/schema.org","@graph":[{"@type":"Article","@id":"https:\/\/blogdobispo.com.br\/?p=4685#article","isPartOf":{"@id":"https:\/\/blogdobispo.com.br\/?p=4685"},"author":{"name":"Jefferson Sterfeno","@id":"https:\/\/blogdobispo.com.br\/#\/schema\/person\/e2209cc0e6cea5c5233d033e997b373f"},"headline":"Ezequiel visita obras do antigo pr\u00e9dio do BNB que vai abrigar a R\u00e1dio e TV Assembleia","datePublished":"2025-02-21T00:18:14+00:00","mainEntityOfPage":{"@id":"https:\/\/blogdobispo.com.br\/?p=4685"},"wordCount":404,"commentCount":0,"publisher":{"@id":"https:\/\/blogdobispo.com.br\/#organization"},"image":{"@id":"https:\/\/blogdobispo.com.br\/?p=4685#primaryimage"},"thumbnailUrl":"https:\/\/www.al.rn.leg.br\/storage\/noticias\/2025\/02\/20\/jdlmK9nq2MHkVeAtFqYHtQJN1Qum755OO09BVESn.jpg","articleSection":["diversos"],"inLanguage":"pt-BR","potentialAction":[{"@type":"CommentAction","name":"Comment","target":["https:\/\/blogdobispo.com.br\/?p=4685#respond"]}]},{"@type":"WebPage","@id":"https:\/\/blogdobispo.com.br\/?p=4685","url":"https:\/\/blogdobispo.com.br\/?p=4685","name":"Ezequiel visita obras do antigo pr\u00e9dio do BNB que vai abrigar a R\u00e1dio e TV Assembleia - Blog do Bispo","isPartOf":{"@id":"https:\/\/blogdobispo.com.br\/#website"},"primaryImageOfPage":{"@id":"https:\/\/blogdobispo.com.br\/?p=4685#primaryimage"},"image":{"@id":"https:\/\/blogdobispo.com.br\/?p=4685#primaryimage"},"thumbnailUrl":"https:\/\/www.al.rn.leg.br\/storage\/noticias\/2025\/02\/20\/jdlmK9nq2MHkVeAtFqYHtQJN1Qum755OO09BVESn.jpg","datePublished":"2025-02-21T00:18:14+00:00","breadcrumb":{"@id":"https:\/\/blogdobispo.com.br\/?p=4685#breadcrumb"},"inLanguage":"pt-BR","potentialAction":[{"@type":"ReadAction","target":["https:\/\/blogdobispo.com.br\/?p=4685"]}]},{"@type":"ImageObject","inLanguage":"pt-BR","@id":"https:\/\/blogdobispo.com.br\/?p=4685#primaryimage","url":"https:\/\/www.al.rn.leg.br\/storage\/noticias\/2025\/02\/20\/jdlmK9nq2MHkVeAtFqYHtQJN1Qum755OO09BVESn.jpg","contentUrl":"https:\/\/www.al.rn.leg.br\/storage\/noticias\/2025\/02\/20\/jdlmK9nq2MHkVeAtFqYHtQJN1Qum755OO09BVESn.jpg"},{"@type":"BreadcrumbList","@id":"https:\/\/blogdobispo.com.br\/?p=4685#breadcrumb","itemListElement":[{"@type":"ListItem","position":1,"name":"In\u00edcio","item":"https:\/\/blogdobispo.com.br\/"},{"@type":"ListItem","position":2,"name":"Ezequiel visita obras do antigo pr\u00e9dio do BNB que vai abrigar a R\u00e1dio e TV Assembleia"}]},{"@type":"WebSite","@id":"https:\/\/blogdobispo.com.br\/#website","url":"https:\/\/blogdobispo.com.br\/","name":"Blog do Bispo","description":"Comprometido apenas com o leitor","publisher":{"@id":"https:\/\/blogdobispo.com.br\/#organization"},"potentialAction":[{"@type":"SearchAction","target":{"@type":"EntryPoint","urlTemplate":"https:\/\/blogdobispo.com.br\/?s={search_term_string}"},"query-input":{"@type":"PropertyValueSpecification","valueRequired":true,"valueName":"search_term_string"}}],"inLanguage":"pt-BR"},{"@type":"Organization","@id":"https:\/\/blogdobispo.com.br\/#organization","name":"Blog do Bispo","url":"https:\/\/blogdobispo.com.br\/","logo":{"@type":"ImageObject","inLanguage":"pt-BR","@id":"https:\/\/blogdobispo.com.br\/#\/schema\/logo\/image\/","url":"http:\/\/blogdobispo.com.br\/wp-content\/uploads\/2023\/05\/cropped-headear.png","contentUrl":"http:\/\/blogdobispo.com.br\/wp-content\/uploads\/2023\/05\/cropped-headear.png","width":1500,"height":399,"caption":"Blog do Bispo"},"image":{"@id":"https:\/\/blogdobispo.com.br\/#\/schema\/logo\/image\/"}},{"@type":"Person","@id":"https:\/\/blogdobispo.com.br\/#\/schema\/person\/e2209cc0e6cea5c5233d033e997b373f","name":"Jefferson Sterfeno","image":{"@type":"ImageObject","inLanguage":"pt-BR","@id":"https:\/\/blogdobispo.com.br\/#\/schema\/person\/image\/","url":"https:\/\/secure.gravatar.com\/avatar\/0534e84764641168a677026b6d57a3f51dc7ac4db0b4f6186d9cb330d4ee1160?s=96&d=mm&r=g","contentUrl":"https:\/\/secure.gravatar.com\/avatar\/0534e84764641168a677026b6d57a3f51dc7ac4db0b4f6186d9cb330d4ee1160?s=96&d=mm&r=g","caption":"Jefferson Sterfeno"},"sameAs":["http:\/\/blogdobispo.com.br"],"url":"https:\/\/blogdobispo.com.br\/?author=1"}]}},"featured_image_urls":{"full":"","thumbnail":"","medium":"","medium_large":"","large":"","1536x1536":"","2048x2048":""},"author_info":{"display_name":"Jefferson Sterfeno","author_link":"https:\/\/blogdobispo.com.br\/?author=1"},"category_info":"<a href=\"https:\/\/blogdobispo.com.br\/?cat=1\" rel=\"category\">diversos<\/a>","tag_info":"diversos","comment_count":"0","jetpack_featured_media_url":"","jetpack_sharing_enabled":true,"_links":{"self":[{"href":"https:\/\/blogdobispo.com.br\/index.php?rest_route=\/wp\/v2\/posts\/4685","targetHints":{"allow":["GET"]}}],"collection":[{"href":"https:\/\/blogdobispo.com.br\/index.php?rest_route=\/wp\/v2\/posts"}],"about":[{"href":"https:\/\/blogdobispo.com.br\/index.php?rest_route=\/wp\/v2\/types\/post"}],"author":[{"embeddable":true,"href":"https:\/\/blogdobispo.com.br\/index.php?rest_route=\/wp\/v2\/users\/1"}],"replies":[{"embeddable":true,"href":"https:\/\/blogdobispo.com.br\/index.php?rest_route=%2Fwp%2Fv2%2Fcomments&post=4685"}],"version-history":[{"count":0,"href":"https:\/\/blogdobispo.com.br\/index.php?rest_route=\/wp\/v2\/posts\/4685\/revisions"}],"wp:attachment":[{"href":"https:\/\/blogdobispo.com.br\/index.php?rest_route=%2Fwp%2Fv2%2Fmedia&parent=4685"}],"wp:term":[{"taxonomy":"category","embeddable":true,"href":"https:\/\/blogdobispo.com.br\/index.php?rest_route=%2Fwp%2Fv2%2Fcategories&post=4685"},{"taxonomy":"post_tag","embeddable":true,"href":"https:\/\/blogdobispo.com.br\/index.php?rest_route=%2Fwp%2Fv2%2Ftags&post=4685"}],"curies":[{"name":"wp","href":"https:\/\/api.w.org\/{rel}","templated":true}]}}