{"id":4679,"date":"2025-02-19T21:56:39","date_gmt":"2025-02-19T21:56:39","guid":{"rendered":"https:\/\/blogdobispo.com.br\/?p=4679"},"modified":"2025-02-19T21:56:39","modified_gmt":"2025-02-19T21:56:39","slug":"vereador-eribaldo-medeiros-pede-a-proibicao-da-utilizacao-de-animais-durante-os-festejos-do-carnaval","status":"publish","type":"post","link":"https:\/\/blogdobispo.com.br\/?p=4679","title":{"rendered":"Vereador Eribaldo Medeiros pede a proibi\u00e7\u00e3o da utiliza\u00e7\u00e3o de animais durante os festejos do carnaval&nbsp;"},"content":{"rendered":"\n<figure class=\"wp-block-image size-large\"><img data-recalc-dims=\"1\" fetchpriority=\"high\" decoding=\"async\" width=\"628\" height=\"771\" src=\"https:\/\/i0.wp.com\/blogdobispo.com.br\/wp-content\/uploads\/2025\/02\/image-1-1.jpg?resize=628%2C771&#038;ssl=1\" class=\"wp-image-4678\" srcset=\"https:\/\/i0.wp.com\/blogdobispo.com.br\/wp-content\/uploads\/2025\/02\/image-1-1.jpg?w=628&amp;ssl=1 628w, https:\/\/i0.wp.com\/blogdobispo.com.br\/wp-content\/uploads\/2025\/02\/image-1-1.jpg?resize=244%2C300&amp;ssl=1 244w\" sizes=\"(max-width: 628px) 100vw, 628px\" \/><\/figure>\n\n\n\n<p>O vereador Eribaldo Medeiros fez seu primeiro pronunciamento desta legislatura com um pedido ao prefeito Paulinho Freire para que pro\u00edba de forma definitiva a utiliza\u00e7\u00e3o de animais nos festejos carnavalescos.<\/p>\n\n\n\n<p>Alguns blocos utilizam animais como atra\u00e7\u00e3o, com pessoas em cima de carro\u00e7as, tudo isso sendo caracterizado como maus tratos aos animais. O vereador cobrou para que seja cumprida a lei. <\/p>\n\n\n\n<p><\/p>\n\n\n\n<p><\/p>\n\n\n\n<p class=\"p1\">\u00e9 not\u00f3rio o engajamento do vereador Eribaldo em causas relacionadas ao bem-estar animal. Em setembro de 2023, durante uma sess\u00e3o na C\u00e2mara Municipal de Natal, o vereador destacou a import\u00e2ncia de substituir a tra\u00e7\u00e3o animal por alternativas sustent\u00e1veis, como bicicletas adaptadas, especialmente para catadores de materiais recicl\u00e1veis. Ele enfatizou a necessidade de apoio governamental para esses trabalhadores, visando eliminar o uso de animais em atividades de coleta de res\u00edduos.&nbsp;<\/p>\n\n\n\n<p class=\"p1\">Al\u00e9m disso, em agosto de 2021, Eribaldo Medeiros prop\u00f4s a cria\u00e7\u00e3o de uma Unidade B\u00e1sica de Sa\u00fade Veterin\u00e1ria gratuita em Natal, com o objetivo de fornecer atendimento veterin\u00e1rio acess\u00edvel \u00e0 popula\u00e7\u00e3o de baixa renda e a institui\u00e7\u00f5es de prote\u00e7\u00e3o animal.&nbsp;<\/p>\n\n\n\n<p class=\"p1\">Essas iniciativas refletem o compromisso cont\u00ednuo do vereador com a promo\u00e7\u00e3o do bem-estar animal e a busca por solu\u00e7\u00f5es que beneficiem tanto os animais quanto as comunidades locais.<\/p>\n","protected":false},"excerpt":{"rendered":"<p>O vereador Eribaldo Medeiros fez seu primeiro pronunciamento desta legislatura com um pedido ao prefeito Paulinho Freire para que pro\u00edba de forma definitiva a utiliza\u00e7\u00e3o de animais nos festejos carnavalescos. Alguns blocos utilizam animais como atra\u00e7\u00e3o, com pessoas em cima de carro\u00e7as, tudo isso sendo caracterizado como maus tratos aos animais. O vereador cobrou para [&hellip;]<\/p>\n","protected":false},"author":1,"featured_media":0,"comment_status":"open","ping_status":"open","sticky":false,"template":"","format":"standard","meta":{"cybocfi_hide_featured_image":"","_jetpack_memberships_contains_paid_content":false,"footnotes":""},"categories":[1],"tags":[],"class_list":["post-4679","post","type-post","status-publish","format-standard","hentry","category-diversos"],"yoast_head":"<!-- This site is optimized with the Yoast SEO plugin v25.6 - https:\/\/yoast.com\/wordpress\/plugins\/seo\/ -->\n<title>Vereador Eribaldo Medeiros pede a proibi\u00e7\u00e3o da utiliza\u00e7\u00e3o de animais durante os festejos do carnaval&nbsp; - Blog do Bispo<\/title>\n<meta name=\"robots\" content=\"index, follow, max-snippet:-1, max-image-preview:large, max-video-preview:-1\" \/>\n<link rel=\"canonical\" href=\"https:\/\/blogdobispo.com.br\/?p=4679\" \/>\n<meta property=\"og:locale\" content=\"pt_BR\" \/>\n<meta property=\"og:type\" content=\"article\" \/>\n<meta property=\"og:title\" content=\"Vereador Eribaldo Medeiros pede a proibi\u00e7\u00e3o da utiliza\u00e7\u00e3o de animais durante os festejos do carnaval&nbsp; - Blog do Bispo\" \/>\n<meta property=\"og:description\" content=\"O vereador Eribaldo Medeiros fez seu primeiro pronunciamento desta legislatura com um pedido ao prefeito Paulinho Freire para que pro\u00edba de forma definitiva a utiliza\u00e7\u00e3o de animais nos festejos carnavalescos. Alguns blocos utilizam animais como atra\u00e7\u00e3o, com pessoas em cima de carro\u00e7as, tudo isso sendo caracterizado como maus tratos aos animais. O vereador cobrou para [&hellip;]\" \/>\n<meta property=\"og:url\" content=\"https:\/\/blogdobispo.com.br\/?p=4679\" \/>\n<meta property=\"og:site_name\" content=\"Blog do Bispo\" \/>\n<meta property=\"article:published_time\" content=\"2025-02-19T21:56:39+00:00\" \/>\n<meta property=\"og:image\" content=\"https:\/\/blogdobispo.com.br\/wp-content\/uploads\/2025\/02\/image-1-1.jpg\" \/>\n<meta name=\"author\" content=\"Jefferson Sterfeno\" \/>\n<meta name=\"twitter:card\" content=\"summary_large_image\" \/>\n<meta name=\"twitter:label1\" content=\"Escrito por\" \/>\n\t<meta name=\"twitter:data1\" content=\"Jefferson Sterfeno\" \/>\n\t<meta name=\"twitter:label2\" content=\"Est. tempo de leitura\" \/>\n\t<meta name=\"twitter:data2\" content=\"1 minuto\" \/>\n<script type=\"application\/ld+json\" class=\"yoast-schema-graph\">{\"@context\":\"https:\/\/schema.org\",\"@graph\":[{\"@type\":\"Article\",\"@id\":\"https:\/\/blogdobispo.com.br\/?p=4679#article\",\"isPartOf\":{\"@id\":\"https:\/\/blogdobispo.com.br\/?p=4679\"},\"author\":{\"name\":\"Jefferson Sterfeno\",\"@id\":\"https:\/\/blogdobispo.com.br\/#\/schema\/person\/e2209cc0e6cea5c5233d033e997b373f\"},\"headline\":\"Vereador Eribaldo Medeiros pede a proibi\u00e7\u00e3o da utiliza\u00e7\u00e3o de animais durante os festejos do carnaval&nbsp;\",\"datePublished\":\"2025-02-19T21:56:39+00:00\",\"mainEntityOfPage\":{\"@id\":\"https:\/\/blogdobispo.com.br\/?p=4679\"},\"wordCount\":239,\"commentCount\":0,\"publisher\":{\"@id\":\"https:\/\/blogdobispo.com.br\/#organization\"},\"image\":{\"@id\":\"https:\/\/blogdobispo.com.br\/?p=4679#primaryimage\"},\"thumbnailUrl\":\"https:\/\/blogdobispo.com.br\/wp-content\/uploads\/2025\/02\/image-1-1.jpg\",\"articleSection\":[\"diversos\"],\"inLanguage\":\"pt-BR\",\"potentialAction\":[{\"@type\":\"CommentAction\",\"name\":\"Comment\",\"target\":[\"https:\/\/blogdobispo.com.br\/?p=4679#respond\"]}]},{\"@type\":\"WebPage\",\"@id\":\"https:\/\/blogdobispo.com.br\/?p=4679\",\"url\":\"https:\/\/blogdobispo.com.br\/?p=4679\",\"name\":\"Vereador Eribaldo Medeiros pede a proibi\u00e7\u00e3o da utiliza\u00e7\u00e3o de animais durante os festejos do carnaval&nbsp; - Blog do Bispo\",\"isPartOf\":{\"@id\":\"https:\/\/blogdobispo.com.br\/#website\"},\"primaryImageOfPage\":{\"@id\":\"https:\/\/blogdobispo.com.br\/?p=4679#primaryimage\"},\"image\":{\"@id\":\"https:\/\/blogdobispo.com.br\/?p=4679#primaryimage\"},\"thumbnailUrl\":\"https:\/\/blogdobispo.com.br\/wp-content\/uploads\/2025\/02\/image-1-1.jpg\",\"datePublished\":\"2025-02-19T21:56:39+00:00\",\"breadcrumb\":{\"@id\":\"https:\/\/blogdobispo.com.br\/?p=4679#breadcrumb\"},\"inLanguage\":\"pt-BR\",\"potentialAction\":[{\"@type\":\"ReadAction\",\"target\":[\"https:\/\/blogdobispo.com.br\/?p=4679\"]}]},{\"@type\":\"ImageObject\",\"inLanguage\":\"pt-BR\",\"@id\":\"https:\/\/blogdobispo.com.br\/?p=4679#primaryimage\",\"url\":\"https:\/\/blogdobispo.com.br\/wp-content\/uploads\/2025\/02\/image-1-1.jpg\",\"contentUrl\":\"https:\/\/blogdobispo.com.br\/wp-content\/uploads\/2025\/02\/image-1-1.jpg\"},{\"@type\":\"BreadcrumbList\",\"@id\":\"https:\/\/blogdobispo.com.br\/?p=4679#breadcrumb\",\"itemListElement\":[{\"@type\":\"ListItem\",\"position\":1,\"name\":\"In\u00edcio\",\"item\":\"https:\/\/blogdobispo.com.br\/\"},{\"@type\":\"ListItem\",\"position\":2,\"name\":\"Vereador Eribaldo Medeiros pede a proibi\u00e7\u00e3o da utiliza\u00e7\u00e3o de animais durante os festejos do carnaval&nbsp;\"}]},{\"@type\":\"WebSite\",\"@id\":\"https:\/\/blogdobispo.com.br\/#website\",\"url\":\"https:\/\/blogdobispo.com.br\/\",\"name\":\"Blog do Bispo\",\"description\":\"Comprometido apenas com o leitor\",\"publisher\":{\"@id\":\"https:\/\/blogdobispo.com.br\/#organization\"},\"potentialAction\":[{\"@type\":\"SearchAction\",\"target\":{\"@type\":\"EntryPoint\",\"urlTemplate\":\"https:\/\/blogdobispo.com.br\/?s={search_term_string}\"},\"query-input\":{\"@type\":\"PropertyValueSpecification\",\"valueRequired\":true,\"valueName\":\"search_term_string\"}}],\"inLanguage\":\"pt-BR\"},{\"@type\":\"Organization\",\"@id\":\"https:\/\/blogdobispo.com.br\/#organization\",\"name\":\"Blog do Bispo\",\"url\":\"https:\/\/blogdobispo.com.br\/\",\"logo\":{\"@type\":\"ImageObject\",\"inLanguage\":\"pt-BR\",\"@id\":\"https:\/\/blogdobispo.com.br\/#\/schema\/logo\/image\/\",\"url\":\"http:\/\/blogdobispo.com.br\/wp-content\/uploads\/2023\/05\/cropped-headear.png\",\"contentUrl\":\"http:\/\/blogdobispo.com.br\/wp-content\/uploads\/2023\/05\/cropped-headear.png\",\"width\":1500,\"height\":399,\"caption\":\"Blog do Bispo\"},\"image\":{\"@id\":\"https:\/\/blogdobispo.com.br\/#\/schema\/logo\/image\/\"}},{\"@type\":\"Person\",\"@id\":\"https:\/\/blogdobispo.com.br\/#\/schema\/person\/e2209cc0e6cea5c5233d033e997b373f\",\"name\":\"Jefferson Sterfeno\",\"image\":{\"@type\":\"ImageObject\",\"inLanguage\":\"pt-BR\",\"@id\":\"https:\/\/blogdobispo.com.br\/#\/schema\/person\/image\/\",\"url\":\"https:\/\/secure.gravatar.com\/avatar\/0534e84764641168a677026b6d57a3f51dc7ac4db0b4f6186d9cb330d4ee1160?s=96&d=mm&r=g\",\"contentUrl\":\"https:\/\/secure.gravatar.com\/avatar\/0534e84764641168a677026b6d57a3f51dc7ac4db0b4f6186d9cb330d4ee1160?s=96&d=mm&r=g\",\"caption\":\"Jefferson Sterfeno\"},\"sameAs\":[\"http:\/\/blogdobispo.com.br\"],\"url\":\"https:\/\/blogdobispo.com.br\/?author=1\"}]}<\/script>\n<!-- \/ Yoast SEO plugin. -->","yoast_head_json":{"title":"Vereador Eribaldo Medeiros pede a proibi\u00e7\u00e3o da utiliza\u00e7\u00e3o de animais durante os festejos do carnaval&nbsp; - Blog do Bispo","robots":{"index":"index","follow":"follow","max-snippet":"max-snippet:-1","max-image-preview":"max-image-preview:large","max-video-preview":"max-video-preview:-1"},"canonical":"https:\/\/blogdobispo.com.br\/?p=4679","og_locale":"pt_BR","og_type":"article","og_title":"Vereador Eribaldo Medeiros pede a proibi\u00e7\u00e3o da utiliza\u00e7\u00e3o de animais durante os festejos do carnaval&nbsp; - Blog do Bispo","og_description":"O vereador Eribaldo Medeiros fez seu primeiro pronunciamento desta legislatura com um pedido ao prefeito Paulinho Freire para que pro\u00edba de forma definitiva a utiliza\u00e7\u00e3o de animais nos festejos carnavalescos. Alguns blocos utilizam animais como atra\u00e7\u00e3o, com pessoas em cima de carro\u00e7as, tudo isso sendo caracterizado como maus tratos aos animais. O vereador cobrou para [&hellip;]","og_url":"https:\/\/blogdobispo.com.br\/?p=4679","og_site_name":"Blog do Bispo","article_published_time":"2025-02-19T21:56:39+00:00","og_image":[{"url":"https:\/\/blogdobispo.com.br\/wp-content\/uploads\/2025\/02\/image-1-1.jpg","type":"","width":"","height":""}],"author":"Jefferson Sterfeno","twitter_card":"summary_large_image","twitter_misc":{"Escrito por":"Jefferson Sterfeno","Est. tempo de leitura":"1 minuto"},"schema":{"@context":"https:\/\/schema.org","@graph":[{"@type":"Article","@id":"https:\/\/blogdobispo.com.br\/?p=4679#article","isPartOf":{"@id":"https:\/\/blogdobispo.com.br\/?p=4679"},"author":{"name":"Jefferson Sterfeno","@id":"https:\/\/blogdobispo.com.br\/#\/schema\/person\/e2209cc0e6cea5c5233d033e997b373f"},"headline":"Vereador Eribaldo Medeiros pede a proibi\u00e7\u00e3o da utiliza\u00e7\u00e3o de animais durante os festejos do carnaval&nbsp;","datePublished":"2025-02-19T21:56:39+00:00","mainEntityOfPage":{"@id":"https:\/\/blogdobispo.com.br\/?p=4679"},"wordCount":239,"commentCount":0,"publisher":{"@id":"https:\/\/blogdobispo.com.br\/#organization"},"image":{"@id":"https:\/\/blogdobispo.com.br\/?p=4679#primaryimage"},"thumbnailUrl":"https:\/\/blogdobispo.com.br\/wp-content\/uploads\/2025\/02\/image-1-1.jpg","articleSection":["diversos"],"inLanguage":"pt-BR","potentialAction":[{"@type":"CommentAction","name":"Comment","target":["https:\/\/blogdobispo.com.br\/?p=4679#respond"]}]},{"@type":"WebPage","@id":"https:\/\/blogdobispo.com.br\/?p=4679","url":"https:\/\/blogdobispo.com.br\/?p=4679","name":"Vereador Eribaldo Medeiros pede a proibi\u00e7\u00e3o da utiliza\u00e7\u00e3o de animais durante os festejos do carnaval&nbsp; - Blog do Bispo","isPartOf":{"@id":"https:\/\/blogdobispo.com.br\/#website"},"primaryImageOfPage":{"@id":"https:\/\/blogdobispo.com.br\/?p=4679#primaryimage"},"image":{"@id":"https:\/\/blogdobispo.com.br\/?p=4679#primaryimage"},"thumbnailUrl":"https:\/\/blogdobispo.com.br\/wp-content\/uploads\/2025\/02\/image-1-1.jpg","datePublished":"2025-02-19T21:56:39+00:00","breadcrumb":{"@id":"https:\/\/blogdobispo.com.br\/?p=4679#breadcrumb"},"inLanguage":"pt-BR","potentialAction":[{"@type":"ReadAction","target":["https:\/\/blogdobispo.com.br\/?p=4679"]}]},{"@type":"ImageObject","inLanguage":"pt-BR","@id":"https:\/\/blogdobispo.com.br\/?p=4679#primaryimage","url":"https:\/\/blogdobispo.com.br\/wp-content\/uploads\/2025\/02\/image-1-1.jpg","contentUrl":"https:\/\/blogdobispo.com.br\/wp-content\/uploads\/2025\/02\/image-1-1.jpg"},{"@type":"BreadcrumbList","@id":"https:\/\/blogdobispo.com.br\/?p=4679#breadcrumb","itemListElement":[{"@type":"ListItem","position":1,"name":"In\u00edcio","item":"https:\/\/blogdobispo.com.br\/"},{"@type":"ListItem","position":2,"name":"Vereador Eribaldo Medeiros pede a proibi\u00e7\u00e3o da utiliza\u00e7\u00e3o de animais durante os festejos do carnaval&nbsp;"}]},{"@type":"WebSite","@id":"https:\/\/blogdobispo.com.br\/#website","url":"https:\/\/blogdobispo.com.br\/","name":"Blog do Bispo","description":"Comprometido apenas com o leitor","publisher":{"@id":"https:\/\/blogdobispo.com.br\/#organization"},"potentialAction":[{"@type":"SearchAction","target":{"@type":"EntryPoint","urlTemplate":"https:\/\/blogdobispo.com.br\/?s={search_term_string}"},"query-input":{"@type":"PropertyValueSpecification","valueRequired":true,"valueName":"search_term_string"}}],"inLanguage":"pt-BR"},{"@type":"Organization","@id":"https:\/\/blogdobispo.com.br\/#organization","name":"Blog do Bispo","url":"https:\/\/blogdobispo.com.br\/","logo":{"@type":"ImageObject","inLanguage":"pt-BR","@id":"https:\/\/blogdobispo.com.br\/#\/schema\/logo\/image\/","url":"http:\/\/blogdobispo.com.br\/wp-content\/uploads\/2023\/05\/cropped-headear.png","contentUrl":"http:\/\/blogdobispo.com.br\/wp-content\/uploads\/2023\/05\/cropped-headear.png","width":1500,"height":399,"caption":"Blog do Bispo"},"image":{"@id":"https:\/\/blogdobispo.com.br\/#\/schema\/logo\/image\/"}},{"@type":"Person","@id":"https:\/\/blogdobispo.com.br\/#\/schema\/person\/e2209cc0e6cea5c5233d033e997b373f","name":"Jefferson Sterfeno","image":{"@type":"ImageObject","inLanguage":"pt-BR","@id":"https:\/\/blogdobispo.com.br\/#\/schema\/person\/image\/","url":"https:\/\/secure.gravatar.com\/avatar\/0534e84764641168a677026b6d57a3f51dc7ac4db0b4f6186d9cb330d4ee1160?s=96&d=mm&r=g","contentUrl":"https:\/\/secure.gravatar.com\/avatar\/0534e84764641168a677026b6d57a3f51dc7ac4db0b4f6186d9cb330d4ee1160?s=96&d=mm&r=g","caption":"Jefferson Sterfeno"},"sameAs":["http:\/\/blogdobispo.com.br"],"url":"https:\/\/blogdobispo.com.br\/?author=1"}]}},"featured_image_urls":{"full":"","thumbnail":"","medium":"","medium_large":"","large":"","1536x1536":"","2048x2048":""},"author_info":{"display_name":"Jefferson Sterfeno","author_link":"https:\/\/blogdobispo.com.br\/?author=1"},"category_info":"<a href=\"https:\/\/blogdobispo.com.br\/?cat=1\" rel=\"category\">diversos<\/a>","tag_info":"diversos","comment_count":"0","jetpack_featured_media_url":"","jetpack_sharing_enabled":true,"_links":{"self":[{"href":"https:\/\/blogdobispo.com.br\/index.php?rest_route=\/wp\/v2\/posts\/4679","targetHints":{"allow":["GET"]}}],"collection":[{"href":"https:\/\/blogdobispo.com.br\/index.php?rest_route=\/wp\/v2\/posts"}],"about":[{"href":"https:\/\/blogdobispo.com.br\/index.php?rest_route=\/wp\/v2\/types\/post"}],"author":[{"embeddable":true,"href":"https:\/\/blogdobispo.com.br\/index.php?rest_route=\/wp\/v2\/users\/1"}],"replies":[{"embeddable":true,"href":"https:\/\/blogdobispo.com.br\/index.php?rest_route=%2Fwp%2Fv2%2Fcomments&post=4679"}],"version-history":[{"count":0,"href":"https:\/\/blogdobispo.com.br\/index.php?rest_route=\/wp\/v2\/posts\/4679\/revisions"}],"wp:attachment":[{"href":"https:\/\/blogdobispo.com.br\/index.php?rest_route=%2Fwp%2Fv2%2Fmedia&parent=4679"}],"wp:term":[{"taxonomy":"category","embeddable":true,"href":"https:\/\/blogdobispo.com.br\/index.php?rest_route=%2Fwp%2Fv2%2Fcategories&post=4679"},{"taxonomy":"post_tag","embeddable":true,"href":"https:\/\/blogdobispo.com.br\/index.php?rest_route=%2Fwp%2Fv2%2Ftags&post=4679"}],"curies":[{"name":"wp","href":"https:\/\/api.w.org\/{rel}","templated":true}]}}