{"id":4673,"date":"2025-02-19T21:44:05","date_gmt":"2025-02-19T21:44:05","guid":{"rendered":"https:\/\/blogdobispo.com.br\/?p=4673"},"modified":"2025-02-19T21:44:05","modified_gmt":"2025-02-19T21:44:05","slug":"irapoa-nobrega-assume-comissao-de-planejamento-urbano-meio-ambiente-e-habitacao-na-camara","status":"publish","type":"post","link":"https:\/\/blogdobispo.com.br\/?p=4673","title":{"rendered":"Irapo\u00e3 N\u00f3brega assume Comiss\u00e3o de Planejamento Urbano, Meio Ambiente e Habita\u00e7\u00e3o na C\u00e2mara"},"content":{"rendered":"\n<figure class=\"wp-block-image size-large\"><img data-recalc-dims=\"1\" fetchpriority=\"high\" decoding=\"async\" width=\"177\" height=\"300\" src=\"https:\/\/i0.wp.com\/blogdobispo.com.br\/wp-content\/uploads\/2025\/02\/image-7-177x300.jpg?resize=177%2C300&#038;ssl=1\" class=\"wp-image-4672\" srcset=\"https:\/\/i0.wp.com\/blogdobispo.com.br\/wp-content\/uploads\/2025\/02\/image-7.jpg?resize=177%2C300&amp;ssl=1 177w, https:\/\/i0.wp.com\/blogdobispo.com.br\/wp-content\/uploads\/2025\/02\/image-7.jpg?w=366&amp;ssl=1 366w\" sizes=\"(max-width: 177px) 100vw, 177px\" \/><\/figure>\n\n\n\n<p class=\"p1\">O vereador Irapo\u00e3 N\u00f3brega, do partido Republicanos, foi nomeado presidente da Comiss\u00e3o de Planejamento Urbano, Meio Ambiente e Habita\u00e7\u00e3o da C\u00e2mara Municipal de Natal para o ano de 2025. A composi\u00e7\u00e3o das comiss\u00f5es t\u00e9cnicas foi definida recentemente pelos vereadores da Casa Legislativa.&nbsp;<\/p>\n\n\n\n<p class=\"p1\">Al\u00e9m de presidir essa comiss\u00e3o, Irapo\u00e3 N\u00f3brega tamb\u00e9m atuar\u00e1 como membro da Comiss\u00e3o de Finan\u00e7as, Or\u00e7amento, Controle e Fiscaliza\u00e7\u00e3o e vice-presidente da Comiss\u00e3o de Desporto e Qualidade de Vida.&nbsp;<\/p>\n\n\n\n<p class=\"p1\">A Comiss\u00e3o de Planejamento Urbano, Meio Ambiente e Habita\u00e7\u00e3o \u00e9 respons\u00e1vel por analisar e emitir pareceres sobre projetos relacionados ao desenvolvimento urbano, pol\u00edticas ambientais e quest\u00f5es habitacionais no munic\u00edpio de Natal. A lideran\u00e7a de Irapo\u00e3 N\u00f3brega nessa comiss\u00e3o indica seu envolvimento direto na formula\u00e7\u00e3o e supervis\u00e3o de pol\u00edticas p\u00fablicas nessas \u00e1reas.<\/p>\n\n\n\n<p class=\"p1\"><\/p>\n","protected":false},"excerpt":{"rendered":"<p>O vereador Irapo\u00e3 N\u00f3brega, do partido Republicanos, foi nomeado presidente da Comiss\u00e3o de Planejamento Urbano, Meio Ambiente e Habita\u00e7\u00e3o da C\u00e2mara Municipal de Natal para o ano de 2025. A composi\u00e7\u00e3o das comiss\u00f5es t\u00e9cnicas foi definida recentemente pelos vereadores da Casa Legislativa.&nbsp; Al\u00e9m de presidir essa comiss\u00e3o, Irapo\u00e3 N\u00f3brega tamb\u00e9m atuar\u00e1 como membro da Comiss\u00e3o [&hellip;]<\/p>\n","protected":false},"author":1,"featured_media":0,"comment_status":"open","ping_status":"open","sticky":false,"template":"","format":"standard","meta":{"cybocfi_hide_featured_image":"","_jetpack_memberships_contains_paid_content":false,"footnotes":""},"categories":[1],"tags":[],"class_list":["post-4673","post","type-post","status-publish","format-standard","hentry","category-diversos"],"yoast_head":"<!-- This site is optimized with the Yoast SEO plugin v25.6 - https:\/\/yoast.com\/wordpress\/plugins\/seo\/ -->\n<title>Irapo\u00e3 N\u00f3brega assume Comiss\u00e3o de Planejamento Urbano, Meio Ambiente e Habita\u00e7\u00e3o na C\u00e2mara - Blog do Bispo<\/title>\n<meta name=\"robots\" content=\"index, follow, max-snippet:-1, max-image-preview:large, max-video-preview:-1\" \/>\n<link rel=\"canonical\" href=\"https:\/\/blogdobispo.com.br\/?p=4673\" \/>\n<meta property=\"og:locale\" content=\"pt_BR\" \/>\n<meta property=\"og:type\" content=\"article\" \/>\n<meta property=\"og:title\" content=\"Irapo\u00e3 N\u00f3brega assume Comiss\u00e3o de Planejamento Urbano, Meio Ambiente e Habita\u00e7\u00e3o na C\u00e2mara - Blog do Bispo\" \/>\n<meta property=\"og:description\" content=\"O vereador Irapo\u00e3 N\u00f3brega, do partido Republicanos, foi nomeado presidente da Comiss\u00e3o de Planejamento Urbano, Meio Ambiente e Habita\u00e7\u00e3o da C\u00e2mara Municipal de Natal para o ano de 2025. A composi\u00e7\u00e3o das comiss\u00f5es t\u00e9cnicas foi definida recentemente pelos vereadores da Casa Legislativa.&nbsp; Al\u00e9m de presidir essa comiss\u00e3o, Irapo\u00e3 N\u00f3brega tamb\u00e9m atuar\u00e1 como membro da Comiss\u00e3o [&hellip;]\" \/>\n<meta property=\"og:url\" content=\"https:\/\/blogdobispo.com.br\/?p=4673\" \/>\n<meta property=\"og:site_name\" content=\"Blog do Bispo\" \/>\n<meta property=\"article:published_time\" content=\"2025-02-19T21:44:05+00:00\" \/>\n<meta property=\"og:image\" content=\"https:\/\/blogdobispo.com.br\/wp-content\/uploads\/2025\/02\/image-7-177x300.jpg\" \/>\n<meta name=\"author\" content=\"Jefferson Sterfeno\" \/>\n<meta name=\"twitter:card\" content=\"summary_large_image\" \/>\n<meta name=\"twitter:label1\" content=\"Escrito por\" \/>\n\t<meta name=\"twitter:data1\" content=\"Jefferson Sterfeno\" \/>\n\t<meta name=\"twitter:label2\" content=\"Est. tempo de leitura\" \/>\n\t<meta name=\"twitter:data2\" content=\"1 minuto\" \/>\n<script type=\"application\/ld+json\" class=\"yoast-schema-graph\">{\"@context\":\"https:\/\/schema.org\",\"@graph\":[{\"@type\":\"Article\",\"@id\":\"https:\/\/blogdobispo.com.br\/?p=4673#article\",\"isPartOf\":{\"@id\":\"https:\/\/blogdobispo.com.br\/?p=4673\"},\"author\":{\"name\":\"Jefferson Sterfeno\",\"@id\":\"https:\/\/blogdobispo.com.br\/#\/schema\/person\/e2209cc0e6cea5c5233d033e997b373f\"},\"headline\":\"Irapo\u00e3 N\u00f3brega assume Comiss\u00e3o de Planejamento Urbano, Meio Ambiente e Habita\u00e7\u00e3o na C\u00e2mara\",\"datePublished\":\"2025-02-19T21:44:05+00:00\",\"mainEntityOfPage\":{\"@id\":\"https:\/\/blogdobispo.com.br\/?p=4673\"},\"wordCount\":168,\"commentCount\":0,\"publisher\":{\"@id\":\"https:\/\/blogdobispo.com.br\/#organization\"},\"image\":{\"@id\":\"https:\/\/blogdobispo.com.br\/?p=4673#primaryimage\"},\"thumbnailUrl\":\"https:\/\/blogdobispo.com.br\/wp-content\/uploads\/2025\/02\/image-7-177x300.jpg\",\"articleSection\":[\"diversos\"],\"inLanguage\":\"pt-BR\",\"potentialAction\":[{\"@type\":\"CommentAction\",\"name\":\"Comment\",\"target\":[\"https:\/\/blogdobispo.com.br\/?p=4673#respond\"]}]},{\"@type\":\"WebPage\",\"@id\":\"https:\/\/blogdobispo.com.br\/?p=4673\",\"url\":\"https:\/\/blogdobispo.com.br\/?p=4673\",\"name\":\"Irapo\u00e3 N\u00f3brega assume Comiss\u00e3o de Planejamento Urbano, Meio Ambiente e Habita\u00e7\u00e3o na C\u00e2mara - Blog do Bispo\",\"isPartOf\":{\"@id\":\"https:\/\/blogdobispo.com.br\/#website\"},\"primaryImageOfPage\":{\"@id\":\"https:\/\/blogdobispo.com.br\/?p=4673#primaryimage\"},\"image\":{\"@id\":\"https:\/\/blogdobispo.com.br\/?p=4673#primaryimage\"},\"thumbnailUrl\":\"https:\/\/blogdobispo.com.br\/wp-content\/uploads\/2025\/02\/image-7-177x300.jpg\",\"datePublished\":\"2025-02-19T21:44:05+00:00\",\"breadcrumb\":{\"@id\":\"https:\/\/blogdobispo.com.br\/?p=4673#breadcrumb\"},\"inLanguage\":\"pt-BR\",\"potentialAction\":[{\"@type\":\"ReadAction\",\"target\":[\"https:\/\/blogdobispo.com.br\/?p=4673\"]}]},{\"@type\":\"ImageObject\",\"inLanguage\":\"pt-BR\",\"@id\":\"https:\/\/blogdobispo.com.br\/?p=4673#primaryimage\",\"url\":\"https:\/\/blogdobispo.com.br\/wp-content\/uploads\/2025\/02\/image-7-177x300.jpg\",\"contentUrl\":\"https:\/\/blogdobispo.com.br\/wp-content\/uploads\/2025\/02\/image-7-177x300.jpg\"},{\"@type\":\"BreadcrumbList\",\"@id\":\"https:\/\/blogdobispo.com.br\/?p=4673#breadcrumb\",\"itemListElement\":[{\"@type\":\"ListItem\",\"position\":1,\"name\":\"In\u00edcio\",\"item\":\"https:\/\/blogdobispo.com.br\/\"},{\"@type\":\"ListItem\",\"position\":2,\"name\":\"Irapo\u00e3 N\u00f3brega assume Comiss\u00e3o de Planejamento Urbano, Meio Ambiente e Habita\u00e7\u00e3o na C\u00e2mara\"}]},{\"@type\":\"WebSite\",\"@id\":\"https:\/\/blogdobispo.com.br\/#website\",\"url\":\"https:\/\/blogdobispo.com.br\/\",\"name\":\"Blog do Bispo\",\"description\":\"Comprometido apenas com o leitor\",\"publisher\":{\"@id\":\"https:\/\/blogdobispo.com.br\/#organization\"},\"potentialAction\":[{\"@type\":\"SearchAction\",\"target\":{\"@type\":\"EntryPoint\",\"urlTemplate\":\"https:\/\/blogdobispo.com.br\/?s={search_term_string}\"},\"query-input\":{\"@type\":\"PropertyValueSpecification\",\"valueRequired\":true,\"valueName\":\"search_term_string\"}}],\"inLanguage\":\"pt-BR\"},{\"@type\":\"Organization\",\"@id\":\"https:\/\/blogdobispo.com.br\/#organization\",\"name\":\"Blog do Bispo\",\"url\":\"https:\/\/blogdobispo.com.br\/\",\"logo\":{\"@type\":\"ImageObject\",\"inLanguage\":\"pt-BR\",\"@id\":\"https:\/\/blogdobispo.com.br\/#\/schema\/logo\/image\/\",\"url\":\"http:\/\/blogdobispo.com.br\/wp-content\/uploads\/2023\/05\/cropped-headear.png\",\"contentUrl\":\"http:\/\/blogdobispo.com.br\/wp-content\/uploads\/2023\/05\/cropped-headear.png\",\"width\":1500,\"height\":399,\"caption\":\"Blog do Bispo\"},\"image\":{\"@id\":\"https:\/\/blogdobispo.com.br\/#\/schema\/logo\/image\/\"}},{\"@type\":\"Person\",\"@id\":\"https:\/\/blogdobispo.com.br\/#\/schema\/person\/e2209cc0e6cea5c5233d033e997b373f\",\"name\":\"Jefferson Sterfeno\",\"image\":{\"@type\":\"ImageObject\",\"inLanguage\":\"pt-BR\",\"@id\":\"https:\/\/blogdobispo.com.br\/#\/schema\/person\/image\/\",\"url\":\"https:\/\/secure.gravatar.com\/avatar\/0534e84764641168a677026b6d57a3f51dc7ac4db0b4f6186d9cb330d4ee1160?s=96&d=mm&r=g\",\"contentUrl\":\"https:\/\/secure.gravatar.com\/avatar\/0534e84764641168a677026b6d57a3f51dc7ac4db0b4f6186d9cb330d4ee1160?s=96&d=mm&r=g\",\"caption\":\"Jefferson Sterfeno\"},\"sameAs\":[\"http:\/\/blogdobispo.com.br\"],\"url\":\"https:\/\/blogdobispo.com.br\/?author=1\"}]}<\/script>\n<!-- \/ Yoast SEO plugin. -->","yoast_head_json":{"title":"Irapo\u00e3 N\u00f3brega assume Comiss\u00e3o de Planejamento Urbano, Meio Ambiente e Habita\u00e7\u00e3o na C\u00e2mara - Blog do Bispo","robots":{"index":"index","follow":"follow","max-snippet":"max-snippet:-1","max-image-preview":"max-image-preview:large","max-video-preview":"max-video-preview:-1"},"canonical":"https:\/\/blogdobispo.com.br\/?p=4673","og_locale":"pt_BR","og_type":"article","og_title":"Irapo\u00e3 N\u00f3brega assume Comiss\u00e3o de Planejamento Urbano, Meio Ambiente e Habita\u00e7\u00e3o na C\u00e2mara - Blog do Bispo","og_description":"O vereador Irapo\u00e3 N\u00f3brega, do partido Republicanos, foi nomeado presidente da Comiss\u00e3o de Planejamento Urbano, Meio Ambiente e Habita\u00e7\u00e3o da C\u00e2mara Municipal de Natal para o ano de 2025. A composi\u00e7\u00e3o das comiss\u00f5es t\u00e9cnicas foi definida recentemente pelos vereadores da Casa Legislativa.&nbsp; Al\u00e9m de presidir essa comiss\u00e3o, Irapo\u00e3 N\u00f3brega tamb\u00e9m atuar\u00e1 como membro da Comiss\u00e3o [&hellip;]","og_url":"https:\/\/blogdobispo.com.br\/?p=4673","og_site_name":"Blog do Bispo","article_published_time":"2025-02-19T21:44:05+00:00","og_image":[{"url":"https:\/\/blogdobispo.com.br\/wp-content\/uploads\/2025\/02\/image-7-177x300.jpg","type":"","width":"","height":""}],"author":"Jefferson Sterfeno","twitter_card":"summary_large_image","twitter_misc":{"Escrito por":"Jefferson Sterfeno","Est. tempo de leitura":"1 minuto"},"schema":{"@context":"https:\/\/schema.org","@graph":[{"@type":"Article","@id":"https:\/\/blogdobispo.com.br\/?p=4673#article","isPartOf":{"@id":"https:\/\/blogdobispo.com.br\/?p=4673"},"author":{"name":"Jefferson Sterfeno","@id":"https:\/\/blogdobispo.com.br\/#\/schema\/person\/e2209cc0e6cea5c5233d033e997b373f"},"headline":"Irapo\u00e3 N\u00f3brega assume Comiss\u00e3o de Planejamento Urbano, Meio Ambiente e Habita\u00e7\u00e3o na C\u00e2mara","datePublished":"2025-02-19T21:44:05+00:00","mainEntityOfPage":{"@id":"https:\/\/blogdobispo.com.br\/?p=4673"},"wordCount":168,"commentCount":0,"publisher":{"@id":"https:\/\/blogdobispo.com.br\/#organization"},"image":{"@id":"https:\/\/blogdobispo.com.br\/?p=4673#primaryimage"},"thumbnailUrl":"https:\/\/blogdobispo.com.br\/wp-content\/uploads\/2025\/02\/image-7-177x300.jpg","articleSection":["diversos"],"inLanguage":"pt-BR","potentialAction":[{"@type":"CommentAction","name":"Comment","target":["https:\/\/blogdobispo.com.br\/?p=4673#respond"]}]},{"@type":"WebPage","@id":"https:\/\/blogdobispo.com.br\/?p=4673","url":"https:\/\/blogdobispo.com.br\/?p=4673","name":"Irapo\u00e3 N\u00f3brega assume Comiss\u00e3o de Planejamento Urbano, Meio Ambiente e Habita\u00e7\u00e3o na C\u00e2mara - Blog do Bispo","isPartOf":{"@id":"https:\/\/blogdobispo.com.br\/#website"},"primaryImageOfPage":{"@id":"https:\/\/blogdobispo.com.br\/?p=4673#primaryimage"},"image":{"@id":"https:\/\/blogdobispo.com.br\/?p=4673#primaryimage"},"thumbnailUrl":"https:\/\/blogdobispo.com.br\/wp-content\/uploads\/2025\/02\/image-7-177x300.jpg","datePublished":"2025-02-19T21:44:05+00:00","breadcrumb":{"@id":"https:\/\/blogdobispo.com.br\/?p=4673#breadcrumb"},"inLanguage":"pt-BR","potentialAction":[{"@type":"ReadAction","target":["https:\/\/blogdobispo.com.br\/?p=4673"]}]},{"@type":"ImageObject","inLanguage":"pt-BR","@id":"https:\/\/blogdobispo.com.br\/?p=4673#primaryimage","url":"https:\/\/blogdobispo.com.br\/wp-content\/uploads\/2025\/02\/image-7-177x300.jpg","contentUrl":"https:\/\/blogdobispo.com.br\/wp-content\/uploads\/2025\/02\/image-7-177x300.jpg"},{"@type":"BreadcrumbList","@id":"https:\/\/blogdobispo.com.br\/?p=4673#breadcrumb","itemListElement":[{"@type":"ListItem","position":1,"name":"In\u00edcio","item":"https:\/\/blogdobispo.com.br\/"},{"@type":"ListItem","position":2,"name":"Irapo\u00e3 N\u00f3brega assume Comiss\u00e3o de Planejamento Urbano, Meio Ambiente e Habita\u00e7\u00e3o na C\u00e2mara"}]},{"@type":"WebSite","@id":"https:\/\/blogdobispo.com.br\/#website","url":"https:\/\/blogdobispo.com.br\/","name":"Blog do Bispo","description":"Comprometido apenas com o leitor","publisher":{"@id":"https:\/\/blogdobispo.com.br\/#organization"},"potentialAction":[{"@type":"SearchAction","target":{"@type":"EntryPoint","urlTemplate":"https:\/\/blogdobispo.com.br\/?s={search_term_string}"},"query-input":{"@type":"PropertyValueSpecification","valueRequired":true,"valueName":"search_term_string"}}],"inLanguage":"pt-BR"},{"@type":"Organization","@id":"https:\/\/blogdobispo.com.br\/#organization","name":"Blog do Bispo","url":"https:\/\/blogdobispo.com.br\/","logo":{"@type":"ImageObject","inLanguage":"pt-BR","@id":"https:\/\/blogdobispo.com.br\/#\/schema\/logo\/image\/","url":"http:\/\/blogdobispo.com.br\/wp-content\/uploads\/2023\/05\/cropped-headear.png","contentUrl":"http:\/\/blogdobispo.com.br\/wp-content\/uploads\/2023\/05\/cropped-headear.png","width":1500,"height":399,"caption":"Blog do Bispo"},"image":{"@id":"https:\/\/blogdobispo.com.br\/#\/schema\/logo\/image\/"}},{"@type":"Person","@id":"https:\/\/blogdobispo.com.br\/#\/schema\/person\/e2209cc0e6cea5c5233d033e997b373f","name":"Jefferson Sterfeno","image":{"@type":"ImageObject","inLanguage":"pt-BR","@id":"https:\/\/blogdobispo.com.br\/#\/schema\/person\/image\/","url":"https:\/\/secure.gravatar.com\/avatar\/0534e84764641168a677026b6d57a3f51dc7ac4db0b4f6186d9cb330d4ee1160?s=96&d=mm&r=g","contentUrl":"https:\/\/secure.gravatar.com\/avatar\/0534e84764641168a677026b6d57a3f51dc7ac4db0b4f6186d9cb330d4ee1160?s=96&d=mm&r=g","caption":"Jefferson Sterfeno"},"sameAs":["http:\/\/blogdobispo.com.br"],"url":"https:\/\/blogdobispo.com.br\/?author=1"}]}},"featured_image_urls":{"full":"","thumbnail":"","medium":"","medium_large":"","large":"","1536x1536":"","2048x2048":""},"author_info":{"display_name":"Jefferson Sterfeno","author_link":"https:\/\/blogdobispo.com.br\/?author=1"},"category_info":"<a href=\"https:\/\/blogdobispo.com.br\/?cat=1\" rel=\"category\">diversos<\/a>","tag_info":"diversos","comment_count":"0","jetpack_featured_media_url":"","jetpack_sharing_enabled":true,"_links":{"self":[{"href":"https:\/\/blogdobispo.com.br\/index.php?rest_route=\/wp\/v2\/posts\/4673","targetHints":{"allow":["GET"]}}],"collection":[{"href":"https:\/\/blogdobispo.com.br\/index.php?rest_route=\/wp\/v2\/posts"}],"about":[{"href":"https:\/\/blogdobispo.com.br\/index.php?rest_route=\/wp\/v2\/types\/post"}],"author":[{"embeddable":true,"href":"https:\/\/blogdobispo.com.br\/index.php?rest_route=\/wp\/v2\/users\/1"}],"replies":[{"embeddable":true,"href":"https:\/\/blogdobispo.com.br\/index.php?rest_route=%2Fwp%2Fv2%2Fcomments&post=4673"}],"version-history":[{"count":0,"href":"https:\/\/blogdobispo.com.br\/index.php?rest_route=\/wp\/v2\/posts\/4673\/revisions"}],"wp:attachment":[{"href":"https:\/\/blogdobispo.com.br\/index.php?rest_route=%2Fwp%2Fv2%2Fmedia&parent=4673"}],"wp:term":[{"taxonomy":"category","embeddable":true,"href":"https:\/\/blogdobispo.com.br\/index.php?rest_route=%2Fwp%2Fv2%2Fcategories&post=4673"},{"taxonomy":"post_tag","embeddable":true,"href":"https:\/\/blogdobispo.com.br\/index.php?rest_route=%2Fwp%2Fv2%2Ftags&post=4673"}],"curies":[{"name":"wp","href":"https:\/\/api.w.org\/{rel}","templated":true}]}}