{"id":4669,"date":"2025-02-19T15:59:44","date_gmt":"2025-02-19T15:59:44","guid":{"rendered":"https:\/\/blogdobispo.com.br\/?p=4669"},"modified":"2025-02-19T15:59:44","modified_gmt":"2025-02-19T15:59:44","slug":"kleber-fernandes-e-escolhido-para-presidir-comissao-de-defesa-do-consumidor-da-camara-municipal-do-natal","status":"publish","type":"post","link":"https:\/\/blogdobispo.com.br\/?p=4669","title":{"rendered":"Kleber Fernandes \u00e9 escolhido para presidir Comiss\u00e3o de Defesa do Consumidor da C\u00e2mara Municipal do Natal"},"content":{"rendered":"\n<figure class=\"wp-block-image size-large\"><img data-recalc-dims=\"1\" fetchpriority=\"high\" decoding=\"async\" width=\"800\" height=\"642\" src=\"https:\/\/i0.wp.com\/blogdobispo.com.br\/wp-content\/uploads\/2025\/02\/592e3391-be19-42a6-9191-d81d1ac7e482-1-1024x822.jpg?resize=800%2C642&#038;ssl=1\" class=\"wp-image-4668\" srcset=\"https:\/\/i0.wp.com\/blogdobispo.com.br\/wp-content\/uploads\/2025\/02\/592e3391-be19-42a6-9191-d81d1ac7e482-1.jpg?resize=1024%2C822&amp;ssl=1 1024w, https:\/\/i0.wp.com\/blogdobispo.com.br\/wp-content\/uploads\/2025\/02\/592e3391-be19-42a6-9191-d81d1ac7e482-1.jpg?resize=300%2C241&amp;ssl=1 300w, https:\/\/i0.wp.com\/blogdobispo.com.br\/wp-content\/uploads\/2025\/02\/592e3391-be19-42a6-9191-d81d1ac7e482-1.jpg?resize=768%2C616&amp;ssl=1 768w, https:\/\/i0.wp.com\/blogdobispo.com.br\/wp-content\/uploads\/2025\/02\/592e3391-be19-42a6-9191-d81d1ac7e482-1.jpg?resize=1536%2C1233&amp;ssl=1 1536w, https:\/\/i0.wp.com\/blogdobispo.com.br\/wp-content\/uploads\/2025\/02\/592e3391-be19-42a6-9191-d81d1ac7e482-1.jpg?w=1600&amp;ssl=1 1600w\" sizes=\"(max-width: 800px) 100vw, 800px\" \/><\/figure>\n\n\n\n<p><\/p>\n\n\n\n<p>O vereador Kleber Fernandes (Republicanos) foi eleito hoje (19), em Sess\u00e3o Ordin\u00e1ria, na C\u00e2mara Municipal do Natal (CMN), presidente da Comiss\u00e3o de Defesa do Consumidor. Kleber \u00e9 advogado, especialista em Direito do Consumidor e j\u00e1 foi duas vezes diretor do Procon Natal. Esta \u00e9 a terceira vez que ele preside esta importante comiss\u00e3o na Casa.<\/p>\n\n\n\n<p>Al\u00e9m disso, o parlamentar foi eleito vice-presidente da Comiss\u00e3o de Legisla\u00e7\u00e3o, Justi\u00e7a e Reda\u00e7\u00e3o Final, tendo Aldo Clemente (PSDB) como presidente dos trabalhos. A Comiss\u00e3o de Justi\u00e7a \u00e9 uma das principais comiss\u00f5es da C\u00e2mara, sendo respons\u00e1vel por analisar projetos, emendas, resolu\u00e7\u00f5es ou substitutivos. \u201c\u00c9 papel da Comiss\u00e3o de Justi\u00e7a analisar as mat\u00e9rias que tramitam na CMN, seja de ordem constitucional, legal, jur\u00eddica, regimental e de t\u00e9cnica legislativa\u201d, afirmou Kleber.<\/p>\n\n\n\n<p>Kleber tamb\u00e9m foi eleito membro da Comiss\u00e3o de Planejamento Urbano, Meio Ambiente e Habita\u00e7\u00e3o. No ano passado, o parlamentar presidiu esta comiss\u00e3o abrindo o debate sobre temas como o uso e a ocupa\u00e7\u00e3o das \u00c1reas Especiais de Interesse Tur\u00edstico e Paisag\u00edstico, as chamadas (AEITPs), sugerindo audi\u00eancia p\u00fablica e iniciou a relatoria do projeto que trata da \u00e1rea que compreende a Via Costeira, na capital. \u201cFico muito feliz e me sinto preparado para contribuir com a Comiss\u00e3o de Planejamento Urbano, j\u00e1 que fui o relator do Novo Plano Diretor e participei ativamente das discuss\u00f5es sobre as AEITPs, ainda no ano passado\u201d, lembrou.<\/p>\n\n\n\n<p><em>Mesa Diretora<\/em><\/p>\n\n\n\n<p>Em janeiro, na posse dos novos vereadores da Legislatura 2025-2028 foram escolhidos os membros da Mesa Diretora para o Bi\u00eanio 2025\/2026. Kleber Fernandes foi eleito para o cargo de primeiro-secret\u00e1rio. \u201cA posi\u00e7\u00e3o \u00e9 de extrema relev\u00e2ncia, sendo respons\u00e1vel pela condu\u00e7\u00e3o administrativa da Casa, gerenciamento de documentos legislativos, organiza\u00e7\u00e3o das sess\u00f5es e apoio direto \u00e0s atividades parlamentares\u201d, afirmou o parlamentar.<\/p>\n","protected":false},"excerpt":{"rendered":"<p>O vereador Kleber Fernandes (Republicanos) foi eleito hoje (19), em Sess\u00e3o Ordin\u00e1ria, na C\u00e2mara Municipal do Natal (CMN), presidente da Comiss\u00e3o de Defesa do Consumidor. Kleber \u00e9 advogado, especialista em Direito do Consumidor e j\u00e1 foi duas vezes diretor do Procon Natal. Esta \u00e9 a terceira vez que ele preside esta importante comiss\u00e3o na Casa. [&hellip;]<\/p>\n","protected":false},"author":1,"featured_media":0,"comment_status":"open","ping_status":"open","sticky":false,"template":"","format":"standard","meta":{"cybocfi_hide_featured_image":"","_jetpack_memberships_contains_paid_content":false,"footnotes":""},"categories":[1],"tags":[],"class_list":["post-4669","post","type-post","status-publish","format-standard","hentry","category-diversos"],"yoast_head":"<!-- This site is optimized with the Yoast SEO plugin v25.6 - https:\/\/yoast.com\/wordpress\/plugins\/seo\/ -->\n<title>Kleber Fernandes \u00e9 escolhido para presidir Comiss\u00e3o de Defesa do Consumidor da C\u00e2mara Municipal do Natal - Blog do Bispo<\/title>\n<meta name=\"robots\" content=\"index, follow, max-snippet:-1, max-image-preview:large, max-video-preview:-1\" \/>\n<link rel=\"canonical\" href=\"https:\/\/blogdobispo.com.br\/?p=4669\" \/>\n<meta property=\"og:locale\" content=\"pt_BR\" \/>\n<meta property=\"og:type\" content=\"article\" \/>\n<meta property=\"og:title\" content=\"Kleber Fernandes \u00e9 escolhido para presidir Comiss\u00e3o de Defesa do Consumidor da C\u00e2mara Municipal do Natal - Blog do Bispo\" \/>\n<meta property=\"og:description\" content=\"O vereador Kleber Fernandes (Republicanos) foi eleito hoje (19), em Sess\u00e3o Ordin\u00e1ria, na C\u00e2mara Municipal do Natal (CMN), presidente da Comiss\u00e3o de Defesa do Consumidor. Kleber \u00e9 advogado, especialista em Direito do Consumidor e j\u00e1 foi duas vezes diretor do Procon Natal. Esta \u00e9 a terceira vez que ele preside esta importante comiss\u00e3o na Casa. [&hellip;]\" \/>\n<meta property=\"og:url\" content=\"https:\/\/blogdobispo.com.br\/?p=4669\" \/>\n<meta property=\"og:site_name\" content=\"Blog do Bispo\" \/>\n<meta property=\"article:published_time\" content=\"2025-02-19T15:59:44+00:00\" \/>\n<meta property=\"og:image\" content=\"https:\/\/blogdobispo.com.br\/wp-content\/uploads\/2025\/02\/592e3391-be19-42a6-9191-d81d1ac7e482-1-1024x822.jpg\" \/>\n<meta name=\"author\" content=\"Jefferson Sterfeno\" \/>\n<meta name=\"twitter:card\" content=\"summary_large_image\" \/>\n<meta name=\"twitter:label1\" content=\"Escrito por\" \/>\n\t<meta name=\"twitter:data1\" content=\"Jefferson Sterfeno\" \/>\n\t<meta name=\"twitter:label2\" content=\"Est. tempo de leitura\" \/>\n\t<meta name=\"twitter:data2\" content=\"2 minutos\" \/>\n<script type=\"application\/ld+json\" class=\"yoast-schema-graph\">{\"@context\":\"https:\/\/schema.org\",\"@graph\":[{\"@type\":\"Article\",\"@id\":\"https:\/\/blogdobispo.com.br\/?p=4669#article\",\"isPartOf\":{\"@id\":\"https:\/\/blogdobispo.com.br\/?p=4669\"},\"author\":{\"name\":\"Jefferson Sterfeno\",\"@id\":\"https:\/\/blogdobispo.com.br\/#\/schema\/person\/e2209cc0e6cea5c5233d033e997b373f\"},\"headline\":\"Kleber Fernandes \u00e9 escolhido para presidir Comiss\u00e3o de Defesa do Consumidor da C\u00e2mara Municipal do Natal\",\"datePublished\":\"2025-02-19T15:59:44+00:00\",\"mainEntityOfPage\":{\"@id\":\"https:\/\/blogdobispo.com.br\/?p=4669\"},\"wordCount\":336,\"commentCount\":0,\"publisher\":{\"@id\":\"https:\/\/blogdobispo.com.br\/#organization\"},\"image\":{\"@id\":\"https:\/\/blogdobispo.com.br\/?p=4669#primaryimage\"},\"thumbnailUrl\":\"https:\/\/blogdobispo.com.br\/wp-content\/uploads\/2025\/02\/592e3391-be19-42a6-9191-d81d1ac7e482-1-1024x822.jpg\",\"articleSection\":[\"diversos\"],\"inLanguage\":\"pt-BR\",\"potentialAction\":[{\"@type\":\"CommentAction\",\"name\":\"Comment\",\"target\":[\"https:\/\/blogdobispo.com.br\/?p=4669#respond\"]}]},{\"@type\":\"WebPage\",\"@id\":\"https:\/\/blogdobispo.com.br\/?p=4669\",\"url\":\"https:\/\/blogdobispo.com.br\/?p=4669\",\"name\":\"Kleber Fernandes \u00e9 escolhido para presidir Comiss\u00e3o de Defesa do Consumidor da C\u00e2mara Municipal do Natal - Blog do Bispo\",\"isPartOf\":{\"@id\":\"https:\/\/blogdobispo.com.br\/#website\"},\"primaryImageOfPage\":{\"@id\":\"https:\/\/blogdobispo.com.br\/?p=4669#primaryimage\"},\"image\":{\"@id\":\"https:\/\/blogdobispo.com.br\/?p=4669#primaryimage\"},\"thumbnailUrl\":\"https:\/\/blogdobispo.com.br\/wp-content\/uploads\/2025\/02\/592e3391-be19-42a6-9191-d81d1ac7e482-1-1024x822.jpg\",\"datePublished\":\"2025-02-19T15:59:44+00:00\",\"breadcrumb\":{\"@id\":\"https:\/\/blogdobispo.com.br\/?p=4669#breadcrumb\"},\"inLanguage\":\"pt-BR\",\"potentialAction\":[{\"@type\":\"ReadAction\",\"target\":[\"https:\/\/blogdobispo.com.br\/?p=4669\"]}]},{\"@type\":\"ImageObject\",\"inLanguage\":\"pt-BR\",\"@id\":\"https:\/\/blogdobispo.com.br\/?p=4669#primaryimage\",\"url\":\"https:\/\/blogdobispo.com.br\/wp-content\/uploads\/2025\/02\/592e3391-be19-42a6-9191-d81d1ac7e482-1-1024x822.jpg\",\"contentUrl\":\"https:\/\/blogdobispo.com.br\/wp-content\/uploads\/2025\/02\/592e3391-be19-42a6-9191-d81d1ac7e482-1-1024x822.jpg\"},{\"@type\":\"BreadcrumbList\",\"@id\":\"https:\/\/blogdobispo.com.br\/?p=4669#breadcrumb\",\"itemListElement\":[{\"@type\":\"ListItem\",\"position\":1,\"name\":\"In\u00edcio\",\"item\":\"https:\/\/blogdobispo.com.br\/\"},{\"@type\":\"ListItem\",\"position\":2,\"name\":\"Kleber Fernandes \u00e9 escolhido para presidir Comiss\u00e3o de Defesa do Consumidor da C\u00e2mara Municipal do Natal\"}]},{\"@type\":\"WebSite\",\"@id\":\"https:\/\/blogdobispo.com.br\/#website\",\"url\":\"https:\/\/blogdobispo.com.br\/\",\"name\":\"Blog do Bispo\",\"description\":\"Comprometido apenas com o leitor\",\"publisher\":{\"@id\":\"https:\/\/blogdobispo.com.br\/#organization\"},\"potentialAction\":[{\"@type\":\"SearchAction\",\"target\":{\"@type\":\"EntryPoint\",\"urlTemplate\":\"https:\/\/blogdobispo.com.br\/?s={search_term_string}\"},\"query-input\":{\"@type\":\"PropertyValueSpecification\",\"valueRequired\":true,\"valueName\":\"search_term_string\"}}],\"inLanguage\":\"pt-BR\"},{\"@type\":\"Organization\",\"@id\":\"https:\/\/blogdobispo.com.br\/#organization\",\"name\":\"Blog do Bispo\",\"url\":\"https:\/\/blogdobispo.com.br\/\",\"logo\":{\"@type\":\"ImageObject\",\"inLanguage\":\"pt-BR\",\"@id\":\"https:\/\/blogdobispo.com.br\/#\/schema\/logo\/image\/\",\"url\":\"http:\/\/blogdobispo.com.br\/wp-content\/uploads\/2023\/05\/cropped-headear.png\",\"contentUrl\":\"http:\/\/blogdobispo.com.br\/wp-content\/uploads\/2023\/05\/cropped-headear.png\",\"width\":1500,\"height\":399,\"caption\":\"Blog do Bispo\"},\"image\":{\"@id\":\"https:\/\/blogdobispo.com.br\/#\/schema\/logo\/image\/\"}},{\"@type\":\"Person\",\"@id\":\"https:\/\/blogdobispo.com.br\/#\/schema\/person\/e2209cc0e6cea5c5233d033e997b373f\",\"name\":\"Jefferson Sterfeno\",\"image\":{\"@type\":\"ImageObject\",\"inLanguage\":\"pt-BR\",\"@id\":\"https:\/\/blogdobispo.com.br\/#\/schema\/person\/image\/\",\"url\":\"https:\/\/secure.gravatar.com\/avatar\/0534e84764641168a677026b6d57a3f51dc7ac4db0b4f6186d9cb330d4ee1160?s=96&d=mm&r=g\",\"contentUrl\":\"https:\/\/secure.gravatar.com\/avatar\/0534e84764641168a677026b6d57a3f51dc7ac4db0b4f6186d9cb330d4ee1160?s=96&d=mm&r=g\",\"caption\":\"Jefferson Sterfeno\"},\"sameAs\":[\"http:\/\/blogdobispo.com.br\"],\"url\":\"https:\/\/blogdobispo.com.br\/?author=1\"}]}<\/script>\n<!-- \/ Yoast SEO plugin. -->","yoast_head_json":{"title":"Kleber Fernandes \u00e9 escolhido para presidir Comiss\u00e3o de Defesa do Consumidor da C\u00e2mara Municipal do Natal - Blog do Bispo","robots":{"index":"index","follow":"follow","max-snippet":"max-snippet:-1","max-image-preview":"max-image-preview:large","max-video-preview":"max-video-preview:-1"},"canonical":"https:\/\/blogdobispo.com.br\/?p=4669","og_locale":"pt_BR","og_type":"article","og_title":"Kleber Fernandes \u00e9 escolhido para presidir Comiss\u00e3o de Defesa do Consumidor da C\u00e2mara Municipal do Natal - Blog do Bispo","og_description":"O vereador Kleber Fernandes (Republicanos) foi eleito hoje (19), em Sess\u00e3o Ordin\u00e1ria, na C\u00e2mara Municipal do Natal (CMN), presidente da Comiss\u00e3o de Defesa do Consumidor. Kleber \u00e9 advogado, especialista em Direito do Consumidor e j\u00e1 foi duas vezes diretor do Procon Natal. Esta \u00e9 a terceira vez que ele preside esta importante comiss\u00e3o na Casa. [&hellip;]","og_url":"https:\/\/blogdobispo.com.br\/?p=4669","og_site_name":"Blog do Bispo","article_published_time":"2025-02-19T15:59:44+00:00","og_image":[{"url":"https:\/\/blogdobispo.com.br\/wp-content\/uploads\/2025\/02\/592e3391-be19-42a6-9191-d81d1ac7e482-1-1024x822.jpg","type":"","width":"","height":""}],"author":"Jefferson Sterfeno","twitter_card":"summary_large_image","twitter_misc":{"Escrito por":"Jefferson Sterfeno","Est. tempo de leitura":"2 minutos"},"schema":{"@context":"https:\/\/schema.org","@graph":[{"@type":"Article","@id":"https:\/\/blogdobispo.com.br\/?p=4669#article","isPartOf":{"@id":"https:\/\/blogdobispo.com.br\/?p=4669"},"author":{"name":"Jefferson Sterfeno","@id":"https:\/\/blogdobispo.com.br\/#\/schema\/person\/e2209cc0e6cea5c5233d033e997b373f"},"headline":"Kleber Fernandes \u00e9 escolhido para presidir Comiss\u00e3o de Defesa do Consumidor da C\u00e2mara Municipal do Natal","datePublished":"2025-02-19T15:59:44+00:00","mainEntityOfPage":{"@id":"https:\/\/blogdobispo.com.br\/?p=4669"},"wordCount":336,"commentCount":0,"publisher":{"@id":"https:\/\/blogdobispo.com.br\/#organization"},"image":{"@id":"https:\/\/blogdobispo.com.br\/?p=4669#primaryimage"},"thumbnailUrl":"https:\/\/blogdobispo.com.br\/wp-content\/uploads\/2025\/02\/592e3391-be19-42a6-9191-d81d1ac7e482-1-1024x822.jpg","articleSection":["diversos"],"inLanguage":"pt-BR","potentialAction":[{"@type":"CommentAction","name":"Comment","target":["https:\/\/blogdobispo.com.br\/?p=4669#respond"]}]},{"@type":"WebPage","@id":"https:\/\/blogdobispo.com.br\/?p=4669","url":"https:\/\/blogdobispo.com.br\/?p=4669","name":"Kleber Fernandes \u00e9 escolhido para presidir Comiss\u00e3o de Defesa do Consumidor da C\u00e2mara Municipal do Natal - Blog do Bispo","isPartOf":{"@id":"https:\/\/blogdobispo.com.br\/#website"},"primaryImageOfPage":{"@id":"https:\/\/blogdobispo.com.br\/?p=4669#primaryimage"},"image":{"@id":"https:\/\/blogdobispo.com.br\/?p=4669#primaryimage"},"thumbnailUrl":"https:\/\/blogdobispo.com.br\/wp-content\/uploads\/2025\/02\/592e3391-be19-42a6-9191-d81d1ac7e482-1-1024x822.jpg","datePublished":"2025-02-19T15:59:44+00:00","breadcrumb":{"@id":"https:\/\/blogdobispo.com.br\/?p=4669#breadcrumb"},"inLanguage":"pt-BR","potentialAction":[{"@type":"ReadAction","target":["https:\/\/blogdobispo.com.br\/?p=4669"]}]},{"@type":"ImageObject","inLanguage":"pt-BR","@id":"https:\/\/blogdobispo.com.br\/?p=4669#primaryimage","url":"https:\/\/blogdobispo.com.br\/wp-content\/uploads\/2025\/02\/592e3391-be19-42a6-9191-d81d1ac7e482-1-1024x822.jpg","contentUrl":"https:\/\/blogdobispo.com.br\/wp-content\/uploads\/2025\/02\/592e3391-be19-42a6-9191-d81d1ac7e482-1-1024x822.jpg"},{"@type":"BreadcrumbList","@id":"https:\/\/blogdobispo.com.br\/?p=4669#breadcrumb","itemListElement":[{"@type":"ListItem","position":1,"name":"In\u00edcio","item":"https:\/\/blogdobispo.com.br\/"},{"@type":"ListItem","position":2,"name":"Kleber Fernandes \u00e9 escolhido para presidir Comiss\u00e3o de Defesa do Consumidor da C\u00e2mara Municipal do Natal"}]},{"@type":"WebSite","@id":"https:\/\/blogdobispo.com.br\/#website","url":"https:\/\/blogdobispo.com.br\/","name":"Blog do Bispo","description":"Comprometido apenas com o leitor","publisher":{"@id":"https:\/\/blogdobispo.com.br\/#organization"},"potentialAction":[{"@type":"SearchAction","target":{"@type":"EntryPoint","urlTemplate":"https:\/\/blogdobispo.com.br\/?s={search_term_string}"},"query-input":{"@type":"PropertyValueSpecification","valueRequired":true,"valueName":"search_term_string"}}],"inLanguage":"pt-BR"},{"@type":"Organization","@id":"https:\/\/blogdobispo.com.br\/#organization","name":"Blog do Bispo","url":"https:\/\/blogdobispo.com.br\/","logo":{"@type":"ImageObject","inLanguage":"pt-BR","@id":"https:\/\/blogdobispo.com.br\/#\/schema\/logo\/image\/","url":"http:\/\/blogdobispo.com.br\/wp-content\/uploads\/2023\/05\/cropped-headear.png","contentUrl":"http:\/\/blogdobispo.com.br\/wp-content\/uploads\/2023\/05\/cropped-headear.png","width":1500,"height":399,"caption":"Blog do Bispo"},"image":{"@id":"https:\/\/blogdobispo.com.br\/#\/schema\/logo\/image\/"}},{"@type":"Person","@id":"https:\/\/blogdobispo.com.br\/#\/schema\/person\/e2209cc0e6cea5c5233d033e997b373f","name":"Jefferson Sterfeno","image":{"@type":"ImageObject","inLanguage":"pt-BR","@id":"https:\/\/blogdobispo.com.br\/#\/schema\/person\/image\/","url":"https:\/\/secure.gravatar.com\/avatar\/0534e84764641168a677026b6d57a3f51dc7ac4db0b4f6186d9cb330d4ee1160?s=96&d=mm&r=g","contentUrl":"https:\/\/secure.gravatar.com\/avatar\/0534e84764641168a677026b6d57a3f51dc7ac4db0b4f6186d9cb330d4ee1160?s=96&d=mm&r=g","caption":"Jefferson Sterfeno"},"sameAs":["http:\/\/blogdobispo.com.br"],"url":"https:\/\/blogdobispo.com.br\/?author=1"}]}},"featured_image_urls":{"full":"","thumbnail":"","medium":"","medium_large":"","large":"","1536x1536":"","2048x2048":""},"author_info":{"display_name":"Jefferson Sterfeno","author_link":"https:\/\/blogdobispo.com.br\/?author=1"},"category_info":"<a href=\"https:\/\/blogdobispo.com.br\/?cat=1\" rel=\"category\">diversos<\/a>","tag_info":"diversos","comment_count":"0","jetpack_featured_media_url":"","jetpack_sharing_enabled":true,"_links":{"self":[{"href":"https:\/\/blogdobispo.com.br\/index.php?rest_route=\/wp\/v2\/posts\/4669","targetHints":{"allow":["GET"]}}],"collection":[{"href":"https:\/\/blogdobispo.com.br\/index.php?rest_route=\/wp\/v2\/posts"}],"about":[{"href":"https:\/\/blogdobispo.com.br\/index.php?rest_route=\/wp\/v2\/types\/post"}],"author":[{"embeddable":true,"href":"https:\/\/blogdobispo.com.br\/index.php?rest_route=\/wp\/v2\/users\/1"}],"replies":[{"embeddable":true,"href":"https:\/\/blogdobispo.com.br\/index.php?rest_route=%2Fwp%2Fv2%2Fcomments&post=4669"}],"version-history":[{"count":0,"href":"https:\/\/blogdobispo.com.br\/index.php?rest_route=\/wp\/v2\/posts\/4669\/revisions"}],"wp:attachment":[{"href":"https:\/\/blogdobispo.com.br\/index.php?rest_route=%2Fwp%2Fv2%2Fmedia&parent=4669"}],"wp:term":[{"taxonomy":"category","embeddable":true,"href":"https:\/\/blogdobispo.com.br\/index.php?rest_route=%2Fwp%2Fv2%2Fcategories&post=4669"},{"taxonomy":"post_tag","embeddable":true,"href":"https:\/\/blogdobispo.com.br\/index.php?rest_route=%2Fwp%2Fv2%2Ftags&post=4669"}],"curies":[{"name":"wp","href":"https:\/\/api.w.org\/{rel}","templated":true}]}}