{"id":4664,"date":"2025-02-19T00:12:55","date_gmt":"2025-02-19T00:12:55","guid":{"rendered":"https:\/\/blogdobispo.com.br\/?p=4664"},"modified":"2025-02-19T00:12:55","modified_gmt":"2025-02-19T00:12:55","slug":"pedro-henrique-assume-lideranca-do-progressistas-na-camara-municipal-de-natal","status":"publish","type":"post","link":"https:\/\/blogdobispo.com.br\/?p=4664","title":{"rendered":"Pedro Henrique assume lideran\u00e7a do Progressistas na C\u00e2mara Municipal de Natal"},"content":{"rendered":"\n<figure class=\"wp-block-image size-large\"><img data-recalc-dims=\"1\" fetchpriority=\"high\" decoding=\"async\" width=\"800\" height=\"533\" src=\"https:\/\/i0.wp.com\/blogdobispo.com.br\/wp-content\/uploads\/2025\/02\/2b1f182e-3a34-4240-ac40-f3341efeb50c-1-1024x682.jpg?resize=800%2C533&#038;ssl=1\" class=\"wp-image-4663\" srcset=\"https:\/\/i0.wp.com\/blogdobispo.com.br\/wp-content\/uploads\/2025\/02\/2b1f182e-3a34-4240-ac40-f3341efeb50c-1.jpg?resize=1024%2C682&amp;ssl=1 1024w, https:\/\/i0.wp.com\/blogdobispo.com.br\/wp-content\/uploads\/2025\/02\/2b1f182e-3a34-4240-ac40-f3341efeb50c-1.jpg?resize=300%2C200&amp;ssl=1 300w, https:\/\/i0.wp.com\/blogdobispo.com.br\/wp-content\/uploads\/2025\/02\/2b1f182e-3a34-4240-ac40-f3341efeb50c-1.jpg?resize=768%2C512&amp;ssl=1 768w, https:\/\/i0.wp.com\/blogdobispo.com.br\/wp-content\/uploads\/2025\/02\/2b1f182e-3a34-4240-ac40-f3341efeb50c-1.jpg?resize=1536%2C1024&amp;ssl=1 1536w, https:\/\/i0.wp.com\/blogdobispo.com.br\/wp-content\/uploads\/2025\/02\/2b1f182e-3a34-4240-ac40-f3341efeb50c-1.jpg?w=2000&amp;ssl=1 2000w, https:\/\/i0.wp.com\/blogdobispo.com.br\/wp-content\/uploads\/2025\/02\/2b1f182e-3a34-4240-ac40-f3341efeb50c-1.jpg?w=1600 1600w\" sizes=\"(max-width: 800px) 100vw, 800px\" \/><\/figure>\n\n\n\n<p><\/p>\n\n\n\n<p>O vereador Pedro Henrique, foi anunciado como l\u00edder do Partido Progresssistas (PP) na C\u00e2mara Municipal de Natal. O jovem que est\u00e1 em seu primeiro mandato, assume uma importante fun\u00e7\u00e3o de articular a bancada do partido, que \u00e9 composta por mais tr\u00eas vereadores: Cl\u00e1udio Cust\u00f3dio, Daniel Santiago e o atual presidente da C\u00e2mara Municipal, \u00c9riko J\u00e1come.<\/p>\n\n\n\n<p>Pedro Henrique \u00e9 escoteiro, possui forte engajamento em movimentos jovens da Igreja Cat\u00f3lica e j\u00e1 atuou em alguns \u00f3rg\u00e3os p\u00fablicos em espa\u00e7os estrat\u00e9gicos. Atualmente, cursa Administra\u00e7\u00e3o P\u00fablica na Universidade Federal do Rio Grande do Norte (UFRN). Em seu mandato, o vereador tem defendido uma pol\u00edtica t\u00e9cnica, voltada para a excel\u00eancia na gest\u00e3o p\u00fablica.<\/p>\n\n\n\n<p>Ap\u00f3s ser anunciado como l\u00edder do partido, o vereador Pedro Henrique falou sobre a responsabilidade da fun\u00e7\u00e3o: <em>&#8220;\u00c9 uma miss\u00e3o de muita responsabilidade ser l\u00edder do Progressistas na C\u00e2mara Municipal de Natal, quero agradecer aos meus colegas de partido pela indica\u00e7\u00e3o, mesmo sendo o mais jovem da bancada. Temos parlamentares com grandes servi\u00e7os prestados em diversas \u00e1reas sociais, entre elas a sa\u00fade, pelo Presidente da C\u00e2mara, \u00c9riko J\u00e1come, a \u00e1rea da Educa\u00e7\u00e3o, pelo Vereador Professor Cl\u00e1udio Cust\u00f3dio e a bandeira do Autismo, liderada pelo Vereador Daniel Santiago&#8221;<\/em>, disse.<\/p>\n","protected":false},"excerpt":{"rendered":"<p>O vereador Pedro Henrique, foi anunciado como l\u00edder do Partido Progresssistas (PP) na C\u00e2mara Municipal de Natal. O jovem que est\u00e1 em seu primeiro mandato, assume uma importante fun\u00e7\u00e3o de articular a bancada do partido, que \u00e9 composta por mais tr\u00eas vereadores: Cl\u00e1udio Cust\u00f3dio, Daniel Santiago e o atual presidente da C\u00e2mara Municipal, \u00c9riko J\u00e1come. [&hellip;]<\/p>\n","protected":false},"author":1,"featured_media":0,"comment_status":"open","ping_status":"open","sticky":false,"template":"","format":"standard","meta":{"cybocfi_hide_featured_image":"","_jetpack_memberships_contains_paid_content":false,"footnotes":""},"categories":[1],"tags":[],"class_list":["post-4664","post","type-post","status-publish","format-standard","hentry","category-diversos"],"yoast_head":"<!-- This site is optimized with the Yoast SEO plugin v25.6 - https:\/\/yoast.com\/wordpress\/plugins\/seo\/ -->\n<title>Pedro Henrique assume lideran\u00e7a do Progressistas na C\u00e2mara Municipal de Natal - Blog do Bispo<\/title>\n<meta name=\"robots\" content=\"index, follow, max-snippet:-1, max-image-preview:large, max-video-preview:-1\" \/>\n<link rel=\"canonical\" href=\"https:\/\/blogdobispo.com.br\/?p=4664\" \/>\n<meta property=\"og:locale\" content=\"pt_BR\" \/>\n<meta property=\"og:type\" content=\"article\" \/>\n<meta property=\"og:title\" content=\"Pedro Henrique assume lideran\u00e7a do Progressistas na C\u00e2mara Municipal de Natal - Blog do Bispo\" \/>\n<meta property=\"og:description\" content=\"O vereador Pedro Henrique, foi anunciado como l\u00edder do Partido Progresssistas (PP) na C\u00e2mara Municipal de Natal. O jovem que est\u00e1 em seu primeiro mandato, assume uma importante fun\u00e7\u00e3o de articular a bancada do partido, que \u00e9 composta por mais tr\u00eas vereadores: Cl\u00e1udio Cust\u00f3dio, Daniel Santiago e o atual presidente da C\u00e2mara Municipal, \u00c9riko J\u00e1come. [&hellip;]\" \/>\n<meta property=\"og:url\" content=\"https:\/\/blogdobispo.com.br\/?p=4664\" \/>\n<meta property=\"og:site_name\" content=\"Blog do Bispo\" \/>\n<meta property=\"article:published_time\" content=\"2025-02-19T00:12:55+00:00\" \/>\n<meta property=\"og:image\" content=\"https:\/\/blogdobispo.com.br\/wp-content\/uploads\/2025\/02\/2b1f182e-3a34-4240-ac40-f3341efeb50c-1-1024x682.jpg\" \/>\n<meta name=\"author\" content=\"Jefferson Sterfeno\" \/>\n<meta name=\"twitter:card\" content=\"summary_large_image\" \/>\n<meta name=\"twitter:label1\" content=\"Escrito por\" \/>\n\t<meta name=\"twitter:data1\" content=\"Jefferson Sterfeno\" \/>\n\t<meta name=\"twitter:label2\" content=\"Est. tempo de leitura\" \/>\n\t<meta name=\"twitter:data2\" content=\"1 minuto\" \/>\n<script type=\"application\/ld+json\" class=\"yoast-schema-graph\">{\"@context\":\"https:\/\/schema.org\",\"@graph\":[{\"@type\":\"Article\",\"@id\":\"https:\/\/blogdobispo.com.br\/?p=4664#article\",\"isPartOf\":{\"@id\":\"https:\/\/blogdobispo.com.br\/?p=4664\"},\"author\":{\"name\":\"Jefferson Sterfeno\",\"@id\":\"https:\/\/blogdobispo.com.br\/#\/schema\/person\/e2209cc0e6cea5c5233d033e997b373f\"},\"headline\":\"Pedro Henrique assume lideran\u00e7a do Progressistas na C\u00e2mara Municipal de Natal\",\"datePublished\":\"2025-02-19T00:12:55+00:00\",\"mainEntityOfPage\":{\"@id\":\"https:\/\/blogdobispo.com.br\/?p=4664\"},\"wordCount\":240,\"commentCount\":0,\"publisher\":{\"@id\":\"https:\/\/blogdobispo.com.br\/#organization\"},\"image\":{\"@id\":\"https:\/\/blogdobispo.com.br\/?p=4664#primaryimage\"},\"thumbnailUrl\":\"https:\/\/blogdobispo.com.br\/wp-content\/uploads\/2025\/02\/2b1f182e-3a34-4240-ac40-f3341efeb50c-1-1024x682.jpg\",\"articleSection\":[\"diversos\"],\"inLanguage\":\"pt-BR\",\"potentialAction\":[{\"@type\":\"CommentAction\",\"name\":\"Comment\",\"target\":[\"https:\/\/blogdobispo.com.br\/?p=4664#respond\"]}]},{\"@type\":\"WebPage\",\"@id\":\"https:\/\/blogdobispo.com.br\/?p=4664\",\"url\":\"https:\/\/blogdobispo.com.br\/?p=4664\",\"name\":\"Pedro Henrique assume lideran\u00e7a do Progressistas na C\u00e2mara Municipal de Natal - Blog do Bispo\",\"isPartOf\":{\"@id\":\"https:\/\/blogdobispo.com.br\/#website\"},\"primaryImageOfPage\":{\"@id\":\"https:\/\/blogdobispo.com.br\/?p=4664#primaryimage\"},\"image\":{\"@id\":\"https:\/\/blogdobispo.com.br\/?p=4664#primaryimage\"},\"thumbnailUrl\":\"https:\/\/blogdobispo.com.br\/wp-content\/uploads\/2025\/02\/2b1f182e-3a34-4240-ac40-f3341efeb50c-1-1024x682.jpg\",\"datePublished\":\"2025-02-19T00:12:55+00:00\",\"breadcrumb\":{\"@id\":\"https:\/\/blogdobispo.com.br\/?p=4664#breadcrumb\"},\"inLanguage\":\"pt-BR\",\"potentialAction\":[{\"@type\":\"ReadAction\",\"target\":[\"https:\/\/blogdobispo.com.br\/?p=4664\"]}]},{\"@type\":\"ImageObject\",\"inLanguage\":\"pt-BR\",\"@id\":\"https:\/\/blogdobispo.com.br\/?p=4664#primaryimage\",\"url\":\"https:\/\/blogdobispo.com.br\/wp-content\/uploads\/2025\/02\/2b1f182e-3a34-4240-ac40-f3341efeb50c-1-1024x682.jpg\",\"contentUrl\":\"https:\/\/blogdobispo.com.br\/wp-content\/uploads\/2025\/02\/2b1f182e-3a34-4240-ac40-f3341efeb50c-1-1024x682.jpg\"},{\"@type\":\"BreadcrumbList\",\"@id\":\"https:\/\/blogdobispo.com.br\/?p=4664#breadcrumb\",\"itemListElement\":[{\"@type\":\"ListItem\",\"position\":1,\"name\":\"In\u00edcio\",\"item\":\"https:\/\/blogdobispo.com.br\/\"},{\"@type\":\"ListItem\",\"position\":2,\"name\":\"Pedro Henrique assume lideran\u00e7a do Progressistas na C\u00e2mara Municipal de Natal\"}]},{\"@type\":\"WebSite\",\"@id\":\"https:\/\/blogdobispo.com.br\/#website\",\"url\":\"https:\/\/blogdobispo.com.br\/\",\"name\":\"Blog do Bispo\",\"description\":\"Comprometido apenas com o leitor\",\"publisher\":{\"@id\":\"https:\/\/blogdobispo.com.br\/#organization\"},\"potentialAction\":[{\"@type\":\"SearchAction\",\"target\":{\"@type\":\"EntryPoint\",\"urlTemplate\":\"https:\/\/blogdobispo.com.br\/?s={search_term_string}\"},\"query-input\":{\"@type\":\"PropertyValueSpecification\",\"valueRequired\":true,\"valueName\":\"search_term_string\"}}],\"inLanguage\":\"pt-BR\"},{\"@type\":\"Organization\",\"@id\":\"https:\/\/blogdobispo.com.br\/#organization\",\"name\":\"Blog do Bispo\",\"url\":\"https:\/\/blogdobispo.com.br\/\",\"logo\":{\"@type\":\"ImageObject\",\"inLanguage\":\"pt-BR\",\"@id\":\"https:\/\/blogdobispo.com.br\/#\/schema\/logo\/image\/\",\"url\":\"http:\/\/blogdobispo.com.br\/wp-content\/uploads\/2023\/05\/cropped-headear.png\",\"contentUrl\":\"http:\/\/blogdobispo.com.br\/wp-content\/uploads\/2023\/05\/cropped-headear.png\",\"width\":1500,\"height\":399,\"caption\":\"Blog do Bispo\"},\"image\":{\"@id\":\"https:\/\/blogdobispo.com.br\/#\/schema\/logo\/image\/\"}},{\"@type\":\"Person\",\"@id\":\"https:\/\/blogdobispo.com.br\/#\/schema\/person\/e2209cc0e6cea5c5233d033e997b373f\",\"name\":\"Jefferson Sterfeno\",\"image\":{\"@type\":\"ImageObject\",\"inLanguage\":\"pt-BR\",\"@id\":\"https:\/\/blogdobispo.com.br\/#\/schema\/person\/image\/\",\"url\":\"https:\/\/secure.gravatar.com\/avatar\/0534e84764641168a677026b6d57a3f51dc7ac4db0b4f6186d9cb330d4ee1160?s=96&d=mm&r=g\",\"contentUrl\":\"https:\/\/secure.gravatar.com\/avatar\/0534e84764641168a677026b6d57a3f51dc7ac4db0b4f6186d9cb330d4ee1160?s=96&d=mm&r=g\",\"caption\":\"Jefferson Sterfeno\"},\"sameAs\":[\"http:\/\/blogdobispo.com.br\"],\"url\":\"https:\/\/blogdobispo.com.br\/?author=1\"}]}<\/script>\n<!-- \/ Yoast SEO plugin. -->","yoast_head_json":{"title":"Pedro Henrique assume lideran\u00e7a do Progressistas na C\u00e2mara Municipal de Natal - Blog do Bispo","robots":{"index":"index","follow":"follow","max-snippet":"max-snippet:-1","max-image-preview":"max-image-preview:large","max-video-preview":"max-video-preview:-1"},"canonical":"https:\/\/blogdobispo.com.br\/?p=4664","og_locale":"pt_BR","og_type":"article","og_title":"Pedro Henrique assume lideran\u00e7a do Progressistas na C\u00e2mara Municipal de Natal - Blog do Bispo","og_description":"O vereador Pedro Henrique, foi anunciado como l\u00edder do Partido Progresssistas (PP) na C\u00e2mara Municipal de Natal. O jovem que est\u00e1 em seu primeiro mandato, assume uma importante fun\u00e7\u00e3o de articular a bancada do partido, que \u00e9 composta por mais tr\u00eas vereadores: Cl\u00e1udio Cust\u00f3dio, Daniel Santiago e o atual presidente da C\u00e2mara Municipal, \u00c9riko J\u00e1come. [&hellip;]","og_url":"https:\/\/blogdobispo.com.br\/?p=4664","og_site_name":"Blog do Bispo","article_published_time":"2025-02-19T00:12:55+00:00","og_image":[{"url":"https:\/\/blogdobispo.com.br\/wp-content\/uploads\/2025\/02\/2b1f182e-3a34-4240-ac40-f3341efeb50c-1-1024x682.jpg","type":"","width":"","height":""}],"author":"Jefferson Sterfeno","twitter_card":"summary_large_image","twitter_misc":{"Escrito por":"Jefferson Sterfeno","Est. tempo de leitura":"1 minuto"},"schema":{"@context":"https:\/\/schema.org","@graph":[{"@type":"Article","@id":"https:\/\/blogdobispo.com.br\/?p=4664#article","isPartOf":{"@id":"https:\/\/blogdobispo.com.br\/?p=4664"},"author":{"name":"Jefferson Sterfeno","@id":"https:\/\/blogdobispo.com.br\/#\/schema\/person\/e2209cc0e6cea5c5233d033e997b373f"},"headline":"Pedro Henrique assume lideran\u00e7a do Progressistas na C\u00e2mara Municipal de Natal","datePublished":"2025-02-19T00:12:55+00:00","mainEntityOfPage":{"@id":"https:\/\/blogdobispo.com.br\/?p=4664"},"wordCount":240,"commentCount":0,"publisher":{"@id":"https:\/\/blogdobispo.com.br\/#organization"},"image":{"@id":"https:\/\/blogdobispo.com.br\/?p=4664#primaryimage"},"thumbnailUrl":"https:\/\/blogdobispo.com.br\/wp-content\/uploads\/2025\/02\/2b1f182e-3a34-4240-ac40-f3341efeb50c-1-1024x682.jpg","articleSection":["diversos"],"inLanguage":"pt-BR","potentialAction":[{"@type":"CommentAction","name":"Comment","target":["https:\/\/blogdobispo.com.br\/?p=4664#respond"]}]},{"@type":"WebPage","@id":"https:\/\/blogdobispo.com.br\/?p=4664","url":"https:\/\/blogdobispo.com.br\/?p=4664","name":"Pedro Henrique assume lideran\u00e7a do Progressistas na C\u00e2mara Municipal de Natal - Blog do Bispo","isPartOf":{"@id":"https:\/\/blogdobispo.com.br\/#website"},"primaryImageOfPage":{"@id":"https:\/\/blogdobispo.com.br\/?p=4664#primaryimage"},"image":{"@id":"https:\/\/blogdobispo.com.br\/?p=4664#primaryimage"},"thumbnailUrl":"https:\/\/blogdobispo.com.br\/wp-content\/uploads\/2025\/02\/2b1f182e-3a34-4240-ac40-f3341efeb50c-1-1024x682.jpg","datePublished":"2025-02-19T00:12:55+00:00","breadcrumb":{"@id":"https:\/\/blogdobispo.com.br\/?p=4664#breadcrumb"},"inLanguage":"pt-BR","potentialAction":[{"@type":"ReadAction","target":["https:\/\/blogdobispo.com.br\/?p=4664"]}]},{"@type":"ImageObject","inLanguage":"pt-BR","@id":"https:\/\/blogdobispo.com.br\/?p=4664#primaryimage","url":"https:\/\/blogdobispo.com.br\/wp-content\/uploads\/2025\/02\/2b1f182e-3a34-4240-ac40-f3341efeb50c-1-1024x682.jpg","contentUrl":"https:\/\/blogdobispo.com.br\/wp-content\/uploads\/2025\/02\/2b1f182e-3a34-4240-ac40-f3341efeb50c-1-1024x682.jpg"},{"@type":"BreadcrumbList","@id":"https:\/\/blogdobispo.com.br\/?p=4664#breadcrumb","itemListElement":[{"@type":"ListItem","position":1,"name":"In\u00edcio","item":"https:\/\/blogdobispo.com.br\/"},{"@type":"ListItem","position":2,"name":"Pedro Henrique assume lideran\u00e7a do Progressistas na C\u00e2mara Municipal de Natal"}]},{"@type":"WebSite","@id":"https:\/\/blogdobispo.com.br\/#website","url":"https:\/\/blogdobispo.com.br\/","name":"Blog do Bispo","description":"Comprometido apenas com o leitor","publisher":{"@id":"https:\/\/blogdobispo.com.br\/#organization"},"potentialAction":[{"@type":"SearchAction","target":{"@type":"EntryPoint","urlTemplate":"https:\/\/blogdobispo.com.br\/?s={search_term_string}"},"query-input":{"@type":"PropertyValueSpecification","valueRequired":true,"valueName":"search_term_string"}}],"inLanguage":"pt-BR"},{"@type":"Organization","@id":"https:\/\/blogdobispo.com.br\/#organization","name":"Blog do Bispo","url":"https:\/\/blogdobispo.com.br\/","logo":{"@type":"ImageObject","inLanguage":"pt-BR","@id":"https:\/\/blogdobispo.com.br\/#\/schema\/logo\/image\/","url":"http:\/\/blogdobispo.com.br\/wp-content\/uploads\/2023\/05\/cropped-headear.png","contentUrl":"http:\/\/blogdobispo.com.br\/wp-content\/uploads\/2023\/05\/cropped-headear.png","width":1500,"height":399,"caption":"Blog do Bispo"},"image":{"@id":"https:\/\/blogdobispo.com.br\/#\/schema\/logo\/image\/"}},{"@type":"Person","@id":"https:\/\/blogdobispo.com.br\/#\/schema\/person\/e2209cc0e6cea5c5233d033e997b373f","name":"Jefferson Sterfeno","image":{"@type":"ImageObject","inLanguage":"pt-BR","@id":"https:\/\/blogdobispo.com.br\/#\/schema\/person\/image\/","url":"https:\/\/secure.gravatar.com\/avatar\/0534e84764641168a677026b6d57a3f51dc7ac4db0b4f6186d9cb330d4ee1160?s=96&d=mm&r=g","contentUrl":"https:\/\/secure.gravatar.com\/avatar\/0534e84764641168a677026b6d57a3f51dc7ac4db0b4f6186d9cb330d4ee1160?s=96&d=mm&r=g","caption":"Jefferson Sterfeno"},"sameAs":["http:\/\/blogdobispo.com.br"],"url":"https:\/\/blogdobispo.com.br\/?author=1"}]}},"featured_image_urls":{"full":"","thumbnail":"","medium":"","medium_large":"","large":"","1536x1536":"","2048x2048":""},"author_info":{"display_name":"Jefferson Sterfeno","author_link":"https:\/\/blogdobispo.com.br\/?author=1"},"category_info":"<a href=\"https:\/\/blogdobispo.com.br\/?cat=1\" rel=\"category\">diversos<\/a>","tag_info":"diversos","comment_count":"0","jetpack_featured_media_url":"","jetpack_sharing_enabled":true,"_links":{"self":[{"href":"https:\/\/blogdobispo.com.br\/index.php?rest_route=\/wp\/v2\/posts\/4664","targetHints":{"allow":["GET"]}}],"collection":[{"href":"https:\/\/blogdobispo.com.br\/index.php?rest_route=\/wp\/v2\/posts"}],"about":[{"href":"https:\/\/blogdobispo.com.br\/index.php?rest_route=\/wp\/v2\/types\/post"}],"author":[{"embeddable":true,"href":"https:\/\/blogdobispo.com.br\/index.php?rest_route=\/wp\/v2\/users\/1"}],"replies":[{"embeddable":true,"href":"https:\/\/blogdobispo.com.br\/index.php?rest_route=%2Fwp%2Fv2%2Fcomments&post=4664"}],"version-history":[{"count":0,"href":"https:\/\/blogdobispo.com.br\/index.php?rest_route=\/wp\/v2\/posts\/4664\/revisions"}],"wp:attachment":[{"href":"https:\/\/blogdobispo.com.br\/index.php?rest_route=%2Fwp%2Fv2%2Fmedia&parent=4664"}],"wp:term":[{"taxonomy":"category","embeddable":true,"href":"https:\/\/blogdobispo.com.br\/index.php?rest_route=%2Fwp%2Fv2%2Fcategories&post=4664"},{"taxonomy":"post_tag","embeddable":true,"href":"https:\/\/blogdobispo.com.br\/index.php?rest_route=%2Fwp%2Fv2%2Ftags&post=4664"}],"curies":[{"name":"wp","href":"https:\/\/api.w.org\/{rel}","templated":true}]}}