{"id":4655,"date":"2025-02-17T20:57:28","date_gmt":"2025-02-17T20:57:28","guid":{"rendered":"https:\/\/blogdobispo.com.br\/?p=4655"},"modified":"2025-02-17T20:57:28","modified_gmt":"2025-02-17T20:57:28","slug":"dom-leandro-inaugura-nova-loja-na-prudente-com-espaco-ampliado-e-promocao-com-pecas-a-partir-de-1-real","status":"publish","type":"post","link":"https:\/\/blogdobispo.com.br\/?p=4655","title":{"rendered":"Dom Leandro inaugura nova loja na Prudente com espa\u00e7o ampliado e promo\u00e7\u00e3o com pe\u00e7as a partir de 1 real"},"content":{"rendered":"\n<figure class=\"wp-block-image size-large\"><img data-recalc-dims=\"1\" fetchpriority=\"high\" decoding=\"async\" width=\"768\" height=\"1024\" src=\"https:\/\/i0.wp.com\/blogdobispo.com.br\/wp-content\/uploads\/2025\/02\/ccd18e64-d6dc-4b43-a97d-5b97e1595e56-1-768x1024.jpg?resize=768%2C1024&#038;ssl=1\" class=\"wp-image-4654\" srcset=\"https:\/\/i0.wp.com\/blogdobispo.com.br\/wp-content\/uploads\/2025\/02\/ccd18e64-d6dc-4b43-a97d-5b97e1595e56-1.jpg?resize=768%2C1024&amp;ssl=1 768w, https:\/\/i0.wp.com\/blogdobispo.com.br\/wp-content\/uploads\/2025\/02\/ccd18e64-d6dc-4b43-a97d-5b97e1595e56-1.jpg?resize=225%2C300&amp;ssl=1 225w, https:\/\/i0.wp.com\/blogdobispo.com.br\/wp-content\/uploads\/2025\/02\/ccd18e64-d6dc-4b43-a97d-5b97e1595e56-1.jpg?resize=1152%2C1536&amp;ssl=1 1152w, https:\/\/i0.wp.com\/blogdobispo.com.br\/wp-content\/uploads\/2025\/02\/ccd18e64-d6dc-4b43-a97d-5b97e1595e56-1.jpg?resize=1024%2C1365&amp;ssl=1 1024w, https:\/\/i0.wp.com\/blogdobispo.com.br\/wp-content\/uploads\/2025\/02\/ccd18e64-d6dc-4b43-a97d-5b97e1595e56-1.jpg?w=1200&amp;ssl=1 1200w\" sizes=\"(max-width: 768px) 100vw, 768px\" \/><\/figure>\n\n\n\n<p><\/p>\n\n\n\n<p>A Dom Leandro, refer\u00eancia em moda social masculina em Natal, cresceu e agora est\u00e1 de casa nova. Genuinamente potiguar, a marca especializada em ternos, costumes e toda a linha social masculina, inaugurou sua nova loja no s\u00e1bado (15), na Avenida Prudente de Morais, 6755, bairro de Candel\u00e1ria \u2013 ao lado da Peixada do Cumpadre (em frente \u00e0 delegacia).<\/p>\n\n\n\n<p>Com um espa\u00e7o tr\u00eas vezes maior, a nova unidade chega para proporcionar uma experi\u00eancia ainda mais completa e premium aos clientes, com novos lan\u00e7amentos e pe\u00e7as de alt\u00edssima qualidade. O compromisso da Dom Leandro segue o mesmo: oferecer roupas sociais com padr\u00e3o das grandes marcas, mas a um pre\u00e7o justo.<\/p>\n\n\n\n<p>Para celebrar essa nova fase, a loja preparou uma promo\u00e7\u00e3o especial de inaugura\u00e7\u00e3o: na compra de tr\u00eas pe\u00e7as, a terceira (de menor valor) sai por apenas R$ 1. Uma oportunidade imperd\u00edvel para renovar o guarda-roupa com eleg\u00e2ncia e sofistica\u00e7\u00e3o.<\/p>\n\n\n\n<p>A Dom Leandro convida todos os clientes e apreciadores da moda social masculina para conhecer o novo espa\u00e7o e aproveitar essa condi\u00e7\u00e3o especial por tempo limitado.<\/p>\n\n\n\n<p>Mais informa\u00e7\u00f5es em instagram.com\/domleandrotie<\/p>\n","protected":false},"excerpt":{"rendered":"<p>A Dom Leandro, refer\u00eancia em moda social masculina em Natal, cresceu e agora est\u00e1 de casa nova. Genuinamente potiguar, a marca especializada em ternos, costumes e toda a linha social masculina, inaugurou sua nova loja no s\u00e1bado (15), na Avenida Prudente de Morais, 6755, bairro de Candel\u00e1ria \u2013 ao lado da Peixada do Cumpadre (em [&hellip;]<\/p>\n","protected":false},"author":1,"featured_media":0,"comment_status":"open","ping_status":"open","sticky":false,"template":"","format":"standard","meta":{"cybocfi_hide_featured_image":"","_jetpack_memberships_contains_paid_content":false,"footnotes":""},"categories":[1],"tags":[],"class_list":["post-4655","post","type-post","status-publish","format-standard","hentry","category-diversos"],"yoast_head":"<!-- This site is optimized with the Yoast SEO plugin v25.6 - https:\/\/yoast.com\/wordpress\/plugins\/seo\/ -->\n<title>Dom Leandro inaugura nova loja na Prudente com espa\u00e7o ampliado e promo\u00e7\u00e3o com pe\u00e7as a partir de 1 real - Blog do Bispo<\/title>\n<meta name=\"robots\" content=\"index, follow, max-snippet:-1, max-image-preview:large, max-video-preview:-1\" \/>\n<link rel=\"canonical\" href=\"https:\/\/blogdobispo.com.br\/?p=4655\" \/>\n<meta property=\"og:locale\" content=\"pt_BR\" \/>\n<meta property=\"og:type\" content=\"article\" \/>\n<meta property=\"og:title\" content=\"Dom Leandro inaugura nova loja na Prudente com espa\u00e7o ampliado e promo\u00e7\u00e3o com pe\u00e7as a partir de 1 real - Blog do Bispo\" \/>\n<meta property=\"og:description\" content=\"A Dom Leandro, refer\u00eancia em moda social masculina em Natal, cresceu e agora est\u00e1 de casa nova. Genuinamente potiguar, a marca especializada em ternos, costumes e toda a linha social masculina, inaugurou sua nova loja no s\u00e1bado (15), na Avenida Prudente de Morais, 6755, bairro de Candel\u00e1ria \u2013 ao lado da Peixada do Cumpadre (em [&hellip;]\" \/>\n<meta property=\"og:url\" content=\"https:\/\/blogdobispo.com.br\/?p=4655\" \/>\n<meta property=\"og:site_name\" content=\"Blog do Bispo\" \/>\n<meta property=\"article:published_time\" content=\"2025-02-17T20:57:28+00:00\" \/>\n<meta property=\"og:image\" content=\"https:\/\/blogdobispo.com.br\/wp-content\/uploads\/2025\/02\/ccd18e64-d6dc-4b43-a97d-5b97e1595e56-1-768x1024.jpg\" \/>\n<meta name=\"author\" content=\"Jefferson Sterfeno\" \/>\n<meta name=\"twitter:card\" content=\"summary_large_image\" \/>\n<meta name=\"twitter:label1\" content=\"Escrito por\" \/>\n\t<meta name=\"twitter:data1\" content=\"Jefferson Sterfeno\" \/>\n\t<meta name=\"twitter:label2\" content=\"Est. tempo de leitura\" \/>\n\t<meta name=\"twitter:data2\" content=\"1 minuto\" \/>\n<script type=\"application\/ld+json\" class=\"yoast-schema-graph\">{\"@context\":\"https:\/\/schema.org\",\"@graph\":[{\"@type\":\"Article\",\"@id\":\"https:\/\/blogdobispo.com.br\/?p=4655#article\",\"isPartOf\":{\"@id\":\"https:\/\/blogdobispo.com.br\/?p=4655\"},\"author\":{\"name\":\"Jefferson Sterfeno\",\"@id\":\"https:\/\/blogdobispo.com.br\/#\/schema\/person\/e2209cc0e6cea5c5233d033e997b373f\"},\"headline\":\"Dom Leandro inaugura nova loja na Prudente com espa\u00e7o ampliado e promo\u00e7\u00e3o com pe\u00e7as a partir de 1 real\",\"datePublished\":\"2025-02-17T20:57:28+00:00\",\"mainEntityOfPage\":{\"@id\":\"https:\/\/blogdobispo.com.br\/?p=4655\"},\"wordCount\":216,\"commentCount\":0,\"publisher\":{\"@id\":\"https:\/\/blogdobispo.com.br\/#organization\"},\"image\":{\"@id\":\"https:\/\/blogdobispo.com.br\/?p=4655#primaryimage\"},\"thumbnailUrl\":\"https:\/\/blogdobispo.com.br\/wp-content\/uploads\/2025\/02\/ccd18e64-d6dc-4b43-a97d-5b97e1595e56-1-768x1024.jpg\",\"articleSection\":[\"diversos\"],\"inLanguage\":\"pt-BR\",\"potentialAction\":[{\"@type\":\"CommentAction\",\"name\":\"Comment\",\"target\":[\"https:\/\/blogdobispo.com.br\/?p=4655#respond\"]}]},{\"@type\":\"WebPage\",\"@id\":\"https:\/\/blogdobispo.com.br\/?p=4655\",\"url\":\"https:\/\/blogdobispo.com.br\/?p=4655\",\"name\":\"Dom Leandro inaugura nova loja na Prudente com espa\u00e7o ampliado e promo\u00e7\u00e3o com pe\u00e7as a partir de 1 real - Blog do Bispo\",\"isPartOf\":{\"@id\":\"https:\/\/blogdobispo.com.br\/#website\"},\"primaryImageOfPage\":{\"@id\":\"https:\/\/blogdobispo.com.br\/?p=4655#primaryimage\"},\"image\":{\"@id\":\"https:\/\/blogdobispo.com.br\/?p=4655#primaryimage\"},\"thumbnailUrl\":\"https:\/\/blogdobispo.com.br\/wp-content\/uploads\/2025\/02\/ccd18e64-d6dc-4b43-a97d-5b97e1595e56-1-768x1024.jpg\",\"datePublished\":\"2025-02-17T20:57:28+00:00\",\"breadcrumb\":{\"@id\":\"https:\/\/blogdobispo.com.br\/?p=4655#breadcrumb\"},\"inLanguage\":\"pt-BR\",\"potentialAction\":[{\"@type\":\"ReadAction\",\"target\":[\"https:\/\/blogdobispo.com.br\/?p=4655\"]}]},{\"@type\":\"ImageObject\",\"inLanguage\":\"pt-BR\",\"@id\":\"https:\/\/blogdobispo.com.br\/?p=4655#primaryimage\",\"url\":\"https:\/\/blogdobispo.com.br\/wp-content\/uploads\/2025\/02\/ccd18e64-d6dc-4b43-a97d-5b97e1595e56-1-768x1024.jpg\",\"contentUrl\":\"https:\/\/blogdobispo.com.br\/wp-content\/uploads\/2025\/02\/ccd18e64-d6dc-4b43-a97d-5b97e1595e56-1-768x1024.jpg\"},{\"@type\":\"BreadcrumbList\",\"@id\":\"https:\/\/blogdobispo.com.br\/?p=4655#breadcrumb\",\"itemListElement\":[{\"@type\":\"ListItem\",\"position\":1,\"name\":\"In\u00edcio\",\"item\":\"https:\/\/blogdobispo.com.br\/\"},{\"@type\":\"ListItem\",\"position\":2,\"name\":\"Dom Leandro inaugura nova loja na Prudente com espa\u00e7o ampliado e promo\u00e7\u00e3o com pe\u00e7as a partir de 1 real\"}]},{\"@type\":\"WebSite\",\"@id\":\"https:\/\/blogdobispo.com.br\/#website\",\"url\":\"https:\/\/blogdobispo.com.br\/\",\"name\":\"Blog do Bispo\",\"description\":\"Comprometido apenas com o leitor\",\"publisher\":{\"@id\":\"https:\/\/blogdobispo.com.br\/#organization\"},\"potentialAction\":[{\"@type\":\"SearchAction\",\"target\":{\"@type\":\"EntryPoint\",\"urlTemplate\":\"https:\/\/blogdobispo.com.br\/?s={search_term_string}\"},\"query-input\":{\"@type\":\"PropertyValueSpecification\",\"valueRequired\":true,\"valueName\":\"search_term_string\"}}],\"inLanguage\":\"pt-BR\"},{\"@type\":\"Organization\",\"@id\":\"https:\/\/blogdobispo.com.br\/#organization\",\"name\":\"Blog do Bispo\",\"url\":\"https:\/\/blogdobispo.com.br\/\",\"logo\":{\"@type\":\"ImageObject\",\"inLanguage\":\"pt-BR\",\"@id\":\"https:\/\/blogdobispo.com.br\/#\/schema\/logo\/image\/\",\"url\":\"http:\/\/blogdobispo.com.br\/wp-content\/uploads\/2023\/05\/cropped-headear.png\",\"contentUrl\":\"http:\/\/blogdobispo.com.br\/wp-content\/uploads\/2023\/05\/cropped-headear.png\",\"width\":1500,\"height\":399,\"caption\":\"Blog do Bispo\"},\"image\":{\"@id\":\"https:\/\/blogdobispo.com.br\/#\/schema\/logo\/image\/\"}},{\"@type\":\"Person\",\"@id\":\"https:\/\/blogdobispo.com.br\/#\/schema\/person\/e2209cc0e6cea5c5233d033e997b373f\",\"name\":\"Jefferson Sterfeno\",\"image\":{\"@type\":\"ImageObject\",\"inLanguage\":\"pt-BR\",\"@id\":\"https:\/\/blogdobispo.com.br\/#\/schema\/person\/image\/\",\"url\":\"https:\/\/secure.gravatar.com\/avatar\/0534e84764641168a677026b6d57a3f51dc7ac4db0b4f6186d9cb330d4ee1160?s=96&d=mm&r=g\",\"contentUrl\":\"https:\/\/secure.gravatar.com\/avatar\/0534e84764641168a677026b6d57a3f51dc7ac4db0b4f6186d9cb330d4ee1160?s=96&d=mm&r=g\",\"caption\":\"Jefferson Sterfeno\"},\"sameAs\":[\"http:\/\/blogdobispo.com.br\"],\"url\":\"https:\/\/blogdobispo.com.br\/?author=1\"}]}<\/script>\n<!-- \/ Yoast SEO plugin. -->","yoast_head_json":{"title":"Dom Leandro inaugura nova loja na Prudente com espa\u00e7o ampliado e promo\u00e7\u00e3o com pe\u00e7as a partir de 1 real - Blog do Bispo","robots":{"index":"index","follow":"follow","max-snippet":"max-snippet:-1","max-image-preview":"max-image-preview:large","max-video-preview":"max-video-preview:-1"},"canonical":"https:\/\/blogdobispo.com.br\/?p=4655","og_locale":"pt_BR","og_type":"article","og_title":"Dom Leandro inaugura nova loja na Prudente com espa\u00e7o ampliado e promo\u00e7\u00e3o com pe\u00e7as a partir de 1 real - Blog do Bispo","og_description":"A Dom Leandro, refer\u00eancia em moda social masculina em Natal, cresceu e agora est\u00e1 de casa nova. Genuinamente potiguar, a marca especializada em ternos, costumes e toda a linha social masculina, inaugurou sua nova loja no s\u00e1bado (15), na Avenida Prudente de Morais, 6755, bairro de Candel\u00e1ria \u2013 ao lado da Peixada do Cumpadre (em [&hellip;]","og_url":"https:\/\/blogdobispo.com.br\/?p=4655","og_site_name":"Blog do Bispo","article_published_time":"2025-02-17T20:57:28+00:00","og_image":[{"url":"https:\/\/blogdobispo.com.br\/wp-content\/uploads\/2025\/02\/ccd18e64-d6dc-4b43-a97d-5b97e1595e56-1-768x1024.jpg","type":"","width":"","height":""}],"author":"Jefferson Sterfeno","twitter_card":"summary_large_image","twitter_misc":{"Escrito por":"Jefferson Sterfeno","Est. tempo de leitura":"1 minuto"},"schema":{"@context":"https:\/\/schema.org","@graph":[{"@type":"Article","@id":"https:\/\/blogdobispo.com.br\/?p=4655#article","isPartOf":{"@id":"https:\/\/blogdobispo.com.br\/?p=4655"},"author":{"name":"Jefferson Sterfeno","@id":"https:\/\/blogdobispo.com.br\/#\/schema\/person\/e2209cc0e6cea5c5233d033e997b373f"},"headline":"Dom Leandro inaugura nova loja na Prudente com espa\u00e7o ampliado e promo\u00e7\u00e3o com pe\u00e7as a partir de 1 real","datePublished":"2025-02-17T20:57:28+00:00","mainEntityOfPage":{"@id":"https:\/\/blogdobispo.com.br\/?p=4655"},"wordCount":216,"commentCount":0,"publisher":{"@id":"https:\/\/blogdobispo.com.br\/#organization"},"image":{"@id":"https:\/\/blogdobispo.com.br\/?p=4655#primaryimage"},"thumbnailUrl":"https:\/\/blogdobispo.com.br\/wp-content\/uploads\/2025\/02\/ccd18e64-d6dc-4b43-a97d-5b97e1595e56-1-768x1024.jpg","articleSection":["diversos"],"inLanguage":"pt-BR","potentialAction":[{"@type":"CommentAction","name":"Comment","target":["https:\/\/blogdobispo.com.br\/?p=4655#respond"]}]},{"@type":"WebPage","@id":"https:\/\/blogdobispo.com.br\/?p=4655","url":"https:\/\/blogdobispo.com.br\/?p=4655","name":"Dom Leandro inaugura nova loja na Prudente com espa\u00e7o ampliado e promo\u00e7\u00e3o com pe\u00e7as a partir de 1 real - Blog do Bispo","isPartOf":{"@id":"https:\/\/blogdobispo.com.br\/#website"},"primaryImageOfPage":{"@id":"https:\/\/blogdobispo.com.br\/?p=4655#primaryimage"},"image":{"@id":"https:\/\/blogdobispo.com.br\/?p=4655#primaryimage"},"thumbnailUrl":"https:\/\/blogdobispo.com.br\/wp-content\/uploads\/2025\/02\/ccd18e64-d6dc-4b43-a97d-5b97e1595e56-1-768x1024.jpg","datePublished":"2025-02-17T20:57:28+00:00","breadcrumb":{"@id":"https:\/\/blogdobispo.com.br\/?p=4655#breadcrumb"},"inLanguage":"pt-BR","potentialAction":[{"@type":"ReadAction","target":["https:\/\/blogdobispo.com.br\/?p=4655"]}]},{"@type":"ImageObject","inLanguage":"pt-BR","@id":"https:\/\/blogdobispo.com.br\/?p=4655#primaryimage","url":"https:\/\/blogdobispo.com.br\/wp-content\/uploads\/2025\/02\/ccd18e64-d6dc-4b43-a97d-5b97e1595e56-1-768x1024.jpg","contentUrl":"https:\/\/blogdobispo.com.br\/wp-content\/uploads\/2025\/02\/ccd18e64-d6dc-4b43-a97d-5b97e1595e56-1-768x1024.jpg"},{"@type":"BreadcrumbList","@id":"https:\/\/blogdobispo.com.br\/?p=4655#breadcrumb","itemListElement":[{"@type":"ListItem","position":1,"name":"In\u00edcio","item":"https:\/\/blogdobispo.com.br\/"},{"@type":"ListItem","position":2,"name":"Dom Leandro inaugura nova loja na Prudente com espa\u00e7o ampliado e promo\u00e7\u00e3o com pe\u00e7as a partir de 1 real"}]},{"@type":"WebSite","@id":"https:\/\/blogdobispo.com.br\/#website","url":"https:\/\/blogdobispo.com.br\/","name":"Blog do Bispo","description":"Comprometido apenas com o leitor","publisher":{"@id":"https:\/\/blogdobispo.com.br\/#organization"},"potentialAction":[{"@type":"SearchAction","target":{"@type":"EntryPoint","urlTemplate":"https:\/\/blogdobispo.com.br\/?s={search_term_string}"},"query-input":{"@type":"PropertyValueSpecification","valueRequired":true,"valueName":"search_term_string"}}],"inLanguage":"pt-BR"},{"@type":"Organization","@id":"https:\/\/blogdobispo.com.br\/#organization","name":"Blog do Bispo","url":"https:\/\/blogdobispo.com.br\/","logo":{"@type":"ImageObject","inLanguage":"pt-BR","@id":"https:\/\/blogdobispo.com.br\/#\/schema\/logo\/image\/","url":"http:\/\/blogdobispo.com.br\/wp-content\/uploads\/2023\/05\/cropped-headear.png","contentUrl":"http:\/\/blogdobispo.com.br\/wp-content\/uploads\/2023\/05\/cropped-headear.png","width":1500,"height":399,"caption":"Blog do Bispo"},"image":{"@id":"https:\/\/blogdobispo.com.br\/#\/schema\/logo\/image\/"}},{"@type":"Person","@id":"https:\/\/blogdobispo.com.br\/#\/schema\/person\/e2209cc0e6cea5c5233d033e997b373f","name":"Jefferson Sterfeno","image":{"@type":"ImageObject","inLanguage":"pt-BR","@id":"https:\/\/blogdobispo.com.br\/#\/schema\/person\/image\/","url":"https:\/\/secure.gravatar.com\/avatar\/0534e84764641168a677026b6d57a3f51dc7ac4db0b4f6186d9cb330d4ee1160?s=96&d=mm&r=g","contentUrl":"https:\/\/secure.gravatar.com\/avatar\/0534e84764641168a677026b6d57a3f51dc7ac4db0b4f6186d9cb330d4ee1160?s=96&d=mm&r=g","caption":"Jefferson Sterfeno"},"sameAs":["http:\/\/blogdobispo.com.br"],"url":"https:\/\/blogdobispo.com.br\/?author=1"}]}},"featured_image_urls":{"full":"","thumbnail":"","medium":"","medium_large":"","large":"","1536x1536":"","2048x2048":""},"author_info":{"display_name":"Jefferson Sterfeno","author_link":"https:\/\/blogdobispo.com.br\/?author=1"},"category_info":"<a href=\"https:\/\/blogdobispo.com.br\/?cat=1\" rel=\"category\">diversos<\/a>","tag_info":"diversos","comment_count":"0","jetpack_featured_media_url":"","jetpack_sharing_enabled":true,"_links":{"self":[{"href":"https:\/\/blogdobispo.com.br\/index.php?rest_route=\/wp\/v2\/posts\/4655","targetHints":{"allow":["GET"]}}],"collection":[{"href":"https:\/\/blogdobispo.com.br\/index.php?rest_route=\/wp\/v2\/posts"}],"about":[{"href":"https:\/\/blogdobispo.com.br\/index.php?rest_route=\/wp\/v2\/types\/post"}],"author":[{"embeddable":true,"href":"https:\/\/blogdobispo.com.br\/index.php?rest_route=\/wp\/v2\/users\/1"}],"replies":[{"embeddable":true,"href":"https:\/\/blogdobispo.com.br\/index.php?rest_route=%2Fwp%2Fv2%2Fcomments&post=4655"}],"version-history":[{"count":0,"href":"https:\/\/blogdobispo.com.br\/index.php?rest_route=\/wp\/v2\/posts\/4655\/revisions"}],"wp:attachment":[{"href":"https:\/\/blogdobispo.com.br\/index.php?rest_route=%2Fwp%2Fv2%2Fmedia&parent=4655"}],"wp:term":[{"taxonomy":"category","embeddable":true,"href":"https:\/\/blogdobispo.com.br\/index.php?rest_route=%2Fwp%2Fv2%2Fcategories&post=4655"},{"taxonomy":"post_tag","embeddable":true,"href":"https:\/\/blogdobispo.com.br\/index.php?rest_route=%2Fwp%2Fv2%2Ftags&post=4655"}],"curies":[{"name":"wp","href":"https:\/\/api.w.org\/{rel}","templated":true}]}}