{"id":4643,"date":"2025-02-13T21:52:34","date_gmt":"2025-02-13T21:52:34","guid":{"rendered":"https:\/\/blogdobispo.com.br\/?p=4643"},"modified":"2025-02-13T21:52:34","modified_gmt":"2025-02-13T21:52:34","slug":"gestao-municipal-ja-instalou-quase-10-mil-luminarias-de-led-em-natal-neste-ano","status":"publish","type":"post","link":"https:\/\/blogdobispo.com.br\/?p=4643","title":{"rendered":"Gest\u00e3o municipal j\u00e1 instalou quase 10 mil lumin\u00e1rias de LED em Natal neste ano"},"content":{"rendered":"\n<figure class=\"wp-block-image size-large\"><img data-recalc-dims=\"1\" fetchpriority=\"high\" decoding=\"async\" width=\"800\" height=\"533\" src=\"https:\/\/i0.wp.com\/blogdobispo.com.br\/wp-content\/uploads\/2025\/02\/9ebb64f8-d3b6-4033-844a-f321afa7383d-1-1024x682.jpg?resize=800%2C533&#038;ssl=1\" class=\"wp-image-4642\" srcset=\"https:\/\/i0.wp.com\/blogdobispo.com.br\/wp-content\/uploads\/2025\/02\/9ebb64f8-d3b6-4033-844a-f321afa7383d-1.jpg?resize=1024%2C682&amp;ssl=1 1024w, https:\/\/i0.wp.com\/blogdobispo.com.br\/wp-content\/uploads\/2025\/02\/9ebb64f8-d3b6-4033-844a-f321afa7383d-1.jpg?resize=300%2C200&amp;ssl=1 300w, https:\/\/i0.wp.com\/blogdobispo.com.br\/wp-content\/uploads\/2025\/02\/9ebb64f8-d3b6-4033-844a-f321afa7383d-1.jpg?resize=768%2C512&amp;ssl=1 768w, https:\/\/i0.wp.com\/blogdobispo.com.br\/wp-content\/uploads\/2025\/02\/9ebb64f8-d3b6-4033-844a-f321afa7383d-1.jpg?resize=1536%2C1023&amp;ssl=1 1536w, https:\/\/i0.wp.com\/blogdobispo.com.br\/wp-content\/uploads\/2025\/02\/9ebb64f8-d3b6-4033-844a-f321afa7383d-1.jpg?w=1600&amp;ssl=1 1600w\" sizes=\"(max-width: 800px) 100vw, 800px\" \/><\/figure>\n\n\n\n<p><\/p>\n\n\n\n<p>O Parque de Ilumina\u00e7\u00e3o de Natal est\u00e1 sendo totalmente remodelado e modernizado pela gest\u00e3o municipal. A Prefeitura est\u00e1 executando a substitui\u00e7\u00e3o das l\u00e2mpadas tradicionais por equipamentos em LED importadas, que possuem alta capacidade de ilumina\u00e7\u00e3o, maior alcance e efici\u00eancia. At\u00e9 o momento Natal conta com 27.097 l\u00e2mpadas em led em toda a sua rede. S\u00f3 na administra\u00e7\u00e3o do prefeito Paulinho Freire j\u00e1 foram instaladas 9.706 lumin\u00e1rias deste tipo em todas as regi\u00f5es da capital potiguar.<\/p>\n\n\n\n<p>\u201cEsse \u00e9 um trabalho muito importante e que est\u00e1 avan\u00e7ando desde quando assumimos a Prefeitura. Estamos trazendo mais seguran\u00e7a, gerando qualidade de vida, valorizando os espa\u00e7os p\u00fablicos, promovendo ganhos ambientais e gerando economia de recursos p\u00fablicos, vez que a tecnologia em LED nos permite isso. Vamos avan\u00e7ar a cada dia para deixar Natal ainda mais bonita, segura e sustent\u00e1vel\u201d, destacou o prefeito Paulinho Freire.<\/p>\n\n\n\n<p>O servi\u00e7o de expans\u00e3o prev\u00ea a instala\u00e7\u00e3o de 70 mil pontos de ilumina\u00e7\u00e3o em LED por toda cidade. At\u00e9 o momento, 38,71% do parque de ilumina\u00e7\u00e3o de Natal j\u00e1 foi contemplado com a tecnologia. Todas as regi\u00f5es foram beneficiadas com o trabalho executado pela secretaria municipal de Servi\u00e7os Urbanos. No trabalho de expans\u00e3o, o \u00f3rg\u00e3o utiliza l\u00e2mpadas de 80, 150 e 200 watts: \u201cA equipe do nosso departamento de ilumina\u00e7\u00e3o visita os locais para observar as caracter\u00edsticas de cada via e a partir desse diagn\u00f3stico \u00e9 que definimos a pot\u00eancia das l\u00e2mpadas utilizadas\u201d, explica o titular da Semsur, Felipe Alves.<\/p>\n\n\n\n<p>O secret\u00e1rio informou que atualmente existem 23 equipes, trabalhando em tr\u00eas turnos diariamente na execu\u00e7\u00e3o do servi\u00e7o de moderniza\u00e7\u00e3o da rede p\u00fablica de ilumina\u00e7\u00e3o da cidade. A zona Norte \u00e9 a regi\u00e3o mais beneficiada com a expans\u00e3o. Felipe disse que nesta semana a Semsur est\u00e1 atuando nos bairros de Nossa Senhora da Apresenta\u00e7\u00e3o, Potengi, Paju\u00e7ara, Lagoa Azul, Lagoa Nova, Ponta Negra, Planalto, Ne\u00f3polis, Redinha, Capim Macio e Igap\u00f3 \u201cExiste muita demanda nessas regi\u00f5es. Estamos refor\u00e7ando o trabalho por l\u00e1\u201d, contou. Para a pr\u00f3xima semana, ele adiantou que j\u00e1 est\u00e1 no planejamento da secretaria alcan\u00e7ar novos bairros com a expans\u00e3o chegando no Alecrim, Bom Pastor, Felipe Camar\u00e3o e Rocas.<\/p>\n\n\n\n<p>Foto: Roberto Galhardo\/Semsur<\/p>\n","protected":false},"excerpt":{"rendered":"<p>O Parque de Ilumina\u00e7\u00e3o de Natal est\u00e1 sendo totalmente remodelado e modernizado pela gest\u00e3o municipal. A Prefeitura est\u00e1 executando a substitui\u00e7\u00e3o das l\u00e2mpadas tradicionais por equipamentos em LED importadas, que possuem alta capacidade de ilumina\u00e7\u00e3o, maior alcance e efici\u00eancia. At\u00e9 o momento Natal conta com 27.097 l\u00e2mpadas em led em toda a sua rede. S\u00f3 [&hellip;]<\/p>\n","protected":false},"author":1,"featured_media":0,"comment_status":"open","ping_status":"open","sticky":false,"template":"","format":"standard","meta":{"cybocfi_hide_featured_image":"","_jetpack_memberships_contains_paid_content":false,"footnotes":""},"categories":[1],"tags":[],"class_list":["post-4643","post","type-post","status-publish","format-standard","hentry","category-diversos"],"yoast_head":"<!-- This site is optimized with the Yoast SEO plugin v25.6 - https:\/\/yoast.com\/wordpress\/plugins\/seo\/ -->\n<title>Gest\u00e3o municipal j\u00e1 instalou quase 10 mil lumin\u00e1rias de LED em Natal neste ano - Blog do Bispo<\/title>\n<meta name=\"robots\" content=\"index, follow, max-snippet:-1, max-image-preview:large, max-video-preview:-1\" \/>\n<link rel=\"canonical\" href=\"https:\/\/blogdobispo.com.br\/?p=4643\" \/>\n<meta property=\"og:locale\" content=\"pt_BR\" \/>\n<meta property=\"og:type\" content=\"article\" \/>\n<meta property=\"og:title\" content=\"Gest\u00e3o municipal j\u00e1 instalou quase 10 mil lumin\u00e1rias de LED em Natal neste ano - Blog do Bispo\" \/>\n<meta property=\"og:description\" content=\"O Parque de Ilumina\u00e7\u00e3o de Natal est\u00e1 sendo totalmente remodelado e modernizado pela gest\u00e3o municipal. A Prefeitura est\u00e1 executando a substitui\u00e7\u00e3o das l\u00e2mpadas tradicionais por equipamentos em LED importadas, que possuem alta capacidade de ilumina\u00e7\u00e3o, maior alcance e efici\u00eancia. At\u00e9 o momento Natal conta com 27.097 l\u00e2mpadas em led em toda a sua rede. S\u00f3 [&hellip;]\" \/>\n<meta property=\"og:url\" content=\"https:\/\/blogdobispo.com.br\/?p=4643\" \/>\n<meta property=\"og:site_name\" content=\"Blog do Bispo\" \/>\n<meta property=\"article:published_time\" content=\"2025-02-13T21:52:34+00:00\" \/>\n<meta property=\"og:image\" content=\"https:\/\/blogdobispo.com.br\/wp-content\/uploads\/2025\/02\/9ebb64f8-d3b6-4033-844a-f321afa7383d-1-1024x682.jpg\" \/>\n<meta name=\"author\" content=\"Jefferson Sterfeno\" \/>\n<meta name=\"twitter:card\" content=\"summary_large_image\" \/>\n<meta name=\"twitter:label1\" content=\"Escrito por\" \/>\n\t<meta name=\"twitter:data1\" content=\"Jefferson Sterfeno\" \/>\n\t<meta name=\"twitter:label2\" content=\"Est. tempo de leitura\" \/>\n\t<meta name=\"twitter:data2\" content=\"2 minutos\" \/>\n<script type=\"application\/ld+json\" class=\"yoast-schema-graph\">{\"@context\":\"https:\/\/schema.org\",\"@graph\":[{\"@type\":\"Article\",\"@id\":\"https:\/\/blogdobispo.com.br\/?p=4643#article\",\"isPartOf\":{\"@id\":\"https:\/\/blogdobispo.com.br\/?p=4643\"},\"author\":{\"name\":\"Jefferson Sterfeno\",\"@id\":\"https:\/\/blogdobispo.com.br\/#\/schema\/person\/e2209cc0e6cea5c5233d033e997b373f\"},\"headline\":\"Gest\u00e3o municipal j\u00e1 instalou quase 10 mil lumin\u00e1rias de LED em Natal neste ano\",\"datePublished\":\"2025-02-13T21:52:34+00:00\",\"mainEntityOfPage\":{\"@id\":\"https:\/\/blogdobispo.com.br\/?p=4643\"},\"wordCount\":405,\"commentCount\":0,\"publisher\":{\"@id\":\"https:\/\/blogdobispo.com.br\/#organization\"},\"image\":{\"@id\":\"https:\/\/blogdobispo.com.br\/?p=4643#primaryimage\"},\"thumbnailUrl\":\"https:\/\/blogdobispo.com.br\/wp-content\/uploads\/2025\/02\/9ebb64f8-d3b6-4033-844a-f321afa7383d-1-1024x682.jpg\",\"articleSection\":[\"diversos\"],\"inLanguage\":\"pt-BR\",\"potentialAction\":[{\"@type\":\"CommentAction\",\"name\":\"Comment\",\"target\":[\"https:\/\/blogdobispo.com.br\/?p=4643#respond\"]}]},{\"@type\":\"WebPage\",\"@id\":\"https:\/\/blogdobispo.com.br\/?p=4643\",\"url\":\"https:\/\/blogdobispo.com.br\/?p=4643\",\"name\":\"Gest\u00e3o municipal j\u00e1 instalou quase 10 mil lumin\u00e1rias de LED em Natal neste ano - Blog do Bispo\",\"isPartOf\":{\"@id\":\"https:\/\/blogdobispo.com.br\/#website\"},\"primaryImageOfPage\":{\"@id\":\"https:\/\/blogdobispo.com.br\/?p=4643#primaryimage\"},\"image\":{\"@id\":\"https:\/\/blogdobispo.com.br\/?p=4643#primaryimage\"},\"thumbnailUrl\":\"https:\/\/blogdobispo.com.br\/wp-content\/uploads\/2025\/02\/9ebb64f8-d3b6-4033-844a-f321afa7383d-1-1024x682.jpg\",\"datePublished\":\"2025-02-13T21:52:34+00:00\",\"breadcrumb\":{\"@id\":\"https:\/\/blogdobispo.com.br\/?p=4643#breadcrumb\"},\"inLanguage\":\"pt-BR\",\"potentialAction\":[{\"@type\":\"ReadAction\",\"target\":[\"https:\/\/blogdobispo.com.br\/?p=4643\"]}]},{\"@type\":\"ImageObject\",\"inLanguage\":\"pt-BR\",\"@id\":\"https:\/\/blogdobispo.com.br\/?p=4643#primaryimage\",\"url\":\"https:\/\/blogdobispo.com.br\/wp-content\/uploads\/2025\/02\/9ebb64f8-d3b6-4033-844a-f321afa7383d-1-1024x682.jpg\",\"contentUrl\":\"https:\/\/blogdobispo.com.br\/wp-content\/uploads\/2025\/02\/9ebb64f8-d3b6-4033-844a-f321afa7383d-1-1024x682.jpg\"},{\"@type\":\"BreadcrumbList\",\"@id\":\"https:\/\/blogdobispo.com.br\/?p=4643#breadcrumb\",\"itemListElement\":[{\"@type\":\"ListItem\",\"position\":1,\"name\":\"In\u00edcio\",\"item\":\"https:\/\/blogdobispo.com.br\/\"},{\"@type\":\"ListItem\",\"position\":2,\"name\":\"Gest\u00e3o municipal j\u00e1 instalou quase 10 mil lumin\u00e1rias de LED em Natal neste ano\"}]},{\"@type\":\"WebSite\",\"@id\":\"https:\/\/blogdobispo.com.br\/#website\",\"url\":\"https:\/\/blogdobispo.com.br\/\",\"name\":\"Blog do Bispo\",\"description\":\"Comprometido apenas com o leitor\",\"publisher\":{\"@id\":\"https:\/\/blogdobispo.com.br\/#organization\"},\"potentialAction\":[{\"@type\":\"SearchAction\",\"target\":{\"@type\":\"EntryPoint\",\"urlTemplate\":\"https:\/\/blogdobispo.com.br\/?s={search_term_string}\"},\"query-input\":{\"@type\":\"PropertyValueSpecification\",\"valueRequired\":true,\"valueName\":\"search_term_string\"}}],\"inLanguage\":\"pt-BR\"},{\"@type\":\"Organization\",\"@id\":\"https:\/\/blogdobispo.com.br\/#organization\",\"name\":\"Blog do Bispo\",\"url\":\"https:\/\/blogdobispo.com.br\/\",\"logo\":{\"@type\":\"ImageObject\",\"inLanguage\":\"pt-BR\",\"@id\":\"https:\/\/blogdobispo.com.br\/#\/schema\/logo\/image\/\",\"url\":\"http:\/\/blogdobispo.com.br\/wp-content\/uploads\/2023\/05\/cropped-headear.png\",\"contentUrl\":\"http:\/\/blogdobispo.com.br\/wp-content\/uploads\/2023\/05\/cropped-headear.png\",\"width\":1500,\"height\":399,\"caption\":\"Blog do Bispo\"},\"image\":{\"@id\":\"https:\/\/blogdobispo.com.br\/#\/schema\/logo\/image\/\"}},{\"@type\":\"Person\",\"@id\":\"https:\/\/blogdobispo.com.br\/#\/schema\/person\/e2209cc0e6cea5c5233d033e997b373f\",\"name\":\"Jefferson Sterfeno\",\"image\":{\"@type\":\"ImageObject\",\"inLanguage\":\"pt-BR\",\"@id\":\"https:\/\/blogdobispo.com.br\/#\/schema\/person\/image\/\",\"url\":\"https:\/\/secure.gravatar.com\/avatar\/0534e84764641168a677026b6d57a3f51dc7ac4db0b4f6186d9cb330d4ee1160?s=96&d=mm&r=g\",\"contentUrl\":\"https:\/\/secure.gravatar.com\/avatar\/0534e84764641168a677026b6d57a3f51dc7ac4db0b4f6186d9cb330d4ee1160?s=96&d=mm&r=g\",\"caption\":\"Jefferson Sterfeno\"},\"sameAs\":[\"http:\/\/blogdobispo.com.br\"],\"url\":\"https:\/\/blogdobispo.com.br\/?author=1\"}]}<\/script>\n<!-- \/ Yoast SEO plugin. -->","yoast_head_json":{"title":"Gest\u00e3o municipal j\u00e1 instalou quase 10 mil lumin\u00e1rias de LED em Natal neste ano - Blog do Bispo","robots":{"index":"index","follow":"follow","max-snippet":"max-snippet:-1","max-image-preview":"max-image-preview:large","max-video-preview":"max-video-preview:-1"},"canonical":"https:\/\/blogdobispo.com.br\/?p=4643","og_locale":"pt_BR","og_type":"article","og_title":"Gest\u00e3o municipal j\u00e1 instalou quase 10 mil lumin\u00e1rias de LED em Natal neste ano - Blog do Bispo","og_description":"O Parque de Ilumina\u00e7\u00e3o de Natal est\u00e1 sendo totalmente remodelado e modernizado pela gest\u00e3o municipal. A Prefeitura est\u00e1 executando a substitui\u00e7\u00e3o das l\u00e2mpadas tradicionais por equipamentos em LED importadas, que possuem alta capacidade de ilumina\u00e7\u00e3o, maior alcance e efici\u00eancia. At\u00e9 o momento Natal conta com 27.097 l\u00e2mpadas em led em toda a sua rede. S\u00f3 [&hellip;]","og_url":"https:\/\/blogdobispo.com.br\/?p=4643","og_site_name":"Blog do Bispo","article_published_time":"2025-02-13T21:52:34+00:00","og_image":[{"url":"https:\/\/blogdobispo.com.br\/wp-content\/uploads\/2025\/02\/9ebb64f8-d3b6-4033-844a-f321afa7383d-1-1024x682.jpg","type":"","width":"","height":""}],"author":"Jefferson Sterfeno","twitter_card":"summary_large_image","twitter_misc":{"Escrito por":"Jefferson Sterfeno","Est. tempo de leitura":"2 minutos"},"schema":{"@context":"https:\/\/schema.org","@graph":[{"@type":"Article","@id":"https:\/\/blogdobispo.com.br\/?p=4643#article","isPartOf":{"@id":"https:\/\/blogdobispo.com.br\/?p=4643"},"author":{"name":"Jefferson Sterfeno","@id":"https:\/\/blogdobispo.com.br\/#\/schema\/person\/e2209cc0e6cea5c5233d033e997b373f"},"headline":"Gest\u00e3o municipal j\u00e1 instalou quase 10 mil lumin\u00e1rias de LED em Natal neste ano","datePublished":"2025-02-13T21:52:34+00:00","mainEntityOfPage":{"@id":"https:\/\/blogdobispo.com.br\/?p=4643"},"wordCount":405,"commentCount":0,"publisher":{"@id":"https:\/\/blogdobispo.com.br\/#organization"},"image":{"@id":"https:\/\/blogdobispo.com.br\/?p=4643#primaryimage"},"thumbnailUrl":"https:\/\/blogdobispo.com.br\/wp-content\/uploads\/2025\/02\/9ebb64f8-d3b6-4033-844a-f321afa7383d-1-1024x682.jpg","articleSection":["diversos"],"inLanguage":"pt-BR","potentialAction":[{"@type":"CommentAction","name":"Comment","target":["https:\/\/blogdobispo.com.br\/?p=4643#respond"]}]},{"@type":"WebPage","@id":"https:\/\/blogdobispo.com.br\/?p=4643","url":"https:\/\/blogdobispo.com.br\/?p=4643","name":"Gest\u00e3o municipal j\u00e1 instalou quase 10 mil lumin\u00e1rias de LED em Natal neste ano - Blog do Bispo","isPartOf":{"@id":"https:\/\/blogdobispo.com.br\/#website"},"primaryImageOfPage":{"@id":"https:\/\/blogdobispo.com.br\/?p=4643#primaryimage"},"image":{"@id":"https:\/\/blogdobispo.com.br\/?p=4643#primaryimage"},"thumbnailUrl":"https:\/\/blogdobispo.com.br\/wp-content\/uploads\/2025\/02\/9ebb64f8-d3b6-4033-844a-f321afa7383d-1-1024x682.jpg","datePublished":"2025-02-13T21:52:34+00:00","breadcrumb":{"@id":"https:\/\/blogdobispo.com.br\/?p=4643#breadcrumb"},"inLanguage":"pt-BR","potentialAction":[{"@type":"ReadAction","target":["https:\/\/blogdobispo.com.br\/?p=4643"]}]},{"@type":"ImageObject","inLanguage":"pt-BR","@id":"https:\/\/blogdobispo.com.br\/?p=4643#primaryimage","url":"https:\/\/blogdobispo.com.br\/wp-content\/uploads\/2025\/02\/9ebb64f8-d3b6-4033-844a-f321afa7383d-1-1024x682.jpg","contentUrl":"https:\/\/blogdobispo.com.br\/wp-content\/uploads\/2025\/02\/9ebb64f8-d3b6-4033-844a-f321afa7383d-1-1024x682.jpg"},{"@type":"BreadcrumbList","@id":"https:\/\/blogdobispo.com.br\/?p=4643#breadcrumb","itemListElement":[{"@type":"ListItem","position":1,"name":"In\u00edcio","item":"https:\/\/blogdobispo.com.br\/"},{"@type":"ListItem","position":2,"name":"Gest\u00e3o municipal j\u00e1 instalou quase 10 mil lumin\u00e1rias de LED em Natal neste ano"}]},{"@type":"WebSite","@id":"https:\/\/blogdobispo.com.br\/#website","url":"https:\/\/blogdobispo.com.br\/","name":"Blog do Bispo","description":"Comprometido apenas com o leitor","publisher":{"@id":"https:\/\/blogdobispo.com.br\/#organization"},"potentialAction":[{"@type":"SearchAction","target":{"@type":"EntryPoint","urlTemplate":"https:\/\/blogdobispo.com.br\/?s={search_term_string}"},"query-input":{"@type":"PropertyValueSpecification","valueRequired":true,"valueName":"search_term_string"}}],"inLanguage":"pt-BR"},{"@type":"Organization","@id":"https:\/\/blogdobispo.com.br\/#organization","name":"Blog do Bispo","url":"https:\/\/blogdobispo.com.br\/","logo":{"@type":"ImageObject","inLanguage":"pt-BR","@id":"https:\/\/blogdobispo.com.br\/#\/schema\/logo\/image\/","url":"http:\/\/blogdobispo.com.br\/wp-content\/uploads\/2023\/05\/cropped-headear.png","contentUrl":"http:\/\/blogdobispo.com.br\/wp-content\/uploads\/2023\/05\/cropped-headear.png","width":1500,"height":399,"caption":"Blog do Bispo"},"image":{"@id":"https:\/\/blogdobispo.com.br\/#\/schema\/logo\/image\/"}},{"@type":"Person","@id":"https:\/\/blogdobispo.com.br\/#\/schema\/person\/e2209cc0e6cea5c5233d033e997b373f","name":"Jefferson Sterfeno","image":{"@type":"ImageObject","inLanguage":"pt-BR","@id":"https:\/\/blogdobispo.com.br\/#\/schema\/person\/image\/","url":"https:\/\/secure.gravatar.com\/avatar\/0534e84764641168a677026b6d57a3f51dc7ac4db0b4f6186d9cb330d4ee1160?s=96&d=mm&r=g","contentUrl":"https:\/\/secure.gravatar.com\/avatar\/0534e84764641168a677026b6d57a3f51dc7ac4db0b4f6186d9cb330d4ee1160?s=96&d=mm&r=g","caption":"Jefferson Sterfeno"},"sameAs":["http:\/\/blogdobispo.com.br"],"url":"https:\/\/blogdobispo.com.br\/?author=1"}]}},"featured_image_urls":{"full":"","thumbnail":"","medium":"","medium_large":"","large":"","1536x1536":"","2048x2048":""},"author_info":{"display_name":"Jefferson Sterfeno","author_link":"https:\/\/blogdobispo.com.br\/?author=1"},"category_info":"<a href=\"https:\/\/blogdobispo.com.br\/?cat=1\" rel=\"category\">diversos<\/a>","tag_info":"diversos","comment_count":"0","jetpack_featured_media_url":"","jetpack_sharing_enabled":true,"_links":{"self":[{"href":"https:\/\/blogdobispo.com.br\/index.php?rest_route=\/wp\/v2\/posts\/4643","targetHints":{"allow":["GET"]}}],"collection":[{"href":"https:\/\/blogdobispo.com.br\/index.php?rest_route=\/wp\/v2\/posts"}],"about":[{"href":"https:\/\/blogdobispo.com.br\/index.php?rest_route=\/wp\/v2\/types\/post"}],"author":[{"embeddable":true,"href":"https:\/\/blogdobispo.com.br\/index.php?rest_route=\/wp\/v2\/users\/1"}],"replies":[{"embeddable":true,"href":"https:\/\/blogdobispo.com.br\/index.php?rest_route=%2Fwp%2Fv2%2Fcomments&post=4643"}],"version-history":[{"count":0,"href":"https:\/\/blogdobispo.com.br\/index.php?rest_route=\/wp\/v2\/posts\/4643\/revisions"}],"wp:attachment":[{"href":"https:\/\/blogdobispo.com.br\/index.php?rest_route=%2Fwp%2Fv2%2Fmedia&parent=4643"}],"wp:term":[{"taxonomy":"category","embeddable":true,"href":"https:\/\/blogdobispo.com.br\/index.php?rest_route=%2Fwp%2Fv2%2Fcategories&post=4643"},{"taxonomy":"post_tag","embeddable":true,"href":"https:\/\/blogdobispo.com.br\/index.php?rest_route=%2Fwp%2Fv2%2Ftags&post=4643"}],"curies":[{"name":"wp","href":"https:\/\/api.w.org\/{rel}","templated":true}]}}