{"id":4641,"date":"2025-02-13T21:48:40","date_gmt":"2025-02-13T21:48:40","guid":{"rendered":"https:\/\/blogdobispo.com.br\/?p=4641"},"modified":"2025-02-13T21:48:40","modified_gmt":"2025-02-13T21:48:40","slug":"vereadora-camila-mobiliza-forca-tarefa-para-acabar-com-ligacoes-clandestinas-em-rio-das-quintas","status":"publish","type":"post","link":"https:\/\/blogdobispo.com.br\/?p=4641","title":{"rendered":"Vereadora Camila mobiliza for\u00e7a-tarefa para acabar com liga\u00e7\u00f5es clandestinas em rio das Quintas"},"content":{"rendered":"\n<figure class=\"wp-block-image size-large\"><img data-recalc-dims=\"1\" fetchpriority=\"high\" decoding=\"async\" width=\"800\" height=\"876\" src=\"https:\/\/i0.wp.com\/blogdobispo.com.br\/wp-content\/uploads\/2025\/02\/d7ab6f98-0ea6-4acb-b2f5-56d1b56a31e8-1.jpg?resize=800%2C876&#038;ssl=1\" class=\"wp-image-4640\" srcset=\"https:\/\/i0.wp.com\/blogdobispo.com.br\/wp-content\/uploads\/2025\/02\/d7ab6f98-0ea6-4acb-b2f5-56d1b56a31e8-1.jpg?w=912&amp;ssl=1 912w, https:\/\/i0.wp.com\/blogdobispo.com.br\/wp-content\/uploads\/2025\/02\/d7ab6f98-0ea6-4acb-b2f5-56d1b56a31e8-1.jpg?resize=274%2C300&amp;ssl=1 274w, https:\/\/i0.wp.com\/blogdobispo.com.br\/wp-content\/uploads\/2025\/02\/d7ab6f98-0ea6-4acb-b2f5-56d1b56a31e8-1.jpg?resize=768%2C841&amp;ssl=1 768w\" sizes=\"(max-width: 800px) 100vw, 800px\" \/><\/figure>\n\n\n\n<p><\/p>\n\n\n\n<p>A vereadora Camila Ara\u00fajo est\u00e1 mobilizando uma for\u00e7a-tarefa para acabar com o despejo irregular de esgoto no Riacho das Lavadeiras, localizado entre os bairros das Quintas e o Bairro Nordeste, em Natal. Uma opera\u00e7\u00e3o conjunta foi realizada na manh\u00e3 desta quinta-feira (13) e contou com participa\u00e7\u00e3o da Caern, Semurb e Arsban.<\/p>\n\n\n\n<p>\u201cEsse rio h\u00e1 30 anos possibilitava mulheres lavarem roupas, por isso o nome Riacho das Lavadeiras. Elas lavavam os seus utens\u00edlios dom\u00e9sticos, pescavam, tiravam daqui a subsist\u00eancia. E \u00e9 uma tristeza a quantidade da contribui\u00e7\u00e3o de \u00e1guas servidas, de esgoto clandestino. Aqui transformou-se num esgoto a c\u00e9u aberto\u201d, assinalou.<\/p>\n\n\n\n<p>Para resolver a situa\u00e7\u00e3o, a Caern vai executar na regi\u00e3o o projeto \u201cSe Liga na Rede\u201d. A a\u00e7\u00e3o oferece liga\u00e7\u00e3o gratuita \u00e0 rede de esgotamento sanit\u00e1rio de im\u00f3veis pertencentes a fam\u00edlias em situa\u00e7\u00e3o de vulnerabilidade ou baixa renda.<\/p>\n\n\n\n<p>Al\u00e9m disso, ficou acertado que haver\u00e1 a intensifica\u00e7\u00e3o da fiscaliza\u00e7\u00e3o no curso inteiro do rio. \u201cO rio vem l\u00e1 de Nova Descoberta. De l\u00e1 para c\u00e1, ele vem recebendo contribui\u00e7\u00f5es de esgoto. Essa aqui \u00e9 s\u00f3 uma a\u00e7\u00e3o pontual. Mas existe outra a\u00e7\u00e3o l\u00e1 em Nova Descoberta e em outras \u00e1reas, como na comunidade Novo Horizonte. A ideia \u00e9, de l\u00e1 at\u00e9 aqui, a gente fazer a elimina\u00e7\u00e3o desses esgotos para o rio, para que o rio um dia, quem sabe, volte a ser limpo novamente\u201d, afirmou o analista de regula\u00e7\u00e3o Pedro J\u00fanior, da Arsban.<\/p>\n","protected":false},"excerpt":{"rendered":"<p>A vereadora Camila Ara\u00fajo est\u00e1 mobilizando uma for\u00e7a-tarefa para acabar com o despejo irregular de esgoto no Riacho das Lavadeiras, localizado entre os bairros das Quintas e o Bairro Nordeste, em Natal. Uma opera\u00e7\u00e3o conjunta foi realizada na manh\u00e3 desta quinta-feira (13) e contou com participa\u00e7\u00e3o da Caern, Semurb e Arsban. \u201cEsse rio h\u00e1 30 [&hellip;]<\/p>\n","protected":false},"author":1,"featured_media":0,"comment_status":"open","ping_status":"open","sticky":false,"template":"","format":"standard","meta":{"cybocfi_hide_featured_image":"","_jetpack_memberships_contains_paid_content":false,"footnotes":""},"categories":[1],"tags":[],"class_list":["post-4641","post","type-post","status-publish","format-standard","hentry","category-diversos"],"yoast_head":"<!-- This site is optimized with the Yoast SEO plugin v25.6 - https:\/\/yoast.com\/wordpress\/plugins\/seo\/ -->\n<title>Vereadora Camila mobiliza for\u00e7a-tarefa para acabar com liga\u00e7\u00f5es clandestinas em rio das Quintas - Blog do Bispo<\/title>\n<meta name=\"robots\" content=\"index, follow, max-snippet:-1, max-image-preview:large, max-video-preview:-1\" \/>\n<link rel=\"canonical\" href=\"https:\/\/blogdobispo.com.br\/?p=4641\" \/>\n<meta property=\"og:locale\" content=\"pt_BR\" \/>\n<meta property=\"og:type\" content=\"article\" \/>\n<meta property=\"og:title\" content=\"Vereadora Camila mobiliza for\u00e7a-tarefa para acabar com liga\u00e7\u00f5es clandestinas em rio das Quintas - Blog do Bispo\" \/>\n<meta property=\"og:description\" content=\"A vereadora Camila Ara\u00fajo est\u00e1 mobilizando uma for\u00e7a-tarefa para acabar com o despejo irregular de esgoto no Riacho das Lavadeiras, localizado entre os bairros das Quintas e o Bairro Nordeste, em Natal. Uma opera\u00e7\u00e3o conjunta foi realizada na manh\u00e3 desta quinta-feira (13) e contou com participa\u00e7\u00e3o da Caern, Semurb e Arsban. \u201cEsse rio h\u00e1 30 [&hellip;]\" \/>\n<meta property=\"og:url\" content=\"https:\/\/blogdobispo.com.br\/?p=4641\" \/>\n<meta property=\"og:site_name\" content=\"Blog do Bispo\" \/>\n<meta property=\"article:published_time\" content=\"2025-02-13T21:48:40+00:00\" \/>\n<meta property=\"og:image\" content=\"https:\/\/blogdobispo.com.br\/wp-content\/uploads\/2025\/02\/d7ab6f98-0ea6-4acb-b2f5-56d1b56a31e8-1.jpg\" \/>\n<meta name=\"author\" content=\"Jefferson Sterfeno\" \/>\n<meta name=\"twitter:card\" content=\"summary_large_image\" \/>\n<meta name=\"twitter:label1\" content=\"Escrito por\" \/>\n\t<meta name=\"twitter:data1\" content=\"Jefferson Sterfeno\" \/>\n\t<meta name=\"twitter:label2\" content=\"Est. tempo de leitura\" \/>\n\t<meta name=\"twitter:data2\" content=\"1 minuto\" \/>\n<script type=\"application\/ld+json\" class=\"yoast-schema-graph\">{\"@context\":\"https:\/\/schema.org\",\"@graph\":[{\"@type\":\"Article\",\"@id\":\"https:\/\/blogdobispo.com.br\/?p=4641#article\",\"isPartOf\":{\"@id\":\"https:\/\/blogdobispo.com.br\/?p=4641\"},\"author\":{\"name\":\"Jefferson Sterfeno\",\"@id\":\"https:\/\/blogdobispo.com.br\/#\/schema\/person\/e2209cc0e6cea5c5233d033e997b373f\"},\"headline\":\"Vereadora Camila mobiliza for\u00e7a-tarefa para acabar com liga\u00e7\u00f5es clandestinas em rio das Quintas\",\"datePublished\":\"2025-02-13T21:48:40+00:00\",\"mainEntityOfPage\":{\"@id\":\"https:\/\/blogdobispo.com.br\/?p=4641\"},\"wordCount\":268,\"commentCount\":0,\"publisher\":{\"@id\":\"https:\/\/blogdobispo.com.br\/#organization\"},\"image\":{\"@id\":\"https:\/\/blogdobispo.com.br\/?p=4641#primaryimage\"},\"thumbnailUrl\":\"https:\/\/blogdobispo.com.br\/wp-content\/uploads\/2025\/02\/d7ab6f98-0ea6-4acb-b2f5-56d1b56a31e8-1.jpg\",\"articleSection\":[\"diversos\"],\"inLanguage\":\"pt-BR\",\"potentialAction\":[{\"@type\":\"CommentAction\",\"name\":\"Comment\",\"target\":[\"https:\/\/blogdobispo.com.br\/?p=4641#respond\"]}]},{\"@type\":\"WebPage\",\"@id\":\"https:\/\/blogdobispo.com.br\/?p=4641\",\"url\":\"https:\/\/blogdobispo.com.br\/?p=4641\",\"name\":\"Vereadora Camila mobiliza for\u00e7a-tarefa para acabar com liga\u00e7\u00f5es clandestinas em rio das Quintas - Blog do Bispo\",\"isPartOf\":{\"@id\":\"https:\/\/blogdobispo.com.br\/#website\"},\"primaryImageOfPage\":{\"@id\":\"https:\/\/blogdobispo.com.br\/?p=4641#primaryimage\"},\"image\":{\"@id\":\"https:\/\/blogdobispo.com.br\/?p=4641#primaryimage\"},\"thumbnailUrl\":\"https:\/\/blogdobispo.com.br\/wp-content\/uploads\/2025\/02\/d7ab6f98-0ea6-4acb-b2f5-56d1b56a31e8-1.jpg\",\"datePublished\":\"2025-02-13T21:48:40+00:00\",\"breadcrumb\":{\"@id\":\"https:\/\/blogdobispo.com.br\/?p=4641#breadcrumb\"},\"inLanguage\":\"pt-BR\",\"potentialAction\":[{\"@type\":\"ReadAction\",\"target\":[\"https:\/\/blogdobispo.com.br\/?p=4641\"]}]},{\"@type\":\"ImageObject\",\"inLanguage\":\"pt-BR\",\"@id\":\"https:\/\/blogdobispo.com.br\/?p=4641#primaryimage\",\"url\":\"https:\/\/blogdobispo.com.br\/wp-content\/uploads\/2025\/02\/d7ab6f98-0ea6-4acb-b2f5-56d1b56a31e8-1.jpg\",\"contentUrl\":\"https:\/\/blogdobispo.com.br\/wp-content\/uploads\/2025\/02\/d7ab6f98-0ea6-4acb-b2f5-56d1b56a31e8-1.jpg\"},{\"@type\":\"BreadcrumbList\",\"@id\":\"https:\/\/blogdobispo.com.br\/?p=4641#breadcrumb\",\"itemListElement\":[{\"@type\":\"ListItem\",\"position\":1,\"name\":\"In\u00edcio\",\"item\":\"https:\/\/blogdobispo.com.br\/\"},{\"@type\":\"ListItem\",\"position\":2,\"name\":\"Vereadora Camila mobiliza for\u00e7a-tarefa para acabar com liga\u00e7\u00f5es clandestinas em rio das Quintas\"}]},{\"@type\":\"WebSite\",\"@id\":\"https:\/\/blogdobispo.com.br\/#website\",\"url\":\"https:\/\/blogdobispo.com.br\/\",\"name\":\"Blog do Bispo\",\"description\":\"Comprometido apenas com o leitor\",\"publisher\":{\"@id\":\"https:\/\/blogdobispo.com.br\/#organization\"},\"potentialAction\":[{\"@type\":\"SearchAction\",\"target\":{\"@type\":\"EntryPoint\",\"urlTemplate\":\"https:\/\/blogdobispo.com.br\/?s={search_term_string}\"},\"query-input\":{\"@type\":\"PropertyValueSpecification\",\"valueRequired\":true,\"valueName\":\"search_term_string\"}}],\"inLanguage\":\"pt-BR\"},{\"@type\":\"Organization\",\"@id\":\"https:\/\/blogdobispo.com.br\/#organization\",\"name\":\"Blog do Bispo\",\"url\":\"https:\/\/blogdobispo.com.br\/\",\"logo\":{\"@type\":\"ImageObject\",\"inLanguage\":\"pt-BR\",\"@id\":\"https:\/\/blogdobispo.com.br\/#\/schema\/logo\/image\/\",\"url\":\"http:\/\/blogdobispo.com.br\/wp-content\/uploads\/2023\/05\/cropped-headear.png\",\"contentUrl\":\"http:\/\/blogdobispo.com.br\/wp-content\/uploads\/2023\/05\/cropped-headear.png\",\"width\":1500,\"height\":399,\"caption\":\"Blog do Bispo\"},\"image\":{\"@id\":\"https:\/\/blogdobispo.com.br\/#\/schema\/logo\/image\/\"}},{\"@type\":\"Person\",\"@id\":\"https:\/\/blogdobispo.com.br\/#\/schema\/person\/e2209cc0e6cea5c5233d033e997b373f\",\"name\":\"Jefferson Sterfeno\",\"image\":{\"@type\":\"ImageObject\",\"inLanguage\":\"pt-BR\",\"@id\":\"https:\/\/blogdobispo.com.br\/#\/schema\/person\/image\/\",\"url\":\"https:\/\/secure.gravatar.com\/avatar\/0534e84764641168a677026b6d57a3f51dc7ac4db0b4f6186d9cb330d4ee1160?s=96&d=mm&r=g\",\"contentUrl\":\"https:\/\/secure.gravatar.com\/avatar\/0534e84764641168a677026b6d57a3f51dc7ac4db0b4f6186d9cb330d4ee1160?s=96&d=mm&r=g\",\"caption\":\"Jefferson Sterfeno\"},\"sameAs\":[\"http:\/\/blogdobispo.com.br\"],\"url\":\"https:\/\/blogdobispo.com.br\/?author=1\"}]}<\/script>\n<!-- \/ Yoast SEO plugin. -->","yoast_head_json":{"title":"Vereadora Camila mobiliza for\u00e7a-tarefa para acabar com liga\u00e7\u00f5es clandestinas em rio das Quintas - Blog do Bispo","robots":{"index":"index","follow":"follow","max-snippet":"max-snippet:-1","max-image-preview":"max-image-preview:large","max-video-preview":"max-video-preview:-1"},"canonical":"https:\/\/blogdobispo.com.br\/?p=4641","og_locale":"pt_BR","og_type":"article","og_title":"Vereadora Camila mobiliza for\u00e7a-tarefa para acabar com liga\u00e7\u00f5es clandestinas em rio das Quintas - Blog do Bispo","og_description":"A vereadora Camila Ara\u00fajo est\u00e1 mobilizando uma for\u00e7a-tarefa para acabar com o despejo irregular de esgoto no Riacho das Lavadeiras, localizado entre os bairros das Quintas e o Bairro Nordeste, em Natal. Uma opera\u00e7\u00e3o conjunta foi realizada na manh\u00e3 desta quinta-feira (13) e contou com participa\u00e7\u00e3o da Caern, Semurb e Arsban. \u201cEsse rio h\u00e1 30 [&hellip;]","og_url":"https:\/\/blogdobispo.com.br\/?p=4641","og_site_name":"Blog do Bispo","article_published_time":"2025-02-13T21:48:40+00:00","og_image":[{"url":"https:\/\/blogdobispo.com.br\/wp-content\/uploads\/2025\/02\/d7ab6f98-0ea6-4acb-b2f5-56d1b56a31e8-1.jpg","type":"","width":"","height":""}],"author":"Jefferson Sterfeno","twitter_card":"summary_large_image","twitter_misc":{"Escrito por":"Jefferson Sterfeno","Est. tempo de leitura":"1 minuto"},"schema":{"@context":"https:\/\/schema.org","@graph":[{"@type":"Article","@id":"https:\/\/blogdobispo.com.br\/?p=4641#article","isPartOf":{"@id":"https:\/\/blogdobispo.com.br\/?p=4641"},"author":{"name":"Jefferson Sterfeno","@id":"https:\/\/blogdobispo.com.br\/#\/schema\/person\/e2209cc0e6cea5c5233d033e997b373f"},"headline":"Vereadora Camila mobiliza for\u00e7a-tarefa para acabar com liga\u00e7\u00f5es clandestinas em rio das Quintas","datePublished":"2025-02-13T21:48:40+00:00","mainEntityOfPage":{"@id":"https:\/\/blogdobispo.com.br\/?p=4641"},"wordCount":268,"commentCount":0,"publisher":{"@id":"https:\/\/blogdobispo.com.br\/#organization"},"image":{"@id":"https:\/\/blogdobispo.com.br\/?p=4641#primaryimage"},"thumbnailUrl":"https:\/\/blogdobispo.com.br\/wp-content\/uploads\/2025\/02\/d7ab6f98-0ea6-4acb-b2f5-56d1b56a31e8-1.jpg","articleSection":["diversos"],"inLanguage":"pt-BR","potentialAction":[{"@type":"CommentAction","name":"Comment","target":["https:\/\/blogdobispo.com.br\/?p=4641#respond"]}]},{"@type":"WebPage","@id":"https:\/\/blogdobispo.com.br\/?p=4641","url":"https:\/\/blogdobispo.com.br\/?p=4641","name":"Vereadora Camila mobiliza for\u00e7a-tarefa para acabar com liga\u00e7\u00f5es clandestinas em rio das Quintas - Blog do Bispo","isPartOf":{"@id":"https:\/\/blogdobispo.com.br\/#website"},"primaryImageOfPage":{"@id":"https:\/\/blogdobispo.com.br\/?p=4641#primaryimage"},"image":{"@id":"https:\/\/blogdobispo.com.br\/?p=4641#primaryimage"},"thumbnailUrl":"https:\/\/blogdobispo.com.br\/wp-content\/uploads\/2025\/02\/d7ab6f98-0ea6-4acb-b2f5-56d1b56a31e8-1.jpg","datePublished":"2025-02-13T21:48:40+00:00","breadcrumb":{"@id":"https:\/\/blogdobispo.com.br\/?p=4641#breadcrumb"},"inLanguage":"pt-BR","potentialAction":[{"@type":"ReadAction","target":["https:\/\/blogdobispo.com.br\/?p=4641"]}]},{"@type":"ImageObject","inLanguage":"pt-BR","@id":"https:\/\/blogdobispo.com.br\/?p=4641#primaryimage","url":"https:\/\/blogdobispo.com.br\/wp-content\/uploads\/2025\/02\/d7ab6f98-0ea6-4acb-b2f5-56d1b56a31e8-1.jpg","contentUrl":"https:\/\/blogdobispo.com.br\/wp-content\/uploads\/2025\/02\/d7ab6f98-0ea6-4acb-b2f5-56d1b56a31e8-1.jpg"},{"@type":"BreadcrumbList","@id":"https:\/\/blogdobispo.com.br\/?p=4641#breadcrumb","itemListElement":[{"@type":"ListItem","position":1,"name":"In\u00edcio","item":"https:\/\/blogdobispo.com.br\/"},{"@type":"ListItem","position":2,"name":"Vereadora Camila mobiliza for\u00e7a-tarefa para acabar com liga\u00e7\u00f5es clandestinas em rio das Quintas"}]},{"@type":"WebSite","@id":"https:\/\/blogdobispo.com.br\/#website","url":"https:\/\/blogdobispo.com.br\/","name":"Blog do Bispo","description":"Comprometido apenas com o leitor","publisher":{"@id":"https:\/\/blogdobispo.com.br\/#organization"},"potentialAction":[{"@type":"SearchAction","target":{"@type":"EntryPoint","urlTemplate":"https:\/\/blogdobispo.com.br\/?s={search_term_string}"},"query-input":{"@type":"PropertyValueSpecification","valueRequired":true,"valueName":"search_term_string"}}],"inLanguage":"pt-BR"},{"@type":"Organization","@id":"https:\/\/blogdobispo.com.br\/#organization","name":"Blog do Bispo","url":"https:\/\/blogdobispo.com.br\/","logo":{"@type":"ImageObject","inLanguage":"pt-BR","@id":"https:\/\/blogdobispo.com.br\/#\/schema\/logo\/image\/","url":"http:\/\/blogdobispo.com.br\/wp-content\/uploads\/2023\/05\/cropped-headear.png","contentUrl":"http:\/\/blogdobispo.com.br\/wp-content\/uploads\/2023\/05\/cropped-headear.png","width":1500,"height":399,"caption":"Blog do Bispo"},"image":{"@id":"https:\/\/blogdobispo.com.br\/#\/schema\/logo\/image\/"}},{"@type":"Person","@id":"https:\/\/blogdobispo.com.br\/#\/schema\/person\/e2209cc0e6cea5c5233d033e997b373f","name":"Jefferson Sterfeno","image":{"@type":"ImageObject","inLanguage":"pt-BR","@id":"https:\/\/blogdobispo.com.br\/#\/schema\/person\/image\/","url":"https:\/\/secure.gravatar.com\/avatar\/0534e84764641168a677026b6d57a3f51dc7ac4db0b4f6186d9cb330d4ee1160?s=96&d=mm&r=g","contentUrl":"https:\/\/secure.gravatar.com\/avatar\/0534e84764641168a677026b6d57a3f51dc7ac4db0b4f6186d9cb330d4ee1160?s=96&d=mm&r=g","caption":"Jefferson Sterfeno"},"sameAs":["http:\/\/blogdobispo.com.br"],"url":"https:\/\/blogdobispo.com.br\/?author=1"}]}},"featured_image_urls":{"full":"","thumbnail":"","medium":"","medium_large":"","large":"","1536x1536":"","2048x2048":""},"author_info":{"display_name":"Jefferson Sterfeno","author_link":"https:\/\/blogdobispo.com.br\/?author=1"},"category_info":"<a href=\"https:\/\/blogdobispo.com.br\/?cat=1\" rel=\"category\">diversos<\/a>","tag_info":"diversos","comment_count":"0","jetpack_featured_media_url":"","jetpack_sharing_enabled":true,"_links":{"self":[{"href":"https:\/\/blogdobispo.com.br\/index.php?rest_route=\/wp\/v2\/posts\/4641","targetHints":{"allow":["GET"]}}],"collection":[{"href":"https:\/\/blogdobispo.com.br\/index.php?rest_route=\/wp\/v2\/posts"}],"about":[{"href":"https:\/\/blogdobispo.com.br\/index.php?rest_route=\/wp\/v2\/types\/post"}],"author":[{"embeddable":true,"href":"https:\/\/blogdobispo.com.br\/index.php?rest_route=\/wp\/v2\/users\/1"}],"replies":[{"embeddable":true,"href":"https:\/\/blogdobispo.com.br\/index.php?rest_route=%2Fwp%2Fv2%2Fcomments&post=4641"}],"version-history":[{"count":0,"href":"https:\/\/blogdobispo.com.br\/index.php?rest_route=\/wp\/v2\/posts\/4641\/revisions"}],"wp:attachment":[{"href":"https:\/\/blogdobispo.com.br\/index.php?rest_route=%2Fwp%2Fv2%2Fmedia&parent=4641"}],"wp:term":[{"taxonomy":"category","embeddable":true,"href":"https:\/\/blogdobispo.com.br\/index.php?rest_route=%2Fwp%2Fv2%2Fcategories&post=4641"},{"taxonomy":"post_tag","embeddable":true,"href":"https:\/\/blogdobispo.com.br\/index.php?rest_route=%2Fwp%2Fv2%2Ftags&post=4641"}],"curies":[{"name":"wp","href":"https:\/\/api.w.org\/{rel}","templated":true}]}}