{"id":4632,"date":"2025-02-13T03:10:38","date_gmt":"2025-02-13T03:10:38","guid":{"rendered":"https:\/\/blogdobispo.com.br\/?p=4632"},"modified":"2025-02-13T12:33:55","modified_gmt":"2025-02-13T12:33:55","slug":"iracy-azevedo-dar-o-recado-funcart-nao-foi-feita-para-fazer-festa","status":"publish","type":"post","link":"https:\/\/blogdobispo.com.br\/?p=4632","title":{"rendered":"Iracy Azevedo d\u00e1 o recado: \u201cFuncarte n\u00e3o foi feita para fazer festa\u201d"},"content":{"rendered":"\n<p>Um dos grandes acertos da nova gest\u00e3o Paulinho Freire se chama Iracy Azevedo. Em recente entrevista a r\u00e1dio 98 FM, Iracy foi direta e objetiva ao afirmar que a Funcarte\/Secult de sua gest\u00e3o n\u00e3o servir\u00e1 apenas para promover festas, e ser concorrente de promotores de evento. Iracy n\u00e3o disse o nome mas a mensagem tinha endere\u00e7o certo.<\/p>\n\n\n\n<p>Por muito tempo, surgiu nos corredores do poder uma turminha que se achava promotora de evento, tendo inclusive escrit\u00f3rio clandestino, realizando festa adoidado sem nenhum crit\u00e9rio com dinheiro do contribuinte natalense. Festa do Natal, festa dos pais, dos av\u00f3s, da macumba, do feij\u00e3o, enfim, tudo era desculpa para shows e eventos.<\/p>\n\n\n\n<p>Iracy acerta ao mudar os rumos da pasta. Em nada acrescenta a cultura, shows que s\u00f3 enriqueceram pessoas que desconhecem a tradi\u00e7\u00e3o e a hist\u00f3ria da verdadeira cultura popular, que tem no seu nome mais importante a figura de C\u00e2mara Cascudo e foi marcada por gest\u00f5es que valorizaram a sua real ess\u00eancia como o prefeito Djalma Maranh\u00e3o. <\/p>\n\n\n\n<p>As a\u00e7\u00f5es de cultura precisam est\u00e1 concentradas em pol\u00edticas p\u00fablicas de educa\u00e7\u00e3o nas escolas, valoriza\u00e7\u00e3o de  express\u00f5es art\u00edsticas que traduzem nossa terra e nossa hist\u00f3ria e mecanismos que aproximem a popula\u00e7\u00e3o.<\/p>\n\n\n\n<p>Que as for\u00e7as ocultas n\u00e3o impe\u00e7am essa transforma\u00e7\u00e3o. <\/p>\n\n\n\n<figure class=\"wp-block-image size-large\"><img data-recalc-dims=\"1\" fetchpriority=\"high\" decoding=\"async\" width=\"738\" height=\"416\" src=\"https:\/\/i0.wp.com\/blogdobispo.com.br\/wp-content\/uploads\/2025\/02\/img_2790-1.jpg?resize=738%2C416&#038;ssl=1\" alt=\"\" class=\"wp-image-4631\" srcset=\"https:\/\/i0.wp.com\/blogdobispo.com.br\/wp-content\/uploads\/2025\/02\/img_2790-1.jpg?w=738&amp;ssl=1 738w, https:\/\/i0.wp.com\/blogdobispo.com.br\/wp-content\/uploads\/2025\/02\/img_2790-1.jpg?resize=300%2C169&amp;ssl=1 300w\" sizes=\"(max-width: 738px) 100vw, 738px\" \/><\/figure>\n\n\n\n<p><\/p>\n","protected":false},"excerpt":{"rendered":"<p>Um dos grandes acertos da nova gest\u00e3o Paulinho Freire se chama Iracy Azevedo. Em recente entrevista a r\u00e1dio 98 FM, Iracy foi direta e objetiva ao afirmar que a Funcarte\/Secult de sua gest\u00e3o n\u00e3o servir\u00e1 apenas para promover festas, e ser concorrente de promotores de evento. Iracy n\u00e3o disse o nome mas a mensagem tinha [&hellip;]<\/p>\n","protected":false},"author":1,"featured_media":0,"comment_status":"open","ping_status":"open","sticky":false,"template":"","format":"standard","meta":{"cybocfi_hide_featured_image":"","_jetpack_memberships_contains_paid_content":false,"footnotes":""},"categories":[1],"tags":[],"class_list":["post-4632","post","type-post","status-publish","format-standard","hentry","category-diversos"],"yoast_head":"<!-- This site is optimized with the Yoast SEO plugin v25.6 - https:\/\/yoast.com\/wordpress\/plugins\/seo\/ -->\n<title>Iracy Azevedo d\u00e1 o recado: \u201cFuncarte n\u00e3o foi feita para fazer festa\u201d - Blog do Bispo<\/title>\n<meta name=\"robots\" content=\"index, follow, max-snippet:-1, max-image-preview:large, max-video-preview:-1\" \/>\n<link rel=\"canonical\" href=\"https:\/\/blogdobispo.com.br\/?p=4632\" \/>\n<meta property=\"og:locale\" content=\"pt_BR\" \/>\n<meta property=\"og:type\" content=\"article\" \/>\n<meta property=\"og:title\" content=\"Iracy Azevedo d\u00e1 o recado: \u201cFuncarte n\u00e3o foi feita para fazer festa\u201d - Blog do Bispo\" \/>\n<meta property=\"og:description\" content=\"Um dos grandes acertos da nova gest\u00e3o Paulinho Freire se chama Iracy Azevedo. Em recente entrevista a r\u00e1dio 98 FM, Iracy foi direta e objetiva ao afirmar que a Funcarte\/Secult de sua gest\u00e3o n\u00e3o servir\u00e1 apenas para promover festas, e ser concorrente de promotores de evento. Iracy n\u00e3o disse o nome mas a mensagem tinha [&hellip;]\" \/>\n<meta property=\"og:url\" content=\"https:\/\/blogdobispo.com.br\/?p=4632\" \/>\n<meta property=\"og:site_name\" content=\"Blog do Bispo\" \/>\n<meta property=\"article:published_time\" content=\"2025-02-13T03:10:38+00:00\" \/>\n<meta property=\"article:modified_time\" content=\"2025-02-13T12:33:55+00:00\" \/>\n<meta property=\"og:image\" content=\"https:\/\/blogdobispo.com.br\/wp-content\/uploads\/2025\/02\/img_2790-1.jpg\" \/>\n<meta name=\"author\" content=\"Jefferson Sterfeno\" \/>\n<meta name=\"twitter:card\" content=\"summary_large_image\" \/>\n<meta name=\"twitter:label1\" content=\"Escrito por\" \/>\n\t<meta name=\"twitter:data1\" content=\"Jefferson Sterfeno\" \/>\n\t<meta name=\"twitter:label2\" content=\"Est. tempo de leitura\" \/>\n\t<meta name=\"twitter:data2\" content=\"1 minuto\" \/>\n<script type=\"application\/ld+json\" class=\"yoast-schema-graph\">{\"@context\":\"https:\/\/schema.org\",\"@graph\":[{\"@type\":\"Article\",\"@id\":\"https:\/\/blogdobispo.com.br\/?p=4632#article\",\"isPartOf\":{\"@id\":\"https:\/\/blogdobispo.com.br\/?p=4632\"},\"author\":{\"name\":\"Jefferson Sterfeno\",\"@id\":\"https:\/\/blogdobispo.com.br\/#\/schema\/person\/e2209cc0e6cea5c5233d033e997b373f\"},\"headline\":\"Iracy Azevedo d\u00e1 o recado: \u201cFuncarte n\u00e3o foi feita para fazer festa\u201d\",\"datePublished\":\"2025-02-13T03:10:38+00:00\",\"dateModified\":\"2025-02-13T12:33:55+00:00\",\"mainEntityOfPage\":{\"@id\":\"https:\/\/blogdobispo.com.br\/?p=4632\"},\"wordCount\":246,\"commentCount\":0,\"publisher\":{\"@id\":\"https:\/\/blogdobispo.com.br\/#organization\"},\"image\":{\"@id\":\"https:\/\/blogdobispo.com.br\/?p=4632#primaryimage\"},\"thumbnailUrl\":\"https:\/\/blogdobispo.com.br\/wp-content\/uploads\/2025\/02\/img_2790-1.jpg\",\"articleSection\":[\"diversos\"],\"inLanguage\":\"pt-BR\",\"potentialAction\":[{\"@type\":\"CommentAction\",\"name\":\"Comment\",\"target\":[\"https:\/\/blogdobispo.com.br\/?p=4632#respond\"]}]},{\"@type\":\"WebPage\",\"@id\":\"https:\/\/blogdobispo.com.br\/?p=4632\",\"url\":\"https:\/\/blogdobispo.com.br\/?p=4632\",\"name\":\"Iracy Azevedo d\u00e1 o recado: \u201cFuncarte n\u00e3o foi feita para fazer festa\u201d - Blog do Bispo\",\"isPartOf\":{\"@id\":\"https:\/\/blogdobispo.com.br\/#website\"},\"primaryImageOfPage\":{\"@id\":\"https:\/\/blogdobispo.com.br\/?p=4632#primaryimage\"},\"image\":{\"@id\":\"https:\/\/blogdobispo.com.br\/?p=4632#primaryimage\"},\"thumbnailUrl\":\"https:\/\/blogdobispo.com.br\/wp-content\/uploads\/2025\/02\/img_2790-1.jpg\",\"datePublished\":\"2025-02-13T03:10:38+00:00\",\"dateModified\":\"2025-02-13T12:33:55+00:00\",\"breadcrumb\":{\"@id\":\"https:\/\/blogdobispo.com.br\/?p=4632#breadcrumb\"},\"inLanguage\":\"pt-BR\",\"potentialAction\":[{\"@type\":\"ReadAction\",\"target\":[\"https:\/\/blogdobispo.com.br\/?p=4632\"]}]},{\"@type\":\"ImageObject\",\"inLanguage\":\"pt-BR\",\"@id\":\"https:\/\/blogdobispo.com.br\/?p=4632#primaryimage\",\"url\":\"https:\/\/blogdobispo.com.br\/wp-content\/uploads\/2025\/02\/img_2790-1.jpg\",\"contentUrl\":\"https:\/\/blogdobispo.com.br\/wp-content\/uploads\/2025\/02\/img_2790-1.jpg\"},{\"@type\":\"BreadcrumbList\",\"@id\":\"https:\/\/blogdobispo.com.br\/?p=4632#breadcrumb\",\"itemListElement\":[{\"@type\":\"ListItem\",\"position\":1,\"name\":\"In\u00edcio\",\"item\":\"https:\/\/blogdobispo.com.br\/\"},{\"@type\":\"ListItem\",\"position\":2,\"name\":\"Iracy Azevedo d\u00e1 o recado: \u201cFuncarte n\u00e3o foi feita para fazer festa\u201d\"}]},{\"@type\":\"WebSite\",\"@id\":\"https:\/\/blogdobispo.com.br\/#website\",\"url\":\"https:\/\/blogdobispo.com.br\/\",\"name\":\"Blog do Bispo\",\"description\":\"Comprometido apenas com o leitor\",\"publisher\":{\"@id\":\"https:\/\/blogdobispo.com.br\/#organization\"},\"potentialAction\":[{\"@type\":\"SearchAction\",\"target\":{\"@type\":\"EntryPoint\",\"urlTemplate\":\"https:\/\/blogdobispo.com.br\/?s={search_term_string}\"},\"query-input\":{\"@type\":\"PropertyValueSpecification\",\"valueRequired\":true,\"valueName\":\"search_term_string\"}}],\"inLanguage\":\"pt-BR\"},{\"@type\":\"Organization\",\"@id\":\"https:\/\/blogdobispo.com.br\/#organization\",\"name\":\"Blog do Bispo\",\"url\":\"https:\/\/blogdobispo.com.br\/\",\"logo\":{\"@type\":\"ImageObject\",\"inLanguage\":\"pt-BR\",\"@id\":\"https:\/\/blogdobispo.com.br\/#\/schema\/logo\/image\/\",\"url\":\"http:\/\/blogdobispo.com.br\/wp-content\/uploads\/2023\/05\/cropped-headear.png\",\"contentUrl\":\"http:\/\/blogdobispo.com.br\/wp-content\/uploads\/2023\/05\/cropped-headear.png\",\"width\":1500,\"height\":399,\"caption\":\"Blog do Bispo\"},\"image\":{\"@id\":\"https:\/\/blogdobispo.com.br\/#\/schema\/logo\/image\/\"}},{\"@type\":\"Person\",\"@id\":\"https:\/\/blogdobispo.com.br\/#\/schema\/person\/e2209cc0e6cea5c5233d033e997b373f\",\"name\":\"Jefferson Sterfeno\",\"image\":{\"@type\":\"ImageObject\",\"inLanguage\":\"pt-BR\",\"@id\":\"https:\/\/blogdobispo.com.br\/#\/schema\/person\/image\/\",\"url\":\"https:\/\/secure.gravatar.com\/avatar\/0534e84764641168a677026b6d57a3f51dc7ac4db0b4f6186d9cb330d4ee1160?s=96&d=mm&r=g\",\"contentUrl\":\"https:\/\/secure.gravatar.com\/avatar\/0534e84764641168a677026b6d57a3f51dc7ac4db0b4f6186d9cb330d4ee1160?s=96&d=mm&r=g\",\"caption\":\"Jefferson Sterfeno\"},\"sameAs\":[\"http:\/\/blogdobispo.com.br\"],\"url\":\"https:\/\/blogdobispo.com.br\/?author=1\"}]}<\/script>\n<!-- \/ Yoast SEO plugin. -->","yoast_head_json":{"title":"Iracy Azevedo d\u00e1 o recado: \u201cFuncarte n\u00e3o foi feita para fazer festa\u201d - Blog do Bispo","robots":{"index":"index","follow":"follow","max-snippet":"max-snippet:-1","max-image-preview":"max-image-preview:large","max-video-preview":"max-video-preview:-1"},"canonical":"https:\/\/blogdobispo.com.br\/?p=4632","og_locale":"pt_BR","og_type":"article","og_title":"Iracy Azevedo d\u00e1 o recado: \u201cFuncarte n\u00e3o foi feita para fazer festa\u201d - Blog do Bispo","og_description":"Um dos grandes acertos da nova gest\u00e3o Paulinho Freire se chama Iracy Azevedo. Em recente entrevista a r\u00e1dio 98 FM, Iracy foi direta e objetiva ao afirmar que a Funcarte\/Secult de sua gest\u00e3o n\u00e3o servir\u00e1 apenas para promover festas, e ser concorrente de promotores de evento. Iracy n\u00e3o disse o nome mas a mensagem tinha [&hellip;]","og_url":"https:\/\/blogdobispo.com.br\/?p=4632","og_site_name":"Blog do Bispo","article_published_time":"2025-02-13T03:10:38+00:00","article_modified_time":"2025-02-13T12:33:55+00:00","og_image":[{"url":"https:\/\/blogdobispo.com.br\/wp-content\/uploads\/2025\/02\/img_2790-1.jpg","type":"","width":"","height":""}],"author":"Jefferson Sterfeno","twitter_card":"summary_large_image","twitter_misc":{"Escrito por":"Jefferson Sterfeno","Est. tempo de leitura":"1 minuto"},"schema":{"@context":"https:\/\/schema.org","@graph":[{"@type":"Article","@id":"https:\/\/blogdobispo.com.br\/?p=4632#article","isPartOf":{"@id":"https:\/\/blogdobispo.com.br\/?p=4632"},"author":{"name":"Jefferson Sterfeno","@id":"https:\/\/blogdobispo.com.br\/#\/schema\/person\/e2209cc0e6cea5c5233d033e997b373f"},"headline":"Iracy Azevedo d\u00e1 o recado: \u201cFuncarte n\u00e3o foi feita para fazer festa\u201d","datePublished":"2025-02-13T03:10:38+00:00","dateModified":"2025-02-13T12:33:55+00:00","mainEntityOfPage":{"@id":"https:\/\/blogdobispo.com.br\/?p=4632"},"wordCount":246,"commentCount":0,"publisher":{"@id":"https:\/\/blogdobispo.com.br\/#organization"},"image":{"@id":"https:\/\/blogdobispo.com.br\/?p=4632#primaryimage"},"thumbnailUrl":"https:\/\/blogdobispo.com.br\/wp-content\/uploads\/2025\/02\/img_2790-1.jpg","articleSection":["diversos"],"inLanguage":"pt-BR","potentialAction":[{"@type":"CommentAction","name":"Comment","target":["https:\/\/blogdobispo.com.br\/?p=4632#respond"]}]},{"@type":"WebPage","@id":"https:\/\/blogdobispo.com.br\/?p=4632","url":"https:\/\/blogdobispo.com.br\/?p=4632","name":"Iracy Azevedo d\u00e1 o recado: \u201cFuncarte n\u00e3o foi feita para fazer festa\u201d - Blog do Bispo","isPartOf":{"@id":"https:\/\/blogdobispo.com.br\/#website"},"primaryImageOfPage":{"@id":"https:\/\/blogdobispo.com.br\/?p=4632#primaryimage"},"image":{"@id":"https:\/\/blogdobispo.com.br\/?p=4632#primaryimage"},"thumbnailUrl":"https:\/\/blogdobispo.com.br\/wp-content\/uploads\/2025\/02\/img_2790-1.jpg","datePublished":"2025-02-13T03:10:38+00:00","dateModified":"2025-02-13T12:33:55+00:00","breadcrumb":{"@id":"https:\/\/blogdobispo.com.br\/?p=4632#breadcrumb"},"inLanguage":"pt-BR","potentialAction":[{"@type":"ReadAction","target":["https:\/\/blogdobispo.com.br\/?p=4632"]}]},{"@type":"ImageObject","inLanguage":"pt-BR","@id":"https:\/\/blogdobispo.com.br\/?p=4632#primaryimage","url":"https:\/\/blogdobispo.com.br\/wp-content\/uploads\/2025\/02\/img_2790-1.jpg","contentUrl":"https:\/\/blogdobispo.com.br\/wp-content\/uploads\/2025\/02\/img_2790-1.jpg"},{"@type":"BreadcrumbList","@id":"https:\/\/blogdobispo.com.br\/?p=4632#breadcrumb","itemListElement":[{"@type":"ListItem","position":1,"name":"In\u00edcio","item":"https:\/\/blogdobispo.com.br\/"},{"@type":"ListItem","position":2,"name":"Iracy Azevedo d\u00e1 o recado: \u201cFuncarte n\u00e3o foi feita para fazer festa\u201d"}]},{"@type":"WebSite","@id":"https:\/\/blogdobispo.com.br\/#website","url":"https:\/\/blogdobispo.com.br\/","name":"Blog do Bispo","description":"Comprometido apenas com o leitor","publisher":{"@id":"https:\/\/blogdobispo.com.br\/#organization"},"potentialAction":[{"@type":"SearchAction","target":{"@type":"EntryPoint","urlTemplate":"https:\/\/blogdobispo.com.br\/?s={search_term_string}"},"query-input":{"@type":"PropertyValueSpecification","valueRequired":true,"valueName":"search_term_string"}}],"inLanguage":"pt-BR"},{"@type":"Organization","@id":"https:\/\/blogdobispo.com.br\/#organization","name":"Blog do Bispo","url":"https:\/\/blogdobispo.com.br\/","logo":{"@type":"ImageObject","inLanguage":"pt-BR","@id":"https:\/\/blogdobispo.com.br\/#\/schema\/logo\/image\/","url":"http:\/\/blogdobispo.com.br\/wp-content\/uploads\/2023\/05\/cropped-headear.png","contentUrl":"http:\/\/blogdobispo.com.br\/wp-content\/uploads\/2023\/05\/cropped-headear.png","width":1500,"height":399,"caption":"Blog do Bispo"},"image":{"@id":"https:\/\/blogdobispo.com.br\/#\/schema\/logo\/image\/"}},{"@type":"Person","@id":"https:\/\/blogdobispo.com.br\/#\/schema\/person\/e2209cc0e6cea5c5233d033e997b373f","name":"Jefferson Sterfeno","image":{"@type":"ImageObject","inLanguage":"pt-BR","@id":"https:\/\/blogdobispo.com.br\/#\/schema\/person\/image\/","url":"https:\/\/secure.gravatar.com\/avatar\/0534e84764641168a677026b6d57a3f51dc7ac4db0b4f6186d9cb330d4ee1160?s=96&d=mm&r=g","contentUrl":"https:\/\/secure.gravatar.com\/avatar\/0534e84764641168a677026b6d57a3f51dc7ac4db0b4f6186d9cb330d4ee1160?s=96&d=mm&r=g","caption":"Jefferson Sterfeno"},"sameAs":["http:\/\/blogdobispo.com.br"],"url":"https:\/\/blogdobispo.com.br\/?author=1"}]}},"featured_image_urls":{"full":"","thumbnail":"","medium":"","medium_large":"","large":"","1536x1536":"","2048x2048":""},"author_info":{"display_name":"Jefferson Sterfeno","author_link":"https:\/\/blogdobispo.com.br\/?author=1"},"category_info":"<a href=\"https:\/\/blogdobispo.com.br\/?cat=1\" rel=\"category\">diversos<\/a>","tag_info":"diversos","comment_count":"0","jetpack_featured_media_url":"","jetpack_sharing_enabled":true,"_links":{"self":[{"href":"https:\/\/blogdobispo.com.br\/index.php?rest_route=\/wp\/v2\/posts\/4632","targetHints":{"allow":["GET"]}}],"collection":[{"href":"https:\/\/blogdobispo.com.br\/index.php?rest_route=\/wp\/v2\/posts"}],"about":[{"href":"https:\/\/blogdobispo.com.br\/index.php?rest_route=\/wp\/v2\/types\/post"}],"author":[{"embeddable":true,"href":"https:\/\/blogdobispo.com.br\/index.php?rest_route=\/wp\/v2\/users\/1"}],"replies":[{"embeddable":true,"href":"https:\/\/blogdobispo.com.br\/index.php?rest_route=%2Fwp%2Fv2%2Fcomments&post=4632"}],"version-history":[{"count":3,"href":"https:\/\/blogdobispo.com.br\/index.php?rest_route=\/wp\/v2\/posts\/4632\/revisions"}],"predecessor-version":[{"id":4637,"href":"https:\/\/blogdobispo.com.br\/index.php?rest_route=\/wp\/v2\/posts\/4632\/revisions\/4637"}],"wp:attachment":[{"href":"https:\/\/blogdobispo.com.br\/index.php?rest_route=%2Fwp%2Fv2%2Fmedia&parent=4632"}],"wp:term":[{"taxonomy":"category","embeddable":true,"href":"https:\/\/blogdobispo.com.br\/index.php?rest_route=%2Fwp%2Fv2%2Fcategories&post=4632"},{"taxonomy":"post_tag","embeddable":true,"href":"https:\/\/blogdobispo.com.br\/index.php?rest_route=%2Fwp%2Fv2%2Ftags&post=4632"}],"curies":[{"name":"wp","href":"https:\/\/api.w.org\/{rel}","templated":true}]}}