{"id":4612,"date":"2025-02-08T22:51:36","date_gmt":"2025-02-08T22:51:36","guid":{"rendered":"https:\/\/blogdobispo.com.br\/?p=4612"},"modified":"2025-02-08T22:51:36","modified_gmt":"2025-02-08T22:51:36","slug":"primeiras-chuvas-alagam-engorda-de-ponta-negra-mesmo-problema-aconteceu-no-ceara-e-santa-catarina","status":"publish","type":"post","link":"https:\/\/blogdobispo.com.br\/?p=4612","title":{"rendered":"Primeiras chuvas alagam engorda de Ponta Negra, mesmo problema aconteceu no Cear\u00e1 e Santa Catarina"},"content":{"rendered":"\n<p>O Rio Grande do Norte, sob alerta de chuvas intensas na quarta-feira (5) e na quinta-feira (6), choveu na capital potiguar em 12 horas, um ac\u00famulo superior a 90 mil\u00edmetros, segundo o Centro Nacional de Monitoramento e Alertas de Desastres Naturais (Cemaden). A regi\u00e3o maior precipita\u00e7\u00e3o foi a de Ponta Negra, na Zona Sul. No maior cart\u00e3o postal, a \u00e1gua ficou acumulada sobre a engorda, principalmente em trecho pr\u00f3ximo ao Morro do Careca. O problema tem sido registrado em janeiro e este m\u00eas, em ocasi\u00f5es quando chove forte. A Secretaria Municipal de Meio Ambiente e Urbanismo j\u00e1 explicou que executa uma obra de drenagem e aterro hidr\u00e1ulico, e que o problema \u00e9 natural.<\/p>\n\n\n\n<p>Em uma pesquisa em rela\u00e7\u00e3o aos primeiros anos de obras de engorda em praias do Cear\u00e1 e de Santa Catarina, os alagamentos apareceram com as primeiras chuvas. Na Praia de Iracema (CE), dois trechos de areia da Beira Mar de Fortaleza cederam ap\u00f3s as chuvas e formaram buracos acumulando \u00e1gua, em 2021. A obra iniciou-se em 2019. Em Santa Catarina, a praia de Balne\u00e1rio Cambori\u00fa tamb\u00e9m j\u00e1 foi alagada devido a fortes chuvas. Inclusive, em janeiro deste ano, fortes chuvas causaram alagamentos generalizados em Cambori\u00fa, levando o munic\u00edpio a decretar estado de emerg\u00eancia. L\u00e1, a obra foi lan\u00e7ada em 2021.&nbsp;<\/p>\n\n\n\n<p>Segundo levantamento do MapBiomas, no per\u00edodo entre 1985 e 2021, o Brasil j\u00e1 perdeu 15% de suas praias e dunas, diante do avan\u00e7o das cidades sobre o litoral. Por isso, uma das consequ\u00eancias vistas no pa\u00eds \u00e9 a prolifera\u00e7\u00e3o de obras de prote\u00e7\u00e3o costeira. No Rio Grande do Norte, foram quase 5 km de engorda, desde o Hotel Serhs at\u00e9 o Morro do Careca. A obra em Natal foi executada pela DTA engenharia, a mesma empresa que fez a engorda em Balne\u00e1rio Cambori\u00fa (SC). O secret\u00e1rio Thiago Mesquita (Meio Ambiente e Urbanismo), detalha a solu\u00e7\u00e3o para evitar os alagamentos futuros.<\/p>\n\n\n\n<p>Com o novo sistema de drenagem da praia de Ponta Negra contar\u00e1 com 16 dissipadores de energia para reduzir a velocidade da carga hidr\u00e1ulica e evitar a degrada\u00e7\u00e3o da engorda. O sistema anterior, tinha mais de tr\u00eas d\u00e9cadas e favorecia a eros\u00e3o ao arrastar areia para o mar. \u201cDos 16 dissipadores, 10 est\u00e3o prontos, dois est\u00e3o na fase final de acabamento e ainda faltam seis. Esse \u00e9 o motivo do desconforto visual na \u00e1rea, mas \u00e9 uma quest\u00e3o de tempo\u201d, justificou o secret\u00e1rio. Esses dissipadores funcionar\u00e3o como caixas de infiltra\u00e7\u00e3o para receber a \u00e1gua das chuvas e minimizar o impacto sobre a engorda.<\/p>\n\n\n\n<p>Segundo a Prefeitura do Natal, a previs\u00e3o para conclus\u00e3o do novo sistema de drenagem da praia de Ponta Negra \u00e9 que seja finalizado, em at\u00e9 40 dias. A Secretaria Municipal de Infraestrutura (Seinfra), acompanha e fiscaliza a execu\u00e7\u00e3o do projeto. Al\u00e9m do avan\u00e7o de infraestruturas urbanas, as mudan\u00e7as clim\u00e1ticas aceleram o processo erosivo \u2014 as praias s\u00e3o afetadas pela eleva\u00e7\u00e3o do n\u00edvel do mar e aumento da frequ\u00eancia das tempestades.<\/p>\n\n\n\n<p>*Rodrigo Rafael, jornalista, Diretor de Representa\u00e7\u00e3o Institucional da Assembleia Legislativa e tem MBA em Environmental, Social &amp; Governance (ESG) pelo IBMEC\/S\u00e3o Paulo.<\/p>\n\n\n\n<figure class=\"wp-block-image size-large\"><img data-recalc-dims=\"1\" fetchpriority=\"high\" decoding=\"async\" width=\"800\" height=\"442\" src=\"https:\/\/i0.wp.com\/blogdobispo.com.br\/wp-content\/uploads\/2025\/02\/img_2719-1-1024x566.jpg?resize=800%2C442&#038;ssl=1\" class=\"wp-image-4611\" srcset=\"https:\/\/i0.wp.com\/blogdobispo.com.br\/wp-content\/uploads\/2025\/02\/img_2719-1.jpg?resize=1024%2C566&amp;ssl=1 1024w, https:\/\/i0.wp.com\/blogdobispo.com.br\/wp-content\/uploads\/2025\/02\/img_2719-1.jpg?resize=300%2C166&amp;ssl=1 300w, https:\/\/i0.wp.com\/blogdobispo.com.br\/wp-content\/uploads\/2025\/02\/img_2719-1.jpg?resize=768%2C424&amp;ssl=1 768w, https:\/\/i0.wp.com\/blogdobispo.com.br\/wp-content\/uploads\/2025\/02\/img_2719-1.jpg?resize=1536%2C849&amp;ssl=1 1536w, https:\/\/i0.wp.com\/blogdobispo.com.br\/wp-content\/uploads\/2025\/02\/img_2719-1.jpg?w=1600&amp;ssl=1 1600w\" sizes=\"(max-width: 800px) 100vw, 800px\" \/><\/figure>\n","protected":false},"excerpt":{"rendered":"<p>O Rio Grande do Norte, sob alerta de chuvas intensas na quarta-feira (5) e na quinta-feira (6), choveu na capital potiguar em 12 horas, um ac\u00famulo superior a 90 mil\u00edmetros, segundo o Centro Nacional de Monitoramento e Alertas de Desastres Naturais (Cemaden). A regi\u00e3o maior precipita\u00e7\u00e3o foi a de Ponta Negra, na Zona Sul. No [&hellip;]<\/p>\n","protected":false},"author":1,"featured_media":0,"comment_status":"open","ping_status":"open","sticky":false,"template":"","format":"standard","meta":{"cybocfi_hide_featured_image":"","_jetpack_memberships_contains_paid_content":false,"footnotes":""},"categories":[1],"tags":[],"class_list":["post-4612","post","type-post","status-publish","format-standard","hentry","category-diversos"],"yoast_head":"<!-- This site is optimized with the Yoast SEO plugin v25.6 - https:\/\/yoast.com\/wordpress\/plugins\/seo\/ -->\n<title>Primeiras chuvas alagam engorda de Ponta Negra, mesmo problema aconteceu no Cear\u00e1 e Santa Catarina - Blog do Bispo<\/title>\n<meta name=\"robots\" content=\"index, follow, max-snippet:-1, max-image-preview:large, max-video-preview:-1\" \/>\n<link rel=\"canonical\" href=\"https:\/\/blogdobispo.com.br\/?p=4612\" \/>\n<meta property=\"og:locale\" content=\"pt_BR\" \/>\n<meta property=\"og:type\" content=\"article\" \/>\n<meta property=\"og:title\" content=\"Primeiras chuvas alagam engorda de Ponta Negra, mesmo problema aconteceu no Cear\u00e1 e Santa Catarina - Blog do Bispo\" \/>\n<meta property=\"og:description\" content=\"O Rio Grande do Norte, sob alerta de chuvas intensas na quarta-feira (5) e na quinta-feira (6), choveu na capital potiguar em 12 horas, um ac\u00famulo superior a 90 mil\u00edmetros, segundo o Centro Nacional de Monitoramento e Alertas de Desastres Naturais (Cemaden). A regi\u00e3o maior precipita\u00e7\u00e3o foi a de Ponta Negra, na Zona Sul. No [&hellip;]\" \/>\n<meta property=\"og:url\" content=\"https:\/\/blogdobispo.com.br\/?p=4612\" \/>\n<meta property=\"og:site_name\" content=\"Blog do Bispo\" \/>\n<meta property=\"article:published_time\" content=\"2025-02-08T22:51:36+00:00\" \/>\n<meta property=\"og:image\" content=\"https:\/\/blogdobispo.com.br\/wp-content\/uploads\/2025\/02\/img_2719-1-1024x566.jpg\" \/>\n<meta name=\"author\" content=\"Jefferson Sterfeno\" \/>\n<meta name=\"twitter:card\" content=\"summary_large_image\" \/>\n<meta name=\"twitter:label1\" content=\"Escrito por\" \/>\n\t<meta name=\"twitter:data1\" content=\"Jefferson Sterfeno\" \/>\n\t<meta name=\"twitter:label2\" content=\"Est. tempo de leitura\" \/>\n\t<meta name=\"twitter:data2\" content=\"3 minutos\" \/>\n<script type=\"application\/ld+json\" class=\"yoast-schema-graph\">{\"@context\":\"https:\/\/schema.org\",\"@graph\":[{\"@type\":\"Article\",\"@id\":\"https:\/\/blogdobispo.com.br\/?p=4612#article\",\"isPartOf\":{\"@id\":\"https:\/\/blogdobispo.com.br\/?p=4612\"},\"author\":{\"name\":\"Jefferson Sterfeno\",\"@id\":\"https:\/\/blogdobispo.com.br\/#\/schema\/person\/e2209cc0e6cea5c5233d033e997b373f\"},\"headline\":\"Primeiras chuvas alagam engorda de Ponta Negra, mesmo problema aconteceu no Cear\u00e1 e Santa Catarina\",\"datePublished\":\"2025-02-08T22:51:36+00:00\",\"mainEntityOfPage\":{\"@id\":\"https:\/\/blogdobispo.com.br\/?p=4612\"},\"wordCount\":553,\"commentCount\":0,\"publisher\":{\"@id\":\"https:\/\/blogdobispo.com.br\/#organization\"},\"image\":{\"@id\":\"https:\/\/blogdobispo.com.br\/?p=4612#primaryimage\"},\"thumbnailUrl\":\"https:\/\/blogdobispo.com.br\/wp-content\/uploads\/2025\/02\/img_2719-1-1024x566.jpg\",\"articleSection\":[\"diversos\"],\"inLanguage\":\"pt-BR\",\"potentialAction\":[{\"@type\":\"CommentAction\",\"name\":\"Comment\",\"target\":[\"https:\/\/blogdobispo.com.br\/?p=4612#respond\"]}]},{\"@type\":\"WebPage\",\"@id\":\"https:\/\/blogdobispo.com.br\/?p=4612\",\"url\":\"https:\/\/blogdobispo.com.br\/?p=4612\",\"name\":\"Primeiras chuvas alagam engorda de Ponta Negra, mesmo problema aconteceu no Cear\u00e1 e Santa Catarina - Blog do Bispo\",\"isPartOf\":{\"@id\":\"https:\/\/blogdobispo.com.br\/#website\"},\"primaryImageOfPage\":{\"@id\":\"https:\/\/blogdobispo.com.br\/?p=4612#primaryimage\"},\"image\":{\"@id\":\"https:\/\/blogdobispo.com.br\/?p=4612#primaryimage\"},\"thumbnailUrl\":\"https:\/\/blogdobispo.com.br\/wp-content\/uploads\/2025\/02\/img_2719-1-1024x566.jpg\",\"datePublished\":\"2025-02-08T22:51:36+00:00\",\"breadcrumb\":{\"@id\":\"https:\/\/blogdobispo.com.br\/?p=4612#breadcrumb\"},\"inLanguage\":\"pt-BR\",\"potentialAction\":[{\"@type\":\"ReadAction\",\"target\":[\"https:\/\/blogdobispo.com.br\/?p=4612\"]}]},{\"@type\":\"ImageObject\",\"inLanguage\":\"pt-BR\",\"@id\":\"https:\/\/blogdobispo.com.br\/?p=4612#primaryimage\",\"url\":\"https:\/\/blogdobispo.com.br\/wp-content\/uploads\/2025\/02\/img_2719-1-1024x566.jpg\",\"contentUrl\":\"https:\/\/blogdobispo.com.br\/wp-content\/uploads\/2025\/02\/img_2719-1-1024x566.jpg\"},{\"@type\":\"BreadcrumbList\",\"@id\":\"https:\/\/blogdobispo.com.br\/?p=4612#breadcrumb\",\"itemListElement\":[{\"@type\":\"ListItem\",\"position\":1,\"name\":\"In\u00edcio\",\"item\":\"https:\/\/blogdobispo.com.br\/\"},{\"@type\":\"ListItem\",\"position\":2,\"name\":\"Primeiras chuvas alagam engorda de Ponta Negra, mesmo problema aconteceu no Cear\u00e1 e Santa Catarina\"}]},{\"@type\":\"WebSite\",\"@id\":\"https:\/\/blogdobispo.com.br\/#website\",\"url\":\"https:\/\/blogdobispo.com.br\/\",\"name\":\"Blog do Bispo\",\"description\":\"Comprometido apenas com o leitor\",\"publisher\":{\"@id\":\"https:\/\/blogdobispo.com.br\/#organization\"},\"potentialAction\":[{\"@type\":\"SearchAction\",\"target\":{\"@type\":\"EntryPoint\",\"urlTemplate\":\"https:\/\/blogdobispo.com.br\/?s={search_term_string}\"},\"query-input\":{\"@type\":\"PropertyValueSpecification\",\"valueRequired\":true,\"valueName\":\"search_term_string\"}}],\"inLanguage\":\"pt-BR\"},{\"@type\":\"Organization\",\"@id\":\"https:\/\/blogdobispo.com.br\/#organization\",\"name\":\"Blog do Bispo\",\"url\":\"https:\/\/blogdobispo.com.br\/\",\"logo\":{\"@type\":\"ImageObject\",\"inLanguage\":\"pt-BR\",\"@id\":\"https:\/\/blogdobispo.com.br\/#\/schema\/logo\/image\/\",\"url\":\"http:\/\/blogdobispo.com.br\/wp-content\/uploads\/2023\/05\/cropped-headear.png\",\"contentUrl\":\"http:\/\/blogdobispo.com.br\/wp-content\/uploads\/2023\/05\/cropped-headear.png\",\"width\":1500,\"height\":399,\"caption\":\"Blog do Bispo\"},\"image\":{\"@id\":\"https:\/\/blogdobispo.com.br\/#\/schema\/logo\/image\/\"}},{\"@type\":\"Person\",\"@id\":\"https:\/\/blogdobispo.com.br\/#\/schema\/person\/e2209cc0e6cea5c5233d033e997b373f\",\"name\":\"Jefferson Sterfeno\",\"image\":{\"@type\":\"ImageObject\",\"inLanguage\":\"pt-BR\",\"@id\":\"https:\/\/blogdobispo.com.br\/#\/schema\/person\/image\/\",\"url\":\"https:\/\/secure.gravatar.com\/avatar\/0534e84764641168a677026b6d57a3f51dc7ac4db0b4f6186d9cb330d4ee1160?s=96&d=mm&r=g\",\"contentUrl\":\"https:\/\/secure.gravatar.com\/avatar\/0534e84764641168a677026b6d57a3f51dc7ac4db0b4f6186d9cb330d4ee1160?s=96&d=mm&r=g\",\"caption\":\"Jefferson Sterfeno\"},\"sameAs\":[\"http:\/\/blogdobispo.com.br\"],\"url\":\"https:\/\/blogdobispo.com.br\/?author=1\"}]}<\/script>\n<!-- \/ Yoast SEO plugin. -->","yoast_head_json":{"title":"Primeiras chuvas alagam engorda de Ponta Negra, mesmo problema aconteceu no Cear\u00e1 e Santa Catarina - Blog do Bispo","robots":{"index":"index","follow":"follow","max-snippet":"max-snippet:-1","max-image-preview":"max-image-preview:large","max-video-preview":"max-video-preview:-1"},"canonical":"https:\/\/blogdobispo.com.br\/?p=4612","og_locale":"pt_BR","og_type":"article","og_title":"Primeiras chuvas alagam engorda de Ponta Negra, mesmo problema aconteceu no Cear\u00e1 e Santa Catarina - Blog do Bispo","og_description":"O Rio Grande do Norte, sob alerta de chuvas intensas na quarta-feira (5) e na quinta-feira (6), choveu na capital potiguar em 12 horas, um ac\u00famulo superior a 90 mil\u00edmetros, segundo o Centro Nacional de Monitoramento e Alertas de Desastres Naturais (Cemaden). A regi\u00e3o maior precipita\u00e7\u00e3o foi a de Ponta Negra, na Zona Sul. No [&hellip;]","og_url":"https:\/\/blogdobispo.com.br\/?p=4612","og_site_name":"Blog do Bispo","article_published_time":"2025-02-08T22:51:36+00:00","og_image":[{"url":"https:\/\/blogdobispo.com.br\/wp-content\/uploads\/2025\/02\/img_2719-1-1024x566.jpg","type":"","width":"","height":""}],"author":"Jefferson Sterfeno","twitter_card":"summary_large_image","twitter_misc":{"Escrito por":"Jefferson Sterfeno","Est. tempo de leitura":"3 minutos"},"schema":{"@context":"https:\/\/schema.org","@graph":[{"@type":"Article","@id":"https:\/\/blogdobispo.com.br\/?p=4612#article","isPartOf":{"@id":"https:\/\/blogdobispo.com.br\/?p=4612"},"author":{"name":"Jefferson Sterfeno","@id":"https:\/\/blogdobispo.com.br\/#\/schema\/person\/e2209cc0e6cea5c5233d033e997b373f"},"headline":"Primeiras chuvas alagam engorda de Ponta Negra, mesmo problema aconteceu no Cear\u00e1 e Santa Catarina","datePublished":"2025-02-08T22:51:36+00:00","mainEntityOfPage":{"@id":"https:\/\/blogdobispo.com.br\/?p=4612"},"wordCount":553,"commentCount":0,"publisher":{"@id":"https:\/\/blogdobispo.com.br\/#organization"},"image":{"@id":"https:\/\/blogdobispo.com.br\/?p=4612#primaryimage"},"thumbnailUrl":"https:\/\/blogdobispo.com.br\/wp-content\/uploads\/2025\/02\/img_2719-1-1024x566.jpg","articleSection":["diversos"],"inLanguage":"pt-BR","potentialAction":[{"@type":"CommentAction","name":"Comment","target":["https:\/\/blogdobispo.com.br\/?p=4612#respond"]}]},{"@type":"WebPage","@id":"https:\/\/blogdobispo.com.br\/?p=4612","url":"https:\/\/blogdobispo.com.br\/?p=4612","name":"Primeiras chuvas alagam engorda de Ponta Negra, mesmo problema aconteceu no Cear\u00e1 e Santa Catarina - Blog do Bispo","isPartOf":{"@id":"https:\/\/blogdobispo.com.br\/#website"},"primaryImageOfPage":{"@id":"https:\/\/blogdobispo.com.br\/?p=4612#primaryimage"},"image":{"@id":"https:\/\/blogdobispo.com.br\/?p=4612#primaryimage"},"thumbnailUrl":"https:\/\/blogdobispo.com.br\/wp-content\/uploads\/2025\/02\/img_2719-1-1024x566.jpg","datePublished":"2025-02-08T22:51:36+00:00","breadcrumb":{"@id":"https:\/\/blogdobispo.com.br\/?p=4612#breadcrumb"},"inLanguage":"pt-BR","potentialAction":[{"@type":"ReadAction","target":["https:\/\/blogdobispo.com.br\/?p=4612"]}]},{"@type":"ImageObject","inLanguage":"pt-BR","@id":"https:\/\/blogdobispo.com.br\/?p=4612#primaryimage","url":"https:\/\/blogdobispo.com.br\/wp-content\/uploads\/2025\/02\/img_2719-1-1024x566.jpg","contentUrl":"https:\/\/blogdobispo.com.br\/wp-content\/uploads\/2025\/02\/img_2719-1-1024x566.jpg"},{"@type":"BreadcrumbList","@id":"https:\/\/blogdobispo.com.br\/?p=4612#breadcrumb","itemListElement":[{"@type":"ListItem","position":1,"name":"In\u00edcio","item":"https:\/\/blogdobispo.com.br\/"},{"@type":"ListItem","position":2,"name":"Primeiras chuvas alagam engorda de Ponta Negra, mesmo problema aconteceu no Cear\u00e1 e Santa Catarina"}]},{"@type":"WebSite","@id":"https:\/\/blogdobispo.com.br\/#website","url":"https:\/\/blogdobispo.com.br\/","name":"Blog do Bispo","description":"Comprometido apenas com o leitor","publisher":{"@id":"https:\/\/blogdobispo.com.br\/#organization"},"potentialAction":[{"@type":"SearchAction","target":{"@type":"EntryPoint","urlTemplate":"https:\/\/blogdobispo.com.br\/?s={search_term_string}"},"query-input":{"@type":"PropertyValueSpecification","valueRequired":true,"valueName":"search_term_string"}}],"inLanguage":"pt-BR"},{"@type":"Organization","@id":"https:\/\/blogdobispo.com.br\/#organization","name":"Blog do Bispo","url":"https:\/\/blogdobispo.com.br\/","logo":{"@type":"ImageObject","inLanguage":"pt-BR","@id":"https:\/\/blogdobispo.com.br\/#\/schema\/logo\/image\/","url":"http:\/\/blogdobispo.com.br\/wp-content\/uploads\/2023\/05\/cropped-headear.png","contentUrl":"http:\/\/blogdobispo.com.br\/wp-content\/uploads\/2023\/05\/cropped-headear.png","width":1500,"height":399,"caption":"Blog do Bispo"},"image":{"@id":"https:\/\/blogdobispo.com.br\/#\/schema\/logo\/image\/"}},{"@type":"Person","@id":"https:\/\/blogdobispo.com.br\/#\/schema\/person\/e2209cc0e6cea5c5233d033e997b373f","name":"Jefferson Sterfeno","image":{"@type":"ImageObject","inLanguage":"pt-BR","@id":"https:\/\/blogdobispo.com.br\/#\/schema\/person\/image\/","url":"https:\/\/secure.gravatar.com\/avatar\/0534e84764641168a677026b6d57a3f51dc7ac4db0b4f6186d9cb330d4ee1160?s=96&d=mm&r=g","contentUrl":"https:\/\/secure.gravatar.com\/avatar\/0534e84764641168a677026b6d57a3f51dc7ac4db0b4f6186d9cb330d4ee1160?s=96&d=mm&r=g","caption":"Jefferson Sterfeno"},"sameAs":["http:\/\/blogdobispo.com.br"],"url":"https:\/\/blogdobispo.com.br\/?author=1"}]}},"featured_image_urls":{"full":"","thumbnail":"","medium":"","medium_large":"","large":"","1536x1536":"","2048x2048":""},"author_info":{"display_name":"Jefferson Sterfeno","author_link":"https:\/\/blogdobispo.com.br\/?author=1"},"category_info":"<a href=\"https:\/\/blogdobispo.com.br\/?cat=1\" rel=\"category\">diversos<\/a>","tag_info":"diversos","comment_count":"0","jetpack_featured_media_url":"","jetpack_sharing_enabled":true,"_links":{"self":[{"href":"https:\/\/blogdobispo.com.br\/index.php?rest_route=\/wp\/v2\/posts\/4612","targetHints":{"allow":["GET"]}}],"collection":[{"href":"https:\/\/blogdobispo.com.br\/index.php?rest_route=\/wp\/v2\/posts"}],"about":[{"href":"https:\/\/blogdobispo.com.br\/index.php?rest_route=\/wp\/v2\/types\/post"}],"author":[{"embeddable":true,"href":"https:\/\/blogdobispo.com.br\/index.php?rest_route=\/wp\/v2\/users\/1"}],"replies":[{"embeddable":true,"href":"https:\/\/blogdobispo.com.br\/index.php?rest_route=%2Fwp%2Fv2%2Fcomments&post=4612"}],"version-history":[{"count":0,"href":"https:\/\/blogdobispo.com.br\/index.php?rest_route=\/wp\/v2\/posts\/4612\/revisions"}],"wp:attachment":[{"href":"https:\/\/blogdobispo.com.br\/index.php?rest_route=%2Fwp%2Fv2%2Fmedia&parent=4612"}],"wp:term":[{"taxonomy":"category","embeddable":true,"href":"https:\/\/blogdobispo.com.br\/index.php?rest_route=%2Fwp%2Fv2%2Fcategories&post=4612"},{"taxonomy":"post_tag","embeddable":true,"href":"https:\/\/blogdobispo.com.br\/index.php?rest_route=%2Fwp%2Fv2%2Ftags&post=4612"}],"curies":[{"name":"wp","href":"https:\/\/api.w.org\/{rel}","templated":true}]}}