{"id":4604,"date":"2025-02-06T19:23:17","date_gmt":"2025-02-06T19:23:17","guid":{"rendered":"https:\/\/blogdobispo.com.br\/?p=4604"},"modified":"2025-02-06T19:23:17","modified_gmt":"2025-02-06T19:23:17","slug":"presidentes-de-camaras-da-regiao-central-declaram-apoio-a-candidatura-de-eriko-jacome-para-a-fecam","status":"publish","type":"post","link":"https:\/\/blogdobispo.com.br\/?p=4604","title":{"rendered":"Presidentes de c\u00e2maras da regi\u00e3o central declaram apoio \u00e0 candidatura de Eriko J\u00e1come para a FECAM"},"content":{"rendered":"\n<figure class=\"wp-block-image size-large\"><img data-recalc-dims=\"1\" fetchpriority=\"high\" decoding=\"async\" width=\"800\" height=\"600\" src=\"https:\/\/i0.wp.com\/blogdobispo.com.br\/wp-content\/uploads\/2025\/02\/848d4c36-bb20-4740-93a1-c161be10a1c4-1-1024x768.jpg?resize=800%2C600&#038;ssl=1\" class=\"wp-image-4603\" srcset=\"https:\/\/i0.wp.com\/blogdobispo.com.br\/wp-content\/uploads\/2025\/02\/848d4c36-bb20-4740-93a1-c161be10a1c4-1.jpg?resize=1024%2C768&amp;ssl=1 1024w, https:\/\/i0.wp.com\/blogdobispo.com.br\/wp-content\/uploads\/2025\/02\/848d4c36-bb20-4740-93a1-c161be10a1c4-1.jpg?resize=300%2C225&amp;ssl=1 300w, https:\/\/i0.wp.com\/blogdobispo.com.br\/wp-content\/uploads\/2025\/02\/848d4c36-bb20-4740-93a1-c161be10a1c4-1.jpg?resize=768%2C576&amp;ssl=1 768w, https:\/\/i0.wp.com\/blogdobispo.com.br\/wp-content\/uploads\/2025\/02\/848d4c36-bb20-4740-93a1-c161be10a1c4-1.jpg?resize=1536%2C1152&amp;ssl=1 1536w, https:\/\/i0.wp.com\/blogdobispo.com.br\/wp-content\/uploads\/2025\/02\/848d4c36-bb20-4740-93a1-c161be10a1c4-1.jpg?w=2000&amp;ssl=1 2000w, https:\/\/i0.wp.com\/blogdobispo.com.br\/wp-content\/uploads\/2025\/02\/848d4c36-bb20-4740-93a1-c161be10a1c4-1.jpg?w=1600 1600w\" sizes=\"(max-width: 800px) 100vw, 800px\" \/><\/figure>\n\n\n\n<p><\/p>\n\n\n\n<p>Na tarde desta quinta-feira (6), 11 presidentes de C\u00e2maras Municipais da regi\u00e3o central se reuniram no Vale do A\u00e7u para declarar apoio \u00e0 candidatura de Eriko J\u00e1come \u00e0 presid\u00eancia da Federa\u00e7\u00e3o das C\u00e2maras Municipais do Rio Grande do Norte (FECAM). O encontro foi marcado por discursos de apoio e reafirma\u00e7\u00e3o de compromisso com a uni\u00e3o das C\u00e2maras em prol de uma gest\u00e3o mais representativa e inclusiva.<\/p>\n\n\n\n<p>Eriko J\u00e1come destacou a import\u00e2ncia desse apoio e refor\u00e7ou sua vis\u00e3o de integra\u00e7\u00e3o para todo o estado.<br>&#8220;Nossa campanha segue firme e unida, com uma agenda voltada para atender todas as regi\u00f5es do Rio Grande do Norte. Fico muito feliz em ver esses encontros se transformarem em declara\u00e7\u00f5es de apoio t\u00e3o significativas, mostrando que os presidentes de C\u00e2maras acreditam no nosso projeto. Logo mais estaremos em Mossor\u00f3, fortalecendo ainda mais esse movimento que busca o melhor para o municipalismo do nosso estado&#8221;, afirmou Eriko.<\/p>\n","protected":false},"excerpt":{"rendered":"<p>Na tarde desta quinta-feira (6), 11 presidentes de C\u00e2maras Municipais da regi\u00e3o central se reuniram no Vale do A\u00e7u para declarar apoio \u00e0 candidatura de Eriko J\u00e1come \u00e0 presid\u00eancia da Federa\u00e7\u00e3o das C\u00e2maras Municipais do Rio Grande do Norte (FECAM). O encontro foi marcado por discursos de apoio e reafirma\u00e7\u00e3o de compromisso com a uni\u00e3o [&hellip;]<\/p>\n","protected":false},"author":1,"featured_media":0,"comment_status":"open","ping_status":"open","sticky":false,"template":"","format":"standard","meta":{"cybocfi_hide_featured_image":"","_jetpack_memberships_contains_paid_content":false,"footnotes":""},"categories":[1],"tags":[],"class_list":["post-4604","post","type-post","status-publish","format-standard","hentry","category-diversos"],"yoast_head":"<!-- This site is optimized with the Yoast SEO plugin v25.6 - https:\/\/yoast.com\/wordpress\/plugins\/seo\/ -->\n<title>Presidentes de c\u00e2maras da regi\u00e3o central declaram apoio \u00e0 candidatura de Eriko J\u00e1come para a FECAM - Blog do Bispo<\/title>\n<meta name=\"robots\" content=\"index, follow, max-snippet:-1, max-image-preview:large, max-video-preview:-1\" \/>\n<link rel=\"canonical\" href=\"https:\/\/blogdobispo.com.br\/?p=4604\" \/>\n<meta property=\"og:locale\" content=\"pt_BR\" \/>\n<meta property=\"og:type\" content=\"article\" \/>\n<meta property=\"og:title\" content=\"Presidentes de c\u00e2maras da regi\u00e3o central declaram apoio \u00e0 candidatura de Eriko J\u00e1come para a FECAM - Blog do Bispo\" \/>\n<meta property=\"og:description\" content=\"Na tarde desta quinta-feira (6), 11 presidentes de C\u00e2maras Municipais da regi\u00e3o central se reuniram no Vale do A\u00e7u para declarar apoio \u00e0 candidatura de Eriko J\u00e1come \u00e0 presid\u00eancia da Federa\u00e7\u00e3o das C\u00e2maras Municipais do Rio Grande do Norte (FECAM). O encontro foi marcado por discursos de apoio e reafirma\u00e7\u00e3o de compromisso com a uni\u00e3o [&hellip;]\" \/>\n<meta property=\"og:url\" content=\"https:\/\/blogdobispo.com.br\/?p=4604\" \/>\n<meta property=\"og:site_name\" content=\"Blog do Bispo\" \/>\n<meta property=\"article:published_time\" content=\"2025-02-06T19:23:17+00:00\" \/>\n<meta property=\"og:image\" content=\"https:\/\/blogdobispo.com.br\/wp-content\/uploads\/2025\/02\/848d4c36-bb20-4740-93a1-c161be10a1c4-1-1024x768.jpg\" \/>\n<meta name=\"author\" content=\"Jefferson Sterfeno\" \/>\n<meta name=\"twitter:card\" content=\"summary_large_image\" \/>\n<meta name=\"twitter:label1\" content=\"Escrito por\" \/>\n\t<meta name=\"twitter:data1\" content=\"Jefferson Sterfeno\" \/>\n\t<meta name=\"twitter:label2\" content=\"Est. tempo de leitura\" \/>\n\t<meta name=\"twitter:data2\" content=\"1 minuto\" \/>\n<script type=\"application\/ld+json\" class=\"yoast-schema-graph\">{\"@context\":\"https:\/\/schema.org\",\"@graph\":[{\"@type\":\"Article\",\"@id\":\"https:\/\/blogdobispo.com.br\/?p=4604#article\",\"isPartOf\":{\"@id\":\"https:\/\/blogdobispo.com.br\/?p=4604\"},\"author\":{\"name\":\"Jefferson Sterfeno\",\"@id\":\"https:\/\/blogdobispo.com.br\/#\/schema\/person\/e2209cc0e6cea5c5233d033e997b373f\"},\"headline\":\"Presidentes de c\u00e2maras da regi\u00e3o central declaram apoio \u00e0 candidatura de Eriko J\u00e1come para a FECAM\",\"datePublished\":\"2025-02-06T19:23:17+00:00\",\"mainEntityOfPage\":{\"@id\":\"https:\/\/blogdobispo.com.br\/?p=4604\"},\"wordCount\":184,\"commentCount\":0,\"publisher\":{\"@id\":\"https:\/\/blogdobispo.com.br\/#organization\"},\"image\":{\"@id\":\"https:\/\/blogdobispo.com.br\/?p=4604#primaryimage\"},\"thumbnailUrl\":\"https:\/\/blogdobispo.com.br\/wp-content\/uploads\/2025\/02\/848d4c36-bb20-4740-93a1-c161be10a1c4-1-1024x768.jpg\",\"articleSection\":[\"diversos\"],\"inLanguage\":\"pt-BR\",\"potentialAction\":[{\"@type\":\"CommentAction\",\"name\":\"Comment\",\"target\":[\"https:\/\/blogdobispo.com.br\/?p=4604#respond\"]}]},{\"@type\":\"WebPage\",\"@id\":\"https:\/\/blogdobispo.com.br\/?p=4604\",\"url\":\"https:\/\/blogdobispo.com.br\/?p=4604\",\"name\":\"Presidentes de c\u00e2maras da regi\u00e3o central declaram apoio \u00e0 candidatura de Eriko J\u00e1come para a FECAM - Blog do Bispo\",\"isPartOf\":{\"@id\":\"https:\/\/blogdobispo.com.br\/#website\"},\"primaryImageOfPage\":{\"@id\":\"https:\/\/blogdobispo.com.br\/?p=4604#primaryimage\"},\"image\":{\"@id\":\"https:\/\/blogdobispo.com.br\/?p=4604#primaryimage\"},\"thumbnailUrl\":\"https:\/\/blogdobispo.com.br\/wp-content\/uploads\/2025\/02\/848d4c36-bb20-4740-93a1-c161be10a1c4-1-1024x768.jpg\",\"datePublished\":\"2025-02-06T19:23:17+00:00\",\"breadcrumb\":{\"@id\":\"https:\/\/blogdobispo.com.br\/?p=4604#breadcrumb\"},\"inLanguage\":\"pt-BR\",\"potentialAction\":[{\"@type\":\"ReadAction\",\"target\":[\"https:\/\/blogdobispo.com.br\/?p=4604\"]}]},{\"@type\":\"ImageObject\",\"inLanguage\":\"pt-BR\",\"@id\":\"https:\/\/blogdobispo.com.br\/?p=4604#primaryimage\",\"url\":\"https:\/\/blogdobispo.com.br\/wp-content\/uploads\/2025\/02\/848d4c36-bb20-4740-93a1-c161be10a1c4-1-1024x768.jpg\",\"contentUrl\":\"https:\/\/blogdobispo.com.br\/wp-content\/uploads\/2025\/02\/848d4c36-bb20-4740-93a1-c161be10a1c4-1-1024x768.jpg\"},{\"@type\":\"BreadcrumbList\",\"@id\":\"https:\/\/blogdobispo.com.br\/?p=4604#breadcrumb\",\"itemListElement\":[{\"@type\":\"ListItem\",\"position\":1,\"name\":\"In\u00edcio\",\"item\":\"https:\/\/blogdobispo.com.br\/\"},{\"@type\":\"ListItem\",\"position\":2,\"name\":\"Presidentes de c\u00e2maras da regi\u00e3o central declaram apoio \u00e0 candidatura de Eriko J\u00e1come para a FECAM\"}]},{\"@type\":\"WebSite\",\"@id\":\"https:\/\/blogdobispo.com.br\/#website\",\"url\":\"https:\/\/blogdobispo.com.br\/\",\"name\":\"Blog do Bispo\",\"description\":\"Comprometido apenas com o leitor\",\"publisher\":{\"@id\":\"https:\/\/blogdobispo.com.br\/#organization\"},\"potentialAction\":[{\"@type\":\"SearchAction\",\"target\":{\"@type\":\"EntryPoint\",\"urlTemplate\":\"https:\/\/blogdobispo.com.br\/?s={search_term_string}\"},\"query-input\":{\"@type\":\"PropertyValueSpecification\",\"valueRequired\":true,\"valueName\":\"search_term_string\"}}],\"inLanguage\":\"pt-BR\"},{\"@type\":\"Organization\",\"@id\":\"https:\/\/blogdobispo.com.br\/#organization\",\"name\":\"Blog do Bispo\",\"url\":\"https:\/\/blogdobispo.com.br\/\",\"logo\":{\"@type\":\"ImageObject\",\"inLanguage\":\"pt-BR\",\"@id\":\"https:\/\/blogdobispo.com.br\/#\/schema\/logo\/image\/\",\"url\":\"http:\/\/blogdobispo.com.br\/wp-content\/uploads\/2023\/05\/cropped-headear.png\",\"contentUrl\":\"http:\/\/blogdobispo.com.br\/wp-content\/uploads\/2023\/05\/cropped-headear.png\",\"width\":1500,\"height\":399,\"caption\":\"Blog do Bispo\"},\"image\":{\"@id\":\"https:\/\/blogdobispo.com.br\/#\/schema\/logo\/image\/\"}},{\"@type\":\"Person\",\"@id\":\"https:\/\/blogdobispo.com.br\/#\/schema\/person\/e2209cc0e6cea5c5233d033e997b373f\",\"name\":\"Jefferson Sterfeno\",\"image\":{\"@type\":\"ImageObject\",\"inLanguage\":\"pt-BR\",\"@id\":\"https:\/\/blogdobispo.com.br\/#\/schema\/person\/image\/\",\"url\":\"https:\/\/secure.gravatar.com\/avatar\/0534e84764641168a677026b6d57a3f51dc7ac4db0b4f6186d9cb330d4ee1160?s=96&d=mm&r=g\",\"contentUrl\":\"https:\/\/secure.gravatar.com\/avatar\/0534e84764641168a677026b6d57a3f51dc7ac4db0b4f6186d9cb330d4ee1160?s=96&d=mm&r=g\",\"caption\":\"Jefferson Sterfeno\"},\"sameAs\":[\"http:\/\/blogdobispo.com.br\"],\"url\":\"https:\/\/blogdobispo.com.br\/?author=1\"}]}<\/script>\n<!-- \/ Yoast SEO plugin. -->","yoast_head_json":{"title":"Presidentes de c\u00e2maras da regi\u00e3o central declaram apoio \u00e0 candidatura de Eriko J\u00e1come para a FECAM - Blog do Bispo","robots":{"index":"index","follow":"follow","max-snippet":"max-snippet:-1","max-image-preview":"max-image-preview:large","max-video-preview":"max-video-preview:-1"},"canonical":"https:\/\/blogdobispo.com.br\/?p=4604","og_locale":"pt_BR","og_type":"article","og_title":"Presidentes de c\u00e2maras da regi\u00e3o central declaram apoio \u00e0 candidatura de Eriko J\u00e1come para a FECAM - Blog do Bispo","og_description":"Na tarde desta quinta-feira (6), 11 presidentes de C\u00e2maras Municipais da regi\u00e3o central se reuniram no Vale do A\u00e7u para declarar apoio \u00e0 candidatura de Eriko J\u00e1come \u00e0 presid\u00eancia da Federa\u00e7\u00e3o das C\u00e2maras Municipais do Rio Grande do Norte (FECAM). O encontro foi marcado por discursos de apoio e reafirma\u00e7\u00e3o de compromisso com a uni\u00e3o [&hellip;]","og_url":"https:\/\/blogdobispo.com.br\/?p=4604","og_site_name":"Blog do Bispo","article_published_time":"2025-02-06T19:23:17+00:00","og_image":[{"url":"https:\/\/blogdobispo.com.br\/wp-content\/uploads\/2025\/02\/848d4c36-bb20-4740-93a1-c161be10a1c4-1-1024x768.jpg","type":"","width":"","height":""}],"author":"Jefferson Sterfeno","twitter_card":"summary_large_image","twitter_misc":{"Escrito por":"Jefferson Sterfeno","Est. tempo de leitura":"1 minuto"},"schema":{"@context":"https:\/\/schema.org","@graph":[{"@type":"Article","@id":"https:\/\/blogdobispo.com.br\/?p=4604#article","isPartOf":{"@id":"https:\/\/blogdobispo.com.br\/?p=4604"},"author":{"name":"Jefferson Sterfeno","@id":"https:\/\/blogdobispo.com.br\/#\/schema\/person\/e2209cc0e6cea5c5233d033e997b373f"},"headline":"Presidentes de c\u00e2maras da regi\u00e3o central declaram apoio \u00e0 candidatura de Eriko J\u00e1come para a FECAM","datePublished":"2025-02-06T19:23:17+00:00","mainEntityOfPage":{"@id":"https:\/\/blogdobispo.com.br\/?p=4604"},"wordCount":184,"commentCount":0,"publisher":{"@id":"https:\/\/blogdobispo.com.br\/#organization"},"image":{"@id":"https:\/\/blogdobispo.com.br\/?p=4604#primaryimage"},"thumbnailUrl":"https:\/\/blogdobispo.com.br\/wp-content\/uploads\/2025\/02\/848d4c36-bb20-4740-93a1-c161be10a1c4-1-1024x768.jpg","articleSection":["diversos"],"inLanguage":"pt-BR","potentialAction":[{"@type":"CommentAction","name":"Comment","target":["https:\/\/blogdobispo.com.br\/?p=4604#respond"]}]},{"@type":"WebPage","@id":"https:\/\/blogdobispo.com.br\/?p=4604","url":"https:\/\/blogdobispo.com.br\/?p=4604","name":"Presidentes de c\u00e2maras da regi\u00e3o central declaram apoio \u00e0 candidatura de Eriko J\u00e1come para a FECAM - Blog do Bispo","isPartOf":{"@id":"https:\/\/blogdobispo.com.br\/#website"},"primaryImageOfPage":{"@id":"https:\/\/blogdobispo.com.br\/?p=4604#primaryimage"},"image":{"@id":"https:\/\/blogdobispo.com.br\/?p=4604#primaryimage"},"thumbnailUrl":"https:\/\/blogdobispo.com.br\/wp-content\/uploads\/2025\/02\/848d4c36-bb20-4740-93a1-c161be10a1c4-1-1024x768.jpg","datePublished":"2025-02-06T19:23:17+00:00","breadcrumb":{"@id":"https:\/\/blogdobispo.com.br\/?p=4604#breadcrumb"},"inLanguage":"pt-BR","potentialAction":[{"@type":"ReadAction","target":["https:\/\/blogdobispo.com.br\/?p=4604"]}]},{"@type":"ImageObject","inLanguage":"pt-BR","@id":"https:\/\/blogdobispo.com.br\/?p=4604#primaryimage","url":"https:\/\/blogdobispo.com.br\/wp-content\/uploads\/2025\/02\/848d4c36-bb20-4740-93a1-c161be10a1c4-1-1024x768.jpg","contentUrl":"https:\/\/blogdobispo.com.br\/wp-content\/uploads\/2025\/02\/848d4c36-bb20-4740-93a1-c161be10a1c4-1-1024x768.jpg"},{"@type":"BreadcrumbList","@id":"https:\/\/blogdobispo.com.br\/?p=4604#breadcrumb","itemListElement":[{"@type":"ListItem","position":1,"name":"In\u00edcio","item":"https:\/\/blogdobispo.com.br\/"},{"@type":"ListItem","position":2,"name":"Presidentes de c\u00e2maras da regi\u00e3o central declaram apoio \u00e0 candidatura de Eriko J\u00e1come para a FECAM"}]},{"@type":"WebSite","@id":"https:\/\/blogdobispo.com.br\/#website","url":"https:\/\/blogdobispo.com.br\/","name":"Blog do Bispo","description":"Comprometido apenas com o leitor","publisher":{"@id":"https:\/\/blogdobispo.com.br\/#organization"},"potentialAction":[{"@type":"SearchAction","target":{"@type":"EntryPoint","urlTemplate":"https:\/\/blogdobispo.com.br\/?s={search_term_string}"},"query-input":{"@type":"PropertyValueSpecification","valueRequired":true,"valueName":"search_term_string"}}],"inLanguage":"pt-BR"},{"@type":"Organization","@id":"https:\/\/blogdobispo.com.br\/#organization","name":"Blog do Bispo","url":"https:\/\/blogdobispo.com.br\/","logo":{"@type":"ImageObject","inLanguage":"pt-BR","@id":"https:\/\/blogdobispo.com.br\/#\/schema\/logo\/image\/","url":"http:\/\/blogdobispo.com.br\/wp-content\/uploads\/2023\/05\/cropped-headear.png","contentUrl":"http:\/\/blogdobispo.com.br\/wp-content\/uploads\/2023\/05\/cropped-headear.png","width":1500,"height":399,"caption":"Blog do Bispo"},"image":{"@id":"https:\/\/blogdobispo.com.br\/#\/schema\/logo\/image\/"}},{"@type":"Person","@id":"https:\/\/blogdobispo.com.br\/#\/schema\/person\/e2209cc0e6cea5c5233d033e997b373f","name":"Jefferson Sterfeno","image":{"@type":"ImageObject","inLanguage":"pt-BR","@id":"https:\/\/blogdobispo.com.br\/#\/schema\/person\/image\/","url":"https:\/\/secure.gravatar.com\/avatar\/0534e84764641168a677026b6d57a3f51dc7ac4db0b4f6186d9cb330d4ee1160?s=96&d=mm&r=g","contentUrl":"https:\/\/secure.gravatar.com\/avatar\/0534e84764641168a677026b6d57a3f51dc7ac4db0b4f6186d9cb330d4ee1160?s=96&d=mm&r=g","caption":"Jefferson Sterfeno"},"sameAs":["http:\/\/blogdobispo.com.br"],"url":"https:\/\/blogdobispo.com.br\/?author=1"}]}},"featured_image_urls":{"full":"","thumbnail":"","medium":"","medium_large":"","large":"","1536x1536":"","2048x2048":""},"author_info":{"display_name":"Jefferson Sterfeno","author_link":"https:\/\/blogdobispo.com.br\/?author=1"},"category_info":"<a href=\"https:\/\/blogdobispo.com.br\/?cat=1\" rel=\"category\">diversos<\/a>","tag_info":"diversos","comment_count":"0","jetpack_featured_media_url":"","jetpack_sharing_enabled":true,"_links":{"self":[{"href":"https:\/\/blogdobispo.com.br\/index.php?rest_route=\/wp\/v2\/posts\/4604","targetHints":{"allow":["GET"]}}],"collection":[{"href":"https:\/\/blogdobispo.com.br\/index.php?rest_route=\/wp\/v2\/posts"}],"about":[{"href":"https:\/\/blogdobispo.com.br\/index.php?rest_route=\/wp\/v2\/types\/post"}],"author":[{"embeddable":true,"href":"https:\/\/blogdobispo.com.br\/index.php?rest_route=\/wp\/v2\/users\/1"}],"replies":[{"embeddable":true,"href":"https:\/\/blogdobispo.com.br\/index.php?rest_route=%2Fwp%2Fv2%2Fcomments&post=4604"}],"version-history":[{"count":0,"href":"https:\/\/blogdobispo.com.br\/index.php?rest_route=\/wp\/v2\/posts\/4604\/revisions"}],"wp:attachment":[{"href":"https:\/\/blogdobispo.com.br\/index.php?rest_route=%2Fwp%2Fv2%2Fmedia&parent=4604"}],"wp:term":[{"taxonomy":"category","embeddable":true,"href":"https:\/\/blogdobispo.com.br\/index.php?rest_route=%2Fwp%2Fv2%2Fcategories&post=4604"},{"taxonomy":"post_tag","embeddable":true,"href":"https:\/\/blogdobispo.com.br\/index.php?rest_route=%2Fwp%2Fv2%2Ftags&post=4604"}],"curies":[{"name":"wp","href":"https:\/\/api.w.org\/{rel}","templated":true}]}}