{"id":4589,"date":"2025-02-05T03:46:55","date_gmt":"2025-02-05T03:46:55","guid":{"rendered":"https:\/\/blogdobispo.com.br\/?p=4589"},"modified":"2025-02-05T03:46:55","modified_gmt":"2025-02-05T03:46:55","slug":"assembleia-legislativa-abre-oficialmente-o-ano-legislativo-de-2025","status":"publish","type":"post","link":"https:\/\/blogdobispo.com.br\/?p=4589","title":{"rendered":"Assembleia Legislativa abre oficialmente o ano legislativo de 2025"},"content":{"rendered":"\n<figure class=\"wp-block-image size-large\"><img data-recalc-dims=\"1\" fetchpriority=\"high\" decoding=\"async\" width=\"800\" height=\"532\" src=\"https:\/\/i0.wp.com\/blogdobispo.com.br\/wp-content\/uploads\/2025\/02\/img_2648-1-1024x681.jpg?resize=800%2C532&#038;ssl=1\" class=\"wp-image-4588\" srcset=\"https:\/\/i0.wp.com\/blogdobispo.com.br\/wp-content\/uploads\/2025\/02\/img_2648-1.jpg?resize=1024%2C681&amp;ssl=1 1024w, https:\/\/i0.wp.com\/blogdobispo.com.br\/wp-content\/uploads\/2025\/02\/img_2648-1.jpg?resize=300%2C200&amp;ssl=1 300w, https:\/\/i0.wp.com\/blogdobispo.com.br\/wp-content\/uploads\/2025\/02\/img_2648-1.jpg?resize=768%2C511&amp;ssl=1 768w, https:\/\/i0.wp.com\/blogdobispo.com.br\/wp-content\/uploads\/2025\/02\/img_2648-1.jpg?resize=1536%2C1022&amp;ssl=1 1536w, https:\/\/i0.wp.com\/blogdobispo.com.br\/wp-content\/uploads\/2025\/02\/img_2648-1.jpg?w=2000&amp;ssl=1 2000w, https:\/\/i0.wp.com\/blogdobispo.com.br\/wp-content\/uploads\/2025\/02\/img_2648-1.jpg?w=1600 1600w\" sizes=\"(max-width: 800px) 100vw, 800px\" \/><\/figure>\n\n\n\n<p>Com o tradicional rito formal, que se inicia com a revista \u00e0s tropas da Pol\u00edcia Militar, na Pra\u00e7a dos Tr\u00eas Poderes, pelo presidente da Casa, deputado Ezequiel Ferreira (PSDB), a Assembleia Legislativa (ALRN) retomou os trabalhos legislativos de 2025. &nbsp;A cerim\u00f4nia reuniu os deputados e representantes dos tr\u00eas Poderes constitu\u00eddos. O vice-governador do Estado, Walter Alves (MDB), representou a governadora F\u00e1tima Bezerra (PT), que est\u00e1 em viagem oficial \u00e0 Bras\u00edlia, compromisso anteriormente agendado.&nbsp;<\/p>\n\n\n\n<p>Depois da solenidade em pra\u00e7a p\u00fablica, houve a abertura da sess\u00e3o solene no Plen\u00e1rio onde o presidente Ezequiel Ferreira fez um discurso em que agradeceu aos colegas parlamentares e a todos os servidores, pela confian\u00e7a na sua gest\u00e3o. O presidente nacional do PSDB, Marcone Perillo, prestigiou a sess\u00e3o e a posse de Ezequiel, que tamb\u00e9m \u00e9 presidente estadual do PSDB.&nbsp;<\/p>\n\n\n\n<p>O parlamentar e os colegas que compor\u00e3o a mesa diretora para o bi\u00eanio 2025-2027 assinaram o termo de posse. Em seguida, o presidente da Casa fez um breve discurso no qual agradeceu a confian\u00e7a dos seus pares e servidores.&nbsp;<\/p>\n\n\n\n<p>&#8220;No in\u00edcio da nossa gest\u00e3o, quando desenhamos o projeto de uma casa pr\u00f3spera, mais pr\u00f3xima do povo e alinhada com os desejos sociais, tivemos o apoio de todos. Ent\u00e3o agrade\u00e7o a cada deputado e aos servidores pelo apoio un\u00e2nime e confian\u00e7a em governar os destinos desta Casa, que passou por mudan\u00e7as estruturais&#8221;, afirmou.<\/p>\n\n\n\n<p>Ezequiel destacou o compromisso da gest\u00e3o com o avan\u00e7o empreendido durante a sua gest\u00e3o, durante a qual o Legislativo do RN conquistou quatro pr\u00eamios consecutivos da Unale, a Uni\u00e3o Nacional dos Legisladores e Legislativos Estaduais.<\/p>\n\n\n\n<p>&#8220;Agrade\u00e7o aos meus pares pelo apoio irrestrito, que me trazem para mais um mandato o qual quero concluir e depois passar o bast\u00e3o ao nosso sucessor, deixando uma Casa pronta, que nos orgulha pelos avan\u00e7os que teve, como, por exemplo, a nossa tecnologia de inform\u00e1tica sendo copiada em outros parlamentos, como o Senado e nos estados de S\u00e3o Paulo, Minas Gerais, Paran\u00e1 e Santa Catarina&#8221;, encerrou.&nbsp;<\/p>\n\n\n\n<p>Mesa diretora 2025-2027:<br>Presidente &#8211; Ezequiel Ferreira (PSDB)<br>1\u00ba vice-presidente &#8211; Kleber Rodrigues (PSDB)<br>2\u00ba vice-presidente &#8211; Eudiane Macedo (PV)<br>1\u00ba secret\u00e1rio &#8211; Tomba Farias (PL)<br>2\u00ba secret\u00e1rio &#8211; Galeno Torquato (PSDB)<br>3\u00ba Secret\u00e1rio &#8211; Francisco do PT<br>4\u00b0 Secret\u00e1ria &#8211; Terezinha Maia (PL)<\/p>\n","protected":false},"excerpt":{"rendered":"<p>Com o tradicional rito formal, que se inicia com a revista \u00e0s tropas da Pol\u00edcia Militar, na Pra\u00e7a dos Tr\u00eas Poderes, pelo presidente da Casa, deputado Ezequiel Ferreira (PSDB), a Assembleia Legislativa (ALRN) retomou os trabalhos legislativos de 2025. &nbsp;A cerim\u00f4nia reuniu os deputados e representantes dos tr\u00eas Poderes constitu\u00eddos. O vice-governador do Estado, Walter [&hellip;]<\/p>\n","protected":false},"author":1,"featured_media":0,"comment_status":"open","ping_status":"open","sticky":false,"template":"","format":"standard","meta":{"cybocfi_hide_featured_image":"","_jetpack_memberships_contains_paid_content":false,"footnotes":""},"categories":[1],"tags":[],"class_list":["post-4589","post","type-post","status-publish","format-standard","hentry","category-diversos"],"yoast_head":"<!-- This site is optimized with the Yoast SEO plugin v25.6 - https:\/\/yoast.com\/wordpress\/plugins\/seo\/ -->\n<title>Assembleia Legislativa abre oficialmente o ano legislativo de 2025 - Blog do Bispo<\/title>\n<meta name=\"robots\" content=\"index, follow, max-snippet:-1, max-image-preview:large, max-video-preview:-1\" \/>\n<link rel=\"canonical\" href=\"https:\/\/blogdobispo.com.br\/?p=4589\" \/>\n<meta property=\"og:locale\" content=\"pt_BR\" \/>\n<meta property=\"og:type\" content=\"article\" \/>\n<meta property=\"og:title\" content=\"Assembleia Legislativa abre oficialmente o ano legislativo de 2025 - Blog do Bispo\" \/>\n<meta property=\"og:description\" content=\"Com o tradicional rito formal, que se inicia com a revista \u00e0s tropas da Pol\u00edcia Militar, na Pra\u00e7a dos Tr\u00eas Poderes, pelo presidente da Casa, deputado Ezequiel Ferreira (PSDB), a Assembleia Legislativa (ALRN) retomou os trabalhos legislativos de 2025. &nbsp;A cerim\u00f4nia reuniu os deputados e representantes dos tr\u00eas Poderes constitu\u00eddos. O vice-governador do Estado, Walter [&hellip;]\" \/>\n<meta property=\"og:url\" content=\"https:\/\/blogdobispo.com.br\/?p=4589\" \/>\n<meta property=\"og:site_name\" content=\"Blog do Bispo\" \/>\n<meta property=\"article:published_time\" content=\"2025-02-05T03:46:55+00:00\" \/>\n<meta property=\"og:image\" content=\"https:\/\/blogdobispo.com.br\/wp-content\/uploads\/2025\/02\/img_2648-1-1024x681.jpg\" \/>\n<meta name=\"author\" content=\"Jefferson Sterfeno\" \/>\n<meta name=\"twitter:card\" content=\"summary_large_image\" \/>\n<meta name=\"twitter:label1\" content=\"Escrito por\" \/>\n\t<meta name=\"twitter:data1\" content=\"Jefferson Sterfeno\" \/>\n\t<meta name=\"twitter:label2\" content=\"Est. tempo de leitura\" \/>\n\t<meta name=\"twitter:data2\" content=\"2 minutos\" \/>\n<script type=\"application\/ld+json\" class=\"yoast-schema-graph\">{\"@context\":\"https:\/\/schema.org\",\"@graph\":[{\"@type\":\"Article\",\"@id\":\"https:\/\/blogdobispo.com.br\/?p=4589#article\",\"isPartOf\":{\"@id\":\"https:\/\/blogdobispo.com.br\/?p=4589\"},\"author\":{\"name\":\"Jefferson Sterfeno\",\"@id\":\"https:\/\/blogdobispo.com.br\/#\/schema\/person\/e2209cc0e6cea5c5233d033e997b373f\"},\"headline\":\"Assembleia Legislativa abre oficialmente o ano legislativo de 2025\",\"datePublished\":\"2025-02-05T03:46:55+00:00\",\"mainEntityOfPage\":{\"@id\":\"https:\/\/blogdobispo.com.br\/?p=4589\"},\"wordCount\":416,\"commentCount\":0,\"publisher\":{\"@id\":\"https:\/\/blogdobispo.com.br\/#organization\"},\"image\":{\"@id\":\"https:\/\/blogdobispo.com.br\/?p=4589#primaryimage\"},\"thumbnailUrl\":\"https:\/\/blogdobispo.com.br\/wp-content\/uploads\/2025\/02\/img_2648-1-1024x681.jpg\",\"articleSection\":[\"diversos\"],\"inLanguage\":\"pt-BR\",\"potentialAction\":[{\"@type\":\"CommentAction\",\"name\":\"Comment\",\"target\":[\"https:\/\/blogdobispo.com.br\/?p=4589#respond\"]}]},{\"@type\":\"WebPage\",\"@id\":\"https:\/\/blogdobispo.com.br\/?p=4589\",\"url\":\"https:\/\/blogdobispo.com.br\/?p=4589\",\"name\":\"Assembleia Legislativa abre oficialmente o ano legislativo de 2025 - Blog do Bispo\",\"isPartOf\":{\"@id\":\"https:\/\/blogdobispo.com.br\/#website\"},\"primaryImageOfPage\":{\"@id\":\"https:\/\/blogdobispo.com.br\/?p=4589#primaryimage\"},\"image\":{\"@id\":\"https:\/\/blogdobispo.com.br\/?p=4589#primaryimage\"},\"thumbnailUrl\":\"https:\/\/blogdobispo.com.br\/wp-content\/uploads\/2025\/02\/img_2648-1-1024x681.jpg\",\"datePublished\":\"2025-02-05T03:46:55+00:00\",\"breadcrumb\":{\"@id\":\"https:\/\/blogdobispo.com.br\/?p=4589#breadcrumb\"},\"inLanguage\":\"pt-BR\",\"potentialAction\":[{\"@type\":\"ReadAction\",\"target\":[\"https:\/\/blogdobispo.com.br\/?p=4589\"]}]},{\"@type\":\"ImageObject\",\"inLanguage\":\"pt-BR\",\"@id\":\"https:\/\/blogdobispo.com.br\/?p=4589#primaryimage\",\"url\":\"https:\/\/blogdobispo.com.br\/wp-content\/uploads\/2025\/02\/img_2648-1-1024x681.jpg\",\"contentUrl\":\"https:\/\/blogdobispo.com.br\/wp-content\/uploads\/2025\/02\/img_2648-1-1024x681.jpg\"},{\"@type\":\"BreadcrumbList\",\"@id\":\"https:\/\/blogdobispo.com.br\/?p=4589#breadcrumb\",\"itemListElement\":[{\"@type\":\"ListItem\",\"position\":1,\"name\":\"In\u00edcio\",\"item\":\"https:\/\/blogdobispo.com.br\/\"},{\"@type\":\"ListItem\",\"position\":2,\"name\":\"Assembleia Legislativa abre oficialmente o ano legislativo de 2025\"}]},{\"@type\":\"WebSite\",\"@id\":\"https:\/\/blogdobispo.com.br\/#website\",\"url\":\"https:\/\/blogdobispo.com.br\/\",\"name\":\"Blog do Bispo\",\"description\":\"Comprometido apenas com o leitor\",\"publisher\":{\"@id\":\"https:\/\/blogdobispo.com.br\/#organization\"},\"potentialAction\":[{\"@type\":\"SearchAction\",\"target\":{\"@type\":\"EntryPoint\",\"urlTemplate\":\"https:\/\/blogdobispo.com.br\/?s={search_term_string}\"},\"query-input\":{\"@type\":\"PropertyValueSpecification\",\"valueRequired\":true,\"valueName\":\"search_term_string\"}}],\"inLanguage\":\"pt-BR\"},{\"@type\":\"Organization\",\"@id\":\"https:\/\/blogdobispo.com.br\/#organization\",\"name\":\"Blog do Bispo\",\"url\":\"https:\/\/blogdobispo.com.br\/\",\"logo\":{\"@type\":\"ImageObject\",\"inLanguage\":\"pt-BR\",\"@id\":\"https:\/\/blogdobispo.com.br\/#\/schema\/logo\/image\/\",\"url\":\"http:\/\/blogdobispo.com.br\/wp-content\/uploads\/2023\/05\/cropped-headear.png\",\"contentUrl\":\"http:\/\/blogdobispo.com.br\/wp-content\/uploads\/2023\/05\/cropped-headear.png\",\"width\":1500,\"height\":399,\"caption\":\"Blog do Bispo\"},\"image\":{\"@id\":\"https:\/\/blogdobispo.com.br\/#\/schema\/logo\/image\/\"}},{\"@type\":\"Person\",\"@id\":\"https:\/\/blogdobispo.com.br\/#\/schema\/person\/e2209cc0e6cea5c5233d033e997b373f\",\"name\":\"Jefferson Sterfeno\",\"image\":{\"@type\":\"ImageObject\",\"inLanguage\":\"pt-BR\",\"@id\":\"https:\/\/blogdobispo.com.br\/#\/schema\/person\/image\/\",\"url\":\"https:\/\/secure.gravatar.com\/avatar\/0534e84764641168a677026b6d57a3f51dc7ac4db0b4f6186d9cb330d4ee1160?s=96&d=mm&r=g\",\"contentUrl\":\"https:\/\/secure.gravatar.com\/avatar\/0534e84764641168a677026b6d57a3f51dc7ac4db0b4f6186d9cb330d4ee1160?s=96&d=mm&r=g\",\"caption\":\"Jefferson Sterfeno\"},\"sameAs\":[\"http:\/\/blogdobispo.com.br\"],\"url\":\"https:\/\/blogdobispo.com.br\/?author=1\"}]}<\/script>\n<!-- \/ Yoast SEO plugin. -->","yoast_head_json":{"title":"Assembleia Legislativa abre oficialmente o ano legislativo de 2025 - Blog do Bispo","robots":{"index":"index","follow":"follow","max-snippet":"max-snippet:-1","max-image-preview":"max-image-preview:large","max-video-preview":"max-video-preview:-1"},"canonical":"https:\/\/blogdobispo.com.br\/?p=4589","og_locale":"pt_BR","og_type":"article","og_title":"Assembleia Legislativa abre oficialmente o ano legislativo de 2025 - Blog do Bispo","og_description":"Com o tradicional rito formal, que se inicia com a revista \u00e0s tropas da Pol\u00edcia Militar, na Pra\u00e7a dos Tr\u00eas Poderes, pelo presidente da Casa, deputado Ezequiel Ferreira (PSDB), a Assembleia Legislativa (ALRN) retomou os trabalhos legislativos de 2025. &nbsp;A cerim\u00f4nia reuniu os deputados e representantes dos tr\u00eas Poderes constitu\u00eddos. O vice-governador do Estado, Walter [&hellip;]","og_url":"https:\/\/blogdobispo.com.br\/?p=4589","og_site_name":"Blog do Bispo","article_published_time":"2025-02-05T03:46:55+00:00","og_image":[{"url":"https:\/\/blogdobispo.com.br\/wp-content\/uploads\/2025\/02\/img_2648-1-1024x681.jpg","type":"","width":"","height":""}],"author":"Jefferson Sterfeno","twitter_card":"summary_large_image","twitter_misc":{"Escrito por":"Jefferson Sterfeno","Est. tempo de leitura":"2 minutos"},"schema":{"@context":"https:\/\/schema.org","@graph":[{"@type":"Article","@id":"https:\/\/blogdobispo.com.br\/?p=4589#article","isPartOf":{"@id":"https:\/\/blogdobispo.com.br\/?p=4589"},"author":{"name":"Jefferson Sterfeno","@id":"https:\/\/blogdobispo.com.br\/#\/schema\/person\/e2209cc0e6cea5c5233d033e997b373f"},"headline":"Assembleia Legislativa abre oficialmente o ano legislativo de 2025","datePublished":"2025-02-05T03:46:55+00:00","mainEntityOfPage":{"@id":"https:\/\/blogdobispo.com.br\/?p=4589"},"wordCount":416,"commentCount":0,"publisher":{"@id":"https:\/\/blogdobispo.com.br\/#organization"},"image":{"@id":"https:\/\/blogdobispo.com.br\/?p=4589#primaryimage"},"thumbnailUrl":"https:\/\/blogdobispo.com.br\/wp-content\/uploads\/2025\/02\/img_2648-1-1024x681.jpg","articleSection":["diversos"],"inLanguage":"pt-BR","potentialAction":[{"@type":"CommentAction","name":"Comment","target":["https:\/\/blogdobispo.com.br\/?p=4589#respond"]}]},{"@type":"WebPage","@id":"https:\/\/blogdobispo.com.br\/?p=4589","url":"https:\/\/blogdobispo.com.br\/?p=4589","name":"Assembleia Legislativa abre oficialmente o ano legislativo de 2025 - Blog do Bispo","isPartOf":{"@id":"https:\/\/blogdobispo.com.br\/#website"},"primaryImageOfPage":{"@id":"https:\/\/blogdobispo.com.br\/?p=4589#primaryimage"},"image":{"@id":"https:\/\/blogdobispo.com.br\/?p=4589#primaryimage"},"thumbnailUrl":"https:\/\/blogdobispo.com.br\/wp-content\/uploads\/2025\/02\/img_2648-1-1024x681.jpg","datePublished":"2025-02-05T03:46:55+00:00","breadcrumb":{"@id":"https:\/\/blogdobispo.com.br\/?p=4589#breadcrumb"},"inLanguage":"pt-BR","potentialAction":[{"@type":"ReadAction","target":["https:\/\/blogdobispo.com.br\/?p=4589"]}]},{"@type":"ImageObject","inLanguage":"pt-BR","@id":"https:\/\/blogdobispo.com.br\/?p=4589#primaryimage","url":"https:\/\/blogdobispo.com.br\/wp-content\/uploads\/2025\/02\/img_2648-1-1024x681.jpg","contentUrl":"https:\/\/blogdobispo.com.br\/wp-content\/uploads\/2025\/02\/img_2648-1-1024x681.jpg"},{"@type":"BreadcrumbList","@id":"https:\/\/blogdobispo.com.br\/?p=4589#breadcrumb","itemListElement":[{"@type":"ListItem","position":1,"name":"In\u00edcio","item":"https:\/\/blogdobispo.com.br\/"},{"@type":"ListItem","position":2,"name":"Assembleia Legislativa abre oficialmente o ano legislativo de 2025"}]},{"@type":"WebSite","@id":"https:\/\/blogdobispo.com.br\/#website","url":"https:\/\/blogdobispo.com.br\/","name":"Blog do Bispo","description":"Comprometido apenas com o leitor","publisher":{"@id":"https:\/\/blogdobispo.com.br\/#organization"},"potentialAction":[{"@type":"SearchAction","target":{"@type":"EntryPoint","urlTemplate":"https:\/\/blogdobispo.com.br\/?s={search_term_string}"},"query-input":{"@type":"PropertyValueSpecification","valueRequired":true,"valueName":"search_term_string"}}],"inLanguage":"pt-BR"},{"@type":"Organization","@id":"https:\/\/blogdobispo.com.br\/#organization","name":"Blog do Bispo","url":"https:\/\/blogdobispo.com.br\/","logo":{"@type":"ImageObject","inLanguage":"pt-BR","@id":"https:\/\/blogdobispo.com.br\/#\/schema\/logo\/image\/","url":"http:\/\/blogdobispo.com.br\/wp-content\/uploads\/2023\/05\/cropped-headear.png","contentUrl":"http:\/\/blogdobispo.com.br\/wp-content\/uploads\/2023\/05\/cropped-headear.png","width":1500,"height":399,"caption":"Blog do Bispo"},"image":{"@id":"https:\/\/blogdobispo.com.br\/#\/schema\/logo\/image\/"}},{"@type":"Person","@id":"https:\/\/blogdobispo.com.br\/#\/schema\/person\/e2209cc0e6cea5c5233d033e997b373f","name":"Jefferson Sterfeno","image":{"@type":"ImageObject","inLanguage":"pt-BR","@id":"https:\/\/blogdobispo.com.br\/#\/schema\/person\/image\/","url":"https:\/\/secure.gravatar.com\/avatar\/0534e84764641168a677026b6d57a3f51dc7ac4db0b4f6186d9cb330d4ee1160?s=96&d=mm&r=g","contentUrl":"https:\/\/secure.gravatar.com\/avatar\/0534e84764641168a677026b6d57a3f51dc7ac4db0b4f6186d9cb330d4ee1160?s=96&d=mm&r=g","caption":"Jefferson Sterfeno"},"sameAs":["http:\/\/blogdobispo.com.br"],"url":"https:\/\/blogdobispo.com.br\/?author=1"}]}},"featured_image_urls":{"full":"","thumbnail":"","medium":"","medium_large":"","large":"","1536x1536":"","2048x2048":""},"author_info":{"display_name":"Jefferson Sterfeno","author_link":"https:\/\/blogdobispo.com.br\/?author=1"},"category_info":"<a href=\"https:\/\/blogdobispo.com.br\/?cat=1\" rel=\"category\">diversos<\/a>","tag_info":"diversos","comment_count":"0","jetpack_featured_media_url":"","jetpack_sharing_enabled":true,"_links":{"self":[{"href":"https:\/\/blogdobispo.com.br\/index.php?rest_route=\/wp\/v2\/posts\/4589","targetHints":{"allow":["GET"]}}],"collection":[{"href":"https:\/\/blogdobispo.com.br\/index.php?rest_route=\/wp\/v2\/posts"}],"about":[{"href":"https:\/\/blogdobispo.com.br\/index.php?rest_route=\/wp\/v2\/types\/post"}],"author":[{"embeddable":true,"href":"https:\/\/blogdobispo.com.br\/index.php?rest_route=\/wp\/v2\/users\/1"}],"replies":[{"embeddable":true,"href":"https:\/\/blogdobispo.com.br\/index.php?rest_route=%2Fwp%2Fv2%2Fcomments&post=4589"}],"version-history":[{"count":0,"href":"https:\/\/blogdobispo.com.br\/index.php?rest_route=\/wp\/v2\/posts\/4589\/revisions"}],"wp:attachment":[{"href":"https:\/\/blogdobispo.com.br\/index.php?rest_route=%2Fwp%2Fv2%2Fmedia&parent=4589"}],"wp:term":[{"taxonomy":"category","embeddable":true,"href":"https:\/\/blogdobispo.com.br\/index.php?rest_route=%2Fwp%2Fv2%2Fcategories&post=4589"},{"taxonomy":"post_tag","embeddable":true,"href":"https:\/\/blogdobispo.com.br\/index.php?rest_route=%2Fwp%2Fv2%2Ftags&post=4589"}],"curies":[{"name":"wp","href":"https:\/\/api.w.org\/{rel}","templated":true}]}}