{"id":4572,"date":"2025-02-01T14:13:43","date_gmt":"2025-02-01T14:13:43","guid":{"rendered":"https:\/\/blogdobispo.com.br\/?p=4572"},"modified":"2025-02-01T14:13:43","modified_gmt":"2025-02-01T14:13:43","slug":"presidente-da-camara-de-parnamirim-cesar-maia-declara-apoio-a-eriko-jacome-para-eleicao-da-fecam-rn","status":"publish","type":"post","link":"https:\/\/blogdobispo.com.br\/?p=4572","title":{"rendered":"Presidente da C\u00e2mara de Parnamirim C\u00e9sar Maia declara apoio a Eriko J\u00e1come para elei\u00e7\u00e3o da FECAM\/RN"},"content":{"rendered":"\n<figure class=\"wp-block-image size-large\"><img data-recalc-dims=\"1\" fetchpriority=\"high\" decoding=\"async\" width=\"800\" height=\"1018\" src=\"https:\/\/i0.wp.com\/blogdobispo.com.br\/wp-content\/uploads\/2025\/02\/18cf349f-200a-4e6f-84cf-3a3e186507fe-1-805x1024.jpg?resize=800%2C1018&#038;ssl=1\" class=\"wp-image-4571\" srcset=\"https:\/\/i0.wp.com\/blogdobispo.com.br\/wp-content\/uploads\/2025\/02\/18cf349f-200a-4e6f-84cf-3a3e186507fe-1.jpg?resize=805%2C1024&amp;ssl=1 805w, https:\/\/i0.wp.com\/blogdobispo.com.br\/wp-content\/uploads\/2025\/02\/18cf349f-200a-4e6f-84cf-3a3e186507fe-1.jpg?resize=236%2C300&amp;ssl=1 236w, https:\/\/i0.wp.com\/blogdobispo.com.br\/wp-content\/uploads\/2025\/02\/18cf349f-200a-4e6f-84cf-3a3e186507fe-1.jpg?resize=768%2C977&amp;ssl=1 768w, https:\/\/i0.wp.com\/blogdobispo.com.br\/wp-content\/uploads\/2025\/02\/18cf349f-200a-4e6f-84cf-3a3e186507fe-1.jpg?resize=1207%2C1536&amp;ssl=1 1207w, https:\/\/i0.wp.com\/blogdobispo.com.br\/wp-content\/uploads\/2025\/02\/18cf349f-200a-4e6f-84cf-3a3e186507fe-1.jpg?resize=1024%2C1303&amp;ssl=1 1024w, https:\/\/i0.wp.com\/blogdobispo.com.br\/wp-content\/uploads\/2025\/02\/18cf349f-200a-4e6f-84cf-3a3e186507fe-1.jpg?w=1572&amp;ssl=1 1572w\" sizes=\"(max-width: 800px) 100vw, 800px\" \/><\/figure>\n\n\n\n<p><\/p>\n\n\n\n<p>A corrida pela presid\u00eancia da Federa\u00e7\u00e3o das C\u00e2maras Municipais do Rio Grande do Norte (FECAM\/RN) ganhou um novo cap\u00edtulo nesta sexta-feira (31). O atual presidente da C\u00e2mara Municipal de Parnamirim, C\u00e9sar Maia, oficializou seu apoio \u00e0 candidatura de Eriko J\u00e1come, retirando sua pr\u00f3pria candidatura para integrar a chapa como presidente do Conselho Pol\u00edtico, um cargo estrat\u00e9gico dentro da federa\u00e7\u00e3o.<br>Com vasta experi\u00eancia e reconhecida habilidade pol\u00edtica, Dr. C\u00e9sar ter\u00e1 um papel fundamental na condu\u00e7\u00e3o das decis\u00f5es da federa\u00e7\u00e3o, fortalecendo as rela\u00e7\u00f5es institucionais e promovendo pol\u00edticas que beneficiem os munic\u00edpios potiguares. Sua ades\u00e3o \u00e0 chapa refor\u00e7a o compromisso de construir uma FECAM mais forte e atuante.<br>A decis\u00e3o amplia ainda mais o grupo liderado por Eriko J\u00e1come, que segue conquistando apoios importantes entre os legisladores municipais do estado. Durante o an\u00fancio, C\u00e9sar Maia destacou a necessidade de uni\u00e3o para fortalecer o papel das C\u00e2maras Municipais no desenvolvimento regional.<br>&#8220;O apoio de C\u00e9sar Maia \u00e9 um grande refor\u00e7o para nossa caminhada. Sua decis\u00e3o de integrar a nossa chapa como presidente do Conselho Pol\u00edtico mostra que estamos unidos por um prop\u00f3sito maior: fortalecer a FECAM e valorizar o trabalho das C\u00e2maras Municipais em todo o Rio Grande do Norte. Juntos, vamos construir uma federa\u00e7\u00e3o mais ativa, participativa e comprometida com o desenvolvimento dos nossos munic\u00edpios&#8221;, afirmou Eriko J\u00e1come.<\/p>\n","protected":false},"excerpt":{"rendered":"<p>A corrida pela presid\u00eancia da Federa\u00e7\u00e3o das C\u00e2maras Municipais do Rio Grande do Norte (FECAM\/RN) ganhou um novo cap\u00edtulo nesta sexta-feira (31). O atual presidente da C\u00e2mara Municipal de Parnamirim, C\u00e9sar Maia, oficializou seu apoio \u00e0 candidatura de Eriko J\u00e1come, retirando sua pr\u00f3pria candidatura para integrar a chapa como presidente do Conselho Pol\u00edtico, um cargo [&hellip;]<\/p>\n","protected":false},"author":1,"featured_media":0,"comment_status":"open","ping_status":"open","sticky":false,"template":"","format":"standard","meta":{"cybocfi_hide_featured_image":"","_jetpack_memberships_contains_paid_content":false,"footnotes":""},"categories":[1],"tags":[],"class_list":["post-4572","post","type-post","status-publish","format-standard","hentry","category-diversos"],"yoast_head":"<!-- This site is optimized with the Yoast SEO plugin v25.6 - https:\/\/yoast.com\/wordpress\/plugins\/seo\/ -->\n<title>Presidente da C\u00e2mara de Parnamirim C\u00e9sar Maia declara apoio a Eriko J\u00e1come para elei\u00e7\u00e3o da FECAM\/RN - Blog do Bispo<\/title>\n<meta name=\"robots\" content=\"index, follow, max-snippet:-1, max-image-preview:large, max-video-preview:-1\" \/>\n<link rel=\"canonical\" href=\"https:\/\/blogdobispo.com.br\/?p=4572\" \/>\n<meta property=\"og:locale\" content=\"pt_BR\" \/>\n<meta property=\"og:type\" content=\"article\" \/>\n<meta property=\"og:title\" content=\"Presidente da C\u00e2mara de Parnamirim C\u00e9sar Maia declara apoio a Eriko J\u00e1come para elei\u00e7\u00e3o da FECAM\/RN - Blog do Bispo\" \/>\n<meta property=\"og:description\" content=\"A corrida pela presid\u00eancia da Federa\u00e7\u00e3o das C\u00e2maras Municipais do Rio Grande do Norte (FECAM\/RN) ganhou um novo cap\u00edtulo nesta sexta-feira (31). O atual presidente da C\u00e2mara Municipal de Parnamirim, C\u00e9sar Maia, oficializou seu apoio \u00e0 candidatura de Eriko J\u00e1come, retirando sua pr\u00f3pria candidatura para integrar a chapa como presidente do Conselho Pol\u00edtico, um cargo [&hellip;]\" \/>\n<meta property=\"og:url\" content=\"https:\/\/blogdobispo.com.br\/?p=4572\" \/>\n<meta property=\"og:site_name\" content=\"Blog do Bispo\" \/>\n<meta property=\"article:published_time\" content=\"2025-02-01T14:13:43+00:00\" \/>\n<meta property=\"og:image\" content=\"https:\/\/blogdobispo.com.br\/wp-content\/uploads\/2025\/02\/18cf349f-200a-4e6f-84cf-3a3e186507fe-1-805x1024.jpg\" \/>\n<meta name=\"author\" content=\"Jefferson Sterfeno\" \/>\n<meta name=\"twitter:card\" content=\"summary_large_image\" \/>\n<meta name=\"twitter:label1\" content=\"Escrito por\" \/>\n\t<meta name=\"twitter:data1\" content=\"Jefferson Sterfeno\" \/>\n\t<meta name=\"twitter:label2\" content=\"Est. tempo de leitura\" \/>\n\t<meta name=\"twitter:data2\" content=\"1 minuto\" \/>\n<script type=\"application\/ld+json\" class=\"yoast-schema-graph\">{\"@context\":\"https:\/\/schema.org\",\"@graph\":[{\"@type\":\"Article\",\"@id\":\"https:\/\/blogdobispo.com.br\/?p=4572#article\",\"isPartOf\":{\"@id\":\"https:\/\/blogdobispo.com.br\/?p=4572\"},\"author\":{\"name\":\"Jefferson Sterfeno\",\"@id\":\"https:\/\/blogdobispo.com.br\/#\/schema\/person\/e2209cc0e6cea5c5233d033e997b373f\"},\"headline\":\"Presidente da C\u00e2mara de Parnamirim C\u00e9sar Maia declara apoio a Eriko J\u00e1come para elei\u00e7\u00e3o da FECAM\/RN\",\"datePublished\":\"2025-02-01T14:13:43+00:00\",\"mainEntityOfPage\":{\"@id\":\"https:\/\/blogdobispo.com.br\/?p=4572\"},\"wordCount\":270,\"commentCount\":0,\"publisher\":{\"@id\":\"https:\/\/blogdobispo.com.br\/#organization\"},\"image\":{\"@id\":\"https:\/\/blogdobispo.com.br\/?p=4572#primaryimage\"},\"thumbnailUrl\":\"https:\/\/blogdobispo.com.br\/wp-content\/uploads\/2025\/02\/18cf349f-200a-4e6f-84cf-3a3e186507fe-1-805x1024.jpg\",\"articleSection\":[\"diversos\"],\"inLanguage\":\"pt-BR\",\"potentialAction\":[{\"@type\":\"CommentAction\",\"name\":\"Comment\",\"target\":[\"https:\/\/blogdobispo.com.br\/?p=4572#respond\"]}]},{\"@type\":\"WebPage\",\"@id\":\"https:\/\/blogdobispo.com.br\/?p=4572\",\"url\":\"https:\/\/blogdobispo.com.br\/?p=4572\",\"name\":\"Presidente da C\u00e2mara de Parnamirim C\u00e9sar Maia declara apoio a Eriko J\u00e1come para elei\u00e7\u00e3o da FECAM\/RN - Blog do Bispo\",\"isPartOf\":{\"@id\":\"https:\/\/blogdobispo.com.br\/#website\"},\"primaryImageOfPage\":{\"@id\":\"https:\/\/blogdobispo.com.br\/?p=4572#primaryimage\"},\"image\":{\"@id\":\"https:\/\/blogdobispo.com.br\/?p=4572#primaryimage\"},\"thumbnailUrl\":\"https:\/\/blogdobispo.com.br\/wp-content\/uploads\/2025\/02\/18cf349f-200a-4e6f-84cf-3a3e186507fe-1-805x1024.jpg\",\"datePublished\":\"2025-02-01T14:13:43+00:00\",\"breadcrumb\":{\"@id\":\"https:\/\/blogdobispo.com.br\/?p=4572#breadcrumb\"},\"inLanguage\":\"pt-BR\",\"potentialAction\":[{\"@type\":\"ReadAction\",\"target\":[\"https:\/\/blogdobispo.com.br\/?p=4572\"]}]},{\"@type\":\"ImageObject\",\"inLanguage\":\"pt-BR\",\"@id\":\"https:\/\/blogdobispo.com.br\/?p=4572#primaryimage\",\"url\":\"https:\/\/blogdobispo.com.br\/wp-content\/uploads\/2025\/02\/18cf349f-200a-4e6f-84cf-3a3e186507fe-1-805x1024.jpg\",\"contentUrl\":\"https:\/\/blogdobispo.com.br\/wp-content\/uploads\/2025\/02\/18cf349f-200a-4e6f-84cf-3a3e186507fe-1-805x1024.jpg\"},{\"@type\":\"BreadcrumbList\",\"@id\":\"https:\/\/blogdobispo.com.br\/?p=4572#breadcrumb\",\"itemListElement\":[{\"@type\":\"ListItem\",\"position\":1,\"name\":\"In\u00edcio\",\"item\":\"https:\/\/blogdobispo.com.br\/\"},{\"@type\":\"ListItem\",\"position\":2,\"name\":\"Presidente da C\u00e2mara de Parnamirim C\u00e9sar Maia declara apoio a Eriko J\u00e1come para elei\u00e7\u00e3o da FECAM\/RN\"}]},{\"@type\":\"WebSite\",\"@id\":\"https:\/\/blogdobispo.com.br\/#website\",\"url\":\"https:\/\/blogdobispo.com.br\/\",\"name\":\"Blog do Bispo\",\"description\":\"Comprometido apenas com o leitor\",\"publisher\":{\"@id\":\"https:\/\/blogdobispo.com.br\/#organization\"},\"potentialAction\":[{\"@type\":\"SearchAction\",\"target\":{\"@type\":\"EntryPoint\",\"urlTemplate\":\"https:\/\/blogdobispo.com.br\/?s={search_term_string}\"},\"query-input\":{\"@type\":\"PropertyValueSpecification\",\"valueRequired\":true,\"valueName\":\"search_term_string\"}}],\"inLanguage\":\"pt-BR\"},{\"@type\":\"Organization\",\"@id\":\"https:\/\/blogdobispo.com.br\/#organization\",\"name\":\"Blog do Bispo\",\"url\":\"https:\/\/blogdobispo.com.br\/\",\"logo\":{\"@type\":\"ImageObject\",\"inLanguage\":\"pt-BR\",\"@id\":\"https:\/\/blogdobispo.com.br\/#\/schema\/logo\/image\/\",\"url\":\"http:\/\/blogdobispo.com.br\/wp-content\/uploads\/2023\/05\/cropped-headear.png\",\"contentUrl\":\"http:\/\/blogdobispo.com.br\/wp-content\/uploads\/2023\/05\/cropped-headear.png\",\"width\":1500,\"height\":399,\"caption\":\"Blog do Bispo\"},\"image\":{\"@id\":\"https:\/\/blogdobispo.com.br\/#\/schema\/logo\/image\/\"}},{\"@type\":\"Person\",\"@id\":\"https:\/\/blogdobispo.com.br\/#\/schema\/person\/e2209cc0e6cea5c5233d033e997b373f\",\"name\":\"Jefferson Sterfeno\",\"image\":{\"@type\":\"ImageObject\",\"inLanguage\":\"pt-BR\",\"@id\":\"https:\/\/blogdobispo.com.br\/#\/schema\/person\/image\/\",\"url\":\"https:\/\/secure.gravatar.com\/avatar\/0534e84764641168a677026b6d57a3f51dc7ac4db0b4f6186d9cb330d4ee1160?s=96&d=mm&r=g\",\"contentUrl\":\"https:\/\/secure.gravatar.com\/avatar\/0534e84764641168a677026b6d57a3f51dc7ac4db0b4f6186d9cb330d4ee1160?s=96&d=mm&r=g\",\"caption\":\"Jefferson Sterfeno\"},\"sameAs\":[\"http:\/\/blogdobispo.com.br\"],\"url\":\"https:\/\/blogdobispo.com.br\/?author=1\"}]}<\/script>\n<!-- \/ Yoast SEO plugin. -->","yoast_head_json":{"title":"Presidente da C\u00e2mara de Parnamirim C\u00e9sar Maia declara apoio a Eriko J\u00e1come para elei\u00e7\u00e3o da FECAM\/RN - Blog do Bispo","robots":{"index":"index","follow":"follow","max-snippet":"max-snippet:-1","max-image-preview":"max-image-preview:large","max-video-preview":"max-video-preview:-1"},"canonical":"https:\/\/blogdobispo.com.br\/?p=4572","og_locale":"pt_BR","og_type":"article","og_title":"Presidente da C\u00e2mara de Parnamirim C\u00e9sar Maia declara apoio a Eriko J\u00e1come para elei\u00e7\u00e3o da FECAM\/RN - Blog do Bispo","og_description":"A corrida pela presid\u00eancia da Federa\u00e7\u00e3o das C\u00e2maras Municipais do Rio Grande do Norte (FECAM\/RN) ganhou um novo cap\u00edtulo nesta sexta-feira (31). O atual presidente da C\u00e2mara Municipal de Parnamirim, C\u00e9sar Maia, oficializou seu apoio \u00e0 candidatura de Eriko J\u00e1come, retirando sua pr\u00f3pria candidatura para integrar a chapa como presidente do Conselho Pol\u00edtico, um cargo [&hellip;]","og_url":"https:\/\/blogdobispo.com.br\/?p=4572","og_site_name":"Blog do Bispo","article_published_time":"2025-02-01T14:13:43+00:00","og_image":[{"url":"https:\/\/blogdobispo.com.br\/wp-content\/uploads\/2025\/02\/18cf349f-200a-4e6f-84cf-3a3e186507fe-1-805x1024.jpg","type":"","width":"","height":""}],"author":"Jefferson Sterfeno","twitter_card":"summary_large_image","twitter_misc":{"Escrito por":"Jefferson Sterfeno","Est. tempo de leitura":"1 minuto"},"schema":{"@context":"https:\/\/schema.org","@graph":[{"@type":"Article","@id":"https:\/\/blogdobispo.com.br\/?p=4572#article","isPartOf":{"@id":"https:\/\/blogdobispo.com.br\/?p=4572"},"author":{"name":"Jefferson Sterfeno","@id":"https:\/\/blogdobispo.com.br\/#\/schema\/person\/e2209cc0e6cea5c5233d033e997b373f"},"headline":"Presidente da C\u00e2mara de Parnamirim C\u00e9sar Maia declara apoio a Eriko J\u00e1come para elei\u00e7\u00e3o da FECAM\/RN","datePublished":"2025-02-01T14:13:43+00:00","mainEntityOfPage":{"@id":"https:\/\/blogdobispo.com.br\/?p=4572"},"wordCount":270,"commentCount":0,"publisher":{"@id":"https:\/\/blogdobispo.com.br\/#organization"},"image":{"@id":"https:\/\/blogdobispo.com.br\/?p=4572#primaryimage"},"thumbnailUrl":"https:\/\/blogdobispo.com.br\/wp-content\/uploads\/2025\/02\/18cf349f-200a-4e6f-84cf-3a3e186507fe-1-805x1024.jpg","articleSection":["diversos"],"inLanguage":"pt-BR","potentialAction":[{"@type":"CommentAction","name":"Comment","target":["https:\/\/blogdobispo.com.br\/?p=4572#respond"]}]},{"@type":"WebPage","@id":"https:\/\/blogdobispo.com.br\/?p=4572","url":"https:\/\/blogdobispo.com.br\/?p=4572","name":"Presidente da C\u00e2mara de Parnamirim C\u00e9sar Maia declara apoio a Eriko J\u00e1come para elei\u00e7\u00e3o da FECAM\/RN - Blog do Bispo","isPartOf":{"@id":"https:\/\/blogdobispo.com.br\/#website"},"primaryImageOfPage":{"@id":"https:\/\/blogdobispo.com.br\/?p=4572#primaryimage"},"image":{"@id":"https:\/\/blogdobispo.com.br\/?p=4572#primaryimage"},"thumbnailUrl":"https:\/\/blogdobispo.com.br\/wp-content\/uploads\/2025\/02\/18cf349f-200a-4e6f-84cf-3a3e186507fe-1-805x1024.jpg","datePublished":"2025-02-01T14:13:43+00:00","breadcrumb":{"@id":"https:\/\/blogdobispo.com.br\/?p=4572#breadcrumb"},"inLanguage":"pt-BR","potentialAction":[{"@type":"ReadAction","target":["https:\/\/blogdobispo.com.br\/?p=4572"]}]},{"@type":"ImageObject","inLanguage":"pt-BR","@id":"https:\/\/blogdobispo.com.br\/?p=4572#primaryimage","url":"https:\/\/blogdobispo.com.br\/wp-content\/uploads\/2025\/02\/18cf349f-200a-4e6f-84cf-3a3e186507fe-1-805x1024.jpg","contentUrl":"https:\/\/blogdobispo.com.br\/wp-content\/uploads\/2025\/02\/18cf349f-200a-4e6f-84cf-3a3e186507fe-1-805x1024.jpg"},{"@type":"BreadcrumbList","@id":"https:\/\/blogdobispo.com.br\/?p=4572#breadcrumb","itemListElement":[{"@type":"ListItem","position":1,"name":"In\u00edcio","item":"https:\/\/blogdobispo.com.br\/"},{"@type":"ListItem","position":2,"name":"Presidente da C\u00e2mara de Parnamirim C\u00e9sar Maia declara apoio a Eriko J\u00e1come para elei\u00e7\u00e3o da FECAM\/RN"}]},{"@type":"WebSite","@id":"https:\/\/blogdobispo.com.br\/#website","url":"https:\/\/blogdobispo.com.br\/","name":"Blog do Bispo","description":"Comprometido apenas com o leitor","publisher":{"@id":"https:\/\/blogdobispo.com.br\/#organization"},"potentialAction":[{"@type":"SearchAction","target":{"@type":"EntryPoint","urlTemplate":"https:\/\/blogdobispo.com.br\/?s={search_term_string}"},"query-input":{"@type":"PropertyValueSpecification","valueRequired":true,"valueName":"search_term_string"}}],"inLanguage":"pt-BR"},{"@type":"Organization","@id":"https:\/\/blogdobispo.com.br\/#organization","name":"Blog do Bispo","url":"https:\/\/blogdobispo.com.br\/","logo":{"@type":"ImageObject","inLanguage":"pt-BR","@id":"https:\/\/blogdobispo.com.br\/#\/schema\/logo\/image\/","url":"http:\/\/blogdobispo.com.br\/wp-content\/uploads\/2023\/05\/cropped-headear.png","contentUrl":"http:\/\/blogdobispo.com.br\/wp-content\/uploads\/2023\/05\/cropped-headear.png","width":1500,"height":399,"caption":"Blog do Bispo"},"image":{"@id":"https:\/\/blogdobispo.com.br\/#\/schema\/logo\/image\/"}},{"@type":"Person","@id":"https:\/\/blogdobispo.com.br\/#\/schema\/person\/e2209cc0e6cea5c5233d033e997b373f","name":"Jefferson Sterfeno","image":{"@type":"ImageObject","inLanguage":"pt-BR","@id":"https:\/\/blogdobispo.com.br\/#\/schema\/person\/image\/","url":"https:\/\/secure.gravatar.com\/avatar\/0534e84764641168a677026b6d57a3f51dc7ac4db0b4f6186d9cb330d4ee1160?s=96&d=mm&r=g","contentUrl":"https:\/\/secure.gravatar.com\/avatar\/0534e84764641168a677026b6d57a3f51dc7ac4db0b4f6186d9cb330d4ee1160?s=96&d=mm&r=g","caption":"Jefferson Sterfeno"},"sameAs":["http:\/\/blogdobispo.com.br"],"url":"https:\/\/blogdobispo.com.br\/?author=1"}]}},"featured_image_urls":{"full":"","thumbnail":"","medium":"","medium_large":"","large":"","1536x1536":"","2048x2048":""},"author_info":{"display_name":"Jefferson Sterfeno","author_link":"https:\/\/blogdobispo.com.br\/?author=1"},"category_info":"<a href=\"https:\/\/blogdobispo.com.br\/?cat=1\" rel=\"category\">diversos<\/a>","tag_info":"diversos","comment_count":"0","jetpack_featured_media_url":"","jetpack_sharing_enabled":true,"_links":{"self":[{"href":"https:\/\/blogdobispo.com.br\/index.php?rest_route=\/wp\/v2\/posts\/4572","targetHints":{"allow":["GET"]}}],"collection":[{"href":"https:\/\/blogdobispo.com.br\/index.php?rest_route=\/wp\/v2\/posts"}],"about":[{"href":"https:\/\/blogdobispo.com.br\/index.php?rest_route=\/wp\/v2\/types\/post"}],"author":[{"embeddable":true,"href":"https:\/\/blogdobispo.com.br\/index.php?rest_route=\/wp\/v2\/users\/1"}],"replies":[{"embeddable":true,"href":"https:\/\/blogdobispo.com.br\/index.php?rest_route=%2Fwp%2Fv2%2Fcomments&post=4572"}],"version-history":[{"count":0,"href":"https:\/\/blogdobispo.com.br\/index.php?rest_route=\/wp\/v2\/posts\/4572\/revisions"}],"wp:attachment":[{"href":"https:\/\/blogdobispo.com.br\/index.php?rest_route=%2Fwp%2Fv2%2Fmedia&parent=4572"}],"wp:term":[{"taxonomy":"category","embeddable":true,"href":"https:\/\/blogdobispo.com.br\/index.php?rest_route=%2Fwp%2Fv2%2Fcategories&post=4572"},{"taxonomy":"post_tag","embeddable":true,"href":"https:\/\/blogdobispo.com.br\/index.php?rest_route=%2Fwp%2Fv2%2Ftags&post=4572"}],"curies":[{"name":"wp","href":"https:\/\/api.w.org\/{rel}","templated":true}]}}