{"id":4537,"date":"2025-01-28T01:20:54","date_gmt":"2025-01-28T01:20:54","guid":{"rendered":"https:\/\/blogdobispo.com.br\/?p=4537"},"modified":"2025-01-28T01:20:54","modified_gmt":"2025-01-28T01:20:54","slug":"acao-do-cadastro-unico-atende-mais-de-1-500-pessoas-em-natal","status":"publish","type":"post","link":"https:\/\/blogdobispo.com.br\/?p=4537","title":{"rendered":"A\u00e7\u00e3o do Cadastro \u00danico atende mais de 1.500 pessoas em Natal"},"content":{"rendered":"\n<figure class=\"wp-block-image size-large\"><img data-recalc-dims=\"1\" fetchpriority=\"high\" decoding=\"async\" width=\"800\" height=\"600\" src=\"https:\/\/i0.wp.com\/blogdobispo.com.br\/wp-content\/uploads\/2025\/01\/img_2522-1-1024x768.jpg?resize=800%2C600&#038;ssl=1\" class=\"wp-image-4536\" srcset=\"https:\/\/i0.wp.com\/blogdobispo.com.br\/wp-content\/uploads\/2025\/01\/img_2522-1.jpg?resize=1024%2C768&amp;ssl=1 1024w, https:\/\/i0.wp.com\/blogdobispo.com.br\/wp-content\/uploads\/2025\/01\/img_2522-1.jpg?resize=300%2C225&amp;ssl=1 300w, https:\/\/i0.wp.com\/blogdobispo.com.br\/wp-content\/uploads\/2025\/01\/img_2522-1.jpg?resize=768%2C576&amp;ssl=1 768w, https:\/\/i0.wp.com\/blogdobispo.com.br\/wp-content\/uploads\/2025\/01\/img_2522-1.jpg?resize=1536%2C1152&amp;ssl=1 1536w, https:\/\/i0.wp.com\/blogdobispo.com.br\/wp-content\/uploads\/2025\/01\/img_2522-1.jpg?w=1600&amp;ssl=1 1600w\" sizes=\"(max-width: 800px) 100vw, 800px\" \/><\/figure>\n\n\n\n<p>Um fim de semana de muito trabalho e compromisso marcou a primeira a\u00e7\u00e3o de inclus\u00e3o e atualiza\u00e7\u00e3o do Cadastro \u00danico (Cad\u00danico) em Natal. A iniciativa promovida pela Secretaria Municipal do Trabalho e Assist\u00eancia Social (Semtas) no s\u00e1bado, aconteceu no \u00faltimo (25), na Escola Municipal Bernardo do Nascimento, no bairro de Felipe Camar\u00e3o, e foi considerada um sucesso: mais de 1.500 pessoas foram atendidas ao longo do dia.&nbsp;<\/p>\n\n\n\n<p>Com o objetivo de ampliar o acesso da popula\u00e7\u00e3o aos programas sociais, a a\u00e7\u00e3o tamb\u00e9m priorizou a organiza\u00e7\u00e3o e continuidade dos atendimentos. As fam\u00edlias que n\u00e3o puderam finalizar o cadastro ou a atualiza\u00e7\u00e3o no s\u00e1bado foram agendadas para os pr\u00f3ximos s\u00e1bados, garantindo que ningu\u00e9m ficasse sem assist\u00eancia.&nbsp;<\/p>\n\n\n\n<p>Maria Gon\u00e7alo, de 48 anos, foi uma das atendidas e elogiou a iniciativa. \u201cEu precisava atualizar meu cadastro, mas n\u00e3o tinha condi\u00e7\u00f5es de pagar a passagem para ir para outro local. Todo o dinheiro que tenho \u00e9 para comprar o p\u00e3o. Ter esse atendimento aqui foi uma grande ajuda. Sem essa oportunidade, eu n\u00e3o conseguiria resolver\u201d, relatou ela.&nbsp;<\/p>\n\n\n\n<p>Jo\u00e3o Ricardo, outro morador atendido, tamb\u00e9m destacou a import\u00e2ncia da a\u00e7\u00e3o. \u201cTrazer esse servi\u00e7o at\u00e9 aqui \u00e9 algo que faz toda a diferen\u00e7a para as pessoas. Muita gente da nossa regi\u00e3o precisa desse tipo de atendimento e n\u00e3o tem condi\u00e7\u00f5es de ir atr\u00e1s. Ver uma secretaria se organizar para vir at\u00e9 aqui mostra um cuidado com quem mais precisa. Espero que a\u00e7\u00f5es como essa continuem, porque ainda h\u00e1 muita gente que precisa ser atendida\u201d, disse ele, demonstrando gratid\u00e3o pela iniciativa.&nbsp;<\/p>\n\n\n\n<p>A secret\u00e1ria da Semtas, Nina Souza, celebrou os resultados e destacou o compromisso da Secretaria com a popula\u00e7\u00e3o. \u201cFoi um dia muito produtivo, com mais de 1.500 pessoas atendidas e muitas outras agendadas para as pr\u00f3ximas semanas. Nosso foco \u00e9 levar o Cadastro \u00danico para todas as regi\u00f5es de Natal, com planejamento e organiza\u00e7\u00e3o, garantindo que cada cidad\u00e3o tenha acesso a um servi\u00e7o de forma digna e eficiente. Estamos trabalhando para estar mais pr\u00f3ximo da popula\u00e7\u00e3o e facilitar o acesso aos servi\u00e7os que a secretaria tem.\u201d&nbsp;<\/p>\n\n\n\n<p>A Semtas j\u00e1 est\u00e1 apresentando novas edi\u00e7\u00f5es da a\u00e7\u00e3o, que ser\u00e3o realizadas em outras regi\u00f5es administrativas da cidade. Os dados e locais ser\u00e3o divulgados. A secretaria orienta que os cidad\u00e3os estejam atentos \u00e0s pr\u00f3ximas edi\u00e7\u00f5es e compare\u00e7am com os seguintes documentos: CPF, RG, carteira de trabalho, certid\u00f5es de nascimento ou casamento, comprovante de resid\u00eancia, declara\u00e7\u00e3o escolar, t\u00edtulo de eleitor e os documentos dos familiares que moram na mesma resid\u00eancia.<\/p>\n\n\n\n<p>Com foco em atender \u00e0s demandas da popula\u00e7\u00e3o de forma eficiente, a Semtas est\u00e1 estruturando uma log\u00edstica para levar as pr\u00f3ximas edi\u00e7\u00f5es da a\u00e7\u00e3o do Cadastro \u00danico \u00e0s demais regi\u00f5es de Natal. O objetivo \u00e9 descentralizar os atendimentos, garantindo que as fam\u00edlias de todas as zonas administrativas da cidade tenham acesso facilitado aos servi\u00e7os, refor\u00e7ando a import\u00e2ncia de descentralizar o atendimento e dar prioridade \u00e0 inclus\u00e3o social das pessoas que est\u00e3o em vulnerabilidade social.<\/p>\n","protected":false},"excerpt":{"rendered":"<p>Um fim de semana de muito trabalho e compromisso marcou a primeira a\u00e7\u00e3o de inclus\u00e3o e atualiza\u00e7\u00e3o do Cadastro \u00danico (Cad\u00danico) em Natal. A iniciativa promovida pela Secretaria Municipal do Trabalho e Assist\u00eancia Social (Semtas) no s\u00e1bado, aconteceu no \u00faltimo (25), na Escola Municipal Bernardo do Nascimento, no bairro de Felipe Camar\u00e3o, e foi considerada [&hellip;]<\/p>\n","protected":false},"author":1,"featured_media":0,"comment_status":"open","ping_status":"open","sticky":false,"template":"","format":"standard","meta":{"cybocfi_hide_featured_image":"","_jetpack_memberships_contains_paid_content":false,"footnotes":""},"categories":[1],"tags":[],"class_list":["post-4537","post","type-post","status-publish","format-standard","hentry","category-diversos"],"yoast_head":"<!-- This site is optimized with the Yoast SEO plugin v25.6 - https:\/\/yoast.com\/wordpress\/plugins\/seo\/ -->\n<title>A\u00e7\u00e3o do Cadastro \u00danico atende mais de 1.500 pessoas em Natal - Blog do Bispo<\/title>\n<meta name=\"robots\" content=\"index, follow, max-snippet:-1, max-image-preview:large, max-video-preview:-1\" \/>\n<link rel=\"canonical\" href=\"https:\/\/blogdobispo.com.br\/?p=4537\" \/>\n<meta property=\"og:locale\" content=\"pt_BR\" \/>\n<meta property=\"og:type\" content=\"article\" \/>\n<meta property=\"og:title\" content=\"A\u00e7\u00e3o do Cadastro \u00danico atende mais de 1.500 pessoas em Natal - Blog do Bispo\" \/>\n<meta property=\"og:description\" content=\"Um fim de semana de muito trabalho e compromisso marcou a primeira a\u00e7\u00e3o de inclus\u00e3o e atualiza\u00e7\u00e3o do Cadastro \u00danico (Cad\u00danico) em Natal. A iniciativa promovida pela Secretaria Municipal do Trabalho e Assist\u00eancia Social (Semtas) no s\u00e1bado, aconteceu no \u00faltimo (25), na Escola Municipal Bernardo do Nascimento, no bairro de Felipe Camar\u00e3o, e foi considerada [&hellip;]\" \/>\n<meta property=\"og:url\" content=\"https:\/\/blogdobispo.com.br\/?p=4537\" \/>\n<meta property=\"og:site_name\" content=\"Blog do Bispo\" \/>\n<meta property=\"article:published_time\" content=\"2025-01-28T01:20:54+00:00\" \/>\n<meta property=\"og:image\" content=\"https:\/\/blogdobispo.com.br\/wp-content\/uploads\/2025\/01\/img_2522-1-1024x768.jpg\" \/>\n<meta name=\"author\" content=\"Jefferson Sterfeno\" \/>\n<meta name=\"twitter:card\" content=\"summary_large_image\" \/>\n<meta name=\"twitter:label1\" content=\"Escrito por\" \/>\n\t<meta name=\"twitter:data1\" content=\"Jefferson Sterfeno\" \/>\n\t<meta name=\"twitter:label2\" content=\"Est. tempo de leitura\" \/>\n\t<meta name=\"twitter:data2\" content=\"3 minutos\" \/>\n<script type=\"application\/ld+json\" class=\"yoast-schema-graph\">{\"@context\":\"https:\/\/schema.org\",\"@graph\":[{\"@type\":\"Article\",\"@id\":\"https:\/\/blogdobispo.com.br\/?p=4537#article\",\"isPartOf\":{\"@id\":\"https:\/\/blogdobispo.com.br\/?p=4537\"},\"author\":{\"name\":\"Jefferson Sterfeno\",\"@id\":\"https:\/\/blogdobispo.com.br\/#\/schema\/person\/e2209cc0e6cea5c5233d033e997b373f\"},\"headline\":\"A\u00e7\u00e3o do Cadastro \u00danico atende mais de 1.500 pessoas em Natal\",\"datePublished\":\"2025-01-28T01:20:54+00:00\",\"mainEntityOfPage\":{\"@id\":\"https:\/\/blogdobispo.com.br\/?p=4537\"},\"wordCount\":560,\"commentCount\":0,\"publisher\":{\"@id\":\"https:\/\/blogdobispo.com.br\/#organization\"},\"image\":{\"@id\":\"https:\/\/blogdobispo.com.br\/?p=4537#primaryimage\"},\"thumbnailUrl\":\"https:\/\/blogdobispo.com.br\/wp-content\/uploads\/2025\/01\/img_2522-1-1024x768.jpg\",\"articleSection\":[\"diversos\"],\"inLanguage\":\"pt-BR\",\"potentialAction\":[{\"@type\":\"CommentAction\",\"name\":\"Comment\",\"target\":[\"https:\/\/blogdobispo.com.br\/?p=4537#respond\"]}]},{\"@type\":\"WebPage\",\"@id\":\"https:\/\/blogdobispo.com.br\/?p=4537\",\"url\":\"https:\/\/blogdobispo.com.br\/?p=4537\",\"name\":\"A\u00e7\u00e3o do Cadastro \u00danico atende mais de 1.500 pessoas em Natal - Blog do Bispo\",\"isPartOf\":{\"@id\":\"https:\/\/blogdobispo.com.br\/#website\"},\"primaryImageOfPage\":{\"@id\":\"https:\/\/blogdobispo.com.br\/?p=4537#primaryimage\"},\"image\":{\"@id\":\"https:\/\/blogdobispo.com.br\/?p=4537#primaryimage\"},\"thumbnailUrl\":\"https:\/\/blogdobispo.com.br\/wp-content\/uploads\/2025\/01\/img_2522-1-1024x768.jpg\",\"datePublished\":\"2025-01-28T01:20:54+00:00\",\"breadcrumb\":{\"@id\":\"https:\/\/blogdobispo.com.br\/?p=4537#breadcrumb\"},\"inLanguage\":\"pt-BR\",\"potentialAction\":[{\"@type\":\"ReadAction\",\"target\":[\"https:\/\/blogdobispo.com.br\/?p=4537\"]}]},{\"@type\":\"ImageObject\",\"inLanguage\":\"pt-BR\",\"@id\":\"https:\/\/blogdobispo.com.br\/?p=4537#primaryimage\",\"url\":\"https:\/\/blogdobispo.com.br\/wp-content\/uploads\/2025\/01\/img_2522-1-1024x768.jpg\",\"contentUrl\":\"https:\/\/blogdobispo.com.br\/wp-content\/uploads\/2025\/01\/img_2522-1-1024x768.jpg\"},{\"@type\":\"BreadcrumbList\",\"@id\":\"https:\/\/blogdobispo.com.br\/?p=4537#breadcrumb\",\"itemListElement\":[{\"@type\":\"ListItem\",\"position\":1,\"name\":\"In\u00edcio\",\"item\":\"https:\/\/blogdobispo.com.br\/\"},{\"@type\":\"ListItem\",\"position\":2,\"name\":\"A\u00e7\u00e3o do Cadastro \u00danico atende mais de 1.500 pessoas em Natal\"}]},{\"@type\":\"WebSite\",\"@id\":\"https:\/\/blogdobispo.com.br\/#website\",\"url\":\"https:\/\/blogdobispo.com.br\/\",\"name\":\"Blog do Bispo\",\"description\":\"Comprometido apenas com o leitor\",\"publisher\":{\"@id\":\"https:\/\/blogdobispo.com.br\/#organization\"},\"potentialAction\":[{\"@type\":\"SearchAction\",\"target\":{\"@type\":\"EntryPoint\",\"urlTemplate\":\"https:\/\/blogdobispo.com.br\/?s={search_term_string}\"},\"query-input\":{\"@type\":\"PropertyValueSpecification\",\"valueRequired\":true,\"valueName\":\"search_term_string\"}}],\"inLanguage\":\"pt-BR\"},{\"@type\":\"Organization\",\"@id\":\"https:\/\/blogdobispo.com.br\/#organization\",\"name\":\"Blog do Bispo\",\"url\":\"https:\/\/blogdobispo.com.br\/\",\"logo\":{\"@type\":\"ImageObject\",\"inLanguage\":\"pt-BR\",\"@id\":\"https:\/\/blogdobispo.com.br\/#\/schema\/logo\/image\/\",\"url\":\"http:\/\/blogdobispo.com.br\/wp-content\/uploads\/2023\/05\/cropped-headear.png\",\"contentUrl\":\"http:\/\/blogdobispo.com.br\/wp-content\/uploads\/2023\/05\/cropped-headear.png\",\"width\":1500,\"height\":399,\"caption\":\"Blog do Bispo\"},\"image\":{\"@id\":\"https:\/\/blogdobispo.com.br\/#\/schema\/logo\/image\/\"}},{\"@type\":\"Person\",\"@id\":\"https:\/\/blogdobispo.com.br\/#\/schema\/person\/e2209cc0e6cea5c5233d033e997b373f\",\"name\":\"Jefferson Sterfeno\",\"image\":{\"@type\":\"ImageObject\",\"inLanguage\":\"pt-BR\",\"@id\":\"https:\/\/blogdobispo.com.br\/#\/schema\/person\/image\/\",\"url\":\"https:\/\/secure.gravatar.com\/avatar\/0534e84764641168a677026b6d57a3f51dc7ac4db0b4f6186d9cb330d4ee1160?s=96&d=mm&r=g\",\"contentUrl\":\"https:\/\/secure.gravatar.com\/avatar\/0534e84764641168a677026b6d57a3f51dc7ac4db0b4f6186d9cb330d4ee1160?s=96&d=mm&r=g\",\"caption\":\"Jefferson Sterfeno\"},\"sameAs\":[\"http:\/\/blogdobispo.com.br\"],\"url\":\"https:\/\/blogdobispo.com.br\/?author=1\"}]}<\/script>\n<!-- \/ Yoast SEO plugin. -->","yoast_head_json":{"title":"A\u00e7\u00e3o do Cadastro \u00danico atende mais de 1.500 pessoas em Natal - Blog do Bispo","robots":{"index":"index","follow":"follow","max-snippet":"max-snippet:-1","max-image-preview":"max-image-preview:large","max-video-preview":"max-video-preview:-1"},"canonical":"https:\/\/blogdobispo.com.br\/?p=4537","og_locale":"pt_BR","og_type":"article","og_title":"A\u00e7\u00e3o do Cadastro \u00danico atende mais de 1.500 pessoas em Natal - Blog do Bispo","og_description":"Um fim de semana de muito trabalho e compromisso marcou a primeira a\u00e7\u00e3o de inclus\u00e3o e atualiza\u00e7\u00e3o do Cadastro \u00danico (Cad\u00danico) em Natal. A iniciativa promovida pela Secretaria Municipal do Trabalho e Assist\u00eancia Social (Semtas) no s\u00e1bado, aconteceu no \u00faltimo (25), na Escola Municipal Bernardo do Nascimento, no bairro de Felipe Camar\u00e3o, e foi considerada [&hellip;]","og_url":"https:\/\/blogdobispo.com.br\/?p=4537","og_site_name":"Blog do Bispo","article_published_time":"2025-01-28T01:20:54+00:00","og_image":[{"url":"https:\/\/blogdobispo.com.br\/wp-content\/uploads\/2025\/01\/img_2522-1-1024x768.jpg","type":"","width":"","height":""}],"author":"Jefferson Sterfeno","twitter_card":"summary_large_image","twitter_misc":{"Escrito por":"Jefferson Sterfeno","Est. tempo de leitura":"3 minutos"},"schema":{"@context":"https:\/\/schema.org","@graph":[{"@type":"Article","@id":"https:\/\/blogdobispo.com.br\/?p=4537#article","isPartOf":{"@id":"https:\/\/blogdobispo.com.br\/?p=4537"},"author":{"name":"Jefferson Sterfeno","@id":"https:\/\/blogdobispo.com.br\/#\/schema\/person\/e2209cc0e6cea5c5233d033e997b373f"},"headline":"A\u00e7\u00e3o do Cadastro \u00danico atende mais de 1.500 pessoas em Natal","datePublished":"2025-01-28T01:20:54+00:00","mainEntityOfPage":{"@id":"https:\/\/blogdobispo.com.br\/?p=4537"},"wordCount":560,"commentCount":0,"publisher":{"@id":"https:\/\/blogdobispo.com.br\/#organization"},"image":{"@id":"https:\/\/blogdobispo.com.br\/?p=4537#primaryimage"},"thumbnailUrl":"https:\/\/blogdobispo.com.br\/wp-content\/uploads\/2025\/01\/img_2522-1-1024x768.jpg","articleSection":["diversos"],"inLanguage":"pt-BR","potentialAction":[{"@type":"CommentAction","name":"Comment","target":["https:\/\/blogdobispo.com.br\/?p=4537#respond"]}]},{"@type":"WebPage","@id":"https:\/\/blogdobispo.com.br\/?p=4537","url":"https:\/\/blogdobispo.com.br\/?p=4537","name":"A\u00e7\u00e3o do Cadastro \u00danico atende mais de 1.500 pessoas em Natal - Blog do Bispo","isPartOf":{"@id":"https:\/\/blogdobispo.com.br\/#website"},"primaryImageOfPage":{"@id":"https:\/\/blogdobispo.com.br\/?p=4537#primaryimage"},"image":{"@id":"https:\/\/blogdobispo.com.br\/?p=4537#primaryimage"},"thumbnailUrl":"https:\/\/blogdobispo.com.br\/wp-content\/uploads\/2025\/01\/img_2522-1-1024x768.jpg","datePublished":"2025-01-28T01:20:54+00:00","breadcrumb":{"@id":"https:\/\/blogdobispo.com.br\/?p=4537#breadcrumb"},"inLanguage":"pt-BR","potentialAction":[{"@type":"ReadAction","target":["https:\/\/blogdobispo.com.br\/?p=4537"]}]},{"@type":"ImageObject","inLanguage":"pt-BR","@id":"https:\/\/blogdobispo.com.br\/?p=4537#primaryimage","url":"https:\/\/blogdobispo.com.br\/wp-content\/uploads\/2025\/01\/img_2522-1-1024x768.jpg","contentUrl":"https:\/\/blogdobispo.com.br\/wp-content\/uploads\/2025\/01\/img_2522-1-1024x768.jpg"},{"@type":"BreadcrumbList","@id":"https:\/\/blogdobispo.com.br\/?p=4537#breadcrumb","itemListElement":[{"@type":"ListItem","position":1,"name":"In\u00edcio","item":"https:\/\/blogdobispo.com.br\/"},{"@type":"ListItem","position":2,"name":"A\u00e7\u00e3o do Cadastro \u00danico atende mais de 1.500 pessoas em Natal"}]},{"@type":"WebSite","@id":"https:\/\/blogdobispo.com.br\/#website","url":"https:\/\/blogdobispo.com.br\/","name":"Blog do Bispo","description":"Comprometido apenas com o leitor","publisher":{"@id":"https:\/\/blogdobispo.com.br\/#organization"},"potentialAction":[{"@type":"SearchAction","target":{"@type":"EntryPoint","urlTemplate":"https:\/\/blogdobispo.com.br\/?s={search_term_string}"},"query-input":{"@type":"PropertyValueSpecification","valueRequired":true,"valueName":"search_term_string"}}],"inLanguage":"pt-BR"},{"@type":"Organization","@id":"https:\/\/blogdobispo.com.br\/#organization","name":"Blog do Bispo","url":"https:\/\/blogdobispo.com.br\/","logo":{"@type":"ImageObject","inLanguage":"pt-BR","@id":"https:\/\/blogdobispo.com.br\/#\/schema\/logo\/image\/","url":"http:\/\/blogdobispo.com.br\/wp-content\/uploads\/2023\/05\/cropped-headear.png","contentUrl":"http:\/\/blogdobispo.com.br\/wp-content\/uploads\/2023\/05\/cropped-headear.png","width":1500,"height":399,"caption":"Blog do Bispo"},"image":{"@id":"https:\/\/blogdobispo.com.br\/#\/schema\/logo\/image\/"}},{"@type":"Person","@id":"https:\/\/blogdobispo.com.br\/#\/schema\/person\/e2209cc0e6cea5c5233d033e997b373f","name":"Jefferson Sterfeno","image":{"@type":"ImageObject","inLanguage":"pt-BR","@id":"https:\/\/blogdobispo.com.br\/#\/schema\/person\/image\/","url":"https:\/\/secure.gravatar.com\/avatar\/0534e84764641168a677026b6d57a3f51dc7ac4db0b4f6186d9cb330d4ee1160?s=96&d=mm&r=g","contentUrl":"https:\/\/secure.gravatar.com\/avatar\/0534e84764641168a677026b6d57a3f51dc7ac4db0b4f6186d9cb330d4ee1160?s=96&d=mm&r=g","caption":"Jefferson Sterfeno"},"sameAs":["http:\/\/blogdobispo.com.br"],"url":"https:\/\/blogdobispo.com.br\/?author=1"}]}},"featured_image_urls":{"full":"","thumbnail":"","medium":"","medium_large":"","large":"","1536x1536":"","2048x2048":""},"author_info":{"display_name":"Jefferson Sterfeno","author_link":"https:\/\/blogdobispo.com.br\/?author=1"},"category_info":"<a href=\"https:\/\/blogdobispo.com.br\/?cat=1\" rel=\"category\">diversos<\/a>","tag_info":"diversos","comment_count":"0","jetpack_featured_media_url":"","jetpack_sharing_enabled":true,"_links":{"self":[{"href":"https:\/\/blogdobispo.com.br\/index.php?rest_route=\/wp\/v2\/posts\/4537","targetHints":{"allow":["GET"]}}],"collection":[{"href":"https:\/\/blogdobispo.com.br\/index.php?rest_route=\/wp\/v2\/posts"}],"about":[{"href":"https:\/\/blogdobispo.com.br\/index.php?rest_route=\/wp\/v2\/types\/post"}],"author":[{"embeddable":true,"href":"https:\/\/blogdobispo.com.br\/index.php?rest_route=\/wp\/v2\/users\/1"}],"replies":[{"embeddable":true,"href":"https:\/\/blogdobispo.com.br\/index.php?rest_route=%2Fwp%2Fv2%2Fcomments&post=4537"}],"version-history":[{"count":0,"href":"https:\/\/blogdobispo.com.br\/index.php?rest_route=\/wp\/v2\/posts\/4537\/revisions"}],"wp:attachment":[{"href":"https:\/\/blogdobispo.com.br\/index.php?rest_route=%2Fwp%2Fv2%2Fmedia&parent=4537"}],"wp:term":[{"taxonomy":"category","embeddable":true,"href":"https:\/\/blogdobispo.com.br\/index.php?rest_route=%2Fwp%2Fv2%2Fcategories&post=4537"},{"taxonomy":"post_tag","embeddable":true,"href":"https:\/\/blogdobispo.com.br\/index.php?rest_route=%2Fwp%2Fv2%2Ftags&post=4537"}],"curies":[{"name":"wp","href":"https:\/\/api.w.org\/{rel}","templated":true}]}}