{"id":4535,"date":"2025-01-28T00:43:16","date_gmt":"2025-01-28T00:43:16","guid":{"rendered":"https:\/\/blogdobispo.com.br\/?p=4535"},"modified":"2025-01-28T00:43:16","modified_gmt":"2025-01-28T00:43:16","slug":"pms-presos-suspeitos-de-planejar-vinganca-por-morte-de-prefeito-de-joao-dias-sao-soltos","status":"publish","type":"post","link":"https:\/\/blogdobispo.com.br\/?p=4535","title":{"rendered":"PMs presos suspeitos de planejar \u2018vingan\u00e7a\u2019 por morte de prefeito de Jo\u00e3o Dias s\u00e3o soltos"},"content":{"rendered":"\n<p>A Justi\u00e7a concedeu habeas corpus e soltou tr\u00eas policiais militares que foram presos logo ap\u00f3s o assassinato do<a href=\"https:\/\/98fmnatal.com.br\/ultimas\/megaoperacao-apos-morte-do-prefeito-de-joao-dias-termina-com-12-presos-no-alto-oeste-potiguar\/258219\/\">&nbsp;<strong>prefeito de Jo\u00e3o Dias, Marcelo Oliveira, e do pai dele, Sandi Oliveira,<\/strong><\/a>em agosto do ano passado. De acordo com a pol\u00edcia, o homens s\u00e3o suspeitos de integrar uma quadrilha armada que planejava uma \u201cvingan\u00e7a\u201d ap\u00f3s a morte do prefeito e do pai. Os PMs v\u00e3o passar a responder ao crime em liberdade. As informa\u00e7\u00f5es s\u00e3o do g1 RN.&nbsp;<\/p>\n\n\n\n<p>O crime aconteceu no dia 27 de agosto do ano passado na cidade de Jo\u00e3o Dias, na Regi\u00e3o Oeste do Rio Grande do Norte, durante uma movimenta\u00e7\u00e3o de campanha para as elei\u00e7\u00f5es.<\/p>\n\n\n\n<p>Os policiais foram detidos no mesmo dia do assassinato \u2013 eles estavam ao lado de um irm\u00e3o do prefeito e de outras seis pessoas. Divididos em dois carros na zona rural da cidade de Jo\u00e3o Dias, eles estavam com 14 armas da fogo, dentre elas um fuzil, espingardas, carabina, pistolas e rev\u00f3lveres.<\/p>\n\n\n\n<p>Segundo a Pol\u00edcia Civil, a suspeita \u00e9 que eles planejavam uma vingan\u00e7a pelo assassinato. Todos foram autuados por porte ilegal de arma de fogo e forma\u00e7\u00e3o de quadrilha armada.<\/p>\n\n\n\n<p><strong>*Com informa\u00e7\u00f5es g1 RN<\/strong><\/p>\n\n\n\n<ul class=\"wp-block-list share_list\">\n<li><a href=\"https:\/\/wa.me\/?text=PMs+presos+suspeitos+de+planejar+%26%238216%3Bvingan%C3%A7a%26%238217%3B+por+morte+de+prefeito+de+Jo%C3%A3o+Dias+s%C3%A3o+soltos%20|%20https:\/\/98fmnatal.com.br\/ultimas\/pms-presos-suspeitos-de-planejar-vinganca-por-morte-de-prefeito-de-joao-dias-sao-soltos\/274750\/\" target=\"_blank\" rel=\"noreferrer noopener\"><\/a><\/li>\n\n\n\n<li><a href=\"https:\/\/www.facebook.com\/sharer.php?u=https:\/\/98fmnatal.com.br\/ultimas\/pms-presos-suspeitos-de-planejar-vinganca-por-morte-de-prefeito-de-joao-dias-sao-soltos\/274750\/&amp;text=PMs+presos+suspeitos+de+planejar+%26%238216%3Bvingan%C3%A7a%26%238217%3B+por+morte+de+prefeito+de+Jo%C3%A3o+Dias+s%C3%A3o+soltos\" target=\"_blank\" rel=\"noreferrer noopener\"><\/a><\/li>\n\n\n\n<li><a href=\"https:\/\/twitter.com\/intent\/tweet?url=https:\/\/98fmnatal.com.br\/ultimas\/pms-presos-suspeitos-de-planejar-vinganca-por-morte-de-prefeito-de-joao-dias-sao-soltos\/274750\/&amp;text=PMs+presos+suspeitos+de+planejar+%26%238216%3Bvingan%C3%A7a%26%238217%3B+por+morte+de+prefeito+de+Jo%C3%A3o+Dias+s%C3%A3o+soltos&amp;via=98fmnatal\" target=\"_blank\" rel=\"noreferrer noopener\"><\/a><\/li>\n\n\n\n<li><a href=\"https:\/\/www.linkedin.com\/shareArticle\/?mini=true&amp;url=PMs+presos+suspeitos+de+planejar+%26%238216%3Bvingan%C3%A7a%26%238217%3B+por+morte+de+prefeito+de+Jo%C3%A3o+Dias+s%C3%A3o+soltos&amp;source=98fmnatal.com.br\" target=\"_blank\" rel=\"noreferrer noopener\"><\/a><\/li>\n<\/ul>\n\n\n\n<figure class=\"wp-block-image size-large\"><img data-recalc-dims=\"1\" fetchpriority=\"high\" decoding=\"async\" width=\"300\" height=\"178\" src=\"https:\/\/i0.wp.com\/blogdobispo.com.br\/wp-content\/uploads\/2025\/01\/img_2521-1-300x178.png?resize=300%2C178&#038;ssl=1\" class=\"wp-image-4534\" srcset=\"https:\/\/i0.wp.com\/blogdobispo.com.br\/wp-content\/uploads\/2025\/01\/img_2521-1.png?resize=300%2C178&amp;ssl=1 300w, https:\/\/i0.wp.com\/blogdobispo.com.br\/wp-content\/uploads\/2025\/01\/img_2521-1.png?resize=768%2C457&amp;ssl=1 768w, https:\/\/i0.wp.com\/blogdobispo.com.br\/wp-content\/uploads\/2025\/01\/img_2521-1.png?w=900&amp;ssl=1 900w\" sizes=\"(max-width: 300px) 100vw, 300px\" \/><\/figure>\n","protected":false},"excerpt":{"rendered":"<p>A Justi\u00e7a concedeu habeas corpus e soltou tr\u00eas policiais militares que foram presos logo ap\u00f3s o assassinato do&nbsp;prefeito de Jo\u00e3o Dias, Marcelo Oliveira, e do pai dele, Sandi Oliveira,em agosto do ano passado. De acordo com a pol\u00edcia, o homens s\u00e3o suspeitos de integrar uma quadrilha armada que planejava uma \u201cvingan\u00e7a\u201d ap\u00f3s a morte do [&hellip;]<\/p>\n","protected":false},"author":1,"featured_media":0,"comment_status":"open","ping_status":"open","sticky":false,"template":"","format":"standard","meta":{"cybocfi_hide_featured_image":"","_jetpack_memberships_contains_paid_content":false,"footnotes":""},"categories":[1],"tags":[],"class_list":["post-4535","post","type-post","status-publish","format-standard","hentry","category-diversos"],"yoast_head":"<!-- This site is optimized with the Yoast SEO plugin v25.6 - https:\/\/yoast.com\/wordpress\/plugins\/seo\/ -->\n<title>PMs presos suspeitos de planejar \u2018vingan\u00e7a\u2019 por morte de prefeito de Jo\u00e3o Dias s\u00e3o soltos - Blog do Bispo<\/title>\n<meta name=\"robots\" content=\"index, follow, max-snippet:-1, max-image-preview:large, max-video-preview:-1\" \/>\n<link rel=\"canonical\" href=\"https:\/\/blogdobispo.com.br\/?p=4535\" \/>\n<meta property=\"og:locale\" content=\"pt_BR\" \/>\n<meta property=\"og:type\" content=\"article\" \/>\n<meta property=\"og:title\" content=\"PMs presos suspeitos de planejar \u2018vingan\u00e7a\u2019 por morte de prefeito de Jo\u00e3o Dias s\u00e3o soltos - Blog do Bispo\" \/>\n<meta property=\"og:description\" content=\"A Justi\u00e7a concedeu habeas corpus e soltou tr\u00eas policiais militares que foram presos logo ap\u00f3s o assassinato do&nbsp;prefeito de Jo\u00e3o Dias, Marcelo Oliveira, e do pai dele, Sandi Oliveira,em agosto do ano passado. De acordo com a pol\u00edcia, o homens s\u00e3o suspeitos de integrar uma quadrilha armada que planejava uma \u201cvingan\u00e7a\u201d ap\u00f3s a morte do [&hellip;]\" \/>\n<meta property=\"og:url\" content=\"https:\/\/blogdobispo.com.br\/?p=4535\" \/>\n<meta property=\"og:site_name\" content=\"Blog do Bispo\" \/>\n<meta property=\"article:published_time\" content=\"2025-01-28T00:43:16+00:00\" \/>\n<meta property=\"og:image\" content=\"https:\/\/blogdobispo.com.br\/wp-content\/uploads\/2025\/01\/img_2521-1-300x178.png\" \/>\n<meta name=\"author\" content=\"Jefferson Sterfeno\" \/>\n<meta name=\"twitter:card\" content=\"summary_large_image\" \/>\n<meta name=\"twitter:label1\" content=\"Escrito por\" \/>\n\t<meta name=\"twitter:data1\" content=\"Jefferson Sterfeno\" \/>\n\t<meta name=\"twitter:label2\" content=\"Est. tempo de leitura\" \/>\n\t<meta name=\"twitter:data2\" content=\"1 minuto\" \/>\n<script type=\"application\/ld+json\" class=\"yoast-schema-graph\">{\"@context\":\"https:\/\/schema.org\",\"@graph\":[{\"@type\":\"Article\",\"@id\":\"https:\/\/blogdobispo.com.br\/?p=4535#article\",\"isPartOf\":{\"@id\":\"https:\/\/blogdobispo.com.br\/?p=4535\"},\"author\":{\"name\":\"Jefferson Sterfeno\",\"@id\":\"https:\/\/blogdobispo.com.br\/#\/schema\/person\/e2209cc0e6cea5c5233d033e997b373f\"},\"headline\":\"PMs presos suspeitos de planejar \u2018vingan\u00e7a\u2019 por morte de prefeito de Jo\u00e3o Dias s\u00e3o soltos\",\"datePublished\":\"2025-01-28T00:43:16+00:00\",\"mainEntityOfPage\":{\"@id\":\"https:\/\/blogdobispo.com.br\/?p=4535\"},\"wordCount\":232,\"commentCount\":0,\"publisher\":{\"@id\":\"https:\/\/blogdobispo.com.br\/#organization\"},\"image\":{\"@id\":\"https:\/\/blogdobispo.com.br\/?p=4535#primaryimage\"},\"thumbnailUrl\":\"https:\/\/blogdobispo.com.br\/wp-content\/uploads\/2025\/01\/img_2521-1-300x178.png\",\"articleSection\":[\"diversos\"],\"inLanguage\":\"pt-BR\",\"potentialAction\":[{\"@type\":\"CommentAction\",\"name\":\"Comment\",\"target\":[\"https:\/\/blogdobispo.com.br\/?p=4535#respond\"]}]},{\"@type\":\"WebPage\",\"@id\":\"https:\/\/blogdobispo.com.br\/?p=4535\",\"url\":\"https:\/\/blogdobispo.com.br\/?p=4535\",\"name\":\"PMs presos suspeitos de planejar \u2018vingan\u00e7a\u2019 por morte de prefeito de Jo\u00e3o Dias s\u00e3o soltos - Blog do Bispo\",\"isPartOf\":{\"@id\":\"https:\/\/blogdobispo.com.br\/#website\"},\"primaryImageOfPage\":{\"@id\":\"https:\/\/blogdobispo.com.br\/?p=4535#primaryimage\"},\"image\":{\"@id\":\"https:\/\/blogdobispo.com.br\/?p=4535#primaryimage\"},\"thumbnailUrl\":\"https:\/\/blogdobispo.com.br\/wp-content\/uploads\/2025\/01\/img_2521-1-300x178.png\",\"datePublished\":\"2025-01-28T00:43:16+00:00\",\"breadcrumb\":{\"@id\":\"https:\/\/blogdobispo.com.br\/?p=4535#breadcrumb\"},\"inLanguage\":\"pt-BR\",\"potentialAction\":[{\"@type\":\"ReadAction\",\"target\":[\"https:\/\/blogdobispo.com.br\/?p=4535\"]}]},{\"@type\":\"ImageObject\",\"inLanguage\":\"pt-BR\",\"@id\":\"https:\/\/blogdobispo.com.br\/?p=4535#primaryimage\",\"url\":\"https:\/\/blogdobispo.com.br\/wp-content\/uploads\/2025\/01\/img_2521-1-300x178.png\",\"contentUrl\":\"https:\/\/blogdobispo.com.br\/wp-content\/uploads\/2025\/01\/img_2521-1-300x178.png\"},{\"@type\":\"BreadcrumbList\",\"@id\":\"https:\/\/blogdobispo.com.br\/?p=4535#breadcrumb\",\"itemListElement\":[{\"@type\":\"ListItem\",\"position\":1,\"name\":\"In\u00edcio\",\"item\":\"https:\/\/blogdobispo.com.br\/\"},{\"@type\":\"ListItem\",\"position\":2,\"name\":\"PMs presos suspeitos de planejar \u2018vingan\u00e7a\u2019 por morte de prefeito de Jo\u00e3o Dias s\u00e3o soltos\"}]},{\"@type\":\"WebSite\",\"@id\":\"https:\/\/blogdobispo.com.br\/#website\",\"url\":\"https:\/\/blogdobispo.com.br\/\",\"name\":\"Blog do Bispo\",\"description\":\"Comprometido apenas com o leitor\",\"publisher\":{\"@id\":\"https:\/\/blogdobispo.com.br\/#organization\"},\"potentialAction\":[{\"@type\":\"SearchAction\",\"target\":{\"@type\":\"EntryPoint\",\"urlTemplate\":\"https:\/\/blogdobispo.com.br\/?s={search_term_string}\"},\"query-input\":{\"@type\":\"PropertyValueSpecification\",\"valueRequired\":true,\"valueName\":\"search_term_string\"}}],\"inLanguage\":\"pt-BR\"},{\"@type\":\"Organization\",\"@id\":\"https:\/\/blogdobispo.com.br\/#organization\",\"name\":\"Blog do Bispo\",\"url\":\"https:\/\/blogdobispo.com.br\/\",\"logo\":{\"@type\":\"ImageObject\",\"inLanguage\":\"pt-BR\",\"@id\":\"https:\/\/blogdobispo.com.br\/#\/schema\/logo\/image\/\",\"url\":\"http:\/\/blogdobispo.com.br\/wp-content\/uploads\/2023\/05\/cropped-headear.png\",\"contentUrl\":\"http:\/\/blogdobispo.com.br\/wp-content\/uploads\/2023\/05\/cropped-headear.png\",\"width\":1500,\"height\":399,\"caption\":\"Blog do Bispo\"},\"image\":{\"@id\":\"https:\/\/blogdobispo.com.br\/#\/schema\/logo\/image\/\"}},{\"@type\":\"Person\",\"@id\":\"https:\/\/blogdobispo.com.br\/#\/schema\/person\/e2209cc0e6cea5c5233d033e997b373f\",\"name\":\"Jefferson Sterfeno\",\"image\":{\"@type\":\"ImageObject\",\"inLanguage\":\"pt-BR\",\"@id\":\"https:\/\/blogdobispo.com.br\/#\/schema\/person\/image\/\",\"url\":\"https:\/\/secure.gravatar.com\/avatar\/0534e84764641168a677026b6d57a3f51dc7ac4db0b4f6186d9cb330d4ee1160?s=96&d=mm&r=g\",\"contentUrl\":\"https:\/\/secure.gravatar.com\/avatar\/0534e84764641168a677026b6d57a3f51dc7ac4db0b4f6186d9cb330d4ee1160?s=96&d=mm&r=g\",\"caption\":\"Jefferson Sterfeno\"},\"sameAs\":[\"http:\/\/blogdobispo.com.br\"],\"url\":\"https:\/\/blogdobispo.com.br\/?author=1\"}]}<\/script>\n<!-- \/ Yoast SEO plugin. -->","yoast_head_json":{"title":"PMs presos suspeitos de planejar \u2018vingan\u00e7a\u2019 por morte de prefeito de Jo\u00e3o Dias s\u00e3o soltos - Blog do Bispo","robots":{"index":"index","follow":"follow","max-snippet":"max-snippet:-1","max-image-preview":"max-image-preview:large","max-video-preview":"max-video-preview:-1"},"canonical":"https:\/\/blogdobispo.com.br\/?p=4535","og_locale":"pt_BR","og_type":"article","og_title":"PMs presos suspeitos de planejar \u2018vingan\u00e7a\u2019 por morte de prefeito de Jo\u00e3o Dias s\u00e3o soltos - Blog do Bispo","og_description":"A Justi\u00e7a concedeu habeas corpus e soltou tr\u00eas policiais militares que foram presos logo ap\u00f3s o assassinato do&nbsp;prefeito de Jo\u00e3o Dias, Marcelo Oliveira, e do pai dele, Sandi Oliveira,em agosto do ano passado. De acordo com a pol\u00edcia, o homens s\u00e3o suspeitos de integrar uma quadrilha armada que planejava uma \u201cvingan\u00e7a\u201d ap\u00f3s a morte do [&hellip;]","og_url":"https:\/\/blogdobispo.com.br\/?p=4535","og_site_name":"Blog do Bispo","article_published_time":"2025-01-28T00:43:16+00:00","og_image":[{"url":"https:\/\/blogdobispo.com.br\/wp-content\/uploads\/2025\/01\/img_2521-1-300x178.png","type":"","width":"","height":""}],"author":"Jefferson Sterfeno","twitter_card":"summary_large_image","twitter_misc":{"Escrito por":"Jefferson Sterfeno","Est. tempo de leitura":"1 minuto"},"schema":{"@context":"https:\/\/schema.org","@graph":[{"@type":"Article","@id":"https:\/\/blogdobispo.com.br\/?p=4535#article","isPartOf":{"@id":"https:\/\/blogdobispo.com.br\/?p=4535"},"author":{"name":"Jefferson Sterfeno","@id":"https:\/\/blogdobispo.com.br\/#\/schema\/person\/e2209cc0e6cea5c5233d033e997b373f"},"headline":"PMs presos suspeitos de planejar \u2018vingan\u00e7a\u2019 por morte de prefeito de Jo\u00e3o Dias s\u00e3o soltos","datePublished":"2025-01-28T00:43:16+00:00","mainEntityOfPage":{"@id":"https:\/\/blogdobispo.com.br\/?p=4535"},"wordCount":232,"commentCount":0,"publisher":{"@id":"https:\/\/blogdobispo.com.br\/#organization"},"image":{"@id":"https:\/\/blogdobispo.com.br\/?p=4535#primaryimage"},"thumbnailUrl":"https:\/\/blogdobispo.com.br\/wp-content\/uploads\/2025\/01\/img_2521-1-300x178.png","articleSection":["diversos"],"inLanguage":"pt-BR","potentialAction":[{"@type":"CommentAction","name":"Comment","target":["https:\/\/blogdobispo.com.br\/?p=4535#respond"]}]},{"@type":"WebPage","@id":"https:\/\/blogdobispo.com.br\/?p=4535","url":"https:\/\/blogdobispo.com.br\/?p=4535","name":"PMs presos suspeitos de planejar \u2018vingan\u00e7a\u2019 por morte de prefeito de Jo\u00e3o Dias s\u00e3o soltos - Blog do Bispo","isPartOf":{"@id":"https:\/\/blogdobispo.com.br\/#website"},"primaryImageOfPage":{"@id":"https:\/\/blogdobispo.com.br\/?p=4535#primaryimage"},"image":{"@id":"https:\/\/blogdobispo.com.br\/?p=4535#primaryimage"},"thumbnailUrl":"https:\/\/blogdobispo.com.br\/wp-content\/uploads\/2025\/01\/img_2521-1-300x178.png","datePublished":"2025-01-28T00:43:16+00:00","breadcrumb":{"@id":"https:\/\/blogdobispo.com.br\/?p=4535#breadcrumb"},"inLanguage":"pt-BR","potentialAction":[{"@type":"ReadAction","target":["https:\/\/blogdobispo.com.br\/?p=4535"]}]},{"@type":"ImageObject","inLanguage":"pt-BR","@id":"https:\/\/blogdobispo.com.br\/?p=4535#primaryimage","url":"https:\/\/blogdobispo.com.br\/wp-content\/uploads\/2025\/01\/img_2521-1-300x178.png","contentUrl":"https:\/\/blogdobispo.com.br\/wp-content\/uploads\/2025\/01\/img_2521-1-300x178.png"},{"@type":"BreadcrumbList","@id":"https:\/\/blogdobispo.com.br\/?p=4535#breadcrumb","itemListElement":[{"@type":"ListItem","position":1,"name":"In\u00edcio","item":"https:\/\/blogdobispo.com.br\/"},{"@type":"ListItem","position":2,"name":"PMs presos suspeitos de planejar \u2018vingan\u00e7a\u2019 por morte de prefeito de Jo\u00e3o Dias s\u00e3o soltos"}]},{"@type":"WebSite","@id":"https:\/\/blogdobispo.com.br\/#website","url":"https:\/\/blogdobispo.com.br\/","name":"Blog do Bispo","description":"Comprometido apenas com o leitor","publisher":{"@id":"https:\/\/blogdobispo.com.br\/#organization"},"potentialAction":[{"@type":"SearchAction","target":{"@type":"EntryPoint","urlTemplate":"https:\/\/blogdobispo.com.br\/?s={search_term_string}"},"query-input":{"@type":"PropertyValueSpecification","valueRequired":true,"valueName":"search_term_string"}}],"inLanguage":"pt-BR"},{"@type":"Organization","@id":"https:\/\/blogdobispo.com.br\/#organization","name":"Blog do Bispo","url":"https:\/\/blogdobispo.com.br\/","logo":{"@type":"ImageObject","inLanguage":"pt-BR","@id":"https:\/\/blogdobispo.com.br\/#\/schema\/logo\/image\/","url":"http:\/\/blogdobispo.com.br\/wp-content\/uploads\/2023\/05\/cropped-headear.png","contentUrl":"http:\/\/blogdobispo.com.br\/wp-content\/uploads\/2023\/05\/cropped-headear.png","width":1500,"height":399,"caption":"Blog do Bispo"},"image":{"@id":"https:\/\/blogdobispo.com.br\/#\/schema\/logo\/image\/"}},{"@type":"Person","@id":"https:\/\/blogdobispo.com.br\/#\/schema\/person\/e2209cc0e6cea5c5233d033e997b373f","name":"Jefferson Sterfeno","image":{"@type":"ImageObject","inLanguage":"pt-BR","@id":"https:\/\/blogdobispo.com.br\/#\/schema\/person\/image\/","url":"https:\/\/secure.gravatar.com\/avatar\/0534e84764641168a677026b6d57a3f51dc7ac4db0b4f6186d9cb330d4ee1160?s=96&d=mm&r=g","contentUrl":"https:\/\/secure.gravatar.com\/avatar\/0534e84764641168a677026b6d57a3f51dc7ac4db0b4f6186d9cb330d4ee1160?s=96&d=mm&r=g","caption":"Jefferson Sterfeno"},"sameAs":["http:\/\/blogdobispo.com.br"],"url":"https:\/\/blogdobispo.com.br\/?author=1"}]}},"featured_image_urls":{"full":"","thumbnail":"","medium":"","medium_large":"","large":"","1536x1536":"","2048x2048":""},"author_info":{"display_name":"Jefferson Sterfeno","author_link":"https:\/\/blogdobispo.com.br\/?author=1"},"category_info":"<a href=\"https:\/\/blogdobispo.com.br\/?cat=1\" rel=\"category\">diversos<\/a>","tag_info":"diversos","comment_count":"0","jetpack_featured_media_url":"","jetpack_sharing_enabled":true,"_links":{"self":[{"href":"https:\/\/blogdobispo.com.br\/index.php?rest_route=\/wp\/v2\/posts\/4535","targetHints":{"allow":["GET"]}}],"collection":[{"href":"https:\/\/blogdobispo.com.br\/index.php?rest_route=\/wp\/v2\/posts"}],"about":[{"href":"https:\/\/blogdobispo.com.br\/index.php?rest_route=\/wp\/v2\/types\/post"}],"author":[{"embeddable":true,"href":"https:\/\/blogdobispo.com.br\/index.php?rest_route=\/wp\/v2\/users\/1"}],"replies":[{"embeddable":true,"href":"https:\/\/blogdobispo.com.br\/index.php?rest_route=%2Fwp%2Fv2%2Fcomments&post=4535"}],"version-history":[{"count":0,"href":"https:\/\/blogdobispo.com.br\/index.php?rest_route=\/wp\/v2\/posts\/4535\/revisions"}],"wp:attachment":[{"href":"https:\/\/blogdobispo.com.br\/index.php?rest_route=%2Fwp%2Fv2%2Fmedia&parent=4535"}],"wp:term":[{"taxonomy":"category","embeddable":true,"href":"https:\/\/blogdobispo.com.br\/index.php?rest_route=%2Fwp%2Fv2%2Fcategories&post=4535"},{"taxonomy":"post_tag","embeddable":true,"href":"https:\/\/blogdobispo.com.br\/index.php?rest_route=%2Fwp%2Fv2%2Ftags&post=4535"}],"curies":[{"name":"wp","href":"https:\/\/api.w.org\/{rel}","templated":true}]}}