{"id":4533,"date":"2025-01-28T00:39:49","date_gmt":"2025-01-28T00:39:49","guid":{"rendered":"https:\/\/blogdobispo.com.br\/?p=4533"},"modified":"2025-01-28T00:39:49","modified_gmt":"2025-01-28T00:39:49","slug":"deputado-luiz-eduardo-reune-presidentes-de-camaras-em-apoio-a-candidatura-de-eriko-jacome-para-fecam","status":"publish","type":"post","link":"https:\/\/blogdobispo.com.br\/?p=4533","title":{"rendered":"Deputado Luiz Eduardo re\u00fane presidentes de C\u00e2maras em apoio \u00e0 candidatura de Eriko J\u00e1come para FECAM"},"content":{"rendered":"\n<figure class=\"wp-block-image size-large\"><img data-recalc-dims=\"1\" fetchpriority=\"high\" decoding=\"async\" width=\"750\" height=\"355\" src=\"https:\/\/i0.wp.com\/blogdobispo.com.br\/wp-content\/uploads\/2025\/01\/img_2520-1.png?resize=750%2C355&#038;ssl=1\" class=\"wp-image-4532\" srcset=\"https:\/\/i0.wp.com\/blogdobispo.com.br\/wp-content\/uploads\/2025\/01\/img_2520-1.png?w=750&amp;ssl=1 750w, https:\/\/i0.wp.com\/blogdobispo.com.br\/wp-content\/uploads\/2025\/01\/img_2520-1.png?resize=300%2C142&amp;ssl=1 300w\" sizes=\"(max-width: 750px) 100vw, 750px\" \/><\/figure>\n\n\n\n<h4 class=\"wp-block-heading pb-2 tituloNoticia\"><\/h4>\n\n\n\n<p>O deputado estadual Luiz Eduardo reuniu cinco presidentes de c\u00e2maras municipais, na manh\u00e3 desta segunda-feira, que declararam apoio ao presidente da C\u00e2mara Municipal de Natal, Eriko J\u00e1come, na disputa pela Federa\u00e7\u00e3o das C\u00e2maras Municipais do Rio Grande do Norte (FECAM). Estiveram presentes na reuni\u00e3o os presidentes Fabiano Silva, de Pureza; Jo\u00e3o Gustavo, de Currais Novos; Jussier, de Pedro Avelino; Jean dos Morros, de S\u00e3o Miguel do Gostoso; e Rodrigo Cipriano, de Ba\u00eda Formosa.<\/p>\n\n\n\n<p>Durante o encontro, o deputado Luiz Eduardo destacou a import\u00e2ncia da uni\u00e3o entre os presidentes para fortalecer a candidatura de Eriko J\u00e1come. Ele ressaltou que a colabora\u00e7\u00e3o m\u00fatua entre os munic\u00edpios \u00e9 essencial para fazer frente aos desafios enfrentados pelas c\u00e2maras municipais.<\/p>\n\n\n\n<p>Luiz Eduardo expressou total confian\u00e7a em Eriko J\u00e1come, destacando sua habilidade em fazer pol\u00edtica em grupo e que ele far\u00e1 uma grande gest\u00e3o \u00e0 frente da FECAM, caso eleito. \u00c9riko criou uma cartilha com diversas propostas para fortalecer a FECAM e dialogar\u00e1 com todos os presidentes de c\u00e2maras municipais.<\/p>\n\n\n\n<p>Blog MG<\/p>\n","protected":false},"excerpt":{"rendered":"<p>O deputado estadual Luiz Eduardo reuniu cinco presidentes de c\u00e2maras municipais, na manh\u00e3 desta segunda-feira, que declararam apoio ao presidente da C\u00e2mara Municipal de Natal, Eriko J\u00e1come, na disputa pela Federa\u00e7\u00e3o das C\u00e2maras Municipais do Rio Grande do Norte (FECAM). Estiveram presentes na reuni\u00e3o os presidentes Fabiano Silva, de Pureza; Jo\u00e3o Gustavo, de Currais Novos; [&hellip;]<\/p>\n","protected":false},"author":1,"featured_media":0,"comment_status":"open","ping_status":"open","sticky":false,"template":"","format":"standard","meta":{"cybocfi_hide_featured_image":"","_jetpack_memberships_contains_paid_content":false,"footnotes":""},"categories":[1],"tags":[],"class_list":["post-4533","post","type-post","status-publish","format-standard","hentry","category-diversos"],"yoast_head":"<!-- This site is optimized with the Yoast SEO plugin v25.6 - https:\/\/yoast.com\/wordpress\/plugins\/seo\/ -->\n<title>Deputado Luiz Eduardo re\u00fane presidentes de C\u00e2maras em apoio \u00e0 candidatura de Eriko J\u00e1come para FECAM - Blog do Bispo<\/title>\n<meta name=\"robots\" content=\"index, follow, max-snippet:-1, max-image-preview:large, max-video-preview:-1\" \/>\n<link rel=\"canonical\" href=\"https:\/\/blogdobispo.com.br\/?p=4533\" \/>\n<meta property=\"og:locale\" content=\"pt_BR\" \/>\n<meta property=\"og:type\" content=\"article\" \/>\n<meta property=\"og:title\" content=\"Deputado Luiz Eduardo re\u00fane presidentes de C\u00e2maras em apoio \u00e0 candidatura de Eriko J\u00e1come para FECAM - Blog do Bispo\" \/>\n<meta property=\"og:description\" content=\"O deputado estadual Luiz Eduardo reuniu cinco presidentes de c\u00e2maras municipais, na manh\u00e3 desta segunda-feira, que declararam apoio ao presidente da C\u00e2mara Municipal de Natal, Eriko J\u00e1come, na disputa pela Federa\u00e7\u00e3o das C\u00e2maras Municipais do Rio Grande do Norte (FECAM). Estiveram presentes na reuni\u00e3o os presidentes Fabiano Silva, de Pureza; Jo\u00e3o Gustavo, de Currais Novos; [&hellip;]\" \/>\n<meta property=\"og:url\" content=\"https:\/\/blogdobispo.com.br\/?p=4533\" \/>\n<meta property=\"og:site_name\" content=\"Blog do Bispo\" \/>\n<meta property=\"article:published_time\" content=\"2025-01-28T00:39:49+00:00\" \/>\n<meta property=\"og:image\" content=\"https:\/\/blogdobispo.com.br\/wp-content\/uploads\/2025\/01\/img_2520-1.png\" \/>\n<meta name=\"author\" content=\"Jefferson Sterfeno\" \/>\n<meta name=\"twitter:card\" content=\"summary_large_image\" \/>\n<meta name=\"twitter:label1\" content=\"Escrito por\" \/>\n\t<meta name=\"twitter:data1\" content=\"Jefferson Sterfeno\" \/>\n\t<meta name=\"twitter:label2\" content=\"Est. tempo de leitura\" \/>\n\t<meta name=\"twitter:data2\" content=\"1 minuto\" \/>\n<script type=\"application\/ld+json\" class=\"yoast-schema-graph\">{\"@context\":\"https:\/\/schema.org\",\"@graph\":[{\"@type\":\"Article\",\"@id\":\"https:\/\/blogdobispo.com.br\/?p=4533#article\",\"isPartOf\":{\"@id\":\"https:\/\/blogdobispo.com.br\/?p=4533\"},\"author\":{\"name\":\"Jefferson Sterfeno\",\"@id\":\"https:\/\/blogdobispo.com.br\/#\/schema\/person\/e2209cc0e6cea5c5233d033e997b373f\"},\"headline\":\"Deputado Luiz Eduardo re\u00fane presidentes de C\u00e2maras em apoio \u00e0 candidatura de Eriko J\u00e1come para FECAM\",\"datePublished\":\"2025-01-28T00:39:49+00:00\",\"mainEntityOfPage\":{\"@id\":\"https:\/\/blogdobispo.com.br\/?p=4533\"},\"wordCount\":203,\"commentCount\":0,\"publisher\":{\"@id\":\"https:\/\/blogdobispo.com.br\/#organization\"},\"image\":{\"@id\":\"https:\/\/blogdobispo.com.br\/?p=4533#primaryimage\"},\"thumbnailUrl\":\"https:\/\/blogdobispo.com.br\/wp-content\/uploads\/2025\/01\/img_2520-1.png\",\"articleSection\":[\"diversos\"],\"inLanguage\":\"pt-BR\",\"potentialAction\":[{\"@type\":\"CommentAction\",\"name\":\"Comment\",\"target\":[\"https:\/\/blogdobispo.com.br\/?p=4533#respond\"]}]},{\"@type\":\"WebPage\",\"@id\":\"https:\/\/blogdobispo.com.br\/?p=4533\",\"url\":\"https:\/\/blogdobispo.com.br\/?p=4533\",\"name\":\"Deputado Luiz Eduardo re\u00fane presidentes de C\u00e2maras em apoio \u00e0 candidatura de Eriko J\u00e1come para FECAM - Blog do Bispo\",\"isPartOf\":{\"@id\":\"https:\/\/blogdobispo.com.br\/#website\"},\"primaryImageOfPage\":{\"@id\":\"https:\/\/blogdobispo.com.br\/?p=4533#primaryimage\"},\"image\":{\"@id\":\"https:\/\/blogdobispo.com.br\/?p=4533#primaryimage\"},\"thumbnailUrl\":\"https:\/\/blogdobispo.com.br\/wp-content\/uploads\/2025\/01\/img_2520-1.png\",\"datePublished\":\"2025-01-28T00:39:49+00:00\",\"breadcrumb\":{\"@id\":\"https:\/\/blogdobispo.com.br\/?p=4533#breadcrumb\"},\"inLanguage\":\"pt-BR\",\"potentialAction\":[{\"@type\":\"ReadAction\",\"target\":[\"https:\/\/blogdobispo.com.br\/?p=4533\"]}]},{\"@type\":\"ImageObject\",\"inLanguage\":\"pt-BR\",\"@id\":\"https:\/\/blogdobispo.com.br\/?p=4533#primaryimage\",\"url\":\"https:\/\/blogdobispo.com.br\/wp-content\/uploads\/2025\/01\/img_2520-1.png\",\"contentUrl\":\"https:\/\/blogdobispo.com.br\/wp-content\/uploads\/2025\/01\/img_2520-1.png\"},{\"@type\":\"BreadcrumbList\",\"@id\":\"https:\/\/blogdobispo.com.br\/?p=4533#breadcrumb\",\"itemListElement\":[{\"@type\":\"ListItem\",\"position\":1,\"name\":\"In\u00edcio\",\"item\":\"https:\/\/blogdobispo.com.br\/\"},{\"@type\":\"ListItem\",\"position\":2,\"name\":\"Deputado Luiz Eduardo re\u00fane presidentes de C\u00e2maras em apoio \u00e0 candidatura de Eriko J\u00e1come para FECAM\"}]},{\"@type\":\"WebSite\",\"@id\":\"https:\/\/blogdobispo.com.br\/#website\",\"url\":\"https:\/\/blogdobispo.com.br\/\",\"name\":\"Blog do Bispo\",\"description\":\"Comprometido apenas com o leitor\",\"publisher\":{\"@id\":\"https:\/\/blogdobispo.com.br\/#organization\"},\"potentialAction\":[{\"@type\":\"SearchAction\",\"target\":{\"@type\":\"EntryPoint\",\"urlTemplate\":\"https:\/\/blogdobispo.com.br\/?s={search_term_string}\"},\"query-input\":{\"@type\":\"PropertyValueSpecification\",\"valueRequired\":true,\"valueName\":\"search_term_string\"}}],\"inLanguage\":\"pt-BR\"},{\"@type\":\"Organization\",\"@id\":\"https:\/\/blogdobispo.com.br\/#organization\",\"name\":\"Blog do Bispo\",\"url\":\"https:\/\/blogdobispo.com.br\/\",\"logo\":{\"@type\":\"ImageObject\",\"inLanguage\":\"pt-BR\",\"@id\":\"https:\/\/blogdobispo.com.br\/#\/schema\/logo\/image\/\",\"url\":\"http:\/\/blogdobispo.com.br\/wp-content\/uploads\/2023\/05\/cropped-headear.png\",\"contentUrl\":\"http:\/\/blogdobispo.com.br\/wp-content\/uploads\/2023\/05\/cropped-headear.png\",\"width\":1500,\"height\":399,\"caption\":\"Blog do Bispo\"},\"image\":{\"@id\":\"https:\/\/blogdobispo.com.br\/#\/schema\/logo\/image\/\"}},{\"@type\":\"Person\",\"@id\":\"https:\/\/blogdobispo.com.br\/#\/schema\/person\/e2209cc0e6cea5c5233d033e997b373f\",\"name\":\"Jefferson Sterfeno\",\"image\":{\"@type\":\"ImageObject\",\"inLanguage\":\"pt-BR\",\"@id\":\"https:\/\/blogdobispo.com.br\/#\/schema\/person\/image\/\",\"url\":\"https:\/\/secure.gravatar.com\/avatar\/0534e84764641168a677026b6d57a3f51dc7ac4db0b4f6186d9cb330d4ee1160?s=96&d=mm&r=g\",\"contentUrl\":\"https:\/\/secure.gravatar.com\/avatar\/0534e84764641168a677026b6d57a3f51dc7ac4db0b4f6186d9cb330d4ee1160?s=96&d=mm&r=g\",\"caption\":\"Jefferson Sterfeno\"},\"sameAs\":[\"http:\/\/blogdobispo.com.br\"],\"url\":\"https:\/\/blogdobispo.com.br\/?author=1\"}]}<\/script>\n<!-- \/ Yoast SEO plugin. -->","yoast_head_json":{"title":"Deputado Luiz Eduardo re\u00fane presidentes de C\u00e2maras em apoio \u00e0 candidatura de Eriko J\u00e1come para FECAM - Blog do Bispo","robots":{"index":"index","follow":"follow","max-snippet":"max-snippet:-1","max-image-preview":"max-image-preview:large","max-video-preview":"max-video-preview:-1"},"canonical":"https:\/\/blogdobispo.com.br\/?p=4533","og_locale":"pt_BR","og_type":"article","og_title":"Deputado Luiz Eduardo re\u00fane presidentes de C\u00e2maras em apoio \u00e0 candidatura de Eriko J\u00e1come para FECAM - Blog do Bispo","og_description":"O deputado estadual Luiz Eduardo reuniu cinco presidentes de c\u00e2maras municipais, na manh\u00e3 desta segunda-feira, que declararam apoio ao presidente da C\u00e2mara Municipal de Natal, Eriko J\u00e1come, na disputa pela Federa\u00e7\u00e3o das C\u00e2maras Municipais do Rio Grande do Norte (FECAM). Estiveram presentes na reuni\u00e3o os presidentes Fabiano Silva, de Pureza; Jo\u00e3o Gustavo, de Currais Novos; [&hellip;]","og_url":"https:\/\/blogdobispo.com.br\/?p=4533","og_site_name":"Blog do Bispo","article_published_time":"2025-01-28T00:39:49+00:00","og_image":[{"url":"https:\/\/blogdobispo.com.br\/wp-content\/uploads\/2025\/01\/img_2520-1.png","type":"","width":"","height":""}],"author":"Jefferson Sterfeno","twitter_card":"summary_large_image","twitter_misc":{"Escrito por":"Jefferson Sterfeno","Est. tempo de leitura":"1 minuto"},"schema":{"@context":"https:\/\/schema.org","@graph":[{"@type":"Article","@id":"https:\/\/blogdobispo.com.br\/?p=4533#article","isPartOf":{"@id":"https:\/\/blogdobispo.com.br\/?p=4533"},"author":{"name":"Jefferson Sterfeno","@id":"https:\/\/blogdobispo.com.br\/#\/schema\/person\/e2209cc0e6cea5c5233d033e997b373f"},"headline":"Deputado Luiz Eduardo re\u00fane presidentes de C\u00e2maras em apoio \u00e0 candidatura de Eriko J\u00e1come para FECAM","datePublished":"2025-01-28T00:39:49+00:00","mainEntityOfPage":{"@id":"https:\/\/blogdobispo.com.br\/?p=4533"},"wordCount":203,"commentCount":0,"publisher":{"@id":"https:\/\/blogdobispo.com.br\/#organization"},"image":{"@id":"https:\/\/blogdobispo.com.br\/?p=4533#primaryimage"},"thumbnailUrl":"https:\/\/blogdobispo.com.br\/wp-content\/uploads\/2025\/01\/img_2520-1.png","articleSection":["diversos"],"inLanguage":"pt-BR","potentialAction":[{"@type":"CommentAction","name":"Comment","target":["https:\/\/blogdobispo.com.br\/?p=4533#respond"]}]},{"@type":"WebPage","@id":"https:\/\/blogdobispo.com.br\/?p=4533","url":"https:\/\/blogdobispo.com.br\/?p=4533","name":"Deputado Luiz Eduardo re\u00fane presidentes de C\u00e2maras em apoio \u00e0 candidatura de Eriko J\u00e1come para FECAM - Blog do Bispo","isPartOf":{"@id":"https:\/\/blogdobispo.com.br\/#website"},"primaryImageOfPage":{"@id":"https:\/\/blogdobispo.com.br\/?p=4533#primaryimage"},"image":{"@id":"https:\/\/blogdobispo.com.br\/?p=4533#primaryimage"},"thumbnailUrl":"https:\/\/blogdobispo.com.br\/wp-content\/uploads\/2025\/01\/img_2520-1.png","datePublished":"2025-01-28T00:39:49+00:00","breadcrumb":{"@id":"https:\/\/blogdobispo.com.br\/?p=4533#breadcrumb"},"inLanguage":"pt-BR","potentialAction":[{"@type":"ReadAction","target":["https:\/\/blogdobispo.com.br\/?p=4533"]}]},{"@type":"ImageObject","inLanguage":"pt-BR","@id":"https:\/\/blogdobispo.com.br\/?p=4533#primaryimage","url":"https:\/\/blogdobispo.com.br\/wp-content\/uploads\/2025\/01\/img_2520-1.png","contentUrl":"https:\/\/blogdobispo.com.br\/wp-content\/uploads\/2025\/01\/img_2520-1.png"},{"@type":"BreadcrumbList","@id":"https:\/\/blogdobispo.com.br\/?p=4533#breadcrumb","itemListElement":[{"@type":"ListItem","position":1,"name":"In\u00edcio","item":"https:\/\/blogdobispo.com.br\/"},{"@type":"ListItem","position":2,"name":"Deputado Luiz Eduardo re\u00fane presidentes de C\u00e2maras em apoio \u00e0 candidatura de Eriko J\u00e1come para FECAM"}]},{"@type":"WebSite","@id":"https:\/\/blogdobispo.com.br\/#website","url":"https:\/\/blogdobispo.com.br\/","name":"Blog do Bispo","description":"Comprometido apenas com o leitor","publisher":{"@id":"https:\/\/blogdobispo.com.br\/#organization"},"potentialAction":[{"@type":"SearchAction","target":{"@type":"EntryPoint","urlTemplate":"https:\/\/blogdobispo.com.br\/?s={search_term_string}"},"query-input":{"@type":"PropertyValueSpecification","valueRequired":true,"valueName":"search_term_string"}}],"inLanguage":"pt-BR"},{"@type":"Organization","@id":"https:\/\/blogdobispo.com.br\/#organization","name":"Blog do Bispo","url":"https:\/\/blogdobispo.com.br\/","logo":{"@type":"ImageObject","inLanguage":"pt-BR","@id":"https:\/\/blogdobispo.com.br\/#\/schema\/logo\/image\/","url":"http:\/\/blogdobispo.com.br\/wp-content\/uploads\/2023\/05\/cropped-headear.png","contentUrl":"http:\/\/blogdobispo.com.br\/wp-content\/uploads\/2023\/05\/cropped-headear.png","width":1500,"height":399,"caption":"Blog do Bispo"},"image":{"@id":"https:\/\/blogdobispo.com.br\/#\/schema\/logo\/image\/"}},{"@type":"Person","@id":"https:\/\/blogdobispo.com.br\/#\/schema\/person\/e2209cc0e6cea5c5233d033e997b373f","name":"Jefferson Sterfeno","image":{"@type":"ImageObject","inLanguage":"pt-BR","@id":"https:\/\/blogdobispo.com.br\/#\/schema\/person\/image\/","url":"https:\/\/secure.gravatar.com\/avatar\/0534e84764641168a677026b6d57a3f51dc7ac4db0b4f6186d9cb330d4ee1160?s=96&d=mm&r=g","contentUrl":"https:\/\/secure.gravatar.com\/avatar\/0534e84764641168a677026b6d57a3f51dc7ac4db0b4f6186d9cb330d4ee1160?s=96&d=mm&r=g","caption":"Jefferson Sterfeno"},"sameAs":["http:\/\/blogdobispo.com.br"],"url":"https:\/\/blogdobispo.com.br\/?author=1"}]}},"featured_image_urls":{"full":"","thumbnail":"","medium":"","medium_large":"","large":"","1536x1536":"","2048x2048":""},"author_info":{"display_name":"Jefferson Sterfeno","author_link":"https:\/\/blogdobispo.com.br\/?author=1"},"category_info":"<a href=\"https:\/\/blogdobispo.com.br\/?cat=1\" rel=\"category\">diversos<\/a>","tag_info":"diversos","comment_count":"0","jetpack_featured_media_url":"","jetpack_sharing_enabled":true,"_links":{"self":[{"href":"https:\/\/blogdobispo.com.br\/index.php?rest_route=\/wp\/v2\/posts\/4533","targetHints":{"allow":["GET"]}}],"collection":[{"href":"https:\/\/blogdobispo.com.br\/index.php?rest_route=\/wp\/v2\/posts"}],"about":[{"href":"https:\/\/blogdobispo.com.br\/index.php?rest_route=\/wp\/v2\/types\/post"}],"author":[{"embeddable":true,"href":"https:\/\/blogdobispo.com.br\/index.php?rest_route=\/wp\/v2\/users\/1"}],"replies":[{"embeddable":true,"href":"https:\/\/blogdobispo.com.br\/index.php?rest_route=%2Fwp%2Fv2%2Fcomments&post=4533"}],"version-history":[{"count":0,"href":"https:\/\/blogdobispo.com.br\/index.php?rest_route=\/wp\/v2\/posts\/4533\/revisions"}],"wp:attachment":[{"href":"https:\/\/blogdobispo.com.br\/index.php?rest_route=%2Fwp%2Fv2%2Fmedia&parent=4533"}],"wp:term":[{"taxonomy":"category","embeddable":true,"href":"https:\/\/blogdobispo.com.br\/index.php?rest_route=%2Fwp%2Fv2%2Fcategories&post=4533"},{"taxonomy":"post_tag","embeddable":true,"href":"https:\/\/blogdobispo.com.br\/index.php?rest_route=%2Fwp%2Fv2%2Ftags&post=4533"}],"curies":[{"name":"wp","href":"https:\/\/api.w.org\/{rel}","templated":true}]}}