{"id":4521,"date":"2025-01-21T01:44:09","date_gmt":"2025-01-21T01:44:09","guid":{"rendered":"https:\/\/blogdobispo.com.br\/?p=4521"},"modified":"2025-01-21T01:44:09","modified_gmt":"2025-01-21T01:44:09","slug":"forca-tarefa-identifica-pontos-criticos-de-saneamento-na-zona-oeste","status":"publish","type":"post","link":"https:\/\/blogdobispo.com.br\/?p=4521","title":{"rendered":"For\u00e7a-tarefa identifica pontos cr\u00edticos de saneamento na Zona Oeste"},"content":{"rendered":"\n<figure class=\"wp-block-image size-large\"><img data-recalc-dims=\"1\" fetchpriority=\"high\" decoding=\"async\" width=\"800\" height=\"734\" src=\"https:\/\/i0.wp.com\/blogdobispo.com.br\/wp-content\/uploads\/2025\/01\/3793aac3-5bd9-4095-8446-383016f77fb1-1-1024x940.jpg?resize=800%2C734&#038;ssl=1\" class=\"wp-image-4520\" srcset=\"https:\/\/i0.wp.com\/blogdobispo.com.br\/wp-content\/uploads\/2025\/01\/3793aac3-5bd9-4095-8446-383016f77fb1-1.jpg?resize=1024%2C940&amp;ssl=1 1024w, https:\/\/i0.wp.com\/blogdobispo.com.br\/wp-content\/uploads\/2025\/01\/3793aac3-5bd9-4095-8446-383016f77fb1-1.jpg?resize=300%2C275&amp;ssl=1 300w, https:\/\/i0.wp.com\/blogdobispo.com.br\/wp-content\/uploads\/2025\/01\/3793aac3-5bd9-4095-8446-383016f77fb1-1.jpg?resize=768%2C705&amp;ssl=1 768w, https:\/\/i0.wp.com\/blogdobispo.com.br\/wp-content\/uploads\/2025\/01\/3793aac3-5bd9-4095-8446-383016f77fb1-1.jpg?w=1290&amp;ssl=1 1290w\" sizes=\"(max-width: 800px) 100vw, 800px\" \/><\/figure>\n\n\n\n<p><\/p>\n\n\n\n<p>Uma for\u00e7a-tarefa mobilizada pela vereadora Camila Ara\u00fajo em parceria com a Secretaria de Meio Ambiente e Urbanismo (Semub), a Ag\u00eancia Reguladora de Servi\u00e7os de Saneamento B\u00e1sico do Munic\u00edpio de Natal (Arsban) e a CAERN identificou nesta segunda-feira (20) pontos cr\u00edticos carentes de interven\u00e7\u00f5es de saneamento na zona Oeste da capital.<\/p>\n\n\n\n<p>A for\u00e7a-tarefa percorreu pontos cr\u00edticos na regi\u00e3o do Km-6 da BR-226 (Av. Jo\u00e3o Francisco da Mota) e dos bairros de Felipe Camar\u00e3o e Bom Pastor, onde a aus\u00eancia de rede de esgotamento sanit\u00e1rio e liga\u00e7\u00f5es clandestinas feitas por alguns moradores e empreendimentos comerciais t\u00eam agravado o problema.<\/p>\n\n\n\n<p>De acordo com a vereadora, uma licita\u00e7\u00e3o j\u00e1 est\u00e1 em andamento para contrata\u00e7\u00e3o de uma empresa a fim de implantar uma rede coletora de \u00e1guas servidas, para solucionar essa quest\u00e3o de forma definitiva.<\/p>\n\n\n\n<p>\u201cEssas \u00e1guas servidas acabam trazendo muitos transtornos para os moradores. Al\u00e9m da quest\u00e3o sanit\u00e1ria, prejudicial \u00e0 sa\u00fade, elas tamb\u00e9m prejudicam a malha vi\u00e1ria, danificando o asfalto e prejudicando os motoristas que trafegam nesses locais\u201d, disse Camila Ara\u00fajo.<\/p>\n\n\n\n<p>\u201cNosso objetivo \u00e9 garantir que os moradores tenham acesso a uma infraestrutura digna, melhorando a qualidade de vida na regi\u00e3o\u201d, completou a vereadora, que vai seguir mobilizando esses \u00f3rg\u00e3os a fim de trazer uma resposta c\u00e9lere aos moradores dessas regi\u00f5es mais afetadas pelo problema.<\/p>\n","protected":false},"excerpt":{"rendered":"<p>Uma for\u00e7a-tarefa mobilizada pela vereadora Camila Ara\u00fajo em parceria com a Secretaria de Meio Ambiente e Urbanismo (Semub), a Ag\u00eancia Reguladora de Servi\u00e7os de Saneamento B\u00e1sico do Munic\u00edpio de Natal (Arsban) e a CAERN identificou nesta segunda-feira (20) pontos cr\u00edticos carentes de interven\u00e7\u00f5es de saneamento na zona Oeste da capital. A for\u00e7a-tarefa percorreu pontos cr\u00edticos [&hellip;]<\/p>\n","protected":false},"author":1,"featured_media":0,"comment_status":"open","ping_status":"open","sticky":false,"template":"","format":"standard","meta":{"cybocfi_hide_featured_image":"","_jetpack_memberships_contains_paid_content":false,"footnotes":""},"categories":[1],"tags":[],"class_list":["post-4521","post","type-post","status-publish","format-standard","hentry","category-diversos"],"yoast_head":"<!-- This site is optimized with the Yoast SEO plugin v25.6 - https:\/\/yoast.com\/wordpress\/plugins\/seo\/ -->\n<title>For\u00e7a-tarefa identifica pontos cr\u00edticos de saneamento na Zona Oeste - Blog do Bispo<\/title>\n<meta name=\"robots\" content=\"index, follow, max-snippet:-1, max-image-preview:large, max-video-preview:-1\" \/>\n<link rel=\"canonical\" href=\"https:\/\/blogdobispo.com.br\/?p=4521\" \/>\n<meta property=\"og:locale\" content=\"pt_BR\" \/>\n<meta property=\"og:type\" content=\"article\" \/>\n<meta property=\"og:title\" content=\"For\u00e7a-tarefa identifica pontos cr\u00edticos de saneamento na Zona Oeste - Blog do Bispo\" \/>\n<meta property=\"og:description\" content=\"Uma for\u00e7a-tarefa mobilizada pela vereadora Camila Ara\u00fajo em parceria com a Secretaria de Meio Ambiente e Urbanismo (Semub), a Ag\u00eancia Reguladora de Servi\u00e7os de Saneamento B\u00e1sico do Munic\u00edpio de Natal (Arsban) e a CAERN identificou nesta segunda-feira (20) pontos cr\u00edticos carentes de interven\u00e7\u00f5es de saneamento na zona Oeste da capital. A for\u00e7a-tarefa percorreu pontos cr\u00edticos [&hellip;]\" \/>\n<meta property=\"og:url\" content=\"https:\/\/blogdobispo.com.br\/?p=4521\" \/>\n<meta property=\"og:site_name\" content=\"Blog do Bispo\" \/>\n<meta property=\"article:published_time\" content=\"2025-01-21T01:44:09+00:00\" \/>\n<meta property=\"og:image\" content=\"https:\/\/blogdobispo.com.br\/wp-content\/uploads\/2025\/01\/3793aac3-5bd9-4095-8446-383016f77fb1-1-1024x940.jpg\" \/>\n<meta name=\"author\" content=\"Jefferson Sterfeno\" \/>\n<meta name=\"twitter:card\" content=\"summary_large_image\" \/>\n<meta name=\"twitter:label1\" content=\"Escrito por\" \/>\n\t<meta name=\"twitter:data1\" content=\"Jefferson Sterfeno\" \/>\n\t<meta name=\"twitter:label2\" content=\"Est. tempo de leitura\" \/>\n\t<meta name=\"twitter:data2\" content=\"1 minuto\" \/>\n<script type=\"application\/ld+json\" class=\"yoast-schema-graph\">{\"@context\":\"https:\/\/schema.org\",\"@graph\":[{\"@type\":\"Article\",\"@id\":\"https:\/\/blogdobispo.com.br\/?p=4521#article\",\"isPartOf\":{\"@id\":\"https:\/\/blogdobispo.com.br\/?p=4521\"},\"author\":{\"name\":\"Jefferson Sterfeno\",\"@id\":\"https:\/\/blogdobispo.com.br\/#\/schema\/person\/e2209cc0e6cea5c5233d033e997b373f\"},\"headline\":\"For\u00e7a-tarefa identifica pontos cr\u00edticos de saneamento na Zona Oeste\",\"datePublished\":\"2025-01-21T01:44:09+00:00\",\"mainEntityOfPage\":{\"@id\":\"https:\/\/blogdobispo.com.br\/?p=4521\"},\"wordCount\":250,\"commentCount\":0,\"publisher\":{\"@id\":\"https:\/\/blogdobispo.com.br\/#organization\"},\"image\":{\"@id\":\"https:\/\/blogdobispo.com.br\/?p=4521#primaryimage\"},\"thumbnailUrl\":\"https:\/\/blogdobispo.com.br\/wp-content\/uploads\/2025\/01\/3793aac3-5bd9-4095-8446-383016f77fb1-1-1024x940.jpg\",\"articleSection\":[\"diversos\"],\"inLanguage\":\"pt-BR\",\"potentialAction\":[{\"@type\":\"CommentAction\",\"name\":\"Comment\",\"target\":[\"https:\/\/blogdobispo.com.br\/?p=4521#respond\"]}]},{\"@type\":\"WebPage\",\"@id\":\"https:\/\/blogdobispo.com.br\/?p=4521\",\"url\":\"https:\/\/blogdobispo.com.br\/?p=4521\",\"name\":\"For\u00e7a-tarefa identifica pontos cr\u00edticos de saneamento na Zona Oeste - Blog do Bispo\",\"isPartOf\":{\"@id\":\"https:\/\/blogdobispo.com.br\/#website\"},\"primaryImageOfPage\":{\"@id\":\"https:\/\/blogdobispo.com.br\/?p=4521#primaryimage\"},\"image\":{\"@id\":\"https:\/\/blogdobispo.com.br\/?p=4521#primaryimage\"},\"thumbnailUrl\":\"https:\/\/blogdobispo.com.br\/wp-content\/uploads\/2025\/01\/3793aac3-5bd9-4095-8446-383016f77fb1-1-1024x940.jpg\",\"datePublished\":\"2025-01-21T01:44:09+00:00\",\"breadcrumb\":{\"@id\":\"https:\/\/blogdobispo.com.br\/?p=4521#breadcrumb\"},\"inLanguage\":\"pt-BR\",\"potentialAction\":[{\"@type\":\"ReadAction\",\"target\":[\"https:\/\/blogdobispo.com.br\/?p=4521\"]}]},{\"@type\":\"ImageObject\",\"inLanguage\":\"pt-BR\",\"@id\":\"https:\/\/blogdobispo.com.br\/?p=4521#primaryimage\",\"url\":\"https:\/\/blogdobispo.com.br\/wp-content\/uploads\/2025\/01\/3793aac3-5bd9-4095-8446-383016f77fb1-1-1024x940.jpg\",\"contentUrl\":\"https:\/\/blogdobispo.com.br\/wp-content\/uploads\/2025\/01\/3793aac3-5bd9-4095-8446-383016f77fb1-1-1024x940.jpg\"},{\"@type\":\"BreadcrumbList\",\"@id\":\"https:\/\/blogdobispo.com.br\/?p=4521#breadcrumb\",\"itemListElement\":[{\"@type\":\"ListItem\",\"position\":1,\"name\":\"In\u00edcio\",\"item\":\"https:\/\/blogdobispo.com.br\/\"},{\"@type\":\"ListItem\",\"position\":2,\"name\":\"For\u00e7a-tarefa identifica pontos cr\u00edticos de saneamento na Zona Oeste\"}]},{\"@type\":\"WebSite\",\"@id\":\"https:\/\/blogdobispo.com.br\/#website\",\"url\":\"https:\/\/blogdobispo.com.br\/\",\"name\":\"Blog do Bispo\",\"description\":\"Comprometido apenas com o leitor\",\"publisher\":{\"@id\":\"https:\/\/blogdobispo.com.br\/#organization\"},\"potentialAction\":[{\"@type\":\"SearchAction\",\"target\":{\"@type\":\"EntryPoint\",\"urlTemplate\":\"https:\/\/blogdobispo.com.br\/?s={search_term_string}\"},\"query-input\":{\"@type\":\"PropertyValueSpecification\",\"valueRequired\":true,\"valueName\":\"search_term_string\"}}],\"inLanguage\":\"pt-BR\"},{\"@type\":\"Organization\",\"@id\":\"https:\/\/blogdobispo.com.br\/#organization\",\"name\":\"Blog do Bispo\",\"url\":\"https:\/\/blogdobispo.com.br\/\",\"logo\":{\"@type\":\"ImageObject\",\"inLanguage\":\"pt-BR\",\"@id\":\"https:\/\/blogdobispo.com.br\/#\/schema\/logo\/image\/\",\"url\":\"http:\/\/blogdobispo.com.br\/wp-content\/uploads\/2023\/05\/cropped-headear.png\",\"contentUrl\":\"http:\/\/blogdobispo.com.br\/wp-content\/uploads\/2023\/05\/cropped-headear.png\",\"width\":1500,\"height\":399,\"caption\":\"Blog do Bispo\"},\"image\":{\"@id\":\"https:\/\/blogdobispo.com.br\/#\/schema\/logo\/image\/\"}},{\"@type\":\"Person\",\"@id\":\"https:\/\/blogdobispo.com.br\/#\/schema\/person\/e2209cc0e6cea5c5233d033e997b373f\",\"name\":\"Jefferson Sterfeno\",\"image\":{\"@type\":\"ImageObject\",\"inLanguage\":\"pt-BR\",\"@id\":\"https:\/\/blogdobispo.com.br\/#\/schema\/person\/image\/\",\"url\":\"https:\/\/secure.gravatar.com\/avatar\/0534e84764641168a677026b6d57a3f51dc7ac4db0b4f6186d9cb330d4ee1160?s=96&d=mm&r=g\",\"contentUrl\":\"https:\/\/secure.gravatar.com\/avatar\/0534e84764641168a677026b6d57a3f51dc7ac4db0b4f6186d9cb330d4ee1160?s=96&d=mm&r=g\",\"caption\":\"Jefferson Sterfeno\"},\"sameAs\":[\"http:\/\/blogdobispo.com.br\"],\"url\":\"https:\/\/blogdobispo.com.br\/?author=1\"}]}<\/script>\n<!-- \/ Yoast SEO plugin. -->","yoast_head_json":{"title":"For\u00e7a-tarefa identifica pontos cr\u00edticos de saneamento na Zona Oeste - Blog do Bispo","robots":{"index":"index","follow":"follow","max-snippet":"max-snippet:-1","max-image-preview":"max-image-preview:large","max-video-preview":"max-video-preview:-1"},"canonical":"https:\/\/blogdobispo.com.br\/?p=4521","og_locale":"pt_BR","og_type":"article","og_title":"For\u00e7a-tarefa identifica pontos cr\u00edticos de saneamento na Zona Oeste - Blog do Bispo","og_description":"Uma for\u00e7a-tarefa mobilizada pela vereadora Camila Ara\u00fajo em parceria com a Secretaria de Meio Ambiente e Urbanismo (Semub), a Ag\u00eancia Reguladora de Servi\u00e7os de Saneamento B\u00e1sico do Munic\u00edpio de Natal (Arsban) e a CAERN identificou nesta segunda-feira (20) pontos cr\u00edticos carentes de interven\u00e7\u00f5es de saneamento na zona Oeste da capital. A for\u00e7a-tarefa percorreu pontos cr\u00edticos [&hellip;]","og_url":"https:\/\/blogdobispo.com.br\/?p=4521","og_site_name":"Blog do Bispo","article_published_time":"2025-01-21T01:44:09+00:00","og_image":[{"url":"https:\/\/blogdobispo.com.br\/wp-content\/uploads\/2025\/01\/3793aac3-5bd9-4095-8446-383016f77fb1-1-1024x940.jpg","type":"","width":"","height":""}],"author":"Jefferson Sterfeno","twitter_card":"summary_large_image","twitter_misc":{"Escrito por":"Jefferson Sterfeno","Est. tempo de leitura":"1 minuto"},"schema":{"@context":"https:\/\/schema.org","@graph":[{"@type":"Article","@id":"https:\/\/blogdobispo.com.br\/?p=4521#article","isPartOf":{"@id":"https:\/\/blogdobispo.com.br\/?p=4521"},"author":{"name":"Jefferson Sterfeno","@id":"https:\/\/blogdobispo.com.br\/#\/schema\/person\/e2209cc0e6cea5c5233d033e997b373f"},"headline":"For\u00e7a-tarefa identifica pontos cr\u00edticos de saneamento na Zona Oeste","datePublished":"2025-01-21T01:44:09+00:00","mainEntityOfPage":{"@id":"https:\/\/blogdobispo.com.br\/?p=4521"},"wordCount":250,"commentCount":0,"publisher":{"@id":"https:\/\/blogdobispo.com.br\/#organization"},"image":{"@id":"https:\/\/blogdobispo.com.br\/?p=4521#primaryimage"},"thumbnailUrl":"https:\/\/blogdobispo.com.br\/wp-content\/uploads\/2025\/01\/3793aac3-5bd9-4095-8446-383016f77fb1-1-1024x940.jpg","articleSection":["diversos"],"inLanguage":"pt-BR","potentialAction":[{"@type":"CommentAction","name":"Comment","target":["https:\/\/blogdobispo.com.br\/?p=4521#respond"]}]},{"@type":"WebPage","@id":"https:\/\/blogdobispo.com.br\/?p=4521","url":"https:\/\/blogdobispo.com.br\/?p=4521","name":"For\u00e7a-tarefa identifica pontos cr\u00edticos de saneamento na Zona Oeste - Blog do Bispo","isPartOf":{"@id":"https:\/\/blogdobispo.com.br\/#website"},"primaryImageOfPage":{"@id":"https:\/\/blogdobispo.com.br\/?p=4521#primaryimage"},"image":{"@id":"https:\/\/blogdobispo.com.br\/?p=4521#primaryimage"},"thumbnailUrl":"https:\/\/blogdobispo.com.br\/wp-content\/uploads\/2025\/01\/3793aac3-5bd9-4095-8446-383016f77fb1-1-1024x940.jpg","datePublished":"2025-01-21T01:44:09+00:00","breadcrumb":{"@id":"https:\/\/blogdobispo.com.br\/?p=4521#breadcrumb"},"inLanguage":"pt-BR","potentialAction":[{"@type":"ReadAction","target":["https:\/\/blogdobispo.com.br\/?p=4521"]}]},{"@type":"ImageObject","inLanguage":"pt-BR","@id":"https:\/\/blogdobispo.com.br\/?p=4521#primaryimage","url":"https:\/\/blogdobispo.com.br\/wp-content\/uploads\/2025\/01\/3793aac3-5bd9-4095-8446-383016f77fb1-1-1024x940.jpg","contentUrl":"https:\/\/blogdobispo.com.br\/wp-content\/uploads\/2025\/01\/3793aac3-5bd9-4095-8446-383016f77fb1-1-1024x940.jpg"},{"@type":"BreadcrumbList","@id":"https:\/\/blogdobispo.com.br\/?p=4521#breadcrumb","itemListElement":[{"@type":"ListItem","position":1,"name":"In\u00edcio","item":"https:\/\/blogdobispo.com.br\/"},{"@type":"ListItem","position":2,"name":"For\u00e7a-tarefa identifica pontos cr\u00edticos de saneamento na Zona Oeste"}]},{"@type":"WebSite","@id":"https:\/\/blogdobispo.com.br\/#website","url":"https:\/\/blogdobispo.com.br\/","name":"Blog do Bispo","description":"Comprometido apenas com o leitor","publisher":{"@id":"https:\/\/blogdobispo.com.br\/#organization"},"potentialAction":[{"@type":"SearchAction","target":{"@type":"EntryPoint","urlTemplate":"https:\/\/blogdobispo.com.br\/?s={search_term_string}"},"query-input":{"@type":"PropertyValueSpecification","valueRequired":true,"valueName":"search_term_string"}}],"inLanguage":"pt-BR"},{"@type":"Organization","@id":"https:\/\/blogdobispo.com.br\/#organization","name":"Blog do Bispo","url":"https:\/\/blogdobispo.com.br\/","logo":{"@type":"ImageObject","inLanguage":"pt-BR","@id":"https:\/\/blogdobispo.com.br\/#\/schema\/logo\/image\/","url":"http:\/\/blogdobispo.com.br\/wp-content\/uploads\/2023\/05\/cropped-headear.png","contentUrl":"http:\/\/blogdobispo.com.br\/wp-content\/uploads\/2023\/05\/cropped-headear.png","width":1500,"height":399,"caption":"Blog do Bispo"},"image":{"@id":"https:\/\/blogdobispo.com.br\/#\/schema\/logo\/image\/"}},{"@type":"Person","@id":"https:\/\/blogdobispo.com.br\/#\/schema\/person\/e2209cc0e6cea5c5233d033e997b373f","name":"Jefferson Sterfeno","image":{"@type":"ImageObject","inLanguage":"pt-BR","@id":"https:\/\/blogdobispo.com.br\/#\/schema\/person\/image\/","url":"https:\/\/secure.gravatar.com\/avatar\/0534e84764641168a677026b6d57a3f51dc7ac4db0b4f6186d9cb330d4ee1160?s=96&d=mm&r=g","contentUrl":"https:\/\/secure.gravatar.com\/avatar\/0534e84764641168a677026b6d57a3f51dc7ac4db0b4f6186d9cb330d4ee1160?s=96&d=mm&r=g","caption":"Jefferson Sterfeno"},"sameAs":["http:\/\/blogdobispo.com.br"],"url":"https:\/\/blogdobispo.com.br\/?author=1"}]}},"featured_image_urls":{"full":"","thumbnail":"","medium":"","medium_large":"","large":"","1536x1536":"","2048x2048":""},"author_info":{"display_name":"Jefferson Sterfeno","author_link":"https:\/\/blogdobispo.com.br\/?author=1"},"category_info":"<a href=\"https:\/\/blogdobispo.com.br\/?cat=1\" rel=\"category\">diversos<\/a>","tag_info":"diversos","comment_count":"0","jetpack_featured_media_url":"","jetpack_sharing_enabled":true,"_links":{"self":[{"href":"https:\/\/blogdobispo.com.br\/index.php?rest_route=\/wp\/v2\/posts\/4521","targetHints":{"allow":["GET"]}}],"collection":[{"href":"https:\/\/blogdobispo.com.br\/index.php?rest_route=\/wp\/v2\/posts"}],"about":[{"href":"https:\/\/blogdobispo.com.br\/index.php?rest_route=\/wp\/v2\/types\/post"}],"author":[{"embeddable":true,"href":"https:\/\/blogdobispo.com.br\/index.php?rest_route=\/wp\/v2\/users\/1"}],"replies":[{"embeddable":true,"href":"https:\/\/blogdobispo.com.br\/index.php?rest_route=%2Fwp%2Fv2%2Fcomments&post=4521"}],"version-history":[{"count":0,"href":"https:\/\/blogdobispo.com.br\/index.php?rest_route=\/wp\/v2\/posts\/4521\/revisions"}],"wp:attachment":[{"href":"https:\/\/blogdobispo.com.br\/index.php?rest_route=%2Fwp%2Fv2%2Fmedia&parent=4521"}],"wp:term":[{"taxonomy":"category","embeddable":true,"href":"https:\/\/blogdobispo.com.br\/index.php?rest_route=%2Fwp%2Fv2%2Fcategories&post=4521"},{"taxonomy":"post_tag","embeddable":true,"href":"https:\/\/blogdobispo.com.br\/index.php?rest_route=%2Fwp%2Fv2%2Ftags&post=4521"}],"curies":[{"name":"wp","href":"https:\/\/api.w.org\/{rel}","templated":true}]}}