{"id":4519,"date":"2025-01-20T18:03:21","date_gmt":"2025-01-20T18:03:21","guid":{"rendered":"https:\/\/blogdobispo.com.br\/?p=4519"},"modified":"2025-01-20T18:03:21","modified_gmt":"2025-01-20T18:03:21","slug":"valorizacao-do-turismo-historico-de-natal-e-tema-de-reuniao-estrategica-na-prefeitura","status":"publish","type":"post","link":"https:\/\/blogdobispo.com.br\/?p=4519","title":{"rendered":"Valoriza\u00e7\u00e3o do Turismo Hist\u00f3rico de Natal \u00e9 Tema de Reuni\u00e3o Estrat\u00e9gica na Prefeitura"},"content":{"rendered":"\n<figure class=\"wp-block-image size-large\"><img data-recalc-dims=\"1\" fetchpriority=\"high\" decoding=\"async\" width=\"800\" height=\"600\" src=\"https:\/\/i0.wp.com\/blogdobispo.com.br\/wp-content\/uploads\/2025\/01\/b1b5955d-0755-42a5-83b0-96e200e4d9de-1-1024x768.jpg?resize=800%2C600&#038;ssl=1\" class=\"wp-image-4518\" srcset=\"https:\/\/i0.wp.com\/blogdobispo.com.br\/wp-content\/uploads\/2025\/01\/b1b5955d-0755-42a5-83b0-96e200e4d9de-1.jpg?resize=1024%2C768&amp;ssl=1 1024w, https:\/\/i0.wp.com\/blogdobispo.com.br\/wp-content\/uploads\/2025\/01\/b1b5955d-0755-42a5-83b0-96e200e4d9de-1.jpg?resize=300%2C225&amp;ssl=1 300w, https:\/\/i0.wp.com\/blogdobispo.com.br\/wp-content\/uploads\/2025\/01\/b1b5955d-0755-42a5-83b0-96e200e4d9de-1.jpg?resize=768%2C576&amp;ssl=1 768w, https:\/\/i0.wp.com\/blogdobispo.com.br\/wp-content\/uploads\/2025\/01\/b1b5955d-0755-42a5-83b0-96e200e4d9de-1.jpg?resize=1536%2C1152&amp;ssl=1 1536w, https:\/\/i0.wp.com\/blogdobispo.com.br\/wp-content\/uploads\/2025\/01\/b1b5955d-0755-42a5-83b0-96e200e4d9de-1.jpg?w=1600&amp;ssl=1 1600w\" sizes=\"(max-width: 800px) 100vw, 800px\" \/><\/figure>\n\n\n\n<p><\/p>\n\n\n\n<p>Na manh\u00e3 desta segunda-feira (20), lideran\u00e7as municipais se reuniram na Prefeitura de Natal para organizar o evento que celebrar\u00e1 a Confer\u00eancia do Potengi, marco importante para a valoriza\u00e7\u00e3o do papel hist\u00f3rico de Natal durante a Segunda Guerra Mundial. A iniciativa integra a programa\u00e7\u00e3o cultural da cidade gra\u00e7as \u00e0 Lei Municipal N\u00ba 6.524\/2015, de autoria do ex-vereador Dickson J\u00fanior, e segue agora sob os esfor\u00e7os do vereador Daniel Santiago para promover o turismo hist\u00f3rico e cultural na capital potiguar.<\/p>\n\n\n\n<p>A reuni\u00e3o contou com a presen\u00e7a da vice-prefeita de Natal, Joanna Guerra, representantes do Sindicato dos Guias de Turismo do Rio Grande do Norte, o secret\u00e1rio de Turismo municipal, Sanclair da Costa, a secret\u00e1ria adjunta da pasta, Christiane de Ara\u00fajo Alecrim, al\u00e9m de representantes do Governo do Estado, como Renata Barros, atual respons\u00e1vel pela gest\u00e3o da Rampa, e o vereador Daniel Santiago. Tamb\u00e9m participaram Pedro George Brito, dos Amigos da Rampa, Rodrigo Vasconcelos, do Viva o Centro de Natal, e o representante da 7\u00aa Brigada de Infantaria Motorizada.<\/p>\n\n\n\n<p>PROGRAMA\u00c7\u00c3O<br \/>O evento ser\u00e1 realizado no pr\u00f3ximo domingo, 28 de janeiro, a partir das 9h, na Rampa, um dos mais importantes patrim\u00f4nios hist\u00f3ricos de Natal. A programa\u00e7\u00e3o inclui um desfile tem\u00e1tico que revive o per\u00edodo da Segunda Guerra Mundial e uma mesa de debates para discutir n\u00e3o apenas a execu\u00e7\u00e3o do evento deste ano, mas tamb\u00e9m os desafios e estrat\u00e9gias para sua continuidade nos anos seguintes.<\/p>\n\n\n\n<p>Haver\u00e1 tamb\u00e9m uma exposi\u00e7\u00e3o com tem\u00e1tica voltada \u00e0 Confer\u00eancia do Potengi denominado Projeto Cultural Gallopin Ghost, tendo Marcelo Borges como curador, com objetivo de fomentar e divulgar cultura e hist\u00f3ria para as pessoas.<\/p>\n\n\n\n<p>A CONFER\u00caNCIA E SUA IMPORT\u00c2NCIA<br \/>A Confer\u00eancia do Potengi remete a um per\u00edodo em que Natal desempenhou um papel estrat\u00e9gico durante a Segunda Guerra Mundial, servindo como base militar dos Aliados. Este evento, agora incorporado ao calend\u00e1rio cultural do munic\u00edpio, refor\u00e7a a import\u00e2ncia da mem\u00f3ria hist\u00f3rica para o fortalecimento do turismo cultural e a economia criativa local.<\/p>\n\n\n\n<p>PARCERIAS INSTITUCIONAIS<br \/>A organiza\u00e7\u00e3o envolve uma articula\u00e7\u00e3o entre diferentes esferas do poder p\u00fablico, como a Secretaria de Turismo, e institui\u00e7\u00f5es culturais e militares, evidenciando o compromisso coletivo em preservar e divulgar o legado hist\u00f3rico da cidade.<\/p>\n\n\n\n<p>Para o vereador Daniel Santiago, que assumiu o protagonismo nessa pauta, a valoriza\u00e7\u00e3o do turismo hist\u00f3rico \u00e9 uma ferramenta essencial para o desenvolvimento de Natal. \u201cEste evento n\u00e3o \u00e9 apenas uma celebra\u00e7\u00e3o da nossa hist\u00f3ria, mas tamb\u00e9m uma oportunidade de projetarmos Natal como destino de turismo cultural, gerando benef\u00edcios econ\u00f4micos e sociais para a popula\u00e7\u00e3o\u201d, destacou.<\/p>\n\n\n\n<p>A celebra\u00e7\u00e3o da Confer\u00eancia do Potengi refor\u00e7a o compromisso de Natal com sua hist\u00f3ria e com a valoriza\u00e7\u00e3o de sua rica contribui\u00e7\u00e3o cultural, reafirmando a cidade como um dos polos tur\u00edsticos mais relevantes do Brasil.<\/p>\n\n\n\n<p>SERVI\u00c7O:<br>O qu\u00ea: Evento comemorativo da Confer\u00eancia do Potengi<br>Quando: 28 de janeiro, a partir das 9h<br>Onde: Rampa \u2013 Natal\/RN<br>Programa\u00e7\u00e3o: Desfile tem\u00e1tico e mesa de debates<\/p>\n","protected":false},"excerpt":{"rendered":"<p>Na manh\u00e3 desta segunda-feira (20), lideran\u00e7as municipais se reuniram na Prefeitura de Natal para organizar o evento que celebrar\u00e1 a Confer\u00eancia do Potengi, marco importante para a valoriza\u00e7\u00e3o do papel hist\u00f3rico de Natal durante a Segunda Guerra Mundial. A iniciativa integra a programa\u00e7\u00e3o cultural da cidade gra\u00e7as \u00e0 Lei Municipal N\u00ba 6.524\/2015, de autoria do [&hellip;]<\/p>\n","protected":false},"author":1,"featured_media":0,"comment_status":"open","ping_status":"open","sticky":false,"template":"","format":"standard","meta":{"cybocfi_hide_featured_image":"","_jetpack_memberships_contains_paid_content":false,"footnotes":""},"categories":[1],"tags":[],"class_list":["post-4519","post","type-post","status-publish","format-standard","hentry","category-diversos"],"yoast_head":"<!-- This site is optimized with the Yoast SEO plugin v25.6 - https:\/\/yoast.com\/wordpress\/plugins\/seo\/ -->\n<title>Valoriza\u00e7\u00e3o do Turismo Hist\u00f3rico de Natal \u00e9 Tema de Reuni\u00e3o Estrat\u00e9gica na Prefeitura - Blog do Bispo<\/title>\n<meta name=\"robots\" content=\"index, follow, max-snippet:-1, max-image-preview:large, max-video-preview:-1\" \/>\n<link rel=\"canonical\" href=\"https:\/\/blogdobispo.com.br\/?p=4519\" \/>\n<meta property=\"og:locale\" content=\"pt_BR\" \/>\n<meta property=\"og:type\" content=\"article\" \/>\n<meta property=\"og:title\" content=\"Valoriza\u00e7\u00e3o do Turismo Hist\u00f3rico de Natal \u00e9 Tema de Reuni\u00e3o Estrat\u00e9gica na Prefeitura - Blog do Bispo\" \/>\n<meta property=\"og:description\" content=\"Na manh\u00e3 desta segunda-feira (20), lideran\u00e7as municipais se reuniram na Prefeitura de Natal para organizar o evento que celebrar\u00e1 a Confer\u00eancia do Potengi, marco importante para a valoriza\u00e7\u00e3o do papel hist\u00f3rico de Natal durante a Segunda Guerra Mundial. A iniciativa integra a programa\u00e7\u00e3o cultural da cidade gra\u00e7as \u00e0 Lei Municipal N\u00ba 6.524\/2015, de autoria do [&hellip;]\" \/>\n<meta property=\"og:url\" content=\"https:\/\/blogdobispo.com.br\/?p=4519\" \/>\n<meta property=\"og:site_name\" content=\"Blog do Bispo\" \/>\n<meta property=\"article:published_time\" content=\"2025-01-20T18:03:21+00:00\" \/>\n<meta property=\"og:image\" content=\"https:\/\/blogdobispo.com.br\/wp-content\/uploads\/2025\/01\/b1b5955d-0755-42a5-83b0-96e200e4d9de-1-1024x768.jpg\" \/>\n<meta name=\"author\" content=\"Jefferson Sterfeno\" \/>\n<meta name=\"twitter:card\" content=\"summary_large_image\" \/>\n<meta name=\"twitter:label1\" content=\"Escrito por\" \/>\n\t<meta name=\"twitter:data1\" content=\"Jefferson Sterfeno\" \/>\n\t<meta name=\"twitter:label2\" content=\"Est. tempo de leitura\" \/>\n\t<meta name=\"twitter:data2\" content=\"3 minutos\" \/>\n<script type=\"application\/ld+json\" class=\"yoast-schema-graph\">{\"@context\":\"https:\/\/schema.org\",\"@graph\":[{\"@type\":\"Article\",\"@id\":\"https:\/\/blogdobispo.com.br\/?p=4519#article\",\"isPartOf\":{\"@id\":\"https:\/\/blogdobispo.com.br\/?p=4519\"},\"author\":{\"name\":\"Jefferson Sterfeno\",\"@id\":\"https:\/\/blogdobispo.com.br\/#\/schema\/person\/e2209cc0e6cea5c5233d033e997b373f\"},\"headline\":\"Valoriza\u00e7\u00e3o do Turismo Hist\u00f3rico de Natal \u00e9 Tema de Reuni\u00e3o Estrat\u00e9gica na Prefeitura\",\"datePublished\":\"2025-01-20T18:03:21+00:00\",\"mainEntityOfPage\":{\"@id\":\"https:\/\/blogdobispo.com.br\/?p=4519\"},\"wordCount\":548,\"commentCount\":0,\"publisher\":{\"@id\":\"https:\/\/blogdobispo.com.br\/#organization\"},\"image\":{\"@id\":\"https:\/\/blogdobispo.com.br\/?p=4519#primaryimage\"},\"thumbnailUrl\":\"https:\/\/blogdobispo.com.br\/wp-content\/uploads\/2025\/01\/b1b5955d-0755-42a5-83b0-96e200e4d9de-1-1024x768.jpg\",\"articleSection\":[\"diversos\"],\"inLanguage\":\"pt-BR\",\"potentialAction\":[{\"@type\":\"CommentAction\",\"name\":\"Comment\",\"target\":[\"https:\/\/blogdobispo.com.br\/?p=4519#respond\"]}]},{\"@type\":\"WebPage\",\"@id\":\"https:\/\/blogdobispo.com.br\/?p=4519\",\"url\":\"https:\/\/blogdobispo.com.br\/?p=4519\",\"name\":\"Valoriza\u00e7\u00e3o do Turismo Hist\u00f3rico de Natal \u00e9 Tema de Reuni\u00e3o Estrat\u00e9gica na Prefeitura - Blog do Bispo\",\"isPartOf\":{\"@id\":\"https:\/\/blogdobispo.com.br\/#website\"},\"primaryImageOfPage\":{\"@id\":\"https:\/\/blogdobispo.com.br\/?p=4519#primaryimage\"},\"image\":{\"@id\":\"https:\/\/blogdobispo.com.br\/?p=4519#primaryimage\"},\"thumbnailUrl\":\"https:\/\/blogdobispo.com.br\/wp-content\/uploads\/2025\/01\/b1b5955d-0755-42a5-83b0-96e200e4d9de-1-1024x768.jpg\",\"datePublished\":\"2025-01-20T18:03:21+00:00\",\"breadcrumb\":{\"@id\":\"https:\/\/blogdobispo.com.br\/?p=4519#breadcrumb\"},\"inLanguage\":\"pt-BR\",\"potentialAction\":[{\"@type\":\"ReadAction\",\"target\":[\"https:\/\/blogdobispo.com.br\/?p=4519\"]}]},{\"@type\":\"ImageObject\",\"inLanguage\":\"pt-BR\",\"@id\":\"https:\/\/blogdobispo.com.br\/?p=4519#primaryimage\",\"url\":\"https:\/\/blogdobispo.com.br\/wp-content\/uploads\/2025\/01\/b1b5955d-0755-42a5-83b0-96e200e4d9de-1-1024x768.jpg\",\"contentUrl\":\"https:\/\/blogdobispo.com.br\/wp-content\/uploads\/2025\/01\/b1b5955d-0755-42a5-83b0-96e200e4d9de-1-1024x768.jpg\"},{\"@type\":\"BreadcrumbList\",\"@id\":\"https:\/\/blogdobispo.com.br\/?p=4519#breadcrumb\",\"itemListElement\":[{\"@type\":\"ListItem\",\"position\":1,\"name\":\"In\u00edcio\",\"item\":\"https:\/\/blogdobispo.com.br\/\"},{\"@type\":\"ListItem\",\"position\":2,\"name\":\"Valoriza\u00e7\u00e3o do Turismo Hist\u00f3rico de Natal \u00e9 Tema de Reuni\u00e3o Estrat\u00e9gica na Prefeitura\"}]},{\"@type\":\"WebSite\",\"@id\":\"https:\/\/blogdobispo.com.br\/#website\",\"url\":\"https:\/\/blogdobispo.com.br\/\",\"name\":\"Blog do Bispo\",\"description\":\"Comprometido apenas com o leitor\",\"publisher\":{\"@id\":\"https:\/\/blogdobispo.com.br\/#organization\"},\"potentialAction\":[{\"@type\":\"SearchAction\",\"target\":{\"@type\":\"EntryPoint\",\"urlTemplate\":\"https:\/\/blogdobispo.com.br\/?s={search_term_string}\"},\"query-input\":{\"@type\":\"PropertyValueSpecification\",\"valueRequired\":true,\"valueName\":\"search_term_string\"}}],\"inLanguage\":\"pt-BR\"},{\"@type\":\"Organization\",\"@id\":\"https:\/\/blogdobispo.com.br\/#organization\",\"name\":\"Blog do Bispo\",\"url\":\"https:\/\/blogdobispo.com.br\/\",\"logo\":{\"@type\":\"ImageObject\",\"inLanguage\":\"pt-BR\",\"@id\":\"https:\/\/blogdobispo.com.br\/#\/schema\/logo\/image\/\",\"url\":\"http:\/\/blogdobispo.com.br\/wp-content\/uploads\/2023\/05\/cropped-headear.png\",\"contentUrl\":\"http:\/\/blogdobispo.com.br\/wp-content\/uploads\/2023\/05\/cropped-headear.png\",\"width\":1500,\"height\":399,\"caption\":\"Blog do Bispo\"},\"image\":{\"@id\":\"https:\/\/blogdobispo.com.br\/#\/schema\/logo\/image\/\"}},{\"@type\":\"Person\",\"@id\":\"https:\/\/blogdobispo.com.br\/#\/schema\/person\/e2209cc0e6cea5c5233d033e997b373f\",\"name\":\"Jefferson Sterfeno\",\"image\":{\"@type\":\"ImageObject\",\"inLanguage\":\"pt-BR\",\"@id\":\"https:\/\/blogdobispo.com.br\/#\/schema\/person\/image\/\",\"url\":\"https:\/\/secure.gravatar.com\/avatar\/0534e84764641168a677026b6d57a3f51dc7ac4db0b4f6186d9cb330d4ee1160?s=96&d=mm&r=g\",\"contentUrl\":\"https:\/\/secure.gravatar.com\/avatar\/0534e84764641168a677026b6d57a3f51dc7ac4db0b4f6186d9cb330d4ee1160?s=96&d=mm&r=g\",\"caption\":\"Jefferson Sterfeno\"},\"sameAs\":[\"http:\/\/blogdobispo.com.br\"],\"url\":\"https:\/\/blogdobispo.com.br\/?author=1\"}]}<\/script>\n<!-- \/ Yoast SEO plugin. -->","yoast_head_json":{"title":"Valoriza\u00e7\u00e3o do Turismo Hist\u00f3rico de Natal \u00e9 Tema de Reuni\u00e3o Estrat\u00e9gica na Prefeitura - Blog do Bispo","robots":{"index":"index","follow":"follow","max-snippet":"max-snippet:-1","max-image-preview":"max-image-preview:large","max-video-preview":"max-video-preview:-1"},"canonical":"https:\/\/blogdobispo.com.br\/?p=4519","og_locale":"pt_BR","og_type":"article","og_title":"Valoriza\u00e7\u00e3o do Turismo Hist\u00f3rico de Natal \u00e9 Tema de Reuni\u00e3o Estrat\u00e9gica na Prefeitura - Blog do Bispo","og_description":"Na manh\u00e3 desta segunda-feira (20), lideran\u00e7as municipais se reuniram na Prefeitura de Natal para organizar o evento que celebrar\u00e1 a Confer\u00eancia do Potengi, marco importante para a valoriza\u00e7\u00e3o do papel hist\u00f3rico de Natal durante a Segunda Guerra Mundial. A iniciativa integra a programa\u00e7\u00e3o cultural da cidade gra\u00e7as \u00e0 Lei Municipal N\u00ba 6.524\/2015, de autoria do [&hellip;]","og_url":"https:\/\/blogdobispo.com.br\/?p=4519","og_site_name":"Blog do Bispo","article_published_time":"2025-01-20T18:03:21+00:00","og_image":[{"url":"https:\/\/blogdobispo.com.br\/wp-content\/uploads\/2025\/01\/b1b5955d-0755-42a5-83b0-96e200e4d9de-1-1024x768.jpg","type":"","width":"","height":""}],"author":"Jefferson Sterfeno","twitter_card":"summary_large_image","twitter_misc":{"Escrito por":"Jefferson Sterfeno","Est. tempo de leitura":"3 minutos"},"schema":{"@context":"https:\/\/schema.org","@graph":[{"@type":"Article","@id":"https:\/\/blogdobispo.com.br\/?p=4519#article","isPartOf":{"@id":"https:\/\/blogdobispo.com.br\/?p=4519"},"author":{"name":"Jefferson Sterfeno","@id":"https:\/\/blogdobispo.com.br\/#\/schema\/person\/e2209cc0e6cea5c5233d033e997b373f"},"headline":"Valoriza\u00e7\u00e3o do Turismo Hist\u00f3rico de Natal \u00e9 Tema de Reuni\u00e3o Estrat\u00e9gica na Prefeitura","datePublished":"2025-01-20T18:03:21+00:00","mainEntityOfPage":{"@id":"https:\/\/blogdobispo.com.br\/?p=4519"},"wordCount":548,"commentCount":0,"publisher":{"@id":"https:\/\/blogdobispo.com.br\/#organization"},"image":{"@id":"https:\/\/blogdobispo.com.br\/?p=4519#primaryimage"},"thumbnailUrl":"https:\/\/blogdobispo.com.br\/wp-content\/uploads\/2025\/01\/b1b5955d-0755-42a5-83b0-96e200e4d9de-1-1024x768.jpg","articleSection":["diversos"],"inLanguage":"pt-BR","potentialAction":[{"@type":"CommentAction","name":"Comment","target":["https:\/\/blogdobispo.com.br\/?p=4519#respond"]}]},{"@type":"WebPage","@id":"https:\/\/blogdobispo.com.br\/?p=4519","url":"https:\/\/blogdobispo.com.br\/?p=4519","name":"Valoriza\u00e7\u00e3o do Turismo Hist\u00f3rico de Natal \u00e9 Tema de Reuni\u00e3o Estrat\u00e9gica na Prefeitura - Blog do Bispo","isPartOf":{"@id":"https:\/\/blogdobispo.com.br\/#website"},"primaryImageOfPage":{"@id":"https:\/\/blogdobispo.com.br\/?p=4519#primaryimage"},"image":{"@id":"https:\/\/blogdobispo.com.br\/?p=4519#primaryimage"},"thumbnailUrl":"https:\/\/blogdobispo.com.br\/wp-content\/uploads\/2025\/01\/b1b5955d-0755-42a5-83b0-96e200e4d9de-1-1024x768.jpg","datePublished":"2025-01-20T18:03:21+00:00","breadcrumb":{"@id":"https:\/\/blogdobispo.com.br\/?p=4519#breadcrumb"},"inLanguage":"pt-BR","potentialAction":[{"@type":"ReadAction","target":["https:\/\/blogdobispo.com.br\/?p=4519"]}]},{"@type":"ImageObject","inLanguage":"pt-BR","@id":"https:\/\/blogdobispo.com.br\/?p=4519#primaryimage","url":"https:\/\/blogdobispo.com.br\/wp-content\/uploads\/2025\/01\/b1b5955d-0755-42a5-83b0-96e200e4d9de-1-1024x768.jpg","contentUrl":"https:\/\/blogdobispo.com.br\/wp-content\/uploads\/2025\/01\/b1b5955d-0755-42a5-83b0-96e200e4d9de-1-1024x768.jpg"},{"@type":"BreadcrumbList","@id":"https:\/\/blogdobispo.com.br\/?p=4519#breadcrumb","itemListElement":[{"@type":"ListItem","position":1,"name":"In\u00edcio","item":"https:\/\/blogdobispo.com.br\/"},{"@type":"ListItem","position":2,"name":"Valoriza\u00e7\u00e3o do Turismo Hist\u00f3rico de Natal \u00e9 Tema de Reuni\u00e3o Estrat\u00e9gica na Prefeitura"}]},{"@type":"WebSite","@id":"https:\/\/blogdobispo.com.br\/#website","url":"https:\/\/blogdobispo.com.br\/","name":"Blog do Bispo","description":"Comprometido apenas com o leitor","publisher":{"@id":"https:\/\/blogdobispo.com.br\/#organization"},"potentialAction":[{"@type":"SearchAction","target":{"@type":"EntryPoint","urlTemplate":"https:\/\/blogdobispo.com.br\/?s={search_term_string}"},"query-input":{"@type":"PropertyValueSpecification","valueRequired":true,"valueName":"search_term_string"}}],"inLanguage":"pt-BR"},{"@type":"Organization","@id":"https:\/\/blogdobispo.com.br\/#organization","name":"Blog do Bispo","url":"https:\/\/blogdobispo.com.br\/","logo":{"@type":"ImageObject","inLanguage":"pt-BR","@id":"https:\/\/blogdobispo.com.br\/#\/schema\/logo\/image\/","url":"http:\/\/blogdobispo.com.br\/wp-content\/uploads\/2023\/05\/cropped-headear.png","contentUrl":"http:\/\/blogdobispo.com.br\/wp-content\/uploads\/2023\/05\/cropped-headear.png","width":1500,"height":399,"caption":"Blog do Bispo"},"image":{"@id":"https:\/\/blogdobispo.com.br\/#\/schema\/logo\/image\/"}},{"@type":"Person","@id":"https:\/\/blogdobispo.com.br\/#\/schema\/person\/e2209cc0e6cea5c5233d033e997b373f","name":"Jefferson Sterfeno","image":{"@type":"ImageObject","inLanguage":"pt-BR","@id":"https:\/\/blogdobispo.com.br\/#\/schema\/person\/image\/","url":"https:\/\/secure.gravatar.com\/avatar\/0534e84764641168a677026b6d57a3f51dc7ac4db0b4f6186d9cb330d4ee1160?s=96&d=mm&r=g","contentUrl":"https:\/\/secure.gravatar.com\/avatar\/0534e84764641168a677026b6d57a3f51dc7ac4db0b4f6186d9cb330d4ee1160?s=96&d=mm&r=g","caption":"Jefferson Sterfeno"},"sameAs":["http:\/\/blogdobispo.com.br"],"url":"https:\/\/blogdobispo.com.br\/?author=1"}]}},"featured_image_urls":{"full":"","thumbnail":"","medium":"","medium_large":"","large":"","1536x1536":"","2048x2048":""},"author_info":{"display_name":"Jefferson Sterfeno","author_link":"https:\/\/blogdobispo.com.br\/?author=1"},"category_info":"<a href=\"https:\/\/blogdobispo.com.br\/?cat=1\" rel=\"category\">diversos<\/a>","tag_info":"diversos","comment_count":"0","jetpack_featured_media_url":"","jetpack_sharing_enabled":true,"_links":{"self":[{"href":"https:\/\/blogdobispo.com.br\/index.php?rest_route=\/wp\/v2\/posts\/4519","targetHints":{"allow":["GET"]}}],"collection":[{"href":"https:\/\/blogdobispo.com.br\/index.php?rest_route=\/wp\/v2\/posts"}],"about":[{"href":"https:\/\/blogdobispo.com.br\/index.php?rest_route=\/wp\/v2\/types\/post"}],"author":[{"embeddable":true,"href":"https:\/\/blogdobispo.com.br\/index.php?rest_route=\/wp\/v2\/users\/1"}],"replies":[{"embeddable":true,"href":"https:\/\/blogdobispo.com.br\/index.php?rest_route=%2Fwp%2Fv2%2Fcomments&post=4519"}],"version-history":[{"count":0,"href":"https:\/\/blogdobispo.com.br\/index.php?rest_route=\/wp\/v2\/posts\/4519\/revisions"}],"wp:attachment":[{"href":"https:\/\/blogdobispo.com.br\/index.php?rest_route=%2Fwp%2Fv2%2Fmedia&parent=4519"}],"wp:term":[{"taxonomy":"category","embeddable":true,"href":"https:\/\/blogdobispo.com.br\/index.php?rest_route=%2Fwp%2Fv2%2Fcategories&post=4519"},{"taxonomy":"post_tag","embeddable":true,"href":"https:\/\/blogdobispo.com.br\/index.php?rest_route=%2Fwp%2Fv2%2Ftags&post=4519"}],"curies":[{"name":"wp","href":"https:\/\/api.w.org\/{rel}","templated":true}]}}