{"id":4517,"date":"2025-01-20T14:31:01","date_gmt":"2025-01-20T14:31:01","guid":{"rendered":"https:\/\/blogdobispo.com.br\/?p=4517"},"modified":"2025-01-20T14:31:01","modified_gmt":"2025-01-20T14:31:01","slug":"ceo-da-owl-digital-anacelly-de-paula-participa-da-nrf-2025-e-traz-novidades-para-a-fintech-potiguar","status":"publish","type":"post","link":"https:\/\/blogdobispo.com.br\/?p=4517","title":{"rendered":"CEO da Owl Digital, Anacelly de Paula, participa da NRF 2025 e traz novidades para a fintech potiguar"},"content":{"rendered":"\n<figure class=\"wp-block-image size-large\"><img data-recalc-dims=\"1\" fetchpriority=\"high\" decoding=\"async\" width=\"768\" height=\"1024\" src=\"https:\/\/i0.wp.com\/blogdobispo.com.br\/wp-content\/uploads\/2025\/01\/e6b93141-5ed0-4c3f-a905-e803d60d47ed-1-768x1024.jpg?resize=768%2C1024&#038;ssl=1\" class=\"wp-image-4516\" srcset=\"https:\/\/i0.wp.com\/blogdobispo.com.br\/wp-content\/uploads\/2025\/01\/e6b93141-5ed0-4c3f-a905-e803d60d47ed-1.jpg?resize=768%2C1024&amp;ssl=1 768w, https:\/\/i0.wp.com\/blogdobispo.com.br\/wp-content\/uploads\/2025\/01\/e6b93141-5ed0-4c3f-a905-e803d60d47ed-1.jpg?resize=225%2C300&amp;ssl=1 225w, https:\/\/i0.wp.com\/blogdobispo.com.br\/wp-content\/uploads\/2025\/01\/e6b93141-5ed0-4c3f-a905-e803d60d47ed-1.jpg?resize=1152%2C1536&amp;ssl=1 1152w, https:\/\/i0.wp.com\/blogdobispo.com.br\/wp-content\/uploads\/2025\/01\/e6b93141-5ed0-4c3f-a905-e803d60d47ed-1.jpg?resize=1024%2C1365&amp;ssl=1 1024w, https:\/\/i0.wp.com\/blogdobispo.com.br\/wp-content\/uploads\/2025\/01\/e6b93141-5ed0-4c3f-a905-e803d60d47ed-1.jpg?w=1200&amp;ssl=1 1200w\" sizes=\"(max-width: 768px) 100vw, 768px\" \/><\/figure>\n\n\n\n<p><\/p>\n\n\n\n<p>A CEO da Owl Digital, Anacelly de Paula, retornou recentemente dos Estados Unidos com a mala cheia de aprendizados e novas ideias que prometem impulsionar ainda mais a fintech potiguar. Anacelly participou da NRF 2025 \u2013 o maior evento de varejo do mundo, em Nova York, como parte de uma miss\u00e3o empresarial organizada pela CDL Natal, que reuniu empres\u00e1rios natalenses em uma experi\u00eancia \u00fanica de conhecimento e networking.<\/p>\n\n\n\n<p>Em suas palavras, Anacelly destacou a import\u00e2ncia do evento para a Owl Digital: &#8220;Foi a primeira vez que eu e a Owl Digital participamos da NRF, e a experi\u00eancia foi fant\u00e1stica. Al\u00e9m da magnitude do evento, com stands gigantescos e empresas de tecnologia voltadas para o varejo, a conex\u00e3o e o networking gerados com empres\u00e1rios potiguares que integraram a miss\u00e3o foram incr\u00edveis, tanto para mim, como profissional, quanto para a Owl Digital.&#8221;<\/p>\n\n\n\n<p>Durante a feira, a CEO teve a oportunidade de participar de negocia\u00e7\u00f5es no stand da Mastercard, onde deu in\u00edcio a novas parcerias estrat\u00e9gicas que trar\u00e3o novidades para os clientes da fintech. Ela tamb\u00e9m comentou a nova fase da Owl Digital, que agora oferece uma plataforma de pagamentos voltada para empresas. \u201cHoje, as empresas podem criar sua pr\u00f3pria plataforma de pagamento, montar seu minibanco e agregar valor aos seus neg\u00f3cios com servi\u00e7os financeiros, aumentando suas receitas. Foi incr\u00edvel poder apresentar isso a outras empresas no evento\u201d, explicou.<\/p>\n\n\n\n<p>Al\u00e9m disso, Anacelly ressaltou o acesso a grandes empresas de tecnologia como um diferencial da feira, proporcionando uma vis\u00e3o mais ampla e inovadora sobre o setor. A CEO ainda agradeceu a Bruno Felix, da CDL Natal, pelo convite para integrar o grupo seleto de empres\u00e1rios que participaram dessa miss\u00e3o transformadora.<\/p>\n\n\n\n<p>&#8220;Sa\u00edmos da NRF com a sensa\u00e7\u00e3o de dever cumprido e com muitos aprendizados. Estamos animados para implementar as ideias e novidades que trouxemos para a Owl Digital, consolidando ainda mais nossa miss\u00e3o de transformar o acesso a servi\u00e7os financeiros.&#8221;<\/p>\n\n\n\n<p>A participa\u00e7\u00e3o na NRF 2025 refor\u00e7a o compromisso da Owl Digital em trazer inova\u00e7\u00e3o e solu\u00e7\u00f5es tecnol\u00f3gicas de ponta para seus clientes, abrindo novas oportunidades e fortalecendo sua atua\u00e7\u00e3o no mercado. Fique ligado, porque muitas novidades est\u00e3o a caminho!<\/p>\n","protected":false},"excerpt":{"rendered":"<p>A CEO da Owl Digital, Anacelly de Paula, retornou recentemente dos Estados Unidos com a mala cheia de aprendizados e novas ideias que prometem impulsionar ainda mais a fintech potiguar. Anacelly participou da NRF 2025 \u2013 o maior evento de varejo do mundo, em Nova York, como parte de uma miss\u00e3o empresarial organizada pela CDL [&hellip;]<\/p>\n","protected":false},"author":1,"featured_media":0,"comment_status":"open","ping_status":"open","sticky":false,"template":"","format":"standard","meta":{"cybocfi_hide_featured_image":"","_jetpack_memberships_contains_paid_content":false,"footnotes":""},"categories":[1],"tags":[],"class_list":["post-4517","post","type-post","status-publish","format-standard","hentry","category-diversos"],"yoast_head":"<!-- This site is optimized with the Yoast SEO plugin v25.6 - https:\/\/yoast.com\/wordpress\/plugins\/seo\/ -->\n<title>CEO da Owl Digital, Anacelly de Paula, participa da NRF 2025 e traz novidades para a fintech potiguar - Blog do Bispo<\/title>\n<meta name=\"robots\" content=\"index, follow, max-snippet:-1, max-image-preview:large, max-video-preview:-1\" \/>\n<link rel=\"canonical\" href=\"https:\/\/blogdobispo.com.br\/?p=4517\" \/>\n<meta property=\"og:locale\" content=\"pt_BR\" \/>\n<meta property=\"og:type\" content=\"article\" \/>\n<meta property=\"og:title\" content=\"CEO da Owl Digital, Anacelly de Paula, participa da NRF 2025 e traz novidades para a fintech potiguar - Blog do Bispo\" \/>\n<meta property=\"og:description\" content=\"A CEO da Owl Digital, Anacelly de Paula, retornou recentemente dos Estados Unidos com a mala cheia de aprendizados e novas ideias que prometem impulsionar ainda mais a fintech potiguar. Anacelly participou da NRF 2025 \u2013 o maior evento de varejo do mundo, em Nova York, como parte de uma miss\u00e3o empresarial organizada pela CDL [&hellip;]\" \/>\n<meta property=\"og:url\" content=\"https:\/\/blogdobispo.com.br\/?p=4517\" \/>\n<meta property=\"og:site_name\" content=\"Blog do Bispo\" \/>\n<meta property=\"article:published_time\" content=\"2025-01-20T14:31:01+00:00\" \/>\n<meta property=\"og:image\" content=\"https:\/\/blogdobispo.com.br\/wp-content\/uploads\/2025\/01\/e6b93141-5ed0-4c3f-a905-e803d60d47ed-1-768x1024.jpg\" \/>\n<meta name=\"author\" content=\"Jefferson Sterfeno\" \/>\n<meta name=\"twitter:card\" content=\"summary_large_image\" \/>\n<meta name=\"twitter:label1\" content=\"Escrito por\" \/>\n\t<meta name=\"twitter:data1\" content=\"Jefferson Sterfeno\" \/>\n\t<meta name=\"twitter:label2\" content=\"Est. tempo de leitura\" \/>\n\t<meta name=\"twitter:data2\" content=\"2 minutos\" \/>\n<script type=\"application\/ld+json\" class=\"yoast-schema-graph\">{\"@context\":\"https:\/\/schema.org\",\"@graph\":[{\"@type\":\"Article\",\"@id\":\"https:\/\/blogdobispo.com.br\/?p=4517#article\",\"isPartOf\":{\"@id\":\"https:\/\/blogdobispo.com.br\/?p=4517\"},\"author\":{\"name\":\"Jefferson Sterfeno\",\"@id\":\"https:\/\/blogdobispo.com.br\/#\/schema\/person\/e2209cc0e6cea5c5233d033e997b373f\"},\"headline\":\"CEO da Owl Digital, Anacelly de Paula, participa da NRF 2025 e traz novidades para a fintech potiguar\",\"datePublished\":\"2025-01-20T14:31:01+00:00\",\"mainEntityOfPage\":{\"@id\":\"https:\/\/blogdobispo.com.br\/?p=4517\"},\"wordCount\":403,\"commentCount\":0,\"publisher\":{\"@id\":\"https:\/\/blogdobispo.com.br\/#organization\"},\"image\":{\"@id\":\"https:\/\/blogdobispo.com.br\/?p=4517#primaryimage\"},\"thumbnailUrl\":\"https:\/\/blogdobispo.com.br\/wp-content\/uploads\/2025\/01\/e6b93141-5ed0-4c3f-a905-e803d60d47ed-1-768x1024.jpg\",\"articleSection\":[\"diversos\"],\"inLanguage\":\"pt-BR\",\"potentialAction\":[{\"@type\":\"CommentAction\",\"name\":\"Comment\",\"target\":[\"https:\/\/blogdobispo.com.br\/?p=4517#respond\"]}]},{\"@type\":\"WebPage\",\"@id\":\"https:\/\/blogdobispo.com.br\/?p=4517\",\"url\":\"https:\/\/blogdobispo.com.br\/?p=4517\",\"name\":\"CEO da Owl Digital, Anacelly de Paula, participa da NRF 2025 e traz novidades para a fintech potiguar - Blog do Bispo\",\"isPartOf\":{\"@id\":\"https:\/\/blogdobispo.com.br\/#website\"},\"primaryImageOfPage\":{\"@id\":\"https:\/\/blogdobispo.com.br\/?p=4517#primaryimage\"},\"image\":{\"@id\":\"https:\/\/blogdobispo.com.br\/?p=4517#primaryimage\"},\"thumbnailUrl\":\"https:\/\/blogdobispo.com.br\/wp-content\/uploads\/2025\/01\/e6b93141-5ed0-4c3f-a905-e803d60d47ed-1-768x1024.jpg\",\"datePublished\":\"2025-01-20T14:31:01+00:00\",\"breadcrumb\":{\"@id\":\"https:\/\/blogdobispo.com.br\/?p=4517#breadcrumb\"},\"inLanguage\":\"pt-BR\",\"potentialAction\":[{\"@type\":\"ReadAction\",\"target\":[\"https:\/\/blogdobispo.com.br\/?p=4517\"]}]},{\"@type\":\"ImageObject\",\"inLanguage\":\"pt-BR\",\"@id\":\"https:\/\/blogdobispo.com.br\/?p=4517#primaryimage\",\"url\":\"https:\/\/blogdobispo.com.br\/wp-content\/uploads\/2025\/01\/e6b93141-5ed0-4c3f-a905-e803d60d47ed-1-768x1024.jpg\",\"contentUrl\":\"https:\/\/blogdobispo.com.br\/wp-content\/uploads\/2025\/01\/e6b93141-5ed0-4c3f-a905-e803d60d47ed-1-768x1024.jpg\"},{\"@type\":\"BreadcrumbList\",\"@id\":\"https:\/\/blogdobispo.com.br\/?p=4517#breadcrumb\",\"itemListElement\":[{\"@type\":\"ListItem\",\"position\":1,\"name\":\"In\u00edcio\",\"item\":\"https:\/\/blogdobispo.com.br\/\"},{\"@type\":\"ListItem\",\"position\":2,\"name\":\"CEO da Owl Digital, Anacelly de Paula, participa da NRF 2025 e traz novidades para a fintech potiguar\"}]},{\"@type\":\"WebSite\",\"@id\":\"https:\/\/blogdobispo.com.br\/#website\",\"url\":\"https:\/\/blogdobispo.com.br\/\",\"name\":\"Blog do Bispo\",\"description\":\"Comprometido apenas com o leitor\",\"publisher\":{\"@id\":\"https:\/\/blogdobispo.com.br\/#organization\"},\"potentialAction\":[{\"@type\":\"SearchAction\",\"target\":{\"@type\":\"EntryPoint\",\"urlTemplate\":\"https:\/\/blogdobispo.com.br\/?s={search_term_string}\"},\"query-input\":{\"@type\":\"PropertyValueSpecification\",\"valueRequired\":true,\"valueName\":\"search_term_string\"}}],\"inLanguage\":\"pt-BR\"},{\"@type\":\"Organization\",\"@id\":\"https:\/\/blogdobispo.com.br\/#organization\",\"name\":\"Blog do Bispo\",\"url\":\"https:\/\/blogdobispo.com.br\/\",\"logo\":{\"@type\":\"ImageObject\",\"inLanguage\":\"pt-BR\",\"@id\":\"https:\/\/blogdobispo.com.br\/#\/schema\/logo\/image\/\",\"url\":\"http:\/\/blogdobispo.com.br\/wp-content\/uploads\/2023\/05\/cropped-headear.png\",\"contentUrl\":\"http:\/\/blogdobispo.com.br\/wp-content\/uploads\/2023\/05\/cropped-headear.png\",\"width\":1500,\"height\":399,\"caption\":\"Blog do Bispo\"},\"image\":{\"@id\":\"https:\/\/blogdobispo.com.br\/#\/schema\/logo\/image\/\"}},{\"@type\":\"Person\",\"@id\":\"https:\/\/blogdobispo.com.br\/#\/schema\/person\/e2209cc0e6cea5c5233d033e997b373f\",\"name\":\"Jefferson Sterfeno\",\"image\":{\"@type\":\"ImageObject\",\"inLanguage\":\"pt-BR\",\"@id\":\"https:\/\/blogdobispo.com.br\/#\/schema\/person\/image\/\",\"url\":\"https:\/\/secure.gravatar.com\/avatar\/0534e84764641168a677026b6d57a3f51dc7ac4db0b4f6186d9cb330d4ee1160?s=96&d=mm&r=g\",\"contentUrl\":\"https:\/\/secure.gravatar.com\/avatar\/0534e84764641168a677026b6d57a3f51dc7ac4db0b4f6186d9cb330d4ee1160?s=96&d=mm&r=g\",\"caption\":\"Jefferson Sterfeno\"},\"sameAs\":[\"http:\/\/blogdobispo.com.br\"],\"url\":\"https:\/\/blogdobispo.com.br\/?author=1\"}]}<\/script>\n<!-- \/ Yoast SEO plugin. -->","yoast_head_json":{"title":"CEO da Owl Digital, Anacelly de Paula, participa da NRF 2025 e traz novidades para a fintech potiguar - Blog do Bispo","robots":{"index":"index","follow":"follow","max-snippet":"max-snippet:-1","max-image-preview":"max-image-preview:large","max-video-preview":"max-video-preview:-1"},"canonical":"https:\/\/blogdobispo.com.br\/?p=4517","og_locale":"pt_BR","og_type":"article","og_title":"CEO da Owl Digital, Anacelly de Paula, participa da NRF 2025 e traz novidades para a fintech potiguar - Blog do Bispo","og_description":"A CEO da Owl Digital, Anacelly de Paula, retornou recentemente dos Estados Unidos com a mala cheia de aprendizados e novas ideias que prometem impulsionar ainda mais a fintech potiguar. Anacelly participou da NRF 2025 \u2013 o maior evento de varejo do mundo, em Nova York, como parte de uma miss\u00e3o empresarial organizada pela CDL [&hellip;]","og_url":"https:\/\/blogdobispo.com.br\/?p=4517","og_site_name":"Blog do Bispo","article_published_time":"2025-01-20T14:31:01+00:00","og_image":[{"url":"https:\/\/blogdobispo.com.br\/wp-content\/uploads\/2025\/01\/e6b93141-5ed0-4c3f-a905-e803d60d47ed-1-768x1024.jpg","type":"","width":"","height":""}],"author":"Jefferson Sterfeno","twitter_card":"summary_large_image","twitter_misc":{"Escrito por":"Jefferson Sterfeno","Est. tempo de leitura":"2 minutos"},"schema":{"@context":"https:\/\/schema.org","@graph":[{"@type":"Article","@id":"https:\/\/blogdobispo.com.br\/?p=4517#article","isPartOf":{"@id":"https:\/\/blogdobispo.com.br\/?p=4517"},"author":{"name":"Jefferson Sterfeno","@id":"https:\/\/blogdobispo.com.br\/#\/schema\/person\/e2209cc0e6cea5c5233d033e997b373f"},"headline":"CEO da Owl Digital, Anacelly de Paula, participa da NRF 2025 e traz novidades para a fintech potiguar","datePublished":"2025-01-20T14:31:01+00:00","mainEntityOfPage":{"@id":"https:\/\/blogdobispo.com.br\/?p=4517"},"wordCount":403,"commentCount":0,"publisher":{"@id":"https:\/\/blogdobispo.com.br\/#organization"},"image":{"@id":"https:\/\/blogdobispo.com.br\/?p=4517#primaryimage"},"thumbnailUrl":"https:\/\/blogdobispo.com.br\/wp-content\/uploads\/2025\/01\/e6b93141-5ed0-4c3f-a905-e803d60d47ed-1-768x1024.jpg","articleSection":["diversos"],"inLanguage":"pt-BR","potentialAction":[{"@type":"CommentAction","name":"Comment","target":["https:\/\/blogdobispo.com.br\/?p=4517#respond"]}]},{"@type":"WebPage","@id":"https:\/\/blogdobispo.com.br\/?p=4517","url":"https:\/\/blogdobispo.com.br\/?p=4517","name":"CEO da Owl Digital, Anacelly de Paula, participa da NRF 2025 e traz novidades para a fintech potiguar - Blog do Bispo","isPartOf":{"@id":"https:\/\/blogdobispo.com.br\/#website"},"primaryImageOfPage":{"@id":"https:\/\/blogdobispo.com.br\/?p=4517#primaryimage"},"image":{"@id":"https:\/\/blogdobispo.com.br\/?p=4517#primaryimage"},"thumbnailUrl":"https:\/\/blogdobispo.com.br\/wp-content\/uploads\/2025\/01\/e6b93141-5ed0-4c3f-a905-e803d60d47ed-1-768x1024.jpg","datePublished":"2025-01-20T14:31:01+00:00","breadcrumb":{"@id":"https:\/\/blogdobispo.com.br\/?p=4517#breadcrumb"},"inLanguage":"pt-BR","potentialAction":[{"@type":"ReadAction","target":["https:\/\/blogdobispo.com.br\/?p=4517"]}]},{"@type":"ImageObject","inLanguage":"pt-BR","@id":"https:\/\/blogdobispo.com.br\/?p=4517#primaryimage","url":"https:\/\/blogdobispo.com.br\/wp-content\/uploads\/2025\/01\/e6b93141-5ed0-4c3f-a905-e803d60d47ed-1-768x1024.jpg","contentUrl":"https:\/\/blogdobispo.com.br\/wp-content\/uploads\/2025\/01\/e6b93141-5ed0-4c3f-a905-e803d60d47ed-1-768x1024.jpg"},{"@type":"BreadcrumbList","@id":"https:\/\/blogdobispo.com.br\/?p=4517#breadcrumb","itemListElement":[{"@type":"ListItem","position":1,"name":"In\u00edcio","item":"https:\/\/blogdobispo.com.br\/"},{"@type":"ListItem","position":2,"name":"CEO da Owl Digital, Anacelly de Paula, participa da NRF 2025 e traz novidades para a fintech potiguar"}]},{"@type":"WebSite","@id":"https:\/\/blogdobispo.com.br\/#website","url":"https:\/\/blogdobispo.com.br\/","name":"Blog do Bispo","description":"Comprometido apenas com o leitor","publisher":{"@id":"https:\/\/blogdobispo.com.br\/#organization"},"potentialAction":[{"@type":"SearchAction","target":{"@type":"EntryPoint","urlTemplate":"https:\/\/blogdobispo.com.br\/?s={search_term_string}"},"query-input":{"@type":"PropertyValueSpecification","valueRequired":true,"valueName":"search_term_string"}}],"inLanguage":"pt-BR"},{"@type":"Organization","@id":"https:\/\/blogdobispo.com.br\/#organization","name":"Blog do Bispo","url":"https:\/\/blogdobispo.com.br\/","logo":{"@type":"ImageObject","inLanguage":"pt-BR","@id":"https:\/\/blogdobispo.com.br\/#\/schema\/logo\/image\/","url":"http:\/\/blogdobispo.com.br\/wp-content\/uploads\/2023\/05\/cropped-headear.png","contentUrl":"http:\/\/blogdobispo.com.br\/wp-content\/uploads\/2023\/05\/cropped-headear.png","width":1500,"height":399,"caption":"Blog do Bispo"},"image":{"@id":"https:\/\/blogdobispo.com.br\/#\/schema\/logo\/image\/"}},{"@type":"Person","@id":"https:\/\/blogdobispo.com.br\/#\/schema\/person\/e2209cc0e6cea5c5233d033e997b373f","name":"Jefferson Sterfeno","image":{"@type":"ImageObject","inLanguage":"pt-BR","@id":"https:\/\/blogdobispo.com.br\/#\/schema\/person\/image\/","url":"https:\/\/secure.gravatar.com\/avatar\/0534e84764641168a677026b6d57a3f51dc7ac4db0b4f6186d9cb330d4ee1160?s=96&d=mm&r=g","contentUrl":"https:\/\/secure.gravatar.com\/avatar\/0534e84764641168a677026b6d57a3f51dc7ac4db0b4f6186d9cb330d4ee1160?s=96&d=mm&r=g","caption":"Jefferson Sterfeno"},"sameAs":["http:\/\/blogdobispo.com.br"],"url":"https:\/\/blogdobispo.com.br\/?author=1"}]}},"featured_image_urls":{"full":"","thumbnail":"","medium":"","medium_large":"","large":"","1536x1536":"","2048x2048":""},"author_info":{"display_name":"Jefferson Sterfeno","author_link":"https:\/\/blogdobispo.com.br\/?author=1"},"category_info":"<a href=\"https:\/\/blogdobispo.com.br\/?cat=1\" rel=\"category\">diversos<\/a>","tag_info":"diversos","comment_count":"0","jetpack_featured_media_url":"","jetpack_sharing_enabled":true,"_links":{"self":[{"href":"https:\/\/blogdobispo.com.br\/index.php?rest_route=\/wp\/v2\/posts\/4517","targetHints":{"allow":["GET"]}}],"collection":[{"href":"https:\/\/blogdobispo.com.br\/index.php?rest_route=\/wp\/v2\/posts"}],"about":[{"href":"https:\/\/blogdobispo.com.br\/index.php?rest_route=\/wp\/v2\/types\/post"}],"author":[{"embeddable":true,"href":"https:\/\/blogdobispo.com.br\/index.php?rest_route=\/wp\/v2\/users\/1"}],"replies":[{"embeddable":true,"href":"https:\/\/blogdobispo.com.br\/index.php?rest_route=%2Fwp%2Fv2%2Fcomments&post=4517"}],"version-history":[{"count":0,"href":"https:\/\/blogdobispo.com.br\/index.php?rest_route=\/wp\/v2\/posts\/4517\/revisions"}],"wp:attachment":[{"href":"https:\/\/blogdobispo.com.br\/index.php?rest_route=%2Fwp%2Fv2%2Fmedia&parent=4517"}],"wp:term":[{"taxonomy":"category","embeddable":true,"href":"https:\/\/blogdobispo.com.br\/index.php?rest_route=%2Fwp%2Fv2%2Fcategories&post=4517"},{"taxonomy":"post_tag","embeddable":true,"href":"https:\/\/blogdobispo.com.br\/index.php?rest_route=%2Fwp%2Fv2%2Ftags&post=4517"}],"curies":[{"name":"wp","href":"https:\/\/api.w.org\/{rel}","templated":true}]}}