{"id":4506,"date":"2025-01-17T17:22:45","date_gmt":"2025-01-17T17:22:45","guid":{"rendered":"https:\/\/blogdobispo.com.br\/?p=4506"},"modified":"2025-01-17T17:22:45","modified_gmt":"2025-01-17T17:22:45","slug":"transforme-suas-ferias-com-yoga-na-praia-equilibrio-e-bem-estar-ao-alcance-de-todos","status":"publish","type":"post","link":"https:\/\/blogdobispo.com.br\/?p=4506","title":{"rendered":"Transforme suas f\u00e9rias com \u201cYoga na Praia\u201d: equil\u00edbrio e bem-estar ao alcance de todos"},"content":{"rendered":"\n<figure class=\"wp-block-image size-large\"><img data-recalc-dims=\"1\" fetchpriority=\"high\" decoding=\"async\" width=\"800\" height=\"450\" src=\"https:\/\/i0.wp.com\/blogdobispo.com.br\/wp-content\/uploads\/2025\/01\/5433773b-3bc9-4eb8-b896-f72c46e5ff48-1-1024x576.jpg?resize=800%2C450&#038;ssl=1\" class=\"wp-image-4505\" srcset=\"https:\/\/i0.wp.com\/blogdobispo.com.br\/wp-content\/uploads\/2025\/01\/5433773b-3bc9-4eb8-b896-f72c46e5ff48-1.jpg?resize=1024%2C576&amp;ssl=1 1024w, https:\/\/i0.wp.com\/blogdobispo.com.br\/wp-content\/uploads\/2025\/01\/5433773b-3bc9-4eb8-b896-f72c46e5ff48-1.jpg?resize=300%2C169&amp;ssl=1 300w, https:\/\/i0.wp.com\/blogdobispo.com.br\/wp-content\/uploads\/2025\/01\/5433773b-3bc9-4eb8-b896-f72c46e5ff48-1.jpg?resize=768%2C432&amp;ssl=1 768w, https:\/\/i0.wp.com\/blogdobispo.com.br\/wp-content\/uploads\/2025\/01\/5433773b-3bc9-4eb8-b896-f72c46e5ff48-1.jpg?resize=1536%2C864&amp;ssl=1 1536w, https:\/\/i0.wp.com\/blogdobispo.com.br\/wp-content\/uploads\/2025\/01\/5433773b-3bc9-4eb8-b896-f72c46e5ff48-1.jpg?w=1599&amp;ssl=1 1599w\" sizes=\"(max-width: 800px) 100vw, 800px\" \/><\/figure>\n\n\n\n<p><\/p>\n\n\n\n<p><em>As f\u00e9rias chegaram, e com elas, a oportunidade perfeita para desacelerar, renovar energias e cuidar de si.<\/em><\/p>\n\n\n\n<p>Pensando nisso, a premiada professora de Yoga, <em>Crhis Silva<\/em>, apresenta o programa online <em>\u201cYoga na Praia\u201d<\/em>, que traz a experi\u00eancia \u00fanica de praticar com o som do mar, a energia do sol e a tranquilidade da natureza \u2013 tudo isso sem sair de casa ou de onde voc\u00ea estiver.<\/p>\n\n\n\n<p>Gravado em um cen\u00e1rio paradis\u00edaco, o programa foi desenvolvido para quem deseja manter ou iniciar uma rotina de <em>Yoga<\/em>, aproveitando todos os benef\u00edcios f\u00edsicos e emocionais que a pr\u00e1tica oferece, mesmo durante as f\u00e9rias.<\/p>\n\n\n\n<p>Com <em>10 aulas gravadas na praia<\/em>, acess\u00edveis para todos os n\u00edveis, o Yoga na Praia tamb\u00e9m inclui b\u00f4nus especiais, como a Sauda\u00e7\u00e3o ao Sol B, medita\u00e7\u00f5es para os 7 chakras e at\u00e9 bastidores das grava\u00e7\u00f5es, criando uma experi\u00eancia imersiva que promove relaxamento, autocuidado e equil\u00edbrio.<\/p>\n\n\n\n<p><em>Os benef\u00edcios de praticar Yoga na Praia:<\/em> <code>\u2022 *Relaxamento profundo:* A combina\u00e7\u00e3o do som das ondas e a pr\u00e1tica do Yoga ajudam a reduzir o estresse acumulado e melhorar a qualidade do sono. \u2022 *Energia renovada:* As t\u00e9cnicas de respira\u00e7\u00e3o e alongamento proporcionam mais disposi\u00e7\u00e3o e vitalidade para aproveitar as f\u00e9rias. \u2022 *Equil\u00edbrio emocional:* As medita\u00e7\u00f5es guiadas fortalecem a conex\u00e3o interior e ajudam a alinhar corpo e mente, trazendo paz e foco. \u2022 *Autonomia na pr\u00e1tica:* Com acesso garantido por 1 ano, \u00e9 poss\u00edvel adaptar as aulas \u00e0 sua rotina, seja em casa, na viagem ou ao ar livre. \u2022 *Cuidado com o corpo:* O Yoga fortalece m\u00fasculos, melhora a postura e contribui para a sa\u00fade geral, prevenindo les\u00f5es.<\/code><\/p>\n\n\n\n<p>\u201cO Yoga na Praia foi pensado para quem deseja sentir a energia do ver\u00e3o e o poder restaurador da natureza, mesmo longe do litoral. As f\u00e9rias s\u00e3o o momento ideal para cuidar de si, e o Yoga \u00e9 um aliado indispens\u00e1vel para come\u00e7ar o ano mais equilibrado e cheio de vitalidade\u201d, explica <em>Crhis Silva<\/em>, refer\u00eancia em Yoga no Rio Grande do Norte e premiada como Melhor Professora de Yoga de Natal em 2022 e Top Master RN em 2023.<\/p>\n\n\n\n<p><em>O que inclui o programa \u201cYoga na Praia\u201d<\/em><code>\u2022 *10 aulas online* gravadas na praia para todos os n\u00edveis de praticantes. \u2022 *Aula b\u00f4nus:* Sauda\u00e7\u00e3o ao Sol B para energizar corpo e mente. \u2022 *Medita\u00e7\u00f5es para os 7 chakras*, promovendo alinhamento energ\u00e9tico. \u2022 *Bastidores exclusivos*, com detalhes das grava\u00e7\u00f5es \u00e0 beira-mar. \u2022 *Acesso por 1 ano*, permitindo total flexibilidade.<\/code><\/p>\n\n\n\n<p>Com um investimento acess\u00edvel de <em>R$ 49,90<\/em>, o Yoga na Praia \u00e9 ideal para quem busca relaxar, manter-se ativo e aproveitar o melhor do ver\u00e3o com sa\u00fade e bem-estar.<\/p>\n\n\n\n<p><em>Sobre Crhis Silva<\/em><\/p>\n\n\n\n<p>Crhis Silva \u00e9 uma das maiores refer\u00eancias em Yoga no Rio Grande do Norte, com uma carreira consolidada que une conhecimento acad\u00eamico e pr\u00e1ticas hol\u00edsticas. Formada em Ci\u00eancias Biol\u00f3gicas e com dois P\u00f3s-Doutorados em Cronobiologia, tamb\u00e9m \u00e9 certificada em Hatha Yoga, Yoga para Gestantes e Baby Yoga, al\u00e9m de Thetahealing, Florais de Bach e Reiki.<\/p>\n\n\n\n<p>Premiada como Melhor Professora de Yoga de Natal em 2022 e reconhecida como Top Master RN 2023, Crhis oferece cursos e consultorias que ajudam pessoas a transformarem suas vidas por meio da pr\u00e1tica do Yoga.<\/p>\n\n\n\n<p><em>Quer come\u00e7ar agora?<\/em><br>Descubra mais sobre o Yoga na Praia e transforme suas f\u00e9rias. Acesse o <em>Instagram:<\/em> @dracrhissilva ou entre em contato no <em>WhatsApp:<\/em> (84) 99982-0842.<\/p>\n","protected":false},"excerpt":{"rendered":"<p>As f\u00e9rias chegaram, e com elas, a oportunidade perfeita para desacelerar, renovar energias e cuidar de si. Pensando nisso, a premiada professora de Yoga, Crhis Silva, apresenta o programa online \u201cYoga na Praia\u201d, que traz a experi\u00eancia \u00fanica de praticar com o som do mar, a energia do sol e a tranquilidade da natureza \u2013 [&hellip;]<\/p>\n","protected":false},"author":1,"featured_media":0,"comment_status":"open","ping_status":"open","sticky":false,"template":"","format":"standard","meta":{"cybocfi_hide_featured_image":"","_jetpack_memberships_contains_paid_content":false,"footnotes":""},"categories":[1],"tags":[],"class_list":["post-4506","post","type-post","status-publish","format-standard","hentry","category-diversos"],"yoast_head":"<!-- This site is optimized with the Yoast SEO plugin v25.6 - https:\/\/yoast.com\/wordpress\/plugins\/seo\/ -->\n<title>Transforme suas f\u00e9rias com \u201cYoga na Praia\u201d: equil\u00edbrio e bem-estar ao alcance de todos - Blog do Bispo<\/title>\n<meta name=\"robots\" content=\"index, follow, max-snippet:-1, max-image-preview:large, max-video-preview:-1\" \/>\n<link rel=\"canonical\" href=\"https:\/\/blogdobispo.com.br\/?p=4506\" \/>\n<meta property=\"og:locale\" content=\"pt_BR\" \/>\n<meta property=\"og:type\" content=\"article\" \/>\n<meta property=\"og:title\" content=\"Transforme suas f\u00e9rias com \u201cYoga na Praia\u201d: equil\u00edbrio e bem-estar ao alcance de todos - Blog do Bispo\" \/>\n<meta property=\"og:description\" content=\"As f\u00e9rias chegaram, e com elas, a oportunidade perfeita para desacelerar, renovar energias e cuidar de si. Pensando nisso, a premiada professora de Yoga, Crhis Silva, apresenta o programa online \u201cYoga na Praia\u201d, que traz a experi\u00eancia \u00fanica de praticar com o som do mar, a energia do sol e a tranquilidade da natureza \u2013 [&hellip;]\" \/>\n<meta property=\"og:url\" content=\"https:\/\/blogdobispo.com.br\/?p=4506\" \/>\n<meta property=\"og:site_name\" content=\"Blog do Bispo\" \/>\n<meta property=\"article:published_time\" content=\"2025-01-17T17:22:45+00:00\" \/>\n<meta property=\"og:image\" content=\"https:\/\/blogdobispo.com.br\/wp-content\/uploads\/2025\/01\/5433773b-3bc9-4eb8-b896-f72c46e5ff48-1-1024x576.jpg\" \/>\n<meta name=\"author\" content=\"Jefferson Sterfeno\" \/>\n<meta name=\"twitter:card\" content=\"summary_large_image\" \/>\n<meta name=\"twitter:label1\" content=\"Escrito por\" \/>\n\t<meta name=\"twitter:data1\" content=\"Jefferson Sterfeno\" \/>\n\t<meta name=\"twitter:label2\" content=\"Est. tempo de leitura\" \/>\n\t<meta name=\"twitter:data2\" content=\"3 minutos\" \/>\n<script type=\"application\/ld+json\" class=\"yoast-schema-graph\">{\"@context\":\"https:\/\/schema.org\",\"@graph\":[{\"@type\":\"Article\",\"@id\":\"https:\/\/blogdobispo.com.br\/?p=4506#article\",\"isPartOf\":{\"@id\":\"https:\/\/blogdobispo.com.br\/?p=4506\"},\"author\":{\"name\":\"Jefferson Sterfeno\",\"@id\":\"https:\/\/blogdobispo.com.br\/#\/schema\/person\/e2209cc0e6cea5c5233d033e997b373f\"},\"headline\":\"Transforme suas f\u00e9rias com \u201cYoga na Praia\u201d: equil\u00edbrio e bem-estar ao alcance de todos\",\"datePublished\":\"2025-01-17T17:22:45+00:00\",\"mainEntityOfPage\":{\"@id\":\"https:\/\/blogdobispo.com.br\/?p=4506\"},\"wordCount\":429,\"commentCount\":0,\"publisher\":{\"@id\":\"https:\/\/blogdobispo.com.br\/#organization\"},\"image\":{\"@id\":\"https:\/\/blogdobispo.com.br\/?p=4506#primaryimage\"},\"thumbnailUrl\":\"https:\/\/blogdobispo.com.br\/wp-content\/uploads\/2025\/01\/5433773b-3bc9-4eb8-b896-f72c46e5ff48-1-1024x576.jpg\",\"articleSection\":[\"diversos\"],\"inLanguage\":\"pt-BR\",\"potentialAction\":[{\"@type\":\"CommentAction\",\"name\":\"Comment\",\"target\":[\"https:\/\/blogdobispo.com.br\/?p=4506#respond\"]}]},{\"@type\":\"WebPage\",\"@id\":\"https:\/\/blogdobispo.com.br\/?p=4506\",\"url\":\"https:\/\/blogdobispo.com.br\/?p=4506\",\"name\":\"Transforme suas f\u00e9rias com \u201cYoga na Praia\u201d: equil\u00edbrio e bem-estar ao alcance de todos - Blog do Bispo\",\"isPartOf\":{\"@id\":\"https:\/\/blogdobispo.com.br\/#website\"},\"primaryImageOfPage\":{\"@id\":\"https:\/\/blogdobispo.com.br\/?p=4506#primaryimage\"},\"image\":{\"@id\":\"https:\/\/blogdobispo.com.br\/?p=4506#primaryimage\"},\"thumbnailUrl\":\"https:\/\/blogdobispo.com.br\/wp-content\/uploads\/2025\/01\/5433773b-3bc9-4eb8-b896-f72c46e5ff48-1-1024x576.jpg\",\"datePublished\":\"2025-01-17T17:22:45+00:00\",\"breadcrumb\":{\"@id\":\"https:\/\/blogdobispo.com.br\/?p=4506#breadcrumb\"},\"inLanguage\":\"pt-BR\",\"potentialAction\":[{\"@type\":\"ReadAction\",\"target\":[\"https:\/\/blogdobispo.com.br\/?p=4506\"]}]},{\"@type\":\"ImageObject\",\"inLanguage\":\"pt-BR\",\"@id\":\"https:\/\/blogdobispo.com.br\/?p=4506#primaryimage\",\"url\":\"https:\/\/blogdobispo.com.br\/wp-content\/uploads\/2025\/01\/5433773b-3bc9-4eb8-b896-f72c46e5ff48-1-1024x576.jpg\",\"contentUrl\":\"https:\/\/blogdobispo.com.br\/wp-content\/uploads\/2025\/01\/5433773b-3bc9-4eb8-b896-f72c46e5ff48-1-1024x576.jpg\"},{\"@type\":\"BreadcrumbList\",\"@id\":\"https:\/\/blogdobispo.com.br\/?p=4506#breadcrumb\",\"itemListElement\":[{\"@type\":\"ListItem\",\"position\":1,\"name\":\"In\u00edcio\",\"item\":\"https:\/\/blogdobispo.com.br\/\"},{\"@type\":\"ListItem\",\"position\":2,\"name\":\"Transforme suas f\u00e9rias com \u201cYoga na Praia\u201d: equil\u00edbrio e bem-estar ao alcance de todos\"}]},{\"@type\":\"WebSite\",\"@id\":\"https:\/\/blogdobispo.com.br\/#website\",\"url\":\"https:\/\/blogdobispo.com.br\/\",\"name\":\"Blog do Bispo\",\"description\":\"Comprometido apenas com o leitor\",\"publisher\":{\"@id\":\"https:\/\/blogdobispo.com.br\/#organization\"},\"potentialAction\":[{\"@type\":\"SearchAction\",\"target\":{\"@type\":\"EntryPoint\",\"urlTemplate\":\"https:\/\/blogdobispo.com.br\/?s={search_term_string}\"},\"query-input\":{\"@type\":\"PropertyValueSpecification\",\"valueRequired\":true,\"valueName\":\"search_term_string\"}}],\"inLanguage\":\"pt-BR\"},{\"@type\":\"Organization\",\"@id\":\"https:\/\/blogdobispo.com.br\/#organization\",\"name\":\"Blog do Bispo\",\"url\":\"https:\/\/blogdobispo.com.br\/\",\"logo\":{\"@type\":\"ImageObject\",\"inLanguage\":\"pt-BR\",\"@id\":\"https:\/\/blogdobispo.com.br\/#\/schema\/logo\/image\/\",\"url\":\"http:\/\/blogdobispo.com.br\/wp-content\/uploads\/2023\/05\/cropped-headear.png\",\"contentUrl\":\"http:\/\/blogdobispo.com.br\/wp-content\/uploads\/2023\/05\/cropped-headear.png\",\"width\":1500,\"height\":399,\"caption\":\"Blog do Bispo\"},\"image\":{\"@id\":\"https:\/\/blogdobispo.com.br\/#\/schema\/logo\/image\/\"}},{\"@type\":\"Person\",\"@id\":\"https:\/\/blogdobispo.com.br\/#\/schema\/person\/e2209cc0e6cea5c5233d033e997b373f\",\"name\":\"Jefferson Sterfeno\",\"image\":{\"@type\":\"ImageObject\",\"inLanguage\":\"pt-BR\",\"@id\":\"https:\/\/blogdobispo.com.br\/#\/schema\/person\/image\/\",\"url\":\"https:\/\/secure.gravatar.com\/avatar\/0534e84764641168a677026b6d57a3f51dc7ac4db0b4f6186d9cb330d4ee1160?s=96&d=mm&r=g\",\"contentUrl\":\"https:\/\/secure.gravatar.com\/avatar\/0534e84764641168a677026b6d57a3f51dc7ac4db0b4f6186d9cb330d4ee1160?s=96&d=mm&r=g\",\"caption\":\"Jefferson Sterfeno\"},\"sameAs\":[\"http:\/\/blogdobispo.com.br\"],\"url\":\"https:\/\/blogdobispo.com.br\/?author=1\"}]}<\/script>\n<!-- \/ Yoast SEO plugin. -->","yoast_head_json":{"title":"Transforme suas f\u00e9rias com \u201cYoga na Praia\u201d: equil\u00edbrio e bem-estar ao alcance de todos - Blog do Bispo","robots":{"index":"index","follow":"follow","max-snippet":"max-snippet:-1","max-image-preview":"max-image-preview:large","max-video-preview":"max-video-preview:-1"},"canonical":"https:\/\/blogdobispo.com.br\/?p=4506","og_locale":"pt_BR","og_type":"article","og_title":"Transforme suas f\u00e9rias com \u201cYoga na Praia\u201d: equil\u00edbrio e bem-estar ao alcance de todos - Blog do Bispo","og_description":"As f\u00e9rias chegaram, e com elas, a oportunidade perfeita para desacelerar, renovar energias e cuidar de si. Pensando nisso, a premiada professora de Yoga, Crhis Silva, apresenta o programa online \u201cYoga na Praia\u201d, que traz a experi\u00eancia \u00fanica de praticar com o som do mar, a energia do sol e a tranquilidade da natureza \u2013 [&hellip;]","og_url":"https:\/\/blogdobispo.com.br\/?p=4506","og_site_name":"Blog do Bispo","article_published_time":"2025-01-17T17:22:45+00:00","og_image":[{"url":"https:\/\/blogdobispo.com.br\/wp-content\/uploads\/2025\/01\/5433773b-3bc9-4eb8-b896-f72c46e5ff48-1-1024x576.jpg","type":"","width":"","height":""}],"author":"Jefferson Sterfeno","twitter_card":"summary_large_image","twitter_misc":{"Escrito por":"Jefferson Sterfeno","Est. tempo de leitura":"3 minutos"},"schema":{"@context":"https:\/\/schema.org","@graph":[{"@type":"Article","@id":"https:\/\/blogdobispo.com.br\/?p=4506#article","isPartOf":{"@id":"https:\/\/blogdobispo.com.br\/?p=4506"},"author":{"name":"Jefferson Sterfeno","@id":"https:\/\/blogdobispo.com.br\/#\/schema\/person\/e2209cc0e6cea5c5233d033e997b373f"},"headline":"Transforme suas f\u00e9rias com \u201cYoga na Praia\u201d: equil\u00edbrio e bem-estar ao alcance de todos","datePublished":"2025-01-17T17:22:45+00:00","mainEntityOfPage":{"@id":"https:\/\/blogdobispo.com.br\/?p=4506"},"wordCount":429,"commentCount":0,"publisher":{"@id":"https:\/\/blogdobispo.com.br\/#organization"},"image":{"@id":"https:\/\/blogdobispo.com.br\/?p=4506#primaryimage"},"thumbnailUrl":"https:\/\/blogdobispo.com.br\/wp-content\/uploads\/2025\/01\/5433773b-3bc9-4eb8-b896-f72c46e5ff48-1-1024x576.jpg","articleSection":["diversos"],"inLanguage":"pt-BR","potentialAction":[{"@type":"CommentAction","name":"Comment","target":["https:\/\/blogdobispo.com.br\/?p=4506#respond"]}]},{"@type":"WebPage","@id":"https:\/\/blogdobispo.com.br\/?p=4506","url":"https:\/\/blogdobispo.com.br\/?p=4506","name":"Transforme suas f\u00e9rias com \u201cYoga na Praia\u201d: equil\u00edbrio e bem-estar ao alcance de todos - Blog do Bispo","isPartOf":{"@id":"https:\/\/blogdobispo.com.br\/#website"},"primaryImageOfPage":{"@id":"https:\/\/blogdobispo.com.br\/?p=4506#primaryimage"},"image":{"@id":"https:\/\/blogdobispo.com.br\/?p=4506#primaryimage"},"thumbnailUrl":"https:\/\/blogdobispo.com.br\/wp-content\/uploads\/2025\/01\/5433773b-3bc9-4eb8-b896-f72c46e5ff48-1-1024x576.jpg","datePublished":"2025-01-17T17:22:45+00:00","breadcrumb":{"@id":"https:\/\/blogdobispo.com.br\/?p=4506#breadcrumb"},"inLanguage":"pt-BR","potentialAction":[{"@type":"ReadAction","target":["https:\/\/blogdobispo.com.br\/?p=4506"]}]},{"@type":"ImageObject","inLanguage":"pt-BR","@id":"https:\/\/blogdobispo.com.br\/?p=4506#primaryimage","url":"https:\/\/blogdobispo.com.br\/wp-content\/uploads\/2025\/01\/5433773b-3bc9-4eb8-b896-f72c46e5ff48-1-1024x576.jpg","contentUrl":"https:\/\/blogdobispo.com.br\/wp-content\/uploads\/2025\/01\/5433773b-3bc9-4eb8-b896-f72c46e5ff48-1-1024x576.jpg"},{"@type":"BreadcrumbList","@id":"https:\/\/blogdobispo.com.br\/?p=4506#breadcrumb","itemListElement":[{"@type":"ListItem","position":1,"name":"In\u00edcio","item":"https:\/\/blogdobispo.com.br\/"},{"@type":"ListItem","position":2,"name":"Transforme suas f\u00e9rias com \u201cYoga na Praia\u201d: equil\u00edbrio e bem-estar ao alcance de todos"}]},{"@type":"WebSite","@id":"https:\/\/blogdobispo.com.br\/#website","url":"https:\/\/blogdobispo.com.br\/","name":"Blog do Bispo","description":"Comprometido apenas com o leitor","publisher":{"@id":"https:\/\/blogdobispo.com.br\/#organization"},"potentialAction":[{"@type":"SearchAction","target":{"@type":"EntryPoint","urlTemplate":"https:\/\/blogdobispo.com.br\/?s={search_term_string}"},"query-input":{"@type":"PropertyValueSpecification","valueRequired":true,"valueName":"search_term_string"}}],"inLanguage":"pt-BR"},{"@type":"Organization","@id":"https:\/\/blogdobispo.com.br\/#organization","name":"Blog do Bispo","url":"https:\/\/blogdobispo.com.br\/","logo":{"@type":"ImageObject","inLanguage":"pt-BR","@id":"https:\/\/blogdobispo.com.br\/#\/schema\/logo\/image\/","url":"http:\/\/blogdobispo.com.br\/wp-content\/uploads\/2023\/05\/cropped-headear.png","contentUrl":"http:\/\/blogdobispo.com.br\/wp-content\/uploads\/2023\/05\/cropped-headear.png","width":1500,"height":399,"caption":"Blog do Bispo"},"image":{"@id":"https:\/\/blogdobispo.com.br\/#\/schema\/logo\/image\/"}},{"@type":"Person","@id":"https:\/\/blogdobispo.com.br\/#\/schema\/person\/e2209cc0e6cea5c5233d033e997b373f","name":"Jefferson Sterfeno","image":{"@type":"ImageObject","inLanguage":"pt-BR","@id":"https:\/\/blogdobispo.com.br\/#\/schema\/person\/image\/","url":"https:\/\/secure.gravatar.com\/avatar\/0534e84764641168a677026b6d57a3f51dc7ac4db0b4f6186d9cb330d4ee1160?s=96&d=mm&r=g","contentUrl":"https:\/\/secure.gravatar.com\/avatar\/0534e84764641168a677026b6d57a3f51dc7ac4db0b4f6186d9cb330d4ee1160?s=96&d=mm&r=g","caption":"Jefferson Sterfeno"},"sameAs":["http:\/\/blogdobispo.com.br"],"url":"https:\/\/blogdobispo.com.br\/?author=1"}]}},"featured_image_urls":{"full":"","thumbnail":"","medium":"","medium_large":"","large":"","1536x1536":"","2048x2048":""},"author_info":{"display_name":"Jefferson Sterfeno","author_link":"https:\/\/blogdobispo.com.br\/?author=1"},"category_info":"<a href=\"https:\/\/blogdobispo.com.br\/?cat=1\" rel=\"category\">diversos<\/a>","tag_info":"diversos","comment_count":"0","jetpack_featured_media_url":"","jetpack_sharing_enabled":true,"_links":{"self":[{"href":"https:\/\/blogdobispo.com.br\/index.php?rest_route=\/wp\/v2\/posts\/4506","targetHints":{"allow":["GET"]}}],"collection":[{"href":"https:\/\/blogdobispo.com.br\/index.php?rest_route=\/wp\/v2\/posts"}],"about":[{"href":"https:\/\/blogdobispo.com.br\/index.php?rest_route=\/wp\/v2\/types\/post"}],"author":[{"embeddable":true,"href":"https:\/\/blogdobispo.com.br\/index.php?rest_route=\/wp\/v2\/users\/1"}],"replies":[{"embeddable":true,"href":"https:\/\/blogdobispo.com.br\/index.php?rest_route=%2Fwp%2Fv2%2Fcomments&post=4506"}],"version-history":[{"count":0,"href":"https:\/\/blogdobispo.com.br\/index.php?rest_route=\/wp\/v2\/posts\/4506\/revisions"}],"wp:attachment":[{"href":"https:\/\/blogdobispo.com.br\/index.php?rest_route=%2Fwp%2Fv2%2Fmedia&parent=4506"}],"wp:term":[{"taxonomy":"category","embeddable":true,"href":"https:\/\/blogdobispo.com.br\/index.php?rest_route=%2Fwp%2Fv2%2Fcategories&post=4506"},{"taxonomy":"post_tag","embeddable":true,"href":"https:\/\/blogdobispo.com.br\/index.php?rest_route=%2Fwp%2Fv2%2Ftags&post=4506"}],"curies":[{"name":"wp","href":"https:\/\/api.w.org\/{rel}","templated":true}]}}