{"id":4504,"date":"2025-01-17T17:12:00","date_gmt":"2025-01-17T17:12:00","guid":{"rendered":"https:\/\/blogdobispo.com.br\/?p=4504"},"modified":"2025-01-17T17:12:00","modified_gmt":"2025-01-17T17:12:00","slug":"procon-natal-fara-trabalho-educativo-com-barraqueiros-da-praia-de-ponta-negra","status":"publish","type":"post","link":"https:\/\/blogdobispo.com.br\/?p=4504","title":{"rendered":"Procon Natal far\u00e1 trabalho educativo com barraqueiros da praia de Ponta Negra"},"content":{"rendered":"\n<figure class=\"wp-block-image size-large\"><img data-recalc-dims=\"1\" fetchpriority=\"high\" decoding=\"async\" width=\"800\" height=\"627\" src=\"https:\/\/i0.wp.com\/blogdobispo.com.br\/wp-content\/uploads\/2025\/01\/2a2438a9-6faf-4292-b6c1-dd515b026b24-1-1024x802.jpg?resize=800%2C627&#038;ssl=1\" class=\"wp-image-4503\" srcset=\"https:\/\/i0.wp.com\/blogdobispo.com.br\/wp-content\/uploads\/2025\/01\/2a2438a9-6faf-4292-b6c1-dd515b026b24-1.jpg?resize=1024%2C802&amp;ssl=1 1024w, https:\/\/i0.wp.com\/blogdobispo.com.br\/wp-content\/uploads\/2025\/01\/2a2438a9-6faf-4292-b6c1-dd515b026b24-1.jpg?resize=300%2C235&amp;ssl=1 300w, https:\/\/i0.wp.com\/blogdobispo.com.br\/wp-content\/uploads\/2025\/01\/2a2438a9-6faf-4292-b6c1-dd515b026b24-1.jpg?resize=768%2C602&amp;ssl=1 768w, https:\/\/i0.wp.com\/blogdobispo.com.br\/wp-content\/uploads\/2025\/01\/2a2438a9-6faf-4292-b6c1-dd515b026b24-1.jpg?w=1177&amp;ssl=1 1177w\" sizes=\"(max-width: 800px) 100vw, 800px\" \/><\/figure>\n\n\n\n<p><code>Os pre\u00e7os cobrados pelos vendedores informais na praia de Ponta Negra est\u00e3o na pauta do Procon Natal. A vereadora Camila Ara\u00fajo, que integra a Frente em Defesa do Consumidor na C\u00e2mara Municipal, confirmou que na pr\u00f3xima semana ser\u00e1 feita uma visita de representantes do \u00f3rg\u00e3o municipal e a vereadora aos vendedores ambulantes da praia de Ponta Negra.<\/code><\/p>\n\n\n\n<p>Essa defini\u00e7\u00e3o ocorreu ap\u00f3s um primeiro encontro da parlamentar com a diretoria do \u00f3rg\u00e3o municipal.<br>\u201cA grande preocupa\u00e7\u00e3o \u00e9 com as a\u00e7\u00f5es educativas e os pre\u00e7os que est\u00e3o sendo cobrados no aluguel de cadeiras e mesas. Recebi den\u00fancias de que tem pessoas cobrando R$ 45,00 no aluguel. Nossa preocupa\u00e7\u00e3o \u00e9 com os vendedores ambulantes, mas preservando os neg\u00f3cios deles a partir da razoabilidade dos valores cobrados. N\u00e3o podemos inviabilizar os frequentadores de Ponta Negra pelos pre\u00e7os exorbitantes que possam cobrar\u201d, destacou a vereadora. <code>Durante a reuni\u00e3o, os dirigentes do Procon chamaram aten\u00e7\u00e3o para a necessidade do trabalho educativo de esclarecer e informar os comerciantes informais sobre o Direito do Consumidor, inclusive com informa\u00e7\u00e3o, em local vis\u00edvel e de forma clara, sobre os valores cobrados ao consumidor. \u201cFaremos essa a\u00e7\u00e3o educativa apoiando o Procon e, assim, contribuindo com a preserva\u00e7\u00e3o e o incremento de renda dos nossos vendedores informais\u201d, disse a vereadora. Camila Ara\u00fajo ressaltou que a Comiss\u00e3o de Defesa do Consumidor, a partir do mandato dela, estar\u00e1 atuando diretamente e sendo vigilante para preservar e ampliar as oportunidades de neg\u00f3cios informais, sem comprometer os direitos dos consumidores.<\/code><\/p>\n","protected":false},"excerpt":{"rendered":"<p>Os pre\u00e7os cobrados pelos vendedores informais na praia de Ponta Negra est\u00e3o na pauta do Procon Natal. A vereadora Camila Ara\u00fajo, que integra a Frente em Defesa do Consumidor na C\u00e2mara Municipal, confirmou que na pr\u00f3xima semana ser\u00e1 feita uma visita de representantes do \u00f3rg\u00e3o municipal e a vereadora aos vendedores ambulantes da praia de [&hellip;]<\/p>\n","protected":false},"author":1,"featured_media":0,"comment_status":"open","ping_status":"open","sticky":false,"template":"","format":"standard","meta":{"cybocfi_hide_featured_image":"","_jetpack_memberships_contains_paid_content":false,"footnotes":""},"categories":[1],"tags":[],"class_list":["post-4504","post","type-post","status-publish","format-standard","hentry","category-diversos"],"yoast_head":"<!-- This site is optimized with the Yoast SEO plugin v25.6 - https:\/\/yoast.com\/wordpress\/plugins\/seo\/ -->\n<title>Procon Natal far\u00e1 trabalho educativo com barraqueiros da praia de Ponta Negra - Blog do Bispo<\/title>\n<meta name=\"robots\" content=\"index, follow, max-snippet:-1, max-image-preview:large, max-video-preview:-1\" \/>\n<link rel=\"canonical\" href=\"https:\/\/blogdobispo.com.br\/?p=4504\" \/>\n<meta property=\"og:locale\" content=\"pt_BR\" \/>\n<meta property=\"og:type\" content=\"article\" \/>\n<meta property=\"og:title\" content=\"Procon Natal far\u00e1 trabalho educativo com barraqueiros da praia de Ponta Negra - Blog do Bispo\" \/>\n<meta property=\"og:description\" content=\"Os pre\u00e7os cobrados pelos vendedores informais na praia de Ponta Negra est\u00e3o na pauta do Procon Natal. A vereadora Camila Ara\u00fajo, que integra a Frente em Defesa do Consumidor na C\u00e2mara Municipal, confirmou que na pr\u00f3xima semana ser\u00e1 feita uma visita de representantes do \u00f3rg\u00e3o municipal e a vereadora aos vendedores ambulantes da praia de [&hellip;]\" \/>\n<meta property=\"og:url\" content=\"https:\/\/blogdobispo.com.br\/?p=4504\" \/>\n<meta property=\"og:site_name\" content=\"Blog do Bispo\" \/>\n<meta property=\"article:published_time\" content=\"2025-01-17T17:12:00+00:00\" \/>\n<meta property=\"og:image\" content=\"https:\/\/blogdobispo.com.br\/wp-content\/uploads\/2025\/01\/2a2438a9-6faf-4292-b6c1-dd515b026b24-1-1024x802.jpg\" \/>\n<meta name=\"author\" content=\"Jefferson Sterfeno\" \/>\n<meta name=\"twitter:card\" content=\"summary_large_image\" \/>\n<meta name=\"twitter:label1\" content=\"Escrito por\" \/>\n\t<meta name=\"twitter:data1\" content=\"Jefferson Sterfeno\" \/>\n\t<meta name=\"twitter:label2\" content=\"Est. tempo de leitura\" \/>\n\t<meta name=\"twitter:data2\" content=\"1 minuto\" \/>\n<script type=\"application\/ld+json\" class=\"yoast-schema-graph\">{\"@context\":\"https:\/\/schema.org\",\"@graph\":[{\"@type\":\"Article\",\"@id\":\"https:\/\/blogdobispo.com.br\/?p=4504#article\",\"isPartOf\":{\"@id\":\"https:\/\/blogdobispo.com.br\/?p=4504\"},\"author\":{\"name\":\"Jefferson Sterfeno\",\"@id\":\"https:\/\/blogdobispo.com.br\/#\/schema\/person\/e2209cc0e6cea5c5233d033e997b373f\"},\"headline\":\"Procon Natal far\u00e1 trabalho educativo com barraqueiros da praia de Ponta Negra\",\"datePublished\":\"2025-01-17T17:12:00+00:00\",\"mainEntityOfPage\":{\"@id\":\"https:\/\/blogdobispo.com.br\/?p=4504\"},\"wordCount\":104,\"commentCount\":0,\"publisher\":{\"@id\":\"https:\/\/blogdobispo.com.br\/#organization\"},\"image\":{\"@id\":\"https:\/\/blogdobispo.com.br\/?p=4504#primaryimage\"},\"thumbnailUrl\":\"https:\/\/blogdobispo.com.br\/wp-content\/uploads\/2025\/01\/2a2438a9-6faf-4292-b6c1-dd515b026b24-1-1024x802.jpg\",\"articleSection\":[\"diversos\"],\"inLanguage\":\"pt-BR\",\"potentialAction\":[{\"@type\":\"CommentAction\",\"name\":\"Comment\",\"target\":[\"https:\/\/blogdobispo.com.br\/?p=4504#respond\"]}]},{\"@type\":\"WebPage\",\"@id\":\"https:\/\/blogdobispo.com.br\/?p=4504\",\"url\":\"https:\/\/blogdobispo.com.br\/?p=4504\",\"name\":\"Procon Natal far\u00e1 trabalho educativo com barraqueiros da praia de Ponta Negra - Blog do Bispo\",\"isPartOf\":{\"@id\":\"https:\/\/blogdobispo.com.br\/#website\"},\"primaryImageOfPage\":{\"@id\":\"https:\/\/blogdobispo.com.br\/?p=4504#primaryimage\"},\"image\":{\"@id\":\"https:\/\/blogdobispo.com.br\/?p=4504#primaryimage\"},\"thumbnailUrl\":\"https:\/\/blogdobispo.com.br\/wp-content\/uploads\/2025\/01\/2a2438a9-6faf-4292-b6c1-dd515b026b24-1-1024x802.jpg\",\"datePublished\":\"2025-01-17T17:12:00+00:00\",\"breadcrumb\":{\"@id\":\"https:\/\/blogdobispo.com.br\/?p=4504#breadcrumb\"},\"inLanguage\":\"pt-BR\",\"potentialAction\":[{\"@type\":\"ReadAction\",\"target\":[\"https:\/\/blogdobispo.com.br\/?p=4504\"]}]},{\"@type\":\"ImageObject\",\"inLanguage\":\"pt-BR\",\"@id\":\"https:\/\/blogdobispo.com.br\/?p=4504#primaryimage\",\"url\":\"https:\/\/blogdobispo.com.br\/wp-content\/uploads\/2025\/01\/2a2438a9-6faf-4292-b6c1-dd515b026b24-1-1024x802.jpg\",\"contentUrl\":\"https:\/\/blogdobispo.com.br\/wp-content\/uploads\/2025\/01\/2a2438a9-6faf-4292-b6c1-dd515b026b24-1-1024x802.jpg\"},{\"@type\":\"BreadcrumbList\",\"@id\":\"https:\/\/blogdobispo.com.br\/?p=4504#breadcrumb\",\"itemListElement\":[{\"@type\":\"ListItem\",\"position\":1,\"name\":\"In\u00edcio\",\"item\":\"https:\/\/blogdobispo.com.br\/\"},{\"@type\":\"ListItem\",\"position\":2,\"name\":\"Procon Natal far\u00e1 trabalho educativo com barraqueiros da praia de Ponta Negra\"}]},{\"@type\":\"WebSite\",\"@id\":\"https:\/\/blogdobispo.com.br\/#website\",\"url\":\"https:\/\/blogdobispo.com.br\/\",\"name\":\"Blog do Bispo\",\"description\":\"Comprometido apenas com o leitor\",\"publisher\":{\"@id\":\"https:\/\/blogdobispo.com.br\/#organization\"},\"potentialAction\":[{\"@type\":\"SearchAction\",\"target\":{\"@type\":\"EntryPoint\",\"urlTemplate\":\"https:\/\/blogdobispo.com.br\/?s={search_term_string}\"},\"query-input\":{\"@type\":\"PropertyValueSpecification\",\"valueRequired\":true,\"valueName\":\"search_term_string\"}}],\"inLanguage\":\"pt-BR\"},{\"@type\":\"Organization\",\"@id\":\"https:\/\/blogdobispo.com.br\/#organization\",\"name\":\"Blog do Bispo\",\"url\":\"https:\/\/blogdobispo.com.br\/\",\"logo\":{\"@type\":\"ImageObject\",\"inLanguage\":\"pt-BR\",\"@id\":\"https:\/\/blogdobispo.com.br\/#\/schema\/logo\/image\/\",\"url\":\"http:\/\/blogdobispo.com.br\/wp-content\/uploads\/2023\/05\/cropped-headear.png\",\"contentUrl\":\"http:\/\/blogdobispo.com.br\/wp-content\/uploads\/2023\/05\/cropped-headear.png\",\"width\":1500,\"height\":399,\"caption\":\"Blog do Bispo\"},\"image\":{\"@id\":\"https:\/\/blogdobispo.com.br\/#\/schema\/logo\/image\/\"}},{\"@type\":\"Person\",\"@id\":\"https:\/\/blogdobispo.com.br\/#\/schema\/person\/e2209cc0e6cea5c5233d033e997b373f\",\"name\":\"Jefferson Sterfeno\",\"image\":{\"@type\":\"ImageObject\",\"inLanguage\":\"pt-BR\",\"@id\":\"https:\/\/blogdobispo.com.br\/#\/schema\/person\/image\/\",\"url\":\"https:\/\/secure.gravatar.com\/avatar\/0534e84764641168a677026b6d57a3f51dc7ac4db0b4f6186d9cb330d4ee1160?s=96&d=mm&r=g\",\"contentUrl\":\"https:\/\/secure.gravatar.com\/avatar\/0534e84764641168a677026b6d57a3f51dc7ac4db0b4f6186d9cb330d4ee1160?s=96&d=mm&r=g\",\"caption\":\"Jefferson Sterfeno\"},\"sameAs\":[\"http:\/\/blogdobispo.com.br\"],\"url\":\"https:\/\/blogdobispo.com.br\/?author=1\"}]}<\/script>\n<!-- \/ Yoast SEO plugin. -->","yoast_head_json":{"title":"Procon Natal far\u00e1 trabalho educativo com barraqueiros da praia de Ponta Negra - Blog do Bispo","robots":{"index":"index","follow":"follow","max-snippet":"max-snippet:-1","max-image-preview":"max-image-preview:large","max-video-preview":"max-video-preview:-1"},"canonical":"https:\/\/blogdobispo.com.br\/?p=4504","og_locale":"pt_BR","og_type":"article","og_title":"Procon Natal far\u00e1 trabalho educativo com barraqueiros da praia de Ponta Negra - Blog do Bispo","og_description":"Os pre\u00e7os cobrados pelos vendedores informais na praia de Ponta Negra est\u00e3o na pauta do Procon Natal. A vereadora Camila Ara\u00fajo, que integra a Frente em Defesa do Consumidor na C\u00e2mara Municipal, confirmou que na pr\u00f3xima semana ser\u00e1 feita uma visita de representantes do \u00f3rg\u00e3o municipal e a vereadora aos vendedores ambulantes da praia de [&hellip;]","og_url":"https:\/\/blogdobispo.com.br\/?p=4504","og_site_name":"Blog do Bispo","article_published_time":"2025-01-17T17:12:00+00:00","og_image":[{"url":"https:\/\/blogdobispo.com.br\/wp-content\/uploads\/2025\/01\/2a2438a9-6faf-4292-b6c1-dd515b026b24-1-1024x802.jpg","type":"","width":"","height":""}],"author":"Jefferson Sterfeno","twitter_card":"summary_large_image","twitter_misc":{"Escrito por":"Jefferson Sterfeno","Est. tempo de leitura":"1 minuto"},"schema":{"@context":"https:\/\/schema.org","@graph":[{"@type":"Article","@id":"https:\/\/blogdobispo.com.br\/?p=4504#article","isPartOf":{"@id":"https:\/\/blogdobispo.com.br\/?p=4504"},"author":{"name":"Jefferson Sterfeno","@id":"https:\/\/blogdobispo.com.br\/#\/schema\/person\/e2209cc0e6cea5c5233d033e997b373f"},"headline":"Procon Natal far\u00e1 trabalho educativo com barraqueiros da praia de Ponta Negra","datePublished":"2025-01-17T17:12:00+00:00","mainEntityOfPage":{"@id":"https:\/\/blogdobispo.com.br\/?p=4504"},"wordCount":104,"commentCount":0,"publisher":{"@id":"https:\/\/blogdobispo.com.br\/#organization"},"image":{"@id":"https:\/\/blogdobispo.com.br\/?p=4504#primaryimage"},"thumbnailUrl":"https:\/\/blogdobispo.com.br\/wp-content\/uploads\/2025\/01\/2a2438a9-6faf-4292-b6c1-dd515b026b24-1-1024x802.jpg","articleSection":["diversos"],"inLanguage":"pt-BR","potentialAction":[{"@type":"CommentAction","name":"Comment","target":["https:\/\/blogdobispo.com.br\/?p=4504#respond"]}]},{"@type":"WebPage","@id":"https:\/\/blogdobispo.com.br\/?p=4504","url":"https:\/\/blogdobispo.com.br\/?p=4504","name":"Procon Natal far\u00e1 trabalho educativo com barraqueiros da praia de Ponta Negra - Blog do Bispo","isPartOf":{"@id":"https:\/\/blogdobispo.com.br\/#website"},"primaryImageOfPage":{"@id":"https:\/\/blogdobispo.com.br\/?p=4504#primaryimage"},"image":{"@id":"https:\/\/blogdobispo.com.br\/?p=4504#primaryimage"},"thumbnailUrl":"https:\/\/blogdobispo.com.br\/wp-content\/uploads\/2025\/01\/2a2438a9-6faf-4292-b6c1-dd515b026b24-1-1024x802.jpg","datePublished":"2025-01-17T17:12:00+00:00","breadcrumb":{"@id":"https:\/\/blogdobispo.com.br\/?p=4504#breadcrumb"},"inLanguage":"pt-BR","potentialAction":[{"@type":"ReadAction","target":["https:\/\/blogdobispo.com.br\/?p=4504"]}]},{"@type":"ImageObject","inLanguage":"pt-BR","@id":"https:\/\/blogdobispo.com.br\/?p=4504#primaryimage","url":"https:\/\/blogdobispo.com.br\/wp-content\/uploads\/2025\/01\/2a2438a9-6faf-4292-b6c1-dd515b026b24-1-1024x802.jpg","contentUrl":"https:\/\/blogdobispo.com.br\/wp-content\/uploads\/2025\/01\/2a2438a9-6faf-4292-b6c1-dd515b026b24-1-1024x802.jpg"},{"@type":"BreadcrumbList","@id":"https:\/\/blogdobispo.com.br\/?p=4504#breadcrumb","itemListElement":[{"@type":"ListItem","position":1,"name":"In\u00edcio","item":"https:\/\/blogdobispo.com.br\/"},{"@type":"ListItem","position":2,"name":"Procon Natal far\u00e1 trabalho educativo com barraqueiros da praia de Ponta Negra"}]},{"@type":"WebSite","@id":"https:\/\/blogdobispo.com.br\/#website","url":"https:\/\/blogdobispo.com.br\/","name":"Blog do Bispo","description":"Comprometido apenas com o leitor","publisher":{"@id":"https:\/\/blogdobispo.com.br\/#organization"},"potentialAction":[{"@type":"SearchAction","target":{"@type":"EntryPoint","urlTemplate":"https:\/\/blogdobispo.com.br\/?s={search_term_string}"},"query-input":{"@type":"PropertyValueSpecification","valueRequired":true,"valueName":"search_term_string"}}],"inLanguage":"pt-BR"},{"@type":"Organization","@id":"https:\/\/blogdobispo.com.br\/#organization","name":"Blog do Bispo","url":"https:\/\/blogdobispo.com.br\/","logo":{"@type":"ImageObject","inLanguage":"pt-BR","@id":"https:\/\/blogdobispo.com.br\/#\/schema\/logo\/image\/","url":"http:\/\/blogdobispo.com.br\/wp-content\/uploads\/2023\/05\/cropped-headear.png","contentUrl":"http:\/\/blogdobispo.com.br\/wp-content\/uploads\/2023\/05\/cropped-headear.png","width":1500,"height":399,"caption":"Blog do Bispo"},"image":{"@id":"https:\/\/blogdobispo.com.br\/#\/schema\/logo\/image\/"}},{"@type":"Person","@id":"https:\/\/blogdobispo.com.br\/#\/schema\/person\/e2209cc0e6cea5c5233d033e997b373f","name":"Jefferson Sterfeno","image":{"@type":"ImageObject","inLanguage":"pt-BR","@id":"https:\/\/blogdobispo.com.br\/#\/schema\/person\/image\/","url":"https:\/\/secure.gravatar.com\/avatar\/0534e84764641168a677026b6d57a3f51dc7ac4db0b4f6186d9cb330d4ee1160?s=96&d=mm&r=g","contentUrl":"https:\/\/secure.gravatar.com\/avatar\/0534e84764641168a677026b6d57a3f51dc7ac4db0b4f6186d9cb330d4ee1160?s=96&d=mm&r=g","caption":"Jefferson Sterfeno"},"sameAs":["http:\/\/blogdobispo.com.br"],"url":"https:\/\/blogdobispo.com.br\/?author=1"}]}},"featured_image_urls":{"full":"","thumbnail":"","medium":"","medium_large":"","large":"","1536x1536":"","2048x2048":""},"author_info":{"display_name":"Jefferson Sterfeno","author_link":"https:\/\/blogdobispo.com.br\/?author=1"},"category_info":"<a href=\"https:\/\/blogdobispo.com.br\/?cat=1\" rel=\"category\">diversos<\/a>","tag_info":"diversos","comment_count":"0","jetpack_featured_media_url":"","jetpack_sharing_enabled":true,"_links":{"self":[{"href":"https:\/\/blogdobispo.com.br\/index.php?rest_route=\/wp\/v2\/posts\/4504","targetHints":{"allow":["GET"]}}],"collection":[{"href":"https:\/\/blogdobispo.com.br\/index.php?rest_route=\/wp\/v2\/posts"}],"about":[{"href":"https:\/\/blogdobispo.com.br\/index.php?rest_route=\/wp\/v2\/types\/post"}],"author":[{"embeddable":true,"href":"https:\/\/blogdobispo.com.br\/index.php?rest_route=\/wp\/v2\/users\/1"}],"replies":[{"embeddable":true,"href":"https:\/\/blogdobispo.com.br\/index.php?rest_route=%2Fwp%2Fv2%2Fcomments&post=4504"}],"version-history":[{"count":0,"href":"https:\/\/blogdobispo.com.br\/index.php?rest_route=\/wp\/v2\/posts\/4504\/revisions"}],"wp:attachment":[{"href":"https:\/\/blogdobispo.com.br\/index.php?rest_route=%2Fwp%2Fv2%2Fmedia&parent=4504"}],"wp:term":[{"taxonomy":"category","embeddable":true,"href":"https:\/\/blogdobispo.com.br\/index.php?rest_route=%2Fwp%2Fv2%2Fcategories&post=4504"},{"taxonomy":"post_tag","embeddable":true,"href":"https:\/\/blogdobispo.com.br\/index.php?rest_route=%2Fwp%2Fv2%2Ftags&post=4504"}],"curies":[{"name":"wp","href":"https:\/\/api.w.org\/{rel}","templated":true}]}}