{"id":4492,"date":"2025-01-15T04:54:40","date_gmt":"2025-01-15T04:54:40","guid":{"rendered":"https:\/\/blogdobispo.com.br\/?p=4492"},"modified":"2025-01-15T04:54:40","modified_gmt":"2025-01-15T04:54:40","slug":"prefeitos-elegem-gestor-da-femurn-para-bienio-2025-26","status":"publish","type":"post","link":"https:\/\/blogdobispo.com.br\/?p=4492","title":{"rendered":"Prefeitos elegem gestor da Femurn para bi\u00eanio 2025\/26"},"content":{"rendered":"\n<p>O bate-chapa entre dois candidatos na elei\u00e7\u00e3o para a presid\u00eancia da Federa\u00e7\u00e3o dos Munic\u00edpios do Rio Grande do Norte (Femurn), na manh\u00e3 desta quarta-feira (15), interrompe uma s\u00e9rie de tr\u00eas pleitos em que o presidente da institui\u00e7\u00e3o foi escolhido por aclama\u00e7\u00e3o. Os 167 prefeitos aptos ao voto v\u00e3o decidir entre dois candidatos. Considerado favorito nos bastidores, o opositor ao governo, Anteomar Pereira da Silva, o \u201cBab\u00e1\u201d, 51 anos, \u00e9 filiado ao Partido Liberal (PL) e j\u00e1 teve tr\u00eas mandatos \u00e0 frente da prefeitura de S\u00e3o Tom\u00e9, na regi\u00e3o do Potengi, al\u00e9m de j\u00e1 ter exercido a presid\u00eancia da Femurn entre 2021\/2023, sendo sucedido pelo atual presidente, Luciano Silva Santos. Ele tem o apoio p\u00fablico do senador Styvenson Valentim (Podemos) e do prefeito Paulinho Freire (Uni\u00e3o), al\u00e9m de ser um aliado do senador Rog\u00e9rio Marinho (PL).<\/p>\n\n\n\n<p>O advers\u00e1rio \u00e9 Pedro Henrique (PSDB), 41 anos, que exerceu quatro mandatos de vereador, e foi reeleito em outubro do ano passado para o 2\u00ba mandato de prefeito em Pedra Grande, na regi\u00e3o do Mato Grande. Ele tem apoio do governo F\u00e1tima Bezerra (PT) e aliados da petista, como o vice-governador Walter Alves (MDB) e o presidente da Assembleia, Ezequiel Ferreira.<\/p>\n\n\n\n<p><\/p>\n\n\n\n<p><a class=\"td-social-sharing-button td-social-sharing-button-js td-social-network td-social-facebook\" href=\"https:\/\/www.facebook.com\/sharer.php?u=https%3A%2F%2Ftribunadonorte.com.br%2Fpolitica%2Fprefeitos-elegem-gestor-da-femurn-para-bienio-2025-26%2F\"><\/a><a class=\"td-social-sharing-button td-social-sharing-button-js td-social-network td-social-twitter\" href=\"https:\/\/twitter.com\/intent\/tweet?text=Prefeitos+elegem+gestor+da+Femurn+para+bi%C3%AAnio+2025%2F26&amp;url=https%3A%2F%2Ftribunadonorte.com.br%2Fpolitica%2Fprefeitos-elegem-gestor-da-femurn-para-bienio-2025-26%2F&amp;via=Tribuna+do+Norte\"><\/a><a class=\"td-social-sharing-button td-social-sharing-button-js td-social-network td-social-whatsapp\" href=\"https:\/\/api.whatsapp.com\/send?text=Prefeitos+elegem+gestor+da+Femurn+para+bi%C3%AAnio+2025%2F26%20%0A%0A%20https:\/\/tribunadonorte.com.br\/politica\/prefeitos-elegem-gestor-da-femurn-para-bienio-2025-26\/\"><\/a><a class=\"td-social-sharing-button td-social-sharing-button-js td-social-network td-social-telegram\" href=\"https:\/\/telegram.me\/share\/url?url=https:\/\/tribunadonorte.com.br\/politica\/prefeitos-elegem-gestor-da-femurn-para-bienio-2025-26\/&amp;text=Prefeitos+elegem+gestor+da+Femurn+para+bi%C3%AAnio+2025%2F26\"><\/a><\/p>\n\n\n\n<figure class=\"wp-block-image\"><a class=\"td-modal-image\" href=\"https:\/\/i0.wp.com\/tribunadonorte.com.br\/wp-content\/uploads\/2025\/01\/20250115_3PO1_FT_REPRODUCAO-DO-INSTAGRAM-%40BABAPEREIRARN.jpg?ssl=1\"><img data-recalc-dims=\"1\" decoding=\"async\" src=\"https:\/\/i0.wp.com\/tribunadonorte.com.br\/wp-content\/uploads\/2025\/01\/20250115_3PO1_FT_REPRODUCAO-DO-INSTAGRAM-%40BABAPEREIRARN.jpg?w=800&#038;ssl=1\" alt=\"\" title=\"20250115_3PO1_FT_REPRODU\u00c7\u00c3O DO INSTAGRAM @BABAPEREIRARN\"\/><\/a><\/figure>\n\n\n\n<p>Bab\u00e1, ex-prefeito de S\u00e3o Tom\u00e9: \u201cFemurn forte e independente\u201d. Foto: REPRODU\u00c7\u00c3O DO INSTAGRAM @BABAPEREIRARN<\/p>\n\n\n\n<p>PUBLICIDADE<\/p>\n\n\n\n<p>null<\/p>\n\n\n\n<p>O bate-chapa entre dois candidatos na elei\u00e7\u00e3o para a presid\u00eancia da Federa\u00e7\u00e3o dos Munic\u00edpios do Rio Grande do Norte (Femurn), na manh\u00e3 desta quarta-feira (15), interrompe uma s\u00e9rie de tr\u00eas pleitos em que o presidente da institui\u00e7\u00e3o foi escolhido por aclama\u00e7\u00e3o. Os 167 prefeitos aptos ao voto v\u00e3o decidir entre dois candidatos. Considerado favorito nos bastidores, o opositor ao governo, Anteomar Pereira da Silva, o \u201cBab\u00e1\u201d, 51 anos, \u00e9 filiado ao Partido Liberal (PL) e j\u00e1 teve tr\u00eas mandatos \u00e0 frente da prefeitura de S\u00e3o Tom\u00e9, na regi\u00e3o do Potengi, al\u00e9m de j\u00e1 ter exercido a presid\u00eancia da Femurn entre 2021\/2023, sendo sucedido pelo atual presidente, Luciano Silva Santos. Ele tem o apoio p\u00fablico do senador Styvenson Valentim (Podemos) e do prefeito Paulinho Freire (Uni\u00e3o), al\u00e9m de ser um aliado do senador Rog\u00e9rio Marinho (PL).<\/p>\n\n\n\n<p>O advers\u00e1rio \u00e9 Pedro Henrique (PSDB), 41 anos, que exerceu quatro mandatos de vereador, e foi reeleito em outubro do ano passado para o 2\u00ba mandato de prefeito em Pedra Grande, na regi\u00e3o do Mato Grande. Ele tem apoio do governo F\u00e1tima Bezerra (PT) e aliados da petista, como o vice-governador Walter Alves (MDB) e o presidente da Assembleia, Ezequiel Ferreira (PSDB).<\/p>\n\n\n\n<p><strong>Mandato e Elei\u00e7\u00f5es<br \/><\/strong>O mandato da diretoria \u00e9 de dois anos, sendo todos os prefeitos do RN eleg\u00edveis, desde que seu munic\u00edpio esteja em dia com a tesouraria da Femurn. A forma de elei\u00e7\u00e3o pode ser por escrut\u00ednio secreto ou por aclama\u00e7\u00e3o conforme art. 28 do estatuto da entidade. A \u00faltima vez em que houve disputa pelo cargo de presidente, ocorreu em 2017, quando o hoje deputado federal Benes Leoc\u00e1dio foi eleito pela terceira vez.<br \/>Naquele ano, o ent\u00e3o ex-prefeito de Lajes, Benes Leoc\u00e1dio vencera os prefeitos Rivelino C\u00e2mara (PMDB) do munic\u00edpio de Patu, e Dagoberto Bessa (PSD) de de Severiano Melo, ambos da regi\u00e3o Oeste.<\/p>\n\n\n\n<p>Dos 159 prefeitos aptos a votar, 146 compareceram ao pleito, tendo Benes Leoc\u00e1dio obtido 66 votos, Rivelino C\u00e2mara, 46 votos e Dagoberto Bessa, 34. No ano seguinte, Leoc\u00e1dio renunciou ao cargo para se eleger, pela primeira vez, deputado federal, sendo substitu\u00eddo pelo ent\u00e3o prefeito de S\u00e3o Paulo do Potengi, Jos\u00e9 Leonardo Cassimiro de Ara\u00fajo, que depois de exercer mandato tamp\u00e3o foi eleito presidente chapa \u00fanica em 2018.<\/p>\n\n\n\n<p>Antes, em 2015, o ent\u00e3o prefeito de Mossor\u00f3, Francisco Jos\u00e9 Silveira J\u00fanior, foi eleito para o cargo, com 77 votos. Nesse ano, dos 155 prefeitos que tinham direito a voto, 144 compareceram e foi registrado um \u00fanico voto nulo, tendo batido Benes Leoc\u00e1dio, que tentava a reelei\u00e7\u00e3o e obteve 67 votos. Silveira J\u00fanior depois renunciou por for\u00e7a da legisla\u00e7\u00e3o eleitoral em 2016, sendo sucedido pelo ent\u00e3o prefeito do Assu, Ivan Lopes J\u00fanior.<\/p>\n\n\n\n<p><strong>Online<br \/><\/strong>De acordo com a Femurn, est\u00e3o dispon\u00edveis desde ontem os aplicativos para os sistemas Android e iOS, que permitir\u00e3o aos prefeitos adimplentes com a Federa\u00e7\u00e3o dos Munic\u00edpios do Rio Grande do Norte (Femurn) escolher os pr\u00f3ximos dirigentes para o bi\u00eanio 2025\/2026.<br \/>O aplicativo GovF\u00e1cil ser\u00e1 a plataforma oficial para participa\u00e7\u00e3o no processo eleitoral, que ocorrer\u00e1 das 8 horas \u00e0s 10h30, com toler\u00e2ncia at\u00e9 11h30 em caso de dificuldades t\u00e9cnicas.<\/p>\n\n\n\n<p>Segundo a dire\u00e7\u00e3o da Femurn, em mais uma inova\u00e7\u00e3o da atual gest\u00e3o, pela primeira vez, o pleito ocorrer\u00e1 de forma exclusivamente online, destacando a modernidade, assim como aconteceu na Confedera\u00e7\u00e3o Nacional dos Munic\u00edpios (CNM) e, recentemente, na elei\u00e7\u00e3o da OAB-RN, realizada em novembro passado. Como a sede da Femurn est\u00e1 em reforma, a institui\u00e7\u00e3o informa em seu site, que \u201cn\u00e3o ser\u00e1 necess\u00e1ria a presen\u00e7a f\u00edsica de prefeitos e prefeitas na capital. Essa modalidade online facilita a participa\u00e7\u00e3o, garante ainda mais o sigilo do voto e proporciona economicidade aos cofres p\u00fablicos municipais, eliminando despesas com di\u00e1rias ou locomo\u00e7\u00e3o\u201d.<\/p>\n\n\n\n<p><strong>Bab\u00e1 Pereira prop\u00f5e uma Femurn com independ\u00eancia<\/strong><\/p>\n\n\n\n<p>O ex-prefeito de S\u00e3o Tom\u00e9, Anteomar Pereira da Silva, o \u201cBab\u00e1\u201d, afirma que sua candidatura \u00e0 presid\u00eancia da Femurn \u201cbaseia-se em um compromisso claro: trabalhar de forma independente para fortalecer o municipalismo e tornar a Federa\u00e7\u00e3o uma entidade alinhada exclusivamente aos interesses dos 167 munic\u00edpios do RN\u201d. \u201cBab\u00e1\u201d adianta que entre suas propostas, \u201cest\u00e1 o alinhamento entre gestores municipais para o debate t\u00e9cnico sobre os desafios que os munic\u00edpios v\u00eam enfrentando, como a necessidade de regulariza\u00e7\u00e3o de repasses referentes a d\u00edvida ativa do IPVA, o Petern, programa que financia o transporte escolar, Farm\u00e1cia B\u00e1sica, al\u00e9m de quest\u00f5es como o atraso constante do ICMS e Fundeb\u201d.<\/p>\n\n\n\n<p>Para articular a defesa dessas e outras pautas municipalistas, \u201cBab\u00e1\u201d diz que ir\u00e1 propor a cria\u00e7\u00e3o de C\u00e2maras Tem\u00e1ticas por \u00e1rea t\u00e9cnica dentro da Federa\u00e7\u00e3o para apoiar as gest\u00f5es municipais, \u201cbem como fomentar a ativa\u00e7\u00e3o da Escola da Femurn, para que possamos investir na capacita\u00e7\u00e3o de equipes ajudando as gest\u00f5es a serem mais eficientes e inovadoras\u201d.<\/p>\n\n\n\n<p>\u201cSomado a isso, pretendo tamb\u00e9m fomentar os cons\u00f3rcios p\u00fablicos intermunicipais como estrat\u00e9gia para captar recursos e promover o desenvolvimento regional, algo que j\u00e1 defendi e implementei durante minha experi\u00eancia como presidente do CIM Potiguar (bi\u00eanio 2023-2024), bem como estimular as associa\u00e7\u00f5es de munic\u00edpios que desenvolvem um trabalho regional importante no fortalecimento da autonomia politica, administrativa e financeira dos munic\u00edpios\u201d.<\/p>\n\n\n\n<p>Finalmente, Anteomar Pereira defende que a Femurn \u201c seja uma entidade realmente democr\u00e1tica, onde todos os Prefeitos tenham voz ativa nas decis\u00f5es. Para isso, minha gest\u00e3o ser\u00e1 compartilhada, garantindo que todas as regi\u00f5es do Estado sejam representadas, tendo compromisso com uma Femurn independente, que n\u00e3o se submeta a interesses pol\u00edtico-partid\u00e1rios.<\/p>\n\n\n\n<p><strong>Pedro Henrique defende espa\u00e7os para as prefeitas<\/strong><\/p>\n\n\n\n<p>O prefeito de Pedra Grande, Pedro Henrique Silva (PSDB), afirma que chegando \u00e0 presid\u00eancia da Femurn, pretende \u201cbuscar a igualdade\u201d entre as prefeitas e prefeitos: \u201cPropomos que a diretoria seja, no m\u00ednimo, 30% ocupada por mulheres, garantindo um melhor espa\u00e7o para que busquemos ampliar a participa\u00e7\u00e3o das mulheres na pol\u00edtica\u201d.<\/p>\n\n\n\n<p>Pedro Henrique diz que \u201co protagonismo feminino deve ser defendido e ser\u00e1 na nossa gest\u00e3o, por isso propomos a cria\u00e7\u00e3o da Femurn Mulher, com toda a sua diretoria compostas por prefeitas da nossa Federa\u00e7\u00e3o. Em um universo masculino, \u00e9 necess\u00e1rio ter a voz feminina da Femurn\u201d.<\/p>\n\n\n\n<p>\u201cSabemos das dificuldades de suporte que prefeitas e prefeitos encontram quando v\u00e3o a Bras\u00edlia e por isso, propomos implantar um escrit\u00f3rio de apoio na capital federal para que as nossas gestoras e gestores do RN possam um ponto de refer\u00eancia reuni\u00f5es, acesso a internet, computadores e que ofere\u00e7a um suporte log\u00edstico, inclusive buscando intermediar agendas nos minist\u00e9rios e com os parlamentares\u201d, refor\u00e7ou.<\/p>\n\n\n\n<p>Outra ideia de Pedro Henrique visa \u201cdescentralizar todas as decis\u00f5es da Femurn, compartilhando as pautas entre todas as prefeitas e prefeitos da Federa\u00e7\u00e3o, desde a diretoria at\u00e9 todos os munic\u00edpios filiados e seus representantes\u201d. Segundo Pedro Henrique, sua inten\u00e7\u00e3o \u00e9 de \u201cimplantar um modelo pr\u00f3prio de atualiza\u00e7\u00e3o do Censo populacional, para que cada munic\u00edpio fa\u00e7a anualmente a sua revis\u00e3o e possa de forma eficiente, atualizar seu coeficiente na divis\u00e3o do FPM e de outros recursos\u201d.<\/p>\n\n\n\n<p>Al\u00e9m disso, ele pretende auxiliar os servidores dos munic\u00edpios com equipe t\u00e9cnica, ofertando cursos de capacita\u00e7\u00e3o nas mais diversas \u00e1reas, levando a Femurn a todas as regi\u00f5es do Estado, com a cria\u00e7\u00e3o da Escola da Femurn, atuando em parceria com as associa\u00e7\u00f5es regionais\u201d.<\/p>\n\n\n\n<p>Tribuna do Norte <\/p>\n","protected":false},"excerpt":{"rendered":"<p>O bate-chapa entre dois candidatos na elei\u00e7\u00e3o para a presid\u00eancia da Federa\u00e7\u00e3o dos Munic\u00edpios do Rio Grande do Norte (Femurn), na manh\u00e3 desta quarta-feira (15), interrompe uma s\u00e9rie de tr\u00eas pleitos em que o presidente da institui\u00e7\u00e3o foi escolhido por aclama\u00e7\u00e3o. Os 167 prefeitos aptos ao voto v\u00e3o decidir entre dois candidatos. Considerado favorito nos [&hellip;]<\/p>\n","protected":false},"author":1,"featured_media":0,"comment_status":"open","ping_status":"open","sticky":false,"template":"","format":"standard","meta":{"cybocfi_hide_featured_image":"","_jetpack_memberships_contains_paid_content":false,"footnotes":""},"categories":[1],"tags":[],"class_list":["post-4492","post","type-post","status-publish","format-standard","hentry","category-diversos"],"yoast_head":"<!-- This site is optimized with the Yoast SEO plugin v25.6 - https:\/\/yoast.com\/wordpress\/plugins\/seo\/ -->\n<title>Prefeitos elegem gestor da Femurn para bi\u00eanio 2025\/26 - Blog do Bispo<\/title>\n<meta name=\"robots\" content=\"index, follow, max-snippet:-1, max-image-preview:large, max-video-preview:-1\" \/>\n<link rel=\"canonical\" href=\"https:\/\/blogdobispo.com.br\/?p=4492\" \/>\n<meta property=\"og:locale\" content=\"pt_BR\" \/>\n<meta property=\"og:type\" content=\"article\" \/>\n<meta property=\"og:title\" content=\"Prefeitos elegem gestor da Femurn para bi\u00eanio 2025\/26 - Blog do Bispo\" \/>\n<meta property=\"og:description\" content=\"O bate-chapa entre dois candidatos na elei\u00e7\u00e3o para a presid\u00eancia da Federa\u00e7\u00e3o dos Munic\u00edpios do Rio Grande do Norte (Femurn), na manh\u00e3 desta quarta-feira (15), interrompe uma s\u00e9rie de tr\u00eas pleitos em que o presidente da institui\u00e7\u00e3o foi escolhido por aclama\u00e7\u00e3o. Os 167 prefeitos aptos ao voto v\u00e3o decidir entre dois candidatos. Considerado favorito nos [&hellip;]\" \/>\n<meta property=\"og:url\" content=\"https:\/\/blogdobispo.com.br\/?p=4492\" \/>\n<meta property=\"og:site_name\" content=\"Blog do Bispo\" \/>\n<meta property=\"article:published_time\" content=\"2025-01-15T04:54:40+00:00\" \/>\n<meta property=\"og:image\" content=\"https:\/\/tribunadonorte.com.br\/wp-content\/uploads\/2025\/01\/20250115_3PO1_FT_REPRODUCAO-DO-INSTAGRAM-@BABAPEREIRARN.jpg\" \/>\n<meta name=\"author\" content=\"Jefferson Sterfeno\" \/>\n<meta name=\"twitter:card\" content=\"summary_large_image\" \/>\n<meta name=\"twitter:label1\" content=\"Escrito por\" \/>\n\t<meta name=\"twitter:data1\" content=\"Jefferson Sterfeno\" \/>\n\t<meta name=\"twitter:label2\" content=\"Est. tempo de leitura\" \/>\n\t<meta name=\"twitter:data2\" content=\"8 minutos\" \/>\n<script type=\"application\/ld+json\" class=\"yoast-schema-graph\">{\"@context\":\"https:\/\/schema.org\",\"@graph\":[{\"@type\":\"Article\",\"@id\":\"https:\/\/blogdobispo.com.br\/?p=4492#article\",\"isPartOf\":{\"@id\":\"https:\/\/blogdobispo.com.br\/?p=4492\"},\"author\":{\"name\":\"Jefferson Sterfeno\",\"@id\":\"https:\/\/blogdobispo.com.br\/#\/schema\/person\/e2209cc0e6cea5c5233d033e997b373f\"},\"headline\":\"Prefeitos elegem gestor da Femurn para bi\u00eanio 2025\/26\",\"datePublished\":\"2025-01-15T04:54:40+00:00\",\"mainEntityOfPage\":{\"@id\":\"https:\/\/blogdobispo.com.br\/?p=4492\"},\"wordCount\":1525,\"commentCount\":0,\"publisher\":{\"@id\":\"https:\/\/blogdobispo.com.br\/#organization\"},\"image\":{\"@id\":\"https:\/\/blogdobispo.com.br\/?p=4492#primaryimage\"},\"thumbnailUrl\":\"https:\/\/tribunadonorte.com.br\/wp-content\/uploads\/2025\/01\/20250115_3PO1_FT_REPRODUCAO-DO-INSTAGRAM-@BABAPEREIRARN.jpg\",\"articleSection\":[\"diversos\"],\"inLanguage\":\"pt-BR\",\"potentialAction\":[{\"@type\":\"CommentAction\",\"name\":\"Comment\",\"target\":[\"https:\/\/blogdobispo.com.br\/?p=4492#respond\"]}]},{\"@type\":\"WebPage\",\"@id\":\"https:\/\/blogdobispo.com.br\/?p=4492\",\"url\":\"https:\/\/blogdobispo.com.br\/?p=4492\",\"name\":\"Prefeitos elegem gestor da Femurn para bi\u00eanio 2025\/26 - Blog do Bispo\",\"isPartOf\":{\"@id\":\"https:\/\/blogdobispo.com.br\/#website\"},\"primaryImageOfPage\":{\"@id\":\"https:\/\/blogdobispo.com.br\/?p=4492#primaryimage\"},\"image\":{\"@id\":\"https:\/\/blogdobispo.com.br\/?p=4492#primaryimage\"},\"thumbnailUrl\":\"https:\/\/tribunadonorte.com.br\/wp-content\/uploads\/2025\/01\/20250115_3PO1_FT_REPRODUCAO-DO-INSTAGRAM-@BABAPEREIRARN.jpg\",\"datePublished\":\"2025-01-15T04:54:40+00:00\",\"breadcrumb\":{\"@id\":\"https:\/\/blogdobispo.com.br\/?p=4492#breadcrumb\"},\"inLanguage\":\"pt-BR\",\"potentialAction\":[{\"@type\":\"ReadAction\",\"target\":[\"https:\/\/blogdobispo.com.br\/?p=4492\"]}]},{\"@type\":\"ImageObject\",\"inLanguage\":\"pt-BR\",\"@id\":\"https:\/\/blogdobispo.com.br\/?p=4492#primaryimage\",\"url\":\"https:\/\/tribunadonorte.com.br\/wp-content\/uploads\/2025\/01\/20250115_3PO1_FT_REPRODUCAO-DO-INSTAGRAM-@BABAPEREIRARN.jpg\",\"contentUrl\":\"https:\/\/tribunadonorte.com.br\/wp-content\/uploads\/2025\/01\/20250115_3PO1_FT_REPRODUCAO-DO-INSTAGRAM-@BABAPEREIRARN.jpg\"},{\"@type\":\"BreadcrumbList\",\"@id\":\"https:\/\/blogdobispo.com.br\/?p=4492#breadcrumb\",\"itemListElement\":[{\"@type\":\"ListItem\",\"position\":1,\"name\":\"In\u00edcio\",\"item\":\"https:\/\/blogdobispo.com.br\/\"},{\"@type\":\"ListItem\",\"position\":2,\"name\":\"Prefeitos elegem gestor da Femurn para bi\u00eanio 2025\/26\"}]},{\"@type\":\"WebSite\",\"@id\":\"https:\/\/blogdobispo.com.br\/#website\",\"url\":\"https:\/\/blogdobispo.com.br\/\",\"name\":\"Blog do Bispo\",\"description\":\"Comprometido apenas com o leitor\",\"publisher\":{\"@id\":\"https:\/\/blogdobispo.com.br\/#organization\"},\"potentialAction\":[{\"@type\":\"SearchAction\",\"target\":{\"@type\":\"EntryPoint\",\"urlTemplate\":\"https:\/\/blogdobispo.com.br\/?s={search_term_string}\"},\"query-input\":{\"@type\":\"PropertyValueSpecification\",\"valueRequired\":true,\"valueName\":\"search_term_string\"}}],\"inLanguage\":\"pt-BR\"},{\"@type\":\"Organization\",\"@id\":\"https:\/\/blogdobispo.com.br\/#organization\",\"name\":\"Blog do Bispo\",\"url\":\"https:\/\/blogdobispo.com.br\/\",\"logo\":{\"@type\":\"ImageObject\",\"inLanguage\":\"pt-BR\",\"@id\":\"https:\/\/blogdobispo.com.br\/#\/schema\/logo\/image\/\",\"url\":\"http:\/\/blogdobispo.com.br\/wp-content\/uploads\/2023\/05\/cropped-headear.png\",\"contentUrl\":\"http:\/\/blogdobispo.com.br\/wp-content\/uploads\/2023\/05\/cropped-headear.png\",\"width\":1500,\"height\":399,\"caption\":\"Blog do Bispo\"},\"image\":{\"@id\":\"https:\/\/blogdobispo.com.br\/#\/schema\/logo\/image\/\"}},{\"@type\":\"Person\",\"@id\":\"https:\/\/blogdobispo.com.br\/#\/schema\/person\/e2209cc0e6cea5c5233d033e997b373f\",\"name\":\"Jefferson Sterfeno\",\"image\":{\"@type\":\"ImageObject\",\"inLanguage\":\"pt-BR\",\"@id\":\"https:\/\/blogdobispo.com.br\/#\/schema\/person\/image\/\",\"url\":\"https:\/\/secure.gravatar.com\/avatar\/0534e84764641168a677026b6d57a3f51dc7ac4db0b4f6186d9cb330d4ee1160?s=96&d=mm&r=g\",\"contentUrl\":\"https:\/\/secure.gravatar.com\/avatar\/0534e84764641168a677026b6d57a3f51dc7ac4db0b4f6186d9cb330d4ee1160?s=96&d=mm&r=g\",\"caption\":\"Jefferson Sterfeno\"},\"sameAs\":[\"http:\/\/blogdobispo.com.br\"],\"url\":\"https:\/\/blogdobispo.com.br\/?author=1\"}]}<\/script>\n<!-- \/ Yoast SEO plugin. -->","yoast_head_json":{"title":"Prefeitos elegem gestor da Femurn para bi\u00eanio 2025\/26 - Blog do Bispo","robots":{"index":"index","follow":"follow","max-snippet":"max-snippet:-1","max-image-preview":"max-image-preview:large","max-video-preview":"max-video-preview:-1"},"canonical":"https:\/\/blogdobispo.com.br\/?p=4492","og_locale":"pt_BR","og_type":"article","og_title":"Prefeitos elegem gestor da Femurn para bi\u00eanio 2025\/26 - Blog do Bispo","og_description":"O bate-chapa entre dois candidatos na elei\u00e7\u00e3o para a presid\u00eancia da Federa\u00e7\u00e3o dos Munic\u00edpios do Rio Grande do Norte (Femurn), na manh\u00e3 desta quarta-feira (15), interrompe uma s\u00e9rie de tr\u00eas pleitos em que o presidente da institui\u00e7\u00e3o foi escolhido por aclama\u00e7\u00e3o. Os 167 prefeitos aptos ao voto v\u00e3o decidir entre dois candidatos. Considerado favorito nos [&hellip;]","og_url":"https:\/\/blogdobispo.com.br\/?p=4492","og_site_name":"Blog do Bispo","article_published_time":"2025-01-15T04:54:40+00:00","og_image":[{"url":"https:\/\/tribunadonorte.com.br\/wp-content\/uploads\/2025\/01\/20250115_3PO1_FT_REPRODUCAO-DO-INSTAGRAM-@BABAPEREIRARN.jpg","type":"","width":"","height":""}],"author":"Jefferson Sterfeno","twitter_card":"summary_large_image","twitter_misc":{"Escrito por":"Jefferson Sterfeno","Est. tempo de leitura":"8 minutos"},"schema":{"@context":"https:\/\/schema.org","@graph":[{"@type":"Article","@id":"https:\/\/blogdobispo.com.br\/?p=4492#article","isPartOf":{"@id":"https:\/\/blogdobispo.com.br\/?p=4492"},"author":{"name":"Jefferson Sterfeno","@id":"https:\/\/blogdobispo.com.br\/#\/schema\/person\/e2209cc0e6cea5c5233d033e997b373f"},"headline":"Prefeitos elegem gestor da Femurn para bi\u00eanio 2025\/26","datePublished":"2025-01-15T04:54:40+00:00","mainEntityOfPage":{"@id":"https:\/\/blogdobispo.com.br\/?p=4492"},"wordCount":1525,"commentCount":0,"publisher":{"@id":"https:\/\/blogdobispo.com.br\/#organization"},"image":{"@id":"https:\/\/blogdobispo.com.br\/?p=4492#primaryimage"},"thumbnailUrl":"https:\/\/tribunadonorte.com.br\/wp-content\/uploads\/2025\/01\/20250115_3PO1_FT_REPRODUCAO-DO-INSTAGRAM-@BABAPEREIRARN.jpg","articleSection":["diversos"],"inLanguage":"pt-BR","potentialAction":[{"@type":"CommentAction","name":"Comment","target":["https:\/\/blogdobispo.com.br\/?p=4492#respond"]}]},{"@type":"WebPage","@id":"https:\/\/blogdobispo.com.br\/?p=4492","url":"https:\/\/blogdobispo.com.br\/?p=4492","name":"Prefeitos elegem gestor da Femurn para bi\u00eanio 2025\/26 - Blog do Bispo","isPartOf":{"@id":"https:\/\/blogdobispo.com.br\/#website"},"primaryImageOfPage":{"@id":"https:\/\/blogdobispo.com.br\/?p=4492#primaryimage"},"image":{"@id":"https:\/\/blogdobispo.com.br\/?p=4492#primaryimage"},"thumbnailUrl":"https:\/\/tribunadonorte.com.br\/wp-content\/uploads\/2025\/01\/20250115_3PO1_FT_REPRODUCAO-DO-INSTAGRAM-@BABAPEREIRARN.jpg","datePublished":"2025-01-15T04:54:40+00:00","breadcrumb":{"@id":"https:\/\/blogdobispo.com.br\/?p=4492#breadcrumb"},"inLanguage":"pt-BR","potentialAction":[{"@type":"ReadAction","target":["https:\/\/blogdobispo.com.br\/?p=4492"]}]},{"@type":"ImageObject","inLanguage":"pt-BR","@id":"https:\/\/blogdobispo.com.br\/?p=4492#primaryimage","url":"https:\/\/tribunadonorte.com.br\/wp-content\/uploads\/2025\/01\/20250115_3PO1_FT_REPRODUCAO-DO-INSTAGRAM-@BABAPEREIRARN.jpg","contentUrl":"https:\/\/tribunadonorte.com.br\/wp-content\/uploads\/2025\/01\/20250115_3PO1_FT_REPRODUCAO-DO-INSTAGRAM-@BABAPEREIRARN.jpg"},{"@type":"BreadcrumbList","@id":"https:\/\/blogdobispo.com.br\/?p=4492#breadcrumb","itemListElement":[{"@type":"ListItem","position":1,"name":"In\u00edcio","item":"https:\/\/blogdobispo.com.br\/"},{"@type":"ListItem","position":2,"name":"Prefeitos elegem gestor da Femurn para bi\u00eanio 2025\/26"}]},{"@type":"WebSite","@id":"https:\/\/blogdobispo.com.br\/#website","url":"https:\/\/blogdobispo.com.br\/","name":"Blog do Bispo","description":"Comprometido apenas com o leitor","publisher":{"@id":"https:\/\/blogdobispo.com.br\/#organization"},"potentialAction":[{"@type":"SearchAction","target":{"@type":"EntryPoint","urlTemplate":"https:\/\/blogdobispo.com.br\/?s={search_term_string}"},"query-input":{"@type":"PropertyValueSpecification","valueRequired":true,"valueName":"search_term_string"}}],"inLanguage":"pt-BR"},{"@type":"Organization","@id":"https:\/\/blogdobispo.com.br\/#organization","name":"Blog do Bispo","url":"https:\/\/blogdobispo.com.br\/","logo":{"@type":"ImageObject","inLanguage":"pt-BR","@id":"https:\/\/blogdobispo.com.br\/#\/schema\/logo\/image\/","url":"http:\/\/blogdobispo.com.br\/wp-content\/uploads\/2023\/05\/cropped-headear.png","contentUrl":"http:\/\/blogdobispo.com.br\/wp-content\/uploads\/2023\/05\/cropped-headear.png","width":1500,"height":399,"caption":"Blog do Bispo"},"image":{"@id":"https:\/\/blogdobispo.com.br\/#\/schema\/logo\/image\/"}},{"@type":"Person","@id":"https:\/\/blogdobispo.com.br\/#\/schema\/person\/e2209cc0e6cea5c5233d033e997b373f","name":"Jefferson Sterfeno","image":{"@type":"ImageObject","inLanguage":"pt-BR","@id":"https:\/\/blogdobispo.com.br\/#\/schema\/person\/image\/","url":"https:\/\/secure.gravatar.com\/avatar\/0534e84764641168a677026b6d57a3f51dc7ac4db0b4f6186d9cb330d4ee1160?s=96&d=mm&r=g","contentUrl":"https:\/\/secure.gravatar.com\/avatar\/0534e84764641168a677026b6d57a3f51dc7ac4db0b4f6186d9cb330d4ee1160?s=96&d=mm&r=g","caption":"Jefferson Sterfeno"},"sameAs":["http:\/\/blogdobispo.com.br"],"url":"https:\/\/blogdobispo.com.br\/?author=1"}]}},"featured_image_urls":{"full":"","thumbnail":"","medium":"","medium_large":"","large":"","1536x1536":"","2048x2048":""},"author_info":{"display_name":"Jefferson Sterfeno","author_link":"https:\/\/blogdobispo.com.br\/?author=1"},"category_info":"<a href=\"https:\/\/blogdobispo.com.br\/?cat=1\" rel=\"category\">diversos<\/a>","tag_info":"diversos","comment_count":"0","jetpack_featured_media_url":"","jetpack_sharing_enabled":true,"_links":{"self":[{"href":"https:\/\/blogdobispo.com.br\/index.php?rest_route=\/wp\/v2\/posts\/4492","targetHints":{"allow":["GET"]}}],"collection":[{"href":"https:\/\/blogdobispo.com.br\/index.php?rest_route=\/wp\/v2\/posts"}],"about":[{"href":"https:\/\/blogdobispo.com.br\/index.php?rest_route=\/wp\/v2\/types\/post"}],"author":[{"embeddable":true,"href":"https:\/\/blogdobispo.com.br\/index.php?rest_route=\/wp\/v2\/users\/1"}],"replies":[{"embeddable":true,"href":"https:\/\/blogdobispo.com.br\/index.php?rest_route=%2Fwp%2Fv2%2Fcomments&post=4492"}],"version-history":[{"count":0,"href":"https:\/\/blogdobispo.com.br\/index.php?rest_route=\/wp\/v2\/posts\/4492\/revisions"}],"wp:attachment":[{"href":"https:\/\/blogdobispo.com.br\/index.php?rest_route=%2Fwp%2Fv2%2Fmedia&parent=4492"}],"wp:term":[{"taxonomy":"category","embeddable":true,"href":"https:\/\/blogdobispo.com.br\/index.php?rest_route=%2Fwp%2Fv2%2Fcategories&post=4492"},{"taxonomy":"post_tag","embeddable":true,"href":"https:\/\/blogdobispo.com.br\/index.php?rest_route=%2Fwp%2Fv2%2Ftags&post=4492"}],"curies":[{"name":"wp","href":"https:\/\/api.w.org\/{rel}","templated":true}]}}