{"id":4458,"date":"2025-01-08T18:03:58","date_gmt":"2025-01-08T18:03:58","guid":{"rendered":"https:\/\/blogdobispo.com.br\/?p=4458"},"modified":"2025-01-09T15:42:13","modified_gmt":"2025-01-09T15:42:13","slug":"exclusivo-lista-de-rodizio-de-pastores-ieadern-2025","status":"publish","type":"post","link":"https:\/\/blogdobispo.com.br\/?p=4458","title":{"rendered":"Exclusivo: Lista de rod\u00edzio de pastores IEADERN 2025"},"content":{"rendered":"\n<p>O Blog do Bispo teve acesso com exclusividade do Rod\u00edzio de pastores do ano de 2025 da IEADERN. A lista foi confirmada com o an\u00fancio na noite desta quarta-feira (8).<\/p>\n\n\n\n<h2 class=\"wp-block-heading fw-bold h6 m-0\">\u00c1rea 1<\/h2>\n\n\n\n<h2 class=\"wp-block-heading fw-bold h6 m-0\">Setor 1<\/h2>\n\n\n\n<figure class=\"wp-block-image\"><img data-recalc-dims=\"1\" decoding=\"async\" src=\"https:\/\/i0.wp.com\/s3-propozzito.s3.amazonaws.com\/membros\/storage\/app\/public\/membros\/November2024\/YWGecUrUcrKfVcrl7uoX.jpeg?w=800&#038;ssl=1\" alt=\"\"\/><\/figure>\n\n\n\n<h3 class=\"wp-block-heading h6 fw-bold text-muted m-0\">PTE. BANDEIRA<\/h3>\n\n\n\n<p class=\"m-0 text-muted\">Ev. Paulo Roberto de Souza<\/p>\n\n\n\n<figure class=\"wp-block-image\"><img data-recalc-dims=\"1\" decoding=\"async\" src=\"https:\/\/i0.wp.com\/s3-propozzito.s3.amazonaws.com\/membros\/storage\/app\/public\/membros\/August2023\/MA1ANCfvAP7PjJw8J3ql.jpg?w=800&#038;ssl=1\" alt=\"\"\/><\/figure>\n\n\n\n<h3 class=\"wp-block-heading h6 fw-bold text-muted m-0\">Cidade Alta<\/h3>\n\n\n\n<p class=\"m-0 text-muted\">Pb. Martim Fernandes da Silva<\/p>\n\n\n\n<figure class=\"wp-block-image\"><img data-recalc-dims=\"1\" decoding=\"async\" src=\"https:\/\/i0.wp.com\/s3-propozzito.s3.amazonaws.com\/membros\/storage\/app\/public\/membros\/Fotos\/3595.jpg?w=800&#038;ssl=1\" alt=\"\"\/><\/figure>\n\n\n\n<h3 class=\"wp-block-heading h6 fw-bold text-muted m-0\">Nova Galil\u00e9ia<\/h3>\n\n\n\n<p class=\"m-0 text-muted\">Pb. Salatiel Jer\u00f4nimo Oleg\u00e1rio<\/p>\n\n\n\n<figure class=\"wp-block-image\"><img data-recalc-dims=\"1\" decoding=\"async\" src=\"https:\/\/i0.wp.com\/s3-propozzito.s3.amazonaws.com\/membros\/storage\/app\/public\/membros\/June2021\/GzRHWnf8d52g7m91jzZd.jpg?w=800&#038;ssl=1\" alt=\"\"\/><\/figure>\n\n\n\n<h3 class=\"wp-block-heading h6 fw-bold text-muted m-0\">Novo Viver<\/h3>\n\n\n\n<p class=\"m-0 text-muted\">Pb. Elias Trajano de Morais<\/p>\n\n\n\n<figure class=\"wp-block-image\"><img data-recalc-dims=\"1\" decoding=\"async\" src=\"https:\/\/i0.wp.com\/s3-propozzito.s3.amazonaws.com\/membros\/storage\/app\/public\/membros\/Fotos\/6572.jpg?w=800&#038;ssl=1\" alt=\"\"\/><\/figure>\n\n\n\n<h3 class=\"wp-block-heading h6 fw-bold text-muted m-0\">Passo da P\u00e1tria<\/h3>\n\n\n\n<p class=\"m-0 text-muted\">Pb. Josem\u00e1rio de Medeiros Br\u00e1ulio<\/p>\n\n\n\n<figure class=\"wp-block-image\"><img data-recalc-dims=\"1\" decoding=\"async\" src=\"https:\/\/i0.wp.com\/s3-propozzito.s3.amazonaws.com\/membros\/storage\/app\/public\/membros\/Fotos\/1770.jpg?w=800&#038;ssl=1\" alt=\"\"\/><\/figure>\n\n\n\n<h3 class=\"wp-block-heading h6 fw-bold text-muted m-0\">Rosa de Sarom<\/h3>\n\n\n\n<p class=\"m-0 text-muted\">Ev. Francisco Pereira Barbosa<\/p>\n\n\n\n<h2 class=\"wp-block-heading fw-bold h6 m-0\">\u00c1rea 1<\/h2>\n\n\n\n<h2 class=\"wp-block-heading fw-bold h6 m-0\">Setor 6<\/h2>\n\n\n\n<figure class=\"wp-block-image\"><img data-recalc-dims=\"1\" decoding=\"async\" src=\"https:\/\/i0.wp.com\/s3-propozzito.s3.amazonaws.com\/membros\/storage\/app\/public\/membros\/Fotos\/10985.jpg?w=800&#038;ssl=1\" alt=\"\"\/><\/figure>\n\n\n\n<h3 class=\"wp-block-heading h6 fw-bold text-muted m-0\">LAGOA SECA<\/h3>\n\n\n\n<p class=\"m-0 text-muted\">Ev. Marcondes Souza de Ara\u00fajo<\/p>\n\n\n\n<figure class=\"wp-block-image\"><img data-recalc-dims=\"1\" decoding=\"async\" src=\"https:\/\/i0.wp.com\/s3-propozzito.s3.amazonaws.com\/membros\/storage\/app\/public\/membros\/January2023\/IvNi6xCJrQzrWLxDJZNF.jpg?w=800&#038;ssl=1\" alt=\"\"\/><\/figure>\n\n\n\n<h3 class=\"wp-block-heading h6 fw-bold text-muted m-0\">Barro Vermelho<\/h3>\n\n\n\n<p class=\"m-0 text-muted\">Pb. Nilton Gabriel Borges<\/p>\n\n\n\n<figure class=\"wp-block-image\"><img data-recalc-dims=\"1\" decoding=\"async\" src=\"https:\/\/i0.wp.com\/s3-propozzito.s3.amazonaws.com\/membros\/storage\/app\/public\/membros\/January2023\/mB8EXfmeoX4ia6TjNTX6.jpg?w=800&#038;ssl=1\" alt=\"\"\/><\/figure>\n\n\n\n<h3 class=\"wp-block-heading h6 fw-bold text-muted m-0\">Morro Branco<\/h3>\n\n\n\n<p class=\"m-0 text-muted\">Pb. Marivaldo Silva de Souza<\/p>\n\n\n\n<figure class=\"wp-block-image\"><img data-recalc-dims=\"1\" decoding=\"async\" src=\"https:\/\/i0.wp.com\/s3-propozzito.s3.amazonaws.com\/membros\/storage\/app\/public\/membros\/February2024\/ez0pfbk7dUCPMpZcbHEX.jpg?w=800&#038;ssl=1\" alt=\"\"\/><\/figure>\n\n\n\n<h3 class=\"wp-block-heading h6 fw-bold text-muted m-0\">Novo Alvorecer<\/h3>\n\n\n\n<p class=\"m-0 text-muted\">Pb. Jo\u00e3o Maria Sobrinho<\/p>\n\n\n\n<figure class=\"wp-block-image\"><img data-recalc-dims=\"1\" decoding=\"async\" src=\"https:\/\/i0.wp.com\/s3-propozzito.s3.amazonaws.com\/membros\/storage\/app\/public\/membros\/March2022\/nIANV6hlsVUBni69PGgQ.jpg?w=800&#038;ssl=1\" alt=\"\"\/><\/figure>\n\n\n\n<h3 class=\"wp-block-heading h6 fw-bold text-muted m-0\">Tirol<\/h3>\n\n\n\n<p class=\"m-0 text-muted\">Pb. Adelmares Rocha Dantas<\/p>\n\n\n\n<h2 class=\"wp-block-heading fw-bold h6 m-0\">\u00c1rea 1<\/h2>\n\n\n\n<h2 class=\"wp-block-heading fw-bold h6 m-0\">Setor 7<\/h2>\n\n\n\n<figure class=\"wp-block-image\"><img data-recalc-dims=\"1\" decoding=\"async\" src=\"https:\/\/i0.wp.com\/s3-propozzito.s3.amazonaws.com\/membros\/storage\/app\/public\/membros\/Fotos\/2766.jpg?w=800&#038;ssl=1\" alt=\"\"\/><\/figure>\n\n\n\n<h3 class=\"wp-block-heading h6 fw-bold text-muted m-0\">DIX-SEPT ROSADO<\/h3>\n\n\n\n<p class=\"m-0 text-muted\">Pr. Elienae Moreira Silva<\/p>\n\n\n\n<figure class=\"wp-block-image\"><img data-recalc-dims=\"1\" decoding=\"async\" src=\"https:\/\/i0.wp.com\/s3-propozzito.s3.amazonaws.com\/membros\/storage\/app\/public\/membros\/June2021\/qgsoLegXGnBFwuIgSrEW.jpg?w=800&#038;ssl=1\" alt=\"\"\/><\/figure>\n\n\n\n<h3 class=\"wp-block-heading h6 fw-bold text-muted m-0\">Fonte de Refrig\u00e9rio<\/h3>\n\n\n\n<p class=\"m-0 text-muted\">Pb. Marcos Ferreira Furtado Junior<\/p>\n\n\n\n<figure class=\"wp-block-image\"><img data-recalc-dims=\"1\" decoding=\"async\" src=\"https:\/\/i0.wp.com\/s3-propozzito.s3.amazonaws.com\/membros\/storage\/app\/public\/membros\/Fotos\/11859.jpg?w=800&#038;ssl=1\" alt=\"\"\/><\/figure>\n\n\n\n<h3 class=\"wp-block-heading h6 fw-bold text-muted m-0\">Nascidos em Cristo<\/h3>\n\n\n\n<p class=\"m-0 text-muted\">Pb. Mois\u00e9s da Silva Lintro<\/p>\n\n\n\n<figure class=\"wp-block-image\"><img data-recalc-dims=\"1\" decoding=\"async\" src=\"https:\/\/i0.wp.com\/s3-propozzito.s3.amazonaws.com\/membros\/storage\/app\/public\/membros\/Fotos\/35402.jpg?w=800&#038;ssl=1\" alt=\"\"\/><\/figure>\n\n\n\n<h3 class=\"wp-block-heading h6 fw-bold text-muted m-0\">Nova Vida<\/h3>\n\n\n\n<p class=\"m-0 text-muted\">Pb. Dorn\u00e9lio Bandeira de Souza<\/p>\n\n\n\n<figure class=\"wp-block-image\"><img data-recalc-dims=\"1\" decoding=\"async\" src=\"https:\/\/i0.wp.com\/s3-propozzito.s3.amazonaws.com\/membros\/storage\/app\/public\/membros\/Fotos\/18727.jpg?w=800&#038;ssl=1\" alt=\"\"\/><\/figure>\n\n\n\n<h3 class=\"wp-block-heading h6 fw-bold text-muted m-0\">Novo Horizonte<\/h3>\n\n\n\n<p><\/p>\n\n\n\n<p class=\"m-0 text-muted\">Pb. Ronaldo Varela de Ara\u00fajo<\/p>\n\n\n\n<h2 class=\"wp-block-heading fw-bold h6 m-0\">\u00c1rea 1<\/h2>\n\n\n\n<h2 class=\"wp-block-heading fw-bold h6 m-0\">Setor 15<\/h2>\n\n\n\n<figure class=\"wp-block-image\"><img data-recalc-dims=\"1\" decoding=\"async\" src=\"https:\/\/i0.wp.com\/s3-propozzito.s3.amazonaws.com\/membros\/storage\/app\/public\/membros\/Fotos\/9512.jpg?w=800&#038;ssl=1\" alt=\"\"\/><\/figure>\n\n\n\n<h3 class=\"wp-block-heading h6 fw-bold text-muted m-0\">ROCAS<\/h3>\n\n\n\n<p class=\"m-0 text-muted\">Pr. Jos\u00e9 Haroldo dos Santos<\/p>\n\n\n\n<figure class=\"wp-block-image\"><img data-recalc-dims=\"1\" decoding=\"async\" src=\"https:\/\/i0.wp.com\/s3-propozzito.s3.amazonaws.com\/membros\/storage\/app\/public\/membros\/Fotos\/32005.jpg?w=800&#038;ssl=1\" alt=\"\"\/><\/figure>\n\n\n\n<h3 class=\"wp-block-heading h6 fw-bold text-muted m-0\">Beth Shalom<\/h3>\n\n\n\n<p class=\"m-0 text-muted\">Pb. Sylvester Stallone Pereira de Azevedo<\/p>\n\n\n\n<figure class=\"wp-block-image\"><img data-recalc-dims=\"1\" decoding=\"async\" src=\"https:\/\/i0.wp.com\/s3-propozzito.s3.amazonaws.com\/membros\/storage\/app\/public\/membros\/January2024\/mkWf1i7zS6ioYqpL3a0C.png?w=800&#038;ssl=1\" alt=\"\"\/><\/figure>\n\n\n\n<h3 class=\"wp-block-heading h6 fw-bold text-muted m-0\">Farol I<\/h3>\n\n\n\n<p class=\"m-0 text-muted\">Ev. H\u00e9lio Teod\u00f3sio de Melo<\/p>\n\n\n\n<figure class=\"wp-block-image\"><img data-recalc-dims=\"1\" decoding=\"async\" src=\"https:\/\/i0.wp.com\/s3-propozzito.s3.amazonaws.com\/membros\/storage\/app\/public\/membros\/Fotos\/67034.jpg?w=800&#038;ssl=1\" alt=\"\"\/><\/figure>\n\n\n\n<h3 class=\"wp-block-heading h6 fw-bold text-muted m-0\">Farol II<\/h3>\n\n\n\n<p class=\"m-0 text-muted\">Pb. Lenilson Augusto Pinheiro<\/p>\n\n\n\n<figure class=\"wp-block-image\"><img data-recalc-dims=\"1\" decoding=\"async\" src=\"https:\/\/i0.wp.com\/s3-propozzito.s3.amazonaws.com\/membros\/storage\/app\/public\/membros\/Fotos\/4359.jpg?w=800&#038;ssl=1\" alt=\"\"\/><\/figure>\n\n\n\n<h3 class=\"wp-block-heading h6 fw-bold text-muted m-0\">Liberdade<\/h3>\n\n\n\n<p class=\"m-0 text-muted\">Pb. Jos\u00e9 Carlos de Alc\u00e2ntara<\/p>\n\n\n\n<figure class=\"wp-block-image\"><img data-recalc-dims=\"1\" decoding=\"async\" src=\"https:\/\/i0.wp.com\/s3-propozzito.s3.amazonaws.com\/membros\/storage\/app\/public\/membros\/Fotos\/31069.jpg?w=800&#038;ssl=1\" alt=\"\"\/><\/figure>\n\n\n\n<h3 class=\"wp-block-heading h6 fw-bold text-muted m-0\">M\u00e3e Luiza<\/h3>\n\n\n\n<p class=\"m-0 text-muted\">Pb. Leandro Heber da Silva Santos<\/p>\n\n\n\n<figure class=\"wp-block-image\"><img data-recalc-dims=\"1\" decoding=\"async\" src=\"https:\/\/i0.wp.com\/s3-propozzito.s3.amazonaws.com\/membros\/storage\/app\/public\/membros\/Fotos\/18725.jpg?w=800&#038;ssl=1\" alt=\"\"\/><\/figure>\n\n\n\n<h3 class=\"wp-block-heading h6 fw-bold text-muted m-0\">Petr\u00f3polis<\/h3>\n\n\n\n<p class=\"m-0 text-muted\">Pb. Raul Soares da Silva<\/p>\n\n\n\n<h2 class=\"wp-block-heading fw-bold h6 m-0\">\u00c1rea 1<\/h2>\n\n\n\n<h2 class=\"wp-block-heading fw-bold h6 m-0\">Setor 24<\/h2>\n\n\n\n<figure class=\"wp-block-image\"><img data-recalc-dims=\"1\" decoding=\"async\" src=\"https:\/\/i0.wp.com\/s3-propozzito.s3.amazonaws.com\/membros\/storage\/app\/public\/membros\/Fotos\/10023.jpg?w=800&#038;ssl=1\" alt=\"\"\/><\/figure>\n\n\n\n<h3 class=\"wp-block-heading h6 fw-bold text-muted m-0\">EBEN\u00c9ZER<\/h3>\n\n\n\n<p class=\"m-0 text-muted\">Pr. Manass\u00e9s Soares Dias<\/p>\n\n\n\n<figure class=\"wp-block-image\"><img data-recalc-dims=\"1\" decoding=\"async\" src=\"https:\/\/i0.wp.com\/s3-propozzito.s3.amazonaws.com\/membros\/storage\/app\/public\/membros\/Fotos\/34283.jpg?w=800&#038;ssl=1\" alt=\"\"\/><\/figure>\n\n\n\n<h3 class=\"wp-block-heading h6 fw-bold text-muted m-0\">Aprisco das Ovelhas<\/h3>\n\n\n\n<p class=\"m-0 text-muted\">Pb. Renato Ambr\u00f3sio Nunes<\/p>\n\n\n\n<figure class=\"wp-block-image\"><img data-recalc-dims=\"1\" decoding=\"async\" src=\"https:\/\/i0.wp.com\/s3-propozzito.s3.amazonaws.com\/membros\/storage\/app\/public\/membros\/Fotos\/42022.jpg?w=800&#038;ssl=1\" alt=\"\"\/><\/figure>\n\n\n\n<h3 class=\"wp-block-heading h6 fw-bold text-muted m-0\">Betel<\/h3>\n\n\n\n<p class=\"m-0 text-muted\">Pb. Li\u00eanio Carlos Marques<\/p>\n\n\n\n<figure class=\"wp-block-image\"><img data-recalc-dims=\"1\" decoding=\"async\" src=\"https:\/\/i0.wp.com\/s3-propozzito.s3.amazonaws.com\/membros\/storage\/app\/public\/membros\/Fotos\/33993.jpg?w=800&#038;ssl=1\" alt=\"\"\/><\/figure>\n\n\n\n<h3 class=\"wp-block-heading h6 fw-bold text-muted m-0\">Chama Viva<\/h3>\n\n\n\n<p class=\"m-0 text-muted\">Pb. Emerson Farias Pontes<\/p>\n\n\n\n<figure class=\"wp-block-image\"><img data-recalc-dims=\"1\" decoding=\"async\" src=\"https:\/\/i0.wp.com\/s3-propozzito.s3.amazonaws.com\/membros\/storage\/app\/public\/membros\/October2024\/2gOSyAX02nh9AAVBKGol.jpg?w=800&#038;ssl=1\" alt=\"\"\/><\/figure>\n\n\n\n<h3 class=\"wp-block-heading h6 fw-bold text-muted m-0\">Rio Potengi<\/h3>\n\n\n\n<p class=\"m-0 text-muted\">Pb. Jussier Herculano Dantas<\/p>\n\n\n\n<h2 class=\"wp-block-heading fw-bold h6 m-0\">\u00c1rea 1<\/h2>\n\n\n\n<h2 class=\"wp-block-heading fw-bold h6 m-0\">Setor 38<\/h2>\n\n\n\n<figure class=\"wp-block-image\"><img data-recalc-dims=\"1\" decoding=\"async\" src=\"https:\/\/i0.wp.com\/s3-propozzito.s3.amazonaws.com\/membros\/storage\/app\/public\/membros\/November2024\/3QFdTKmWlsqPj3fCMOS7.jpeg?w=800&#038;ssl=1\" alt=\"\"\/><\/figure>\n\n\n\n<h3 class=\"wp-block-heading h6 fw-bold text-muted m-0\">BELA VISTA<\/h3>\n\n\n\n<p class=\"m-0 text-muted\">Ev. Jeosaf\u00e1 Soares Pimentel<\/p>\n\n\n\n<figure class=\"wp-block-image\"><img data-recalc-dims=\"1\" decoding=\"async\" src=\"https:\/\/i0.wp.com\/s3-propozzito.s3.amazonaws.com\/membros\/storage\/app\/public\/membros\/Fotos\/2275.jpg?w=800&#038;ssl=1\" alt=\"\"\/><\/figure>\n\n\n\n<h3 class=\"wp-block-heading h6 fw-bold text-muted m-0\">Bela Vista II<\/h3>\n\n\n\n<p class=\"m-0 text-muted\">Ev. M\u00e1rio Ant\u00f4nio Bezerra de Carvalho<\/p>\n\n\n\n<figure class=\"wp-block-image\"><img data-recalc-dims=\"1\" decoding=\"async\" src=\"https:\/\/i0.wp.com\/s3-propozzito.s3.amazonaws.com\/membros\/storage\/app\/public\/membros\/Fotos\/10810.jpg?w=800&#038;ssl=1\" alt=\"\"\/><\/figure>\n\n\n\n<h3 class=\"wp-block-heading h6 fw-bold text-muted m-0\">Filad\u00e9lfia<\/h3>\n\n\n\n<p class=\"m-0 text-muted\">Pb. Josias Ara\u00fajo Cunha<\/p>\n\n\n\n<figure class=\"wp-block-image\"><img data-recalc-dims=\"1\" decoding=\"async\" src=\"https:\/\/i0.wp.com\/s3-propozzito.s3.amazonaws.com\/membros\/storage\/app\/public\/membros\/January2025\/z5chaHpm8RY2CrW9vhe3.jpg?w=800&#038;ssl=1\" alt=\"\"\/><\/figure>\n\n\n\n<h3 class=\"wp-block-heading h6 fw-bold text-muted m-0\">Le\u00e3o de Jud\u00e1<\/h3>\n\n\n\n<p class=\"m-0 text-muted\">Pb. Frank Williams Azevedo C\u00e2mara<\/p>\n\n\n\n<figure class=\"wp-block-image\"><img data-recalc-dims=\"1\" decoding=\"async\" src=\"https:\/\/i0.wp.com\/s3-propozzito.s3.amazonaws.com\/membros\/storage\/app\/public\/membros\/Fotos\/54379.jpg?w=800&#038;ssl=1\" alt=\"\"\/><\/figure>\n\n\n\n<h3 class=\"wp-block-heading h6 fw-bold text-muted m-0\">M\u00e1rio Lira<\/h3>\n\n\n\n<p class=\"m-0 text-muted\">Pb. Diego Antonio Garcia da Costa<\/p>\n\n\n\n<figure class=\"wp-block-image\"><img data-recalc-dims=\"1\" decoding=\"async\" src=\"https:\/\/i0.wp.com\/s3-propozzito.s3.amazonaws.com\/membros\/storage\/app\/public\/membros\/aplicativo\/J3lTYLteYhwLCEJGuMKvMQbnCoswErI3d3uTBjT9.png?w=800&#038;ssl=1\" alt=\"\"\/><\/figure>\n\n\n\n<h3 class=\"wp-block-heading h6 fw-bold text-muted m-0\">M\u00e1rio Lira II<\/h3>\n\n\n\n<p class=\"m-0 text-muted\">Pb. Jos\u00e9 Gomes da Silva<\/p>\n\n\n\n<h2 class=\"wp-block-heading fw-bold h6 m-0\">\u00c1rea 1<\/h2>\n\n\n\n<h2 class=\"wp-block-heading fw-bold h6 m-0\">Setor 40<\/h2>\n\n\n\n<figure class=\"wp-block-image\"><img data-recalc-dims=\"1\" decoding=\"async\" src=\"https:\/\/i0.wp.com\/s3-propozzito.s3.amazonaws.com\/membros\/storage\/app\/public\/membros\/Fotos\/43072.jpg?w=800&#038;ssl=1\" alt=\"\"\/><\/figure>\n\n\n\n<h3 class=\"wp-block-heading h6 fw-bold text-muted m-0\">NOVA DESCOBERTA<\/h3>\n\n\n\n<p class=\"m-0 text-muted\">Ev. Orivaldo Ferreira da Silva<\/p>\n\n\n\n<figure class=\"wp-block-image\"><img data-recalc-dims=\"1\" decoding=\"async\" src=\"https:\/\/i0.wp.com\/s3-propozzito.s3.amazonaws.com\/membros\/storage\/app\/public\/membros\/December2024\/3h3P1lXGSzLK4XnkqmaK.jpg?w=800&#038;ssl=1\" alt=\"\"\/><\/figure>\n\n\n\n<h3 class=\"wp-block-heading h6 fw-bold text-muted m-0\">Lagoa Nova<\/h3>\n\n\n\n<p class=\"m-0 text-muted\">Ev. Valnei Almeida de Oliveira<\/p>\n\n\n\n<figure class=\"wp-block-image\"><img data-recalc-dims=\"1\" decoding=\"async\" src=\"https:\/\/i0.wp.com\/s3-propozzito.s3.amazonaws.com\/membros\/storage\/app\/public\/membros\/Fotos\/7030.jpg?w=800&#038;ssl=1\" alt=\"\"\/><\/figure>\n\n\n\n<h3 class=\"wp-block-heading h6 fw-bold text-muted m-0\">Monte Tabor<\/h3>\n\n\n\n<p class=\"m-0 text-muted\">Pb. Samuel Rodrigues Viana<\/p>\n\n\n\n<figure class=\"wp-block-image\"><img data-recalc-dims=\"1\" decoding=\"async\" src=\"https:\/\/i0.wp.com\/s3-propozzito.s3.amazonaws.com\/membros\/storage\/app\/public\/membros\/Fotos\/2972.jpg?w=800&#038;ssl=1\" alt=\"\"\/><\/figure>\n\n\n\n<h3 class=\"wp-block-heading h6 fw-bold text-muted m-0\">Nova Descoberta II<\/h3>\n\n\n\n<p class=\"m-0 text-muted\">Ev. Maur\u00edcio Faustino Gomes<\/p>\n\n\n\n<figure class=\"wp-block-image\"><img data-recalc-dims=\"1\" decoding=\"async\" src=\"https:\/\/i0.wp.com\/s3-propozzito.s3.amazonaws.com\/membros\/storage\/app\/public\/membros\/Fotos\/32803.jpg?w=800&#038;ssl=1\" alt=\"\"\/><\/figure>\n\n\n\n<h3 class=\"wp-block-heading h6 fw-bold text-muted m-0\">Potil\u00e2ndia<\/h3>\n\n\n\n<p class=\"m-0 text-muted\">Pb. Jo\u00e3o Paulo Soares de Ara\u00fajo<\/p>\n\n\n\n<h2 class=\"wp-block-heading fw-bold h6 m-0\">\u00c1rea 1<\/h2>\n\n\n\n<h2 class=\"wp-block-heading fw-bold h6 m-0\">Setor 41<\/h2>\n\n\n\n<figure class=\"wp-block-image\"><img data-recalc-dims=\"1\" decoding=\"async\" src=\"https:\/\/i0.wp.com\/s3-propozzito.s3.amazonaws.com\/membros\/storage\/app\/public\/membros\/Fotos\/42428.jpg?w=800&#038;ssl=1\" alt=\"\"\/><\/figure>\n\n\n\n<h3 class=\"wp-block-heading h6 fw-bold text-muted m-0\">QUINTAS<\/h3>\n\n\n\n<p class=\"m-0 text-muted\">Ev. Jo\u00e3o Maria Leite da Fonseca<\/p>\n\n\n\n<figure class=\"wp-block-image\"><img data-recalc-dims=\"1\" decoding=\"async\" src=\"https:\/\/i0.wp.com\/s3-propozzito.s3.amazonaws.com\/membros\/storage\/app\/public\/membros\/May2022\/bk679cRNmpBtl5GJ1gYF.jpg?w=800&#038;ssl=1\" alt=\"\"\/><\/figure>\n\n\n\n<h3 class=\"wp-block-heading h6 fw-bold text-muted m-0\">Bel\u00e9m Efrata<\/h3>\n\n\n\n<p class=\"m-0 text-muted\">Pb. Rosivan Rocha Rafael<\/p>\n\n\n\n<figure class=\"wp-block-image\"><img data-recalc-dims=\"1\" decoding=\"async\" src=\"https:\/\/i0.wp.com\/s3-propozzito.s3.amazonaws.com\/membros\/storage\/app\/public\/membros\/Fotos\/89921.jpg?w=800&#038;ssl=1\" alt=\"\"\/><\/figure>\n\n\n\n<h3 class=\"wp-block-heading h6 fw-bold text-muted m-0\">Nova Jerusal\u00e9m<\/h3>\n\n\n\n<p class=\"m-0 text-muted\">Pb. Jos\u00e9 Ant\u00f4nio Nascimento dos Santos<\/p>\n\n\n\n<figure class=\"wp-block-image\"><img data-recalc-dims=\"1\" decoding=\"async\" src=\"https:\/\/i0.wp.com\/s3-propozzito.s3.amazonaws.com\/membros\/storage\/app\/public\/membros\/Fotos\/8956.jpg?w=800&#038;ssl=1\" alt=\"\"\/><\/figure>\n\n\n\n<h3 class=\"wp-block-heading h6 fw-bold text-muted m-0\">Porta da Salva\u00e7\u00e3o<\/h3>\n\n\n\n<p class=\"m-0 text-muted\">Ev. Alexandre S\u00e9rgio da Trindade<\/p>\n\n\n\n<figure class=\"wp-block-image\"><img data-recalc-dims=\"1\" decoding=\"async\" src=\"https:\/\/i0.wp.com\/s3-propozzito.s3.amazonaws.com\/membros\/storage\/app\/public\/membros\/aplicativo\/LbzEULJpraOwf0Ioa3zyhhRDtydE3mOm2FuPs22B.png?w=800&#038;ssl=1\" alt=\"\"\/><\/figure>\n\n\n\n<h3 class=\"wp-block-heading h6 fw-bold text-muted m-0\">Vau de Jaboque<\/h3>\n\n\n\n<p class=\"m-0 text-muted\">Pb. Jo\u00e3o Maria Fran\u00e7a da Silva<\/p>\n\n\n\n<h2 class=\"wp-block-heading fw-bold h6 m-0\">a 2<\/h2>\n\n\n\n<h2 class=\"wp-block-heading fw-bold h6 m-0\">Setor 5<\/h2>\n\n\n\n<figure class=\"wp-block-image\"><img data-recalc-dims=\"1\" decoding=\"async\" src=\"https:\/\/i0.wp.com\/s3-propozzito.s3.amazonaws.com\/membros\/storage\/app\/public\/membros\/Fotos\/5177.jpg?w=800&#038;ssl=1\" alt=\"\"\/><\/figure>\n\n\n\n<h3 class=\"wp-block-heading h6 fw-bold text-muted m-0\">CANDEL\u00c1RIA<\/h3>\n\n\n\n<p class=\"m-0 text-muted\">Pr. Oaldo Raimundo Dantas<\/p>\n\n\n\n<figure class=\"wp-block-image\"><img data-recalc-dims=\"1\" decoding=\"async\" src=\"https:\/\/i0.wp.com\/s3-propozzito.s3.amazonaws.com\/membros\/storage\/app\/public\/membros\/Fotos\/5960.jpg?w=800&#038;ssl=1\" alt=\"\"\/><\/figure>\n\n\n\n<h3 class=\"wp-block-heading h6 fw-bold text-muted m-0\">Fonte de Vida<\/h3>\n\n\n\n<p class=\"m-0 text-muted\">Pb. Cl\u00e1udio Rafael Diniz Ramos<\/p>\n\n\n\n<figure class=\"wp-block-image\"><img data-recalc-dims=\"1\" decoding=\"async\" src=\"https:\/\/i0.wp.com\/s3-propozzito.s3.amazonaws.com\/membros\/storage\/app\/public\/membros\/Fotos\/12847.jpg?w=800&#038;ssl=1\" alt=\"\"\/><\/figure>\n\n\n\n<h3 class=\"wp-block-heading h6 fw-bold text-muted m-0\">Mirassol<\/h3>\n\n\n\n<p class=\"m-0 text-muted\">Ev. Eric C\u00e9sar Gomes<\/p>\n\n\n\n<figure class=\"wp-block-image\"><img data-recalc-dims=\"1\" decoding=\"async\" src=\"https:\/\/i0.wp.com\/s3-propozzito.s3.amazonaws.com\/membros\/storage\/app\/public\/membros\/Fotos\/33897.jpg?w=800&#038;ssl=1\" alt=\"\"\/><\/figure>\n\n\n\n<h3 class=\"wp-block-heading h6 fw-bold text-muted m-0\">Ne\u00f3polis<\/h3>\n\n\n\n<p class=\"m-0 text-muted\">Pb. Josenil Barbosa de Ara\u00fajo J\u00fanior<\/p>\n\n\n\n<figure class=\"wp-block-image\"><img data-recalc-dims=\"1\" decoding=\"async\" src=\"https:\/\/i0.wp.com\/s3-propozzito.s3.amazonaws.com\/membros\/storage\/app\/public\/membros\/Fotos\/8619.jpg?w=800&#038;ssl=1\" alt=\"\"\/><\/figure>\n\n\n\n<h3 class=\"wp-block-heading h6 fw-bold text-muted m-0\">Nova Cidade<\/h3>\n\n\n\n<p class=\"m-0 text-muted\">Pb. Edson Francisco de Ara\u00fajo<\/p>\n\n\n\n<h2 class=\"wp-block-heading fw-bold h6 m-0\">\u00c1rea 2<\/h2>\n\n\n\n<h2 class=\"wp-block-heading fw-bold h6 m-0\">Setor 8<\/h2>\n\n\n\n<figure class=\"wp-block-image\"><img data-recalc-dims=\"1\" decoding=\"async\" src=\"https:\/\/i0.wp.com\/s3-propozzito.s3.amazonaws.com\/membros\/storage\/app\/public\/membros\/Fotos\/3123.jpg?w=800&#038;ssl=1\" alt=\"\"\/><\/figure>\n\n\n\n<h3 class=\"wp-block-heading h6 fw-bold text-muted m-0\">PIRANGI<\/h3>\n\n\n\n<p class=\"m-0 text-muted\">Pr. Arnon Lima de Santana J\u00fanior<\/p>\n\n\n\n<figure class=\"wp-block-image\"><img data-recalc-dims=\"1\" decoding=\"async\" src=\"https:\/\/i0.wp.com\/s3-propozzito.s3.amazonaws.com\/membros\/storage\/app\/public\/membros\/aplicativo\/98y4i1ViSmpxTaZtBYhVWvMLPW7oSFtz5qDJgeBh.jpg?w=800&#038;ssl=1\" alt=\"\"\/><\/figure>\n\n\n\n<h3 class=\"wp-block-heading h6 fw-bold text-muted m-0\">Jardim das Ac\u00e1cias<\/h3>\n\n\n\n<p class=\"m-0 text-muted\">Ev. Francisco Varela de Souza J\u00fanior<\/p>\n\n\n\n<figure class=\"wp-block-image\"><img data-recalc-dims=\"1\" decoding=\"async\" src=\"https:\/\/i0.wp.com\/s3-propozzito.s3.amazonaws.com\/membros\/storage\/app\/public\/membros\/Fotos\/83389.jpg?w=800&#038;ssl=1\" alt=\"\"\/><\/figure>\n\n\n\n<h3 class=\"wp-block-heading h6 fw-bold text-muted m-0\">Monte Gerezim<\/h3>\n\n\n\n<p class=\"m-0 text-muted\">Pb. Eliabi C\u00e9sar Dantas da Silva<\/p>\n\n\n\n<figure class=\"wp-block-image\"><img data-recalc-dims=\"1\" decoding=\"async\" src=\"https:\/\/i0.wp.com\/s3-propozzito.s3.amazonaws.com\/membros\/storage\/app\/public\/membros\/Fotos\/2917.jpg?w=800&#038;ssl=1\" alt=\"\"\/><\/figure>\n\n\n\n<h3 class=\"wp-block-heading h6 fw-bold text-muted m-0\">Nova Parnamirim<\/h3>\n\n\n\n<p class=\"m-0 text-muted\">Ev. Jos\u00e9 Ribamar da Silva<\/p>\n\n\n\n<figure class=\"wp-block-image\"><img data-recalc-dims=\"1\" decoding=\"async\" src=\"https:\/\/i0.wp.com\/s3-propozzito.s3.amazonaws.com\/membros\/storage\/app\/public\/membros\/Fotos\/31236.jpg?w=800&#038;ssl=1\" alt=\"\"\/><\/figure>\n\n\n\n<h3 class=\"wp-block-heading h6 fw-bold text-muted m-0\">Portal do Jiqui<\/h3>\n\n\n\n<p class=\"m-0 text-muted\">Ev. Miguel Arcanjo Neto<\/p>\n\n\n\n<figure class=\"wp-block-image\"><img data-recalc-dims=\"1\" decoding=\"async\" src=\"https:\/\/i0.wp.com\/s3-propozzito.s3.amazonaws.com\/membros\/storage\/app\/public\/membros\/aplicativo\/vIfXITNzwOel1XlXZ72j5iwDx8j5imgVM50qZEIp.jpg?w=800&#038;ssl=1\" alt=\"\"\/><\/figure>\n\n\n\n<h3 class=\"wp-block-heading h6 fw-bold text-muted m-0\">Vale do Renovo<\/h3>\n\n\n\n<p class=\"m-0 text-muted\">Pb. Andr\u00e9 Luiz dos Santos<\/p>\n\n\n\n<figure class=\"wp-block-image\"><img data-recalc-dims=\"1\" decoding=\"async\" src=\"https:\/\/i0.wp.com\/s3-propozzito.s3.amazonaws.com\/membros\/storage\/app\/public\/membros\/Fotos\/29090.jpg?w=800&#038;ssl=1\" alt=\"\"\/><\/figure>\n\n\n\n<h3 class=\"wp-block-heading h6 fw-bold text-muted m-0\">Sub. Fonte da Salva\u00e7\u00e3o<\/h3>\n\n\n\n<p class=\"m-0 text-muted\">Pb. Reginaldo de Medeiros Batista<\/p>\n\n\n\n<h2 class=\"wp-block-heading fw-bold h6 m-0\">\u00c1rea 2<\/h2>\n\n\n\n<h2 class=\"wp-block-heading fw-bold h6 m-0\">Setor 16<\/h2>\n\n\n\n<figure class=\"wp-block-image\"><img data-recalc-dims=\"1\" decoding=\"async\" src=\"https:\/\/i0.wp.com\/s3-propozzito.s3.amazonaws.com\/membros\/storage\/app\/public\/membros\/aplicativo\/ckKqTdsTi4djJKw32tWMmwfgxis41qkC5Y5EBozM.jpg?w=800&#038;ssl=1\" alt=\"\"\/><\/figure>\n\n\n\n<h3 class=\"wp-block-heading h6 fw-bold text-muted m-0\">CIDADE SAT\u00c9LITE<\/h3>\n\n\n\n<p class=\"m-0 text-muted\">Ev. Rivaldo Felipe de Souza<\/p>\n\n\n\n<figure class=\"wp-block-image\"><img data-recalc-dims=\"1\" decoding=\"async\" src=\"https:\/\/i0.wp.com\/s3-propozzito.s3.amazonaws.com\/membros\/storage\/app\/public\/membros\/aplicativo\/se4xTIpty4eezdu3ootPATNg62AAN4WTHz1gN9kr.jpg?w=800&#038;ssl=1\" alt=\"\"\/><\/figure>\n\n\n\n<h3 class=\"wp-block-heading h6 fw-bold text-muted m-0\">Conj. dos Banc\u00e1rios<\/h3>\n\n\n\n<p class=\"m-0 text-muted\">Pb. Alan Jefferson dos Santos Lima<\/p>\n\n\n\n<figure class=\"wp-block-image\"><img data-recalc-dims=\"1\" decoding=\"async\" src=\"https:\/\/i0.wp.com\/s3-propozzito.s3.amazonaws.com\/membros\/storage\/app\/public\/membros\/aplicativo\/hFjcwWTOoqe7Tvzo3BECvntwNjlO5YjLElmaW2Fl.jpg?w=800&#038;ssl=1\" alt=\"\"\/><\/figure>\n\n\n\n<h3 class=\"wp-block-heading h6 fw-bold text-muted m-0\">L\u00edrio das Serras<\/h3>\n\n\n\n<p class=\"m-0 text-muted\">Ev. Aldefran Carvalho Feitosa<\/p>\n\n\n\n<figure class=\"wp-block-image\"><img data-recalc-dims=\"1\" decoding=\"async\" src=\"https:\/\/i0.wp.com\/s3-propozzito.s3.amazonaws.com\/membros\/storage\/app\/public\/membros\/Fotos\/14837.jpg?w=800&#038;ssl=1\" alt=\"\"\/><\/figure>\n\n\n\n<h3 class=\"wp-block-heading h6 fw-bold text-muted m-0\">Parque do Horto<\/h3>\n\n\n\n<p class=\"m-0 text-muted\">Pb. Wattson de Medeiros de Souza<\/p>\n\n\n\n<figure class=\"wp-block-image\"><img data-recalc-dims=\"1\" decoding=\"async\" src=\"https:\/\/i0.wp.com\/s3-propozzito.s3.amazonaws.com\/membros\/storage\/app\/public\/membros\/Fotos\/3293.jpg?w=800&#038;ssl=1\" alt=\"\"\/><\/figure>\n\n\n\n<h3 class=\"wp-block-heading h6 fw-bold text-muted m-0\">Pitimb\u00fa<\/h3>\n\n\n\n<p class=\"m-0 text-muted\">Ev. Jos\u00e9 Salviano da Silva<\/p>\n\n\n\n<figure class=\"wp-block-image\"><img data-recalc-dims=\"1\" decoding=\"async\" src=\"https:\/\/i0.wp.com\/s3-propozzito.s3.amazonaws.com\/membros\/storage\/app\/public\/membros\/Fotos\/7183.jpg?w=800&#038;ssl=1\" alt=\"\"\/><\/figure>\n\n\n\n<h3 class=\"wp-block-heading h6 fw-bold text-muted m-0\">Semente da F\u00e9<\/h3>\n\n\n\n<p class=\"m-0 text-muted\">Ev. Luzenildo Rocha da Silva<\/p>\n\n\n\n<h2 class=\"wp-block-heading fw-bold h6 m-0\">\u00c1rea 2<\/h2>\n\n\n\n<h2 class=\"wp-block-heading fw-bold h6 m-0\">Setor 22<\/h2>\n\n\n\n<figure class=\"wp-block-image\"><img data-recalc-dims=\"1\" decoding=\"async\" src=\"https:\/\/i0.wp.com\/s3-propozzito.s3.amazonaws.com\/membros\/storage\/app\/public\/membros\/Fotos\/56056.jpg?w=800&#038;ssl=1\" alt=\"\"\/><\/figure>\n\n\n\n<h3 class=\"wp-block-heading h6 fw-bold text-muted m-0\">PLANALTO<\/h3>\n\n\n\n<p class=\"m-0 text-muted\">Pr. Joacy Marcos de Castro Varela<\/p>\n\n\n\n<figure class=\"wp-block-image\"><img data-recalc-dims=\"1\" decoding=\"async\" src=\"https:\/\/i0.wp.com\/s3-propozzito.s3.amazonaws.com\/membros\/storage\/app\/public\/membros\/Fotos\/13506.jpg?w=800&#038;ssl=1\" alt=\"\"\/><\/figure>\n\n\n\n<h3 class=\"wp-block-heading h6 fw-bold text-muted m-0\">Jardim do \u00c9den<\/h3>\n\n\n\n<p class=\"m-0 text-muted\">Pb. Apr\u00edgio Francisco Trindade J\u00fanior<\/p>\n\n\n\n<figure class=\"wp-block-image\"><img data-recalc-dims=\"1\" decoding=\"async\" src=\"https:\/\/i0.wp.com\/s3-propozzito.s3.amazonaws.com\/membros\/storage\/app\/public\/membros\/June2021\/9clrsdpPmscW6p5omNR3.jpg?w=800&#038;ssl=1\" alt=\"\"\/><\/figure>\n\n\n\n<h3 class=\"wp-block-heading h6 fw-bold text-muted m-0\">Monte Hebrom<\/h3>\n\n\n\n<p class=\"m-0 text-muted\">Pb. \u00cdtalo Emanuel Ferreira de Souza<\/p>\n\n\n\n<figure class=\"wp-block-image\"><img data-recalc-dims=\"1\" decoding=\"async\" src=\"https:\/\/i0.wp.com\/s3-propozzito.s3.amazonaws.com\/membros\/storage\/app\/public\/membros\/Fotos\/40546.jpg?w=800&#038;ssl=1\" alt=\"\"\/><\/figure>\n\n\n\n<h3 class=\"wp-block-heading h6 fw-bold text-muted m-0\">Monte Hermom<\/h3>\n\n\n\n<p class=\"m-0 text-muted\">Pb. Elias Celestino da Silva<\/p>\n\n\n\n<figure class=\"wp-block-image\"><img data-recalc-dims=\"1\" decoding=\"async\" src=\"https:\/\/i0.wp.com\/s3-propozzito.s3.amazonaws.com\/membros\/storage\/app\/public\/membros\/Fotos\/13321.jpg?w=800&#038;ssl=1\" alt=\"\"\/><\/figure>\n\n\n\n<h3 class=\"wp-block-heading h6 fw-bold text-muted m-0\">Monte Si\u00e3o<\/h3>\n\n\n\n<p class=\"m-0 text-muted\">Pb. Alison Pereira da Silva<\/p>\n\n\n\n<figure class=\"wp-block-image\"><img data-recalc-dims=\"1\" decoding=\"async\" src=\"https:\/\/i0.wp.com\/s3-propozzito.s3.amazonaws.com\/membros\/storage\/app\/public\/membros\/Fotos\/20034.jpg?w=800&#038;ssl=1\" alt=\"\"\/><\/figure>\n\n\n\n<h3 class=\"wp-block-heading h6 fw-bold text-muted m-0\">Portal do Alvorecer<\/h3>\n\n\n\n<p class=\"m-0 text-muted\">Ev. Severino Sales da Silva<\/p>\n\n\n\n<h2 class=\"wp-block-heading fw-bold h6 m-0\">\u00c1rea 2<\/h2>\n\n\n\n<h2 class=\"wp-block-heading fw-bold h6 m-0\">Setor 23<\/h2>\n\n\n\n<figure class=\"wp-block-image\"><img data-recalc-dims=\"1\" decoding=\"async\" src=\"https:\/\/i0.wp.com\/s3-propozzito.s3.amazonaws.com\/membros\/storage\/app\/public\/membros\/November2024\/F7yDpLRtFLz0J7WD2BO4.jpg?w=800&#038;ssl=1\" alt=\"\"\/><\/figure>\n\n\n\n<h3 class=\"wp-block-heading h6 fw-bold text-muted m-0\">CONJ. PONTA NEGRA<\/h3>\n\n\n\n<p class=\"m-0 text-muted\">Ev. Abel Moreno das Chagas Filho<\/p>\n\n\n\n<figure class=\"wp-block-image\"><img data-recalc-dims=\"1\" decoding=\"async\" src=\"https:\/\/i0.wp.com\/s3-propozzito.s3.amazonaws.com\/membros\/storage\/app\/public\/membros\/Fotos\/12798.jpg?w=800&#038;ssl=1\" alt=\"\"\/><\/figure>\n\n\n\n<h3 class=\"wp-block-heading h6 fw-bold text-muted m-0\">Boa Vista<\/h3>\n\n\n\n<p class=\"m-0 text-muted\">Pb. Jos\u00e9 Erivan Silva<\/p>\n\n\n\n<figure class=\"wp-block-image\"><img data-recalc-dims=\"1\" decoding=\"async\" src=\"https:\/\/i0.wp.com\/s3-propozzito.s3.amazonaws.com\/membros\/storage\/app\/public\/membros\/May2022\/WSNSuDWkCIPwoCMekc8O.jpeg?w=800&#038;ssl=1\" alt=\"\"\/><\/figure>\n\n\n\n<h3 class=\"wp-block-heading h6 fw-bold text-muted m-0\">Capim Macio<\/h3>\n\n\n\n<p class=\"m-0 text-muted\">Pb. Nailton Rodrigues do Nascimento<\/p>\n\n\n\n<figure class=\"wp-block-image\"><img data-recalc-dims=\"1\" decoding=\"async\" src=\"https:\/\/i0.wp.com\/s3-propozzito.s3.amazonaws.com\/membros\/storage\/app\/public\/membros\/aplicativo\/X1Axy2uzxleVWSVUwUgujfOrY3aocA8COIDYHL78.jpg?w=800&#038;ssl=1\" alt=\"\"\/><\/figure>\n\n\n\n<h3 class=\"wp-block-heading h6 fw-bold text-muted m-0\">Morro do Careca<\/h3>\n\n\n\n<p class=\"m-0 text-muted\">Pb. Erivanildo Martins da Silva<\/p>\n\n\n\n<figure class=\"wp-block-image\"><img data-recalc-dims=\"1\" decoding=\"async\" src=\"https:\/\/i0.wp.com\/s3-propozzito.s3.amazonaws.com\/membros\/storage\/app\/public\/membros\/Fotos\/14566.jpg?w=800&#038;ssl=1\" alt=\"\"\/><\/figure>\n\n\n\n<h3 class=\"wp-block-heading h6 fw-bold text-muted m-0\">Vila de Ponta Negra<\/h3>\n\n\n\n<p class=\"m-0 text-muted\">Ev. Elesb\u00e3o Torres Neto<\/p>\n\n\n\n<h2 class=\"wp-block-heading fw-bold h6 m-0\">\u00c1rea 2<\/h2>\n\n\n\n<h2 class=\"wp-block-heading fw-bold h6 m-0\">Setor 25<\/h2>\n\n\n\n<figure class=\"wp-block-image\"><img data-recalc-dims=\"1\" decoding=\"async\" src=\"https:\/\/i0.wp.com\/s3-propozzito.s3.amazonaws.com\/membros\/storage\/app\/public\/membros\/June2022\/eJwwmC3r0hjSeHOnSOqo.jpg?w=800&#038;ssl=1\" alt=\"\"\/><\/figure>\n\n\n\n<h3 class=\"wp-block-heading h6 fw-bold text-muted m-0\">PARQUE DOS EUCALIPTOS<\/h3>\n\n\n\n<p class=\"m-0 text-muted\">Pr. Eliezer de Souza<\/p>\n\n\n\n<figure class=\"wp-block-image\"><img data-recalc-dims=\"1\" decoding=\"async\" src=\"https:\/\/i0.wp.com\/s3-propozzito.s3.amazonaws.com\/membros\/storage\/app\/public\/membros\/Fotos\/30252.jpg?w=800&#038;ssl=1\" alt=\"\"\/><\/figure>\n\n\n\n<h3 class=\"wp-block-heading h6 fw-bold text-muted m-0\">Cafarnaum<\/h3>\n\n\n\n<p class=\"m-0 text-muted\">Pb. Jo\u00e3o Filomeno Silva Filho<\/p>\n\n\n\n<figure class=\"wp-block-image\"><img data-recalc-dims=\"1\" decoding=\"async\" src=\"https:\/\/i0.wp.com\/s3-propozzito.s3.amazonaws.com\/membros\/storage\/app\/public\/membros\/Fotos\/28439.jpg?w=800&#038;ssl=1\" alt=\"\"\/><\/figure>\n\n\n\n<h3 class=\"wp-block-heading h6 fw-bold text-muted m-0\">Cidade Verde<\/h3>\n\n\n\n<p class=\"m-0 text-muted\">Pb. Carlos Henrique da Fonseca Campos<\/p>\n\n\n\n<figure class=\"wp-block-image\"><img data-recalc-dims=\"1\" decoding=\"async\" src=\"https:\/\/i0.wp.com\/s3-propozzito.s3.amazonaws.com\/membros\/storage\/app\/public\/membros\/Fotos\/30066.jpg?w=800&#038;ssl=1\" alt=\"\"\/><\/figure>\n\n\n\n<h3 class=\"wp-block-heading h6 fw-bold text-muted m-0\">Colina do Jiqui<\/h3>\n\n\n\n<p class=\"m-0 text-muted\">Pb. Ailton Carlos de Lima<\/p>\n\n\n\n<figure class=\"wp-block-image\"><img data-recalc-dims=\"1\" decoding=\"async\" src=\"https:\/\/i0.wp.com\/s3-propozzito.s3.amazonaws.com\/membros\/storage\/app\/public\/membros\/June2024\/0K3bRPWL2OemOati64rb.jpeg?w=800&#038;ssl=1\" alt=\"\"\/><\/figure>\n\n\n\n<h3 class=\"wp-block-heading h6 fw-bold text-muted m-0\">Parque das \u00c1rvores<\/h3>\n\n\n\n<p class=\"m-0 text-muted\">Pb. Roberto Nazareno dos Santos Gon\u00e7alves<\/p>\n\n\n\n<figure class=\"wp-block-image\"><img data-recalc-dims=\"1\" decoding=\"async\" src=\"https:\/\/i0.wp.com\/s3-propozzito.s3.amazonaws.com\/membros\/storage\/app\/public\/membros\/Fotos\/4115.jpg?w=800&#038;ssl=1\" alt=\"\"\/><\/figure>\n\n\n\n<h3 class=\"wp-block-heading h6 fw-bold text-muted m-0\">Parque do Jiqui<\/h3>\n\n\n\n<p class=\"m-0 text-muted\">Pb. Bo\u00e1s Cavalcante Antunes<\/p>\n\n\n\n<h2 class=\"wp-block-heading fw-bold h6 m-0\">\u00c1rea 2<\/h2>\n\n\n\n<h2 class=\"wp-block-heading fw-bold h6 m-0\">Setor 29<\/h2>\n\n\n\n<figure class=\"wp-block-image\"><img data-recalc-dims=\"1\" decoding=\"async\" src=\"https:\/\/i0.wp.com\/s3-propozzito.s3.amazonaws.com\/membros\/storage\/app\/public\/membros\/November2024\/f0JowribmcyKDYK6tU0C.jpg?w=800&#038;ssl=1\" alt=\"\"\/><\/figure>\n\n\n\n<h3 class=\"wp-block-heading h6 fw-bold text-muted m-0\">BETFAG\u00c9<\/h3>\n\n\n\n<p class=\"m-0 text-muted\">Ev. Jos\u00e9 Nildo Rocha<\/p>\n\n\n\n<figure class=\"wp-block-image\"><img data-recalc-dims=\"1\" decoding=\"async\" src=\"https:\/\/i0.wp.com\/s3-propozzito.s3.amazonaws.com\/membros\/storage\/app\/public\/membros\/Fotos\/11254.jpg?w=800&#038;ssl=1\" alt=\"\"\/><\/figure>\n\n\n\n<h3 class=\"wp-block-heading h6 fw-bold text-muted m-0\">Boas Novas do Planalto<\/h3>\n\n\n\n<p class=\"m-0 text-muted\">Pb. Francisco de Assis Mendes da Silva<\/p>\n\n\n\n<figure class=\"wp-block-image\"><img data-recalc-dims=\"1\" decoding=\"async\" src=\"https:\/\/i0.wp.com\/s3-propozzito.s3.amazonaws.com\/membros\/storage\/app\/public\/membros\/Fotos\/29747.jpg?w=800&#038;ssl=1\" alt=\"\"\/><\/figure>\n\n\n\n<h3 class=\"wp-block-heading h6 fw-bold text-muted m-0\">Cana\u00e3 de Deus<\/h3>\n\n\n\n<p class=\"m-0 text-muted\">Pb. Cleon\u00edcio Ribeiro da Silva<\/p>\n\n\n\n<figure class=\"wp-block-image\"><img data-recalc-dims=\"1\" decoding=\"async\" src=\"https:\/\/i0.wp.com\/s3-propozzito.s3.amazonaws.com\/membros\/storage\/app\/public\/membros\/January2025\/GKqu3iGqb3wcr3lmEBUd.jpg?w=800&#038;ssl=1\" alt=\"\"\/><\/figure>\n\n\n\n<h3 class=\"wp-block-heading h6 fw-bold text-muted m-0\">Gera\u00e7\u00e3o Eleita<\/h3>\n\n\n\n<p class=\"m-0 text-muted\">Pb. Bruno Wanderclayson Alves Campos<\/p>\n\n\n\n<figure class=\"wp-block-image\"><img data-recalc-dims=\"1\" decoding=\"async\" src=\"https:\/\/i0.wp.com\/s3-propozzito.s3.amazonaws.com\/membros\/storage\/app\/public\/membros\/Fotos\/7977.jpg?w=800&#038;ssl=1\" alt=\"\"\/><\/figure>\n\n\n\n<h3 class=\"wp-block-heading h6 fw-bold text-muted m-0\">Manancial de B\u00ean\u00e7\u00e3os<\/h3>\n\n\n\n<p class=\"m-0 text-muted\">Ev. S\u00e9rgio Domingos da Silva<\/p>\n\n\n\n<figure class=\"wp-block-image\"><img data-recalc-dims=\"1\" decoding=\"async\" src=\"https:\/\/i0.wp.com\/s3-propozzito.s3.amazonaws.com\/membros\/storage\/app\/public\/membros\/Fotos\/6799.jpg?w=800&#038;ssl=1\" alt=\"\"\/><\/figure>\n\n\n\n<h3 class=\"wp-block-heading h6 fw-bold text-muted m-0\">Prim\u00edcias de Cristo<\/h3>\n\n\n\n<p class=\"m-0 text-muted\">Pb. Jos\u00e9 Nilson Alc\u00e2ntara<\/p>\n\n\n\n<figure class=\"wp-block-image\"><img data-recalc-dims=\"1\" decoding=\"async\" src=\"https:\/\/i0.wp.com\/s3-propozzito.s3.amazonaws.com\/membros\/storage\/app\/public\/membros\/Fotos\/7283.jpg?w=800&#038;ssl=1\" alt=\"\"\/><\/figure>\n\n\n\n<h3 class=\"wp-block-heading h6 fw-bold text-muted m-0\">Rocha da Salva\u00e7\u00e3o<\/h3>\n\n\n\n<p class=\"m-0 text-muted\">Ev. Jailton Lopes dos Santos<\/p>\n\n\n\n<figure class=\"wp-block-image\"><img data-recalc-dims=\"1\" decoding=\"async\" src=\"https:\/\/i0.wp.com\/s3-propozzito.s3.amazonaws.com\/membros\/storage\/app\/public\/membros\/Fotos\/4303.jpg?w=800&#038;ssl=1\" alt=\"\"\/><\/figure>\n\n\n\n<h3 class=\"wp-block-heading h6 fw-bold text-muted m-0\">Torre Forte de Silo\u00e9<\/h3>\n\n\n\n<p class=\"m-0 text-muted\">Pb. Vanildo Calixto Soares<\/p>\n\n\n\n<figure class=\"wp-block-image\"><img data-recalc-dims=\"1\" decoding=\"async\" src=\"https:\/\/i0.wp.com\/s3-propozzito.s3.amazonaws.com\/membros\/storage\/app\/public\/membros\/Fotos\/43000.jpg?w=800&#038;ssl=1\" alt=\"\"\/><\/figure>\n\n\n\n<h3 class=\"wp-block-heading h6 fw-bold text-muted m-0\">Sub. Bel\u00e9m<\/h3>\n\n\n\n<p class=\"m-0 text-muted\">Pb. Geraldo Gon\u00e7alo dos Santos<\/p>\n\n\n\n<figure class=\"wp-block-image\"><img data-recalc-dims=\"1\" decoding=\"async\" src=\"https:\/\/i0.wp.com\/s3-propozzito.s3.amazonaws.com\/membros\/storage\/app\/public\/membros\/aplicativo\/bqlLENafwgYwo2fUxWr0vywrdF2axkJvXBFRTC75.png?w=800&#038;ssl=1\" alt=\"\"\/><\/figure>\n\n\n\n<h3 class=\"wp-block-heading h6 fw-bold text-muted m-0\">Sub. Rocha Eterna<\/h3>\n\n\n\n<p class=\"m-0 text-muted\">Pb. Ricardo de P\u00e1dua Vieira de&nbsp;<\/p>\n\n\n\n<h2 class=\"wp-block-heading fw-bold h6 m-0\">\u00c1rea 3<\/h2>\n\n\n\n<h2 class=\"wp-block-heading fw-bold h6 m-0\">Setor 4<\/h2>\n\n\n\n<figure class=\"wp-block-image\"><img data-recalc-dims=\"1\" decoding=\"async\" src=\"https:\/\/i0.wp.com\/s3-propozzito.s3.amazonaws.com\/membros\/storage\/app\/public\/membros\/November2024\/PRmxfslLB8gvmkCDDcNC.jpg?w=800&#038;ssl=1\" alt=\"\"\/><\/figure>\n\n\n\n<h3 class=\"wp-block-heading h6 fw-bold text-muted m-0\">CIDADE DA ESPERAN\u00c7A<\/h3>\n\n\n\n<p class=\"m-0 text-muted\">Ev. Luiz Gonzaga de Ara\u00fajo J\u00fanior<\/p>\n\n\n\n<figure class=\"wp-block-image\"><img data-recalc-dims=\"1\" decoding=\"async\" src=\"https:\/\/i0.wp.com\/s3-propozzito.s3.amazonaws.com\/membros\/storage\/app\/public\/membros\/June2021\/gtDj18N3k6bAvMFOcy3Q.jpg?w=800&#038;ssl=1\" alt=\"\"\/><\/figure>\n\n\n\n<h3 class=\"wp-block-heading h6 fw-bold text-muted m-0\">Betesda<\/h3>\n\n\n\n<p class=\"m-0 text-muted\">Pb. Josenildo Fran\u00e7a da Silva<\/p>\n\n\n\n<figure class=\"wp-block-image\"><img data-recalc-dims=\"1\" decoding=\"async\" src=\"https:\/\/i0.wp.com\/s3-propozzito.s3.amazonaws.com\/membros\/storage\/app\/public\/membros\/Fotos\/8787.jpg?w=800&#038;ssl=1\" alt=\"\"\/><\/figure>\n\n\n\n<h3 class=\"wp-block-heading h6 fw-bold text-muted m-0\">Cidade Nova I<\/h3>\n\n\n\n<p class=\"m-0 text-muted\">Ev. M\u00e1rcio Souza de Oliveira<\/p>\n\n\n\n<figure class=\"wp-block-image\"><img data-recalc-dims=\"1\" decoding=\"async\" src=\"https:\/\/i0.wp.com\/s3-propozzito.s3.amazonaws.com\/membros\/storage\/app\/public\/membros\/February2024\/nyG5wPuNj3lsWfW9TCrc.jpg?w=800&#038;ssl=1\" alt=\"\"\/><\/figure>\n\n\n\n<h3 class=\"wp-block-heading h6 fw-bold text-muted m-0\">Cidade Nova II<\/h3>\n\n\n\n<p class=\"m-0 text-muted\">Pb. Jo\u00e3o Maria de Souza<\/p>\n\n\n\n<figure class=\"wp-block-image\"><img data-recalc-dims=\"1\" decoding=\"async\" src=\"https:\/\/i0.wp.com\/s3-propozzito.s3.amazonaws.com\/membros\/storage\/app\/public\/membros\/Fotos\/12649.jpg?w=800&#038;ssl=1\" alt=\"\"\/><\/figure>\n\n\n\n<h3 class=\"wp-block-heading h6 fw-bold text-muted m-0\">Jardim Am\u00e9rica<\/h3>\n\n\n\n<p class=\"m-0 text-muted\">Pb. Alyson Cassiano Rodrigues<\/p>\n\n\n\n<figure class=\"wp-block-image\"><img data-recalc-dims=\"1\" decoding=\"async\" src=\"https:\/\/i0.wp.com\/s3-propozzito.s3.amazonaws.com\/membros\/storage\/app\/public\/membros\/Fotos\/7729.jpg?w=800&#038;ssl=1\" alt=\"\"\/><\/figure>\n\n\n\n<h3 class=\"wp-block-heading h6 fw-bold text-muted m-0\">Jardim do Senhor<\/h3>\n\n\n\n<p class=\"m-0 text-muted\">Pb. Josemar Souza de Lima<\/p>\n\n\n\n<figure class=\"wp-block-image\"><img data-recalc-dims=\"1\" decoding=\"async\" src=\"https:\/\/i0.wp.com\/s3-propozzito.s3.amazonaws.com\/membros\/storage\/app\/public\/membros\/January2024\/bMBeFyj50b5FDvJBiaoC.jpg?w=800&#038;ssl=1\" alt=\"\"\/><\/figure>\n\n\n\n<h3 class=\"wp-block-heading h6 fw-bold text-muted m-0\">Monte do Senhor<\/h3>\n\n\n\n<p class=\"m-0 text-muted\">Pb. Jos\u00e9 Aureliano Alves<\/p>\n\n\n\n<h2 class=\"wp-block-heading fw-bold h6 m-0\">\u00c1rea 3<\/h2>\n\n\n\n<h2 class=\"wp-block-heading fw-bold h6 m-0\">Setor 9<\/h2>\n\n\n\n<figure class=\"wp-block-image\"><img data-recalc-dims=\"1\" decoding=\"async\" src=\"https:\/\/i0.wp.com\/s3-propozzito.s3.amazonaws.com\/membros\/storage\/app\/public\/membros\/Fotos\/2102.jpg?w=800&#038;ssl=1\" alt=\"\"\/><\/figure>\n\n\n\n<h3 class=\"wp-block-heading h6 fw-bold text-muted m-0\">NA\u00c7\u00c3O SANTA<\/h3>\n\n\n\n<p class=\"m-0 text-muted\">Ev. Valdir Ant\u00f4nio Alves Lima<\/p>\n\n\n\n<figure class=\"wp-block-image\"><img data-recalc-dims=\"1\" decoding=\"async\" src=\"https:\/\/i0.wp.com\/s3-propozzito.s3.amazonaws.com\/membros\/storage\/app\/public\/membros\/Fotos\/9312.jpg?w=800&#038;ssl=1\" alt=\"\"\/><\/figure>\n\n\n\n<h3 class=\"wp-block-heading h6 fw-bold text-muted m-0\">Boa Semente<\/h3>\n\n\n\n<p class=\"m-0 text-muted\">Pb. Erinaldo Pereira da Silva<\/p>\n\n\n\n<figure class=\"wp-block-image\"><img data-recalc-dims=\"1\" decoding=\"async\" src=\"https:\/\/i0.wp.com\/s3-propozzito.s3.amazonaws.com\/membros\/storage\/app\/public\/membros\/Fotos\/3258.jpg?w=800&#038;ssl=1\" alt=\"\"\/><\/figure>\n\n\n\n<h3 class=\"wp-block-heading h6 fw-bold text-muted m-0\">Felipe Camar\u00e3o I<\/h3>\n\n\n\n<p class=\"m-0 text-muted\">Ev. Adailton Ribeiro<\/p>\n\n\n\n<figure class=\"wp-block-image\"><img data-recalc-dims=\"1\" decoding=\"async\" src=\"https:\/\/i0.wp.com\/s3-propozzito.s3.amazonaws.com\/membros\/storage\/app\/public\/membros\/Fotos\/97111.jpg?w=800&#038;ssl=1\" alt=\"\"\/><\/figure>\n\n\n\n<h3 class=\"wp-block-heading h6 fw-bold text-muted m-0\">Novo Rumo<\/h3>\n\n\n\n<p class=\"m-0 text-muted\">Pb. Aldenilson Albino das Neves<\/p>\n\n\n\n<figure class=\"wp-block-image\"><img data-recalc-dims=\"1\" decoding=\"async\" src=\"https:\/\/i0.wp.com\/s3-propozzito.s3.amazonaws.com\/membros\/storage\/app\/public\/membros\/Fotos\/17867.jpg?w=800&#038;ssl=1\" alt=\"\"\/><\/figure>\n\n\n\n<h3 class=\"wp-block-heading h6 fw-bold text-muted m-0\">O Bom Samaritano<\/h3>\n\n\n\n<p class=\"m-0 text-muted\">Pb. Washington de Sousa Filgueira<\/p>\n\n\n\n<figure class=\"wp-block-image\"><img data-recalc-dims=\"1\" decoding=\"async\" src=\"https:\/\/i0.wp.com\/s3-propozzito.s3.amazonaws.com\/membros\/storage\/app\/public\/membros\/Fotos\/5889.jpg?w=800&#038;ssl=1\" alt=\"\"\/><\/figure>\n\n\n\n<h3 class=\"wp-block-heading h6 fw-bold text-muted m-0\">Po\u00e7o de Jac\u00f3<\/h3>\n\n\n\n<p class=\"m-0 text-muted\">Pb. Marcos Marinho dos Santos<\/p>\n\n\n\n<h2 class=\"wp-block-heading fw-bold h6 m-0\">\u00c1rea 3<\/h2>\n\n\n\n<h2 class=\"wp-block-heading fw-bold h6 m-0\">Setor 17<\/h2>\n\n\n\n<figure class=\"wp-block-image\"><img data-recalc-dims=\"1\" decoding=\"async\" src=\"https:\/\/i0.wp.com\/s3-propozzito.s3.amazonaws.com\/membros\/storage\/app\/public\/membros\/Fotos\/5502.jpg?w=800&#038;ssl=1\" alt=\"\"\/><\/figure>\n\n\n\n<h3 class=\"wp-block-heading h6 fw-bold text-muted m-0\">NAZAR\u00c9 I<\/h3>\n\n\n\n<p class=\"m-0 text-muted\">Ev. Adriano Silva Freire<\/p>\n\n\n\n<figure class=\"wp-block-image\"><img data-recalc-dims=\"1\" decoding=\"async\" src=\"https:\/\/i0.wp.com\/s3-propozzito.s3.amazonaws.com\/membros\/storage\/app\/public\/membros\/Fotos\/14957.jpg?w=800&#038;ssl=1\" alt=\"\"\/><\/figure>\n\n\n\n<h3 class=\"wp-block-heading h6 fw-bold text-muted m-0\">C-Mor Gouveia<\/h3>\n\n\n\n<p class=\"m-0 text-muted\">Pb. Henrique Coelho Linhares<\/p>\n\n\n\n<figure class=\"wp-block-image\"><img data-recalc-dims=\"1\" decoding=\"async\" src=\"https:\/\/i0.wp.com\/s3-propozzito.s3.amazonaws.com\/membros\/storage\/app\/public\/membros\/Fotos\/65905.jpg?w=800&#038;ssl=1\" alt=\"\"\/><\/figure>\n\n\n\n<h3 class=\"wp-block-heading h6 fw-bold text-muted m-0\">Emanuel<\/h3>\n\n\n\n<p class=\"m-0 text-muted\">Ev. Domingos Silva Soares<\/p>\n\n\n\n<figure class=\"wp-block-image\"><img data-recalc-dims=\"1\" decoding=\"async\" src=\"https:\/\/i0.wp.com\/s3-propozzito.s3.amazonaws.com\/membros\/storage\/app\/public\/membros\/Fotos\/11354.jpg?w=800&#038;ssl=1\" alt=\"\"\/><\/figure>\n\n\n\n<h3 class=\"wp-block-heading h6 fw-bold text-muted m-0\">Pr. Nelson Bezerril<\/h3>\n\n\n\n<p class=\"m-0 text-muted\">Ev. Marcone de Assis Silva<\/p>\n\n\n\n<figure class=\"wp-block-image\"><img data-recalc-dims=\"1\" decoding=\"async\" src=\"https:\/\/i0.wp.com\/s3-propozzito.s3.amazonaws.com\/membros\/storage\/app\/public\/membros\/June2021\/dr5r3eomvK71VYg6XuVe.jpg?w=800&#038;ssl=1\" alt=\"\"\/><\/figure>\n\n\n\n<h3 class=\"wp-block-heading h6 fw-bold text-muted m-0\">Tanque de Silo\u00e9<\/h3>\n\n\n\n<p class=\"m-0 text-muted\">Pb. Jos\u00e9 de Campos de Oliveira Costa<\/p>\n\n\n\n<h2 class=\"wp-block-heading fw-bold h6 m-0\">\u00c1rea 3<\/h2>\n\n\n\n<h2 class=\"wp-block-heading fw-bold h6 m-0\">Setor 26<\/h2>\n\n\n\n<figure class=\"wp-block-image\"><img data-recalc-dims=\"1\" decoding=\"async\" src=\"https:\/\/i0.wp.com\/s3-propozzito.s3.amazonaws.com\/membros\/storage\/app\/public\/membros\/July2022\/JpBrqaO74nZTQC7s1HID.jpg?w=800&#038;ssl=1\" alt=\"\"\/><\/figure>\n\n\n\n<h3 class=\"wp-block-heading h6 fw-bold text-muted m-0\">GUARAPES<\/h3>\n\n\n\n<p class=\"m-0 text-muted\">Ev. Elias Severino de Oliveira<\/p>\n\n\n\n<figure class=\"wp-block-image\"><img data-recalc-dims=\"1\" decoding=\"async\" src=\"https:\/\/i0.wp.com\/s3-propozzito.s3.amazonaws.com\/membros\/storage\/app\/public\/membros\/Fotos\/28904.jpg?w=800&#038;ssl=1\" alt=\"\"\/><\/figure>\n\n\n\n<h3 class=\"wp-block-heading h6 fw-bold text-muted m-0\">Esbom<\/h3>\n\n\n\n<p class=\"m-0 text-muted\">Pb. Joc\u00e9lio Ribeiro<\/p>\n\n\n\n<figure class=\"wp-block-image\"><img data-recalc-dims=\"1\" decoding=\"async\" src=\"https:\/\/i0.wp.com\/s3-propozzito.s3.amazonaws.com\/membros\/storage\/app\/public\/membros\/June2021\/UM9nGO8eKBlvt8TAGnAS.jpg?w=800&#038;ssl=1\" alt=\"\"\/><\/figure>\n\n\n\n<h3 class=\"wp-block-heading h6 fw-bold text-muted m-0\">Fonte do Que Clama<\/h3>\n\n\n\n<p class=\"m-0 text-muted\">Pb. Ismael Oliveira de Ara\u00fajo<\/p>\n\n\n\n<figure class=\"wp-block-image\"><img data-recalc-dims=\"1\" decoding=\"async\" src=\"https:\/\/i0.wp.com\/s3-propozzito.s3.amazonaws.com\/membros\/storage\/app\/public\/membros\/Fotos\/8889.jpg?w=800&#038;ssl=1\" alt=\"\"\/><\/figure>\n\n\n\n<h3 class=\"wp-block-heading h6 fw-bold text-muted m-0\">Nova Cana\u00e3<\/h3>\n\n\n\n<p class=\"m-0 text-muted\">Pb. Valmir Pereira da Silva<\/p>\n\n\n\n<figure class=\"wp-block-image\"><img data-recalc-dims=\"1\" decoding=\"async\" src=\"https:\/\/i0.wp.com\/s3-propozzito.s3.amazonaws.com\/membros\/storage\/app\/public\/membros\/June2021\/tIZhSxV6f2kFMH6lxGn8.jpg?w=800&#038;ssl=1\" alt=\"\"\/><\/figure>\n\n\n\n<h3 class=\"wp-block-heading h6 fw-bold text-muted m-0\">Portas Abertas<\/h3>\n\n\n\n<p class=\"m-0 text-muted\">Pb. Jos\u00e9 Leonardo dos Santos<\/p>\n\n\n\n<figure class=\"wp-block-image\"><img data-recalc-dims=\"1\" decoding=\"async\" src=\"https:\/\/i0.wp.com\/s3-propozzito.s3.amazonaws.com\/membros\/storage\/app\/public\/membros\/Fotos\/91642.jpg?w=800&#038;ssl=1\" alt=\"\"\/><\/figure>\n\n\n\n<h3 class=\"wp-block-heading h6 fw-bold text-muted m-0\">Sub Vale dos Santos<\/h3>\n\n\n\n<p class=\"m-0 text-muted\">Dc. Maurisergio Oliveira da Silva Lima<\/p>\n\n\n\n<h2 class=\"wp-block-heading fw-bold h6 m-0\">\u00c1rea 3<\/h2>\n\n\n\n<h2 class=\"wp-block-heading fw-bold h6 m-0\">Setor 31<\/h2>\n\n\n\n<figure class=\"wp-block-image\"><img data-recalc-dims=\"1\" decoding=\"async\" src=\"https:\/\/i0.wp.com\/s3-propozzito.s3.amazonaws.com\/membros\/storage\/app\/public\/membros\/September2023\/q8eRaR3721OZGlfGTyyS.jpeg?w=800&#038;ssl=1\" alt=\"\"\/><\/figure>\n\n\n\n<h3 class=\"wp-block-heading h6 fw-bold text-muted m-0\">NAZAR\u00c9 II<\/h3>\n\n\n\n<p class=\"m-0 text-muted\">Ev. Milton Campos de Medeiros<\/p>\n\n\n\n<figure class=\"wp-block-image\"><img data-recalc-dims=\"1\" decoding=\"async\" src=\"https:\/\/i0.wp.com\/s3-propozzito.s3.amazonaws.com\/membros\/storage\/app\/public\/membros\/Fotos\/26312.jpg?w=800&#038;ssl=1\" alt=\"\"\/><\/figure>\n\n\n\n<h3 class=\"wp-block-heading h6 fw-bold text-muted m-0\">Adonai<\/h3>\n\n\n\n<p class=\"m-0 text-muted\">Pb. Ant\u00f4nio Gerson de Lima<\/p>\n\n\n\n<figure class=\"wp-block-image\"><img data-recalc-dims=\"1\" decoding=\"async\" src=\"https:\/\/i0.wp.com\/s3-propozzito.s3.amazonaws.com\/membros\/storage\/app\/public\/membros\/Fotos\/7466.jpg?w=800&#038;ssl=1\" alt=\"\"\/><\/figure>\n\n\n\n<h3 class=\"wp-block-heading h6 fw-bold text-muted m-0\">Bom Pastor<\/h3>\n\n\n\n<p class=\"m-0 text-muted\">Pb. Adriano Medeiros do Carmo<\/p>\n\n\n\n<figure class=\"wp-block-image\"><img data-recalc-dims=\"1\" decoding=\"async\" src=\"https:\/\/i0.wp.com\/s3-propozzito.s3.amazonaws.com\/membros\/storage\/app\/public\/membros\/Fotos\/42047.jpg?w=800&#038;ssl=1\" alt=\"\"\/><\/figure>\n\n\n\n<h3 class=\"wp-block-heading h6 fw-bold text-muted m-0\">Bom Pastor II<\/h3>\n\n\n\n<p class=\"m-0 text-muted\">Pb. Renato da Silva Gurgel<\/p>\n\n\n\n<figure class=\"wp-block-image\"><img data-recalc-dims=\"1\" decoding=\"async\" src=\"https:\/\/i0.wp.com\/s3-propozzito.s3.amazonaws.com\/membros\/storage\/app\/public\/membros\/Fotos\/23950.jpg?w=800&#038;ssl=1\" alt=\"\"\/><\/figure>\n\n\n\n<h3 class=\"wp-block-heading h6 fw-bold text-muted m-0\">Elohim<\/h3>\n\n\n\n<p class=\"m-0 text-muted\">Pb. Daniel Fernandes de Lima<\/p>\n\n\n\n<figure class=\"wp-block-image\"><img data-recalc-dims=\"1\" decoding=\"async\" src=\"https:\/\/i0.wp.com\/s3-propozzito.s3.amazonaws.com\/membros\/storage\/app\/public\/membros\/Fotos\/3823.jpg?w=800&#038;ssl=1\" alt=\"\"\/><\/figure>\n\n\n\n<h3 class=\"wp-block-heading h6 fw-bold text-muted m-0\">Vida Nova<\/h3>\n\n\n\n<p class=\"m-0 text-muted\">Pb. Jo\u00e3o Em\u00eddio Soares<\/p>\n\n\n\n<figure class=\"wp-block-image\"><img data-recalc-dims=\"1\" decoding=\"async\" src=\"https:\/\/i0.wp.com\/s3-propozzito.s3.amazonaws.com\/membros\/storage\/app\/public\/membros\/Fotos\/16817.jpg?w=800&#038;ssl=1\" alt=\"\"\/><\/figure>\n\n\n\n<h3 class=\"wp-block-heading h6 fw-bold text-muted m-0\">Sub. Arca da Salva\u00e7\u00e3o<\/h3>\n\n\n\n<p class=\"m-0 text-muted\">Pb. Eudes Batista da Silva<\/p>\n\n\n\n<h2 class=\"wp-block-heading fw-bold h6 m-0\">\u00c1rea 3<\/h2>\n\n\n\n<h2 class=\"wp-block-heading fw-bold h6 m-0\">Setor 33<\/h2>\n\n\n\n<figure class=\"wp-block-image\"><img data-recalc-dims=\"1\" decoding=\"async\" src=\"https:\/\/i0.wp.com\/s3-propozzito.s3.amazonaws.com\/membros\/storage\/app\/public\/membros\/Fotos\/10407.jpg?w=800&#038;ssl=1\" alt=\"\"\/><\/figure>\n\n\n\n<h3 class=\"wp-block-heading h6 fw-bold text-muted m-0\">JARDIM DE DEUS<\/h3>\n\n\n\n<p class=\"m-0 text-muted\">Ev. Francisco Ald\u00edsio Azevedo Lopes<\/p>\n\n\n\n<figure class=\"wp-block-image\"><img data-recalc-dims=\"1\" decoding=\"async\" src=\"https:\/\/i0.wp.com\/s3-propozzito.s3.amazonaws.com\/membros\/storage\/app\/public\/membros\/April2022\/L5Mgc239T2KU9jnsVpbl.jpg?w=800&#038;ssl=1\" alt=\"\"\/><\/figure>\n\n\n\n<h3 class=\"wp-block-heading h6 fw-bold text-muted m-0\">Felipe Camar\u00e3o II<\/h3>\n\n\n\n<p class=\"m-0 text-muted\">Pb. Severino Alves da Silva<\/p>\n\n\n\n<figure class=\"wp-block-image\"><img data-recalc-dims=\"1\" decoding=\"async\" src=\"https:\/\/i0.wp.com\/s3-propozzito.s3.amazonaws.com\/membros\/storage\/app\/public\/membros\/Fotos\/4952.jpg?w=800&#038;ssl=1\" alt=\"\"\/><\/figure>\n\n\n\n<h3 class=\"wp-block-heading h6 fw-bold text-muted m-0\">Jardim dos Santos<\/h3>\n\n\n\n<p class=\"m-0 text-muted\">Pb. Geraldo Vicente de Brito Filho<\/p>\n\n\n\n<figure class=\"wp-block-image\"><img data-recalc-dims=\"1\" decoding=\"async\" src=\"https:\/\/i0.wp.com\/s3-propozzito.s3.amazonaws.com\/membros\/storage\/app\/public\/membros\/Fotos\/4628.jpg?w=800&#038;ssl=1\" alt=\"\"\/><\/figure>\n\n\n\n<h3 class=\"wp-block-heading h6 fw-bold text-muted m-0\">Jardim Para\u00edso<\/h3>\n\n\n\n<p class=\"m-0 text-muted\">Pb. Manoel Nascimento de Melo<\/p>\n\n\n\n<figure class=\"wp-block-image\"><img data-recalc-dims=\"1\" decoding=\"async\" src=\"https:\/\/i0.wp.com\/s3-propozzito.s3.amazonaws.com\/membros\/storage\/app\/public\/membros\/Fotos\/8224.jpg?w=800&#038;ssl=1\" alt=\"\"\/><\/figure>\n\n\n\n<h3 class=\"wp-block-heading h6 fw-bold text-muted m-0\">Ref\u00fagio dos Santos<\/h3>\n\n\n\n<p class=\"m-0 text-muted\">Pb. Jos\u00e9 Luiz da Costa<\/p>\n\n\n\n<figure class=\"wp-block-image\"><img data-recalc-dims=\"1\" decoding=\"async\" src=\"https:\/\/i0.wp.com\/s3-propozzito.s3.amazonaws.com\/membros\/storage\/app\/public\/membros\/Fotos\/16573.jpg?w=800&#038;ssl=1\" alt=\"\"\/><\/figure>\n\n\n\n<h3 class=\"wp-block-heading h6 fw-bold text-muted m-0\">Sub. Nascer de Novo<\/h3>\n\n\n\n<p class=\"m-0 text-muted\">Pb. Mois\u00e9s Barboza da Silva<\/p>\n\n\n\n<h2 class=\"wp-block-heading fw-bold h6 m-0\">\u00c1rea 4<\/h2>\n\n\n\n<h2 class=\"wp-block-heading fw-bold h6 m-0\">Setor 2<\/h2>\n\n\n\n<figure class=\"wp-block-image\"><img data-recalc-dims=\"1\" decoding=\"async\" src=\"https:\/\/i0.wp.com\/s3-propozzito.s3.amazonaws.com\/membros\/storage\/app\/public\/membros\/December2024\/ahwLPsxT7dLX4gKlGmQf.jpeg?w=800&#038;ssl=1\" alt=\"\"\/><\/figure>\n\n\n\n<h3 class=\"wp-block-heading h6 fw-bold text-muted m-0\">IGAP\u00d3 I<\/h3>\n\n\n\n<p class=\"m-0 text-muted\">Ev. Marcelo Vieira de Sousa<\/p>\n\n\n\n<figure class=\"wp-block-image\"><img data-recalc-dims=\"1\" decoding=\"async\" src=\"https:\/\/i0.wp.com\/s3-propozzito.s3.amazonaws.com\/membros\/storage\/app\/public\/membros\/Fotos\/31365.jpg?w=800&#038;ssl=1\" alt=\"\"\/><\/figure>\n\n\n\n<h3 class=\"wp-block-heading h6 fw-bold text-muted m-0\">Aldeia de Bet\u00e2nia<\/h3>\n\n\n\n<p class=\"m-0 text-muted\">Pb. Dimas dos Reis de Freitas<\/p>\n\n\n\n<figure class=\"wp-block-image\"><img data-recalc-dims=\"1\" decoding=\"async\" src=\"https:\/\/i0.wp.com\/s3-propozzito.s3.amazonaws.com\/membros\/storage\/app\/public\/membros\/Fotos\/12007.jpg?w=800&#038;ssl=1\" alt=\"\"\/><\/figure>\n\n\n\n<h3 class=\"wp-block-heading h6 fw-bold text-muted m-0\">Her\u00f3is da F\u00e9<\/h3>\n\n\n\n<p class=\"m-0 text-muted\">Pb. Jos\u00e9 Ailton Moreira<\/p>\n\n\n\n<figure class=\"wp-block-image\"><img data-recalc-dims=\"1\" decoding=\"async\" src=\"https:\/\/i0.wp.com\/s3-propozzito.s3.amazonaws.com\/membros\/storage\/app\/public\/membros\/May2022\/6SIWxWXzawkt3xTlewA9.jpg?w=800&#038;ssl=1\" alt=\"\"\/><\/figure>\n\n\n\n<h3 class=\"wp-block-heading h6 fw-bold text-muted m-0\">Peniel<\/h3>\n\n\n\n<p class=\"m-0 text-muted\">Pb. Joab Fernandes Galdino<\/p>\n\n\n\n<figure class=\"wp-block-image\"><img data-recalc-dims=\"1\" decoding=\"async\" src=\"https:\/\/i0.wp.com\/s3-propozzito.s3.amazonaws.com\/membros\/storage\/app\/public\/membros\/Fotos\/6300.jpg?w=800&#038;ssl=1\" alt=\"\"\/><\/figure>\n\n\n\n<h3 class=\"wp-block-heading h6 fw-bold text-muted m-0\">Vale da Ben\u00e7\u00e3o<\/h3>\n\n\n\n<p class=\"m-0 text-muted\">Pb. Rivanildo L\u00e1zaro da Silva<\/p>\n\n\n\n<h2 class=\"wp-block-heading fw-bold h6 m-0\">\u00c1rea 4<\/h2>\n\n\n\n<h2 class=\"wp-block-heading fw-bold h6 m-0\">Setor 10<\/h2>\n\n\n\n<figure class=\"wp-block-image\"><img data-recalc-dims=\"1\" decoding=\"async\" src=\"https:\/\/i0.wp.com\/s3-propozzito.s3.amazonaws.com\/membros\/storage\/app\/public\/membros\/aplicativo\/X5Ivd8ea85FmXV6nuBfcW5Y4wmQmyIZNxiguRnyw.jpg?w=800&#038;ssl=1\" alt=\"\"\/><\/figure>\n\n\n\n<h3 class=\"wp-block-heading h6 fw-bold text-muted m-0\">SANTAR\u00c9M BAIRRO<\/h3>\n\n\n\n<p class=\"m-0 text-muted\">Ev. Le\u00f4nidas Salustino da Silva<\/p>\n\n\n\n<figure class=\"wp-block-image\"><img data-recalc-dims=\"1\" decoding=\"async\" src=\"https:\/\/i0.wp.com\/s3-propozzito.s3.amazonaws.com\/membros\/storage\/app\/public\/membros\/Fotos\/28559.jpg?w=800&#038;ssl=1\" alt=\"\"\/><\/figure>\n\n\n\n<h3 class=\"wp-block-heading h6 fw-bold text-muted m-0\">Fronteira<\/h3>\n\n\n\n<p class=\"m-0 text-muted\">Pb. Nilton Alves Barbosa<\/p>\n\n\n\n<figure class=\"wp-block-image\"><img data-recalc-dims=\"1\" decoding=\"async\" src=\"https:\/\/i0.wp.com\/s3-propozzito.s3.amazonaws.com\/membros\/storage\/app\/public\/membros\/aplicativo\/TSI9LuDEeJODAEJEq2moJDdoa6XG4cY7UocH8UuN.jpg?w=800&#038;ssl=1\" alt=\"\"\/><\/figure>\n\n\n\n<h3 class=\"wp-block-heading h6 fw-bold text-muted m-0\">Gileade<\/h3>\n\n\n\n<p class=\"m-0 text-muted\">Pb. Iranildo Jos\u00e9 da Silva Costa<\/p>\n\n\n\n<figure class=\"wp-block-image\"><img data-recalc-dims=\"1\" decoding=\"async\" src=\"https:\/\/i0.wp.com\/s3-propozzito.s3.amazonaws.com\/membros\/storage\/app\/public\/membros\/March2023\/UhoktFBMbMdaDmlgkjs8.jpg?w=800&#038;ssl=1\" alt=\"\"\/><\/figure>\n\n\n\n<h3 class=\"wp-block-heading h6 fw-bold text-muted m-0\">Santar\u00e9m II<\/h3>\n\n\n\n<p class=\"m-0 text-muted\">Pb. Francisco das Chagas Costa<\/p>\n\n\n\n<figure class=\"wp-block-image\"><img data-recalc-dims=\"1\" decoding=\"async\" src=\"https:\/\/i0.wp.com\/s3-propozzito.s3.amazonaws.com\/membros\/storage\/app\/public\/membros\/March2024\/JPOnWB3oS49AWhBL6QEK.jpg?w=800&#038;ssl=1\" alt=\"\"\/><\/figure>\n\n\n\n<h3 class=\"wp-block-heading h6 fw-bold text-muted m-0\">Vale Dourado II<\/h3>\n\n\n\n<p class=\"m-0 text-muted\">Pb. Abra\u00e3o Rodrigues de Souza<\/p>\n\n\n\n<h2 class=\"wp-block-heading fw-bold h6 m-0\">\u00c1rea 4<\/h2>\n\n\n\n<h2 class=\"wp-block-heading fw-bold h6 m-0\">Setor 12<\/h2>\n\n\n\n<figure class=\"wp-block-image\"><img data-recalc-dims=\"1\" decoding=\"async\" src=\"https:\/\/i0.wp.com\/s3-propozzito.s3.amazonaws.com\/membros\/storage\/app\/public\/membros\/Fotos\/3292.jpg?w=800&#038;ssl=1\" alt=\"\"\/><\/figure>\n\n\n\n<h3 class=\"wp-block-heading h6 fw-bold text-muted m-0\">AMARANTE I<\/h3>\n\n\n\n<p class=\"m-0 text-muted\">Pr. Jo\u00e3o Batista Cardoso<\/p>\n\n\n\n<figure class=\"wp-block-image\"><img data-recalc-dims=\"1\" decoding=\"async\" src=\"https:\/\/i0.wp.com\/s3-propozzito.s3.amazonaws.com\/membros\/storage\/app\/public\/membros\/Fotos\/8678.jpg?w=800&#038;ssl=1\" alt=\"\"\/><\/figure>\n\n\n\n<h3 class=\"wp-block-heading h6 fw-bold text-muted m-0\">Barreiros<\/h3>\n\n\n\n<p class=\"m-0 text-muted\">Pb. S\u00e9rgio Ivan Lopes da Silva<\/p>\n\n\n\n<figure class=\"wp-block-image\"><img data-recalc-dims=\"1\" decoding=\"async\" src=\"https:\/\/i0.wp.com\/s3-propozzito.s3.amazonaws.com\/membros\/storage\/app\/public\/membros\/July2023\/5cQ4avc3etE9IA5Gyrap.jpg?w=800&#038;ssl=1\" alt=\"\"\/><\/figure>\n\n\n\n<h3 class=\"wp-block-heading h6 fw-bold text-muted m-0\">Prolar<\/h3>\n\n\n\n<p class=\"m-0 text-muted\">Pb. Jerry Adriano Tomaz da Silva<\/p>\n\n\n\n<figure class=\"wp-block-image\"><img data-recalc-dims=\"1\" decoding=\"async\" src=\"https:\/\/i0.wp.com\/s3-propozzito.s3.amazonaws.com\/membros\/storage\/app\/public\/membros\/April2023\/hQVR1PiL6uUORpaOoFUQ.jpg?w=800&#038;ssl=1\" alt=\"\"\/><\/figure>\n\n\n\n<h3 class=\"wp-block-heading h6 fw-bold text-muted m-0\">Promessa<\/h3>\n\n\n\n<p class=\"m-0 text-muted\">Pb. Isa\u00edas Sarino de Almeida<\/p>\n\n\n\n<figure class=\"wp-block-image\"><img data-recalc-dims=\"1\" decoding=\"async\" src=\"https:\/\/i0.wp.com\/s3-propozzito.s3.amazonaws.com\/membros\/storage\/app\/public\/membros\/June2021\/bMCsWY7EhunbeW5sWk24.jpg?w=800&#038;ssl=1\" alt=\"\"\/><\/figure>\n\n\n\n<h3 class=\"wp-block-heading h6 fw-bold text-muted m-0\">Regomoleiro<\/h3>\n\n\n\n<p class=\"m-0 text-muted\">Pb. Adailton Marques Canela<\/p>\n\n\n\n<figure class=\"wp-block-image\"><img data-recalc-dims=\"1\" decoding=\"async\" src=\"https:\/\/i0.wp.com\/s3-propozzito.s3.amazonaws.com\/membros\/storage\/app\/public\/membros\/aplicativo\/uODw83n20vy9SfbRWhHFmmNpBxzvhOe6MGCDOf13.jpg?w=800&#038;ssl=1\" alt=\"\"\/><\/figure>\n\n\n\n<h3 class=\"wp-block-heading h6 fw-bold text-muted m-0\">Vale de Acor<\/h3>\n\n\n\n<p class=\"m-0 text-muted\">Pb. Raimundo Alves da Cruz<\/p>\n\n\n\n<h2 class=\"wp-block-heading fw-bold h6 m-0\">\u00c1rea 4<\/h2>\n\n\n\n<h2 class=\"wp-block-heading fw-bold h6 m-0\">Setor 21<\/h2>\n\n\n\n<figure class=\"wp-block-image\"><img data-recalc-dims=\"1\" decoding=\"async\" src=\"https:\/\/i0.wp.com\/s3-propozzito.s3.amazonaws.com\/membros\/storage\/app\/public\/membros\/November2024\/qdI7tUVuYE1MeUBsQtEt.jpg?w=800&#038;ssl=1\" alt=\"\"\/><\/figure>\n\n\n\n<h3 class=\"wp-block-heading h6 fw-bold text-muted m-0\">PARQUE DOS COQUEIROS<\/h3>\n\n\n\n<p class=\"m-0 text-muted\">Ev. Arijan Tony da Costa<\/p>\n\n\n\n<figure class=\"wp-block-image\"><img data-recalc-dims=\"1\" decoding=\"async\" src=\"https:\/\/i0.wp.com\/s3-propozzito.s3.amazonaws.com\/membros\/storage\/app\/public\/membros\/April2023\/lh4Uj5lfTf6UjsChbXzH.jpeg?w=800&#038;ssl=1\" alt=\"\"\/><\/figure>\n\n\n\n<h3 class=\"wp-block-heading h6 fw-bold text-muted m-0\">Atalaia de Cristo<\/h3>\n\n\n\n<p class=\"m-0 text-muted\">Pb. Jesser Otavio de Paiva<\/p>\n\n\n\n<figure class=\"wp-block-image\"><img data-recalc-dims=\"1\" decoding=\"async\" src=\"https:\/\/i0.wp.com\/s3-propozzito.s3.amazonaws.com\/membros\/storage\/app\/public\/membros\/November2022\/hlrfuc3A4gJ9ujHAVxNf.jpg?w=800&#038;ssl=1\" alt=\"\"\/><\/figure>\n\n\n\n<h3 class=\"wp-block-heading h6 fw-bold text-muted m-0\">Fonte de Esperan\u00e7a<\/h3>\n\n\n\n<p class=\"m-0 text-muted\">Pb. Manoel Marcos Pinheiro<\/p>\n\n\n\n<figure class=\"wp-block-image\"><img data-recalc-dims=\"1\" decoding=\"async\" src=\"https:\/\/i0.wp.com\/s3-propozzito.s3.amazonaws.com\/membros\/storage\/app\/public\/membros\/Fotos\/37148.jpg?w=800&#038;ssl=1\" alt=\"\"\/><\/figure>\n\n\n\n<h3 class=\"wp-block-heading h6 fw-bold text-muted m-0\">Jardim Leblon<\/h3>\n\n\n\n<p class=\"m-0 text-muted\">Pb. Alessandro Pegado de Ara\u00fajo<\/p>\n\n\n\n<figure class=\"wp-block-image\"><img data-recalc-dims=\"1\" decoding=\"async\" src=\"https:\/\/i0.wp.com\/s3-propozzito.s3.amazonaws.com\/membros\/storage\/app\/public\/membros\/November2024\/bcYDZlGNEbbKJHvidehP.jpg?w=800&#038;ssl=1\" alt=\"\"\/><\/figure>\n\n\n\n<h3 class=\"wp-block-heading h6 fw-bold text-muted m-0\">Rei dos Reis<\/h3>\n\n\n\n<p class=\"m-0 text-muted\">Pb. Raimundo H\u00e9lio de Souza<\/p>\n\n\n\n<figure class=\"wp-block-image\"><img data-recalc-dims=\"1\" decoding=\"async\" src=\"https:\/\/i0.wp.com\/s3-propozzito.s3.amazonaws.com\/membros\/storage\/app\/public\/membros\/Fotos\/9131.jpg?w=800&#038;ssl=1\" alt=\"\"\/><\/figure>\n\n\n\n<h3 class=\"wp-block-heading h6 fw-bold text-muted m-0\">Vila Para\u00edso<\/h3>\n\n\n\n<p class=\"m-0 text-muted\">Pb. Carlos Augusto da Silva<\/p>\n\n\n\n<h2 class=\"wp-block-heading fw-bold h6 m-0\">\u00c1rea 4<\/h2>\n\n\n\n<h2 class=\"wp-block-heading fw-bold h6 m-0\">Setor 27<\/h2>\n\n\n\n<figure class=\"wp-block-image\"><img data-recalc-dims=\"1\" decoding=\"async\" src=\"https:\/\/i0.wp.com\/s3-propozzito.s3.amazonaws.com\/membros\/storage\/app\/public\/membros\/February2023\/0bWFZvZCx59j6hV46M6C.jpeg?w=800&#038;ssl=1\" alt=\"\"\/><\/figure>\n\n\n\n<h3 class=\"wp-block-heading h6 fw-bold text-muted m-0\">IGAP\u00d3 II<\/h3>\n\n\n\n<p class=\"m-0 text-muted\">Pr. Francisco das Chagas Estevam de Andrade<\/p>\n\n\n\n<figure class=\"wp-block-image\"><img data-recalc-dims=\"1\" decoding=\"async\" src=\"https:\/\/i0.wp.com\/s3-propozzito.s3.amazonaws.com\/membros\/storage\/app\/public\/membros\/March2022\/yNzRjYEEaRLqMdIiLr6X.jpg?w=800&#038;ssl=1\" alt=\"\"\/><\/figure>\n\n\n\n<h3 class=\"wp-block-heading h6 fw-bold text-muted m-0\">Giom<\/h3>\n\n\n\n<p class=\"m-0 text-muted\">Pb. Jeremias Monte Fernandes<\/p>\n\n\n\n<figure class=\"wp-block-image\"><img data-recalc-dims=\"1\" decoding=\"async\" src=\"https:\/\/i0.wp.com\/s3-propozzito.s3.amazonaws.com\/membros\/storage\/app\/public\/membros\/Fotos\/15583.jpg?w=800&#038;ssl=1\" alt=\"\"\/><\/figure>\n\n\n\n<h3 class=\"wp-block-heading h6 fw-bold text-muted m-0\">Monte Horebe<\/h3>\n\n\n\n<p class=\"m-0 text-muted\">Pb. Suney Soares de Souza<\/p>\n\n\n\n<figure class=\"wp-block-image\"><img data-recalc-dims=\"1\" decoding=\"async\" src=\"https:\/\/i0.wp.com\/s3-propozzito.s3.amazonaws.com\/membros\/storage\/app\/public\/membros\/aplicativo\/epBmIqyuqD8smgN7A2IF1yetT5ebfNuoCCptVtMN.png?w=800&#038;ssl=1\" alt=\"\"\/><\/figure>\n\n\n\n<h3 class=\"wp-block-heading h6 fw-bold text-muted m-0\">Panatis<\/h3>\n\n\n\n<p class=\"m-0 text-muted\">Pb. Francisco Gilberto de Almeida<\/p>\n\n\n\n<figure class=\"wp-block-image\"><img data-recalc-dims=\"1\" decoding=\"async\" src=\"https:\/\/i0.wp.com\/s3-propozzito.s3.amazonaws.com\/membros\/storage\/app\/public\/membros\/Fotos\/5332.jpg?w=800&#038;ssl=1\" alt=\"\"\/><\/figure>\n\n\n\n<h3 class=\"wp-block-heading h6 fw-bold text-muted m-0\">Shalom<\/h3>\n\n\n\n<p class=\"m-0 text-muted\">Pb. Jos\u00e9 Gonzaga da Silva<\/p>\n\n\n\n<h2 class=\"wp-block-heading fw-bold h6 m-0\">\u00c1rea 4<\/h2>\n\n\n\n<h2 class=\"wp-block-heading fw-bold h6 m-0\">Setor 28<\/h2>\n\n\n\n<figure class=\"wp-block-image\"><img data-recalc-dims=\"1\" decoding=\"async\" src=\"https:\/\/i0.wp.com\/s3-propozzito.s3.amazonaws.com\/membros\/storage\/app\/public\/membros\/aplicativo\/cE26XdZtIJ9NBri6be4tL4eZZCjevyrxeAW74e7g.jpg?w=800&#038;ssl=1\" alt=\"\"\/><\/figure>\n\n\n\n<h3 class=\"wp-block-heading h6 fw-bold text-muted m-0\">AMARANTE II<\/h3>\n\n\n\n<p class=\"m-0 text-muted\">Ev. Fabiano Jos\u00e9 Costa Dantas<\/p>\n\n\n\n<figure class=\"wp-block-image\"><img data-recalc-dims=\"1\" decoding=\"async\" src=\"https:\/\/i0.wp.com\/s3-propozzito.s3.amazonaws.com\/membros\/storage\/app\/public\/membros\/Fotos\/18049.jpg?w=800&#038;ssl=1\" alt=\"\"\/><\/figure>\n\n\n\n<h3 class=\"wp-block-heading h6 fw-bold text-muted m-0\">Golandim<\/h3>\n\n\n\n<p class=\"m-0 text-muted\">Pb. Josivan Batista da Silva<\/p>\n\n\n\n<figure class=\"wp-block-image\"><img data-recalc-dims=\"1\" decoding=\"async\" src=\"https:\/\/i0.wp.com\/s3-propozzito.s3.amazonaws.com\/membros\/storage\/app\/public\/membros\/aplicativo\/HhOlMeKkU1ZmDYtn8hGpkAv7snQU7kORutbPcm2T.jpg?w=800&#038;ssl=1\" alt=\"\"\/><\/figure>\n\n\n\n<h3 class=\"wp-block-heading h6 fw-bold text-muted m-0\">Golandim II<\/h3>\n\n\n\n<p class=\"m-0 text-muted\">Pb. Jurandir Vieira de Melo<\/p>\n\n\n\n<figure class=\"wp-block-image\"><img data-recalc-dims=\"1\" decoding=\"async\" src=\"https:\/\/i0.wp.com\/s3-propozzito.s3.amazonaws.com\/membros\/storage\/app\/public\/membros\/aplicativo\/2IuMEmjyt2OKlo06TLkCLqDfpw614e5ACYMvXG3n.jpg?w=800&#038;ssl=1\" alt=\"\"\/><\/figure>\n\n\n\n<h3 class=\"wp-block-heading h6 fw-bold text-muted m-0\">Monte L\u00edbano<\/h3>\n\n\n\n<p class=\"m-0 text-muted\">Pb. Cl\u00e9cio de Souza G\u00f3is<\/p>\n\n\n\n<figure class=\"wp-block-image\"><img data-recalc-dims=\"1\" decoding=\"async\" src=\"https:\/\/i0.wp.com\/s3-propozzito.s3.amazonaws.com\/membros\/storage\/app\/public\/membros\/June2023\/YyCBS8pKzgJi60axe3if.jpg?w=800&#038;ssl=1\" alt=\"\"\/><\/figure>\n\n\n\n<h3 class=\"wp-block-heading h6 fw-bold text-muted m-0\">Nova Floresta<\/h3>\n\n\n\n<p class=\"m-0 text-muted\">Pb. J\u00f4natas Siqueira de Carvalho<\/p>\n\n\n\n<figure class=\"wp-block-image\"><img data-recalc-dims=\"1\" decoding=\"async\" src=\"https:\/\/i0.wp.com\/s3-propozzito.s3.amazonaws.com\/membros\/storage\/app\/public\/membros\/Fotos\/42962.jpg?w=800&#038;ssl=1\" alt=\"\"\/><\/figure>\n\n\n\n<h3 class=\"wp-block-heading h6 fw-bold text-muted m-0\">Novo Amarante<\/h3>\n\n\n\n<p class=\"m-0 text-muted\">Pb. Veneziano Holanda da Silva<\/p>\n\n\n\n<h2 class=\"wp-block-heading fw-bold h6 m-0\">\u00c1rea 4<\/h2>\n\n\n\n<h2 class=\"wp-block-heading fw-bold h6 m-0\">Setor 39<\/h2>\n\n\n\n<figure class=\"wp-block-image\"><img data-recalc-dims=\"1\" decoding=\"async\" src=\"https:\/\/i0.wp.com\/s3-propozzito.s3.amazonaws.com\/membros\/storage\/app\/public\/membros\/November2024\/xmRzVCHSTLUagwboQgkP.jpg?w=800&#038;ssl=1\" alt=\"\"\/><\/figure>\n\n\n\n<h3 class=\"wp-block-heading h6 fw-bold text-muted m-0\">CIDADE DAS FLORES<\/h3>\n\n\n\n<p class=\"m-0 text-muted\">Ev. Jos\u00e9 Am\u00e9rico Matias de Souza<\/p>\n\n\n\n<figure class=\"wp-block-image\"><img data-recalc-dims=\"1\" decoding=\"async\" src=\"https:\/\/i0.wp.com\/s3-propozzito.s3.amazonaws.com\/membros\/storage\/app\/public\/membros\/Fotos\/32133.jpg?w=800&#038;ssl=1\" alt=\"\"\/><\/figure>\n\n\n\n<h3 class=\"wp-block-heading h6 fw-bold text-muted m-0\">Alto Ref\u00fagio<\/h3>\n\n\n\n<p class=\"m-0 text-muted\">Pb. Francisco J\u00e2ncio da Silva<\/p>\n\n\n\n<figure class=\"wp-block-image\"><img data-recalc-dims=\"1\" decoding=\"async\" src=\"https:\/\/i0.wp.com\/s3-propozzito.s3.amazonaws.com\/membros\/storage\/app\/public\/membros\/Fotos\/10569.jpg?w=800&#038;ssl=1\" alt=\"\"\/><\/figure>\n\n\n\n<h3 class=\"wp-block-heading h6 fw-bold text-muted m-0\">Cidade das Rosas<\/h3>\n\n\n\n<p class=\"m-0 text-muted\">Ev. Jos\u00e9 Alberto Vaz Figueredo<\/p>\n\n\n\n<figure class=\"wp-block-image\"><img data-recalc-dims=\"1\" decoding=\"async\" src=\"https:\/\/i0.wp.com\/s3-propozzito.s3.amazonaws.com\/membros\/storage\/app\/public\/membros\/January2024\/Yjty2VFZfBv0QXhv3eLz.jpg?w=800&#038;ssl=1\" alt=\"\"\/><\/figure>\n\n\n\n<h3 class=\"wp-block-heading h6 fw-bold text-muted m-0\">El Eliom<\/h3>\n\n\n\n<p class=\"m-0 text-muted\">Pb. Francisco Canind\u00e9 de Mac\u00eado Filho<\/p>\n\n\n\n<figure class=\"wp-block-image\"><img data-recalc-dims=\"1\" decoding=\"async\" src=\"https:\/\/i0.wp.com\/s3-propozzito.s3.amazonaws.com\/membros\/storage\/app\/public\/membros\/Fotos\/18658.jpg?w=800&#038;ssl=1\" alt=\"\"\/><\/figure>\n\n\n\n<h3 class=\"wp-block-heading h6 fw-bold text-muted m-0\">Guajir\u00fa<\/h3>\n\n\n\n<p class=\"m-0 text-muted\">Pb. Ubiratan Tavares de Paiva<\/p>\n\n\n\n<figure class=\"wp-block-image\"><img data-recalc-dims=\"1\" decoding=\"async\" src=\"https:\/\/i0.wp.com\/s3-propozzito.s3.amazonaws.com\/membros\/storage\/app\/public\/membros\/Fotos\/26281.jpg?w=800&#038;ssl=1\" alt=\"\"\/><\/figure>\n\n\n\n<h3 class=\"wp-block-heading h6 fw-bold text-muted m-0\">Jardim Petr\u00f3polis<\/h3>\n\n\n\n<p class=\"m-0 text-muted\">Pb. Heber Diniz da Silva<\/p>\n\n\n\n<figure class=\"wp-block-image\"><img data-recalc-dims=\"1\" decoding=\"async\" src=\"https:\/\/i0.wp.com\/s3-propozzito.s3.amazonaws.com\/membros\/storage\/app\/public\/membros\/Fotos\/8676.jpg?w=800&#038;ssl=1\" alt=\"\"\/><\/figure>\n\n\n\n<h3 class=\"wp-block-heading h6 fw-bold text-muted m-0\">Olho D&#8217;\u00e1gua<\/h3>\n\n\n\n<p class=\"m-0 text-muted\">Ev. Ednaldo Dantas da Silva<\/p>\n\n\n\n<figure class=\"wp-block-image\"><img data-recalc-dims=\"1\" decoding=\"async\" src=\"https:\/\/i0.wp.com\/s3-propozzito.s3.amazonaws.com\/membros\/storage\/app\/public\/membros\/aplicativo\/xgveIWmFmjn9SqHwdrTgVpaPOyNGrBXtKBWfjNd6.jpg?w=800&#038;ssl=1\" alt=\"\"\/><\/figure>\n\n\n\n<h3 class=\"wp-block-heading h6 fw-bold text-muted m-0\">Sol da Justi\u00e7a<\/h3>\n\n\n\n<p class=\"m-0 text-muted\">Pb. Thalisson Alexandre Mendes<\/p>\n\n\n\n<figure class=\"wp-block-image\"><img data-recalc-dims=\"1\" decoding=\"async\" src=\"https:\/\/i0.wp.com\/s3-propozzito.s3.amazonaws.com\/membros\/storage\/app\/public\/membros\/June2021\/xb5e6gQfM2dNXVicnjXF.jpg?w=800&#038;ssl=1\" alt=\"\"\/><\/figure>\n\n\n\n<h3 class=\"wp-block-heading h6 fw-bold text-muted m-0\">Sub. Jardim Extremoz<\/h3>\n\n\n\n<p class=\"m-0 text-muted\">Pb. Jos\u00e9 Hildo Costa Pinheiro<\/p>\n\n\n\n<h2 class=\"wp-block-heading fw-bold h6 m-0\">\u00c1rea 5<\/h2>\n\n\n\n<h2 class=\"wp-block-heading fw-bold h6 m-0\">Setor 3<\/h2>\n\n\n\n<figure class=\"wp-block-image\"><img data-recalc-dims=\"1\" decoding=\"async\" src=\"https:\/\/i0.wp.com\/s3-propozzito.s3.amazonaws.com\/membros\/storage\/app\/public\/membros\/Fotos\/2197.jpg?w=800&#038;ssl=1\" alt=\"\"\/><\/figure>\n\n\n\n<h3 class=\"wp-block-heading h6 fw-bold text-muted m-0\">SOLEDADE II<\/h3>\n\n\n\n<p class=\"m-0 text-muted\">Pr. Jos\u00e9 Ribeiro da Costa<\/p>\n\n\n\n<figure class=\"wp-block-image\"><img data-recalc-dims=\"1\" decoding=\"async\" src=\"https:\/\/i0.wp.com\/s3-propozzito.s3.amazonaws.com\/membros\/storage\/app\/public\/membros\/Fotos\/27018.jpg?w=800&#038;ssl=1\" alt=\"\"\/><\/figure>\n\n\n\n<h3 class=\"wp-block-heading h6 fw-bold text-muted m-0\">Betsaida<\/h3>\n\n\n\n<p class=\"m-0 text-muted\">Ev. Renato Tavares Filho<\/p>\n\n\n\n<figure class=\"wp-block-image\"><img data-recalc-dims=\"1\" decoding=\"async\" src=\"https:\/\/i0.wp.com\/s3-propozzito.s3.amazonaws.com\/membros\/storage\/app\/public\/membros\/Fotos\/5970.jpg?w=800&#038;ssl=1\" alt=\"\"\/><\/figure>\n\n\n\n<h3 class=\"wp-block-heading h6 fw-bold text-muted m-0\">El-Shadday<\/h3>\n\n\n\n<p class=\"m-0 text-muted\">Pb. Jo\u00e3o Milton da Fonseca Junior<\/p>\n\n\n\n<figure class=\"wp-block-image\"><img data-recalc-dims=\"1\" decoding=\"async\" src=\"https:\/\/i0.wp.com\/s3-propozzito.s3.amazonaws.com\/membros\/storage\/app\/public\/membros\/Fotos\/36386.jpg?w=800&#038;ssl=1\" alt=\"\"\/><\/figure>\n\n\n\n<h3 class=\"wp-block-heading h6 fw-bold text-muted m-0\">Galil\u00e9ia<\/h3>\n\n\n\n<p class=\"m-0 text-muted\">Pb. Jo\u00e3o Rob\u00e9rio Ribeiro<\/p>\n\n\n\n<figure class=\"wp-block-image\"><img data-recalc-dims=\"1\" decoding=\"async\" src=\"https:\/\/i0.wp.com\/s3-propozzito.s3.amazonaws.com\/membros\/storage\/app\/public\/membros\/Fotos\/14429.jpg?w=800&#038;ssl=1\" alt=\"\"\/><\/figure>\n\n\n\n<h3 class=\"wp-block-heading h6 fw-bold text-muted m-0\">Gilgal<\/h3>\n\n\n\n<p class=\"m-0 text-muted\">Pb. Clauedimar Francisco do Nascimento<\/p>\n\n\n\n<figure class=\"wp-block-image\"><img data-recalc-dims=\"1\" decoding=\"async\" src=\"https:\/\/i0.wp.com\/s3-propozzito.s3.amazonaws.com\/membros\/storage\/app\/public\/membros\/Fotos\/17242.jpg?w=800&#038;ssl=1\" alt=\"\"\/><\/figure>\n\n\n\n<h3 class=\"wp-block-heading h6 fw-bold text-muted m-0\">Monte Sinai<\/h3>\n\n\n\n<p class=\"m-0 text-muted\">Pb. Roberto Carlos da Silva<\/p>\n\n\n\n<figure class=\"wp-block-image\"><img data-recalc-dims=\"1\" decoding=\"async\" src=\"https:\/\/i0.wp.com\/s3-propozzito.s3.amazonaws.com\/membros\/storage\/app\/public\/membros\/May2022\/cJ1bmkg4VpH9nYHyMI69.jpg?w=800&#038;ssl=1\" alt=\"\"\/><\/figure>\n\n\n\n<h3 class=\"wp-block-heading h6 fw-bold text-muted m-0\">Porta Formosa<\/h3>\n\n\n\n<p class=\"m-0 text-muted\">Pb. Janilson Lima dos Santos<\/p>\n\n\n\n<h2 class=\"wp-block-heading fw-bold h6 m-0\">\u00c1rea 5<\/h2>\n\n\n\n<h2 class=\"wp-block-heading fw-bold h6 m-0\">Setor 11<\/h2>\n\n\n\n<figure class=\"wp-block-image\"><img data-recalc-dims=\"1\" decoding=\"async\" src=\"https:\/\/i0.wp.com\/s3-propozzito.s3.amazonaws.com\/membros\/storage\/app\/public\/membros\/August2023\/fjnuMn4b3obhtKs7TDJq.jpeg?w=800&#038;ssl=1\" alt=\"\"\/><\/figure>\n\n\n\n<h3 class=\"wp-block-heading h6 fw-bold text-muted m-0\">GRAMOR\u00c9<\/h3>\n\n\n\n<p class=\"m-0 text-muted\">Pr. Kleiber Bandeira Cavalcanti<\/p>\n\n\n\n<figure class=\"wp-block-image\"><img data-recalc-dims=\"1\" decoding=\"async\" src=\"https:\/\/i0.wp.com\/s3-propozzito.s3.amazonaws.com\/membros\/storage\/app\/public\/membros\/Fotos\/33739.jpg?w=800&#038;ssl=1\" alt=\"\"\/><\/figure>\n\n\n\n<h3 class=\"wp-block-heading h6 fw-bold text-muted m-0\">D. Pedro I<\/h3>\n\n\n\n<p class=\"m-0 text-muted\">Pb. Josimar Dantas do Nascimento<\/p>\n\n\n\n<figure class=\"wp-block-image\"><img data-recalc-dims=\"1\" decoding=\"async\" src=\"https:\/\/i0.wp.com\/s3-propozzito.s3.amazonaws.com\/membros\/storage\/app\/public\/membros\/Fotos\/5720.jpg?w=800&#038;ssl=1\" alt=\"\"\/><\/figure>\n\n\n\n<h3 class=\"wp-block-heading h6 fw-bold text-muted m-0\">Gramor\u00e9 II<\/h3>\n\n\n\n<p class=\"m-0 text-muted\">Pb. Wellis Matias de Freitas<\/p>\n\n\n\n<figure class=\"wp-block-image\"><img data-recalc-dims=\"1\" decoding=\"async\" src=\"https:\/\/i0.wp.com\/s3-propozzito.s3.amazonaws.com\/membros\/storage\/app\/public\/membros\/Fotos\/5873.jpg?w=800&#038;ssl=1\" alt=\"\"\/><\/figure>\n\n\n\n<h3 class=\"wp-block-heading h6 fw-bold text-muted m-0\">Lagoa Azul<\/h3>\n\n\n\n<p class=\"m-0 text-muted\">Pb. Ronaldo Barbosa do Nascimento<\/p>\n\n\n\n<figure class=\"wp-block-image\"><img data-recalc-dims=\"1\" decoding=\"async\" src=\"https:\/\/i0.wp.com\/s3-propozzito.s3.amazonaws.com\/membros\/storage\/app\/public\/membros\/Fotos\/26911.jpg?w=800&#038;ssl=1\" alt=\"\"\/><\/figure>\n\n\n\n<h3 class=\"wp-block-heading h6 fw-bold text-muted m-0\">Porta de Esperan\u00e7a<\/h3>\n\n\n\n<p class=\"m-0 text-muted\">Pb. Walfran Lucas de Souza<\/p>\n\n\n\n<h2 class=\"wp-block-heading fw-bold h6 m-0\">\u00c1rea 5<\/h2>\n\n\n\n<h2 class=\"wp-block-heading fw-bold h6 m-0\">Setor 13<\/h2>\n\n\n\n<figure class=\"wp-block-image\"><img data-recalc-dims=\"1\" decoding=\"async\" src=\"https:\/\/i0.wp.com\/s3-propozzito.s3.amazonaws.com\/membros\/storage\/app\/public\/membros\/aplicativo\/Y7JcWaMuYxfYZo52Br0byQoUjQHLesqG1LA4ayUW.jpg?w=800&#038;ssl=1\" alt=\"\"\/><\/figure>\n\n\n\n<h3 class=\"wp-block-heading h6 fw-bold text-muted m-0\">ALVORADA<\/h3>\n\n\n\n<p class=\"m-0 text-muted\">Pr. Mois\u00e9s Soares da C\u00e2mara<\/p>\n\n\n\n<figure class=\"wp-block-image\"><img data-recalc-dims=\"1\" decoding=\"async\" src=\"https:\/\/i0.wp.com\/s3-propozzito.s3.amazonaws.com\/membros\/storage\/app\/public\/membros\/June2021\/0ox8WO3zdmc0a6FNmUpz.jpg?w=800&#038;ssl=1\" alt=\"\"\/><\/figure>\n\n\n\n<h3 class=\"wp-block-heading h6 fw-bold text-muted m-0\">Brilho Celeste<\/h3>\n\n\n\n<p class=\"m-0 text-muted\">Pb. Ubirajara Barros Martins<\/p>\n\n\n\n<figure class=\"wp-block-image\"><img data-recalc-dims=\"1\" decoding=\"async\" src=\"https:\/\/i0.wp.com\/s3-propozzito.s3.amazonaws.com\/membros\/storage\/app\/public\/membros\/Fotos\/18785.jpg?w=800&#038;ssl=1\" alt=\"\"\/><\/figure>\n\n\n\n<h3 class=\"wp-block-heading h6 fw-bold text-muted m-0\">Estrela da Manh\u00e3<\/h3>\n\n\n\n<p class=\"m-0 text-muted\">Pb. Alzamir Mauricio de Freitas<\/p>\n\n\n\n<figure class=\"wp-block-image\"><img data-recalc-dims=\"1\" decoding=\"async\" src=\"https:\/\/i0.wp.com\/s3-propozzito.s3.amazonaws.com\/membros\/storage\/app\/public\/membros\/April2023\/Eir1lnQWWyxLpiMV0CJK.png?w=800&#038;ssl=1\" alt=\"\"\/><\/figure>\n\n\n\n<h3 class=\"wp-block-heading h6 fw-bold text-muted m-0\">Niter\u00f3i<\/h3>\n\n\n\n<p class=\"m-0 text-muted\">Ev. Oziel Louren\u00e7o<\/p>\n\n\n\n<figure class=\"wp-block-image\"><img data-recalc-dims=\"1\" decoding=\"async\" src=\"https:\/\/i0.wp.com\/s3-propozzito.s3.amazonaws.com\/membros\/storage\/app\/public\/membros\/Fotos\/4586.jpg?w=800&#038;ssl=1\" alt=\"\"\/><\/figure>\n\n\n\n<h3 class=\"wp-block-heading h6 fw-bold text-muted m-0\">Potengi<\/h3>\n\n\n\n<p class=\"m-0 text-muted\">Ev. Manoel Nunes de Oliveira<\/p>\n\n\n\n<figure class=\"wp-block-image\"><img data-recalc-dims=\"1\" decoding=\"async\" src=\"https:\/\/i0.wp.com\/s3-propozzito.s3.amazonaws.com\/membros\/storage\/app\/public\/membros\/Fotos\/93486.jpg?w=800&#038;ssl=1\" alt=\"\"\/><\/figure>\n\n\n\n<h3 class=\"wp-block-heading h6 fw-bold text-muted m-0\">Rio Jord\u00e3o<\/h3>\n\n\n\n<p class=\"m-0 text-muted\">Pb. Nailson Morais de Souza<\/p>\n\n\n\n<h2 class=\"wp-block-heading fw-bold h6 m-0\">\u00c1rea 5<\/h2>\n\n\n\n<h2 class=\"wp-block-heading fw-bold h6 m-0\">Setor 14<\/h2>\n\n\n\n<figure class=\"wp-block-image\"><img data-recalc-dims=\"1\" decoding=\"async\" src=\"https:\/\/i0.wp.com\/s3-propozzito.s3.amazonaws.com\/membros\/storage\/app\/public\/membros\/January2024\/nfXj7ttzMyhxjs0nNl2G.jpeg?w=800&#038;ssl=1\" alt=\"\"\/><\/figure>\n\n\n\n<h3 class=\"wp-block-heading h6 fw-bold text-muted m-0\">NOVA NATAL<\/h3>\n\n\n\n<p class=\"m-0 text-muted\">Pr. Andr\u00e9 Luiz do Nascimento Feitosa<\/p>\n\n\n\n<figure class=\"wp-block-image\"><img data-recalc-dims=\"1\" decoding=\"async\" src=\"https:\/\/i0.wp.com\/s3-propozzito.s3.amazonaws.com\/membros\/storage\/app\/public\/membros\/December2024\/tX7u6rjMmL7aC8q0Qnvl.jpg?w=800&#038;ssl=1\" alt=\"\"\/><\/figure>\n\n\n\n<h3 class=\"wp-block-heading h6 fw-bold text-muted m-0\">Efraim<\/h3>\n\n\n\n<p class=\"m-0 text-muted\">Ev. Cl\u00e1udio Rolim da Silva<\/p>\n\n\n\n<figure class=\"wp-block-image\"><img data-recalc-dims=\"1\" decoding=\"async\" src=\"https:\/\/i0.wp.com\/s3-propozzito.s3.amazonaws.com\/membros\/storage\/app\/public\/membros\/aplicativo\/EOD5fXHcjxAZKXe7cTvRDdt0EZwpWNHsMItIV7R9.jpg?w=800&#038;ssl=1\" alt=\"\"\/><\/figure>\n\n\n\n<h3 class=\"wp-block-heading h6 fw-bold text-muted m-0\">Fonte das \u00c1guas Vivas<\/h3>\n\n\n\n<p class=\"m-0 text-muted\">Pb. Cristiano Cosme Rodrigues<\/p>\n\n\n\n<figure class=\"wp-block-image\"><img data-recalc-dims=\"1\" decoding=\"async\" src=\"https:\/\/i0.wp.com\/s3-propozzito.s3.amazonaws.com\/membros\/storage\/app\/public\/membros\/Fotos\/8436.jpg?w=800&#038;ssl=1\" alt=\"\"\/><\/figure>\n\n\n\n<h3 class=\"wp-block-heading h6 fw-bold text-muted m-0\">Fonte de Luz<\/h3>\n\n\n\n<p class=\"m-0 text-muted\">Pb. Antonio Tasso de Souza<\/p>\n\n\n\n<figure class=\"wp-block-image\"><img data-recalc-dims=\"1\" decoding=\"async\" src=\"https:\/\/i0.wp.com\/s3-propozzito.s3.amazonaws.com\/membros\/storage\/app\/public\/membros\/June2021\/2z38D8eH55BesEY2cXpl.jpg?w=800&#038;ssl=1\" alt=\"\"\/><\/figure>\n\n\n\n<h3 class=\"wp-block-heading h6 fw-bold text-muted m-0\">Jardim das Oliveiras<\/h3>\n\n\n\n<p class=\"m-0 text-muted\">Pb. Gleidson Pereira do Nascimento<\/p>\n\n\n\n<figure class=\"wp-block-image\"><img data-recalc-dims=\"1\" decoding=\"async\" src=\"https:\/\/i0.wp.com\/s3-propozzito.s3.amazonaws.com\/membros\/storage\/app\/public\/membros\/December2022\/qATAjndtdb9PFLbEJQis.jpg?w=800&#038;ssl=1\" alt=\"\"\/><\/figure>\n\n\n\n<h3 class=\"wp-block-heading h6 fw-bold text-muted m-0\">Monte das Oliveiras<\/h3>\n\n\n\n<p class=\"m-0 text-muted\">Ev. Jos\u00e9 Carlos Barreto Freitas<\/p>\n\n\n\n<figure class=\"wp-block-image\"><img data-recalc-dims=\"1\" decoding=\"async\" src=\"https:\/\/i0.wp.com\/s3-propozzito.s3.amazonaws.com\/membros\/storage\/app\/public\/membros\/Fotos\/2867.jpg?w=800&#038;ssl=1\" alt=\"\"\/><\/figure>\n\n\n\n<h3 class=\"wp-block-heading h6 fw-bold text-muted m-0\">Nova Natal II<\/h3>\n\n\n\n<p class=\"m-0 text-muted\">Ev. Am\u00f3s Gomes de Freitas<\/p>\n\n\n\n<figure class=\"wp-block-image\"><img data-recalc-dims=\"1\" decoding=\"async\" src=\"https:\/\/i0.wp.com\/s3-propozzito.s3.amazonaws.com\/membros\/storage\/app\/public\/membros\/January2024\/ozsZhT7HJtsD3bicpsPG.jpg?w=800&#038;ssl=1\" alt=\"\"\/><\/figure>\n\n\n\n<h3 class=\"wp-block-heading h6 fw-bold text-muted m-0\">Vale do Aijalom<\/h3>\n\n\n\n<p class=\"m-0 text-muted\">Pb. Mois\u00e9s In\u00e1cio Ferreira<\/p>\n\n\n\n<h2 class=\"wp-block-heading fw-bold h6 m-0\">\u00c1rea 5<\/h2>\n\n\n\n<h2 class=\"wp-block-heading fw-bold h6 m-0\">Setor 18<\/h2>\n\n\n\n<figure class=\"wp-block-image\"><img data-recalc-dims=\"1\" decoding=\"async\" src=\"https:\/\/i0.wp.com\/s3-propozzito.s3.amazonaws.com\/membros\/storage\/app\/public\/membros\/Fotos\/31267.jpg?w=800&#038;ssl=1\" alt=\"\"\/><\/figure>\n\n\n\n<h3 class=\"wp-block-heading h6 fw-bold text-muted m-0\">REDINHA<\/h3>\n\n\n\n<p class=\"m-0 text-muted\">Ev. Luiz Ant\u00f4nio dos Santos<\/p>\n\n\n\n<figure class=\"wp-block-image\"><img data-recalc-dims=\"1\" decoding=\"async\" src=\"https:\/\/i0.wp.com\/s3-propozzito.s3.amazonaws.com\/membros\/storage\/app\/public\/membros\/Fotos\/25033.jpg?w=800&#038;ssl=1\" alt=\"\"\/><\/figure>\n\n\n\n<h3 class=\"wp-block-heading h6 fw-bold text-muted m-0\">Jardim das Flores<\/h3>\n\n\n\n<p class=\"m-0 text-muted\">Ev. Jos\u00e9 Josemio da Silva<\/p>\n\n\n\n<figure class=\"wp-block-image\"><img data-recalc-dims=\"1\" decoding=\"async\" src=\"https:\/\/i0.wp.com\/s3-propozzito.s3.amazonaws.com\/membros\/storage\/app\/public\/membros\/January2024\/vrQJULlF0BFybj5fBr7g.jpg?w=800&#038;ssl=1\" alt=\"\"\/><\/figure>\n\n\n\n<h3 class=\"wp-block-heading h6 fw-bold text-muted m-0\">Jerameel<\/h3>\n\n\n\n<p class=\"m-0 text-muted\">Pb. Gilvan de Souza Santos<\/p>\n\n\n\n<figure class=\"wp-block-image\"><img data-recalc-dims=\"1\" decoding=\"async\" src=\"https:\/\/i0.wp.com\/s3-propozzito.s3.amazonaws.com\/membros\/storage\/app\/public\/membros\/Fotos\/8490.jpg?w=800&#038;ssl=1\" alt=\"\"\/><\/figure>\n\n\n\n<h3 class=\"wp-block-heading h6 fw-bold text-muted m-0\">Nova Redinha<\/h3>\n\n\n\n<p class=\"m-0 text-muted\">Pb. Jos\u00e9 Maria de Assis<\/p>\n\n\n\n<figure class=\"wp-block-image\"><img data-recalc-dims=\"1\" decoding=\"async\" src=\"https:\/\/i0.wp.com\/s3-propozzito.s3.amazonaws.com\/membros\/storage\/app\/public\/membros\/June2021\/cn5lFCZWCwwcifdy2Fz6.jpg?w=800&#038;ssl=1\" alt=\"\"\/><\/figure>\n\n\n\n<h3 class=\"wp-block-heading h6 fw-bold text-muted m-0\">Redinha Nova<\/h3>\n\n\n\n<p class=\"m-0 text-muted\">Pb. Elinaldo Ferreira da Silva<\/p>\n\n\n\n<figure class=\"wp-block-image\"><img data-recalc-dims=\"1\" decoding=\"async\" src=\"https:\/\/i0.wp.com\/s3-propozzito.s3.amazonaws.com\/membros\/storage\/app\/public\/membros\/Fotos\/29299.jpg?w=800&#038;ssl=1\" alt=\"\"\/><\/figure>\n\n\n\n<h3 class=\"wp-block-heading h6 fw-bold text-muted m-0\">Vida Abundante<\/h3>\n\n\n\n<p class=\"m-0 text-muted\">Pb. Antonio Fernandes de Oliveira<\/p>\n\n\n\n<figure class=\"wp-block-image\"><img data-recalc-dims=\"1\" decoding=\"async\" src=\"https:\/\/i0.wp.com\/s3-propozzito.s3.amazonaws.com\/membros\/storage\/app\/public\/membros\/April2023\/qjR92cF0MBIYSzAh8Ofk.jpeg?w=800&#038;ssl=1\" alt=\"\"\/><\/figure>\n\n\n\n<h3 class=\"wp-block-heading h6 fw-bold text-muted m-0\">Vila Verde<\/h3>\n\n\n\n<p class=\"m-0 text-muted\">Pb. Gutemberg dos Santos<\/p>\n\n\n\n<figure class=\"wp-block-image\"><img data-recalc-dims=\"1\" decoding=\"async\" src=\"https:\/\/i0.wp.com\/s3-propozzito.s3.amazonaws.com\/membros\/storage\/app\/public\/membros\/Fotos\/12182.jpg?w=800&#038;ssl=1\" alt=\"\"\/><\/figure>\n\n\n\n<h3 class=\"wp-block-heading h6 fw-bold text-muted m-0\">Vilage das Dunas<\/h3>\n\n\n\n<p class=\"m-0 text-muted\">Pb. Jos\u00e9 Aparecido de Ara\u00fajo<\/p>\n\n\n\n<h2 class=\"wp-block-heading fw-bold h6 m-0\">\u00c1rea 5<\/h2>\n\n\n\n<h2 class=\"wp-block-heading fw-bold h6 m-0\">Setor 19<\/h2>\n\n\n\n<figure class=\"wp-block-image\"><img data-recalc-dims=\"1\" decoding=\"async\" src=\"https:\/\/i0.wp.com\/s3-propozzito.s3.amazonaws.com\/membros\/storage\/app\/public\/membros\/November2024\/E87fJcQtwe4nRhA5qFxN.png?w=800&#038;ssl=1\" alt=\"\"\/><\/figure>\n\n\n\n<h3 class=\"wp-block-heading h6 fw-bold text-muted m-0\">CONJ. SANTAR\u00c9M<\/h3>\n\n\n\n<p class=\"m-0 text-muted\">Ev. Manoel Zenilson Gabriel<\/p>\n\n\n\n<figure class=\"wp-block-image\"><img data-recalc-dims=\"1\" decoding=\"async\" src=\"https:\/\/i0.wp.com\/s3-propozzito.s3.amazonaws.com\/membros\/storage\/app\/public\/membros\/Fotos\/8485.jpg?w=800&#038;ssl=1\" alt=\"\"\/><\/figure>\n\n\n\n<h3 class=\"wp-block-heading h6 fw-bold text-muted m-0\">Efrata<\/h3>\n\n\n\n<p class=\"m-0 text-muted\">Ev. Artur Marc Alves de Oliveira<\/p>\n\n\n\n<figure class=\"wp-block-image\"><img data-recalc-dims=\"1\" decoding=\"async\" src=\"https:\/\/i0.wp.com\/s3-propozzito.s3.amazonaws.com\/membros\/storage\/app\/public\/membros\/Fotos\/2211.jpg?w=800&#038;ssl=1\" alt=\"\"\/><\/figure>\n\n\n\n<h3 class=\"wp-block-heading h6 fw-bold text-muted m-0\">Hesmom<\/h3>\n\n\n\n<p class=\"m-0 text-muted\">Ev. Ant\u00f4nio Siqueira<\/p>\n\n\n\n<figure class=\"wp-block-image\"><img data-recalc-dims=\"1\" decoding=\"async\" src=\"https:\/\/i0.wp.com\/s3-propozzito.s3.amazonaws.com\/membros\/storage\/app\/public\/membros\/aplicativo\/QOXRfPCrpvX1Kwav9fi6q7IDETHdqaEiVGoZ0kG4.jpg?w=800&#038;ssl=1\" alt=\"\"\/><\/figure>\n\n\n\n<h3 class=\"wp-block-heading h6 fw-bold text-muted m-0\">Nova Rep\u00fablica<\/h3>\n\n\n\n<p class=\"m-0 text-muted\">Pb. Geazi In\u00e1cio dos Santos<\/p>\n\n\n\n<figure class=\"wp-block-image\"><img data-recalc-dims=\"1\" decoding=\"async\" src=\"https:\/\/i0.wp.com\/s3-propozzito.s3.amazonaws.com\/membros\/storage\/app\/public\/membros\/June2021\/fCW6R49z1T1t5hD6GQ3y.jpg?w=800&#038;ssl=1\" alt=\"\"\/><\/figure>\n\n\n\n<h3 class=\"wp-block-heading h6 fw-bold text-muted m-0\">Parque Floresta<\/h3>\n\n\n\n<p class=\"m-0 text-muted\">Pb. Ronaldo Camilo da Silva<\/p>\n\n\n\n<h2 class=\"wp-block-heading fw-bold h6 m-0\">\u00c1rea 5<\/h2>\n\n\n\n<h2 class=\"wp-block-heading fw-bold h6 m-0\">Setor 35<\/h2>\n\n\n\n<figure class=\"wp-block-image\"><img data-recalc-dims=\"1\" decoding=\"async\" src=\"https:\/\/i0.wp.com\/s3-propozzito.s3.amazonaws.com\/membros\/storage\/app\/public\/membros\/November2024\/zkusStPbdqPJ0gOYQZJy.jpeg?w=800&#038;ssl=1\" alt=\"\"\/><\/figure>\n\n\n\n<h3 class=\"wp-block-heading h6 fw-bold text-muted m-0\">PAJU\u00c7ARA S\u00cdTIO<\/h3>\n\n\n\n<p class=\"m-0 text-muted\">Ev. Mois\u00e9s Guedes de Paula<\/p>\n\n\n\n<figure class=\"wp-block-image\"><img data-recalc-dims=\"1\" decoding=\"async\" src=\"https:\/\/i0.wp.com\/s3-propozzito.s3.amazonaws.com\/membros\/storage\/app\/public\/membros\/Fotos\/10990.jpg?w=800&#038;ssl=1\" alt=\"\"\/><\/figure>\n\n\n\n<h3 class=\"wp-block-heading h6 fw-bold text-muted m-0\">Alto das Dunas<\/h3>\n\n\n\n<p class=\"m-0 text-muted\">Ev. Amaury Francisco dos Santos<\/p>\n\n\n\n<figure class=\"wp-block-image\"><img data-recalc-dims=\"1\" decoding=\"async\" src=\"https:\/\/i0.wp.com\/s3-propozzito.s3.amazonaws.com\/membros\/storage\/app\/public\/membros\/Fotos\/10201.jpg?w=800&#038;ssl=1\" alt=\"\"\/><\/figure>\n\n\n\n<h3 class=\"wp-block-heading h6 fw-bold text-muted m-0\">Brasil Novo<\/h3>\n\n\n\n<p class=\"m-0 text-muted\">Pb. Dami\u00e3o Barbosa Teixeira<\/p>\n\n\n\n<figure class=\"wp-block-image\"><img data-recalc-dims=\"1\" decoding=\"async\" src=\"https:\/\/i0.wp.com\/s3-propozzito.s3.amazonaws.com\/membros\/storage\/app\/public\/membros\/Fotos\/84558.jpg?w=800&#038;ssl=1\" alt=\"\"\/><\/figure>\n\n\n\n<h3 class=\"wp-block-heading h6 fw-bold text-muted m-0\">Fonte de Ben\u00e7\u00e3o<\/h3>\n\n\n\n<p class=\"m-0 text-muted\">Pb. Jo\u00e3o Evangelista da Silva<\/p>\n\n\n\n<figure class=\"wp-block-image\"><img data-recalc-dims=\"1\" decoding=\"async\" src=\"https:\/\/i0.wp.com\/s3-propozzito.s3.amazonaws.com\/membros\/storage\/app\/public\/membros\/Fotos\/34856.jpg?w=800&#038;ssl=1\" alt=\"\"\/><\/figure>\n\n\n\n<h3 class=\"wp-block-heading h6 fw-bold text-muted m-0\">Jardim das Nogueiras<\/h3>\n\n\n\n<p class=\"m-0 text-muted\">Pb. Jos\u00e9 Ferreira da Silva<\/p>\n\n\n\n<figure class=\"wp-block-image\"><img data-recalc-dims=\"1\" decoding=\"async\" src=\"https:\/\/i0.wp.com\/s3-propozzito.s3.amazonaws.com\/membros\/storage\/app\/public\/membros\/Fotos\/5231.jpg?w=800&#038;ssl=1\" alt=\"\"\/><\/figure>\n\n\n\n<h3 class=\"wp-block-heading h6 fw-bold text-muted m-0\">Parque das Dunas<\/h3>\n\n\n\n<p class=\"m-0 text-muted\">Pb. Severino Zacarias de Melo Sales<\/p>\n\n\n\n<figure class=\"wp-block-image\"><img data-recalc-dims=\"1\" decoding=\"async\" src=\"https:\/\/i0.wp.com\/s3-propozzito.s3.amazonaws.com\/membros\/storage\/app\/public\/membros\/November2024\/tK79GEx634PHNg5xqpMV.jpeg?w=800&#038;ssl=1\" alt=\"\"\/><\/figure>\n\n\n\n<h3 class=\"wp-block-heading h6 fw-bold text-muted m-0\">Rio Doce<\/h3>\n\n\n\n<p class=\"m-0 text-muted\">Pb. Josimar Felipe da Costa<\/p>\n\n\n\n<h2 class=\"wp-block-heading fw-bold h6 m-0\">\u00c1rea 5<\/h2>\n\n\n\n<h2 class=\"wp-block-heading fw-bold h6 m-0\">Setor 42<\/h2>\n\n\n\n<figure class=\"wp-block-image\"><img data-recalc-dims=\"1\" decoding=\"async\" src=\"https:\/\/i0.wp.com\/s3-propozzito.s3.amazonaws.com\/membros\/storage\/app\/public\/membros\/November2024\/8UeUofAqh6dMJjZLBiDo.jpeg?w=800&#038;ssl=1\" alt=\"\"\/><\/figure>\n\n\n\n<h3 class=\"wp-block-heading h6 fw-bold text-muted m-0\">PAJU\u00c7ARA I<\/h3>\n\n\n\n<p class=\"m-0 text-muted\">Ev. Ant\u00f4nio Nunes Xavier Filho<\/p>\n\n\n\n<figure class=\"wp-block-image\"><img data-recalc-dims=\"1\" decoding=\"async\" src=\"https:\/\/i0.wp.com\/s3-propozzito.s3.amazonaws.com\/membros\/storage\/app\/public\/membros\/Fotos\/38830.jpg?w=800&#038;ssl=1\" alt=\"\"\/><\/figure>\n\n\n\n<h3 class=\"wp-block-heading h6 fw-bold text-muted m-0\">Gets\u00eamani<\/h3>\n\n\n\n<p class=\"m-0 text-muted\">Pb. Eliezer Augusto da Silva<\/p>\n\n\n\n<figure class=\"wp-block-image\"><img data-recalc-dims=\"1\" decoding=\"async\" src=\"https:\/\/i0.wp.com\/s3-propozzito.s3.amazonaws.com\/membros\/storage\/app\/public\/membros\/June2024\/V3k2dh0EoPFYJNZ4lytw.jpg?w=800&#038;ssl=1\" alt=\"\"\/><\/figure>\n\n\n\n<h3 class=\"wp-block-heading h6 fw-bold text-muted m-0\">Lot. Novo Horizonte<\/h3>\n\n\n\n<p class=\"m-0 text-muted\">Pr. Gerson Ferreira Leal<\/p>\n\n\n\n<figure class=\"wp-block-image\"><img data-recalc-dims=\"1\" decoding=\"async\" src=\"https:\/\/i0.wp.com\/s3-propozzito.s3.amazonaws.com\/membros\/storage\/app\/public\/membros\/December2024\/weSIzGg4q7FkCiTVmaxJ.jpg?w=800&#038;ssl=1\" alt=\"\"\/><\/figure>\n\n\n\n<h3 class=\"wp-block-heading h6 fw-bold text-muted m-0\">Monte Santo<\/h3>\n\n\n\n<p class=\"m-0 text-muted\">Pb. Francisco Cledinaldo Alves de Ara\u00fajo<\/p>\n\n\n\n<figure class=\"wp-block-image\"><img data-recalc-dims=\"1\" decoding=\"async\" src=\"https:\/\/i0.wp.com\/s3-propozzito.s3.amazonaws.com\/membros\/storage\/app\/public\/membros\/Fotos\/43253.jpg?w=800&#038;ssl=1\" alt=\"\"\/><\/figure>\n\n\n\n<h3 class=\"wp-block-heading h6 fw-bold text-muted m-0\">Vale do Horizonte<\/h3>\n\n\n\n<p class=\"m-0 text-muted\">O Pb. Jonatas Kleber Dantas&nbsp;<\/p>\n\n\n\n<h2 class=\"wp-block-heading fw-bold h6 m-0\">\u00c1rea 6<\/h2>\n\n\n\n<h2 class=\"wp-block-heading fw-bold h6 m-0\">Setor 20<\/h2>\n\n\n\n<figure class=\"wp-block-image\"><img data-recalc-dims=\"1\" decoding=\"async\" src=\"https:\/\/i0.wp.com\/s3-propozzito.s3.amazonaws.com\/membros\/storage\/app\/public\/membros\/February2024\/YCpOChxjbF2WvBMVj0lf.png?w=800&#038;ssl=1\" alt=\"\"\/><\/figure>\n\n\n\n<h3 class=\"wp-block-heading h6 fw-bold text-muted m-0\">CIDADE PRAIA<\/h3>\n\n\n\n<p class=\"m-0 text-muted\">Ev. Ant\u00f4nio do Carmo J\u00fanior<\/p>\n\n\n\n<figure class=\"wp-block-image\"><img data-recalc-dims=\"1\" decoding=\"async\" src=\"https:\/\/i0.wp.com\/s3-propozzito.s3.amazonaws.com\/membros\/storage\/app\/public\/membros\/February2024\/JsLWlnw42C6o2tvi3vu6.png?w=800&#038;ssl=1\" alt=\"\"\/><\/figure>\n\n\n\n<h3 class=\"wp-block-heading h6 fw-bold text-muted m-0\">Alvorecer<\/h3>\n\n\n\n<p class=\"m-0 text-muted\">Pb. Maximiliano da Silva<\/p>\n\n\n\n<figure class=\"wp-block-image\"><img data-recalc-dims=\"1\" decoding=\"async\" src=\"https:\/\/i0.wp.com\/s3-propozzito.s3.amazonaws.com\/membros\/storage\/app\/public\/membros\/February2024\/DoSH4gYZyyGhMxz8m16d.png?w=800&#038;ssl=1\" alt=\"\"\/><\/figure>\n\n\n\n<h3 class=\"wp-block-heading h6 fw-bold text-muted m-0\">Cidade Santa<\/h3>\n\n\n\n<p class=\"m-0 text-muted\">Pb. Luiz Roberto de Moura<\/p>\n\n\n\n<figure class=\"wp-block-image\"><img data-recalc-dims=\"1\" decoding=\"async\" src=\"https:\/\/i0.wp.com\/s3-propozzito.s3.amazonaws.com\/membros\/storage\/app\/public\/membros\/February2024\/SZFjMIE1NE9kCWgExq63.png?w=800&#038;ssl=1\" alt=\"\"\/><\/figure>\n\n\n\n<h3 class=\"wp-block-heading h6 fw-bold text-muted m-0\">Jardim Progresso<\/h3>\n\n\n\n<p class=\"m-0 text-muted\">Pb. Ginaldo Cez\u00e1rio Campos<\/p>\n\n\n\n<figure class=\"wp-block-image\"><img data-recalc-dims=\"1\" decoding=\"async\" src=\"https:\/\/i0.wp.com\/s3-propozzito.s3.amazonaws.com\/membros\/storage\/app\/public\/membros\/February2024\/L4i5ZO0FsbtVL2poaGPN.png?w=800&#038;ssl=1\" alt=\"\"\/><\/figure>\n\n\n\n<h3 class=\"wp-block-heading h6 fw-bold text-muted m-0\">Jardim Progresso II<\/h3>\n\n\n\n<p class=\"m-0 text-muted\">Pr. Joselito Ferreira dos Santos<\/p>\n\n\n\n<figure class=\"wp-block-image\"><img data-recalc-dims=\"1\" decoding=\"async\" src=\"https:\/\/i0.wp.com\/s3-propozzito.s3.amazonaws.com\/membros\/storage\/app\/public\/membros\/Fotos\/13216.jpg?w=800&#038;ssl=1\" alt=\"\"\/><\/figure>\n\n\n\n<h3 class=\"wp-block-heading h6 fw-bold text-muted m-0\">Rio Divino<\/h3>\n\n\n\n<p class=\"m-0 text-muted\">Pb. Janilson Luiz Bezerra<\/p>\n\n\n\n<figure class=\"wp-block-image\"><img data-recalc-dims=\"1\" decoding=\"async\" src=\"https:\/\/i0.wp.com\/s3-propozzito.s3.amazonaws.com\/membros\/storage\/app\/public\/membros\/February2024\/Ru0tzSy4irjYlmJuIIt5.png?w=800&#038;ssl=1\" alt=\"\"\/><\/figure>\n\n\n\n<h3 class=\"wp-block-heading h6 fw-bold text-muted m-0\">Sub. Novo Amanhecer<\/h3>\n\n\n\n<p class=\"m-0 text-muted\">Dc. Franceildo de Oliveira Moura<\/p>\n\n\n\n<h2 class=\"wp-block-heading fw-bold h6 m-0\">\u00c1rea 6<\/h2>\n\n\n\n<h2 class=\"wp-block-heading fw-bold h6 m-0\">Setor 30<\/h2>\n\n\n\n<figure class=\"wp-block-image\"><img data-recalc-dims=\"1\" decoding=\"async\" src=\"https:\/\/i0.wp.com\/s3-propozzito.s3.amazonaws.com\/membros\/storage\/app\/public\/membros\/Fotos\/8182.jpg?w=800&#038;ssl=1\" alt=\"\"\/><\/figure>\n\n\n\n<h3 class=\"wp-block-heading h6 fw-bold text-muted m-0\">VALE DOURADO I<\/h3>\n\n\n\n<p class=\"m-0 text-muted\">Ev. Nelson Pereira C\u00e2mara<\/p>\n\n\n\n<figure class=\"wp-block-image\"><img data-recalc-dims=\"1\" decoding=\"async\" src=\"https:\/\/i0.wp.com\/s3-propozzito.s3.amazonaws.com\/membros\/storage\/app\/public\/membros\/June2021\/aib25wHrTvxJspditU6g.jpg?w=800&#038;ssl=1\" alt=\"\"\/><\/figure>\n\n\n\n<h3 class=\"wp-block-heading h6 fw-bold text-muted m-0\">Bom Jardim<\/h3>\n\n\n\n<p class=\"m-0 text-muted\">Pb. Hercules Barros de Oliveira<\/p>\n\n\n\n<figure class=\"wp-block-image\"><img data-recalc-dims=\"1\" decoding=\"async\" src=\"https:\/\/i0.wp.com\/s3-propozzito.s3.amazonaws.com\/membros\/storage\/app\/public\/membros\/Fotos\/24241.jpg?w=800&#038;ssl=1\" alt=\"\"\/><\/figure>\n\n\n\n<h3 class=\"wp-block-heading h6 fw-bold text-muted m-0\">Cana\u00e3<\/h3>\n\n\n\n<p class=\"m-0 text-muted\">Pb. Carlos Luiz Tavares<\/p>\n\n\n\n<figure class=\"wp-block-image\"><img data-recalc-dims=\"1\" decoding=\"async\" src=\"https:\/\/i0.wp.com\/s3-propozzito.s3.amazonaws.com\/membros\/storage\/app\/public\/membros\/Fotos\/5884.jpg?w=800&#038;ssl=1\" alt=\"\"\/><\/figure>\n\n\n\n<h3 class=\"wp-block-heading h6 fw-bold text-muted m-0\">Gerizim Norte<\/h3>\n\n\n\n<p class=\"m-0 text-muted\">Pb. Erivan Silvino da Silva<\/p>\n\n\n\n<figure class=\"wp-block-image\"><img data-recalc-dims=\"1\" decoding=\"async\" src=\"https:\/\/i0.wp.com\/s3-propozzito.s3.amazonaws.com\/membros\/storage\/app\/public\/membros\/Fotos\/7265.jpg?w=800&#038;ssl=1\" alt=\"\"\/><\/figure>\n\n\n\n<h3 class=\"wp-block-heading h6 fw-bold text-muted m-0\">Maranata<\/h3>\n\n\n\n<p class=\"m-0 text-muted\">Pb. Jos\u00e9 Luiz Domingos Teixeira<\/p>\n\n\n\n<h2 class=\"wp-block-heading fw-bold h6 m-0\">\u00c1rea 6<\/h2>\n\n\n\n<h2 class=\"wp-block-heading fw-bold h6 m-0\">Setor 32<\/h2>\n\n\n\n<figure class=\"wp-block-image\"><img data-recalc-dims=\"1\" decoding=\"async\" src=\"https:\/\/i0.wp.com\/s3-propozzito.s3.amazonaws.com\/membros\/storage\/app\/public\/membros\/Fotos\/5359.jpg?w=800&#038;ssl=1\" alt=\"\"\/><\/figure>\n\n\n\n<h3 class=\"wp-block-heading h6 fw-bold text-muted m-0\">SANTA CATARINA I<\/h3>\n\n\n\n<p class=\"m-0 text-muted\">Ev. Edmilson Gomes da Costa<\/p>\n\n\n\n<figure class=\"wp-block-image\"><img data-recalc-dims=\"1\" decoding=\"async\" src=\"https:\/\/i0.wp.com\/s3-propozzito.s3.amazonaws.com\/membros\/storage\/app\/public\/membros\/Fotos\/3819.jpg?w=800&#038;ssl=1\" alt=\"\"\/><\/figure>\n\n\n\n<h3 class=\"wp-block-heading h6 fw-bold text-muted m-0\">Filhos do Rei<\/h3>\n\n\n\n<p class=\"m-0 text-muted\">Ev. Mois\u00e9s Ferreira da Silva<\/p>\n\n\n\n<figure class=\"wp-block-image\"><img data-recalc-dims=\"1\" decoding=\"async\" src=\"https:\/\/i0.wp.com\/s3-propozzito.s3.amazonaws.com\/membros\/storage\/app\/public\/membros\/October2021\/IEF4i5qlvg4osdKCjuyz.jpg?w=800&#038;ssl=1\" alt=\"\"\/><\/figure>\n\n\n\n<h3 class=\"wp-block-heading h6 fw-bold text-muted m-0\">Porta das Ovelhas<\/h3>\n\n\n\n<p class=\"m-0 text-muted\">Pb. Genildo Machado De Freitas<\/p>\n\n\n\n<figure class=\"wp-block-image\"><img data-recalc-dims=\"1\" decoding=\"async\" src=\"https:\/\/i0.wp.com\/s3-propozzito.s3.amazonaws.com\/membros\/storage\/app\/public\/membros\/aplicativo\/nteuSVrKd6F5Yp87mN1gtR3tcfAa58wDsF5J4hM5.jpg?w=800&#038;ssl=1\" alt=\"\"\/><\/figure>\n\n\n\n<h3 class=\"wp-block-heading h6 fw-bold text-muted m-0\">Renascer<\/h3>\n\n\n\n<p class=\"m-0 text-muted\">Ev. Dan\u00fabio Gomes da Silva<\/p>\n\n\n\n<figure class=\"wp-block-image\"><img data-recalc-dims=\"1\" decoding=\"async\" src=\"https:\/\/i0.wp.com\/s3-propozzito.s3.amazonaws.com\/membros\/storage\/app\/public\/membros\/June2021\/dunBsThxBZ5M0soiBbOc.jpg?w=800&#038;ssl=1\" alt=\"\"\/><\/figure>\n\n\n\n<h3 class=\"wp-block-heading h6 fw-bold text-muted m-0\">Soledade I<\/h3>\n\n\n\n<p class=\"m-0 text-muted\">Pb. Maur\u00edcio Segundo Brilhante da Silva<\/p>\n\n\n\n<h2 class=\"wp-block-heading fw-bold h6 m-0\">\u00c1rea 6<\/h2>\n\n\n\n<h2 class=\"wp-block-heading fw-bold h6 m-0\">Setor 34<\/h2>\n\n\n\n<figure class=\"wp-block-image\"><img data-recalc-dims=\"1\" decoding=\"async\" src=\"https:\/\/i0.wp.com\/s3-propozzito.s3.amazonaws.com\/membros\/storage\/app\/public\/membros\/November2024\/L94PybBlnIqvQ0bbxoie.jpeg?w=800&#038;ssl=1\" alt=\"\"\/><\/figure>\n\n\n\n<h3 class=\"wp-block-heading h6 fw-bold text-muted m-0\">BOA SORTE I<\/h3>\n\n\n\n<p class=\"m-0 text-muted\">Ev. C\u00edcero Floriano dos Santos<\/p>\n\n\n\n<figure class=\"wp-block-image\"><img data-recalc-dims=\"1\" decoding=\"async\" src=\"https:\/\/i0.wp.com\/s3-propozzito.s3.amazonaws.com\/membros\/storage\/app\/public\/membros\/Fotos\/32866.jpg?w=800&#038;ssl=1\" alt=\"\"\/><\/figure>\n\n\n\n<h3 class=\"wp-block-heading h6 fw-bold text-muted m-0\">Boa Sorte II<\/h3>\n\n\n\n<p class=\"m-0 text-muted\">Ev. Wladimir Santos de Freitas<\/p>\n\n\n\n<figure class=\"wp-block-image\"><img data-recalc-dims=\"1\" decoding=\"async\" src=\"https:\/\/i0.wp.com\/s3-propozzito.s3.amazonaws.com\/membros\/storage\/app\/public\/membros\/Fotos\/36025.jpg?w=800&#038;ssl=1\" alt=\"\"\/><\/figure>\n\n\n\n<h3 class=\"wp-block-heading h6 fw-bold text-muted m-0\">Boas Novas<\/h3>\n\n\n\n<p class=\"m-0 text-muted\">Pb. Jos\u00e9 Ant\u00f4nio Freire de Oliveira<\/p>\n\n\n\n<figure class=\"wp-block-image\"><img data-recalc-dims=\"1\" decoding=\"async\" src=\"https:\/\/i0.wp.com\/s3-propozzito.s3.amazonaws.com\/membros\/storage\/app\/public\/membros\/Fotos\/15993.jpg?w=800&#038;ssl=1\" alt=\"\"\/><\/figure>\n\n\n\n<h3 class=\"wp-block-heading h6 fw-bold text-muted m-0\">Novas de Alegria<\/h3>\n\n\n\n<p class=\"m-0 text-muted\">Pb. Francisco Epif\u00e2nio Barbosa<\/p>\n\n\n\n<figure class=\"wp-block-image\"><img data-recalc-dims=\"1\" decoding=\"async\" src=\"https:\/\/i0.wp.com\/s3-propozzito.s3.amazonaws.com\/membros\/storage\/app\/public\/membros\/August2023\/nx0lhz5971Or6p1aoNsn.jpeg?w=800&#038;ssl=1\" alt=\"\"\/><\/figure>\n\n\n\n<h3 class=\"wp-block-heading h6 fw-bold text-muted m-0\">Tanque de Silo\u00e9 Norte<\/h3>\n\n\n\n<p class=\"m-0 text-muted\">Pb. Josenilson Ferreira da Silva<\/p>\n\n\n\n<h2 class=\"wp-block-heading fw-bold h6 m-0\">\u00c1rea 6<\/h2>\n\n\n\n<h2 class=\"wp-block-heading fw-bold h6 m-0\">Setor 36<\/h2>\n\n\n\n<figure class=\"wp-block-image\"><img data-recalc-dims=\"1\" decoding=\"async\" src=\"https:\/\/i0.wp.com\/s3-propozzito.s3.amazonaws.com\/membros\/storage\/app\/public\/membros\/November2024\/CdmdjDUSVu4pVrotGlAC.jpeg?w=800&#038;ssl=1\" alt=\"\"\/><\/figure>\n\n\n\n<h3 class=\"wp-block-heading h6 fw-bold text-muted m-0\">BOA ESPERAN\u00c7A<\/h3>\n\n\n\n<p class=\"m-0 text-muted\">Ev. Edjalma Mendes da Silva<\/p>\n\n\n\n<figure class=\"wp-block-image\"><img data-recalc-dims=\"1\" decoding=\"async\" src=\"https:\/\/i0.wp.com\/s3-propozzito.s3.amazonaws.com\/membros\/storage\/app\/public\/membros\/Fotos\/1669.jpg?w=800&#038;ssl=1\" alt=\"\"\/><\/figure>\n\n\n\n<h3 class=\"wp-block-heading h6 fw-bold text-muted m-0\">Arca do Concerto<\/h3>\n\n\n\n<p class=\"m-0 text-muted\">Pb. Geraldo Felipe Bernardo<\/p>\n\n\n\n<figure class=\"wp-block-image\"><img data-recalc-dims=\"1\" decoding=\"async\" src=\"https:\/\/i0.wp.com\/s3-propozzito.s3.amazonaws.com\/membros\/storage\/app\/public\/membros\/January2025\/a4N0lIitGk3JQAz0SPew.jpg?w=800&#038;ssl=1\" alt=\"\"\/><\/figure>\n\n\n\n<h3 class=\"wp-block-heading h6 fw-bold text-muted m-0\">Carvalhais de Manre<\/h3>\n\n\n\n<p class=\"m-0 text-muted\">Pb. Jos\u00e9 Nilson Pereira Virgino<\/p>\n\n\n\n<figure class=\"wp-block-image\"><img data-recalc-dims=\"1\" decoding=\"async\" src=\"https:\/\/i0.wp.com\/s3-propozzito.s3.amazonaws.com\/membros\/storage\/app\/public\/membros\/Fotos\/49317.jpg?w=800&#038;ssl=1\" alt=\"\"\/><\/figure>\n\n\n\n<h3 class=\"wp-block-heading h6 fw-bold text-muted m-0\">Grande Natal<\/h3>\n\n\n\n<p class=\"m-0 text-muted\">Pb. Djavan Xavier de Oliveira<\/p>\n\n\n\n<figure class=\"wp-block-image\"><img data-recalc-dims=\"1\" decoding=\"async\" src=\"https:\/\/i0.wp.com\/s3-propozzito.s3.amazonaws.com\/membros\/storage\/app\/public\/membros\/Fotos\/11112.jpg?w=800&#038;ssl=1\" alt=\"\"\/><\/figure>\n\n\n\n<h3 class=\"wp-block-heading h6 fw-bold text-muted m-0\">Nordel\u00e2ndia<\/h3>\n\n\n\n<p class=\"m-0 text-muted\">Pb. Francisco Rejiner Barros Dantas<\/p>\n\n\n\n<figure class=\"wp-block-image\"><img data-recalc-dims=\"1\" decoding=\"async\" src=\"https:\/\/i0.wp.com\/s3-propozzito.s3.amazonaws.com\/membros\/storage\/app\/public\/membros\/May2022\/uJ4oSR0GrAIcP8g8WY4b.jpeg?w=800&#038;ssl=1\" alt=\"\"\/><\/figure>\n\n\n\n<h3 class=\"wp-block-heading h6 fw-bold text-muted m-0\">Sub. Luz da Aurora<\/h3>\n\n\n\n<p class=\"m-0 text-muted\">Pb. Roberval Batista de Alencar<\/p>\n\n\n\n<h2 class=\"wp-block-heading fw-bold h6 m-0\">\u00c1rea 6<\/h2>\n\n\n\n<h2 class=\"wp-block-heading fw-bold h6 m-0\">Setor 37<\/h2>\n\n\n\n<figure class=\"wp-block-image\"><img data-recalc-dims=\"1\" decoding=\"async\" src=\"https:\/\/i0.wp.com\/s3-propozzito.s3.amazonaws.com\/membros\/storage\/app\/public\/membros\/November2024\/TexUJXilx5YP1m2W2LZe.jpg?w=800&#038;ssl=1\" alt=\"\"\/><\/figure>\n\n\n\n<h3 class=\"wp-block-heading h6 fw-bold text-muted m-0\">NOVA ALIAN\u00c7A<\/h3>\n\n\n\n<p class=\"m-0 text-muted\">Ev. Te\u00f3gily da Silva Peres<\/p>\n\n\n\n<figure class=\"wp-block-image\"><img data-recalc-dims=\"1\" decoding=\"async\" src=\"https:\/\/i0.wp.com\/s3-propozzito.s3.amazonaws.com\/membros\/storage\/app\/public\/membros\/February2024\/7kQa17oGK20WUaaiKcQn.png?w=800&#038;ssl=1\" alt=\"\"\/><\/figure>\n\n\n\n<h3 class=\"wp-block-heading h6 fw-bold text-muted m-0\">Alian\u00e7a com Cristo<\/h3>\n\n\n\n<p class=\"m-0 text-muted\">Pb. Jos\u00e9 Nilton Xavier da Costa<\/p>\n\n\n\n<figure class=\"wp-block-image\"><img data-recalc-dims=\"1\" decoding=\"async\" src=\"https:\/\/i0.wp.com\/s3-propozzito.s3.amazonaws.com\/membros\/storage\/app\/public\/membros\/Fotos\/23103.jpg?w=800&#038;ssl=1\" alt=\"\"\/><\/figure>\n\n\n\n<h3 class=\"wp-block-heading h6 fw-bold text-muted m-0\">Centen\u00e1rio<\/h3>\n\n\n\n<p class=\"m-0 text-muted\">Pb. Edgard Alves de Morais<\/p>\n\n\n\n<figure class=\"wp-block-image\"><img data-recalc-dims=\"1\" decoding=\"async\" src=\"https:\/\/i0.wp.com\/s3-propozzito.s3.amazonaws.com\/membros\/storage\/app\/public\/membros\/Fotos\/25629.jpg?w=800&#038;ssl=1\" alt=\"\"\/><\/figure>\n\n\n\n<h3 class=\"wp-block-heading h6 fw-bold text-muted m-0\">Maanaim<\/h3>\n\n\n\n<p class=\"m-0 text-muted\">Pb. M\u00e1rio S\u00e9rgio Alves de Souza<\/p>\n\n\n\n<figure class=\"wp-block-image\"><img data-recalc-dims=\"1\" decoding=\"async\" src=\"https:\/\/i0.wp.com\/s3-propozzito.s3.amazonaws.com\/membros\/storage\/app\/public\/membros\/Fotos\/18458.jpg?w=800&#038;ssl=1\" alt=\"\"\/><\/figure>\n\n\n\n<h3 class=\"wp-block-heading h6 fw-bold text-muted m-0\">Monte Carmelo<\/h3>\n\n\n\n<p class=\"m-0 text-muted\">Pb. Joab Pereira de Gois<\/p>\n\n\n\n<figure class=\"wp-block-image\"><img data-recalc-dims=\"1\" decoding=\"async\" src=\"https:\/\/i0.wp.com\/s3-propozzito.s3.amazonaws.com\/membros\/storage\/app\/public\/membros\/Fotos\/23265.jpg?w=800&#038;ssl=1\" alt=\"\"\/><\/figure>\n\n\n\n<h3 class=\"wp-block-heading h6 fw-bold text-muted m-0\">Nova Esperan\u00e7a<\/h3>\n\n\n\n<p class=\"m-0 text-muted\">Pb. Gilson Xavier de Ara\u00fajo<\/p>\n\n\n\n<p><\/p>\n\n\n\n<p><\/p>\n\n\n\n<p><\/p>\n\n\n\n\n","protected":false},"excerpt":{"rendered":"<p>O Blog do Bispo teve acesso com exclusividade do Rod\u00edzio de pastores do ano de 2025 da IEADERN. A lista foi confirmada com o an\u00fancio na noite desta quarta-feira (8). \u00c1rea 1 Setor 1 PTE. BANDEIRA Ev. Paulo Roberto de Souza Cidade Alta Pb. Martim Fernandes da Silva Nova Galil\u00e9ia Pb. Salatiel Jer\u00f4nimo Oleg\u00e1rio Novo [&hellip;]<\/p>\n","protected":false},"author":1,"featured_media":0,"comment_status":"open","ping_status":"open","sticky":false,"template":"","format":"standard","meta":{"cybocfi_hide_featured_image":"","_jetpack_memberships_contains_paid_content":false,"footnotes":""},"categories":[1],"tags":[],"class_list":["post-4458","post","type-post","status-publish","format-standard","hentry","category-diversos"],"yoast_head":"<!-- This site is optimized with the Yoast SEO plugin v25.6 - https:\/\/yoast.com\/wordpress\/plugins\/seo\/ -->\n<title>Exclusivo: Lista de rod\u00edzio de pastores IEADERN 2025 - Blog do Bispo<\/title>\n<meta name=\"robots\" content=\"index, follow, max-snippet:-1, max-image-preview:large, max-video-preview:-1\" \/>\n<link rel=\"canonical\" href=\"https:\/\/blogdobispo.com.br\/?p=4458\" \/>\n<meta property=\"og:locale\" content=\"pt_BR\" \/>\n<meta property=\"og:type\" content=\"article\" \/>\n<meta property=\"og:title\" content=\"Exclusivo: Lista de rod\u00edzio de pastores IEADERN 2025 - Blog do Bispo\" \/>\n<meta property=\"og:description\" content=\"O Blog do Bispo teve acesso com exclusividade do Rod\u00edzio de pastores do ano de 2025 da IEADERN. A lista foi confirmada com o an\u00fancio na noite desta quarta-feira (8). \u00c1rea 1 Setor 1 PTE. BANDEIRA Ev. Paulo Roberto de Souza Cidade Alta Pb. Martim Fernandes da Silva Nova Galil\u00e9ia Pb. Salatiel Jer\u00f4nimo Oleg\u00e1rio Novo [&hellip;]\" \/>\n<meta property=\"og:url\" content=\"https:\/\/blogdobispo.com.br\/?p=4458\" \/>\n<meta property=\"og:site_name\" content=\"Blog do Bispo\" \/>\n<meta property=\"article:published_time\" content=\"2025-01-08T18:03:58+00:00\" \/>\n<meta property=\"article:modified_time\" content=\"2025-01-09T15:42:13+00:00\" \/>\n<meta property=\"og:image\" content=\"https:\/\/s3-propozzito.s3.amazonaws.com\/membros\/storage\/app\/public\/membros\/November2024\/YWGecUrUcrKfVcrl7uoX.jpeg\" \/>\n<meta name=\"author\" content=\"Jefferson Sterfeno\" \/>\n<meta name=\"twitter:card\" content=\"summary_large_image\" \/>\n<meta name=\"twitter:label1\" content=\"Escrito por\" \/>\n\t<meta name=\"twitter:data1\" content=\"Jefferson Sterfeno\" \/>\n\t<meta name=\"twitter:label2\" content=\"Est. tempo de leitura\" \/>\n\t<meta name=\"twitter:data2\" content=\"10 minutos\" \/>\n<script type=\"application\/ld+json\" class=\"yoast-schema-graph\">{\"@context\":\"https:\/\/schema.org\",\"@graph\":[{\"@type\":\"Article\",\"@id\":\"https:\/\/blogdobispo.com.br\/?p=4458#article\",\"isPartOf\":{\"@id\":\"https:\/\/blogdobispo.com.br\/?p=4458\"},\"author\":{\"name\":\"Jefferson Sterfeno\",\"@id\":\"https:\/\/blogdobispo.com.br\/#\/schema\/person\/e2209cc0e6cea5c5233d033e997b373f\"},\"headline\":\"Exclusivo: Lista de rod\u00edzio de pastores IEADERN 2025\",\"datePublished\":\"2025-01-08T18:03:58+00:00\",\"dateModified\":\"2025-01-09T15:42:13+00:00\",\"mainEntityOfPage\":{\"@id\":\"https:\/\/blogdobispo.com.br\/?p=4458\"},\"wordCount\":2098,\"commentCount\":1,\"publisher\":{\"@id\":\"https:\/\/blogdobispo.com.br\/#organization\"},\"image\":{\"@id\":\"https:\/\/blogdobispo.com.br\/?p=4458#primaryimage\"},\"thumbnailUrl\":\"https:\/\/s3-propozzito.s3.amazonaws.com\/membros\/storage\/app\/public\/membros\/November2024\/YWGecUrUcrKfVcrl7uoX.jpeg\",\"articleSection\":[\"diversos\"],\"inLanguage\":\"pt-BR\",\"potentialAction\":[{\"@type\":\"CommentAction\",\"name\":\"Comment\",\"target\":[\"https:\/\/blogdobispo.com.br\/?p=4458#respond\"]}]},{\"@type\":\"WebPage\",\"@id\":\"https:\/\/blogdobispo.com.br\/?p=4458\",\"url\":\"https:\/\/blogdobispo.com.br\/?p=4458\",\"name\":\"Exclusivo: Lista de rod\u00edzio de pastores IEADERN 2025 - Blog do Bispo\",\"isPartOf\":{\"@id\":\"https:\/\/blogdobispo.com.br\/#website\"},\"primaryImageOfPage\":{\"@id\":\"https:\/\/blogdobispo.com.br\/?p=4458#primaryimage\"},\"image\":{\"@id\":\"https:\/\/blogdobispo.com.br\/?p=4458#primaryimage\"},\"thumbnailUrl\":\"https:\/\/s3-propozzito.s3.amazonaws.com\/membros\/storage\/app\/public\/membros\/November2024\/YWGecUrUcrKfVcrl7uoX.jpeg\",\"datePublished\":\"2025-01-08T18:03:58+00:00\",\"dateModified\":\"2025-01-09T15:42:13+00:00\",\"breadcrumb\":{\"@id\":\"https:\/\/blogdobispo.com.br\/?p=4458#breadcrumb\"},\"inLanguage\":\"pt-BR\",\"potentialAction\":[{\"@type\":\"ReadAction\",\"target\":[\"https:\/\/blogdobispo.com.br\/?p=4458\"]}]},{\"@type\":\"ImageObject\",\"inLanguage\":\"pt-BR\",\"@id\":\"https:\/\/blogdobispo.com.br\/?p=4458#primaryimage\",\"url\":\"https:\/\/s3-propozzito.s3.amazonaws.com\/membros\/storage\/app\/public\/membros\/November2024\/YWGecUrUcrKfVcrl7uoX.jpeg\",\"contentUrl\":\"https:\/\/s3-propozzito.s3.amazonaws.com\/membros\/storage\/app\/public\/membros\/November2024\/YWGecUrUcrKfVcrl7uoX.jpeg\"},{\"@type\":\"BreadcrumbList\",\"@id\":\"https:\/\/blogdobispo.com.br\/?p=4458#breadcrumb\",\"itemListElement\":[{\"@type\":\"ListItem\",\"position\":1,\"name\":\"In\u00edcio\",\"item\":\"https:\/\/blogdobispo.com.br\/\"},{\"@type\":\"ListItem\",\"position\":2,\"name\":\"Exclusivo: Lista de rod\u00edzio de pastores IEADERN 2025\"}]},{\"@type\":\"WebSite\",\"@id\":\"https:\/\/blogdobispo.com.br\/#website\",\"url\":\"https:\/\/blogdobispo.com.br\/\",\"name\":\"Blog do Bispo\",\"description\":\"Comprometido apenas com o leitor\",\"publisher\":{\"@id\":\"https:\/\/blogdobispo.com.br\/#organization\"},\"potentialAction\":[{\"@type\":\"SearchAction\",\"target\":{\"@type\":\"EntryPoint\",\"urlTemplate\":\"https:\/\/blogdobispo.com.br\/?s={search_term_string}\"},\"query-input\":{\"@type\":\"PropertyValueSpecification\",\"valueRequired\":true,\"valueName\":\"search_term_string\"}}],\"inLanguage\":\"pt-BR\"},{\"@type\":\"Organization\",\"@id\":\"https:\/\/blogdobispo.com.br\/#organization\",\"name\":\"Blog do Bispo\",\"url\":\"https:\/\/blogdobispo.com.br\/\",\"logo\":{\"@type\":\"ImageObject\",\"inLanguage\":\"pt-BR\",\"@id\":\"https:\/\/blogdobispo.com.br\/#\/schema\/logo\/image\/\",\"url\":\"http:\/\/blogdobispo.com.br\/wp-content\/uploads\/2023\/05\/cropped-headear.png\",\"contentUrl\":\"http:\/\/blogdobispo.com.br\/wp-content\/uploads\/2023\/05\/cropped-headear.png\",\"width\":1500,\"height\":399,\"caption\":\"Blog do Bispo\"},\"image\":{\"@id\":\"https:\/\/blogdobispo.com.br\/#\/schema\/logo\/image\/\"}},{\"@type\":\"Person\",\"@id\":\"https:\/\/blogdobispo.com.br\/#\/schema\/person\/e2209cc0e6cea5c5233d033e997b373f\",\"name\":\"Jefferson Sterfeno\",\"image\":{\"@type\":\"ImageObject\",\"inLanguage\":\"pt-BR\",\"@id\":\"https:\/\/blogdobispo.com.br\/#\/schema\/person\/image\/\",\"url\":\"https:\/\/secure.gravatar.com\/avatar\/0534e84764641168a677026b6d57a3f51dc7ac4db0b4f6186d9cb330d4ee1160?s=96&d=mm&r=g\",\"contentUrl\":\"https:\/\/secure.gravatar.com\/avatar\/0534e84764641168a677026b6d57a3f51dc7ac4db0b4f6186d9cb330d4ee1160?s=96&d=mm&r=g\",\"caption\":\"Jefferson Sterfeno\"},\"sameAs\":[\"http:\/\/blogdobispo.com.br\"],\"url\":\"https:\/\/blogdobispo.com.br\/?author=1\"}]}<\/script>\n<!-- \/ Yoast SEO plugin. -->","yoast_head_json":{"title":"Exclusivo: Lista de rod\u00edzio de pastores IEADERN 2025 - Blog do Bispo","robots":{"index":"index","follow":"follow","max-snippet":"max-snippet:-1","max-image-preview":"max-image-preview:large","max-video-preview":"max-video-preview:-1"},"canonical":"https:\/\/blogdobispo.com.br\/?p=4458","og_locale":"pt_BR","og_type":"article","og_title":"Exclusivo: Lista de rod\u00edzio de pastores IEADERN 2025 - Blog do Bispo","og_description":"O Blog do Bispo teve acesso com exclusividade do Rod\u00edzio de pastores do ano de 2025 da IEADERN. A lista foi confirmada com o an\u00fancio na noite desta quarta-feira (8). \u00c1rea 1 Setor 1 PTE. BANDEIRA Ev. Paulo Roberto de Souza Cidade Alta Pb. Martim Fernandes da Silva Nova Galil\u00e9ia Pb. Salatiel Jer\u00f4nimo Oleg\u00e1rio Novo [&hellip;]","og_url":"https:\/\/blogdobispo.com.br\/?p=4458","og_site_name":"Blog do Bispo","article_published_time":"2025-01-08T18:03:58+00:00","article_modified_time":"2025-01-09T15:42:13+00:00","og_image":[{"url":"https:\/\/s3-propozzito.s3.amazonaws.com\/membros\/storage\/app\/public\/membros\/November2024\/YWGecUrUcrKfVcrl7uoX.jpeg","type":"","width":"","height":""}],"author":"Jefferson Sterfeno","twitter_card":"summary_large_image","twitter_misc":{"Escrito por":"Jefferson Sterfeno","Est. tempo de leitura":"10 minutos"},"schema":{"@context":"https:\/\/schema.org","@graph":[{"@type":"Article","@id":"https:\/\/blogdobispo.com.br\/?p=4458#article","isPartOf":{"@id":"https:\/\/blogdobispo.com.br\/?p=4458"},"author":{"name":"Jefferson Sterfeno","@id":"https:\/\/blogdobispo.com.br\/#\/schema\/person\/e2209cc0e6cea5c5233d033e997b373f"},"headline":"Exclusivo: Lista de rod\u00edzio de pastores IEADERN 2025","datePublished":"2025-01-08T18:03:58+00:00","dateModified":"2025-01-09T15:42:13+00:00","mainEntityOfPage":{"@id":"https:\/\/blogdobispo.com.br\/?p=4458"},"wordCount":2098,"commentCount":1,"publisher":{"@id":"https:\/\/blogdobispo.com.br\/#organization"},"image":{"@id":"https:\/\/blogdobispo.com.br\/?p=4458#primaryimage"},"thumbnailUrl":"https:\/\/s3-propozzito.s3.amazonaws.com\/membros\/storage\/app\/public\/membros\/November2024\/YWGecUrUcrKfVcrl7uoX.jpeg","articleSection":["diversos"],"inLanguage":"pt-BR","potentialAction":[{"@type":"CommentAction","name":"Comment","target":["https:\/\/blogdobispo.com.br\/?p=4458#respond"]}]},{"@type":"WebPage","@id":"https:\/\/blogdobispo.com.br\/?p=4458","url":"https:\/\/blogdobispo.com.br\/?p=4458","name":"Exclusivo: Lista de rod\u00edzio de pastores IEADERN 2025 - Blog do Bispo","isPartOf":{"@id":"https:\/\/blogdobispo.com.br\/#website"},"primaryImageOfPage":{"@id":"https:\/\/blogdobispo.com.br\/?p=4458#primaryimage"},"image":{"@id":"https:\/\/blogdobispo.com.br\/?p=4458#primaryimage"},"thumbnailUrl":"https:\/\/s3-propozzito.s3.amazonaws.com\/membros\/storage\/app\/public\/membros\/November2024\/YWGecUrUcrKfVcrl7uoX.jpeg","datePublished":"2025-01-08T18:03:58+00:00","dateModified":"2025-01-09T15:42:13+00:00","breadcrumb":{"@id":"https:\/\/blogdobispo.com.br\/?p=4458#breadcrumb"},"inLanguage":"pt-BR","potentialAction":[{"@type":"ReadAction","target":["https:\/\/blogdobispo.com.br\/?p=4458"]}]},{"@type":"ImageObject","inLanguage":"pt-BR","@id":"https:\/\/blogdobispo.com.br\/?p=4458#primaryimage","url":"https:\/\/s3-propozzito.s3.amazonaws.com\/membros\/storage\/app\/public\/membros\/November2024\/YWGecUrUcrKfVcrl7uoX.jpeg","contentUrl":"https:\/\/s3-propozzito.s3.amazonaws.com\/membros\/storage\/app\/public\/membros\/November2024\/YWGecUrUcrKfVcrl7uoX.jpeg"},{"@type":"BreadcrumbList","@id":"https:\/\/blogdobispo.com.br\/?p=4458#breadcrumb","itemListElement":[{"@type":"ListItem","position":1,"name":"In\u00edcio","item":"https:\/\/blogdobispo.com.br\/"},{"@type":"ListItem","position":2,"name":"Exclusivo: Lista de rod\u00edzio de pastores IEADERN 2025"}]},{"@type":"WebSite","@id":"https:\/\/blogdobispo.com.br\/#website","url":"https:\/\/blogdobispo.com.br\/","name":"Blog do Bispo","description":"Comprometido apenas com o leitor","publisher":{"@id":"https:\/\/blogdobispo.com.br\/#organization"},"potentialAction":[{"@type":"SearchAction","target":{"@type":"EntryPoint","urlTemplate":"https:\/\/blogdobispo.com.br\/?s={search_term_string}"},"query-input":{"@type":"PropertyValueSpecification","valueRequired":true,"valueName":"search_term_string"}}],"inLanguage":"pt-BR"},{"@type":"Organization","@id":"https:\/\/blogdobispo.com.br\/#organization","name":"Blog do Bispo","url":"https:\/\/blogdobispo.com.br\/","logo":{"@type":"ImageObject","inLanguage":"pt-BR","@id":"https:\/\/blogdobispo.com.br\/#\/schema\/logo\/image\/","url":"http:\/\/blogdobispo.com.br\/wp-content\/uploads\/2023\/05\/cropped-headear.png","contentUrl":"http:\/\/blogdobispo.com.br\/wp-content\/uploads\/2023\/05\/cropped-headear.png","width":1500,"height":399,"caption":"Blog do Bispo"},"image":{"@id":"https:\/\/blogdobispo.com.br\/#\/schema\/logo\/image\/"}},{"@type":"Person","@id":"https:\/\/blogdobispo.com.br\/#\/schema\/person\/e2209cc0e6cea5c5233d033e997b373f","name":"Jefferson Sterfeno","image":{"@type":"ImageObject","inLanguage":"pt-BR","@id":"https:\/\/blogdobispo.com.br\/#\/schema\/person\/image\/","url":"https:\/\/secure.gravatar.com\/avatar\/0534e84764641168a677026b6d57a3f51dc7ac4db0b4f6186d9cb330d4ee1160?s=96&d=mm&r=g","contentUrl":"https:\/\/secure.gravatar.com\/avatar\/0534e84764641168a677026b6d57a3f51dc7ac4db0b4f6186d9cb330d4ee1160?s=96&d=mm&r=g","caption":"Jefferson Sterfeno"},"sameAs":["http:\/\/blogdobispo.com.br"],"url":"https:\/\/blogdobispo.com.br\/?author=1"}]}},"featured_image_urls":{"full":"","thumbnail":"","medium":"","medium_large":"","large":"","1536x1536":"","2048x2048":""},"author_info":{"display_name":"Jefferson Sterfeno","author_link":"https:\/\/blogdobispo.com.br\/?author=1"},"category_info":"<a href=\"https:\/\/blogdobispo.com.br\/?cat=1\" rel=\"category\">diversos<\/a>","tag_info":"diversos","comment_count":"1","jetpack_featured_media_url":"","jetpack_sharing_enabled":true,"_links":{"self":[{"href":"https:\/\/blogdobispo.com.br\/index.php?rest_route=\/wp\/v2\/posts\/4458","targetHints":{"allow":["GET"]}}],"collection":[{"href":"https:\/\/blogdobispo.com.br\/index.php?rest_route=\/wp\/v2\/posts"}],"about":[{"href":"https:\/\/blogdobispo.com.br\/index.php?rest_route=\/wp\/v2\/types\/post"}],"author":[{"embeddable":true,"href":"https:\/\/blogdobispo.com.br\/index.php?rest_route=\/wp\/v2\/users\/1"}],"replies":[{"embeddable":true,"href":"https:\/\/blogdobispo.com.br\/index.php?rest_route=%2Fwp%2Fv2%2Fcomments&post=4458"}],"version-history":[{"count":5,"href":"https:\/\/blogdobispo.com.br\/index.php?rest_route=\/wp\/v2\/posts\/4458\/revisions"}],"predecessor-version":[{"id":4466,"href":"https:\/\/blogdobispo.com.br\/index.php?rest_route=\/wp\/v2\/posts\/4458\/revisions\/4466"}],"wp:attachment":[{"href":"https:\/\/blogdobispo.com.br\/index.php?rest_route=%2Fwp%2Fv2%2Fmedia&parent=4458"}],"wp:term":[{"taxonomy":"category","embeddable":true,"href":"https:\/\/blogdobispo.com.br\/index.php?rest_route=%2Fwp%2Fv2%2Fcategories&post=4458"},{"taxonomy":"post_tag","embeddable":true,"href":"https:\/\/blogdobispo.com.br\/index.php?rest_route=%2Fwp%2Fv2%2Ftags&post=4458"}],"curies":[{"name":"wp","href":"https:\/\/api.w.org\/{rel}","templated":true}]}}