{"id":4419,"date":"2025-01-08T15:48:52","date_gmt":"2025-01-08T15:48:52","guid":{"rendered":"https:\/\/blogdobispo.com.br\/?p=4419"},"modified":"2025-01-08T15:48:52","modified_gmt":"2025-01-08T15:48:52","slug":"paulinho-freire-define-adjuntos-de-secretarias-veja-lista-de-nomeados","status":"publish","type":"post","link":"https:\/\/blogdobispo.com.br\/?p=4419","title":{"rendered":"Paulinho Freire define adjuntos de secretarias; veja lista de nomeados"},"content":{"rendered":"\n<figure class=\"wp-block-image size-large\"><img data-recalc-dims=\"1\" fetchpriority=\"high\" decoding=\"async\" width=\"300\" height=\"221\" src=\"https:\/\/i0.wp.com\/blogdobispo.com.br\/wp-content\/uploads\/2025\/01\/img_2186-1-300x221.jpg?resize=300%2C221&#038;ssl=1\" class=\"wp-image-4418\" srcset=\"https:\/\/i0.wp.com\/blogdobispo.com.br\/wp-content\/uploads\/2025\/01\/img_2186-1.jpg?resize=300%2C221&amp;ssl=1 300w, https:\/\/i0.wp.com\/blogdobispo.com.br\/wp-content\/uploads\/2025\/01\/img_2186-1.jpg?w=390&amp;ssl=1 390w\" sizes=\"(max-width: 300px) 100vw, 300px\" \/><\/figure>\n\n\n\n<p>O Prefeito de Natal, Paulinho Freire, nomeou 14 nomes para cargos de secret\u00e1rios adjuntos de diversas pastas da gest\u00e3o. Entre elas, est\u00e3o a de seguran\u00e7a, servi\u00e7os urbanos e turismo. As nomea\u00e7\u00f5es foram feitas por meio de portarias publicadas no Di\u00e1rio Oficial do Munic\u00edpio (DOM) desta quarta-feira (8).<\/p>\n\n\n\n<h2 class=\"wp-block-heading\">Confira nomes dos secret\u00e1rios adjuntos:<\/h2>\n\n\n\n<ul class=\"wp-block-list\">\n<li>Marcio Gomes dos Santos \u2013 Secret\u00e1rio Adjunto de Esporte e Lazer;<\/li>\n\n\n\n<li>M\u00e1rcia Silva Lemos \u2013 Secret\u00e1ria Adjunta de Acompanhamento Governamental;<\/li>\n\n\n\n<li>Christiane de Ara\u00fajo Alecrim \u2013 Secret\u00e1ria Adjunta de Turismo;<\/li>\n\n\n\n<li>Francisco Carlos Fonseca \u2013 Secret\u00e1rio Adjunto de Seguran\u00e7a;<\/li>\n\n\n\n<li>Anderson Lopes da Silva \u2013 Secret\u00e1rio Adjunto de Trabalho e Assist\u00eancia Social;<\/li>\n\n\n\n<li>Victor da Cunha Matoso \u2013 Secret\u00e1rio Adjunto de Servi\u00e7os Urbanos;<\/li>\n\n\n\n<li>Nilton de Souza Pereira Filho \u2013 Secret\u00e1rio Adjunto de Tr\u00e2nsito;<\/li>\n\n\n\n<li>Pedro Paulo de Medeiros Monteiro Lobato Cruz \u2013 Secret\u00e1rio Adjunto de Gest\u00e3o de Pessoas da Semad;<\/li>\n\n\n\n<li>Breno Tavares Nunes \u2013 Secret\u00e1rio Adjunto de Administra\u00e7\u00e3o Geral da Semad;<\/li>\n\n\n\n<li>Rafael Gurgel Dias \u2013 Secret\u00e1rio Adjunto de Opera\u00e7\u00f5es da Seinfra;<\/li>\n\n\n\n<li>Lucas Gabriel Pinheiro da Silva \u2013 Secret\u00e1rio Adjunto de Conserva\u00e7\u00e3o da Seinfra;<\/li>\n\n\n\n<li>Carlos de Queiroz Santos Junior \u2013 Secret\u00e1rio Adjunto de Planejamento da Seinfra;<\/li>\n\n\n\n<li>Vanessa Pinheiro F\u00e9lix \u2013 Secret\u00e1ria Adjunta de Receita da Sefin;<\/li>\n\n\n\n<li>Damares Cl\u00e1udia da Costa Bezerra \u2013 Secret\u00e1ria Adjunta de Or\u00e7amento e Finan\u00e7as da Sefin;<\/li>\n\n\n\n<li><\/li>\n<\/ul>\n\n\n\n<ul class=\"wp-block-list share_list\">\n<li><a href=\"https:\/\/wa.me\/?text=Paulinho+Freire+define+adjuntos+de+secretarias%3B+veja+lista+de+nomeados%20|%20https:\/\/98fmnatal.com.br\/ultimas\/paulinho-freire-define-adjuntos-de-secretarias-veja-lista-de-nomeados\/272667\/\" target=\"_blank\" rel=\"noreferrer noopener\"><\/a><\/li>\n\n\n\n<li><a href=\"https:\/\/www.facebook.com\/sharer.php?u=https:\/\/98fmnatal.com.br\/ultimas\/paulinho-freire-define-adjuntos-de-secretarias-veja-lista-de-nomeados\/272667\/&amp;text=Paulinho+Freire+define+adjuntos+de+secretarias%3B+veja+lista+de+nomeados\" target=\"_blank\" rel=\"noreferrer noopener\"><\/a><\/li>\n\n\n\n<li><a href=\"https:\/\/twitter.com\/intent\/tweet?url=https:\/\/98fmnatal.com.br\/ultimas\/paulinho-freire-define-adjuntos-de-secretarias-veja-lista-de-nomeados\/272667\/&amp;text=Paulinho+Freire+define+adjuntos+de+secretarias%3B+veja+lista+de+nomeados&amp;via=98fmnatal\" target=\"_blank\" rel=\"noreferrer noopener\"><\/a><\/li>\n\n\n\n<li><a href=\"https:\/\/www.linkedin.com\/shareArticle\/?mini=true&amp;url=Paulinho+Freire+define+adjuntos+de+secretarias%3B+veja+lista+de+nomeados&amp;source=98fmnatal.com.br\" target=\"_blank\" rel=\"noreferrer noopener\"><\/a><\/li>\n<\/ul>\n\n\n\n<p>98 Fm<\/p>\n\n\n\n<figure class=\"wp-block-image size-large\"><img data-recalc-dims=\"1\" decoding=\"async\" width=\"390\" height=\"287\" src=\"https:\/\/i0.wp.com\/blogdobispo.com.br\/wp-content\/uploads\/2025\/01\/img_2186-2-1.jpg?resize=390%2C287&#038;ssl=1\" class=\"wp-image-4417\" srcset=\"https:\/\/i0.wp.com\/blogdobispo.com.br\/wp-content\/uploads\/2025\/01\/img_2186-2-1.jpg?w=390&amp;ssl=1 390w, https:\/\/i0.wp.com\/blogdobispo.com.br\/wp-content\/uploads\/2025\/01\/img_2186-2-1.jpg?resize=300%2C221&amp;ssl=1 300w\" sizes=\"(max-width: 390px) 100vw, 390px\" \/><\/figure>\n","protected":false},"excerpt":{"rendered":"<p>O Prefeito de Natal, Paulinho Freire, nomeou 14 nomes para cargos de secret\u00e1rios adjuntos de diversas pastas da gest\u00e3o. Entre elas, est\u00e3o a de seguran\u00e7a, servi\u00e7os urbanos e turismo. As nomea\u00e7\u00f5es foram feitas por meio de portarias publicadas no Di\u00e1rio Oficial do Munic\u00edpio (DOM) desta quarta-feira (8). Confira nomes dos secret\u00e1rios adjuntos: 98 Fm<\/p>\n","protected":false},"author":1,"featured_media":0,"comment_status":"open","ping_status":"open","sticky":false,"template":"","format":"standard","meta":{"cybocfi_hide_featured_image":"","_jetpack_memberships_contains_paid_content":false,"footnotes":""},"categories":[1],"tags":[],"class_list":["post-4419","post","type-post","status-publish","format-standard","hentry","category-diversos"],"yoast_head":"<!-- This site is optimized with the Yoast SEO plugin v25.6 - https:\/\/yoast.com\/wordpress\/plugins\/seo\/ -->\n<title>Paulinho Freire define adjuntos de secretarias; veja lista de nomeados - Blog do Bispo<\/title>\n<meta name=\"robots\" content=\"index, follow, max-snippet:-1, max-image-preview:large, max-video-preview:-1\" \/>\n<link rel=\"canonical\" href=\"https:\/\/blogdobispo.com.br\/?p=4419\" \/>\n<meta property=\"og:locale\" content=\"pt_BR\" \/>\n<meta property=\"og:type\" content=\"article\" \/>\n<meta property=\"og:title\" content=\"Paulinho Freire define adjuntos de secretarias; veja lista de nomeados - Blog do Bispo\" \/>\n<meta property=\"og:description\" content=\"O Prefeito de Natal, Paulinho Freire, nomeou 14 nomes para cargos de secret\u00e1rios adjuntos de diversas pastas da gest\u00e3o. Entre elas, est\u00e3o a de seguran\u00e7a, servi\u00e7os urbanos e turismo. As nomea\u00e7\u00f5es foram feitas por meio de portarias publicadas no Di\u00e1rio Oficial do Munic\u00edpio (DOM) desta quarta-feira (8). Confira nomes dos secret\u00e1rios adjuntos: 98 Fm\" \/>\n<meta property=\"og:url\" content=\"https:\/\/blogdobispo.com.br\/?p=4419\" \/>\n<meta property=\"og:site_name\" content=\"Blog do Bispo\" \/>\n<meta property=\"article:published_time\" content=\"2025-01-08T15:48:52+00:00\" \/>\n<meta property=\"og:image\" content=\"https:\/\/blogdobispo.com.br\/wp-content\/uploads\/2025\/01\/img_2186-1-300x221.jpg\" \/>\n<meta name=\"author\" content=\"Jefferson Sterfeno\" \/>\n<meta name=\"twitter:card\" content=\"summary_large_image\" \/>\n<meta name=\"twitter:label1\" content=\"Escrito por\" \/>\n\t<meta name=\"twitter:data1\" content=\"Jefferson Sterfeno\" \/>\n\t<meta name=\"twitter:label2\" content=\"Est. tempo de leitura\" \/>\n\t<meta name=\"twitter:data2\" content=\"1 minuto\" \/>\n<script type=\"application\/ld+json\" class=\"yoast-schema-graph\">{\"@context\":\"https:\/\/schema.org\",\"@graph\":[{\"@type\":\"Article\",\"@id\":\"https:\/\/blogdobispo.com.br\/?p=4419#article\",\"isPartOf\":{\"@id\":\"https:\/\/blogdobispo.com.br\/?p=4419\"},\"author\":{\"name\":\"Jefferson Sterfeno\",\"@id\":\"https:\/\/blogdobispo.com.br\/#\/schema\/person\/e2209cc0e6cea5c5233d033e997b373f\"},\"headline\":\"Paulinho Freire define adjuntos de secretarias; veja lista de nomeados\",\"datePublished\":\"2025-01-08T15:48:52+00:00\",\"mainEntityOfPage\":{\"@id\":\"https:\/\/blogdobispo.com.br\/?p=4419\"},\"wordCount\":238,\"commentCount\":0,\"publisher\":{\"@id\":\"https:\/\/blogdobispo.com.br\/#organization\"},\"image\":{\"@id\":\"https:\/\/blogdobispo.com.br\/?p=4419#primaryimage\"},\"thumbnailUrl\":\"https:\/\/blogdobispo.com.br\/wp-content\/uploads\/2025\/01\/img_2186-1-300x221.jpg\",\"articleSection\":[\"diversos\"],\"inLanguage\":\"pt-BR\",\"potentialAction\":[{\"@type\":\"CommentAction\",\"name\":\"Comment\",\"target\":[\"https:\/\/blogdobispo.com.br\/?p=4419#respond\"]}]},{\"@type\":\"WebPage\",\"@id\":\"https:\/\/blogdobispo.com.br\/?p=4419\",\"url\":\"https:\/\/blogdobispo.com.br\/?p=4419\",\"name\":\"Paulinho Freire define adjuntos de secretarias; veja lista de nomeados - Blog do Bispo\",\"isPartOf\":{\"@id\":\"https:\/\/blogdobispo.com.br\/#website\"},\"primaryImageOfPage\":{\"@id\":\"https:\/\/blogdobispo.com.br\/?p=4419#primaryimage\"},\"image\":{\"@id\":\"https:\/\/blogdobispo.com.br\/?p=4419#primaryimage\"},\"thumbnailUrl\":\"https:\/\/blogdobispo.com.br\/wp-content\/uploads\/2025\/01\/img_2186-1-300x221.jpg\",\"datePublished\":\"2025-01-08T15:48:52+00:00\",\"breadcrumb\":{\"@id\":\"https:\/\/blogdobispo.com.br\/?p=4419#breadcrumb\"},\"inLanguage\":\"pt-BR\",\"potentialAction\":[{\"@type\":\"ReadAction\",\"target\":[\"https:\/\/blogdobispo.com.br\/?p=4419\"]}]},{\"@type\":\"ImageObject\",\"inLanguage\":\"pt-BR\",\"@id\":\"https:\/\/blogdobispo.com.br\/?p=4419#primaryimage\",\"url\":\"https:\/\/blogdobispo.com.br\/wp-content\/uploads\/2025\/01\/img_2186-1-300x221.jpg\",\"contentUrl\":\"https:\/\/blogdobispo.com.br\/wp-content\/uploads\/2025\/01\/img_2186-1-300x221.jpg\"},{\"@type\":\"BreadcrumbList\",\"@id\":\"https:\/\/blogdobispo.com.br\/?p=4419#breadcrumb\",\"itemListElement\":[{\"@type\":\"ListItem\",\"position\":1,\"name\":\"In\u00edcio\",\"item\":\"https:\/\/blogdobispo.com.br\/\"},{\"@type\":\"ListItem\",\"position\":2,\"name\":\"Paulinho Freire define adjuntos de secretarias; veja lista de nomeados\"}]},{\"@type\":\"WebSite\",\"@id\":\"https:\/\/blogdobispo.com.br\/#website\",\"url\":\"https:\/\/blogdobispo.com.br\/\",\"name\":\"Blog do Bispo\",\"description\":\"Comprometido apenas com o leitor\",\"publisher\":{\"@id\":\"https:\/\/blogdobispo.com.br\/#organization\"},\"potentialAction\":[{\"@type\":\"SearchAction\",\"target\":{\"@type\":\"EntryPoint\",\"urlTemplate\":\"https:\/\/blogdobispo.com.br\/?s={search_term_string}\"},\"query-input\":{\"@type\":\"PropertyValueSpecification\",\"valueRequired\":true,\"valueName\":\"search_term_string\"}}],\"inLanguage\":\"pt-BR\"},{\"@type\":\"Organization\",\"@id\":\"https:\/\/blogdobispo.com.br\/#organization\",\"name\":\"Blog do Bispo\",\"url\":\"https:\/\/blogdobispo.com.br\/\",\"logo\":{\"@type\":\"ImageObject\",\"inLanguage\":\"pt-BR\",\"@id\":\"https:\/\/blogdobispo.com.br\/#\/schema\/logo\/image\/\",\"url\":\"http:\/\/blogdobispo.com.br\/wp-content\/uploads\/2023\/05\/cropped-headear.png\",\"contentUrl\":\"http:\/\/blogdobispo.com.br\/wp-content\/uploads\/2023\/05\/cropped-headear.png\",\"width\":1500,\"height\":399,\"caption\":\"Blog do Bispo\"},\"image\":{\"@id\":\"https:\/\/blogdobispo.com.br\/#\/schema\/logo\/image\/\"}},{\"@type\":\"Person\",\"@id\":\"https:\/\/blogdobispo.com.br\/#\/schema\/person\/e2209cc0e6cea5c5233d033e997b373f\",\"name\":\"Jefferson Sterfeno\",\"image\":{\"@type\":\"ImageObject\",\"inLanguage\":\"pt-BR\",\"@id\":\"https:\/\/blogdobispo.com.br\/#\/schema\/person\/image\/\",\"url\":\"https:\/\/secure.gravatar.com\/avatar\/0534e84764641168a677026b6d57a3f51dc7ac4db0b4f6186d9cb330d4ee1160?s=96&d=mm&r=g\",\"contentUrl\":\"https:\/\/secure.gravatar.com\/avatar\/0534e84764641168a677026b6d57a3f51dc7ac4db0b4f6186d9cb330d4ee1160?s=96&d=mm&r=g\",\"caption\":\"Jefferson Sterfeno\"},\"sameAs\":[\"http:\/\/blogdobispo.com.br\"],\"url\":\"https:\/\/blogdobispo.com.br\/?author=1\"}]}<\/script>\n<!-- \/ Yoast SEO plugin. -->","yoast_head_json":{"title":"Paulinho Freire define adjuntos de secretarias; veja lista de nomeados - Blog do Bispo","robots":{"index":"index","follow":"follow","max-snippet":"max-snippet:-1","max-image-preview":"max-image-preview:large","max-video-preview":"max-video-preview:-1"},"canonical":"https:\/\/blogdobispo.com.br\/?p=4419","og_locale":"pt_BR","og_type":"article","og_title":"Paulinho Freire define adjuntos de secretarias; veja lista de nomeados - Blog do Bispo","og_description":"O Prefeito de Natal, Paulinho Freire, nomeou 14 nomes para cargos de secret\u00e1rios adjuntos de diversas pastas da gest\u00e3o. Entre elas, est\u00e3o a de seguran\u00e7a, servi\u00e7os urbanos e turismo. As nomea\u00e7\u00f5es foram feitas por meio de portarias publicadas no Di\u00e1rio Oficial do Munic\u00edpio (DOM) desta quarta-feira (8). Confira nomes dos secret\u00e1rios adjuntos: 98 Fm","og_url":"https:\/\/blogdobispo.com.br\/?p=4419","og_site_name":"Blog do Bispo","article_published_time":"2025-01-08T15:48:52+00:00","og_image":[{"url":"https:\/\/blogdobispo.com.br\/wp-content\/uploads\/2025\/01\/img_2186-1-300x221.jpg","type":"","width":"","height":""}],"author":"Jefferson Sterfeno","twitter_card":"summary_large_image","twitter_misc":{"Escrito por":"Jefferson Sterfeno","Est. tempo de leitura":"1 minuto"},"schema":{"@context":"https:\/\/schema.org","@graph":[{"@type":"Article","@id":"https:\/\/blogdobispo.com.br\/?p=4419#article","isPartOf":{"@id":"https:\/\/blogdobispo.com.br\/?p=4419"},"author":{"name":"Jefferson Sterfeno","@id":"https:\/\/blogdobispo.com.br\/#\/schema\/person\/e2209cc0e6cea5c5233d033e997b373f"},"headline":"Paulinho Freire define adjuntos de secretarias; veja lista de nomeados","datePublished":"2025-01-08T15:48:52+00:00","mainEntityOfPage":{"@id":"https:\/\/blogdobispo.com.br\/?p=4419"},"wordCount":238,"commentCount":0,"publisher":{"@id":"https:\/\/blogdobispo.com.br\/#organization"},"image":{"@id":"https:\/\/blogdobispo.com.br\/?p=4419#primaryimage"},"thumbnailUrl":"https:\/\/blogdobispo.com.br\/wp-content\/uploads\/2025\/01\/img_2186-1-300x221.jpg","articleSection":["diversos"],"inLanguage":"pt-BR","potentialAction":[{"@type":"CommentAction","name":"Comment","target":["https:\/\/blogdobispo.com.br\/?p=4419#respond"]}]},{"@type":"WebPage","@id":"https:\/\/blogdobispo.com.br\/?p=4419","url":"https:\/\/blogdobispo.com.br\/?p=4419","name":"Paulinho Freire define adjuntos de secretarias; veja lista de nomeados - Blog do Bispo","isPartOf":{"@id":"https:\/\/blogdobispo.com.br\/#website"},"primaryImageOfPage":{"@id":"https:\/\/blogdobispo.com.br\/?p=4419#primaryimage"},"image":{"@id":"https:\/\/blogdobispo.com.br\/?p=4419#primaryimage"},"thumbnailUrl":"https:\/\/blogdobispo.com.br\/wp-content\/uploads\/2025\/01\/img_2186-1-300x221.jpg","datePublished":"2025-01-08T15:48:52+00:00","breadcrumb":{"@id":"https:\/\/blogdobispo.com.br\/?p=4419#breadcrumb"},"inLanguage":"pt-BR","potentialAction":[{"@type":"ReadAction","target":["https:\/\/blogdobispo.com.br\/?p=4419"]}]},{"@type":"ImageObject","inLanguage":"pt-BR","@id":"https:\/\/blogdobispo.com.br\/?p=4419#primaryimage","url":"https:\/\/blogdobispo.com.br\/wp-content\/uploads\/2025\/01\/img_2186-1-300x221.jpg","contentUrl":"https:\/\/blogdobispo.com.br\/wp-content\/uploads\/2025\/01\/img_2186-1-300x221.jpg"},{"@type":"BreadcrumbList","@id":"https:\/\/blogdobispo.com.br\/?p=4419#breadcrumb","itemListElement":[{"@type":"ListItem","position":1,"name":"In\u00edcio","item":"https:\/\/blogdobispo.com.br\/"},{"@type":"ListItem","position":2,"name":"Paulinho Freire define adjuntos de secretarias; veja lista de nomeados"}]},{"@type":"WebSite","@id":"https:\/\/blogdobispo.com.br\/#website","url":"https:\/\/blogdobispo.com.br\/","name":"Blog do Bispo","description":"Comprometido apenas com o leitor","publisher":{"@id":"https:\/\/blogdobispo.com.br\/#organization"},"potentialAction":[{"@type":"SearchAction","target":{"@type":"EntryPoint","urlTemplate":"https:\/\/blogdobispo.com.br\/?s={search_term_string}"},"query-input":{"@type":"PropertyValueSpecification","valueRequired":true,"valueName":"search_term_string"}}],"inLanguage":"pt-BR"},{"@type":"Organization","@id":"https:\/\/blogdobispo.com.br\/#organization","name":"Blog do Bispo","url":"https:\/\/blogdobispo.com.br\/","logo":{"@type":"ImageObject","inLanguage":"pt-BR","@id":"https:\/\/blogdobispo.com.br\/#\/schema\/logo\/image\/","url":"http:\/\/blogdobispo.com.br\/wp-content\/uploads\/2023\/05\/cropped-headear.png","contentUrl":"http:\/\/blogdobispo.com.br\/wp-content\/uploads\/2023\/05\/cropped-headear.png","width":1500,"height":399,"caption":"Blog do Bispo"},"image":{"@id":"https:\/\/blogdobispo.com.br\/#\/schema\/logo\/image\/"}},{"@type":"Person","@id":"https:\/\/blogdobispo.com.br\/#\/schema\/person\/e2209cc0e6cea5c5233d033e997b373f","name":"Jefferson Sterfeno","image":{"@type":"ImageObject","inLanguage":"pt-BR","@id":"https:\/\/blogdobispo.com.br\/#\/schema\/person\/image\/","url":"https:\/\/secure.gravatar.com\/avatar\/0534e84764641168a677026b6d57a3f51dc7ac4db0b4f6186d9cb330d4ee1160?s=96&d=mm&r=g","contentUrl":"https:\/\/secure.gravatar.com\/avatar\/0534e84764641168a677026b6d57a3f51dc7ac4db0b4f6186d9cb330d4ee1160?s=96&d=mm&r=g","caption":"Jefferson Sterfeno"},"sameAs":["http:\/\/blogdobispo.com.br"],"url":"https:\/\/blogdobispo.com.br\/?author=1"}]}},"featured_image_urls":{"full":"","thumbnail":"","medium":"","medium_large":"","large":"","1536x1536":"","2048x2048":""},"author_info":{"display_name":"Jefferson Sterfeno","author_link":"https:\/\/blogdobispo.com.br\/?author=1"},"category_info":"<a href=\"https:\/\/blogdobispo.com.br\/?cat=1\" rel=\"category\">diversos<\/a>","tag_info":"diversos","comment_count":"0","jetpack_featured_media_url":"","jetpack_sharing_enabled":true,"_links":{"self":[{"href":"https:\/\/blogdobispo.com.br\/index.php?rest_route=\/wp\/v2\/posts\/4419","targetHints":{"allow":["GET"]}}],"collection":[{"href":"https:\/\/blogdobispo.com.br\/index.php?rest_route=\/wp\/v2\/posts"}],"about":[{"href":"https:\/\/blogdobispo.com.br\/index.php?rest_route=\/wp\/v2\/types\/post"}],"author":[{"embeddable":true,"href":"https:\/\/blogdobispo.com.br\/index.php?rest_route=\/wp\/v2\/users\/1"}],"replies":[{"embeddable":true,"href":"https:\/\/blogdobispo.com.br\/index.php?rest_route=%2Fwp%2Fv2%2Fcomments&post=4419"}],"version-history":[{"count":0,"href":"https:\/\/blogdobispo.com.br\/index.php?rest_route=\/wp\/v2\/posts\/4419\/revisions"}],"wp:attachment":[{"href":"https:\/\/blogdobispo.com.br\/index.php?rest_route=%2Fwp%2Fv2%2Fmedia&parent=4419"}],"wp:term":[{"taxonomy":"category","embeddable":true,"href":"https:\/\/blogdobispo.com.br\/index.php?rest_route=%2Fwp%2Fv2%2Fcategories&post=4419"},{"taxonomy":"post_tag","embeddable":true,"href":"https:\/\/blogdobispo.com.br\/index.php?rest_route=%2Fwp%2Fv2%2Ftags&post=4419"}],"curies":[{"name":"wp","href":"https:\/\/api.w.org\/{rel}","templated":true}]}}