{"id":4413,"date":"2025-01-05T23:26:37","date_gmt":"2025-01-05T23:26:37","guid":{"rendered":"https:\/\/blogdobispo.com.br\/?p=4413"},"modified":"2025-01-05T23:26:37","modified_gmt":"2025-01-05T23:26:37","slug":"prefeitos-flaviano-lisboa-e-felipe-menezes-devem-ser-confirmados-presidente-e-vice-da-amlap-nesta-quarta-feira-8","status":"publish","type":"post","link":"https:\/\/blogdobispo.com.br\/?p=4413","title":{"rendered":"Prefeitos Flaviano Lisboa e Felipe Menezes devem ser confirmados presidente e vice da Amlap nesta quarta-feira (8)"},"content":{"rendered":"\n<figure class=\"wp-block-image size-large\"><img data-recalc-dims=\"1\" fetchpriority=\"high\" decoding=\"async\" width=\"640\" height=\"437\" src=\"https:\/\/i0.wp.com\/blogdobispo.com.br\/wp-content\/uploads\/2025\/01\/img_2164-1.jpg?resize=640%2C437&#038;ssl=1\" class=\"wp-image-4412\" srcset=\"https:\/\/i0.wp.com\/blogdobispo.com.br\/wp-content\/uploads\/2025\/01\/img_2164-1.jpg?w=640&amp;ssl=1 640w, https:\/\/i0.wp.com\/blogdobispo.com.br\/wp-content\/uploads\/2025\/01\/img_2164-1.jpg?resize=300%2C205&amp;ssl=1 300w\" sizes=\"(max-width: 640px) 100vw, 640px\" \/><\/figure>\n\n\n\n<p><br class=\"Apple-interchange-newline\" \/>O prefeito do munic\u00edpio de Passa e Fica, Flaviano Lisboa (PSD), e o prefeito do munic\u00edpio de Lajes, Felipe Menezes (MDB), s\u00e3o os nomes cotados para vencer a disputa que acontece na pr\u00f3xima quarta-feira (8) e escolher\u00e1 a nova mesa diretora da Amlap (Associa\u00e7\u00e3o dos Munic\u00edpios do Litoral Agreste Potiguar). Flaviano Lisboa e Felipe Menezes t\u00eam recebido apoio da maioria dos colegas prefeitos que est\u00e3o filiados \u00e0 associa\u00e7\u00e3o.<\/p>\n\n\n\n<p>\u201cFlaviano Lisboa \u00e9 um jovem prefeito que se destacou pelas qualidades que todo bom representante do povo deve ter: o cumprimento de sua palavra, a defesa da municipalidade, o compromisso com o interesse p\u00fablico e a determina\u00e7\u00e3o de vencer as adversidades com intelig\u00eancia e dedica\u00e7\u00e3o. \u00c9 um homem s\u00e9rio, trabalhador, que representa a nova pol\u00edtica e, portanto, ter\u00e1 papel fundamental para honrar a independ\u00eancia que q Amlap sempre teve e continuar\u00e1 tendo. Seu vice \u00e9 outro grande gestor! Felipe Menezes tem um hist\u00f3rico no servi\u00e7o p\u00fablico e aprova\u00e7\u00e3o popular, conhece a realidade das cidades e muito contribuir\u00e1 para que a nova gest\u00e3o seja protagonista de grandes a\u00e7\u00f5es para os munic\u00edpios do Agreste\u201d, informou o ex-prefeito de S\u00e3o Tom\u00e9 e ex-presidente da FEMURN, Bab\u00e1 Pereira.<\/p>\n\n\n\n<p>De acordo com outros prefeitos, existe uma expectativa para a confirma\u00e7\u00e3o do nome de Flaviano tamb\u00e9m por sua habilidade em conduzir, somar e articular junto \u00e0s bancadas federais e estaduais a garantia do encaminhamento de recursos vitais para os munic\u00edpios.<\/p>\n\n\n\n<p>\u201cCom a confirma\u00e7\u00e3o do nome de Flaviano temos a convic\u00e7\u00e3o de que teremos uma Amlap forte e capaz de articula\u00e7\u00f5es que v\u00e3o garantir que os recursos das bancadas cheguem aos munic\u00edpios. \u00c9 um jovem determinado e corajoso, bem articulado, pioneiro em diversos projetos que tornaram Passa e Fica refer\u00eancia, o que nos d\u00e1 a certeza de que a Associa\u00e7\u00e3o ser\u00e1 protagonista de um novo momento para as cidades e nosso povo\u201d, afirmou o prefeito de S\u00e3o Jos\u00e9 de Mipibu, Z\u00e9 Figueiredo, ao confirmar o voto na chapa de Flaviano Lisboa e Felipe Menezes.<\/p>\n\n\n\n<p>De acordo com o Prefeito Flaviano Lisboa, o momento \u00e9 de uni\u00e3o e trabalho em conjunto. \u201cEu acredito que a Amlap \u00e9 um dos mais importantes \u00f3rg\u00e3os da nossa regi\u00e3o, capaz de inovar n\u00e3o apenas na articula\u00e7\u00e3o e garantia do encaminhamento de recursos aos munic\u00edpios, mas tamb\u00e9m, no fortalecimento da municipalidade atrav\u00e9s de a\u00e7\u00f5es concretas para estimular o desenvolvimento econ\u00f4mico e social, com \u00eanfase na aproxima\u00e7\u00e3o dos prefeitos e parlamentares com as decis\u00f5es tomadas em Bras\u00edlia que t\u00eam e ter\u00e3o impacto na vida do povo potiguar\u201d, afirmou.<\/p>\n\n\n\n<p>Para o prefeito de Lajes e candidato a vice-presidente, Felipe Menezes: \u201cesse fortalecimento da municipalidade passa pela escolha de um presidente experiente e capaz de inovar, por isso, atendendo um chamado de v\u00e1rios colegas, Flaviano e eu colocamos nosso nome \u00e0 disposi\u00e7\u00e3o dos nossos amigos e colegas, tendo a certeza, que, ap\u00f3s dia 8, a Amlap viver\u00e1 um tempo de uni\u00e3o de todos os munic\u00edpios em defesa do nosso Agreste e Litoral.\u201d<\/p>\n\n\n\n<p>Flaviano Lisboa e Felipe Menezes j\u00e1 contam com mais de 60% dos votos para serem confirmados na nova Diretoria da Associa\u00e7\u00e3o dos Munic\u00edpios do Litoral Agreste Potiguar \u2013 Amlap, na pr\u00f3xima ter\u00e7a-feira.<\/p>\n","protected":false},"excerpt":{"rendered":"<p>O prefeito do munic\u00edpio de Passa e Fica, Flaviano Lisboa (PSD), e o prefeito do munic\u00edpio de Lajes, Felipe Menezes (MDB), s\u00e3o os nomes cotados para vencer a disputa que acontece na pr\u00f3xima quarta-feira (8) e escolher\u00e1 a nova mesa diretora da Amlap (Associa\u00e7\u00e3o dos Munic\u00edpios do Litoral Agreste Potiguar). Flaviano Lisboa e Felipe Menezes [&hellip;]<\/p>\n","protected":false},"author":1,"featured_media":0,"comment_status":"open","ping_status":"open","sticky":false,"template":"","format":"standard","meta":{"cybocfi_hide_featured_image":"","_jetpack_memberships_contains_paid_content":false,"footnotes":""},"categories":[1],"tags":[],"class_list":["post-4413","post","type-post","status-publish","format-standard","hentry","category-diversos"],"yoast_head":"<!-- This site is optimized with the Yoast SEO plugin v25.6 - https:\/\/yoast.com\/wordpress\/plugins\/seo\/ -->\n<title>Prefeitos Flaviano Lisboa e Felipe Menezes devem ser confirmados presidente e vice da Amlap nesta quarta-feira (8) - Blog do Bispo<\/title>\n<meta name=\"robots\" content=\"index, follow, max-snippet:-1, max-image-preview:large, max-video-preview:-1\" \/>\n<link rel=\"canonical\" href=\"https:\/\/blogdobispo.com.br\/?p=4413\" \/>\n<meta property=\"og:locale\" content=\"pt_BR\" \/>\n<meta property=\"og:type\" content=\"article\" \/>\n<meta property=\"og:title\" content=\"Prefeitos Flaviano Lisboa e Felipe Menezes devem ser confirmados presidente e vice da Amlap nesta quarta-feira (8) - Blog do Bispo\" \/>\n<meta property=\"og:description\" content=\"O prefeito do munic\u00edpio de Passa e Fica, Flaviano Lisboa (PSD), e o prefeito do munic\u00edpio de Lajes, Felipe Menezes (MDB), s\u00e3o os nomes cotados para vencer a disputa que acontece na pr\u00f3xima quarta-feira (8) e escolher\u00e1 a nova mesa diretora da Amlap (Associa\u00e7\u00e3o dos Munic\u00edpios do Litoral Agreste Potiguar). Flaviano Lisboa e Felipe Menezes [&hellip;]\" \/>\n<meta property=\"og:url\" content=\"https:\/\/blogdobispo.com.br\/?p=4413\" \/>\n<meta property=\"og:site_name\" content=\"Blog do Bispo\" \/>\n<meta property=\"article:published_time\" content=\"2025-01-05T23:26:37+00:00\" \/>\n<meta property=\"og:image\" content=\"https:\/\/blogdobispo.com.br\/wp-content\/uploads\/2025\/01\/img_2164-1.jpg\" \/>\n<meta name=\"author\" content=\"Jefferson Sterfeno\" \/>\n<meta name=\"twitter:card\" content=\"summary_large_image\" \/>\n<meta name=\"twitter:label1\" content=\"Escrito por\" \/>\n\t<meta name=\"twitter:data1\" content=\"Jefferson Sterfeno\" \/>\n\t<meta name=\"twitter:label2\" content=\"Est. tempo de leitura\" \/>\n\t<meta name=\"twitter:data2\" content=\"3 minutos\" \/>\n<script type=\"application\/ld+json\" class=\"yoast-schema-graph\">{\"@context\":\"https:\/\/schema.org\",\"@graph\":[{\"@type\":\"Article\",\"@id\":\"https:\/\/blogdobispo.com.br\/?p=4413#article\",\"isPartOf\":{\"@id\":\"https:\/\/blogdobispo.com.br\/?p=4413\"},\"author\":{\"name\":\"Jefferson Sterfeno\",\"@id\":\"https:\/\/blogdobispo.com.br\/#\/schema\/person\/e2209cc0e6cea5c5233d033e997b373f\"},\"headline\":\"Prefeitos Flaviano Lisboa e Felipe Menezes devem ser confirmados presidente e vice da Amlap nesta quarta-feira (8)\",\"datePublished\":\"2025-01-05T23:26:37+00:00\",\"mainEntityOfPage\":{\"@id\":\"https:\/\/blogdobispo.com.br\/?p=4413\"},\"wordCount\":579,\"commentCount\":0,\"publisher\":{\"@id\":\"https:\/\/blogdobispo.com.br\/#organization\"},\"image\":{\"@id\":\"https:\/\/blogdobispo.com.br\/?p=4413#primaryimage\"},\"thumbnailUrl\":\"https:\/\/blogdobispo.com.br\/wp-content\/uploads\/2025\/01\/img_2164-1.jpg\",\"articleSection\":[\"diversos\"],\"inLanguage\":\"pt-BR\",\"potentialAction\":[{\"@type\":\"CommentAction\",\"name\":\"Comment\",\"target\":[\"https:\/\/blogdobispo.com.br\/?p=4413#respond\"]}]},{\"@type\":\"WebPage\",\"@id\":\"https:\/\/blogdobispo.com.br\/?p=4413\",\"url\":\"https:\/\/blogdobispo.com.br\/?p=4413\",\"name\":\"Prefeitos Flaviano Lisboa e Felipe Menezes devem ser confirmados presidente e vice da Amlap nesta quarta-feira (8) - Blog do Bispo\",\"isPartOf\":{\"@id\":\"https:\/\/blogdobispo.com.br\/#website\"},\"primaryImageOfPage\":{\"@id\":\"https:\/\/blogdobispo.com.br\/?p=4413#primaryimage\"},\"image\":{\"@id\":\"https:\/\/blogdobispo.com.br\/?p=4413#primaryimage\"},\"thumbnailUrl\":\"https:\/\/blogdobispo.com.br\/wp-content\/uploads\/2025\/01\/img_2164-1.jpg\",\"datePublished\":\"2025-01-05T23:26:37+00:00\",\"breadcrumb\":{\"@id\":\"https:\/\/blogdobispo.com.br\/?p=4413#breadcrumb\"},\"inLanguage\":\"pt-BR\",\"potentialAction\":[{\"@type\":\"ReadAction\",\"target\":[\"https:\/\/blogdobispo.com.br\/?p=4413\"]}]},{\"@type\":\"ImageObject\",\"inLanguage\":\"pt-BR\",\"@id\":\"https:\/\/blogdobispo.com.br\/?p=4413#primaryimage\",\"url\":\"https:\/\/blogdobispo.com.br\/wp-content\/uploads\/2025\/01\/img_2164-1.jpg\",\"contentUrl\":\"https:\/\/blogdobispo.com.br\/wp-content\/uploads\/2025\/01\/img_2164-1.jpg\"},{\"@type\":\"BreadcrumbList\",\"@id\":\"https:\/\/blogdobispo.com.br\/?p=4413#breadcrumb\",\"itemListElement\":[{\"@type\":\"ListItem\",\"position\":1,\"name\":\"In\u00edcio\",\"item\":\"https:\/\/blogdobispo.com.br\/\"},{\"@type\":\"ListItem\",\"position\":2,\"name\":\"Prefeitos Flaviano Lisboa e Felipe Menezes devem ser confirmados presidente e vice da Amlap nesta quarta-feira (8)\"}]},{\"@type\":\"WebSite\",\"@id\":\"https:\/\/blogdobispo.com.br\/#website\",\"url\":\"https:\/\/blogdobispo.com.br\/\",\"name\":\"Blog do Bispo\",\"description\":\"Comprometido apenas com o leitor\",\"publisher\":{\"@id\":\"https:\/\/blogdobispo.com.br\/#organization\"},\"potentialAction\":[{\"@type\":\"SearchAction\",\"target\":{\"@type\":\"EntryPoint\",\"urlTemplate\":\"https:\/\/blogdobispo.com.br\/?s={search_term_string}\"},\"query-input\":{\"@type\":\"PropertyValueSpecification\",\"valueRequired\":true,\"valueName\":\"search_term_string\"}}],\"inLanguage\":\"pt-BR\"},{\"@type\":\"Organization\",\"@id\":\"https:\/\/blogdobispo.com.br\/#organization\",\"name\":\"Blog do Bispo\",\"url\":\"https:\/\/blogdobispo.com.br\/\",\"logo\":{\"@type\":\"ImageObject\",\"inLanguage\":\"pt-BR\",\"@id\":\"https:\/\/blogdobispo.com.br\/#\/schema\/logo\/image\/\",\"url\":\"http:\/\/blogdobispo.com.br\/wp-content\/uploads\/2023\/05\/cropped-headear.png\",\"contentUrl\":\"http:\/\/blogdobispo.com.br\/wp-content\/uploads\/2023\/05\/cropped-headear.png\",\"width\":1500,\"height\":399,\"caption\":\"Blog do Bispo\"},\"image\":{\"@id\":\"https:\/\/blogdobispo.com.br\/#\/schema\/logo\/image\/\"}},{\"@type\":\"Person\",\"@id\":\"https:\/\/blogdobispo.com.br\/#\/schema\/person\/e2209cc0e6cea5c5233d033e997b373f\",\"name\":\"Jefferson Sterfeno\",\"image\":{\"@type\":\"ImageObject\",\"inLanguage\":\"pt-BR\",\"@id\":\"https:\/\/blogdobispo.com.br\/#\/schema\/person\/image\/\",\"url\":\"https:\/\/secure.gravatar.com\/avatar\/0534e84764641168a677026b6d57a3f51dc7ac4db0b4f6186d9cb330d4ee1160?s=96&d=mm&r=g\",\"contentUrl\":\"https:\/\/secure.gravatar.com\/avatar\/0534e84764641168a677026b6d57a3f51dc7ac4db0b4f6186d9cb330d4ee1160?s=96&d=mm&r=g\",\"caption\":\"Jefferson Sterfeno\"},\"sameAs\":[\"http:\/\/blogdobispo.com.br\"],\"url\":\"https:\/\/blogdobispo.com.br\/?author=1\"}]}<\/script>\n<!-- \/ Yoast SEO plugin. -->","yoast_head_json":{"title":"Prefeitos Flaviano Lisboa e Felipe Menezes devem ser confirmados presidente e vice da Amlap nesta quarta-feira (8) - Blog do Bispo","robots":{"index":"index","follow":"follow","max-snippet":"max-snippet:-1","max-image-preview":"max-image-preview:large","max-video-preview":"max-video-preview:-1"},"canonical":"https:\/\/blogdobispo.com.br\/?p=4413","og_locale":"pt_BR","og_type":"article","og_title":"Prefeitos Flaviano Lisboa e Felipe Menezes devem ser confirmados presidente e vice da Amlap nesta quarta-feira (8) - Blog do Bispo","og_description":"O prefeito do munic\u00edpio de Passa e Fica, Flaviano Lisboa (PSD), e o prefeito do munic\u00edpio de Lajes, Felipe Menezes (MDB), s\u00e3o os nomes cotados para vencer a disputa que acontece na pr\u00f3xima quarta-feira (8) e escolher\u00e1 a nova mesa diretora da Amlap (Associa\u00e7\u00e3o dos Munic\u00edpios do Litoral Agreste Potiguar). Flaviano Lisboa e Felipe Menezes [&hellip;]","og_url":"https:\/\/blogdobispo.com.br\/?p=4413","og_site_name":"Blog do Bispo","article_published_time":"2025-01-05T23:26:37+00:00","og_image":[{"url":"https:\/\/blogdobispo.com.br\/wp-content\/uploads\/2025\/01\/img_2164-1.jpg","type":"","width":"","height":""}],"author":"Jefferson Sterfeno","twitter_card":"summary_large_image","twitter_misc":{"Escrito por":"Jefferson Sterfeno","Est. tempo de leitura":"3 minutos"},"schema":{"@context":"https:\/\/schema.org","@graph":[{"@type":"Article","@id":"https:\/\/blogdobispo.com.br\/?p=4413#article","isPartOf":{"@id":"https:\/\/blogdobispo.com.br\/?p=4413"},"author":{"name":"Jefferson Sterfeno","@id":"https:\/\/blogdobispo.com.br\/#\/schema\/person\/e2209cc0e6cea5c5233d033e997b373f"},"headline":"Prefeitos Flaviano Lisboa e Felipe Menezes devem ser confirmados presidente e vice da Amlap nesta quarta-feira (8)","datePublished":"2025-01-05T23:26:37+00:00","mainEntityOfPage":{"@id":"https:\/\/blogdobispo.com.br\/?p=4413"},"wordCount":579,"commentCount":0,"publisher":{"@id":"https:\/\/blogdobispo.com.br\/#organization"},"image":{"@id":"https:\/\/blogdobispo.com.br\/?p=4413#primaryimage"},"thumbnailUrl":"https:\/\/blogdobispo.com.br\/wp-content\/uploads\/2025\/01\/img_2164-1.jpg","articleSection":["diversos"],"inLanguage":"pt-BR","potentialAction":[{"@type":"CommentAction","name":"Comment","target":["https:\/\/blogdobispo.com.br\/?p=4413#respond"]}]},{"@type":"WebPage","@id":"https:\/\/blogdobispo.com.br\/?p=4413","url":"https:\/\/blogdobispo.com.br\/?p=4413","name":"Prefeitos Flaviano Lisboa e Felipe Menezes devem ser confirmados presidente e vice da Amlap nesta quarta-feira (8) - Blog do Bispo","isPartOf":{"@id":"https:\/\/blogdobispo.com.br\/#website"},"primaryImageOfPage":{"@id":"https:\/\/blogdobispo.com.br\/?p=4413#primaryimage"},"image":{"@id":"https:\/\/blogdobispo.com.br\/?p=4413#primaryimage"},"thumbnailUrl":"https:\/\/blogdobispo.com.br\/wp-content\/uploads\/2025\/01\/img_2164-1.jpg","datePublished":"2025-01-05T23:26:37+00:00","breadcrumb":{"@id":"https:\/\/blogdobispo.com.br\/?p=4413#breadcrumb"},"inLanguage":"pt-BR","potentialAction":[{"@type":"ReadAction","target":["https:\/\/blogdobispo.com.br\/?p=4413"]}]},{"@type":"ImageObject","inLanguage":"pt-BR","@id":"https:\/\/blogdobispo.com.br\/?p=4413#primaryimage","url":"https:\/\/blogdobispo.com.br\/wp-content\/uploads\/2025\/01\/img_2164-1.jpg","contentUrl":"https:\/\/blogdobispo.com.br\/wp-content\/uploads\/2025\/01\/img_2164-1.jpg"},{"@type":"BreadcrumbList","@id":"https:\/\/blogdobispo.com.br\/?p=4413#breadcrumb","itemListElement":[{"@type":"ListItem","position":1,"name":"In\u00edcio","item":"https:\/\/blogdobispo.com.br\/"},{"@type":"ListItem","position":2,"name":"Prefeitos Flaviano Lisboa e Felipe Menezes devem ser confirmados presidente e vice da Amlap nesta quarta-feira (8)"}]},{"@type":"WebSite","@id":"https:\/\/blogdobispo.com.br\/#website","url":"https:\/\/blogdobispo.com.br\/","name":"Blog do Bispo","description":"Comprometido apenas com o leitor","publisher":{"@id":"https:\/\/blogdobispo.com.br\/#organization"},"potentialAction":[{"@type":"SearchAction","target":{"@type":"EntryPoint","urlTemplate":"https:\/\/blogdobispo.com.br\/?s={search_term_string}"},"query-input":{"@type":"PropertyValueSpecification","valueRequired":true,"valueName":"search_term_string"}}],"inLanguage":"pt-BR"},{"@type":"Organization","@id":"https:\/\/blogdobispo.com.br\/#organization","name":"Blog do Bispo","url":"https:\/\/blogdobispo.com.br\/","logo":{"@type":"ImageObject","inLanguage":"pt-BR","@id":"https:\/\/blogdobispo.com.br\/#\/schema\/logo\/image\/","url":"http:\/\/blogdobispo.com.br\/wp-content\/uploads\/2023\/05\/cropped-headear.png","contentUrl":"http:\/\/blogdobispo.com.br\/wp-content\/uploads\/2023\/05\/cropped-headear.png","width":1500,"height":399,"caption":"Blog do Bispo"},"image":{"@id":"https:\/\/blogdobispo.com.br\/#\/schema\/logo\/image\/"}},{"@type":"Person","@id":"https:\/\/blogdobispo.com.br\/#\/schema\/person\/e2209cc0e6cea5c5233d033e997b373f","name":"Jefferson Sterfeno","image":{"@type":"ImageObject","inLanguage":"pt-BR","@id":"https:\/\/blogdobispo.com.br\/#\/schema\/person\/image\/","url":"https:\/\/secure.gravatar.com\/avatar\/0534e84764641168a677026b6d57a3f51dc7ac4db0b4f6186d9cb330d4ee1160?s=96&d=mm&r=g","contentUrl":"https:\/\/secure.gravatar.com\/avatar\/0534e84764641168a677026b6d57a3f51dc7ac4db0b4f6186d9cb330d4ee1160?s=96&d=mm&r=g","caption":"Jefferson Sterfeno"},"sameAs":["http:\/\/blogdobispo.com.br"],"url":"https:\/\/blogdobispo.com.br\/?author=1"}]}},"featured_image_urls":{"full":"","thumbnail":"","medium":"","medium_large":"","large":"","1536x1536":"","2048x2048":""},"author_info":{"display_name":"Jefferson Sterfeno","author_link":"https:\/\/blogdobispo.com.br\/?author=1"},"category_info":"<a href=\"https:\/\/blogdobispo.com.br\/?cat=1\" rel=\"category\">diversos<\/a>","tag_info":"diversos","comment_count":"0","jetpack_featured_media_url":"","jetpack_sharing_enabled":true,"_links":{"self":[{"href":"https:\/\/blogdobispo.com.br\/index.php?rest_route=\/wp\/v2\/posts\/4413","targetHints":{"allow":["GET"]}}],"collection":[{"href":"https:\/\/blogdobispo.com.br\/index.php?rest_route=\/wp\/v2\/posts"}],"about":[{"href":"https:\/\/blogdobispo.com.br\/index.php?rest_route=\/wp\/v2\/types\/post"}],"author":[{"embeddable":true,"href":"https:\/\/blogdobispo.com.br\/index.php?rest_route=\/wp\/v2\/users\/1"}],"replies":[{"embeddable":true,"href":"https:\/\/blogdobispo.com.br\/index.php?rest_route=%2Fwp%2Fv2%2Fcomments&post=4413"}],"version-history":[{"count":0,"href":"https:\/\/blogdobispo.com.br\/index.php?rest_route=\/wp\/v2\/posts\/4413\/revisions"}],"wp:attachment":[{"href":"https:\/\/blogdobispo.com.br\/index.php?rest_route=%2Fwp%2Fv2%2Fmedia&parent=4413"}],"wp:term":[{"taxonomy":"category","embeddable":true,"href":"https:\/\/blogdobispo.com.br\/index.php?rest_route=%2Fwp%2Fv2%2Fcategories&post=4413"},{"taxonomy":"post_tag","embeddable":true,"href":"https:\/\/blogdobispo.com.br\/index.php?rest_route=%2Fwp%2Fv2%2Ftags&post=4413"}],"curies":[{"name":"wp","href":"https:\/\/api.w.org\/{rel}","templated":true}]}}