{"id":4402,"date":"2025-01-04T19:18:25","date_gmt":"2025-01-04T19:18:25","guid":{"rendered":"https:\/\/blogdobispo.com.br\/?p=4402"},"modified":"2025-01-04T19:18:25","modified_gmt":"2025-01-04T19:18:25","slug":"gustavo-brendo-assume-comunicacao-da-camara-de-parnamirim","status":"publish","type":"post","link":"https:\/\/blogdobispo.com.br\/?p=4402","title":{"rendered":"Gustavo Brendo assume comunica\u00e7\u00e3o da C\u00e2mara de Parnamirim"},"content":{"rendered":"\n<p>Foi anunciado o novo diretor de Comunica\u00e7\u00e3o da C\u00e2mara de Parnamirim. Trata-se do jornalista Gustavo Brendo. <\/p>\n\n\n\n<p class=\"p1\">Gustavo Brendo \u00e9 um jornalista brasileiro com destacada atua\u00e7\u00e3o no Rio Grande do Norte. Graduado em Comunica\u00e7\u00e3o Social com habilita\u00e7\u00e3o em Jornalismo pela Universidade Federal do Piau\u00ed (UFPI) em 2016 , ele possui experi\u00eancia significativa na \u00e1rea de comunica\u00e7\u00e3o.<\/p>\n\n\n\n<p class=\"p1\">Sua carreira inclui passagens por ve\u00edculos de m\u00eddia e \u00f3rg\u00e3os p\u00fablicos. Gustavo atuou como rep\u00f3rter na InterTV Cabugi, afiliada da Rede Globo no Rio Grande do Norte, onde trabalhou at\u00e9 maio de 2024. Durante sua perman\u00eancia na emissora, participou de programas como o \u201cBom Dia RN\u201d . Al\u00e9m disso, exerceu o cargo de chefe de comunica\u00e7\u00e3o na C\u00e2mara Municipal de Parnamirim.<\/p>\n\n\n\n<p class=\"p1\">Em maio de 2024, Gustavo Brendo anunciou sua sa\u00edda da InterTV Cabugi para assumir o cargo de Secret\u00e1rio de Cultura de Parnamirim, munic\u00edpio da regi\u00e3o metropolitana de Natal. Sua nomea\u00e7\u00e3o foi oficializada pelo prefeito Rosano Taveira, conforme noticiado pelo portal Agora RN . Em suas redes sociais, Gustavo compartilhou sua gratid\u00e3o pela experi\u00eancia na emissora e expressou entusiasmo pelo novo desafio na gest\u00e3o p\u00fablica.<\/p>\n\n\n\n<p class=\"p1\"><\/p>\n\n\n\n<figure class=\"wp-block-image size-large\"><img data-recalc-dims=\"1\" fetchpriority=\"high\" decoding=\"async\" width=\"645\" height=\"476\" src=\"https:\/\/i0.wp.com\/blogdobispo.com.br\/wp-content\/uploads\/2025\/01\/img_2148-1.jpg?resize=645%2C476&#038;ssl=1\" class=\"wp-image-4401\" srcset=\"https:\/\/i0.wp.com\/blogdobispo.com.br\/wp-content\/uploads\/2025\/01\/img_2148-1.jpg?w=645&amp;ssl=1 645w, https:\/\/i0.wp.com\/blogdobispo.com.br\/wp-content\/uploads\/2025\/01\/img_2148-1.jpg?resize=300%2C221&amp;ssl=1 300w\" sizes=\"(max-width: 645px) 100vw, 645px\" \/><\/figure>\n\n\n\n<p class=\"p1\">Com uma trajet\u00f3ria marcada por experi\u00eancias diversas no jornalismo e na comunica\u00e7\u00e3o p\u00fablica, Gustavo Brendo continua contribuindo para o desenvolvimento cultural e informativo da regi\u00e3o onde atua.<\/p>\n","protected":false},"excerpt":{"rendered":"<p>Foi anunciado o novo diretor de Comunica\u00e7\u00e3o da C\u00e2mara de Parnamirim. Trata-se do jornalista Gustavo Brendo. Gustavo Brendo \u00e9 um jornalista brasileiro com destacada atua\u00e7\u00e3o no Rio Grande do Norte. Graduado em Comunica\u00e7\u00e3o Social com habilita\u00e7\u00e3o em Jornalismo pela Universidade Federal do Piau\u00ed (UFPI) em 2016 , ele possui experi\u00eancia significativa na \u00e1rea de comunica\u00e7\u00e3o. [&hellip;]<\/p>\n","protected":false},"author":1,"featured_media":0,"comment_status":"open","ping_status":"open","sticky":false,"template":"","format":"standard","meta":{"cybocfi_hide_featured_image":"","_jetpack_memberships_contains_paid_content":false,"footnotes":""},"categories":[1],"tags":[],"class_list":["post-4402","post","type-post","status-publish","format-standard","hentry","category-diversos"],"yoast_head":"<!-- This site is optimized with the Yoast SEO plugin v25.6 - https:\/\/yoast.com\/wordpress\/plugins\/seo\/ -->\n<title>Gustavo Brendo assume comunica\u00e7\u00e3o da C\u00e2mara de Parnamirim - Blog do Bispo<\/title>\n<meta name=\"robots\" content=\"index, follow, max-snippet:-1, max-image-preview:large, max-video-preview:-1\" \/>\n<link rel=\"canonical\" href=\"https:\/\/blogdobispo.com.br\/?p=4402\" \/>\n<meta property=\"og:locale\" content=\"pt_BR\" \/>\n<meta property=\"og:type\" content=\"article\" \/>\n<meta property=\"og:title\" content=\"Gustavo Brendo assume comunica\u00e7\u00e3o da C\u00e2mara de Parnamirim - Blog do Bispo\" \/>\n<meta property=\"og:description\" content=\"Foi anunciado o novo diretor de Comunica\u00e7\u00e3o da C\u00e2mara de Parnamirim. Trata-se do jornalista Gustavo Brendo. Gustavo Brendo \u00e9 um jornalista brasileiro com destacada atua\u00e7\u00e3o no Rio Grande do Norte. Graduado em Comunica\u00e7\u00e3o Social com habilita\u00e7\u00e3o em Jornalismo pela Universidade Federal do Piau\u00ed (UFPI) em 2016 , ele possui experi\u00eancia significativa na \u00e1rea de comunica\u00e7\u00e3o. [&hellip;]\" \/>\n<meta property=\"og:url\" content=\"https:\/\/blogdobispo.com.br\/?p=4402\" \/>\n<meta property=\"og:site_name\" content=\"Blog do Bispo\" \/>\n<meta property=\"article:published_time\" content=\"2025-01-04T19:18:25+00:00\" \/>\n<meta property=\"og:image\" content=\"https:\/\/blogdobispo.com.br\/wp-content\/uploads\/2025\/01\/img_2148-1.jpg\" \/>\n<meta name=\"author\" content=\"Jefferson Sterfeno\" \/>\n<meta name=\"twitter:card\" content=\"summary_large_image\" \/>\n<meta name=\"twitter:label1\" content=\"Escrito por\" \/>\n\t<meta name=\"twitter:data1\" content=\"Jefferson Sterfeno\" \/>\n\t<meta name=\"twitter:label2\" content=\"Est. tempo de leitura\" \/>\n\t<meta name=\"twitter:data2\" content=\"1 minuto\" \/>\n<script type=\"application\/ld+json\" class=\"yoast-schema-graph\">{\"@context\":\"https:\/\/schema.org\",\"@graph\":[{\"@type\":\"Article\",\"@id\":\"https:\/\/blogdobispo.com.br\/?p=4402#article\",\"isPartOf\":{\"@id\":\"https:\/\/blogdobispo.com.br\/?p=4402\"},\"author\":{\"name\":\"Jefferson Sterfeno\",\"@id\":\"https:\/\/blogdobispo.com.br\/#\/schema\/person\/e2209cc0e6cea5c5233d033e997b373f\"},\"headline\":\"Gustavo Brendo assume comunica\u00e7\u00e3o da C\u00e2mara de Parnamirim\",\"datePublished\":\"2025-01-04T19:18:25+00:00\",\"mainEntityOfPage\":{\"@id\":\"https:\/\/blogdobispo.com.br\/?p=4402\"},\"wordCount\":240,\"commentCount\":0,\"publisher\":{\"@id\":\"https:\/\/blogdobispo.com.br\/#organization\"},\"image\":{\"@id\":\"https:\/\/blogdobispo.com.br\/?p=4402#primaryimage\"},\"thumbnailUrl\":\"https:\/\/blogdobispo.com.br\/wp-content\/uploads\/2025\/01\/img_2148-1.jpg\",\"articleSection\":[\"diversos\"],\"inLanguage\":\"pt-BR\",\"potentialAction\":[{\"@type\":\"CommentAction\",\"name\":\"Comment\",\"target\":[\"https:\/\/blogdobispo.com.br\/?p=4402#respond\"]}]},{\"@type\":\"WebPage\",\"@id\":\"https:\/\/blogdobispo.com.br\/?p=4402\",\"url\":\"https:\/\/blogdobispo.com.br\/?p=4402\",\"name\":\"Gustavo Brendo assume comunica\u00e7\u00e3o da C\u00e2mara de Parnamirim - Blog do Bispo\",\"isPartOf\":{\"@id\":\"https:\/\/blogdobispo.com.br\/#website\"},\"primaryImageOfPage\":{\"@id\":\"https:\/\/blogdobispo.com.br\/?p=4402#primaryimage\"},\"image\":{\"@id\":\"https:\/\/blogdobispo.com.br\/?p=4402#primaryimage\"},\"thumbnailUrl\":\"https:\/\/blogdobispo.com.br\/wp-content\/uploads\/2025\/01\/img_2148-1.jpg\",\"datePublished\":\"2025-01-04T19:18:25+00:00\",\"breadcrumb\":{\"@id\":\"https:\/\/blogdobispo.com.br\/?p=4402#breadcrumb\"},\"inLanguage\":\"pt-BR\",\"potentialAction\":[{\"@type\":\"ReadAction\",\"target\":[\"https:\/\/blogdobispo.com.br\/?p=4402\"]}]},{\"@type\":\"ImageObject\",\"inLanguage\":\"pt-BR\",\"@id\":\"https:\/\/blogdobispo.com.br\/?p=4402#primaryimage\",\"url\":\"https:\/\/blogdobispo.com.br\/wp-content\/uploads\/2025\/01\/img_2148-1.jpg\",\"contentUrl\":\"https:\/\/blogdobispo.com.br\/wp-content\/uploads\/2025\/01\/img_2148-1.jpg\"},{\"@type\":\"BreadcrumbList\",\"@id\":\"https:\/\/blogdobispo.com.br\/?p=4402#breadcrumb\",\"itemListElement\":[{\"@type\":\"ListItem\",\"position\":1,\"name\":\"In\u00edcio\",\"item\":\"https:\/\/blogdobispo.com.br\/\"},{\"@type\":\"ListItem\",\"position\":2,\"name\":\"Gustavo Brendo assume comunica\u00e7\u00e3o da C\u00e2mara de Parnamirim\"}]},{\"@type\":\"WebSite\",\"@id\":\"https:\/\/blogdobispo.com.br\/#website\",\"url\":\"https:\/\/blogdobispo.com.br\/\",\"name\":\"Blog do Bispo\",\"description\":\"Comprometido apenas com o leitor\",\"publisher\":{\"@id\":\"https:\/\/blogdobispo.com.br\/#organization\"},\"potentialAction\":[{\"@type\":\"SearchAction\",\"target\":{\"@type\":\"EntryPoint\",\"urlTemplate\":\"https:\/\/blogdobispo.com.br\/?s={search_term_string}\"},\"query-input\":{\"@type\":\"PropertyValueSpecification\",\"valueRequired\":true,\"valueName\":\"search_term_string\"}}],\"inLanguage\":\"pt-BR\"},{\"@type\":\"Organization\",\"@id\":\"https:\/\/blogdobispo.com.br\/#organization\",\"name\":\"Blog do Bispo\",\"url\":\"https:\/\/blogdobispo.com.br\/\",\"logo\":{\"@type\":\"ImageObject\",\"inLanguage\":\"pt-BR\",\"@id\":\"https:\/\/blogdobispo.com.br\/#\/schema\/logo\/image\/\",\"url\":\"http:\/\/blogdobispo.com.br\/wp-content\/uploads\/2023\/05\/cropped-headear.png\",\"contentUrl\":\"http:\/\/blogdobispo.com.br\/wp-content\/uploads\/2023\/05\/cropped-headear.png\",\"width\":1500,\"height\":399,\"caption\":\"Blog do Bispo\"},\"image\":{\"@id\":\"https:\/\/blogdobispo.com.br\/#\/schema\/logo\/image\/\"}},{\"@type\":\"Person\",\"@id\":\"https:\/\/blogdobispo.com.br\/#\/schema\/person\/e2209cc0e6cea5c5233d033e997b373f\",\"name\":\"Jefferson Sterfeno\",\"image\":{\"@type\":\"ImageObject\",\"inLanguage\":\"pt-BR\",\"@id\":\"https:\/\/blogdobispo.com.br\/#\/schema\/person\/image\/\",\"url\":\"https:\/\/secure.gravatar.com\/avatar\/0534e84764641168a677026b6d57a3f51dc7ac4db0b4f6186d9cb330d4ee1160?s=96&d=mm&r=g\",\"contentUrl\":\"https:\/\/secure.gravatar.com\/avatar\/0534e84764641168a677026b6d57a3f51dc7ac4db0b4f6186d9cb330d4ee1160?s=96&d=mm&r=g\",\"caption\":\"Jefferson Sterfeno\"},\"sameAs\":[\"http:\/\/blogdobispo.com.br\"],\"url\":\"https:\/\/blogdobispo.com.br\/?author=1\"}]}<\/script>\n<!-- \/ Yoast SEO plugin. -->","yoast_head_json":{"title":"Gustavo Brendo assume comunica\u00e7\u00e3o da C\u00e2mara de Parnamirim - Blog do Bispo","robots":{"index":"index","follow":"follow","max-snippet":"max-snippet:-1","max-image-preview":"max-image-preview:large","max-video-preview":"max-video-preview:-1"},"canonical":"https:\/\/blogdobispo.com.br\/?p=4402","og_locale":"pt_BR","og_type":"article","og_title":"Gustavo Brendo assume comunica\u00e7\u00e3o da C\u00e2mara de Parnamirim - Blog do Bispo","og_description":"Foi anunciado o novo diretor de Comunica\u00e7\u00e3o da C\u00e2mara de Parnamirim. Trata-se do jornalista Gustavo Brendo. Gustavo Brendo \u00e9 um jornalista brasileiro com destacada atua\u00e7\u00e3o no Rio Grande do Norte. Graduado em Comunica\u00e7\u00e3o Social com habilita\u00e7\u00e3o em Jornalismo pela Universidade Federal do Piau\u00ed (UFPI) em 2016 , ele possui experi\u00eancia significativa na \u00e1rea de comunica\u00e7\u00e3o. [&hellip;]","og_url":"https:\/\/blogdobispo.com.br\/?p=4402","og_site_name":"Blog do Bispo","article_published_time":"2025-01-04T19:18:25+00:00","og_image":[{"url":"https:\/\/blogdobispo.com.br\/wp-content\/uploads\/2025\/01\/img_2148-1.jpg","type":"","width":"","height":""}],"author":"Jefferson Sterfeno","twitter_card":"summary_large_image","twitter_misc":{"Escrito por":"Jefferson Sterfeno","Est. tempo de leitura":"1 minuto"},"schema":{"@context":"https:\/\/schema.org","@graph":[{"@type":"Article","@id":"https:\/\/blogdobispo.com.br\/?p=4402#article","isPartOf":{"@id":"https:\/\/blogdobispo.com.br\/?p=4402"},"author":{"name":"Jefferson Sterfeno","@id":"https:\/\/blogdobispo.com.br\/#\/schema\/person\/e2209cc0e6cea5c5233d033e997b373f"},"headline":"Gustavo Brendo assume comunica\u00e7\u00e3o da C\u00e2mara de Parnamirim","datePublished":"2025-01-04T19:18:25+00:00","mainEntityOfPage":{"@id":"https:\/\/blogdobispo.com.br\/?p=4402"},"wordCount":240,"commentCount":0,"publisher":{"@id":"https:\/\/blogdobispo.com.br\/#organization"},"image":{"@id":"https:\/\/blogdobispo.com.br\/?p=4402#primaryimage"},"thumbnailUrl":"https:\/\/blogdobispo.com.br\/wp-content\/uploads\/2025\/01\/img_2148-1.jpg","articleSection":["diversos"],"inLanguage":"pt-BR","potentialAction":[{"@type":"CommentAction","name":"Comment","target":["https:\/\/blogdobispo.com.br\/?p=4402#respond"]}]},{"@type":"WebPage","@id":"https:\/\/blogdobispo.com.br\/?p=4402","url":"https:\/\/blogdobispo.com.br\/?p=4402","name":"Gustavo Brendo assume comunica\u00e7\u00e3o da C\u00e2mara de Parnamirim - Blog do Bispo","isPartOf":{"@id":"https:\/\/blogdobispo.com.br\/#website"},"primaryImageOfPage":{"@id":"https:\/\/blogdobispo.com.br\/?p=4402#primaryimage"},"image":{"@id":"https:\/\/blogdobispo.com.br\/?p=4402#primaryimage"},"thumbnailUrl":"https:\/\/blogdobispo.com.br\/wp-content\/uploads\/2025\/01\/img_2148-1.jpg","datePublished":"2025-01-04T19:18:25+00:00","breadcrumb":{"@id":"https:\/\/blogdobispo.com.br\/?p=4402#breadcrumb"},"inLanguage":"pt-BR","potentialAction":[{"@type":"ReadAction","target":["https:\/\/blogdobispo.com.br\/?p=4402"]}]},{"@type":"ImageObject","inLanguage":"pt-BR","@id":"https:\/\/blogdobispo.com.br\/?p=4402#primaryimage","url":"https:\/\/blogdobispo.com.br\/wp-content\/uploads\/2025\/01\/img_2148-1.jpg","contentUrl":"https:\/\/blogdobispo.com.br\/wp-content\/uploads\/2025\/01\/img_2148-1.jpg"},{"@type":"BreadcrumbList","@id":"https:\/\/blogdobispo.com.br\/?p=4402#breadcrumb","itemListElement":[{"@type":"ListItem","position":1,"name":"In\u00edcio","item":"https:\/\/blogdobispo.com.br\/"},{"@type":"ListItem","position":2,"name":"Gustavo Brendo assume comunica\u00e7\u00e3o da C\u00e2mara de Parnamirim"}]},{"@type":"WebSite","@id":"https:\/\/blogdobispo.com.br\/#website","url":"https:\/\/blogdobispo.com.br\/","name":"Blog do Bispo","description":"Comprometido apenas com o leitor","publisher":{"@id":"https:\/\/blogdobispo.com.br\/#organization"},"potentialAction":[{"@type":"SearchAction","target":{"@type":"EntryPoint","urlTemplate":"https:\/\/blogdobispo.com.br\/?s={search_term_string}"},"query-input":{"@type":"PropertyValueSpecification","valueRequired":true,"valueName":"search_term_string"}}],"inLanguage":"pt-BR"},{"@type":"Organization","@id":"https:\/\/blogdobispo.com.br\/#organization","name":"Blog do Bispo","url":"https:\/\/blogdobispo.com.br\/","logo":{"@type":"ImageObject","inLanguage":"pt-BR","@id":"https:\/\/blogdobispo.com.br\/#\/schema\/logo\/image\/","url":"http:\/\/blogdobispo.com.br\/wp-content\/uploads\/2023\/05\/cropped-headear.png","contentUrl":"http:\/\/blogdobispo.com.br\/wp-content\/uploads\/2023\/05\/cropped-headear.png","width":1500,"height":399,"caption":"Blog do Bispo"},"image":{"@id":"https:\/\/blogdobispo.com.br\/#\/schema\/logo\/image\/"}},{"@type":"Person","@id":"https:\/\/blogdobispo.com.br\/#\/schema\/person\/e2209cc0e6cea5c5233d033e997b373f","name":"Jefferson Sterfeno","image":{"@type":"ImageObject","inLanguage":"pt-BR","@id":"https:\/\/blogdobispo.com.br\/#\/schema\/person\/image\/","url":"https:\/\/secure.gravatar.com\/avatar\/0534e84764641168a677026b6d57a3f51dc7ac4db0b4f6186d9cb330d4ee1160?s=96&d=mm&r=g","contentUrl":"https:\/\/secure.gravatar.com\/avatar\/0534e84764641168a677026b6d57a3f51dc7ac4db0b4f6186d9cb330d4ee1160?s=96&d=mm&r=g","caption":"Jefferson Sterfeno"},"sameAs":["http:\/\/blogdobispo.com.br"],"url":"https:\/\/blogdobispo.com.br\/?author=1"}]}},"featured_image_urls":{"full":"","thumbnail":"","medium":"","medium_large":"","large":"","1536x1536":"","2048x2048":""},"author_info":{"display_name":"Jefferson Sterfeno","author_link":"https:\/\/blogdobispo.com.br\/?author=1"},"category_info":"<a href=\"https:\/\/blogdobispo.com.br\/?cat=1\" rel=\"category\">diversos<\/a>","tag_info":"diversos","comment_count":"0","jetpack_featured_media_url":"","jetpack_sharing_enabled":true,"_links":{"self":[{"href":"https:\/\/blogdobispo.com.br\/index.php?rest_route=\/wp\/v2\/posts\/4402","targetHints":{"allow":["GET"]}}],"collection":[{"href":"https:\/\/blogdobispo.com.br\/index.php?rest_route=\/wp\/v2\/posts"}],"about":[{"href":"https:\/\/blogdobispo.com.br\/index.php?rest_route=\/wp\/v2\/types\/post"}],"author":[{"embeddable":true,"href":"https:\/\/blogdobispo.com.br\/index.php?rest_route=\/wp\/v2\/users\/1"}],"replies":[{"embeddable":true,"href":"https:\/\/blogdobispo.com.br\/index.php?rest_route=%2Fwp%2Fv2%2Fcomments&post=4402"}],"version-history":[{"count":0,"href":"https:\/\/blogdobispo.com.br\/index.php?rest_route=\/wp\/v2\/posts\/4402\/revisions"}],"wp:attachment":[{"href":"https:\/\/blogdobispo.com.br\/index.php?rest_route=%2Fwp%2Fv2%2Fmedia&parent=4402"}],"wp:term":[{"taxonomy":"category","embeddable":true,"href":"https:\/\/blogdobispo.com.br\/index.php?rest_route=%2Fwp%2Fv2%2Fcategories&post=4402"},{"taxonomy":"post_tag","embeddable":true,"href":"https:\/\/blogdobispo.com.br\/index.php?rest_route=%2Fwp%2Fv2%2Ftags&post=4402"}],"curies":[{"name":"wp","href":"https:\/\/api.w.org\/{rel}","templated":true}]}}