{"id":4379,"date":"2025-01-01T21:36:12","date_gmt":"2025-01-01T21:36:12","guid":{"rendered":"https:\/\/blogdobispo.com.br\/?p=4379"},"modified":"2025-01-01T21:36:12","modified_gmt":"2025-01-01T21:36:12","slug":"vereador-kleber-fernandes-e-eleito-primeiro-secretario-da-mesa-diretora-da-camara-municipal-de-natal","status":"publish","type":"post","link":"https:\/\/blogdobispo.com.br\/?p=4379","title":{"rendered":"Vereador Kleber Fernandes \u00e9 eleito primeiro-secret\u00e1rio da Mesa Diretora da C\u00e2mara Municipal de Natal"},"content":{"rendered":"\n<figure class=\"wp-block-image size-large\"><img data-recalc-dims=\"1\" fetchpriority=\"high\" decoding=\"async\" width=\"800\" height=\"577\" src=\"https:\/\/i0.wp.com\/blogdobispo.com.br\/wp-content\/uploads\/2025\/01\/2a91c633-4457-4f6e-b8b8-bc3cd1033e94-1-1024x739.jpg?resize=800%2C577&#038;ssl=1\" class=\"wp-image-4378\" srcset=\"https:\/\/i0.wp.com\/blogdobispo.com.br\/wp-content\/uploads\/2025\/01\/2a91c633-4457-4f6e-b8b8-bc3cd1033e94-1.jpg?resize=1024%2C739&amp;ssl=1 1024w, https:\/\/i0.wp.com\/blogdobispo.com.br\/wp-content\/uploads\/2025\/01\/2a91c633-4457-4f6e-b8b8-bc3cd1033e94-1.jpg?resize=300%2C217&amp;ssl=1 300w, https:\/\/i0.wp.com\/blogdobispo.com.br\/wp-content\/uploads\/2025\/01\/2a91c633-4457-4f6e-b8b8-bc3cd1033e94-1.jpg?resize=768%2C554&amp;ssl=1 768w, https:\/\/i0.wp.com\/blogdobispo.com.br\/wp-content\/uploads\/2025\/01\/2a91c633-4457-4f6e-b8b8-bc3cd1033e94-1.jpg?resize=1536%2C1109&amp;ssl=1 1536w, https:\/\/i0.wp.com\/blogdobispo.com.br\/wp-content\/uploads\/2025\/01\/2a91c633-4457-4f6e-b8b8-bc3cd1033e94-1.jpg?w=2000&amp;ssl=1 2000w, https:\/\/i0.wp.com\/blogdobispo.com.br\/wp-content\/uploads\/2025\/01\/2a91c633-4457-4f6e-b8b8-bc3cd1033e94-1.jpg?w=1600 1600w\" sizes=\"(max-width: 800px) 100vw, 800px\" \/><\/figure>\n\n\n\n<p><\/p>\n\n\n\n<p>Neste dia primeiro de Janeiro de 2025, os 29 vereadores eleitos tomaram posse para a nova legislatura 2025-2028, na C\u00e2mara Municipal do Natal (CMN). A data tamb\u00e9m marca o in\u00edcio da gest\u00e3o do novo prefeito Paulinho Freire (Uni\u00e3o Brasil) e da vice-prefeita, Joanna Guerra (Republicanos). Ap\u00f3s a cerim\u00f4nia de posse, os parlamentares elegeram a Mesa Diretora para o bi\u00eanio 2025-2026.<\/p>\n\n\n\n<p>Na ocasi\u00e3o, o vereador Kleber Fernandes (Republicanos) foi eleito para o cargo de primeiro-secret\u00e1rio. A posi\u00e7\u00e3o \u00e9 de extrema relev\u00e2ncia, sendo respons\u00e1vel pela condu\u00e7\u00e3o administrativa da Casa, gerenciamento de documentos legislativos, organiza\u00e7\u00e3o das sess\u00f5es e apoio direto \u00e0s atividades parlamentares.<\/p>\n\n\n\n<p>Ao comentar a escolha feita pelos seus pares, Kleber fez quest\u00e3o de expressar sua gratid\u00e3o aos colegas vereadores pela confian\u00e7a depositada: \u201cReceber o apoio dos colegas para assumir essa fun\u00e7\u00e3o \u00e9 motivo de profunda gratid\u00e3o. Isso refor\u00e7a minha responsabilidade em atuar com efici\u00eancia e transpar\u00eancia na condu\u00e7\u00e3o administrativa da C\u00e2mara, sempre em benef\u00edcio da cidade de Natal\u201d, disse.<\/p>\n\n\n\n<p>O parlamentar citou tamb\u00e9m a parceria com o presidente reeleito da CMN, vereador Eriko J\u00e1come: \u201cTrabalharei de forma pr\u00f3xima e alinhada com o presidente Eriko para fortalecer o papel do Legislativo Municipal. Tenho certeza de que, juntos, faremos uma gest\u00e3o eficiente, colaborativa e comprometida com os interesses do povo natalense\u201d, pontuou.<\/p>\n\n\n\n<p><em>Trajet\u00f3ria pol\u00edtica<\/em><\/p>\n\n\n\n<p>Em seu terceiro mandato, Kleber Fernandes \u00e9 um dos vereadores mais experientes da C\u00e2mara, destacando-se pelo profundo conhecimento dos tr\u00e2mites legislativos e do Regimento Interno. Ao longo de sua trajet\u00f3ria, j\u00e1 ocupou cargos de lideran\u00e7a como l\u00edder de bancada em duas ocasi\u00f5es, presidente de importantes comiss\u00f5es \u2013 incluindo as de Justi\u00e7a, Planejamento Urbano e Defesa do Consumidor \u2013 e relator de mat\u00e9rias de grande impacto, como o Novo Plano Diretor. Sua experi\u00eancia no Poder Executivo, como secret\u00e1rio municipal, tamb\u00e9m refor\u00e7a sua qualifica\u00e7\u00e3o para o cargo.<\/p>\n\n\n\n<p><em>Mesa Diretora<\/em><\/p>\n\n\n\n<p>Ap\u00f3s a posse dos vereadores eleitos, houve a elei\u00e7\u00e3o da mesa diretora para o bi\u00eanio 2025-2026.<\/p>\n\n\n\n<p>O vereador \u00c9riko J\u00e1come foi reconduzido \u00e0 presid\u00eancia. Kleber Fernandes ser\u00e1 o primeiro-secret\u00e1rio e a vereadora Camila Ara\u00fajo ser\u00e1 a segunda-secret\u00e1ria.<\/p>\n\n\n\n<p>Composi\u00e7\u00e3o:<br \/>Presidente &#8211; Erico J\u00e1come<br \/>1\u00b0 vice &#8211; Robson Carvalho<br \/>2\u00aa vice &#8211; Daniel Santiago<br \/>3\u00b0 vice &#8211; Tony Henrique<\/p>\n\n\n\n<p>1\u00b0 secret\u00e1rio &#8211; Kleber Fernandes<br>2\u00b0 secret\u00e1rio &#8211; Camila Ara\u00fajo<br>3\u00b0 secret\u00e1rio &#8211; Anne Lagartixa<br>4\u00b0 secret\u00e1rio &#8211; Herberth Sena<\/p>\n","protected":false},"excerpt":{"rendered":"<p>Neste dia primeiro de Janeiro de 2025, os 29 vereadores eleitos tomaram posse para a nova legislatura 2025-2028, na C\u00e2mara Municipal do Natal (CMN). A data tamb\u00e9m marca o in\u00edcio da gest\u00e3o do novo prefeito Paulinho Freire (Uni\u00e3o Brasil) e da vice-prefeita, Joanna Guerra (Republicanos). Ap\u00f3s a cerim\u00f4nia de posse, os parlamentares elegeram a Mesa [&hellip;]<\/p>\n","protected":false},"author":1,"featured_media":0,"comment_status":"open","ping_status":"open","sticky":false,"template":"","format":"standard","meta":{"cybocfi_hide_featured_image":"","_jetpack_memberships_contains_paid_content":false,"footnotes":""},"categories":[1],"tags":[],"class_list":["post-4379","post","type-post","status-publish","format-standard","hentry","category-diversos"],"yoast_head":"<!-- This site is optimized with the Yoast SEO plugin v25.6 - https:\/\/yoast.com\/wordpress\/plugins\/seo\/ -->\n<title>Vereador Kleber Fernandes \u00e9 eleito primeiro-secret\u00e1rio da Mesa Diretora da C\u00e2mara Municipal de Natal - Blog do Bispo<\/title>\n<meta name=\"robots\" content=\"index, follow, max-snippet:-1, max-image-preview:large, max-video-preview:-1\" \/>\n<link rel=\"canonical\" href=\"https:\/\/blogdobispo.com.br\/?p=4379\" \/>\n<meta property=\"og:locale\" content=\"pt_BR\" \/>\n<meta property=\"og:type\" content=\"article\" \/>\n<meta property=\"og:title\" content=\"Vereador Kleber Fernandes \u00e9 eleito primeiro-secret\u00e1rio da Mesa Diretora da C\u00e2mara Municipal de Natal - Blog do Bispo\" \/>\n<meta property=\"og:description\" content=\"Neste dia primeiro de Janeiro de 2025, os 29 vereadores eleitos tomaram posse para a nova legislatura 2025-2028, na C\u00e2mara Municipal do Natal (CMN). A data tamb\u00e9m marca o in\u00edcio da gest\u00e3o do novo prefeito Paulinho Freire (Uni\u00e3o Brasil) e da vice-prefeita, Joanna Guerra (Republicanos). Ap\u00f3s a cerim\u00f4nia de posse, os parlamentares elegeram a Mesa [&hellip;]\" \/>\n<meta property=\"og:url\" content=\"https:\/\/blogdobispo.com.br\/?p=4379\" \/>\n<meta property=\"og:site_name\" content=\"Blog do Bispo\" \/>\n<meta property=\"article:published_time\" content=\"2025-01-01T21:36:12+00:00\" \/>\n<meta property=\"og:image\" content=\"https:\/\/blogdobispo.com.br\/wp-content\/uploads\/2025\/01\/2a91c633-4457-4f6e-b8b8-bc3cd1033e94-1-1024x739.jpg\" \/>\n<meta name=\"author\" content=\"Jefferson Sterfeno\" \/>\n<meta name=\"twitter:card\" content=\"summary_large_image\" \/>\n<meta name=\"twitter:label1\" content=\"Escrito por\" \/>\n\t<meta name=\"twitter:data1\" content=\"Jefferson Sterfeno\" \/>\n\t<meta name=\"twitter:label2\" content=\"Est. tempo de leitura\" \/>\n\t<meta name=\"twitter:data2\" content=\"2 minutos\" \/>\n<script type=\"application\/ld+json\" class=\"yoast-schema-graph\">{\"@context\":\"https:\/\/schema.org\",\"@graph\":[{\"@type\":\"Article\",\"@id\":\"https:\/\/blogdobispo.com.br\/?p=4379#article\",\"isPartOf\":{\"@id\":\"https:\/\/blogdobispo.com.br\/?p=4379\"},\"author\":{\"name\":\"Jefferson Sterfeno\",\"@id\":\"https:\/\/blogdobispo.com.br\/#\/schema\/person\/e2209cc0e6cea5c5233d033e997b373f\"},\"headline\":\"Vereador Kleber Fernandes \u00e9 eleito primeiro-secret\u00e1rio da Mesa Diretora da C\u00e2mara Municipal de Natal\",\"datePublished\":\"2025-01-01T21:36:12+00:00\",\"mainEntityOfPage\":{\"@id\":\"https:\/\/blogdobispo.com.br\/?p=4379\"},\"wordCount\":437,\"commentCount\":0,\"publisher\":{\"@id\":\"https:\/\/blogdobispo.com.br\/#organization\"},\"image\":{\"@id\":\"https:\/\/blogdobispo.com.br\/?p=4379#primaryimage\"},\"thumbnailUrl\":\"https:\/\/blogdobispo.com.br\/wp-content\/uploads\/2025\/01\/2a91c633-4457-4f6e-b8b8-bc3cd1033e94-1-1024x739.jpg\",\"articleSection\":[\"diversos\"],\"inLanguage\":\"pt-BR\",\"potentialAction\":[{\"@type\":\"CommentAction\",\"name\":\"Comment\",\"target\":[\"https:\/\/blogdobispo.com.br\/?p=4379#respond\"]}]},{\"@type\":\"WebPage\",\"@id\":\"https:\/\/blogdobispo.com.br\/?p=4379\",\"url\":\"https:\/\/blogdobispo.com.br\/?p=4379\",\"name\":\"Vereador Kleber Fernandes \u00e9 eleito primeiro-secret\u00e1rio da Mesa Diretora da C\u00e2mara Municipal de Natal - Blog do Bispo\",\"isPartOf\":{\"@id\":\"https:\/\/blogdobispo.com.br\/#website\"},\"primaryImageOfPage\":{\"@id\":\"https:\/\/blogdobispo.com.br\/?p=4379#primaryimage\"},\"image\":{\"@id\":\"https:\/\/blogdobispo.com.br\/?p=4379#primaryimage\"},\"thumbnailUrl\":\"https:\/\/blogdobispo.com.br\/wp-content\/uploads\/2025\/01\/2a91c633-4457-4f6e-b8b8-bc3cd1033e94-1-1024x739.jpg\",\"datePublished\":\"2025-01-01T21:36:12+00:00\",\"breadcrumb\":{\"@id\":\"https:\/\/blogdobispo.com.br\/?p=4379#breadcrumb\"},\"inLanguage\":\"pt-BR\",\"potentialAction\":[{\"@type\":\"ReadAction\",\"target\":[\"https:\/\/blogdobispo.com.br\/?p=4379\"]}]},{\"@type\":\"ImageObject\",\"inLanguage\":\"pt-BR\",\"@id\":\"https:\/\/blogdobispo.com.br\/?p=4379#primaryimage\",\"url\":\"https:\/\/blogdobispo.com.br\/wp-content\/uploads\/2025\/01\/2a91c633-4457-4f6e-b8b8-bc3cd1033e94-1-1024x739.jpg\",\"contentUrl\":\"https:\/\/blogdobispo.com.br\/wp-content\/uploads\/2025\/01\/2a91c633-4457-4f6e-b8b8-bc3cd1033e94-1-1024x739.jpg\"},{\"@type\":\"BreadcrumbList\",\"@id\":\"https:\/\/blogdobispo.com.br\/?p=4379#breadcrumb\",\"itemListElement\":[{\"@type\":\"ListItem\",\"position\":1,\"name\":\"In\u00edcio\",\"item\":\"https:\/\/blogdobispo.com.br\/\"},{\"@type\":\"ListItem\",\"position\":2,\"name\":\"Vereador Kleber Fernandes \u00e9 eleito primeiro-secret\u00e1rio da Mesa Diretora da C\u00e2mara Municipal de Natal\"}]},{\"@type\":\"WebSite\",\"@id\":\"https:\/\/blogdobispo.com.br\/#website\",\"url\":\"https:\/\/blogdobispo.com.br\/\",\"name\":\"Blog do Bispo\",\"description\":\"Comprometido apenas com o leitor\",\"publisher\":{\"@id\":\"https:\/\/blogdobispo.com.br\/#organization\"},\"potentialAction\":[{\"@type\":\"SearchAction\",\"target\":{\"@type\":\"EntryPoint\",\"urlTemplate\":\"https:\/\/blogdobispo.com.br\/?s={search_term_string}\"},\"query-input\":{\"@type\":\"PropertyValueSpecification\",\"valueRequired\":true,\"valueName\":\"search_term_string\"}}],\"inLanguage\":\"pt-BR\"},{\"@type\":\"Organization\",\"@id\":\"https:\/\/blogdobispo.com.br\/#organization\",\"name\":\"Blog do Bispo\",\"url\":\"https:\/\/blogdobispo.com.br\/\",\"logo\":{\"@type\":\"ImageObject\",\"inLanguage\":\"pt-BR\",\"@id\":\"https:\/\/blogdobispo.com.br\/#\/schema\/logo\/image\/\",\"url\":\"http:\/\/blogdobispo.com.br\/wp-content\/uploads\/2023\/05\/cropped-headear.png\",\"contentUrl\":\"http:\/\/blogdobispo.com.br\/wp-content\/uploads\/2023\/05\/cropped-headear.png\",\"width\":1500,\"height\":399,\"caption\":\"Blog do Bispo\"},\"image\":{\"@id\":\"https:\/\/blogdobispo.com.br\/#\/schema\/logo\/image\/\"}},{\"@type\":\"Person\",\"@id\":\"https:\/\/blogdobispo.com.br\/#\/schema\/person\/e2209cc0e6cea5c5233d033e997b373f\",\"name\":\"Jefferson Sterfeno\",\"image\":{\"@type\":\"ImageObject\",\"inLanguage\":\"pt-BR\",\"@id\":\"https:\/\/blogdobispo.com.br\/#\/schema\/person\/image\/\",\"url\":\"https:\/\/secure.gravatar.com\/avatar\/0534e84764641168a677026b6d57a3f51dc7ac4db0b4f6186d9cb330d4ee1160?s=96&d=mm&r=g\",\"contentUrl\":\"https:\/\/secure.gravatar.com\/avatar\/0534e84764641168a677026b6d57a3f51dc7ac4db0b4f6186d9cb330d4ee1160?s=96&d=mm&r=g\",\"caption\":\"Jefferson Sterfeno\"},\"sameAs\":[\"http:\/\/blogdobispo.com.br\"],\"url\":\"https:\/\/blogdobispo.com.br\/?author=1\"}]}<\/script>\n<!-- \/ Yoast SEO plugin. -->","yoast_head_json":{"title":"Vereador Kleber Fernandes \u00e9 eleito primeiro-secret\u00e1rio da Mesa Diretora da C\u00e2mara Municipal de Natal - Blog do Bispo","robots":{"index":"index","follow":"follow","max-snippet":"max-snippet:-1","max-image-preview":"max-image-preview:large","max-video-preview":"max-video-preview:-1"},"canonical":"https:\/\/blogdobispo.com.br\/?p=4379","og_locale":"pt_BR","og_type":"article","og_title":"Vereador Kleber Fernandes \u00e9 eleito primeiro-secret\u00e1rio da Mesa Diretora da C\u00e2mara Municipal de Natal - Blog do Bispo","og_description":"Neste dia primeiro de Janeiro de 2025, os 29 vereadores eleitos tomaram posse para a nova legislatura 2025-2028, na C\u00e2mara Municipal do Natal (CMN). A data tamb\u00e9m marca o in\u00edcio da gest\u00e3o do novo prefeito Paulinho Freire (Uni\u00e3o Brasil) e da vice-prefeita, Joanna Guerra (Republicanos). Ap\u00f3s a cerim\u00f4nia de posse, os parlamentares elegeram a Mesa [&hellip;]","og_url":"https:\/\/blogdobispo.com.br\/?p=4379","og_site_name":"Blog do Bispo","article_published_time":"2025-01-01T21:36:12+00:00","og_image":[{"url":"https:\/\/blogdobispo.com.br\/wp-content\/uploads\/2025\/01\/2a91c633-4457-4f6e-b8b8-bc3cd1033e94-1-1024x739.jpg","type":"","width":"","height":""}],"author":"Jefferson Sterfeno","twitter_card":"summary_large_image","twitter_misc":{"Escrito por":"Jefferson Sterfeno","Est. tempo de leitura":"2 minutos"},"schema":{"@context":"https:\/\/schema.org","@graph":[{"@type":"Article","@id":"https:\/\/blogdobispo.com.br\/?p=4379#article","isPartOf":{"@id":"https:\/\/blogdobispo.com.br\/?p=4379"},"author":{"name":"Jefferson Sterfeno","@id":"https:\/\/blogdobispo.com.br\/#\/schema\/person\/e2209cc0e6cea5c5233d033e997b373f"},"headline":"Vereador Kleber Fernandes \u00e9 eleito primeiro-secret\u00e1rio da Mesa Diretora da C\u00e2mara Municipal de Natal","datePublished":"2025-01-01T21:36:12+00:00","mainEntityOfPage":{"@id":"https:\/\/blogdobispo.com.br\/?p=4379"},"wordCount":437,"commentCount":0,"publisher":{"@id":"https:\/\/blogdobispo.com.br\/#organization"},"image":{"@id":"https:\/\/blogdobispo.com.br\/?p=4379#primaryimage"},"thumbnailUrl":"https:\/\/blogdobispo.com.br\/wp-content\/uploads\/2025\/01\/2a91c633-4457-4f6e-b8b8-bc3cd1033e94-1-1024x739.jpg","articleSection":["diversos"],"inLanguage":"pt-BR","potentialAction":[{"@type":"CommentAction","name":"Comment","target":["https:\/\/blogdobispo.com.br\/?p=4379#respond"]}]},{"@type":"WebPage","@id":"https:\/\/blogdobispo.com.br\/?p=4379","url":"https:\/\/blogdobispo.com.br\/?p=4379","name":"Vereador Kleber Fernandes \u00e9 eleito primeiro-secret\u00e1rio da Mesa Diretora da C\u00e2mara Municipal de Natal - Blog do Bispo","isPartOf":{"@id":"https:\/\/blogdobispo.com.br\/#website"},"primaryImageOfPage":{"@id":"https:\/\/blogdobispo.com.br\/?p=4379#primaryimage"},"image":{"@id":"https:\/\/blogdobispo.com.br\/?p=4379#primaryimage"},"thumbnailUrl":"https:\/\/blogdobispo.com.br\/wp-content\/uploads\/2025\/01\/2a91c633-4457-4f6e-b8b8-bc3cd1033e94-1-1024x739.jpg","datePublished":"2025-01-01T21:36:12+00:00","breadcrumb":{"@id":"https:\/\/blogdobispo.com.br\/?p=4379#breadcrumb"},"inLanguage":"pt-BR","potentialAction":[{"@type":"ReadAction","target":["https:\/\/blogdobispo.com.br\/?p=4379"]}]},{"@type":"ImageObject","inLanguage":"pt-BR","@id":"https:\/\/blogdobispo.com.br\/?p=4379#primaryimage","url":"https:\/\/blogdobispo.com.br\/wp-content\/uploads\/2025\/01\/2a91c633-4457-4f6e-b8b8-bc3cd1033e94-1-1024x739.jpg","contentUrl":"https:\/\/blogdobispo.com.br\/wp-content\/uploads\/2025\/01\/2a91c633-4457-4f6e-b8b8-bc3cd1033e94-1-1024x739.jpg"},{"@type":"BreadcrumbList","@id":"https:\/\/blogdobispo.com.br\/?p=4379#breadcrumb","itemListElement":[{"@type":"ListItem","position":1,"name":"In\u00edcio","item":"https:\/\/blogdobispo.com.br\/"},{"@type":"ListItem","position":2,"name":"Vereador Kleber Fernandes \u00e9 eleito primeiro-secret\u00e1rio da Mesa Diretora da C\u00e2mara Municipal de Natal"}]},{"@type":"WebSite","@id":"https:\/\/blogdobispo.com.br\/#website","url":"https:\/\/blogdobispo.com.br\/","name":"Blog do Bispo","description":"Comprometido apenas com o leitor","publisher":{"@id":"https:\/\/blogdobispo.com.br\/#organization"},"potentialAction":[{"@type":"SearchAction","target":{"@type":"EntryPoint","urlTemplate":"https:\/\/blogdobispo.com.br\/?s={search_term_string}"},"query-input":{"@type":"PropertyValueSpecification","valueRequired":true,"valueName":"search_term_string"}}],"inLanguage":"pt-BR"},{"@type":"Organization","@id":"https:\/\/blogdobispo.com.br\/#organization","name":"Blog do Bispo","url":"https:\/\/blogdobispo.com.br\/","logo":{"@type":"ImageObject","inLanguage":"pt-BR","@id":"https:\/\/blogdobispo.com.br\/#\/schema\/logo\/image\/","url":"http:\/\/blogdobispo.com.br\/wp-content\/uploads\/2023\/05\/cropped-headear.png","contentUrl":"http:\/\/blogdobispo.com.br\/wp-content\/uploads\/2023\/05\/cropped-headear.png","width":1500,"height":399,"caption":"Blog do Bispo"},"image":{"@id":"https:\/\/blogdobispo.com.br\/#\/schema\/logo\/image\/"}},{"@type":"Person","@id":"https:\/\/blogdobispo.com.br\/#\/schema\/person\/e2209cc0e6cea5c5233d033e997b373f","name":"Jefferson Sterfeno","image":{"@type":"ImageObject","inLanguage":"pt-BR","@id":"https:\/\/blogdobispo.com.br\/#\/schema\/person\/image\/","url":"https:\/\/secure.gravatar.com\/avatar\/0534e84764641168a677026b6d57a3f51dc7ac4db0b4f6186d9cb330d4ee1160?s=96&d=mm&r=g","contentUrl":"https:\/\/secure.gravatar.com\/avatar\/0534e84764641168a677026b6d57a3f51dc7ac4db0b4f6186d9cb330d4ee1160?s=96&d=mm&r=g","caption":"Jefferson Sterfeno"},"sameAs":["http:\/\/blogdobispo.com.br"],"url":"https:\/\/blogdobispo.com.br\/?author=1"}]}},"featured_image_urls":{"full":"","thumbnail":"","medium":"","medium_large":"","large":"","1536x1536":"","2048x2048":""},"author_info":{"display_name":"Jefferson Sterfeno","author_link":"https:\/\/blogdobispo.com.br\/?author=1"},"category_info":"<a href=\"https:\/\/blogdobispo.com.br\/?cat=1\" rel=\"category\">diversos<\/a>","tag_info":"diversos","comment_count":"0","jetpack_featured_media_url":"","jetpack_sharing_enabled":true,"_links":{"self":[{"href":"https:\/\/blogdobispo.com.br\/index.php?rest_route=\/wp\/v2\/posts\/4379","targetHints":{"allow":["GET"]}}],"collection":[{"href":"https:\/\/blogdobispo.com.br\/index.php?rest_route=\/wp\/v2\/posts"}],"about":[{"href":"https:\/\/blogdobispo.com.br\/index.php?rest_route=\/wp\/v2\/types\/post"}],"author":[{"embeddable":true,"href":"https:\/\/blogdobispo.com.br\/index.php?rest_route=\/wp\/v2\/users\/1"}],"replies":[{"embeddable":true,"href":"https:\/\/blogdobispo.com.br\/index.php?rest_route=%2Fwp%2Fv2%2Fcomments&post=4379"}],"version-history":[{"count":0,"href":"https:\/\/blogdobispo.com.br\/index.php?rest_route=\/wp\/v2\/posts\/4379\/revisions"}],"wp:attachment":[{"href":"https:\/\/blogdobispo.com.br\/index.php?rest_route=%2Fwp%2Fv2%2Fmedia&parent=4379"}],"wp:term":[{"taxonomy":"category","embeddable":true,"href":"https:\/\/blogdobispo.com.br\/index.php?rest_route=%2Fwp%2Fv2%2Fcategories&post=4379"},{"taxonomy":"post_tag","embeddable":true,"href":"https:\/\/blogdobispo.com.br\/index.php?rest_route=%2Fwp%2Fv2%2Ftags&post=4379"}],"curies":[{"name":"wp","href":"https:\/\/api.w.org\/{rel}","templated":true}]}}