{"id":4377,"date":"2025-01-01T21:33:39","date_gmt":"2025-01-01T21:33:39","guid":{"rendered":"https:\/\/blogdobispo.com.br\/?p=4377"},"modified":"2025-01-01T21:33:39","modified_gmt":"2025-01-01T21:33:39","slug":"eriko-jacome-e-eleito-para-novo-mandato-na-presidencia-da-camara-de-natal","status":"publish","type":"post","link":"https:\/\/blogdobispo.com.br\/?p=4377","title":{"rendered":"Eriko J\u00e1come \u00e9 eleito para novo mandato na presid\u00eancia da C\u00e2mara de Natal"},"content":{"rendered":"\n<p>A C\u00e2mara Municipal de Natal (CMN) elegeu nesta quarta-feira (1) a Mesa Diretora para o bi\u00eanio 2025-2026. O momento marcou a reelei\u00e7\u00e3o do vereador Eriko J\u00e1come (PP) para presid\u00eancia da C\u00e2mara de Natal, que liderou a \u00fanica chapa concorrente. Ao todo, 25 vereadores votaram a favor e quatro se abstiveram.<\/p>\n\n\n\n<p>A elei\u00e7\u00e3o da Mesa acontece ap\u00f3s intensos debates sobre a falta de igualdade na representatividade de g\u00eanero na chapa que inicialmente seria eleita. Isso porque apenas uma mulher, a vereadora Camila Ara\u00fajo (Uni\u00e3o Brasil), estava compondo o grupo. Por conta disso, ap\u00f3s questionamento do vereador Daniel Valen\u00e7a (PT), a sess\u00e3o foi suspensa por alguns minutos e foi aberto um per\u00edodo regimental para novas inscri\u00e7\u00f5es para vice-presidente, segundo secret\u00e1rio e terceiro secret\u00e1rio.<\/p>\n\n\n\n<p>Durante discuss\u00e3o, a chapa concorrente apresentou o nome de Anne Largatixa (Solidariedade) para compor o cargo de terceira secret\u00e1ria, que ficou no lugar do vereador Fulvio (Solidariedade). Dessa forma, o grupo passou a atender a presen\u00e7a de um ter\u00e7o de mulheres, atendendo ao regimento da Casa.<\/p>\n\n\n\n<p>Durante a vota\u00e7\u00e3o, se abstiveram os vereadores Daniel Valen\u00e7a (PT), Brisa Brachi (PT), Samanda Alves (PT) e Thabatta Pimenta (PSOL). J\u00e1 os demais presentes, votaram a favor da chapa concorrente.<\/p>\n\n\n\n<p>Reeleito presidente, Eriko J\u00e1come agradeceu a oportunidade de ocupar novamente o cargo e a import\u00e2ncia de cada vereador para fortalecer a legislatura. Al\u00e9m disso, independente de partidos, ele frisou que o seu trabalho vai focar no di\u00e1logo e em um mandato \u00fanico. \u201cPretendo construir uma c\u00e2mara mais independente e participativa\u201d, frisou.<\/p>\n\n\n\n<p>A forma\u00e7\u00e3o da Mesa Diretora confirmada \u00e9 a seguinte:<\/p>\n\n\n\n<p>Presidente \u2013 Eriko J\u00e1come<\/p>\n\n\n\n<p>1\u00ba vice-presidente \u2013 Robson Carvalho<\/p>\n\n\n\n<p>2\u00ba vice-presidente \u2013 Daniel Santiago<\/p>\n\n\n\n<p>3\u00ba vice-presidente Tony Henrique<\/p>\n\n\n\n<p>1\u00ba secret\u00e1rio- Kleber Fernandes<\/p>\n\n\n\n<p>2\u00ba secret\u00e1rio \u2013 Camila Ara\u00fajo<\/p>\n\n\n\n<p>3\u00ba secret\u00e1rio \u2013 Anne Lagartixa<\/p>\n\n\n\n<p>4\u00ba secret\u00e1rio \u2013 Herbert Sena<\/p>\n\n\n\n<p>Tribuna do Norte <\/p>\n\n\n\n<figure class=\"wp-block-image size-large\"><img data-recalc-dims=\"1\" fetchpriority=\"high\" decoding=\"async\" width=\"244\" height=\"206\" src=\"https:\/\/i0.wp.com\/blogdobispo.com.br\/wp-content\/uploads\/2025\/01\/img_2084-1.jpg?resize=244%2C206&#038;ssl=1\" class=\"wp-image-4376\"\/><\/figure>\n","protected":false},"excerpt":{"rendered":"<p>A C\u00e2mara Municipal de Natal (CMN) elegeu nesta quarta-feira (1) a Mesa Diretora para o bi\u00eanio 2025-2026. O momento marcou a reelei\u00e7\u00e3o do vereador Eriko J\u00e1come (PP) para presid\u00eancia da C\u00e2mara de Natal, que liderou a \u00fanica chapa concorrente. Ao todo, 25 vereadores votaram a favor e quatro se abstiveram. A elei\u00e7\u00e3o da Mesa acontece [&hellip;]<\/p>\n","protected":false},"author":1,"featured_media":0,"comment_status":"open","ping_status":"open","sticky":false,"template":"","format":"standard","meta":{"cybocfi_hide_featured_image":"","_jetpack_memberships_contains_paid_content":false,"footnotes":""},"categories":[1],"tags":[],"class_list":["post-4377","post","type-post","status-publish","format-standard","hentry","category-diversos"],"yoast_head":"<!-- This site is optimized with the Yoast SEO plugin v25.6 - https:\/\/yoast.com\/wordpress\/plugins\/seo\/ -->\n<title>Eriko J\u00e1come \u00e9 eleito para novo mandato na presid\u00eancia da C\u00e2mara de Natal - Blog do Bispo<\/title>\n<meta name=\"robots\" content=\"index, follow, max-snippet:-1, max-image-preview:large, max-video-preview:-1\" \/>\n<link rel=\"canonical\" href=\"https:\/\/blogdobispo.com.br\/?p=4377\" \/>\n<meta property=\"og:locale\" content=\"pt_BR\" \/>\n<meta property=\"og:type\" content=\"article\" \/>\n<meta property=\"og:title\" content=\"Eriko J\u00e1come \u00e9 eleito para novo mandato na presid\u00eancia da C\u00e2mara de Natal - Blog do Bispo\" \/>\n<meta property=\"og:description\" content=\"A C\u00e2mara Municipal de Natal (CMN) elegeu nesta quarta-feira (1) a Mesa Diretora para o bi\u00eanio 2025-2026. O momento marcou a reelei\u00e7\u00e3o do vereador Eriko J\u00e1come (PP) para presid\u00eancia da C\u00e2mara de Natal, que liderou a \u00fanica chapa concorrente. Ao todo, 25 vereadores votaram a favor e quatro se abstiveram. A elei\u00e7\u00e3o da Mesa acontece [&hellip;]\" \/>\n<meta property=\"og:url\" content=\"https:\/\/blogdobispo.com.br\/?p=4377\" \/>\n<meta property=\"og:site_name\" content=\"Blog do Bispo\" \/>\n<meta property=\"article:published_time\" content=\"2025-01-01T21:33:39+00:00\" \/>\n<meta property=\"og:image\" content=\"https:\/\/blogdobispo.com.br\/wp-content\/uploads\/2025\/01\/img_2084-1.jpg\" \/>\n<meta name=\"author\" content=\"Jefferson Sterfeno\" \/>\n<meta name=\"twitter:card\" content=\"summary_large_image\" \/>\n<meta name=\"twitter:label1\" content=\"Escrito por\" \/>\n\t<meta name=\"twitter:data1\" content=\"Jefferson Sterfeno\" \/>\n\t<meta name=\"twitter:label2\" content=\"Est. tempo de leitura\" \/>\n\t<meta name=\"twitter:data2\" content=\"2 minutos\" \/>\n<script type=\"application\/ld+json\" class=\"yoast-schema-graph\">{\"@context\":\"https:\/\/schema.org\",\"@graph\":[{\"@type\":\"Article\",\"@id\":\"https:\/\/blogdobispo.com.br\/?p=4377#article\",\"isPartOf\":{\"@id\":\"https:\/\/blogdobispo.com.br\/?p=4377\"},\"author\":{\"name\":\"Jefferson Sterfeno\",\"@id\":\"https:\/\/blogdobispo.com.br\/#\/schema\/person\/e2209cc0e6cea5c5233d033e997b373f\"},\"headline\":\"Eriko J\u00e1come \u00e9 eleito para novo mandato na presid\u00eancia da C\u00e2mara de Natal\",\"datePublished\":\"2025-01-01T21:33:39+00:00\",\"mainEntityOfPage\":{\"@id\":\"https:\/\/blogdobispo.com.br\/?p=4377\"},\"wordCount\":332,\"commentCount\":0,\"publisher\":{\"@id\":\"https:\/\/blogdobispo.com.br\/#organization\"},\"image\":{\"@id\":\"https:\/\/blogdobispo.com.br\/?p=4377#primaryimage\"},\"thumbnailUrl\":\"https:\/\/blogdobispo.com.br\/wp-content\/uploads\/2025\/01\/img_2084-1.jpg\",\"articleSection\":[\"diversos\"],\"inLanguage\":\"pt-BR\",\"potentialAction\":[{\"@type\":\"CommentAction\",\"name\":\"Comment\",\"target\":[\"https:\/\/blogdobispo.com.br\/?p=4377#respond\"]}]},{\"@type\":\"WebPage\",\"@id\":\"https:\/\/blogdobispo.com.br\/?p=4377\",\"url\":\"https:\/\/blogdobispo.com.br\/?p=4377\",\"name\":\"Eriko J\u00e1come \u00e9 eleito para novo mandato na presid\u00eancia da C\u00e2mara de Natal - Blog do Bispo\",\"isPartOf\":{\"@id\":\"https:\/\/blogdobispo.com.br\/#website\"},\"primaryImageOfPage\":{\"@id\":\"https:\/\/blogdobispo.com.br\/?p=4377#primaryimage\"},\"image\":{\"@id\":\"https:\/\/blogdobispo.com.br\/?p=4377#primaryimage\"},\"thumbnailUrl\":\"https:\/\/blogdobispo.com.br\/wp-content\/uploads\/2025\/01\/img_2084-1.jpg\",\"datePublished\":\"2025-01-01T21:33:39+00:00\",\"breadcrumb\":{\"@id\":\"https:\/\/blogdobispo.com.br\/?p=4377#breadcrumb\"},\"inLanguage\":\"pt-BR\",\"potentialAction\":[{\"@type\":\"ReadAction\",\"target\":[\"https:\/\/blogdobispo.com.br\/?p=4377\"]}]},{\"@type\":\"ImageObject\",\"inLanguage\":\"pt-BR\",\"@id\":\"https:\/\/blogdobispo.com.br\/?p=4377#primaryimage\",\"url\":\"https:\/\/blogdobispo.com.br\/wp-content\/uploads\/2025\/01\/img_2084-1.jpg\",\"contentUrl\":\"https:\/\/blogdobispo.com.br\/wp-content\/uploads\/2025\/01\/img_2084-1.jpg\"},{\"@type\":\"BreadcrumbList\",\"@id\":\"https:\/\/blogdobispo.com.br\/?p=4377#breadcrumb\",\"itemListElement\":[{\"@type\":\"ListItem\",\"position\":1,\"name\":\"In\u00edcio\",\"item\":\"https:\/\/blogdobispo.com.br\/\"},{\"@type\":\"ListItem\",\"position\":2,\"name\":\"Eriko J\u00e1come \u00e9 eleito para novo mandato na presid\u00eancia da C\u00e2mara de Natal\"}]},{\"@type\":\"WebSite\",\"@id\":\"https:\/\/blogdobispo.com.br\/#website\",\"url\":\"https:\/\/blogdobispo.com.br\/\",\"name\":\"Blog do Bispo\",\"description\":\"Comprometido apenas com o leitor\",\"publisher\":{\"@id\":\"https:\/\/blogdobispo.com.br\/#organization\"},\"potentialAction\":[{\"@type\":\"SearchAction\",\"target\":{\"@type\":\"EntryPoint\",\"urlTemplate\":\"https:\/\/blogdobispo.com.br\/?s={search_term_string}\"},\"query-input\":{\"@type\":\"PropertyValueSpecification\",\"valueRequired\":true,\"valueName\":\"search_term_string\"}}],\"inLanguage\":\"pt-BR\"},{\"@type\":\"Organization\",\"@id\":\"https:\/\/blogdobispo.com.br\/#organization\",\"name\":\"Blog do Bispo\",\"url\":\"https:\/\/blogdobispo.com.br\/\",\"logo\":{\"@type\":\"ImageObject\",\"inLanguage\":\"pt-BR\",\"@id\":\"https:\/\/blogdobispo.com.br\/#\/schema\/logo\/image\/\",\"url\":\"http:\/\/blogdobispo.com.br\/wp-content\/uploads\/2023\/05\/cropped-headear.png\",\"contentUrl\":\"http:\/\/blogdobispo.com.br\/wp-content\/uploads\/2023\/05\/cropped-headear.png\",\"width\":1500,\"height\":399,\"caption\":\"Blog do Bispo\"},\"image\":{\"@id\":\"https:\/\/blogdobispo.com.br\/#\/schema\/logo\/image\/\"}},{\"@type\":\"Person\",\"@id\":\"https:\/\/blogdobispo.com.br\/#\/schema\/person\/e2209cc0e6cea5c5233d033e997b373f\",\"name\":\"Jefferson Sterfeno\",\"image\":{\"@type\":\"ImageObject\",\"inLanguage\":\"pt-BR\",\"@id\":\"https:\/\/blogdobispo.com.br\/#\/schema\/person\/image\/\",\"url\":\"https:\/\/secure.gravatar.com\/avatar\/0534e84764641168a677026b6d57a3f51dc7ac4db0b4f6186d9cb330d4ee1160?s=96&d=mm&r=g\",\"contentUrl\":\"https:\/\/secure.gravatar.com\/avatar\/0534e84764641168a677026b6d57a3f51dc7ac4db0b4f6186d9cb330d4ee1160?s=96&d=mm&r=g\",\"caption\":\"Jefferson Sterfeno\"},\"sameAs\":[\"http:\/\/blogdobispo.com.br\"],\"url\":\"https:\/\/blogdobispo.com.br\/?author=1\"}]}<\/script>\n<!-- \/ Yoast SEO plugin. -->","yoast_head_json":{"title":"Eriko J\u00e1come \u00e9 eleito para novo mandato na presid\u00eancia da C\u00e2mara de Natal - Blog do Bispo","robots":{"index":"index","follow":"follow","max-snippet":"max-snippet:-1","max-image-preview":"max-image-preview:large","max-video-preview":"max-video-preview:-1"},"canonical":"https:\/\/blogdobispo.com.br\/?p=4377","og_locale":"pt_BR","og_type":"article","og_title":"Eriko J\u00e1come \u00e9 eleito para novo mandato na presid\u00eancia da C\u00e2mara de Natal - Blog do Bispo","og_description":"A C\u00e2mara Municipal de Natal (CMN) elegeu nesta quarta-feira (1) a Mesa Diretora para o bi\u00eanio 2025-2026. O momento marcou a reelei\u00e7\u00e3o do vereador Eriko J\u00e1come (PP) para presid\u00eancia da C\u00e2mara de Natal, que liderou a \u00fanica chapa concorrente. Ao todo, 25 vereadores votaram a favor e quatro se abstiveram. A elei\u00e7\u00e3o da Mesa acontece [&hellip;]","og_url":"https:\/\/blogdobispo.com.br\/?p=4377","og_site_name":"Blog do Bispo","article_published_time":"2025-01-01T21:33:39+00:00","og_image":[{"url":"https:\/\/blogdobispo.com.br\/wp-content\/uploads\/2025\/01\/img_2084-1.jpg","type":"","width":"","height":""}],"author":"Jefferson Sterfeno","twitter_card":"summary_large_image","twitter_misc":{"Escrito por":"Jefferson Sterfeno","Est. tempo de leitura":"2 minutos"},"schema":{"@context":"https:\/\/schema.org","@graph":[{"@type":"Article","@id":"https:\/\/blogdobispo.com.br\/?p=4377#article","isPartOf":{"@id":"https:\/\/blogdobispo.com.br\/?p=4377"},"author":{"name":"Jefferson Sterfeno","@id":"https:\/\/blogdobispo.com.br\/#\/schema\/person\/e2209cc0e6cea5c5233d033e997b373f"},"headline":"Eriko J\u00e1come \u00e9 eleito para novo mandato na presid\u00eancia da C\u00e2mara de Natal","datePublished":"2025-01-01T21:33:39+00:00","mainEntityOfPage":{"@id":"https:\/\/blogdobispo.com.br\/?p=4377"},"wordCount":332,"commentCount":0,"publisher":{"@id":"https:\/\/blogdobispo.com.br\/#organization"},"image":{"@id":"https:\/\/blogdobispo.com.br\/?p=4377#primaryimage"},"thumbnailUrl":"https:\/\/blogdobispo.com.br\/wp-content\/uploads\/2025\/01\/img_2084-1.jpg","articleSection":["diversos"],"inLanguage":"pt-BR","potentialAction":[{"@type":"CommentAction","name":"Comment","target":["https:\/\/blogdobispo.com.br\/?p=4377#respond"]}]},{"@type":"WebPage","@id":"https:\/\/blogdobispo.com.br\/?p=4377","url":"https:\/\/blogdobispo.com.br\/?p=4377","name":"Eriko J\u00e1come \u00e9 eleito para novo mandato na presid\u00eancia da C\u00e2mara de Natal - Blog do Bispo","isPartOf":{"@id":"https:\/\/blogdobispo.com.br\/#website"},"primaryImageOfPage":{"@id":"https:\/\/blogdobispo.com.br\/?p=4377#primaryimage"},"image":{"@id":"https:\/\/blogdobispo.com.br\/?p=4377#primaryimage"},"thumbnailUrl":"https:\/\/blogdobispo.com.br\/wp-content\/uploads\/2025\/01\/img_2084-1.jpg","datePublished":"2025-01-01T21:33:39+00:00","breadcrumb":{"@id":"https:\/\/blogdobispo.com.br\/?p=4377#breadcrumb"},"inLanguage":"pt-BR","potentialAction":[{"@type":"ReadAction","target":["https:\/\/blogdobispo.com.br\/?p=4377"]}]},{"@type":"ImageObject","inLanguage":"pt-BR","@id":"https:\/\/blogdobispo.com.br\/?p=4377#primaryimage","url":"https:\/\/blogdobispo.com.br\/wp-content\/uploads\/2025\/01\/img_2084-1.jpg","contentUrl":"https:\/\/blogdobispo.com.br\/wp-content\/uploads\/2025\/01\/img_2084-1.jpg"},{"@type":"BreadcrumbList","@id":"https:\/\/blogdobispo.com.br\/?p=4377#breadcrumb","itemListElement":[{"@type":"ListItem","position":1,"name":"In\u00edcio","item":"https:\/\/blogdobispo.com.br\/"},{"@type":"ListItem","position":2,"name":"Eriko J\u00e1come \u00e9 eleito para novo mandato na presid\u00eancia da C\u00e2mara de Natal"}]},{"@type":"WebSite","@id":"https:\/\/blogdobispo.com.br\/#website","url":"https:\/\/blogdobispo.com.br\/","name":"Blog do Bispo","description":"Comprometido apenas com o leitor","publisher":{"@id":"https:\/\/blogdobispo.com.br\/#organization"},"potentialAction":[{"@type":"SearchAction","target":{"@type":"EntryPoint","urlTemplate":"https:\/\/blogdobispo.com.br\/?s={search_term_string}"},"query-input":{"@type":"PropertyValueSpecification","valueRequired":true,"valueName":"search_term_string"}}],"inLanguage":"pt-BR"},{"@type":"Organization","@id":"https:\/\/blogdobispo.com.br\/#organization","name":"Blog do Bispo","url":"https:\/\/blogdobispo.com.br\/","logo":{"@type":"ImageObject","inLanguage":"pt-BR","@id":"https:\/\/blogdobispo.com.br\/#\/schema\/logo\/image\/","url":"http:\/\/blogdobispo.com.br\/wp-content\/uploads\/2023\/05\/cropped-headear.png","contentUrl":"http:\/\/blogdobispo.com.br\/wp-content\/uploads\/2023\/05\/cropped-headear.png","width":1500,"height":399,"caption":"Blog do Bispo"},"image":{"@id":"https:\/\/blogdobispo.com.br\/#\/schema\/logo\/image\/"}},{"@type":"Person","@id":"https:\/\/blogdobispo.com.br\/#\/schema\/person\/e2209cc0e6cea5c5233d033e997b373f","name":"Jefferson Sterfeno","image":{"@type":"ImageObject","inLanguage":"pt-BR","@id":"https:\/\/blogdobispo.com.br\/#\/schema\/person\/image\/","url":"https:\/\/secure.gravatar.com\/avatar\/0534e84764641168a677026b6d57a3f51dc7ac4db0b4f6186d9cb330d4ee1160?s=96&d=mm&r=g","contentUrl":"https:\/\/secure.gravatar.com\/avatar\/0534e84764641168a677026b6d57a3f51dc7ac4db0b4f6186d9cb330d4ee1160?s=96&d=mm&r=g","caption":"Jefferson Sterfeno"},"sameAs":["http:\/\/blogdobispo.com.br"],"url":"https:\/\/blogdobispo.com.br\/?author=1"}]}},"featured_image_urls":{"full":"","thumbnail":"","medium":"","medium_large":"","large":"","1536x1536":"","2048x2048":""},"author_info":{"display_name":"Jefferson Sterfeno","author_link":"https:\/\/blogdobispo.com.br\/?author=1"},"category_info":"<a href=\"https:\/\/blogdobispo.com.br\/?cat=1\" rel=\"category\">diversos<\/a>","tag_info":"diversos","comment_count":"0","jetpack_featured_media_url":"","jetpack_sharing_enabled":true,"_links":{"self":[{"href":"https:\/\/blogdobispo.com.br\/index.php?rest_route=\/wp\/v2\/posts\/4377","targetHints":{"allow":["GET"]}}],"collection":[{"href":"https:\/\/blogdobispo.com.br\/index.php?rest_route=\/wp\/v2\/posts"}],"about":[{"href":"https:\/\/blogdobispo.com.br\/index.php?rest_route=\/wp\/v2\/types\/post"}],"author":[{"embeddable":true,"href":"https:\/\/blogdobispo.com.br\/index.php?rest_route=\/wp\/v2\/users\/1"}],"replies":[{"embeddable":true,"href":"https:\/\/blogdobispo.com.br\/index.php?rest_route=%2Fwp%2Fv2%2Fcomments&post=4377"}],"version-history":[{"count":0,"href":"https:\/\/blogdobispo.com.br\/index.php?rest_route=\/wp\/v2\/posts\/4377\/revisions"}],"wp:attachment":[{"href":"https:\/\/blogdobispo.com.br\/index.php?rest_route=%2Fwp%2Fv2%2Fmedia&parent=4377"}],"wp:term":[{"taxonomy":"category","embeddable":true,"href":"https:\/\/blogdobispo.com.br\/index.php?rest_route=%2Fwp%2Fv2%2Fcategories&post=4377"},{"taxonomy":"post_tag","embeddable":true,"href":"https:\/\/blogdobispo.com.br\/index.php?rest_route=%2Fwp%2Fv2%2Ftags&post=4377"}],"curies":[{"name":"wp","href":"https:\/\/api.w.org\/{rel}","templated":true}]}}