{"id":4375,"date":"2025-01-01T21:29:33","date_gmt":"2025-01-01T21:29:33","guid":{"rendered":"https:\/\/blogdobispo.com.br\/?p=4375"},"modified":"2025-01-01T21:29:33","modified_gmt":"2025-01-01T21:29:33","slug":"primeira-derrota-de-nilda-cesar-maia-e-eleito-presidente-da-camara","status":"publish","type":"post","link":"https:\/\/blogdobispo.com.br\/?p=4375","title":{"rendered":"Primeira derrota de Nilda: Cesar Maia \u00e9 eleito presidente da C\u00e2mara"},"content":{"rendered":"\n<figure class=\"wp-block-image size-large\"><img data-recalc-dims=\"1\" fetchpriority=\"high\" decoding=\"async\" width=\"267\" height=\"188\" src=\"https:\/\/i0.wp.com\/blogdobispo.com.br\/wp-content\/uploads\/2025\/01\/img_2083-1.png?resize=267%2C188&#038;ssl=1\" class=\"wp-image-4374\"\/><\/figure>\n\n\n\n<p>A elei\u00e7\u00e3o para a presid\u00eancia da C\u00e2mara de Parnamirim (bi\u00eanio 2025\/2026) aconteceu nesta quarta-feira, 1\u00b0 de janeiro, \u00e0s 18h, na sede do poder legislativo municipal. O vereador Dr. C\u00e9sar Maia (MDB) derrotou o vereador Binho de Ambr\u00f3sio (PSD) por 12 votos a 9. Mesmo com o apoio da prefeita eleita professora Nilda, o parlamentar Binho de Ambr\u00f3sio n\u00e3o logrou \u00eaxito no pleito.<\/p>\n\n\n\n<p>A chapa &#8220;Uni\u00e3o e Trabalho&#8221; ter\u00e1 a seguinte composi\u00e7\u00e3o: Dr. C\u00e9sar Maia &#8211; presidente; R\u00e1rika Bastos &#8211; vice-presidente; Michael Diniz &#8211; 2\u00b0 vice-presidente; Thiago Fernandes &#8211; 1\u00b0 secret\u00e1rio; e Eurico da Jap\u00e3o &#8211; 2\u00b0 secret\u00e1rio.<\/p>\n\n\n\n<p>Confira como votaram os vereadores:<\/p>\n\n\n\n<p>A favor de C\u00e9sar:<\/p>\n\n\n\n<p>C\u00e9sar Maia<\/p>\n\n\n\n<p>R\u00e1rika Bastos<\/p>\n\n\n\n<p>Michael Diniz<\/p>\n\n\n\n<p>Thiago Fernandes<\/p>\n\n\n\n<p>Eurico da Jap\u00e3o<\/p>\n\n\n\n<p>L\u00e9o Lima<\/p>\n\n\n\n<p>Gabriel C\u00e9sar<\/p>\n\n\n\n<p>Michael Borges<\/p>\n\n\n\n<p>Afr\u00e2nio Bezerra<\/p>\n\n\n\n<p>Jonas Godeiro<\/p>\n\n\n\n<p>Rodrigo Cruz<\/p>\n\n\n\n<p>Irani Guedes<\/p>\n\n\n\n<p>A favor de Binho:<\/p>\n\n\n\n<p>Binho de Ambr\u00f3sio Rhalessa de Cl\u00eanio<\/p>\n\n\n\n<p>\u00c9der Queiroz<\/p>\n\n\n\n<p>Rafaela de Nilda<\/p>\n\n\n\n<p>Chic\u00e3o<\/p>\n\n\n\n<p>Italo Siqueira<\/p>\n\n\n\n<p>Diego Am\u00e9rico<\/p>\n\n\n\n<p>Carol Pires<\/p>\n\n\n\n<p>Wolney Fran\u00e7a<\/p>\n\n\n\n<p>Parnamirim em Foco <\/p>\n","protected":false},"excerpt":{"rendered":"<p>A elei\u00e7\u00e3o para a presid\u00eancia da C\u00e2mara de Parnamirim (bi\u00eanio 2025\/2026) aconteceu nesta quarta-feira, 1\u00b0 de janeiro, \u00e0s 18h, na sede do poder legislativo municipal. O vereador Dr. C\u00e9sar Maia (MDB) derrotou o vereador Binho de Ambr\u00f3sio (PSD) por 12 votos a 9. Mesmo com o apoio da prefeita eleita professora Nilda, o parlamentar Binho [&hellip;]<\/p>\n","protected":false},"author":1,"featured_media":0,"comment_status":"open","ping_status":"open","sticky":false,"template":"","format":"standard","meta":{"cybocfi_hide_featured_image":"","_jetpack_memberships_contains_paid_content":false,"footnotes":""},"categories":[1],"tags":[],"class_list":["post-4375","post","type-post","status-publish","format-standard","hentry","category-diversos"],"yoast_head":"<!-- This site is optimized with the Yoast SEO plugin v25.6 - https:\/\/yoast.com\/wordpress\/plugins\/seo\/ -->\n<title>Primeira derrota de Nilda: Cesar Maia \u00e9 eleito presidente da C\u00e2mara - Blog do Bispo<\/title>\n<meta name=\"robots\" content=\"index, follow, max-snippet:-1, max-image-preview:large, max-video-preview:-1\" \/>\n<link rel=\"canonical\" href=\"https:\/\/blogdobispo.com.br\/?p=4375\" \/>\n<meta property=\"og:locale\" content=\"pt_BR\" \/>\n<meta property=\"og:type\" content=\"article\" \/>\n<meta property=\"og:title\" content=\"Primeira derrota de Nilda: Cesar Maia \u00e9 eleito presidente da C\u00e2mara - Blog do Bispo\" \/>\n<meta property=\"og:description\" content=\"A elei\u00e7\u00e3o para a presid\u00eancia da C\u00e2mara de Parnamirim (bi\u00eanio 2025\/2026) aconteceu nesta quarta-feira, 1\u00b0 de janeiro, \u00e0s 18h, na sede do poder legislativo municipal. O vereador Dr. C\u00e9sar Maia (MDB) derrotou o vereador Binho de Ambr\u00f3sio (PSD) por 12 votos a 9. Mesmo com o apoio da prefeita eleita professora Nilda, o parlamentar Binho [&hellip;]\" \/>\n<meta property=\"og:url\" content=\"https:\/\/blogdobispo.com.br\/?p=4375\" \/>\n<meta property=\"og:site_name\" content=\"Blog do Bispo\" \/>\n<meta property=\"article:published_time\" content=\"2025-01-01T21:29:33+00:00\" \/>\n<meta property=\"og:image\" content=\"https:\/\/blogdobispo.com.br\/wp-content\/uploads\/2025\/01\/img_2083-1.png\" \/>\n<meta name=\"author\" content=\"Jefferson Sterfeno\" \/>\n<meta name=\"twitter:card\" content=\"summary_large_image\" \/>\n<meta name=\"twitter:label1\" content=\"Escrito por\" \/>\n\t<meta name=\"twitter:data1\" content=\"Jefferson Sterfeno\" \/>\n\t<meta name=\"twitter:label2\" content=\"Est. tempo de leitura\" \/>\n\t<meta name=\"twitter:data2\" content=\"1 minuto\" \/>\n<script type=\"application\/ld+json\" class=\"yoast-schema-graph\">{\"@context\":\"https:\/\/schema.org\",\"@graph\":[{\"@type\":\"Article\",\"@id\":\"https:\/\/blogdobispo.com.br\/?p=4375#article\",\"isPartOf\":{\"@id\":\"https:\/\/blogdobispo.com.br\/?p=4375\"},\"author\":{\"name\":\"Jefferson Sterfeno\",\"@id\":\"https:\/\/blogdobispo.com.br\/#\/schema\/person\/e2209cc0e6cea5c5233d033e997b373f\"},\"headline\":\"Primeira derrota de Nilda: Cesar Maia \u00e9 eleito presidente da C\u00e2mara\",\"datePublished\":\"2025-01-01T21:29:33+00:00\",\"mainEntityOfPage\":{\"@id\":\"https:\/\/blogdobispo.com.br\/?p=4375\"},\"wordCount\":189,\"commentCount\":0,\"publisher\":{\"@id\":\"https:\/\/blogdobispo.com.br\/#organization\"},\"image\":{\"@id\":\"https:\/\/blogdobispo.com.br\/?p=4375#primaryimage\"},\"thumbnailUrl\":\"https:\/\/blogdobispo.com.br\/wp-content\/uploads\/2025\/01\/img_2083-1.png\",\"articleSection\":[\"diversos\"],\"inLanguage\":\"pt-BR\",\"potentialAction\":[{\"@type\":\"CommentAction\",\"name\":\"Comment\",\"target\":[\"https:\/\/blogdobispo.com.br\/?p=4375#respond\"]}]},{\"@type\":\"WebPage\",\"@id\":\"https:\/\/blogdobispo.com.br\/?p=4375\",\"url\":\"https:\/\/blogdobispo.com.br\/?p=4375\",\"name\":\"Primeira derrota de Nilda: Cesar Maia \u00e9 eleito presidente da C\u00e2mara - Blog do Bispo\",\"isPartOf\":{\"@id\":\"https:\/\/blogdobispo.com.br\/#website\"},\"primaryImageOfPage\":{\"@id\":\"https:\/\/blogdobispo.com.br\/?p=4375#primaryimage\"},\"image\":{\"@id\":\"https:\/\/blogdobispo.com.br\/?p=4375#primaryimage\"},\"thumbnailUrl\":\"https:\/\/blogdobispo.com.br\/wp-content\/uploads\/2025\/01\/img_2083-1.png\",\"datePublished\":\"2025-01-01T21:29:33+00:00\",\"breadcrumb\":{\"@id\":\"https:\/\/blogdobispo.com.br\/?p=4375#breadcrumb\"},\"inLanguage\":\"pt-BR\",\"potentialAction\":[{\"@type\":\"ReadAction\",\"target\":[\"https:\/\/blogdobispo.com.br\/?p=4375\"]}]},{\"@type\":\"ImageObject\",\"inLanguage\":\"pt-BR\",\"@id\":\"https:\/\/blogdobispo.com.br\/?p=4375#primaryimage\",\"url\":\"https:\/\/blogdobispo.com.br\/wp-content\/uploads\/2025\/01\/img_2083-1.png\",\"contentUrl\":\"https:\/\/blogdobispo.com.br\/wp-content\/uploads\/2025\/01\/img_2083-1.png\"},{\"@type\":\"BreadcrumbList\",\"@id\":\"https:\/\/blogdobispo.com.br\/?p=4375#breadcrumb\",\"itemListElement\":[{\"@type\":\"ListItem\",\"position\":1,\"name\":\"In\u00edcio\",\"item\":\"https:\/\/blogdobispo.com.br\/\"},{\"@type\":\"ListItem\",\"position\":2,\"name\":\"Primeira derrota de Nilda: Cesar Maia \u00e9 eleito presidente da C\u00e2mara\"}]},{\"@type\":\"WebSite\",\"@id\":\"https:\/\/blogdobispo.com.br\/#website\",\"url\":\"https:\/\/blogdobispo.com.br\/\",\"name\":\"Blog do Bispo\",\"description\":\"Comprometido apenas com o leitor\",\"publisher\":{\"@id\":\"https:\/\/blogdobispo.com.br\/#organization\"},\"potentialAction\":[{\"@type\":\"SearchAction\",\"target\":{\"@type\":\"EntryPoint\",\"urlTemplate\":\"https:\/\/blogdobispo.com.br\/?s={search_term_string}\"},\"query-input\":{\"@type\":\"PropertyValueSpecification\",\"valueRequired\":true,\"valueName\":\"search_term_string\"}}],\"inLanguage\":\"pt-BR\"},{\"@type\":\"Organization\",\"@id\":\"https:\/\/blogdobispo.com.br\/#organization\",\"name\":\"Blog do Bispo\",\"url\":\"https:\/\/blogdobispo.com.br\/\",\"logo\":{\"@type\":\"ImageObject\",\"inLanguage\":\"pt-BR\",\"@id\":\"https:\/\/blogdobispo.com.br\/#\/schema\/logo\/image\/\",\"url\":\"http:\/\/blogdobispo.com.br\/wp-content\/uploads\/2023\/05\/cropped-headear.png\",\"contentUrl\":\"http:\/\/blogdobispo.com.br\/wp-content\/uploads\/2023\/05\/cropped-headear.png\",\"width\":1500,\"height\":399,\"caption\":\"Blog do Bispo\"},\"image\":{\"@id\":\"https:\/\/blogdobispo.com.br\/#\/schema\/logo\/image\/\"}},{\"@type\":\"Person\",\"@id\":\"https:\/\/blogdobispo.com.br\/#\/schema\/person\/e2209cc0e6cea5c5233d033e997b373f\",\"name\":\"Jefferson Sterfeno\",\"image\":{\"@type\":\"ImageObject\",\"inLanguage\":\"pt-BR\",\"@id\":\"https:\/\/blogdobispo.com.br\/#\/schema\/person\/image\/\",\"url\":\"https:\/\/secure.gravatar.com\/avatar\/0534e84764641168a677026b6d57a3f51dc7ac4db0b4f6186d9cb330d4ee1160?s=96&d=mm&r=g\",\"contentUrl\":\"https:\/\/secure.gravatar.com\/avatar\/0534e84764641168a677026b6d57a3f51dc7ac4db0b4f6186d9cb330d4ee1160?s=96&d=mm&r=g\",\"caption\":\"Jefferson Sterfeno\"},\"sameAs\":[\"http:\/\/blogdobispo.com.br\"],\"url\":\"https:\/\/blogdobispo.com.br\/?author=1\"}]}<\/script>\n<!-- \/ Yoast SEO plugin. -->","yoast_head_json":{"title":"Primeira derrota de Nilda: Cesar Maia \u00e9 eleito presidente da C\u00e2mara - Blog do Bispo","robots":{"index":"index","follow":"follow","max-snippet":"max-snippet:-1","max-image-preview":"max-image-preview:large","max-video-preview":"max-video-preview:-1"},"canonical":"https:\/\/blogdobispo.com.br\/?p=4375","og_locale":"pt_BR","og_type":"article","og_title":"Primeira derrota de Nilda: Cesar Maia \u00e9 eleito presidente da C\u00e2mara - Blog do Bispo","og_description":"A elei\u00e7\u00e3o para a presid\u00eancia da C\u00e2mara de Parnamirim (bi\u00eanio 2025\/2026) aconteceu nesta quarta-feira, 1\u00b0 de janeiro, \u00e0s 18h, na sede do poder legislativo municipal. O vereador Dr. C\u00e9sar Maia (MDB) derrotou o vereador Binho de Ambr\u00f3sio (PSD) por 12 votos a 9. Mesmo com o apoio da prefeita eleita professora Nilda, o parlamentar Binho [&hellip;]","og_url":"https:\/\/blogdobispo.com.br\/?p=4375","og_site_name":"Blog do Bispo","article_published_time":"2025-01-01T21:29:33+00:00","og_image":[{"url":"https:\/\/blogdobispo.com.br\/wp-content\/uploads\/2025\/01\/img_2083-1.png","type":"","width":"","height":""}],"author":"Jefferson Sterfeno","twitter_card":"summary_large_image","twitter_misc":{"Escrito por":"Jefferson Sterfeno","Est. tempo de leitura":"1 minuto"},"schema":{"@context":"https:\/\/schema.org","@graph":[{"@type":"Article","@id":"https:\/\/blogdobispo.com.br\/?p=4375#article","isPartOf":{"@id":"https:\/\/blogdobispo.com.br\/?p=4375"},"author":{"name":"Jefferson Sterfeno","@id":"https:\/\/blogdobispo.com.br\/#\/schema\/person\/e2209cc0e6cea5c5233d033e997b373f"},"headline":"Primeira derrota de Nilda: Cesar Maia \u00e9 eleito presidente da C\u00e2mara","datePublished":"2025-01-01T21:29:33+00:00","mainEntityOfPage":{"@id":"https:\/\/blogdobispo.com.br\/?p=4375"},"wordCount":189,"commentCount":0,"publisher":{"@id":"https:\/\/blogdobispo.com.br\/#organization"},"image":{"@id":"https:\/\/blogdobispo.com.br\/?p=4375#primaryimage"},"thumbnailUrl":"https:\/\/blogdobispo.com.br\/wp-content\/uploads\/2025\/01\/img_2083-1.png","articleSection":["diversos"],"inLanguage":"pt-BR","potentialAction":[{"@type":"CommentAction","name":"Comment","target":["https:\/\/blogdobispo.com.br\/?p=4375#respond"]}]},{"@type":"WebPage","@id":"https:\/\/blogdobispo.com.br\/?p=4375","url":"https:\/\/blogdobispo.com.br\/?p=4375","name":"Primeira derrota de Nilda: Cesar Maia \u00e9 eleito presidente da C\u00e2mara - Blog do Bispo","isPartOf":{"@id":"https:\/\/blogdobispo.com.br\/#website"},"primaryImageOfPage":{"@id":"https:\/\/blogdobispo.com.br\/?p=4375#primaryimage"},"image":{"@id":"https:\/\/blogdobispo.com.br\/?p=4375#primaryimage"},"thumbnailUrl":"https:\/\/blogdobispo.com.br\/wp-content\/uploads\/2025\/01\/img_2083-1.png","datePublished":"2025-01-01T21:29:33+00:00","breadcrumb":{"@id":"https:\/\/blogdobispo.com.br\/?p=4375#breadcrumb"},"inLanguage":"pt-BR","potentialAction":[{"@type":"ReadAction","target":["https:\/\/blogdobispo.com.br\/?p=4375"]}]},{"@type":"ImageObject","inLanguage":"pt-BR","@id":"https:\/\/blogdobispo.com.br\/?p=4375#primaryimage","url":"https:\/\/blogdobispo.com.br\/wp-content\/uploads\/2025\/01\/img_2083-1.png","contentUrl":"https:\/\/blogdobispo.com.br\/wp-content\/uploads\/2025\/01\/img_2083-1.png"},{"@type":"BreadcrumbList","@id":"https:\/\/blogdobispo.com.br\/?p=4375#breadcrumb","itemListElement":[{"@type":"ListItem","position":1,"name":"In\u00edcio","item":"https:\/\/blogdobispo.com.br\/"},{"@type":"ListItem","position":2,"name":"Primeira derrota de Nilda: Cesar Maia \u00e9 eleito presidente da C\u00e2mara"}]},{"@type":"WebSite","@id":"https:\/\/blogdobispo.com.br\/#website","url":"https:\/\/blogdobispo.com.br\/","name":"Blog do Bispo","description":"Comprometido apenas com o leitor","publisher":{"@id":"https:\/\/blogdobispo.com.br\/#organization"},"potentialAction":[{"@type":"SearchAction","target":{"@type":"EntryPoint","urlTemplate":"https:\/\/blogdobispo.com.br\/?s={search_term_string}"},"query-input":{"@type":"PropertyValueSpecification","valueRequired":true,"valueName":"search_term_string"}}],"inLanguage":"pt-BR"},{"@type":"Organization","@id":"https:\/\/blogdobispo.com.br\/#organization","name":"Blog do Bispo","url":"https:\/\/blogdobispo.com.br\/","logo":{"@type":"ImageObject","inLanguage":"pt-BR","@id":"https:\/\/blogdobispo.com.br\/#\/schema\/logo\/image\/","url":"http:\/\/blogdobispo.com.br\/wp-content\/uploads\/2023\/05\/cropped-headear.png","contentUrl":"http:\/\/blogdobispo.com.br\/wp-content\/uploads\/2023\/05\/cropped-headear.png","width":1500,"height":399,"caption":"Blog do Bispo"},"image":{"@id":"https:\/\/blogdobispo.com.br\/#\/schema\/logo\/image\/"}},{"@type":"Person","@id":"https:\/\/blogdobispo.com.br\/#\/schema\/person\/e2209cc0e6cea5c5233d033e997b373f","name":"Jefferson Sterfeno","image":{"@type":"ImageObject","inLanguage":"pt-BR","@id":"https:\/\/blogdobispo.com.br\/#\/schema\/person\/image\/","url":"https:\/\/secure.gravatar.com\/avatar\/0534e84764641168a677026b6d57a3f51dc7ac4db0b4f6186d9cb330d4ee1160?s=96&d=mm&r=g","contentUrl":"https:\/\/secure.gravatar.com\/avatar\/0534e84764641168a677026b6d57a3f51dc7ac4db0b4f6186d9cb330d4ee1160?s=96&d=mm&r=g","caption":"Jefferson Sterfeno"},"sameAs":["http:\/\/blogdobispo.com.br"],"url":"https:\/\/blogdobispo.com.br\/?author=1"}]}},"featured_image_urls":{"full":"","thumbnail":"","medium":"","medium_large":"","large":"","1536x1536":"","2048x2048":""},"author_info":{"display_name":"Jefferson Sterfeno","author_link":"https:\/\/blogdobispo.com.br\/?author=1"},"category_info":"<a href=\"https:\/\/blogdobispo.com.br\/?cat=1\" rel=\"category\">diversos<\/a>","tag_info":"diversos","comment_count":"0","jetpack_featured_media_url":"","jetpack_sharing_enabled":true,"_links":{"self":[{"href":"https:\/\/blogdobispo.com.br\/index.php?rest_route=\/wp\/v2\/posts\/4375","targetHints":{"allow":["GET"]}}],"collection":[{"href":"https:\/\/blogdobispo.com.br\/index.php?rest_route=\/wp\/v2\/posts"}],"about":[{"href":"https:\/\/blogdobispo.com.br\/index.php?rest_route=\/wp\/v2\/types\/post"}],"author":[{"embeddable":true,"href":"https:\/\/blogdobispo.com.br\/index.php?rest_route=\/wp\/v2\/users\/1"}],"replies":[{"embeddable":true,"href":"https:\/\/blogdobispo.com.br\/index.php?rest_route=%2Fwp%2Fv2%2Fcomments&post=4375"}],"version-history":[{"count":0,"href":"https:\/\/blogdobispo.com.br\/index.php?rest_route=\/wp\/v2\/posts\/4375\/revisions"}],"wp:attachment":[{"href":"https:\/\/blogdobispo.com.br\/index.php?rest_route=%2Fwp%2Fv2%2Fmedia&parent=4375"}],"wp:term":[{"taxonomy":"category","embeddable":true,"href":"https:\/\/blogdobispo.com.br\/index.php?rest_route=%2Fwp%2Fv2%2Fcategories&post=4375"},{"taxonomy":"post_tag","embeddable":true,"href":"https:\/\/blogdobispo.com.br\/index.php?rest_route=%2Fwp%2Fv2%2Ftags&post=4375"}],"curies":[{"name":"wp","href":"https:\/\/api.w.org\/{rel}","templated":true}]}}