{"id":4373,"date":"2024-12-31T03:39:22","date_gmt":"2024-12-31T03:39:22","guid":{"rendered":"https:\/\/blogdobispo.com.br\/?p=4373"},"modified":"2024-12-31T03:39:22","modified_gmt":"2024-12-31T03:39:22","slug":"paulinho-freire-confirma-lista-de-secretarios","status":"publish","type":"post","link":"https:\/\/blogdobispo.com.br\/?p=4373","title":{"rendered":"Paulinho Freire confirma lista de secret\u00e1rios"},"content":{"rendered":"\n<figure class=\"wp-block-image size-large\"><img data-recalc-dims=\"1\" fetchpriority=\"high\" decoding=\"async\" width=\"680\" height=\"451\" src=\"https:\/\/i0.wp.com\/blogdobispo.com.br\/wp-content\/uploads\/2024\/12\/img_2017-1.jpg?resize=680%2C451&#038;ssl=1\" class=\"wp-image-4372\" srcset=\"https:\/\/i0.wp.com\/blogdobispo.com.br\/wp-content\/uploads\/2024\/12\/img_2017-1.jpg?w=680&amp;ssl=1 680w, https:\/\/i0.wp.com\/blogdobispo.com.br\/wp-content\/uploads\/2024\/12\/img_2017-1.jpg?resize=300%2C199&amp;ssl=1 300w\" sizes=\"(max-width: 680px) 100vw, 680px\" \/><\/figure>\n\n\n\n<p>O prefeito eleito de Natal, Paulinho Freire, confirmou nesta segunda-feira (30), nomes que v\u00e3o compor a gest\u00e3o municipal a partir de 2025.<\/p>\n\n\n\n<p>\u201cAcredito que estamos montando uma equipe qualificada para contribuir com a Natal que queremos. Temos muito trabalho pela frente\u201d, comentou Paulinho.<\/p>\n\n\n\n<p>Seguem os nomes confirmados:<\/p>\n\n\n\n<ul class=\"wp-block-list\">\n<li><em>Secretaria Municipal de Governo (SMG):<\/em>S\u00e9rgio Freire<\/li>\n\n\n\n<li><em>Secretaria Executiva de Acompanhamento Governamental do Munic\u00edpio:<\/em>\u00a0Marcos Nascimento<\/li>\n\n\n\n<li><em>Procuradoria Geral do Munic\u00edpio (PGM):<\/em>Celina Lobo<\/li>\n\n\n\n<li><em>Secretaria Municipal de Tributa\u00e7\u00e3o (SEMUT):<\/em>\u00a0Marcelo Augusto de Oliveira<\/li>\n\n\n\n<li><em>Secretaria Municipal de Planejamento (SEMPLA):<\/em>\u00a0Vagner Ara\u00fajo<\/li>\n\n\n\n<li><em>Secretaria Municipal de Educa\u00e7\u00e3o (SME):<\/em>Aldo Fernandes<\/li>\n\n\n\n<li><em>Secretaria Municipal de Sa\u00fade (SMS):<\/em>Leidimar Murr<\/li>\n\n\n\n<li><em>Secretaria Municipal do Trabalho e Assist\u00eancia Social (SEMTAS):<\/em>\u00a0Nina Souza<\/li>\n\n\n\n<li><em>Secretaria Municipal de Mobilidade Urbana (STTU):<\/em>\u00a0J\u00f3dia Melo<\/li>\n\n\n\n<li><em>Secretaria Municipal de Turismo (SETUR):<\/em>Sanclair Solon<\/li>\n\n\n\n<li><em>Secretaria Municipal de Esporte e Lazer (SEL):<\/em>\u00a0Hermes C\u00e2mara<\/li>\n\n\n\n<li><em>Secretaria Municipal de Obras P\u00fablicas e Infraestrutura (SEINFRA):<\/em>\u00a0Shirley Menezes<\/li>\n\n\n\n<li><em>Secretaria Municipal de Habita\u00e7\u00e3o Social, Regulariza\u00e7\u00e3o Fundi\u00e1ria e Projetos Estruturantes (SEHARPE):<\/em>\u00a0Iris Machado<\/li>\n\n\n\n<li><em>Secretaria Municipal de Servi\u00e7os Urbanos (SEMSUR):<\/em>\u00a0Felipe Alves<\/li>\n\n\n\n<li><em>Secretaria Especial de Meio Ambiente e Urbanismo (SEMURB):<\/em>\u00a0Thiago Mesquita<\/li>\n\n\n\n<li><em>Secretaria Municipal de Concess\u00f5es, Parcerias, Empreendedorismo e Inova\u00e7\u00f5es (SEPAE):<\/em>\u00a0Arthur Dutra<\/li>\n\n\n\n<li><em>Secret\u00e1ria Municipal da Igualdade Racial, Direitos Humanos, Diversidade, Pessoas Idosas e Pessoas com Defici\u00eancia (SEMIDH):<\/em>Luciana Dantas<\/li>\n\n\n\n<li><em>Secretaria Municipal de Comunica\u00e7\u00e3o (SECOM):<\/em>\u00a0Cristina Vidal Bezerra<\/li>\n\n\n\n<li><em>Funda\u00e7\u00e3o Cultural Capitania das Artes (FUNCARTE):<\/em>\u00a0Iracy Azevedo<\/li>\n\n\n\n<li><em>Instituto de Previd\u00eancia dos Servidores do Munic\u00edpio do Natal (NATALPREV):<\/em>\u00a0Thiago Costa Marreiros<\/li>\n\n\n\n<li><em>Instituto Municipal de Prote\u00e7\u00e3o e Defesa do Consumidor (PROCON NATAL):<\/em>\u00a0Dina Perez<\/li>\n\n\n\n<li><em>Companhia de Servi\u00e7os Urbanos de Natal (URBANA):<\/em>\u00a0Carlson Gomes<\/li>\n<\/ul>\n","protected":false},"excerpt":{"rendered":"<p>O prefeito eleito de Natal, Paulinho Freire, confirmou nesta segunda-feira (30), nomes que v\u00e3o compor a gest\u00e3o municipal a partir de 2025. \u201cAcredito que estamos montando uma equipe qualificada para contribuir com a Natal que queremos. Temos muito trabalho pela frente\u201d, comentou Paulinho. Seguem os nomes confirmados:<\/p>\n","protected":false},"author":1,"featured_media":0,"comment_status":"open","ping_status":"open","sticky":false,"template":"","format":"standard","meta":{"cybocfi_hide_featured_image":"","_jetpack_memberships_contains_paid_content":false,"footnotes":""},"categories":[1],"tags":[],"class_list":["post-4373","post","type-post","status-publish","format-standard","hentry","category-diversos"],"yoast_head":"<!-- This site is optimized with the Yoast SEO plugin v25.6 - https:\/\/yoast.com\/wordpress\/plugins\/seo\/ -->\n<title>Paulinho Freire confirma lista de secret\u00e1rios - Blog do Bispo<\/title>\n<meta name=\"robots\" content=\"index, follow, max-snippet:-1, max-image-preview:large, max-video-preview:-1\" \/>\n<link rel=\"canonical\" href=\"https:\/\/blogdobispo.com.br\/?p=4373\" \/>\n<meta property=\"og:locale\" content=\"pt_BR\" \/>\n<meta property=\"og:type\" content=\"article\" \/>\n<meta property=\"og:title\" content=\"Paulinho Freire confirma lista de secret\u00e1rios - Blog do Bispo\" \/>\n<meta property=\"og:description\" content=\"O prefeito eleito de Natal, Paulinho Freire, confirmou nesta segunda-feira (30), nomes que v\u00e3o compor a gest\u00e3o municipal a partir de 2025. \u201cAcredito que estamos montando uma equipe qualificada para contribuir com a Natal que queremos. Temos muito trabalho pela frente\u201d, comentou Paulinho. Seguem os nomes confirmados:\" \/>\n<meta property=\"og:url\" content=\"https:\/\/blogdobispo.com.br\/?p=4373\" \/>\n<meta property=\"og:site_name\" content=\"Blog do Bispo\" \/>\n<meta property=\"article:published_time\" content=\"2024-12-31T03:39:22+00:00\" \/>\n<meta property=\"og:image\" content=\"https:\/\/blogdobispo.com.br\/wp-content\/uploads\/2024\/12\/img_2017-1.jpg\" \/>\n<meta name=\"author\" content=\"Jefferson Sterfeno\" \/>\n<meta name=\"twitter:card\" content=\"summary_large_image\" \/>\n<meta name=\"twitter:label1\" content=\"Escrito por\" \/>\n\t<meta name=\"twitter:data1\" content=\"Jefferson Sterfeno\" \/>\n\t<meta name=\"twitter:label2\" content=\"Est. tempo de leitura\" \/>\n\t<meta name=\"twitter:data2\" content=\"1 minuto\" \/>\n<script type=\"application\/ld+json\" class=\"yoast-schema-graph\">{\"@context\":\"https:\/\/schema.org\",\"@graph\":[{\"@type\":\"Article\",\"@id\":\"https:\/\/blogdobispo.com.br\/?p=4373#article\",\"isPartOf\":{\"@id\":\"https:\/\/blogdobispo.com.br\/?p=4373\"},\"author\":{\"name\":\"Jefferson Sterfeno\",\"@id\":\"https:\/\/blogdobispo.com.br\/#\/schema\/person\/e2209cc0e6cea5c5233d033e997b373f\"},\"headline\":\"Paulinho Freire confirma lista de secret\u00e1rios\",\"datePublished\":\"2024-12-31T03:39:22+00:00\",\"mainEntityOfPage\":{\"@id\":\"https:\/\/blogdobispo.com.br\/?p=4373\"},\"wordCount\":285,\"commentCount\":0,\"publisher\":{\"@id\":\"https:\/\/blogdobispo.com.br\/#organization\"},\"image\":{\"@id\":\"https:\/\/blogdobispo.com.br\/?p=4373#primaryimage\"},\"thumbnailUrl\":\"https:\/\/blogdobispo.com.br\/wp-content\/uploads\/2024\/12\/img_2017-1.jpg\",\"articleSection\":[\"diversos\"],\"inLanguage\":\"pt-BR\",\"potentialAction\":[{\"@type\":\"CommentAction\",\"name\":\"Comment\",\"target\":[\"https:\/\/blogdobispo.com.br\/?p=4373#respond\"]}]},{\"@type\":\"WebPage\",\"@id\":\"https:\/\/blogdobispo.com.br\/?p=4373\",\"url\":\"https:\/\/blogdobispo.com.br\/?p=4373\",\"name\":\"Paulinho Freire confirma lista de secret\u00e1rios - Blog do Bispo\",\"isPartOf\":{\"@id\":\"https:\/\/blogdobispo.com.br\/#website\"},\"primaryImageOfPage\":{\"@id\":\"https:\/\/blogdobispo.com.br\/?p=4373#primaryimage\"},\"image\":{\"@id\":\"https:\/\/blogdobispo.com.br\/?p=4373#primaryimage\"},\"thumbnailUrl\":\"https:\/\/blogdobispo.com.br\/wp-content\/uploads\/2024\/12\/img_2017-1.jpg\",\"datePublished\":\"2024-12-31T03:39:22+00:00\",\"breadcrumb\":{\"@id\":\"https:\/\/blogdobispo.com.br\/?p=4373#breadcrumb\"},\"inLanguage\":\"pt-BR\",\"potentialAction\":[{\"@type\":\"ReadAction\",\"target\":[\"https:\/\/blogdobispo.com.br\/?p=4373\"]}]},{\"@type\":\"ImageObject\",\"inLanguage\":\"pt-BR\",\"@id\":\"https:\/\/blogdobispo.com.br\/?p=4373#primaryimage\",\"url\":\"https:\/\/blogdobispo.com.br\/wp-content\/uploads\/2024\/12\/img_2017-1.jpg\",\"contentUrl\":\"https:\/\/blogdobispo.com.br\/wp-content\/uploads\/2024\/12\/img_2017-1.jpg\"},{\"@type\":\"BreadcrumbList\",\"@id\":\"https:\/\/blogdobispo.com.br\/?p=4373#breadcrumb\",\"itemListElement\":[{\"@type\":\"ListItem\",\"position\":1,\"name\":\"In\u00edcio\",\"item\":\"https:\/\/blogdobispo.com.br\/\"},{\"@type\":\"ListItem\",\"position\":2,\"name\":\"Paulinho Freire confirma lista de secret\u00e1rios\"}]},{\"@type\":\"WebSite\",\"@id\":\"https:\/\/blogdobispo.com.br\/#website\",\"url\":\"https:\/\/blogdobispo.com.br\/\",\"name\":\"Blog do Bispo\",\"description\":\"Comprometido apenas com o leitor\",\"publisher\":{\"@id\":\"https:\/\/blogdobispo.com.br\/#organization\"},\"potentialAction\":[{\"@type\":\"SearchAction\",\"target\":{\"@type\":\"EntryPoint\",\"urlTemplate\":\"https:\/\/blogdobispo.com.br\/?s={search_term_string}\"},\"query-input\":{\"@type\":\"PropertyValueSpecification\",\"valueRequired\":true,\"valueName\":\"search_term_string\"}}],\"inLanguage\":\"pt-BR\"},{\"@type\":\"Organization\",\"@id\":\"https:\/\/blogdobispo.com.br\/#organization\",\"name\":\"Blog do Bispo\",\"url\":\"https:\/\/blogdobispo.com.br\/\",\"logo\":{\"@type\":\"ImageObject\",\"inLanguage\":\"pt-BR\",\"@id\":\"https:\/\/blogdobispo.com.br\/#\/schema\/logo\/image\/\",\"url\":\"http:\/\/blogdobispo.com.br\/wp-content\/uploads\/2023\/05\/cropped-headear.png\",\"contentUrl\":\"http:\/\/blogdobispo.com.br\/wp-content\/uploads\/2023\/05\/cropped-headear.png\",\"width\":1500,\"height\":399,\"caption\":\"Blog do Bispo\"},\"image\":{\"@id\":\"https:\/\/blogdobispo.com.br\/#\/schema\/logo\/image\/\"}},{\"@type\":\"Person\",\"@id\":\"https:\/\/blogdobispo.com.br\/#\/schema\/person\/e2209cc0e6cea5c5233d033e997b373f\",\"name\":\"Jefferson Sterfeno\",\"image\":{\"@type\":\"ImageObject\",\"inLanguage\":\"pt-BR\",\"@id\":\"https:\/\/blogdobispo.com.br\/#\/schema\/person\/image\/\",\"url\":\"https:\/\/secure.gravatar.com\/avatar\/0534e84764641168a677026b6d57a3f51dc7ac4db0b4f6186d9cb330d4ee1160?s=96&d=mm&r=g\",\"contentUrl\":\"https:\/\/secure.gravatar.com\/avatar\/0534e84764641168a677026b6d57a3f51dc7ac4db0b4f6186d9cb330d4ee1160?s=96&d=mm&r=g\",\"caption\":\"Jefferson Sterfeno\"},\"sameAs\":[\"http:\/\/blogdobispo.com.br\"],\"url\":\"https:\/\/blogdobispo.com.br\/?author=1\"}]}<\/script>\n<!-- \/ Yoast SEO plugin. -->","yoast_head_json":{"title":"Paulinho Freire confirma lista de secret\u00e1rios - Blog do Bispo","robots":{"index":"index","follow":"follow","max-snippet":"max-snippet:-1","max-image-preview":"max-image-preview:large","max-video-preview":"max-video-preview:-1"},"canonical":"https:\/\/blogdobispo.com.br\/?p=4373","og_locale":"pt_BR","og_type":"article","og_title":"Paulinho Freire confirma lista de secret\u00e1rios - Blog do Bispo","og_description":"O prefeito eleito de Natal, Paulinho Freire, confirmou nesta segunda-feira (30), nomes que v\u00e3o compor a gest\u00e3o municipal a partir de 2025. \u201cAcredito que estamos montando uma equipe qualificada para contribuir com a Natal que queremos. Temos muito trabalho pela frente\u201d, comentou Paulinho. Seguem os nomes confirmados:","og_url":"https:\/\/blogdobispo.com.br\/?p=4373","og_site_name":"Blog do Bispo","article_published_time":"2024-12-31T03:39:22+00:00","og_image":[{"url":"https:\/\/blogdobispo.com.br\/wp-content\/uploads\/2024\/12\/img_2017-1.jpg","type":"","width":"","height":""}],"author":"Jefferson Sterfeno","twitter_card":"summary_large_image","twitter_misc":{"Escrito por":"Jefferson Sterfeno","Est. tempo de leitura":"1 minuto"},"schema":{"@context":"https:\/\/schema.org","@graph":[{"@type":"Article","@id":"https:\/\/blogdobispo.com.br\/?p=4373#article","isPartOf":{"@id":"https:\/\/blogdobispo.com.br\/?p=4373"},"author":{"name":"Jefferson Sterfeno","@id":"https:\/\/blogdobispo.com.br\/#\/schema\/person\/e2209cc0e6cea5c5233d033e997b373f"},"headline":"Paulinho Freire confirma lista de secret\u00e1rios","datePublished":"2024-12-31T03:39:22+00:00","mainEntityOfPage":{"@id":"https:\/\/blogdobispo.com.br\/?p=4373"},"wordCount":285,"commentCount":0,"publisher":{"@id":"https:\/\/blogdobispo.com.br\/#organization"},"image":{"@id":"https:\/\/blogdobispo.com.br\/?p=4373#primaryimage"},"thumbnailUrl":"https:\/\/blogdobispo.com.br\/wp-content\/uploads\/2024\/12\/img_2017-1.jpg","articleSection":["diversos"],"inLanguage":"pt-BR","potentialAction":[{"@type":"CommentAction","name":"Comment","target":["https:\/\/blogdobispo.com.br\/?p=4373#respond"]}]},{"@type":"WebPage","@id":"https:\/\/blogdobispo.com.br\/?p=4373","url":"https:\/\/blogdobispo.com.br\/?p=4373","name":"Paulinho Freire confirma lista de secret\u00e1rios - Blog do Bispo","isPartOf":{"@id":"https:\/\/blogdobispo.com.br\/#website"},"primaryImageOfPage":{"@id":"https:\/\/blogdobispo.com.br\/?p=4373#primaryimage"},"image":{"@id":"https:\/\/blogdobispo.com.br\/?p=4373#primaryimage"},"thumbnailUrl":"https:\/\/blogdobispo.com.br\/wp-content\/uploads\/2024\/12\/img_2017-1.jpg","datePublished":"2024-12-31T03:39:22+00:00","breadcrumb":{"@id":"https:\/\/blogdobispo.com.br\/?p=4373#breadcrumb"},"inLanguage":"pt-BR","potentialAction":[{"@type":"ReadAction","target":["https:\/\/blogdobispo.com.br\/?p=4373"]}]},{"@type":"ImageObject","inLanguage":"pt-BR","@id":"https:\/\/blogdobispo.com.br\/?p=4373#primaryimage","url":"https:\/\/blogdobispo.com.br\/wp-content\/uploads\/2024\/12\/img_2017-1.jpg","contentUrl":"https:\/\/blogdobispo.com.br\/wp-content\/uploads\/2024\/12\/img_2017-1.jpg"},{"@type":"BreadcrumbList","@id":"https:\/\/blogdobispo.com.br\/?p=4373#breadcrumb","itemListElement":[{"@type":"ListItem","position":1,"name":"In\u00edcio","item":"https:\/\/blogdobispo.com.br\/"},{"@type":"ListItem","position":2,"name":"Paulinho Freire confirma lista de secret\u00e1rios"}]},{"@type":"WebSite","@id":"https:\/\/blogdobispo.com.br\/#website","url":"https:\/\/blogdobispo.com.br\/","name":"Blog do Bispo","description":"Comprometido apenas com o leitor","publisher":{"@id":"https:\/\/blogdobispo.com.br\/#organization"},"potentialAction":[{"@type":"SearchAction","target":{"@type":"EntryPoint","urlTemplate":"https:\/\/blogdobispo.com.br\/?s={search_term_string}"},"query-input":{"@type":"PropertyValueSpecification","valueRequired":true,"valueName":"search_term_string"}}],"inLanguage":"pt-BR"},{"@type":"Organization","@id":"https:\/\/blogdobispo.com.br\/#organization","name":"Blog do Bispo","url":"https:\/\/blogdobispo.com.br\/","logo":{"@type":"ImageObject","inLanguage":"pt-BR","@id":"https:\/\/blogdobispo.com.br\/#\/schema\/logo\/image\/","url":"http:\/\/blogdobispo.com.br\/wp-content\/uploads\/2023\/05\/cropped-headear.png","contentUrl":"http:\/\/blogdobispo.com.br\/wp-content\/uploads\/2023\/05\/cropped-headear.png","width":1500,"height":399,"caption":"Blog do Bispo"},"image":{"@id":"https:\/\/blogdobispo.com.br\/#\/schema\/logo\/image\/"}},{"@type":"Person","@id":"https:\/\/blogdobispo.com.br\/#\/schema\/person\/e2209cc0e6cea5c5233d033e997b373f","name":"Jefferson Sterfeno","image":{"@type":"ImageObject","inLanguage":"pt-BR","@id":"https:\/\/blogdobispo.com.br\/#\/schema\/person\/image\/","url":"https:\/\/secure.gravatar.com\/avatar\/0534e84764641168a677026b6d57a3f51dc7ac4db0b4f6186d9cb330d4ee1160?s=96&d=mm&r=g","contentUrl":"https:\/\/secure.gravatar.com\/avatar\/0534e84764641168a677026b6d57a3f51dc7ac4db0b4f6186d9cb330d4ee1160?s=96&d=mm&r=g","caption":"Jefferson Sterfeno"},"sameAs":["http:\/\/blogdobispo.com.br"],"url":"https:\/\/blogdobispo.com.br\/?author=1"}]}},"featured_image_urls":{"full":"","thumbnail":"","medium":"","medium_large":"","large":"","1536x1536":"","2048x2048":""},"author_info":{"display_name":"Jefferson Sterfeno","author_link":"https:\/\/blogdobispo.com.br\/?author=1"},"category_info":"<a href=\"https:\/\/blogdobispo.com.br\/?cat=1\" rel=\"category\">diversos<\/a>","tag_info":"diversos","comment_count":"0","jetpack_featured_media_url":"","jetpack_sharing_enabled":true,"_links":{"self":[{"href":"https:\/\/blogdobispo.com.br\/index.php?rest_route=\/wp\/v2\/posts\/4373","targetHints":{"allow":["GET"]}}],"collection":[{"href":"https:\/\/blogdobispo.com.br\/index.php?rest_route=\/wp\/v2\/posts"}],"about":[{"href":"https:\/\/blogdobispo.com.br\/index.php?rest_route=\/wp\/v2\/types\/post"}],"author":[{"embeddable":true,"href":"https:\/\/blogdobispo.com.br\/index.php?rest_route=\/wp\/v2\/users\/1"}],"replies":[{"embeddable":true,"href":"https:\/\/blogdobispo.com.br\/index.php?rest_route=%2Fwp%2Fv2%2Fcomments&post=4373"}],"version-history":[{"count":0,"href":"https:\/\/blogdobispo.com.br\/index.php?rest_route=\/wp\/v2\/posts\/4373\/revisions"}],"wp:attachment":[{"href":"https:\/\/blogdobispo.com.br\/index.php?rest_route=%2Fwp%2Fv2%2Fmedia&parent=4373"}],"wp:term":[{"taxonomy":"category","embeddable":true,"href":"https:\/\/blogdobispo.com.br\/index.php?rest_route=%2Fwp%2Fv2%2Fcategories&post=4373"},{"taxonomy":"post_tag","embeddable":true,"href":"https:\/\/blogdobispo.com.br\/index.php?rest_route=%2Fwp%2Fv2%2Ftags&post=4373"}],"curies":[{"name":"wp","href":"https:\/\/api.w.org\/{rel}","templated":true}]}}