{"id":4360,"date":"2024-12-20T02:50:39","date_gmt":"2024-12-20T02:50:39","guid":{"rendered":"https:\/\/blogdobispo.com.br\/?p=4360"},"modified":"2024-12-20T02:50:39","modified_gmt":"2024-12-20T02:50:39","slug":"luciano-nascimento-e-diplomado-pra-segundo-mandato-e-reforca-seu-compromisso-com-as-comunidades","status":"publish","type":"post","link":"https:\/\/blogdobispo.com.br\/?p=4360","title":{"rendered":"Luciano Nascimento \u00e9 diplomado pra segundo mandato e refor\u00e7a seu compromisso com as comunidades"},"content":{"rendered":"\n<figure class=\"wp-block-image size-large\"><img data-recalc-dims=\"1\" fetchpriority=\"high\" decoding=\"async\" width=\"768\" height=\"1024\" src=\"https:\/\/i0.wp.com\/blogdobispo.com.br\/wp-content\/uploads\/2024\/12\/c5b99707-78c0-461d-a3e0-c089b5d35e14-1-768x1024.jpg?resize=768%2C1024&#038;ssl=1\" class=\"wp-image-4359\" srcset=\"https:\/\/i0.wp.com\/blogdobispo.com.br\/wp-content\/uploads\/2024\/12\/c5b99707-78c0-461d-a3e0-c089b5d35e14-1.jpg?resize=768%2C1024&amp;ssl=1 768w, https:\/\/i0.wp.com\/blogdobispo.com.br\/wp-content\/uploads\/2024\/12\/c5b99707-78c0-461d-a3e0-c089b5d35e14-1.jpg?resize=225%2C300&amp;ssl=1 225w, https:\/\/i0.wp.com\/blogdobispo.com.br\/wp-content\/uploads\/2024\/12\/c5b99707-78c0-461d-a3e0-c089b5d35e14-1.jpg?resize=1152%2C1536&amp;ssl=1 1152w, https:\/\/i0.wp.com\/blogdobispo.com.br\/wp-content\/uploads\/2024\/12\/c5b99707-78c0-461d-a3e0-c089b5d35e14-1.jpg?resize=1024%2C1365&amp;ssl=1 1024w, https:\/\/i0.wp.com\/blogdobispo.com.br\/wp-content\/uploads\/2024\/12\/c5b99707-78c0-461d-a3e0-c089b5d35e14-1.jpg?w=1500&amp;ssl=1 1500w\" sizes=\"(max-width: 768px) 100vw, 768px\" \/><\/figure>\n\n\n\n<p class=\"p1\">Luciano Nascimento foi diplomado para o seu segundo mandato como vereador de Natal, consolidando-se como uma lideran\u00e7a forte e atuante na defesa das comunidades da capital potiguar. Reconhecido pelo trabalho incans\u00e1vel em prol das causas populares, Luciano tem pautado sua atua\u00e7\u00e3o pela proximidade com a popula\u00e7\u00e3o, sempre ouvindo as demandas das comunidades e transformando-as em a\u00e7\u00f5es concretas no Legislativo.<\/p>\n\n\n\n<p class=\"p1\">Durante seu primeiro mandato, Luciano Nascimento se destacou por projetos e iniciativas voltados para a melhoria da qualidade de vida nos bairros de Natal, com foco em \u00e1reas como sa\u00fade, educa\u00e7\u00e3o, infraestrutura e assist\u00eancia social. Seu compromisso com as comunidades \u00e9 evidenciado pela constante presen\u00e7a nos bairros, onde busca identificar as necessidades e lutar por solu\u00e7\u00f5es junto ao poder p\u00fablico.<\/p>\n\n\n\n<p class=\"p1\">No segundo mandato, Luciano reafirma sua dedica\u00e7\u00e3o em ampliar ainda mais os benef\u00edcios para os moradores de Natal, com a promessa de continuar sendo uma voz firme e atuante na C\u00e2mara Municipal. A diploma\u00e7\u00e3o representa n\u00e3o apenas o reconhecimento de seu trabalho, mas tamb\u00e9m a confian\u00e7a da popula\u00e7\u00e3o em sua capacidade de representar seus interesses e trazer melhorias significativas para a cidade.<\/p>\n\n\n\n<p class=\"p1\">Luciano Nascimento segue comprometido em construir uma Natal mais justa e desenvolvida, fortalecendo a parceria entre o Legislativo e as comunidades para garantir avan\u00e7os que beneficiem a todos.<\/p>\n","protected":false},"excerpt":{"rendered":"<p>Luciano Nascimento foi diplomado para o seu segundo mandato como vereador de Natal, consolidando-se como uma lideran\u00e7a forte e atuante na defesa das comunidades da capital potiguar. Reconhecido pelo trabalho incans\u00e1vel em prol das causas populares, Luciano tem pautado sua atua\u00e7\u00e3o pela proximidade com a popula\u00e7\u00e3o, sempre ouvindo as demandas das comunidades e transformando-as em [&hellip;]<\/p>\n","protected":false},"author":1,"featured_media":0,"comment_status":"open","ping_status":"open","sticky":false,"template":"","format":"standard","meta":{"cybocfi_hide_featured_image":"","_jetpack_memberships_contains_paid_content":false,"footnotes":""},"categories":[1],"tags":[],"class_list":["post-4360","post","type-post","status-publish","format-standard","hentry","category-diversos"],"yoast_head":"<!-- This site is optimized with the Yoast SEO plugin v25.6 - https:\/\/yoast.com\/wordpress\/plugins\/seo\/ -->\n<title>Luciano Nascimento \u00e9 diplomado pra segundo mandato e refor\u00e7a seu compromisso com as comunidades - Blog do Bispo<\/title>\n<meta name=\"robots\" content=\"index, follow, max-snippet:-1, max-image-preview:large, max-video-preview:-1\" \/>\n<link rel=\"canonical\" href=\"https:\/\/blogdobispo.com.br\/?p=4360\" \/>\n<meta property=\"og:locale\" content=\"pt_BR\" \/>\n<meta property=\"og:type\" content=\"article\" \/>\n<meta property=\"og:title\" content=\"Luciano Nascimento \u00e9 diplomado pra segundo mandato e refor\u00e7a seu compromisso com as comunidades - Blog do Bispo\" \/>\n<meta property=\"og:description\" content=\"Luciano Nascimento foi diplomado para o seu segundo mandato como vereador de Natal, consolidando-se como uma lideran\u00e7a forte e atuante na defesa das comunidades da capital potiguar. Reconhecido pelo trabalho incans\u00e1vel em prol das causas populares, Luciano tem pautado sua atua\u00e7\u00e3o pela proximidade com a popula\u00e7\u00e3o, sempre ouvindo as demandas das comunidades e transformando-as em [&hellip;]\" \/>\n<meta property=\"og:url\" content=\"https:\/\/blogdobispo.com.br\/?p=4360\" \/>\n<meta property=\"og:site_name\" content=\"Blog do Bispo\" \/>\n<meta property=\"article:published_time\" content=\"2024-12-20T02:50:39+00:00\" \/>\n<meta property=\"og:image\" content=\"https:\/\/blogdobispo.com.br\/wp-content\/uploads\/2024\/12\/c5b99707-78c0-461d-a3e0-c089b5d35e14-1-768x1024.jpg\" \/>\n<meta name=\"author\" content=\"Jefferson Sterfeno\" \/>\n<meta name=\"twitter:card\" content=\"summary_large_image\" \/>\n<meta name=\"twitter:label1\" content=\"Escrito por\" \/>\n\t<meta name=\"twitter:data1\" content=\"Jefferson Sterfeno\" \/>\n\t<meta name=\"twitter:label2\" content=\"Est. tempo de leitura\" \/>\n\t<meta name=\"twitter:data2\" content=\"1 minuto\" \/>\n<script type=\"application\/ld+json\" class=\"yoast-schema-graph\">{\"@context\":\"https:\/\/schema.org\",\"@graph\":[{\"@type\":\"Article\",\"@id\":\"https:\/\/blogdobispo.com.br\/?p=4360#article\",\"isPartOf\":{\"@id\":\"https:\/\/blogdobispo.com.br\/?p=4360\"},\"author\":{\"name\":\"Jefferson Sterfeno\",\"@id\":\"https:\/\/blogdobispo.com.br\/#\/schema\/person\/e2209cc0e6cea5c5233d033e997b373f\"},\"headline\":\"Luciano Nascimento \u00e9 diplomado pra segundo mandato e refor\u00e7a seu compromisso com as comunidades\",\"datePublished\":\"2024-12-20T02:50:39+00:00\",\"mainEntityOfPage\":{\"@id\":\"https:\/\/blogdobispo.com.br\/?p=4360\"},\"wordCount\":242,\"commentCount\":0,\"publisher\":{\"@id\":\"https:\/\/blogdobispo.com.br\/#organization\"},\"image\":{\"@id\":\"https:\/\/blogdobispo.com.br\/?p=4360#primaryimage\"},\"thumbnailUrl\":\"https:\/\/blogdobispo.com.br\/wp-content\/uploads\/2024\/12\/c5b99707-78c0-461d-a3e0-c089b5d35e14-1-768x1024.jpg\",\"articleSection\":[\"diversos\"],\"inLanguage\":\"pt-BR\",\"potentialAction\":[{\"@type\":\"CommentAction\",\"name\":\"Comment\",\"target\":[\"https:\/\/blogdobispo.com.br\/?p=4360#respond\"]}]},{\"@type\":\"WebPage\",\"@id\":\"https:\/\/blogdobispo.com.br\/?p=4360\",\"url\":\"https:\/\/blogdobispo.com.br\/?p=4360\",\"name\":\"Luciano Nascimento \u00e9 diplomado pra segundo mandato e refor\u00e7a seu compromisso com as comunidades - Blog do Bispo\",\"isPartOf\":{\"@id\":\"https:\/\/blogdobispo.com.br\/#website\"},\"primaryImageOfPage\":{\"@id\":\"https:\/\/blogdobispo.com.br\/?p=4360#primaryimage\"},\"image\":{\"@id\":\"https:\/\/blogdobispo.com.br\/?p=4360#primaryimage\"},\"thumbnailUrl\":\"https:\/\/blogdobispo.com.br\/wp-content\/uploads\/2024\/12\/c5b99707-78c0-461d-a3e0-c089b5d35e14-1-768x1024.jpg\",\"datePublished\":\"2024-12-20T02:50:39+00:00\",\"breadcrumb\":{\"@id\":\"https:\/\/blogdobispo.com.br\/?p=4360#breadcrumb\"},\"inLanguage\":\"pt-BR\",\"potentialAction\":[{\"@type\":\"ReadAction\",\"target\":[\"https:\/\/blogdobispo.com.br\/?p=4360\"]}]},{\"@type\":\"ImageObject\",\"inLanguage\":\"pt-BR\",\"@id\":\"https:\/\/blogdobispo.com.br\/?p=4360#primaryimage\",\"url\":\"https:\/\/blogdobispo.com.br\/wp-content\/uploads\/2024\/12\/c5b99707-78c0-461d-a3e0-c089b5d35e14-1-768x1024.jpg\",\"contentUrl\":\"https:\/\/blogdobispo.com.br\/wp-content\/uploads\/2024\/12\/c5b99707-78c0-461d-a3e0-c089b5d35e14-1-768x1024.jpg\"},{\"@type\":\"BreadcrumbList\",\"@id\":\"https:\/\/blogdobispo.com.br\/?p=4360#breadcrumb\",\"itemListElement\":[{\"@type\":\"ListItem\",\"position\":1,\"name\":\"In\u00edcio\",\"item\":\"https:\/\/blogdobispo.com.br\/\"},{\"@type\":\"ListItem\",\"position\":2,\"name\":\"Luciano Nascimento \u00e9 diplomado pra segundo mandato e refor\u00e7a seu compromisso com as comunidades\"}]},{\"@type\":\"WebSite\",\"@id\":\"https:\/\/blogdobispo.com.br\/#website\",\"url\":\"https:\/\/blogdobispo.com.br\/\",\"name\":\"Blog do Bispo\",\"description\":\"Comprometido apenas com o leitor\",\"publisher\":{\"@id\":\"https:\/\/blogdobispo.com.br\/#organization\"},\"potentialAction\":[{\"@type\":\"SearchAction\",\"target\":{\"@type\":\"EntryPoint\",\"urlTemplate\":\"https:\/\/blogdobispo.com.br\/?s={search_term_string}\"},\"query-input\":{\"@type\":\"PropertyValueSpecification\",\"valueRequired\":true,\"valueName\":\"search_term_string\"}}],\"inLanguage\":\"pt-BR\"},{\"@type\":\"Organization\",\"@id\":\"https:\/\/blogdobispo.com.br\/#organization\",\"name\":\"Blog do Bispo\",\"url\":\"https:\/\/blogdobispo.com.br\/\",\"logo\":{\"@type\":\"ImageObject\",\"inLanguage\":\"pt-BR\",\"@id\":\"https:\/\/blogdobispo.com.br\/#\/schema\/logo\/image\/\",\"url\":\"http:\/\/blogdobispo.com.br\/wp-content\/uploads\/2023\/05\/cropped-headear.png\",\"contentUrl\":\"http:\/\/blogdobispo.com.br\/wp-content\/uploads\/2023\/05\/cropped-headear.png\",\"width\":1500,\"height\":399,\"caption\":\"Blog do Bispo\"},\"image\":{\"@id\":\"https:\/\/blogdobispo.com.br\/#\/schema\/logo\/image\/\"}},{\"@type\":\"Person\",\"@id\":\"https:\/\/blogdobispo.com.br\/#\/schema\/person\/e2209cc0e6cea5c5233d033e997b373f\",\"name\":\"Jefferson Sterfeno\",\"image\":{\"@type\":\"ImageObject\",\"inLanguage\":\"pt-BR\",\"@id\":\"https:\/\/blogdobispo.com.br\/#\/schema\/person\/image\/\",\"url\":\"https:\/\/secure.gravatar.com\/avatar\/0534e84764641168a677026b6d57a3f51dc7ac4db0b4f6186d9cb330d4ee1160?s=96&d=mm&r=g\",\"contentUrl\":\"https:\/\/secure.gravatar.com\/avatar\/0534e84764641168a677026b6d57a3f51dc7ac4db0b4f6186d9cb330d4ee1160?s=96&d=mm&r=g\",\"caption\":\"Jefferson Sterfeno\"},\"sameAs\":[\"http:\/\/blogdobispo.com.br\"],\"url\":\"https:\/\/blogdobispo.com.br\/?author=1\"}]}<\/script>\n<!-- \/ Yoast SEO plugin. -->","yoast_head_json":{"title":"Luciano Nascimento \u00e9 diplomado pra segundo mandato e refor\u00e7a seu compromisso com as comunidades - Blog do Bispo","robots":{"index":"index","follow":"follow","max-snippet":"max-snippet:-1","max-image-preview":"max-image-preview:large","max-video-preview":"max-video-preview:-1"},"canonical":"https:\/\/blogdobispo.com.br\/?p=4360","og_locale":"pt_BR","og_type":"article","og_title":"Luciano Nascimento \u00e9 diplomado pra segundo mandato e refor\u00e7a seu compromisso com as comunidades - Blog do Bispo","og_description":"Luciano Nascimento foi diplomado para o seu segundo mandato como vereador de Natal, consolidando-se como uma lideran\u00e7a forte e atuante na defesa das comunidades da capital potiguar. Reconhecido pelo trabalho incans\u00e1vel em prol das causas populares, Luciano tem pautado sua atua\u00e7\u00e3o pela proximidade com a popula\u00e7\u00e3o, sempre ouvindo as demandas das comunidades e transformando-as em [&hellip;]","og_url":"https:\/\/blogdobispo.com.br\/?p=4360","og_site_name":"Blog do Bispo","article_published_time":"2024-12-20T02:50:39+00:00","og_image":[{"url":"https:\/\/blogdobispo.com.br\/wp-content\/uploads\/2024\/12\/c5b99707-78c0-461d-a3e0-c089b5d35e14-1-768x1024.jpg","type":"","width":"","height":""}],"author":"Jefferson Sterfeno","twitter_card":"summary_large_image","twitter_misc":{"Escrito por":"Jefferson Sterfeno","Est. tempo de leitura":"1 minuto"},"schema":{"@context":"https:\/\/schema.org","@graph":[{"@type":"Article","@id":"https:\/\/blogdobispo.com.br\/?p=4360#article","isPartOf":{"@id":"https:\/\/blogdobispo.com.br\/?p=4360"},"author":{"name":"Jefferson Sterfeno","@id":"https:\/\/blogdobispo.com.br\/#\/schema\/person\/e2209cc0e6cea5c5233d033e997b373f"},"headline":"Luciano Nascimento \u00e9 diplomado pra segundo mandato e refor\u00e7a seu compromisso com as comunidades","datePublished":"2024-12-20T02:50:39+00:00","mainEntityOfPage":{"@id":"https:\/\/blogdobispo.com.br\/?p=4360"},"wordCount":242,"commentCount":0,"publisher":{"@id":"https:\/\/blogdobispo.com.br\/#organization"},"image":{"@id":"https:\/\/blogdobispo.com.br\/?p=4360#primaryimage"},"thumbnailUrl":"https:\/\/blogdobispo.com.br\/wp-content\/uploads\/2024\/12\/c5b99707-78c0-461d-a3e0-c089b5d35e14-1-768x1024.jpg","articleSection":["diversos"],"inLanguage":"pt-BR","potentialAction":[{"@type":"CommentAction","name":"Comment","target":["https:\/\/blogdobispo.com.br\/?p=4360#respond"]}]},{"@type":"WebPage","@id":"https:\/\/blogdobispo.com.br\/?p=4360","url":"https:\/\/blogdobispo.com.br\/?p=4360","name":"Luciano Nascimento \u00e9 diplomado pra segundo mandato e refor\u00e7a seu compromisso com as comunidades - Blog do Bispo","isPartOf":{"@id":"https:\/\/blogdobispo.com.br\/#website"},"primaryImageOfPage":{"@id":"https:\/\/blogdobispo.com.br\/?p=4360#primaryimage"},"image":{"@id":"https:\/\/blogdobispo.com.br\/?p=4360#primaryimage"},"thumbnailUrl":"https:\/\/blogdobispo.com.br\/wp-content\/uploads\/2024\/12\/c5b99707-78c0-461d-a3e0-c089b5d35e14-1-768x1024.jpg","datePublished":"2024-12-20T02:50:39+00:00","breadcrumb":{"@id":"https:\/\/blogdobispo.com.br\/?p=4360#breadcrumb"},"inLanguage":"pt-BR","potentialAction":[{"@type":"ReadAction","target":["https:\/\/blogdobispo.com.br\/?p=4360"]}]},{"@type":"ImageObject","inLanguage":"pt-BR","@id":"https:\/\/blogdobispo.com.br\/?p=4360#primaryimage","url":"https:\/\/blogdobispo.com.br\/wp-content\/uploads\/2024\/12\/c5b99707-78c0-461d-a3e0-c089b5d35e14-1-768x1024.jpg","contentUrl":"https:\/\/blogdobispo.com.br\/wp-content\/uploads\/2024\/12\/c5b99707-78c0-461d-a3e0-c089b5d35e14-1-768x1024.jpg"},{"@type":"BreadcrumbList","@id":"https:\/\/blogdobispo.com.br\/?p=4360#breadcrumb","itemListElement":[{"@type":"ListItem","position":1,"name":"In\u00edcio","item":"https:\/\/blogdobispo.com.br\/"},{"@type":"ListItem","position":2,"name":"Luciano Nascimento \u00e9 diplomado pra segundo mandato e refor\u00e7a seu compromisso com as comunidades"}]},{"@type":"WebSite","@id":"https:\/\/blogdobispo.com.br\/#website","url":"https:\/\/blogdobispo.com.br\/","name":"Blog do Bispo","description":"Comprometido apenas com o leitor","publisher":{"@id":"https:\/\/blogdobispo.com.br\/#organization"},"potentialAction":[{"@type":"SearchAction","target":{"@type":"EntryPoint","urlTemplate":"https:\/\/blogdobispo.com.br\/?s={search_term_string}"},"query-input":{"@type":"PropertyValueSpecification","valueRequired":true,"valueName":"search_term_string"}}],"inLanguage":"pt-BR"},{"@type":"Organization","@id":"https:\/\/blogdobispo.com.br\/#organization","name":"Blog do Bispo","url":"https:\/\/blogdobispo.com.br\/","logo":{"@type":"ImageObject","inLanguage":"pt-BR","@id":"https:\/\/blogdobispo.com.br\/#\/schema\/logo\/image\/","url":"http:\/\/blogdobispo.com.br\/wp-content\/uploads\/2023\/05\/cropped-headear.png","contentUrl":"http:\/\/blogdobispo.com.br\/wp-content\/uploads\/2023\/05\/cropped-headear.png","width":1500,"height":399,"caption":"Blog do Bispo"},"image":{"@id":"https:\/\/blogdobispo.com.br\/#\/schema\/logo\/image\/"}},{"@type":"Person","@id":"https:\/\/blogdobispo.com.br\/#\/schema\/person\/e2209cc0e6cea5c5233d033e997b373f","name":"Jefferson Sterfeno","image":{"@type":"ImageObject","inLanguage":"pt-BR","@id":"https:\/\/blogdobispo.com.br\/#\/schema\/person\/image\/","url":"https:\/\/secure.gravatar.com\/avatar\/0534e84764641168a677026b6d57a3f51dc7ac4db0b4f6186d9cb330d4ee1160?s=96&d=mm&r=g","contentUrl":"https:\/\/secure.gravatar.com\/avatar\/0534e84764641168a677026b6d57a3f51dc7ac4db0b4f6186d9cb330d4ee1160?s=96&d=mm&r=g","caption":"Jefferson Sterfeno"},"sameAs":["http:\/\/blogdobispo.com.br"],"url":"https:\/\/blogdobispo.com.br\/?author=1"}]}},"featured_image_urls":{"full":"","thumbnail":"","medium":"","medium_large":"","large":"","1536x1536":"","2048x2048":""},"author_info":{"display_name":"Jefferson Sterfeno","author_link":"https:\/\/blogdobispo.com.br\/?author=1"},"category_info":"<a href=\"https:\/\/blogdobispo.com.br\/?cat=1\" rel=\"category\">diversos<\/a>","tag_info":"diversos","comment_count":"0","jetpack_featured_media_url":"","jetpack_sharing_enabled":true,"_links":{"self":[{"href":"https:\/\/blogdobispo.com.br\/index.php?rest_route=\/wp\/v2\/posts\/4360","targetHints":{"allow":["GET"]}}],"collection":[{"href":"https:\/\/blogdobispo.com.br\/index.php?rest_route=\/wp\/v2\/posts"}],"about":[{"href":"https:\/\/blogdobispo.com.br\/index.php?rest_route=\/wp\/v2\/types\/post"}],"author":[{"embeddable":true,"href":"https:\/\/blogdobispo.com.br\/index.php?rest_route=\/wp\/v2\/users\/1"}],"replies":[{"embeddable":true,"href":"https:\/\/blogdobispo.com.br\/index.php?rest_route=%2Fwp%2Fv2%2Fcomments&post=4360"}],"version-history":[{"count":0,"href":"https:\/\/blogdobispo.com.br\/index.php?rest_route=\/wp\/v2\/posts\/4360\/revisions"}],"wp:attachment":[{"href":"https:\/\/blogdobispo.com.br\/index.php?rest_route=%2Fwp%2Fv2%2Fmedia&parent=4360"}],"wp:term":[{"taxonomy":"category","embeddable":true,"href":"https:\/\/blogdobispo.com.br\/index.php?rest_route=%2Fwp%2Fv2%2Fcategories&post=4360"},{"taxonomy":"post_tag","embeddable":true,"href":"https:\/\/blogdobispo.com.br\/index.php?rest_route=%2Fwp%2Fv2%2Ftags&post=4360"}],"curies":[{"name":"wp","href":"https:\/\/api.w.org\/{rel}","templated":true}]}}