{"id":4355,"date":"2024-12-20T02:30:41","date_gmt":"2024-12-20T02:30:41","guid":{"rendered":"https:\/\/blogdobispo.com.br\/?p=4355"},"modified":"2024-12-20T02:35:32","modified_gmt":"2024-12-20T02:35:32","slug":"familia-aquino-chega-ao-9-mandato-consecutivo-e-bate-recorde-no-legislativo-natalense","status":"publish","type":"post","link":"https:\/\/blogdobispo.com.br\/?p=4355","title":{"rendered":"Fam\u00edlia Aquino chega ao 9\u2022 mandato consecutivo e bate recorde no legislativo natalense"},"content":{"rendered":"\n<p class=\"p1\">O ex-vereador Aquino Neto e o atual vereador Preto Aquino t\u00eam desempenhado pap\u00e9is importantes na representa\u00e7\u00e3o das comunidades de Natal, especialmente nos bairros do Planalto e Pitimbu. A trajet\u00f3ria pol\u00edtica da fam\u00edlia \u00e9 marcada por um compromisso s\u00f3lido com as demandas populares, o trabalho em defesa da popula\u00e7\u00e3o e a busca por melhorias para as regi\u00f5es que representam.<\/p>\n\n\n\n<p>Nesta quinta, a fam\u00edlia Aquino foi diplomado pela 9\u2022 vez seguida, representando um recorde no legislativo natalense. <\/p>\n\n\n\n<figure class=\"wp-block-image size-large\"><img data-recalc-dims=\"1\" fetchpriority=\"high\" decoding=\"async\" width=\"800\" height=\"567\" src=\"https:\/\/i0.wp.com\/blogdobispo.com.br\/wp-content\/uploads\/2024\/12\/5b19c13d-1b4f-4547-b5a7-b18adaf14385-1-1024x726.jpg?resize=800%2C567&#038;ssl=1\" alt=\"\" class=\"wp-image-4354\" srcset=\"https:\/\/i0.wp.com\/blogdobispo.com.br\/wp-content\/uploads\/2024\/12\/5b19c13d-1b4f-4547-b5a7-b18adaf14385-1.jpg?resize=1024%2C726&amp;ssl=1 1024w, https:\/\/i0.wp.com\/blogdobispo.com.br\/wp-content\/uploads\/2024\/12\/5b19c13d-1b4f-4547-b5a7-b18adaf14385-1.jpg?resize=300%2C213&amp;ssl=1 300w, https:\/\/i0.wp.com\/blogdobispo.com.br\/wp-content\/uploads\/2024\/12\/5b19c13d-1b4f-4547-b5a7-b18adaf14385-1.jpg?resize=768%2C544&amp;ssl=1 768w, https:\/\/i0.wp.com\/blogdobispo.com.br\/wp-content\/uploads\/2024\/12\/5b19c13d-1b4f-4547-b5a7-b18adaf14385-1.jpg?resize=1536%2C1089&amp;ssl=1 1536w, https:\/\/i0.wp.com\/blogdobispo.com.br\/wp-content\/uploads\/2024\/12\/5b19c13d-1b4f-4547-b5a7-b18adaf14385-1.jpg?w=1600&amp;ssl=1 1600w\" sizes=\"(max-width: 800px) 100vw, 800px\" \/><\/figure>\n\n\n\n<p class=\"p1\">Aquino Neto, durante seu mandato, foi reconhecido por sua proximidade com a comunidade, ouvindo as demandas dos moradores e atuando de forma proativa para levar melhorias \u00e0s \u00e1reas de infraestrutura, seguran\u00e7a e servi\u00e7os p\u00fablicos nos bairros do Planalto e Pitimbu. Seu legado como vereador \u00e9 lembrado pela aten\u00e7\u00e3o \u00e0s necessidades locais e por sua dedica\u00e7\u00e3o em construir uma Natal mais inclusiva e desenvolvida.<\/p>\n\n\n\n<p class=\"p1\">Seguindo os passos de Aquino Neto, o atual vereador Preto Aquino tem dado continuidade ao trabalho em prol dessas comunidades, com uma atua\u00e7\u00e3o destacada na C\u00e2mara Municipal de Natal. Preto Aquino mant\u00e9m o di\u00e1logo aberto com os moradores, promovendo a\u00e7\u00f5es que visam a amplia\u00e7\u00e3o de servi\u00e7os essenciais, como sa\u00fade, educa\u00e7\u00e3o e lazer. Sua presen\u00e7a constante nas comunidades refor\u00e7a o compromisso de levar as demandas  para o centro das discuss\u00f5es pol\u00edticas, buscando solu\u00e7\u00f5es concretas para os desafios enfrentados.<\/p>\n\n\n\n<p class=\"p1\">A atua\u00e7\u00e3o de Preto Aquino reflete a continuidade de um trabalho que tem como foco principal o bem-estar da popula\u00e7\u00e3o e o desenvolvimento local, consolidando a import\u00e2ncia da representa\u00e7\u00e3o pol\u00edtica da fam\u00edlia Aquino na hist\u00f3ria e no futuro de Natal.<\/p>\n","protected":false},"excerpt":{"rendered":"<p>O ex-vereador Aquino Neto e o atual vereador Preto Aquino t\u00eam desempenhado pap\u00e9is importantes na representa\u00e7\u00e3o das comunidades de Natal, especialmente nos bairros do Planalto e Pitimbu. A trajet\u00f3ria pol\u00edtica da fam\u00edlia \u00e9 marcada por um compromisso s\u00f3lido com as demandas populares, o trabalho em defesa da popula\u00e7\u00e3o e a busca por melhorias para as [&hellip;]<\/p>\n","protected":false},"author":1,"featured_media":0,"comment_status":"open","ping_status":"open","sticky":false,"template":"","format":"standard","meta":{"cybocfi_hide_featured_image":"","_jetpack_memberships_contains_paid_content":false,"footnotes":""},"categories":[1],"tags":[],"class_list":["post-4355","post","type-post","status-publish","format-standard","hentry","category-diversos"],"yoast_head":"<!-- This site is optimized with the Yoast SEO plugin v25.6 - https:\/\/yoast.com\/wordpress\/plugins\/seo\/ -->\n<title>Fam\u00edlia Aquino chega ao 9\u2022 mandato consecutivo e bate recorde no legislativo natalense - Blog do Bispo<\/title>\n<meta name=\"robots\" content=\"index, follow, max-snippet:-1, max-image-preview:large, max-video-preview:-1\" \/>\n<link rel=\"canonical\" href=\"https:\/\/blogdobispo.com.br\/?p=4355\" \/>\n<meta property=\"og:locale\" content=\"pt_BR\" \/>\n<meta property=\"og:type\" content=\"article\" \/>\n<meta property=\"og:title\" content=\"Fam\u00edlia Aquino chega ao 9\u2022 mandato consecutivo e bate recorde no legislativo natalense - Blog do Bispo\" \/>\n<meta property=\"og:description\" content=\"O ex-vereador Aquino Neto e o atual vereador Preto Aquino t\u00eam desempenhado pap\u00e9is importantes na representa\u00e7\u00e3o das comunidades de Natal, especialmente nos bairros do Planalto e Pitimbu. A trajet\u00f3ria pol\u00edtica da fam\u00edlia \u00e9 marcada por um compromisso s\u00f3lido com as demandas populares, o trabalho em defesa da popula\u00e7\u00e3o e a busca por melhorias para as [&hellip;]\" \/>\n<meta property=\"og:url\" content=\"https:\/\/blogdobispo.com.br\/?p=4355\" \/>\n<meta property=\"og:site_name\" content=\"Blog do Bispo\" \/>\n<meta property=\"article:published_time\" content=\"2024-12-20T02:30:41+00:00\" \/>\n<meta property=\"article:modified_time\" content=\"2024-12-20T02:35:32+00:00\" \/>\n<meta property=\"og:image\" content=\"https:\/\/blogdobispo.com.br\/wp-content\/uploads\/2024\/12\/5b19c13d-1b4f-4547-b5a7-b18adaf14385-1-1024x726.jpg\" \/>\n<meta name=\"author\" content=\"Jefferson Sterfeno\" \/>\n<meta name=\"twitter:card\" content=\"summary_large_image\" \/>\n<meta name=\"twitter:label1\" content=\"Escrito por\" \/>\n\t<meta name=\"twitter:data1\" content=\"Jefferson Sterfeno\" \/>\n\t<meta name=\"twitter:label2\" content=\"Est. tempo de leitura\" \/>\n\t<meta name=\"twitter:data2\" content=\"1 minuto\" \/>\n<script type=\"application\/ld+json\" class=\"yoast-schema-graph\">{\"@context\":\"https:\/\/schema.org\",\"@graph\":[{\"@type\":\"Article\",\"@id\":\"https:\/\/blogdobispo.com.br\/?p=4355#article\",\"isPartOf\":{\"@id\":\"https:\/\/blogdobispo.com.br\/?p=4355\"},\"author\":{\"name\":\"Jefferson Sterfeno\",\"@id\":\"https:\/\/blogdobispo.com.br\/#\/schema\/person\/e2209cc0e6cea5c5233d033e997b373f\"},\"headline\":\"Fam\u00edlia Aquino chega ao 9\u2022 mandato consecutivo e bate recorde no legislativo natalense\",\"datePublished\":\"2024-12-20T02:30:41+00:00\",\"dateModified\":\"2024-12-20T02:35:32+00:00\",\"mainEntityOfPage\":{\"@id\":\"https:\/\/blogdobispo.com.br\/?p=4355\"},\"wordCount\":301,\"commentCount\":0,\"publisher\":{\"@id\":\"https:\/\/blogdobispo.com.br\/#organization\"},\"image\":{\"@id\":\"https:\/\/blogdobispo.com.br\/?p=4355#primaryimage\"},\"thumbnailUrl\":\"https:\/\/blogdobispo.com.br\/wp-content\/uploads\/2024\/12\/5b19c13d-1b4f-4547-b5a7-b18adaf14385-1-1024x726.jpg\",\"articleSection\":[\"diversos\"],\"inLanguage\":\"pt-BR\",\"potentialAction\":[{\"@type\":\"CommentAction\",\"name\":\"Comment\",\"target\":[\"https:\/\/blogdobispo.com.br\/?p=4355#respond\"]}]},{\"@type\":\"WebPage\",\"@id\":\"https:\/\/blogdobispo.com.br\/?p=4355\",\"url\":\"https:\/\/blogdobispo.com.br\/?p=4355\",\"name\":\"Fam\u00edlia Aquino chega ao 9\u2022 mandato consecutivo e bate recorde no legislativo natalense - Blog do Bispo\",\"isPartOf\":{\"@id\":\"https:\/\/blogdobispo.com.br\/#website\"},\"primaryImageOfPage\":{\"@id\":\"https:\/\/blogdobispo.com.br\/?p=4355#primaryimage\"},\"image\":{\"@id\":\"https:\/\/blogdobispo.com.br\/?p=4355#primaryimage\"},\"thumbnailUrl\":\"https:\/\/blogdobispo.com.br\/wp-content\/uploads\/2024\/12\/5b19c13d-1b4f-4547-b5a7-b18adaf14385-1-1024x726.jpg\",\"datePublished\":\"2024-12-20T02:30:41+00:00\",\"dateModified\":\"2024-12-20T02:35:32+00:00\",\"breadcrumb\":{\"@id\":\"https:\/\/blogdobispo.com.br\/?p=4355#breadcrumb\"},\"inLanguage\":\"pt-BR\",\"potentialAction\":[{\"@type\":\"ReadAction\",\"target\":[\"https:\/\/blogdobispo.com.br\/?p=4355\"]}]},{\"@type\":\"ImageObject\",\"inLanguage\":\"pt-BR\",\"@id\":\"https:\/\/blogdobispo.com.br\/?p=4355#primaryimage\",\"url\":\"https:\/\/blogdobispo.com.br\/wp-content\/uploads\/2024\/12\/5b19c13d-1b4f-4547-b5a7-b18adaf14385-1-1024x726.jpg\",\"contentUrl\":\"https:\/\/blogdobispo.com.br\/wp-content\/uploads\/2024\/12\/5b19c13d-1b4f-4547-b5a7-b18adaf14385-1-1024x726.jpg\"},{\"@type\":\"BreadcrumbList\",\"@id\":\"https:\/\/blogdobispo.com.br\/?p=4355#breadcrumb\",\"itemListElement\":[{\"@type\":\"ListItem\",\"position\":1,\"name\":\"In\u00edcio\",\"item\":\"https:\/\/blogdobispo.com.br\/\"},{\"@type\":\"ListItem\",\"position\":2,\"name\":\"Fam\u00edlia Aquino chega ao 9\u2022 mandato consecutivo e bate recorde no legislativo natalense\"}]},{\"@type\":\"WebSite\",\"@id\":\"https:\/\/blogdobispo.com.br\/#website\",\"url\":\"https:\/\/blogdobispo.com.br\/\",\"name\":\"Blog do Bispo\",\"description\":\"Comprometido apenas com o leitor\",\"publisher\":{\"@id\":\"https:\/\/blogdobispo.com.br\/#organization\"},\"potentialAction\":[{\"@type\":\"SearchAction\",\"target\":{\"@type\":\"EntryPoint\",\"urlTemplate\":\"https:\/\/blogdobispo.com.br\/?s={search_term_string}\"},\"query-input\":{\"@type\":\"PropertyValueSpecification\",\"valueRequired\":true,\"valueName\":\"search_term_string\"}}],\"inLanguage\":\"pt-BR\"},{\"@type\":\"Organization\",\"@id\":\"https:\/\/blogdobispo.com.br\/#organization\",\"name\":\"Blog do Bispo\",\"url\":\"https:\/\/blogdobispo.com.br\/\",\"logo\":{\"@type\":\"ImageObject\",\"inLanguage\":\"pt-BR\",\"@id\":\"https:\/\/blogdobispo.com.br\/#\/schema\/logo\/image\/\",\"url\":\"http:\/\/blogdobispo.com.br\/wp-content\/uploads\/2023\/05\/cropped-headear.png\",\"contentUrl\":\"http:\/\/blogdobispo.com.br\/wp-content\/uploads\/2023\/05\/cropped-headear.png\",\"width\":1500,\"height\":399,\"caption\":\"Blog do Bispo\"},\"image\":{\"@id\":\"https:\/\/blogdobispo.com.br\/#\/schema\/logo\/image\/\"}},{\"@type\":\"Person\",\"@id\":\"https:\/\/blogdobispo.com.br\/#\/schema\/person\/e2209cc0e6cea5c5233d033e997b373f\",\"name\":\"Jefferson Sterfeno\",\"image\":{\"@type\":\"ImageObject\",\"inLanguage\":\"pt-BR\",\"@id\":\"https:\/\/blogdobispo.com.br\/#\/schema\/person\/image\/\",\"url\":\"https:\/\/secure.gravatar.com\/avatar\/0534e84764641168a677026b6d57a3f51dc7ac4db0b4f6186d9cb330d4ee1160?s=96&d=mm&r=g\",\"contentUrl\":\"https:\/\/secure.gravatar.com\/avatar\/0534e84764641168a677026b6d57a3f51dc7ac4db0b4f6186d9cb330d4ee1160?s=96&d=mm&r=g\",\"caption\":\"Jefferson Sterfeno\"},\"sameAs\":[\"http:\/\/blogdobispo.com.br\"],\"url\":\"https:\/\/blogdobispo.com.br\/?author=1\"}]}<\/script>\n<!-- \/ Yoast SEO plugin. -->","yoast_head_json":{"title":"Fam\u00edlia Aquino chega ao 9\u2022 mandato consecutivo e bate recorde no legislativo natalense - Blog do Bispo","robots":{"index":"index","follow":"follow","max-snippet":"max-snippet:-1","max-image-preview":"max-image-preview:large","max-video-preview":"max-video-preview:-1"},"canonical":"https:\/\/blogdobispo.com.br\/?p=4355","og_locale":"pt_BR","og_type":"article","og_title":"Fam\u00edlia Aquino chega ao 9\u2022 mandato consecutivo e bate recorde no legislativo natalense - Blog do Bispo","og_description":"O ex-vereador Aquino Neto e o atual vereador Preto Aquino t\u00eam desempenhado pap\u00e9is importantes na representa\u00e7\u00e3o das comunidades de Natal, especialmente nos bairros do Planalto e Pitimbu. A trajet\u00f3ria pol\u00edtica da fam\u00edlia \u00e9 marcada por um compromisso s\u00f3lido com as demandas populares, o trabalho em defesa da popula\u00e7\u00e3o e a busca por melhorias para as [&hellip;]","og_url":"https:\/\/blogdobispo.com.br\/?p=4355","og_site_name":"Blog do Bispo","article_published_time":"2024-12-20T02:30:41+00:00","article_modified_time":"2024-12-20T02:35:32+00:00","og_image":[{"url":"https:\/\/blogdobispo.com.br\/wp-content\/uploads\/2024\/12\/5b19c13d-1b4f-4547-b5a7-b18adaf14385-1-1024x726.jpg","type":"","width":"","height":""}],"author":"Jefferson Sterfeno","twitter_card":"summary_large_image","twitter_misc":{"Escrito por":"Jefferson Sterfeno","Est. tempo de leitura":"1 minuto"},"schema":{"@context":"https:\/\/schema.org","@graph":[{"@type":"Article","@id":"https:\/\/blogdobispo.com.br\/?p=4355#article","isPartOf":{"@id":"https:\/\/blogdobispo.com.br\/?p=4355"},"author":{"name":"Jefferson Sterfeno","@id":"https:\/\/blogdobispo.com.br\/#\/schema\/person\/e2209cc0e6cea5c5233d033e997b373f"},"headline":"Fam\u00edlia Aquino chega ao 9\u2022 mandato consecutivo e bate recorde no legislativo natalense","datePublished":"2024-12-20T02:30:41+00:00","dateModified":"2024-12-20T02:35:32+00:00","mainEntityOfPage":{"@id":"https:\/\/blogdobispo.com.br\/?p=4355"},"wordCount":301,"commentCount":0,"publisher":{"@id":"https:\/\/blogdobispo.com.br\/#organization"},"image":{"@id":"https:\/\/blogdobispo.com.br\/?p=4355#primaryimage"},"thumbnailUrl":"https:\/\/blogdobispo.com.br\/wp-content\/uploads\/2024\/12\/5b19c13d-1b4f-4547-b5a7-b18adaf14385-1-1024x726.jpg","articleSection":["diversos"],"inLanguage":"pt-BR","potentialAction":[{"@type":"CommentAction","name":"Comment","target":["https:\/\/blogdobispo.com.br\/?p=4355#respond"]}]},{"@type":"WebPage","@id":"https:\/\/blogdobispo.com.br\/?p=4355","url":"https:\/\/blogdobispo.com.br\/?p=4355","name":"Fam\u00edlia Aquino chega ao 9\u2022 mandato consecutivo e bate recorde no legislativo natalense - Blog do Bispo","isPartOf":{"@id":"https:\/\/blogdobispo.com.br\/#website"},"primaryImageOfPage":{"@id":"https:\/\/blogdobispo.com.br\/?p=4355#primaryimage"},"image":{"@id":"https:\/\/blogdobispo.com.br\/?p=4355#primaryimage"},"thumbnailUrl":"https:\/\/blogdobispo.com.br\/wp-content\/uploads\/2024\/12\/5b19c13d-1b4f-4547-b5a7-b18adaf14385-1-1024x726.jpg","datePublished":"2024-12-20T02:30:41+00:00","dateModified":"2024-12-20T02:35:32+00:00","breadcrumb":{"@id":"https:\/\/blogdobispo.com.br\/?p=4355#breadcrumb"},"inLanguage":"pt-BR","potentialAction":[{"@type":"ReadAction","target":["https:\/\/blogdobispo.com.br\/?p=4355"]}]},{"@type":"ImageObject","inLanguage":"pt-BR","@id":"https:\/\/blogdobispo.com.br\/?p=4355#primaryimage","url":"https:\/\/blogdobispo.com.br\/wp-content\/uploads\/2024\/12\/5b19c13d-1b4f-4547-b5a7-b18adaf14385-1-1024x726.jpg","contentUrl":"https:\/\/blogdobispo.com.br\/wp-content\/uploads\/2024\/12\/5b19c13d-1b4f-4547-b5a7-b18adaf14385-1-1024x726.jpg"},{"@type":"BreadcrumbList","@id":"https:\/\/blogdobispo.com.br\/?p=4355#breadcrumb","itemListElement":[{"@type":"ListItem","position":1,"name":"In\u00edcio","item":"https:\/\/blogdobispo.com.br\/"},{"@type":"ListItem","position":2,"name":"Fam\u00edlia Aquino chega ao 9\u2022 mandato consecutivo e bate recorde no legislativo natalense"}]},{"@type":"WebSite","@id":"https:\/\/blogdobispo.com.br\/#website","url":"https:\/\/blogdobispo.com.br\/","name":"Blog do Bispo","description":"Comprometido apenas com o leitor","publisher":{"@id":"https:\/\/blogdobispo.com.br\/#organization"},"potentialAction":[{"@type":"SearchAction","target":{"@type":"EntryPoint","urlTemplate":"https:\/\/blogdobispo.com.br\/?s={search_term_string}"},"query-input":{"@type":"PropertyValueSpecification","valueRequired":true,"valueName":"search_term_string"}}],"inLanguage":"pt-BR"},{"@type":"Organization","@id":"https:\/\/blogdobispo.com.br\/#organization","name":"Blog do Bispo","url":"https:\/\/blogdobispo.com.br\/","logo":{"@type":"ImageObject","inLanguage":"pt-BR","@id":"https:\/\/blogdobispo.com.br\/#\/schema\/logo\/image\/","url":"http:\/\/blogdobispo.com.br\/wp-content\/uploads\/2023\/05\/cropped-headear.png","contentUrl":"http:\/\/blogdobispo.com.br\/wp-content\/uploads\/2023\/05\/cropped-headear.png","width":1500,"height":399,"caption":"Blog do Bispo"},"image":{"@id":"https:\/\/blogdobispo.com.br\/#\/schema\/logo\/image\/"}},{"@type":"Person","@id":"https:\/\/blogdobispo.com.br\/#\/schema\/person\/e2209cc0e6cea5c5233d033e997b373f","name":"Jefferson Sterfeno","image":{"@type":"ImageObject","inLanguage":"pt-BR","@id":"https:\/\/blogdobispo.com.br\/#\/schema\/person\/image\/","url":"https:\/\/secure.gravatar.com\/avatar\/0534e84764641168a677026b6d57a3f51dc7ac4db0b4f6186d9cb330d4ee1160?s=96&d=mm&r=g","contentUrl":"https:\/\/secure.gravatar.com\/avatar\/0534e84764641168a677026b6d57a3f51dc7ac4db0b4f6186d9cb330d4ee1160?s=96&d=mm&r=g","caption":"Jefferson Sterfeno"},"sameAs":["http:\/\/blogdobispo.com.br"],"url":"https:\/\/blogdobispo.com.br\/?author=1"}]}},"featured_image_urls":{"full":"","thumbnail":"","medium":"","medium_large":"","large":"","1536x1536":"","2048x2048":""},"author_info":{"display_name":"Jefferson Sterfeno","author_link":"https:\/\/blogdobispo.com.br\/?author=1"},"category_info":"<a href=\"https:\/\/blogdobispo.com.br\/?cat=1\" rel=\"category\">diversos<\/a>","tag_info":"diversos","comment_count":"0","jetpack_featured_media_url":"","jetpack_sharing_enabled":true,"_links":{"self":[{"href":"https:\/\/blogdobispo.com.br\/index.php?rest_route=\/wp\/v2\/posts\/4355","targetHints":{"allow":["GET"]}}],"collection":[{"href":"https:\/\/blogdobispo.com.br\/index.php?rest_route=\/wp\/v2\/posts"}],"about":[{"href":"https:\/\/blogdobispo.com.br\/index.php?rest_route=\/wp\/v2\/types\/post"}],"author":[{"embeddable":true,"href":"https:\/\/blogdobispo.com.br\/index.php?rest_route=\/wp\/v2\/users\/1"}],"replies":[{"embeddable":true,"href":"https:\/\/blogdobispo.com.br\/index.php?rest_route=%2Fwp%2Fv2%2Fcomments&post=4355"}],"version-history":[{"count":1,"href":"https:\/\/blogdobispo.com.br\/index.php?rest_route=\/wp\/v2\/posts\/4355\/revisions"}],"predecessor-version":[{"id":4356,"href":"https:\/\/blogdobispo.com.br\/index.php?rest_route=\/wp\/v2\/posts\/4355\/revisions\/4356"}],"wp:attachment":[{"href":"https:\/\/blogdobispo.com.br\/index.php?rest_route=%2Fwp%2Fv2%2Fmedia&parent=4355"}],"wp:term":[{"taxonomy":"category","embeddable":true,"href":"https:\/\/blogdobispo.com.br\/index.php?rest_route=%2Fwp%2Fv2%2Fcategories&post=4355"},{"taxonomy":"post_tag","embeddable":true,"href":"https:\/\/blogdobispo.com.br\/index.php?rest_route=%2Fwp%2Fv2%2Ftags&post=4355"}],"curies":[{"name":"wp","href":"https:\/\/api.w.org\/{rel}","templated":true}]}}