{"id":4353,"date":"2024-12-20T02:22:48","date_gmt":"2024-12-20T02:22:48","guid":{"rendered":"https:\/\/blogdobispo.com.br\/?p=4353"},"modified":"2024-12-20T02:22:48","modified_gmt":"2024-12-20T02:22:48","slug":"irapoa-nobrega-e-diplomado-vereador-de-natal-pelo-tre-rn","status":"publish","type":"post","link":"https:\/\/blogdobispo.com.br\/?p=4353","title":{"rendered":"Irapo\u00e3 N\u00f3brega \u00e9 diplomado vereador de Natal pelo TRE-RN"},"content":{"rendered":"\n<figure class=\"wp-block-image size-large\"><img data-recalc-dims=\"1\" fetchpriority=\"high\" decoding=\"async\" width=\"800\" height=\"509\" src=\"https:\/\/i0.wp.com\/blogdobispo.com.br\/wp-content\/uploads\/2024\/12\/0dd1263e-2c96-4bd1-8b50-802290ebae4c-1.jpg?resize=800%2C509&#038;ssl=1\" class=\"wp-image-4352\" srcset=\"https:\/\/i0.wp.com\/blogdobispo.com.br\/wp-content\/uploads\/2024\/12\/0dd1263e-2c96-4bd1-8b50-802290ebae4c-1.jpg?w=960&amp;ssl=1 960w, https:\/\/i0.wp.com\/blogdobispo.com.br\/wp-content\/uploads\/2024\/12\/0dd1263e-2c96-4bd1-8b50-802290ebae4c-1.jpg?resize=300%2C191&amp;ssl=1 300w, https:\/\/i0.wp.com\/blogdobispo.com.br\/wp-content\/uploads\/2024\/12\/0dd1263e-2c96-4bd1-8b50-802290ebae4c-1.jpg?resize=768%2C489&amp;ssl=1 768w\" sizes=\"(max-width: 800px) 100vw, 800px\" \/><figcaption class=\"wp-element-caption\">Foto: Elias Jornalista <\/figcaption><\/figure>\n\n\n\n<p><br class=\"Apple-interchange-newline\" \/>Eleito com 7.760&nbsp;votos nas elei\u00e7\u00f5es para o cargo de vereador de Natal, Irapo\u00e3 N\u00f3brega (Republicanos) foi diplomado oficialmente nesta quinta-feira (19), no plen\u00e1rio do TRE-RN, na capital potiguar.<\/p>\n\n\n\n<p>A solenidade foi presidida pela presidente do TRE-RN, a desembargadora Lourdes Azevedo, e a ju\u00edza da Junta Eleitoral de Natal, Val\u00e9ria Maria Lacerda Rocha, que oficializaram a diploma\u00e7\u00e3o dos demais vereadores, al\u00e9m do prefeito e vice-prefeita eleitos, Paulinho Freire e Joanna Guerra.<\/p>\n\n\n\n<p>Irapo\u00e3 teve uma vit\u00f3ria expressiva nas \u00faltimas elei\u00e7\u00f5es. Ele foi o mais votado entre os novatos e o mais votado de seu partido. Os 7.760 votos registrados vieram como consequ\u00eancia de um trabalho dedicado \u00e0&nbsp;melhoria das comunidades. Foram cinco anos como titular da Secretaria Municipal de Servi\u00e7os Urbanos de Natal (Semsur), onde Irapo\u00e3 se destacou com seu trabalho focado na requalifica\u00e7\u00e3o de pra\u00e7as, manuten\u00e7\u00e3o e limpeza de equipamentos e a moderniza\u00e7\u00e3o da ilumina\u00e7\u00e3o p\u00fablica e de equipamentos esportivos atrav\u00e9s do LED.&nbsp;<\/p>\n\n\n\n<p>Ap\u00f3s sua diploma\u00e7\u00e3o, Irapo\u00e3 discursou para apoiadores, amigos e familiares. Ele reafirmou seu compromisso com a popula\u00e7\u00e3o natalense e fez destaque para seu projeto de melhorar a cidade por meio de pol\u00edticas p\u00fablicas para as \u00e1reas de esportes, lazer, sa\u00fade e bem-estar.<\/p>\n\n\n\n<p>\u201cHoje foi o primeiro passo para um projeto que temos para Natal. A diploma\u00e7\u00e3o \u00e9 um reconhecimento e uma prova do compromisso que tenho com cada um dos 7.760 votos recebidos. Esse projeto \u00e9 para Natal, \u00e9 para buscar melhorias para os bairros, para os equipamentos, para nossa cidade. O bem-estar da popula\u00e7\u00e3o ser\u00e1 sempre nossa prioridade\u201d, afirmou.<\/p>\n\n\n\n<p>Agora diplomado, o pr\u00f3ximo passo de Irapo\u00e3 ser\u00e1 no dia 1\u00ba de janeiro de 2025, quando tomar\u00e1 posse como vereador de Natal. A cerim\u00f4nia acontecer\u00e1 no plen\u00e1rio da CMN, a partir das 14h e ser\u00e1 televisionada pela TV C\u00e2mara.<\/p>\n","protected":false},"excerpt":{"rendered":"<p>Eleito com 7.760&nbsp;votos nas elei\u00e7\u00f5es para o cargo de vereador de Natal, Irapo\u00e3 N\u00f3brega (Republicanos) foi diplomado oficialmente nesta quinta-feira (19), no plen\u00e1rio do TRE-RN, na capital potiguar. A solenidade foi presidida pela presidente do TRE-RN, a desembargadora Lourdes Azevedo, e a ju\u00edza da Junta Eleitoral de Natal, Val\u00e9ria Maria Lacerda Rocha, que oficializaram a [&hellip;]<\/p>\n","protected":false},"author":1,"featured_media":0,"comment_status":"open","ping_status":"open","sticky":false,"template":"","format":"standard","meta":{"cybocfi_hide_featured_image":"","_jetpack_memberships_contains_paid_content":false,"footnotes":""},"categories":[1],"tags":[],"class_list":["post-4353","post","type-post","status-publish","format-standard","hentry","category-diversos"],"yoast_head":"<!-- This site is optimized with the Yoast SEO plugin v25.6 - https:\/\/yoast.com\/wordpress\/plugins\/seo\/ -->\n<title>Irapo\u00e3 N\u00f3brega \u00e9 diplomado vereador de Natal pelo TRE-RN - Blog do Bispo<\/title>\n<meta name=\"robots\" content=\"index, follow, max-snippet:-1, max-image-preview:large, max-video-preview:-1\" \/>\n<link rel=\"canonical\" href=\"https:\/\/blogdobispo.com.br\/?p=4353\" \/>\n<meta property=\"og:locale\" content=\"pt_BR\" \/>\n<meta property=\"og:type\" content=\"article\" \/>\n<meta property=\"og:title\" content=\"Irapo\u00e3 N\u00f3brega \u00e9 diplomado vereador de Natal pelo TRE-RN - Blog do Bispo\" \/>\n<meta property=\"og:description\" content=\"Eleito com 7.760&nbsp;votos nas elei\u00e7\u00f5es para o cargo de vereador de Natal, Irapo\u00e3 N\u00f3brega (Republicanos) foi diplomado oficialmente nesta quinta-feira (19), no plen\u00e1rio do TRE-RN, na capital potiguar. A solenidade foi presidida pela presidente do TRE-RN, a desembargadora Lourdes Azevedo, e a ju\u00edza da Junta Eleitoral de Natal, Val\u00e9ria Maria Lacerda Rocha, que oficializaram a [&hellip;]\" \/>\n<meta property=\"og:url\" content=\"https:\/\/blogdobispo.com.br\/?p=4353\" \/>\n<meta property=\"og:site_name\" content=\"Blog do Bispo\" \/>\n<meta property=\"article:published_time\" content=\"2024-12-20T02:22:48+00:00\" \/>\n<meta property=\"og:image\" content=\"https:\/\/blogdobispo.com.br\/wp-content\/uploads\/2024\/12\/0dd1263e-2c96-4bd1-8b50-802290ebae4c-1.jpg\" \/>\n<meta name=\"author\" content=\"Jefferson Sterfeno\" \/>\n<meta name=\"twitter:card\" content=\"summary_large_image\" \/>\n<meta name=\"twitter:label1\" content=\"Escrito por\" \/>\n\t<meta name=\"twitter:data1\" content=\"Jefferson Sterfeno\" \/>\n\t<meta name=\"twitter:label2\" content=\"Est. tempo de leitura\" \/>\n\t<meta name=\"twitter:data2\" content=\"2 minutos\" \/>\n<script type=\"application\/ld+json\" class=\"yoast-schema-graph\">{\"@context\":\"https:\/\/schema.org\",\"@graph\":[{\"@type\":\"Article\",\"@id\":\"https:\/\/blogdobispo.com.br\/?p=4353#article\",\"isPartOf\":{\"@id\":\"https:\/\/blogdobispo.com.br\/?p=4353\"},\"author\":{\"name\":\"Jefferson Sterfeno\",\"@id\":\"https:\/\/blogdobispo.com.br\/#\/schema\/person\/e2209cc0e6cea5c5233d033e997b373f\"},\"headline\":\"Irapo\u00e3 N\u00f3brega \u00e9 diplomado vereador de Natal pelo TRE-RN\",\"datePublished\":\"2024-12-20T02:22:48+00:00\",\"mainEntityOfPage\":{\"@id\":\"https:\/\/blogdobispo.com.br\/?p=4353\"},\"wordCount\":327,\"commentCount\":0,\"publisher\":{\"@id\":\"https:\/\/blogdobispo.com.br\/#organization\"},\"image\":{\"@id\":\"https:\/\/blogdobispo.com.br\/?p=4353#primaryimage\"},\"thumbnailUrl\":\"https:\/\/blogdobispo.com.br\/wp-content\/uploads\/2024\/12\/0dd1263e-2c96-4bd1-8b50-802290ebae4c-1.jpg\",\"articleSection\":[\"diversos\"],\"inLanguage\":\"pt-BR\",\"potentialAction\":[{\"@type\":\"CommentAction\",\"name\":\"Comment\",\"target\":[\"https:\/\/blogdobispo.com.br\/?p=4353#respond\"]}]},{\"@type\":\"WebPage\",\"@id\":\"https:\/\/blogdobispo.com.br\/?p=4353\",\"url\":\"https:\/\/blogdobispo.com.br\/?p=4353\",\"name\":\"Irapo\u00e3 N\u00f3brega \u00e9 diplomado vereador de Natal pelo TRE-RN - Blog do Bispo\",\"isPartOf\":{\"@id\":\"https:\/\/blogdobispo.com.br\/#website\"},\"primaryImageOfPage\":{\"@id\":\"https:\/\/blogdobispo.com.br\/?p=4353#primaryimage\"},\"image\":{\"@id\":\"https:\/\/blogdobispo.com.br\/?p=4353#primaryimage\"},\"thumbnailUrl\":\"https:\/\/blogdobispo.com.br\/wp-content\/uploads\/2024\/12\/0dd1263e-2c96-4bd1-8b50-802290ebae4c-1.jpg\",\"datePublished\":\"2024-12-20T02:22:48+00:00\",\"breadcrumb\":{\"@id\":\"https:\/\/blogdobispo.com.br\/?p=4353#breadcrumb\"},\"inLanguage\":\"pt-BR\",\"potentialAction\":[{\"@type\":\"ReadAction\",\"target\":[\"https:\/\/blogdobispo.com.br\/?p=4353\"]}]},{\"@type\":\"ImageObject\",\"inLanguage\":\"pt-BR\",\"@id\":\"https:\/\/blogdobispo.com.br\/?p=4353#primaryimage\",\"url\":\"https:\/\/blogdobispo.com.br\/wp-content\/uploads\/2024\/12\/0dd1263e-2c96-4bd1-8b50-802290ebae4c-1.jpg\",\"contentUrl\":\"https:\/\/blogdobispo.com.br\/wp-content\/uploads\/2024\/12\/0dd1263e-2c96-4bd1-8b50-802290ebae4c-1.jpg\"},{\"@type\":\"BreadcrumbList\",\"@id\":\"https:\/\/blogdobispo.com.br\/?p=4353#breadcrumb\",\"itemListElement\":[{\"@type\":\"ListItem\",\"position\":1,\"name\":\"In\u00edcio\",\"item\":\"https:\/\/blogdobispo.com.br\/\"},{\"@type\":\"ListItem\",\"position\":2,\"name\":\"Irapo\u00e3 N\u00f3brega \u00e9 diplomado vereador de Natal pelo TRE-RN\"}]},{\"@type\":\"WebSite\",\"@id\":\"https:\/\/blogdobispo.com.br\/#website\",\"url\":\"https:\/\/blogdobispo.com.br\/\",\"name\":\"Blog do Bispo\",\"description\":\"Comprometido apenas com o leitor\",\"publisher\":{\"@id\":\"https:\/\/blogdobispo.com.br\/#organization\"},\"potentialAction\":[{\"@type\":\"SearchAction\",\"target\":{\"@type\":\"EntryPoint\",\"urlTemplate\":\"https:\/\/blogdobispo.com.br\/?s={search_term_string}\"},\"query-input\":{\"@type\":\"PropertyValueSpecification\",\"valueRequired\":true,\"valueName\":\"search_term_string\"}}],\"inLanguage\":\"pt-BR\"},{\"@type\":\"Organization\",\"@id\":\"https:\/\/blogdobispo.com.br\/#organization\",\"name\":\"Blog do Bispo\",\"url\":\"https:\/\/blogdobispo.com.br\/\",\"logo\":{\"@type\":\"ImageObject\",\"inLanguage\":\"pt-BR\",\"@id\":\"https:\/\/blogdobispo.com.br\/#\/schema\/logo\/image\/\",\"url\":\"http:\/\/blogdobispo.com.br\/wp-content\/uploads\/2023\/05\/cropped-headear.png\",\"contentUrl\":\"http:\/\/blogdobispo.com.br\/wp-content\/uploads\/2023\/05\/cropped-headear.png\",\"width\":1500,\"height\":399,\"caption\":\"Blog do Bispo\"},\"image\":{\"@id\":\"https:\/\/blogdobispo.com.br\/#\/schema\/logo\/image\/\"}},{\"@type\":\"Person\",\"@id\":\"https:\/\/blogdobispo.com.br\/#\/schema\/person\/e2209cc0e6cea5c5233d033e997b373f\",\"name\":\"Jefferson Sterfeno\",\"image\":{\"@type\":\"ImageObject\",\"inLanguage\":\"pt-BR\",\"@id\":\"https:\/\/blogdobispo.com.br\/#\/schema\/person\/image\/\",\"url\":\"https:\/\/secure.gravatar.com\/avatar\/0534e84764641168a677026b6d57a3f51dc7ac4db0b4f6186d9cb330d4ee1160?s=96&d=mm&r=g\",\"contentUrl\":\"https:\/\/secure.gravatar.com\/avatar\/0534e84764641168a677026b6d57a3f51dc7ac4db0b4f6186d9cb330d4ee1160?s=96&d=mm&r=g\",\"caption\":\"Jefferson Sterfeno\"},\"sameAs\":[\"http:\/\/blogdobispo.com.br\"],\"url\":\"https:\/\/blogdobispo.com.br\/?author=1\"}]}<\/script>\n<!-- \/ Yoast SEO plugin. -->","yoast_head_json":{"title":"Irapo\u00e3 N\u00f3brega \u00e9 diplomado vereador de Natal pelo TRE-RN - Blog do Bispo","robots":{"index":"index","follow":"follow","max-snippet":"max-snippet:-1","max-image-preview":"max-image-preview:large","max-video-preview":"max-video-preview:-1"},"canonical":"https:\/\/blogdobispo.com.br\/?p=4353","og_locale":"pt_BR","og_type":"article","og_title":"Irapo\u00e3 N\u00f3brega \u00e9 diplomado vereador de Natal pelo TRE-RN - Blog do Bispo","og_description":"Eleito com 7.760&nbsp;votos nas elei\u00e7\u00f5es para o cargo de vereador de Natal, Irapo\u00e3 N\u00f3brega (Republicanos) foi diplomado oficialmente nesta quinta-feira (19), no plen\u00e1rio do TRE-RN, na capital potiguar. A solenidade foi presidida pela presidente do TRE-RN, a desembargadora Lourdes Azevedo, e a ju\u00edza da Junta Eleitoral de Natal, Val\u00e9ria Maria Lacerda Rocha, que oficializaram a [&hellip;]","og_url":"https:\/\/blogdobispo.com.br\/?p=4353","og_site_name":"Blog do Bispo","article_published_time":"2024-12-20T02:22:48+00:00","og_image":[{"url":"https:\/\/blogdobispo.com.br\/wp-content\/uploads\/2024\/12\/0dd1263e-2c96-4bd1-8b50-802290ebae4c-1.jpg","type":"","width":"","height":""}],"author":"Jefferson Sterfeno","twitter_card":"summary_large_image","twitter_misc":{"Escrito por":"Jefferson Sterfeno","Est. tempo de leitura":"2 minutos"},"schema":{"@context":"https:\/\/schema.org","@graph":[{"@type":"Article","@id":"https:\/\/blogdobispo.com.br\/?p=4353#article","isPartOf":{"@id":"https:\/\/blogdobispo.com.br\/?p=4353"},"author":{"name":"Jefferson Sterfeno","@id":"https:\/\/blogdobispo.com.br\/#\/schema\/person\/e2209cc0e6cea5c5233d033e997b373f"},"headline":"Irapo\u00e3 N\u00f3brega \u00e9 diplomado vereador de Natal pelo TRE-RN","datePublished":"2024-12-20T02:22:48+00:00","mainEntityOfPage":{"@id":"https:\/\/blogdobispo.com.br\/?p=4353"},"wordCount":327,"commentCount":0,"publisher":{"@id":"https:\/\/blogdobispo.com.br\/#organization"},"image":{"@id":"https:\/\/blogdobispo.com.br\/?p=4353#primaryimage"},"thumbnailUrl":"https:\/\/blogdobispo.com.br\/wp-content\/uploads\/2024\/12\/0dd1263e-2c96-4bd1-8b50-802290ebae4c-1.jpg","articleSection":["diversos"],"inLanguage":"pt-BR","potentialAction":[{"@type":"CommentAction","name":"Comment","target":["https:\/\/blogdobispo.com.br\/?p=4353#respond"]}]},{"@type":"WebPage","@id":"https:\/\/blogdobispo.com.br\/?p=4353","url":"https:\/\/blogdobispo.com.br\/?p=4353","name":"Irapo\u00e3 N\u00f3brega \u00e9 diplomado vereador de Natal pelo TRE-RN - Blog do Bispo","isPartOf":{"@id":"https:\/\/blogdobispo.com.br\/#website"},"primaryImageOfPage":{"@id":"https:\/\/blogdobispo.com.br\/?p=4353#primaryimage"},"image":{"@id":"https:\/\/blogdobispo.com.br\/?p=4353#primaryimage"},"thumbnailUrl":"https:\/\/blogdobispo.com.br\/wp-content\/uploads\/2024\/12\/0dd1263e-2c96-4bd1-8b50-802290ebae4c-1.jpg","datePublished":"2024-12-20T02:22:48+00:00","breadcrumb":{"@id":"https:\/\/blogdobispo.com.br\/?p=4353#breadcrumb"},"inLanguage":"pt-BR","potentialAction":[{"@type":"ReadAction","target":["https:\/\/blogdobispo.com.br\/?p=4353"]}]},{"@type":"ImageObject","inLanguage":"pt-BR","@id":"https:\/\/blogdobispo.com.br\/?p=4353#primaryimage","url":"https:\/\/blogdobispo.com.br\/wp-content\/uploads\/2024\/12\/0dd1263e-2c96-4bd1-8b50-802290ebae4c-1.jpg","contentUrl":"https:\/\/blogdobispo.com.br\/wp-content\/uploads\/2024\/12\/0dd1263e-2c96-4bd1-8b50-802290ebae4c-1.jpg"},{"@type":"BreadcrumbList","@id":"https:\/\/blogdobispo.com.br\/?p=4353#breadcrumb","itemListElement":[{"@type":"ListItem","position":1,"name":"In\u00edcio","item":"https:\/\/blogdobispo.com.br\/"},{"@type":"ListItem","position":2,"name":"Irapo\u00e3 N\u00f3brega \u00e9 diplomado vereador de Natal pelo TRE-RN"}]},{"@type":"WebSite","@id":"https:\/\/blogdobispo.com.br\/#website","url":"https:\/\/blogdobispo.com.br\/","name":"Blog do Bispo","description":"Comprometido apenas com o leitor","publisher":{"@id":"https:\/\/blogdobispo.com.br\/#organization"},"potentialAction":[{"@type":"SearchAction","target":{"@type":"EntryPoint","urlTemplate":"https:\/\/blogdobispo.com.br\/?s={search_term_string}"},"query-input":{"@type":"PropertyValueSpecification","valueRequired":true,"valueName":"search_term_string"}}],"inLanguage":"pt-BR"},{"@type":"Organization","@id":"https:\/\/blogdobispo.com.br\/#organization","name":"Blog do Bispo","url":"https:\/\/blogdobispo.com.br\/","logo":{"@type":"ImageObject","inLanguage":"pt-BR","@id":"https:\/\/blogdobispo.com.br\/#\/schema\/logo\/image\/","url":"http:\/\/blogdobispo.com.br\/wp-content\/uploads\/2023\/05\/cropped-headear.png","contentUrl":"http:\/\/blogdobispo.com.br\/wp-content\/uploads\/2023\/05\/cropped-headear.png","width":1500,"height":399,"caption":"Blog do Bispo"},"image":{"@id":"https:\/\/blogdobispo.com.br\/#\/schema\/logo\/image\/"}},{"@type":"Person","@id":"https:\/\/blogdobispo.com.br\/#\/schema\/person\/e2209cc0e6cea5c5233d033e997b373f","name":"Jefferson Sterfeno","image":{"@type":"ImageObject","inLanguage":"pt-BR","@id":"https:\/\/blogdobispo.com.br\/#\/schema\/person\/image\/","url":"https:\/\/secure.gravatar.com\/avatar\/0534e84764641168a677026b6d57a3f51dc7ac4db0b4f6186d9cb330d4ee1160?s=96&d=mm&r=g","contentUrl":"https:\/\/secure.gravatar.com\/avatar\/0534e84764641168a677026b6d57a3f51dc7ac4db0b4f6186d9cb330d4ee1160?s=96&d=mm&r=g","caption":"Jefferson Sterfeno"},"sameAs":["http:\/\/blogdobispo.com.br"],"url":"https:\/\/blogdobispo.com.br\/?author=1"}]}},"featured_image_urls":{"full":"","thumbnail":"","medium":"","medium_large":"","large":"","1536x1536":"","2048x2048":""},"author_info":{"display_name":"Jefferson Sterfeno","author_link":"https:\/\/blogdobispo.com.br\/?author=1"},"category_info":"<a href=\"https:\/\/blogdobispo.com.br\/?cat=1\" rel=\"category\">diversos<\/a>","tag_info":"diversos","comment_count":"0","jetpack_featured_media_url":"","jetpack_sharing_enabled":true,"_links":{"self":[{"href":"https:\/\/blogdobispo.com.br\/index.php?rest_route=\/wp\/v2\/posts\/4353","targetHints":{"allow":["GET"]}}],"collection":[{"href":"https:\/\/blogdobispo.com.br\/index.php?rest_route=\/wp\/v2\/posts"}],"about":[{"href":"https:\/\/blogdobispo.com.br\/index.php?rest_route=\/wp\/v2\/types\/post"}],"author":[{"embeddable":true,"href":"https:\/\/blogdobispo.com.br\/index.php?rest_route=\/wp\/v2\/users\/1"}],"replies":[{"embeddable":true,"href":"https:\/\/blogdobispo.com.br\/index.php?rest_route=%2Fwp%2Fv2%2Fcomments&post=4353"}],"version-history":[{"count":0,"href":"https:\/\/blogdobispo.com.br\/index.php?rest_route=\/wp\/v2\/posts\/4353\/revisions"}],"wp:attachment":[{"href":"https:\/\/blogdobispo.com.br\/index.php?rest_route=%2Fwp%2Fv2%2Fmedia&parent=4353"}],"wp:term":[{"taxonomy":"category","embeddable":true,"href":"https:\/\/blogdobispo.com.br\/index.php?rest_route=%2Fwp%2Fv2%2Fcategories&post=4353"},{"taxonomy":"post_tag","embeddable":true,"href":"https:\/\/blogdobispo.com.br\/index.php?rest_route=%2Fwp%2Fv2%2Ftags&post=4353"}],"curies":[{"name":"wp","href":"https:\/\/api.w.org\/{rel}","templated":true}]}}