{"id":4351,"date":"2024-12-20T01:32:13","date_gmt":"2024-12-20T01:32:13","guid":{"rendered":"https:\/\/blogdobispo.com.br\/?p=4351"},"modified":"2024-12-20T01:32:13","modified_gmt":"2024-12-20T01:32:13","slug":"robson-carvalho-diplomado-para-seu-terceiro-mandato","status":"publish","type":"post","link":"https:\/\/blogdobispo.com.br\/?p=4351","title":{"rendered":"Robson Carvalho diplomado para seu terceiro mandato"},"content":{"rendered":"\n<p class=\"p1\">O vereador Robson Carvalho foi diplomado para seu terceiro mandato na C\u00e2mara Municipal de Natal durante uma cerim\u00f4nia realizada nesta quinta-feira (19), na sede do Tribunal Regional Eleitoral (TRE). Reconhecido por sua atua\u00e7\u00e3o em defesa dos animais e pela luta por pol\u00edticas p\u00fablicas voltadas ao bem-estar animal, Robson Carvalho consolidou sua posi\u00e7\u00e3o como um dos principais defensores dessa causa na capital potiguar.<\/p>\n\n\n\n<p class=\"p1\"><\/p>\n\n\n\n<p class=\"p1\">A diploma\u00e7\u00e3o reafirma o papel de Robson Carvalho como uma voz ativa e comprometida com as demandas da popula\u00e7\u00e3o e com a constru\u00e7\u00e3o de uma Natal mais justa e respons\u00e1vel. Seu terceiro mandato simboliza a continuidade de uma trajet\u00f3ria pautada pela \u00e9tica, pelo trabalho e pela dedica\u00e7\u00e3o \u00e0s causas que impactam diretamente a qualidade de vida na cidade.<\/p>\n\n\n\n<p>\u201cHoje, ao ser diplomado para o meu terceiro mandato como vereador de Natal, n\u00e3o consigo deixar de refletir sobre tudo que me trouxe at\u00e9 aqui. Este momento \u00e9 mais do que um marco na minha trajet\u00f3ria; \u00e9 uma reafirma\u00e7\u00e3o do compromisso que assumi com cada cidad\u00e3o que confiou em mim e nas minhas bandeiras de atua\u00e7\u00f5es.<\/p>\n\n\n\n<p>Penso em cada olhar de esperan\u00e7a, em cada aperto de m\u00e3o e nas tantas hist\u00f3rias que escutei ao longo desses anos. Esse diploma que recebo hoje n\u00e3o \u00e9 s\u00f3 meu. Ele pertence a cada jovem que sonha com oportunidades, a cada fam\u00edlia que busca dignidade, e a cada animal que precisa de cuidado e prote\u00e7\u00e3o.<\/p>\n\n\n\n<p>Ser vereador \u00e9 um desafio di\u00e1rio. \u00c9 lidar com os problemas reais das pessoas, encontrar solu\u00e7\u00f5es e, acima de tudo, nunca perder de vista por que estamos aqui: para servir. E \u00e9 isso que continuarei fazendo, com ainda mais for\u00e7a, responsabilidade e amor pela nossa cidade.<\/p>\n\n\n\n<p>Agrade\u00e7o a Deus, que me d\u00e1 for\u00e7as para seguir, \u00e0 minha fam\u00edlia, que sempre est\u00e1 ao meu lado, ao nosso time e a cada um de voc\u00eas, que acreditam no meu trabalho e no meu prop\u00f3sito. Este \u00e9 s\u00f3 mais um cap\u00edtulo da nossa hist\u00f3ria juntos.<\/p>\n\n\n\n<p>Vamos seguir firmes, sempre em frente, porque Natal merece o melhor de todos n\u00f3s.<\/p>\n\n\n\n<p>Muito obrigado, Natal!\u201d Disse o vereador.<\/p>\n\n\n\n<figure class=\"wp-block-image size-large\"><img data-recalc-dims=\"1\" fetchpriority=\"high\" decoding=\"async\" width=\"800\" height=\"928\" src=\"https:\/\/i0.wp.com\/blogdobispo.com.br\/wp-content\/uploads\/2024\/12\/b4aed0e3-7cde-4dc1-a513-2da237f564c4-1-883x1024.jpg?resize=800%2C928&#038;ssl=1\" class=\"wp-image-4350\" srcset=\"https:\/\/i0.wp.com\/blogdobispo.com.br\/wp-content\/uploads\/2024\/12\/b4aed0e3-7cde-4dc1-a513-2da237f564c4-1.jpg?resize=883%2C1024&amp;ssl=1 883w, https:\/\/i0.wp.com\/blogdobispo.com.br\/wp-content\/uploads\/2024\/12\/b4aed0e3-7cde-4dc1-a513-2da237f564c4-1.jpg?resize=259%2C300&amp;ssl=1 259w, https:\/\/i0.wp.com\/blogdobispo.com.br\/wp-content\/uploads\/2024\/12\/b4aed0e3-7cde-4dc1-a513-2da237f564c4-1.jpg?resize=768%2C890&amp;ssl=1 768w, https:\/\/i0.wp.com\/blogdobispo.com.br\/wp-content\/uploads\/2024\/12\/b4aed0e3-7cde-4dc1-a513-2da237f564c4-1.jpg?resize=1325%2C1536&amp;ssl=1 1325w, https:\/\/i0.wp.com\/blogdobispo.com.br\/wp-content\/uploads\/2024\/12\/b4aed0e3-7cde-4dc1-a513-2da237f564c4-1.jpg?resize=1024%2C1187&amp;ssl=1 1024w, https:\/\/i0.wp.com\/blogdobispo.com.br\/wp-content\/uploads\/2024\/12\/b4aed0e3-7cde-4dc1-a513-2da237f564c4-1.jpg?w=1380&amp;ssl=1 1380w\" sizes=\"(max-width: 800px) 100vw, 800px\" \/><\/figure>\n","protected":false},"excerpt":{"rendered":"<p>O vereador Robson Carvalho foi diplomado para seu terceiro mandato na C\u00e2mara Municipal de Natal durante uma cerim\u00f4nia realizada nesta quinta-feira (19), na sede do Tribunal Regional Eleitoral (TRE). Reconhecido por sua atua\u00e7\u00e3o em defesa dos animais e pela luta por pol\u00edticas p\u00fablicas voltadas ao bem-estar animal, Robson Carvalho consolidou sua posi\u00e7\u00e3o como um dos [&hellip;]<\/p>\n","protected":false},"author":1,"featured_media":0,"comment_status":"open","ping_status":"open","sticky":false,"template":"","format":"standard","meta":{"cybocfi_hide_featured_image":"","_jetpack_memberships_contains_paid_content":false,"footnotes":""},"categories":[1],"tags":[],"class_list":["post-4351","post","type-post","status-publish","format-standard","hentry","category-diversos"],"yoast_head":"<!-- This site is optimized with the Yoast SEO plugin v25.6 - https:\/\/yoast.com\/wordpress\/plugins\/seo\/ -->\n<title>Robson Carvalho diplomado para seu terceiro mandato - Blog do Bispo<\/title>\n<meta name=\"robots\" content=\"index, follow, max-snippet:-1, max-image-preview:large, max-video-preview:-1\" \/>\n<link rel=\"canonical\" href=\"https:\/\/blogdobispo.com.br\/?p=4351\" \/>\n<meta property=\"og:locale\" content=\"pt_BR\" \/>\n<meta property=\"og:type\" content=\"article\" \/>\n<meta property=\"og:title\" content=\"Robson Carvalho diplomado para seu terceiro mandato - Blog do Bispo\" \/>\n<meta property=\"og:description\" content=\"O vereador Robson Carvalho foi diplomado para seu terceiro mandato na C\u00e2mara Municipal de Natal durante uma cerim\u00f4nia realizada nesta quinta-feira (19), na sede do Tribunal Regional Eleitoral (TRE). Reconhecido por sua atua\u00e7\u00e3o em defesa dos animais e pela luta por pol\u00edticas p\u00fablicas voltadas ao bem-estar animal, Robson Carvalho consolidou sua posi\u00e7\u00e3o como um dos [&hellip;]\" \/>\n<meta property=\"og:url\" content=\"https:\/\/blogdobispo.com.br\/?p=4351\" \/>\n<meta property=\"og:site_name\" content=\"Blog do Bispo\" \/>\n<meta property=\"article:published_time\" content=\"2024-12-20T01:32:13+00:00\" \/>\n<meta property=\"og:image\" content=\"https:\/\/blogdobispo.com.br\/wp-content\/uploads\/2024\/12\/b4aed0e3-7cde-4dc1-a513-2da237f564c4-1-883x1024.jpg\" \/>\n<meta name=\"author\" content=\"Jefferson Sterfeno\" \/>\n<meta name=\"twitter:card\" content=\"summary_large_image\" \/>\n<meta name=\"twitter:label1\" content=\"Escrito por\" \/>\n\t<meta name=\"twitter:data1\" content=\"Jefferson Sterfeno\" \/>\n\t<meta name=\"twitter:label2\" content=\"Est. tempo de leitura\" \/>\n\t<meta name=\"twitter:data2\" content=\"2 minutos\" \/>\n<script type=\"application\/ld+json\" class=\"yoast-schema-graph\">{\"@context\":\"https:\/\/schema.org\",\"@graph\":[{\"@type\":\"Article\",\"@id\":\"https:\/\/blogdobispo.com.br\/?p=4351#article\",\"isPartOf\":{\"@id\":\"https:\/\/blogdobispo.com.br\/?p=4351\"},\"author\":{\"name\":\"Jefferson Sterfeno\",\"@id\":\"https:\/\/blogdobispo.com.br\/#\/schema\/person\/e2209cc0e6cea5c5233d033e997b373f\"},\"headline\":\"Robson Carvalho diplomado para seu terceiro mandato\",\"datePublished\":\"2024-12-20T01:32:13+00:00\",\"mainEntityOfPage\":{\"@id\":\"https:\/\/blogdobispo.com.br\/?p=4351\"},\"wordCount\":375,\"commentCount\":0,\"publisher\":{\"@id\":\"https:\/\/blogdobispo.com.br\/#organization\"},\"image\":{\"@id\":\"https:\/\/blogdobispo.com.br\/?p=4351#primaryimage\"},\"thumbnailUrl\":\"https:\/\/blogdobispo.com.br\/wp-content\/uploads\/2024\/12\/b4aed0e3-7cde-4dc1-a513-2da237f564c4-1-883x1024.jpg\",\"articleSection\":[\"diversos\"],\"inLanguage\":\"pt-BR\",\"potentialAction\":[{\"@type\":\"CommentAction\",\"name\":\"Comment\",\"target\":[\"https:\/\/blogdobispo.com.br\/?p=4351#respond\"]}]},{\"@type\":\"WebPage\",\"@id\":\"https:\/\/blogdobispo.com.br\/?p=4351\",\"url\":\"https:\/\/blogdobispo.com.br\/?p=4351\",\"name\":\"Robson Carvalho diplomado para seu terceiro mandato - Blog do Bispo\",\"isPartOf\":{\"@id\":\"https:\/\/blogdobispo.com.br\/#website\"},\"primaryImageOfPage\":{\"@id\":\"https:\/\/blogdobispo.com.br\/?p=4351#primaryimage\"},\"image\":{\"@id\":\"https:\/\/blogdobispo.com.br\/?p=4351#primaryimage\"},\"thumbnailUrl\":\"https:\/\/blogdobispo.com.br\/wp-content\/uploads\/2024\/12\/b4aed0e3-7cde-4dc1-a513-2da237f564c4-1-883x1024.jpg\",\"datePublished\":\"2024-12-20T01:32:13+00:00\",\"breadcrumb\":{\"@id\":\"https:\/\/blogdobispo.com.br\/?p=4351#breadcrumb\"},\"inLanguage\":\"pt-BR\",\"potentialAction\":[{\"@type\":\"ReadAction\",\"target\":[\"https:\/\/blogdobispo.com.br\/?p=4351\"]}]},{\"@type\":\"ImageObject\",\"inLanguage\":\"pt-BR\",\"@id\":\"https:\/\/blogdobispo.com.br\/?p=4351#primaryimage\",\"url\":\"https:\/\/blogdobispo.com.br\/wp-content\/uploads\/2024\/12\/b4aed0e3-7cde-4dc1-a513-2da237f564c4-1-883x1024.jpg\",\"contentUrl\":\"https:\/\/blogdobispo.com.br\/wp-content\/uploads\/2024\/12\/b4aed0e3-7cde-4dc1-a513-2da237f564c4-1-883x1024.jpg\"},{\"@type\":\"BreadcrumbList\",\"@id\":\"https:\/\/blogdobispo.com.br\/?p=4351#breadcrumb\",\"itemListElement\":[{\"@type\":\"ListItem\",\"position\":1,\"name\":\"In\u00edcio\",\"item\":\"https:\/\/blogdobispo.com.br\/\"},{\"@type\":\"ListItem\",\"position\":2,\"name\":\"Robson Carvalho diplomado para seu terceiro mandato\"}]},{\"@type\":\"WebSite\",\"@id\":\"https:\/\/blogdobispo.com.br\/#website\",\"url\":\"https:\/\/blogdobispo.com.br\/\",\"name\":\"Blog do Bispo\",\"description\":\"Comprometido apenas com o leitor\",\"publisher\":{\"@id\":\"https:\/\/blogdobispo.com.br\/#organization\"},\"potentialAction\":[{\"@type\":\"SearchAction\",\"target\":{\"@type\":\"EntryPoint\",\"urlTemplate\":\"https:\/\/blogdobispo.com.br\/?s={search_term_string}\"},\"query-input\":{\"@type\":\"PropertyValueSpecification\",\"valueRequired\":true,\"valueName\":\"search_term_string\"}}],\"inLanguage\":\"pt-BR\"},{\"@type\":\"Organization\",\"@id\":\"https:\/\/blogdobispo.com.br\/#organization\",\"name\":\"Blog do Bispo\",\"url\":\"https:\/\/blogdobispo.com.br\/\",\"logo\":{\"@type\":\"ImageObject\",\"inLanguage\":\"pt-BR\",\"@id\":\"https:\/\/blogdobispo.com.br\/#\/schema\/logo\/image\/\",\"url\":\"http:\/\/blogdobispo.com.br\/wp-content\/uploads\/2023\/05\/cropped-headear.png\",\"contentUrl\":\"http:\/\/blogdobispo.com.br\/wp-content\/uploads\/2023\/05\/cropped-headear.png\",\"width\":1500,\"height\":399,\"caption\":\"Blog do Bispo\"},\"image\":{\"@id\":\"https:\/\/blogdobispo.com.br\/#\/schema\/logo\/image\/\"}},{\"@type\":\"Person\",\"@id\":\"https:\/\/blogdobispo.com.br\/#\/schema\/person\/e2209cc0e6cea5c5233d033e997b373f\",\"name\":\"Jefferson Sterfeno\",\"image\":{\"@type\":\"ImageObject\",\"inLanguage\":\"pt-BR\",\"@id\":\"https:\/\/blogdobispo.com.br\/#\/schema\/person\/image\/\",\"url\":\"https:\/\/secure.gravatar.com\/avatar\/0534e84764641168a677026b6d57a3f51dc7ac4db0b4f6186d9cb330d4ee1160?s=96&d=mm&r=g\",\"contentUrl\":\"https:\/\/secure.gravatar.com\/avatar\/0534e84764641168a677026b6d57a3f51dc7ac4db0b4f6186d9cb330d4ee1160?s=96&d=mm&r=g\",\"caption\":\"Jefferson Sterfeno\"},\"sameAs\":[\"http:\/\/blogdobispo.com.br\"],\"url\":\"https:\/\/blogdobispo.com.br\/?author=1\"}]}<\/script>\n<!-- \/ Yoast SEO plugin. -->","yoast_head_json":{"title":"Robson Carvalho diplomado para seu terceiro mandato - Blog do Bispo","robots":{"index":"index","follow":"follow","max-snippet":"max-snippet:-1","max-image-preview":"max-image-preview:large","max-video-preview":"max-video-preview:-1"},"canonical":"https:\/\/blogdobispo.com.br\/?p=4351","og_locale":"pt_BR","og_type":"article","og_title":"Robson Carvalho diplomado para seu terceiro mandato - Blog do Bispo","og_description":"O vereador Robson Carvalho foi diplomado para seu terceiro mandato na C\u00e2mara Municipal de Natal durante uma cerim\u00f4nia realizada nesta quinta-feira (19), na sede do Tribunal Regional Eleitoral (TRE). Reconhecido por sua atua\u00e7\u00e3o em defesa dos animais e pela luta por pol\u00edticas p\u00fablicas voltadas ao bem-estar animal, Robson Carvalho consolidou sua posi\u00e7\u00e3o como um dos [&hellip;]","og_url":"https:\/\/blogdobispo.com.br\/?p=4351","og_site_name":"Blog do Bispo","article_published_time":"2024-12-20T01:32:13+00:00","og_image":[{"url":"https:\/\/blogdobispo.com.br\/wp-content\/uploads\/2024\/12\/b4aed0e3-7cde-4dc1-a513-2da237f564c4-1-883x1024.jpg","type":"","width":"","height":""}],"author":"Jefferson Sterfeno","twitter_card":"summary_large_image","twitter_misc":{"Escrito por":"Jefferson Sterfeno","Est. tempo de leitura":"2 minutos"},"schema":{"@context":"https:\/\/schema.org","@graph":[{"@type":"Article","@id":"https:\/\/blogdobispo.com.br\/?p=4351#article","isPartOf":{"@id":"https:\/\/blogdobispo.com.br\/?p=4351"},"author":{"name":"Jefferson Sterfeno","@id":"https:\/\/blogdobispo.com.br\/#\/schema\/person\/e2209cc0e6cea5c5233d033e997b373f"},"headline":"Robson Carvalho diplomado para seu terceiro mandato","datePublished":"2024-12-20T01:32:13+00:00","mainEntityOfPage":{"@id":"https:\/\/blogdobispo.com.br\/?p=4351"},"wordCount":375,"commentCount":0,"publisher":{"@id":"https:\/\/blogdobispo.com.br\/#organization"},"image":{"@id":"https:\/\/blogdobispo.com.br\/?p=4351#primaryimage"},"thumbnailUrl":"https:\/\/blogdobispo.com.br\/wp-content\/uploads\/2024\/12\/b4aed0e3-7cde-4dc1-a513-2da237f564c4-1-883x1024.jpg","articleSection":["diversos"],"inLanguage":"pt-BR","potentialAction":[{"@type":"CommentAction","name":"Comment","target":["https:\/\/blogdobispo.com.br\/?p=4351#respond"]}]},{"@type":"WebPage","@id":"https:\/\/blogdobispo.com.br\/?p=4351","url":"https:\/\/blogdobispo.com.br\/?p=4351","name":"Robson Carvalho diplomado para seu terceiro mandato - Blog do Bispo","isPartOf":{"@id":"https:\/\/blogdobispo.com.br\/#website"},"primaryImageOfPage":{"@id":"https:\/\/blogdobispo.com.br\/?p=4351#primaryimage"},"image":{"@id":"https:\/\/blogdobispo.com.br\/?p=4351#primaryimage"},"thumbnailUrl":"https:\/\/blogdobispo.com.br\/wp-content\/uploads\/2024\/12\/b4aed0e3-7cde-4dc1-a513-2da237f564c4-1-883x1024.jpg","datePublished":"2024-12-20T01:32:13+00:00","breadcrumb":{"@id":"https:\/\/blogdobispo.com.br\/?p=4351#breadcrumb"},"inLanguage":"pt-BR","potentialAction":[{"@type":"ReadAction","target":["https:\/\/blogdobispo.com.br\/?p=4351"]}]},{"@type":"ImageObject","inLanguage":"pt-BR","@id":"https:\/\/blogdobispo.com.br\/?p=4351#primaryimage","url":"https:\/\/blogdobispo.com.br\/wp-content\/uploads\/2024\/12\/b4aed0e3-7cde-4dc1-a513-2da237f564c4-1-883x1024.jpg","contentUrl":"https:\/\/blogdobispo.com.br\/wp-content\/uploads\/2024\/12\/b4aed0e3-7cde-4dc1-a513-2da237f564c4-1-883x1024.jpg"},{"@type":"BreadcrumbList","@id":"https:\/\/blogdobispo.com.br\/?p=4351#breadcrumb","itemListElement":[{"@type":"ListItem","position":1,"name":"In\u00edcio","item":"https:\/\/blogdobispo.com.br\/"},{"@type":"ListItem","position":2,"name":"Robson Carvalho diplomado para seu terceiro mandato"}]},{"@type":"WebSite","@id":"https:\/\/blogdobispo.com.br\/#website","url":"https:\/\/blogdobispo.com.br\/","name":"Blog do Bispo","description":"Comprometido apenas com o leitor","publisher":{"@id":"https:\/\/blogdobispo.com.br\/#organization"},"potentialAction":[{"@type":"SearchAction","target":{"@type":"EntryPoint","urlTemplate":"https:\/\/blogdobispo.com.br\/?s={search_term_string}"},"query-input":{"@type":"PropertyValueSpecification","valueRequired":true,"valueName":"search_term_string"}}],"inLanguage":"pt-BR"},{"@type":"Organization","@id":"https:\/\/blogdobispo.com.br\/#organization","name":"Blog do Bispo","url":"https:\/\/blogdobispo.com.br\/","logo":{"@type":"ImageObject","inLanguage":"pt-BR","@id":"https:\/\/blogdobispo.com.br\/#\/schema\/logo\/image\/","url":"http:\/\/blogdobispo.com.br\/wp-content\/uploads\/2023\/05\/cropped-headear.png","contentUrl":"http:\/\/blogdobispo.com.br\/wp-content\/uploads\/2023\/05\/cropped-headear.png","width":1500,"height":399,"caption":"Blog do Bispo"},"image":{"@id":"https:\/\/blogdobispo.com.br\/#\/schema\/logo\/image\/"}},{"@type":"Person","@id":"https:\/\/blogdobispo.com.br\/#\/schema\/person\/e2209cc0e6cea5c5233d033e997b373f","name":"Jefferson Sterfeno","image":{"@type":"ImageObject","inLanguage":"pt-BR","@id":"https:\/\/blogdobispo.com.br\/#\/schema\/person\/image\/","url":"https:\/\/secure.gravatar.com\/avatar\/0534e84764641168a677026b6d57a3f51dc7ac4db0b4f6186d9cb330d4ee1160?s=96&d=mm&r=g","contentUrl":"https:\/\/secure.gravatar.com\/avatar\/0534e84764641168a677026b6d57a3f51dc7ac4db0b4f6186d9cb330d4ee1160?s=96&d=mm&r=g","caption":"Jefferson Sterfeno"},"sameAs":["http:\/\/blogdobispo.com.br"],"url":"https:\/\/blogdobispo.com.br\/?author=1"}]}},"featured_image_urls":{"full":"","thumbnail":"","medium":"","medium_large":"","large":"","1536x1536":"","2048x2048":""},"author_info":{"display_name":"Jefferson Sterfeno","author_link":"https:\/\/blogdobispo.com.br\/?author=1"},"category_info":"<a href=\"https:\/\/blogdobispo.com.br\/?cat=1\" rel=\"category\">diversos<\/a>","tag_info":"diversos","comment_count":"0","jetpack_featured_media_url":"","jetpack_sharing_enabled":true,"_links":{"self":[{"href":"https:\/\/blogdobispo.com.br\/index.php?rest_route=\/wp\/v2\/posts\/4351","targetHints":{"allow":["GET"]}}],"collection":[{"href":"https:\/\/blogdobispo.com.br\/index.php?rest_route=\/wp\/v2\/posts"}],"about":[{"href":"https:\/\/blogdobispo.com.br\/index.php?rest_route=\/wp\/v2\/types\/post"}],"author":[{"embeddable":true,"href":"https:\/\/blogdobispo.com.br\/index.php?rest_route=\/wp\/v2\/users\/1"}],"replies":[{"embeddable":true,"href":"https:\/\/blogdobispo.com.br\/index.php?rest_route=%2Fwp%2Fv2%2Fcomments&post=4351"}],"version-history":[{"count":0,"href":"https:\/\/blogdobispo.com.br\/index.php?rest_route=\/wp\/v2\/posts\/4351\/revisions"}],"wp:attachment":[{"href":"https:\/\/blogdobispo.com.br\/index.php?rest_route=%2Fwp%2Fv2%2Fmedia&parent=4351"}],"wp:term":[{"taxonomy":"category","embeddable":true,"href":"https:\/\/blogdobispo.com.br\/index.php?rest_route=%2Fwp%2Fv2%2Fcategories&post=4351"},{"taxonomy":"post_tag","embeddable":true,"href":"https:\/\/blogdobispo.com.br\/index.php?rest_route=%2Fwp%2Fv2%2Ftags&post=4351"}],"curies":[{"name":"wp","href":"https:\/\/api.w.org\/{rel}","templated":true}]}}