{"id":4160,"date":"2024-11-05T18:55:40","date_gmt":"2024-11-05T18:55:40","guid":{"rendered":"https:\/\/blogdobispo.com.br\/?p=4160"},"modified":"2024-11-05T18:55:40","modified_gmt":"2024-11-05T18:55:40","slug":"vereador-kleber-fernandes-cobra-de-fatima-o-apoio-de-lula-para-melhorias-na-saude-do-rn","status":"publish","type":"post","link":"https:\/\/blogdobispo.com.br\/?p=4160","title":{"rendered":"Vereador Kleber Fernandes cobra de F\u00e1tima o apoio de Lula para melhorias na sa\u00fade do RN"},"content":{"rendered":"\n<figure class=\"wp-block-image size-large\"><img data-recalc-dims=\"1\" fetchpriority=\"high\" decoding=\"async\" width=\"800\" height=\"635\" src=\"https:\/\/i0.wp.com\/blogdobispo.com.br\/wp-content\/uploads\/2024\/11\/331e6f73-1f68-4775-b86a-92c76d6737a2-1-1024x813.jpg?resize=800%2C635&#038;ssl=1\" class=\"wp-image-4159\" srcset=\"https:\/\/i0.wp.com\/blogdobispo.com.br\/wp-content\/uploads\/2024\/11\/331e6f73-1f68-4775-b86a-92c76d6737a2-1.jpg?resize=1024%2C813&amp;ssl=1 1024w, https:\/\/i0.wp.com\/blogdobispo.com.br\/wp-content\/uploads\/2024\/11\/331e6f73-1f68-4775-b86a-92c76d6737a2-1.jpg?resize=300%2C238&amp;ssl=1 300w, https:\/\/i0.wp.com\/blogdobispo.com.br\/wp-content\/uploads\/2024\/11\/331e6f73-1f68-4775-b86a-92c76d6737a2-1.jpg?resize=768%2C610&amp;ssl=1 768w, https:\/\/i0.wp.com\/blogdobispo.com.br\/wp-content\/uploads\/2024\/11\/331e6f73-1f68-4775-b86a-92c76d6737a2-1.jpg?resize=1536%2C1219&amp;ssl=1 1536w, https:\/\/i0.wp.com\/blogdobispo.com.br\/wp-content\/uploads\/2024\/11\/331e6f73-1f68-4775-b86a-92c76d6737a2-1.jpg?w=1600&amp;ssl=1 1600w\" sizes=\"(max-width: 800px) 100vw, 800px\" \/><\/figure>\n\n\n\n<p><\/p>\n\n\n\n<p>O vereador Kleber Fernandes (Republicanos) questionou a governadora F\u00e1tima Bezerra (PT) sobre a informa\u00e7\u00e3o citada por ela e pela candidata a prefeita pelo mesmo partido, Nat\u00e1lia Bonavides, de que ambas tinham o prest\u00edgio e proximidade com o presidente Lula. O questionamento de Kleber foi feito durante a Sess\u00e3o Ordin\u00e1ria desta ter\u00e7a-feira (5), na C\u00e2mara Municipal do Natal.<\/p>\n\n\n\n<p>\u201cN\u00f3s vimos na campanha eleitoral a candidata do PT e a governadora F\u00e1tima recebendo o presidente da Rep\u00fablica, em Natal, e, na ocasi\u00e3o, citaram a parceria, refor\u00e7ando que Nat\u00e1lia contaria com o apoio e empenho do Governo Federal, com libera\u00e7\u00e3o de recursos e investimentos. Mas, nos estranha saber que o Governo do Estado \u00e9 gerido pelo PT, que tem amizade e alian\u00e7a hist\u00f3rica com Lula, mas deixaram o Hospital Walfredo Gurgel numa situa\u00e7\u00e3o lastim\u00e1vel, com os pacientes agonizando nos corredores, sem nenhuma infraestrutura, dignidade e respeito ao cidad\u00e3o que precisa utilizar os servi\u00e7os\u201d, disse.<\/p>\n\n\n\n<p>A situa\u00e7\u00e3o do Hospital Walfredo Gurgel vem sendo divulgada em diversas mat\u00e9rias jornal\u00edsticas, nos \u00faltimos dias. Segundo informa\u00e7\u00f5es do Sindicato dos Trabalhadores em Sa\u00fade do RN (Sindsa\u00fade-RN), h\u00e1 cerca de 50 pessoas \u201cinternadas\u201d nos corredores da unidade. Al\u00e9m disso, um tom\u00f3grafo est\u00e1 quebrado e pelo menos tr\u00eas salas de cirurgia est\u00e3o fechadas para abrigar pacientes. No final do m\u00eas de outubro, profissionais terceirizados da higieniza\u00e7\u00e3o paralisaram as atividades por falta de pagamento. Al\u00e9m de tudo isso, a coleta de lixo tamb\u00e9m tinha sido suspensa por falta de pagamentos.<\/p>\n\n\n\n<p>Em sua fala, Kleber lembrou da falta de medicamentos na Unidade Central de Agentes Terap\u00eauticos (Unicat). \u201cA Unicat, da mesma forma, sem medicamentos. Inclusive, falta medicamentos de uso cont\u00ednuo e para tratar doen\u00e7as graves. Ent\u00e3o, se o Governo do PT e Nat\u00e1lia t\u00eam tem tanta alian\u00e7a com o Governo Federal, por que n\u00e3o aproveitam para viabilizar recursos e investimentos para salvar a vida do povo?\u201d, questionou.<\/p>\n","protected":false},"excerpt":{"rendered":"<p>O vereador Kleber Fernandes (Republicanos) questionou a governadora F\u00e1tima Bezerra (PT) sobre a informa\u00e7\u00e3o citada por ela e pela candidata a prefeita pelo mesmo partido, Nat\u00e1lia Bonavides, de que ambas tinham o prest\u00edgio e proximidade com o presidente Lula. O questionamento de Kleber foi feito durante a Sess\u00e3o Ordin\u00e1ria desta ter\u00e7a-feira (5), na C\u00e2mara Municipal [&hellip;]<\/p>\n","protected":false},"author":1,"featured_media":0,"comment_status":"open","ping_status":"open","sticky":false,"template":"","format":"standard","meta":{"cybocfi_hide_featured_image":"","_jetpack_memberships_contains_paid_content":false,"footnotes":""},"categories":[1],"tags":[],"class_list":["post-4160","post","type-post","status-publish","format-standard","hentry","category-diversos"],"yoast_head":"<!-- This site is optimized with the Yoast SEO plugin v25.6 - https:\/\/yoast.com\/wordpress\/plugins\/seo\/ -->\n<title>Vereador Kleber Fernandes cobra de F\u00e1tima o apoio de Lula para melhorias na sa\u00fade do RN - Blog do Bispo<\/title>\n<meta name=\"robots\" content=\"index, follow, max-snippet:-1, max-image-preview:large, max-video-preview:-1\" \/>\n<link rel=\"canonical\" href=\"https:\/\/blogdobispo.com.br\/?p=4160\" \/>\n<meta property=\"og:locale\" content=\"pt_BR\" \/>\n<meta property=\"og:type\" content=\"article\" \/>\n<meta property=\"og:title\" content=\"Vereador Kleber Fernandes cobra de F\u00e1tima o apoio de Lula para melhorias na sa\u00fade do RN - Blog do Bispo\" \/>\n<meta property=\"og:description\" content=\"O vereador Kleber Fernandes (Republicanos) questionou a governadora F\u00e1tima Bezerra (PT) sobre a informa\u00e7\u00e3o citada por ela e pela candidata a prefeita pelo mesmo partido, Nat\u00e1lia Bonavides, de que ambas tinham o prest\u00edgio e proximidade com o presidente Lula. O questionamento de Kleber foi feito durante a Sess\u00e3o Ordin\u00e1ria desta ter\u00e7a-feira (5), na C\u00e2mara Municipal [&hellip;]\" \/>\n<meta property=\"og:url\" content=\"https:\/\/blogdobispo.com.br\/?p=4160\" \/>\n<meta property=\"og:site_name\" content=\"Blog do Bispo\" \/>\n<meta property=\"article:published_time\" content=\"2024-11-05T18:55:40+00:00\" \/>\n<meta property=\"og:image\" content=\"https:\/\/blogdobispo.com.br\/wp-content\/uploads\/2024\/11\/331e6f73-1f68-4775-b86a-92c76d6737a2-1-1024x813.jpg\" \/>\n<meta name=\"author\" content=\"Jefferson Sterfeno\" \/>\n<meta name=\"twitter:card\" content=\"summary_large_image\" \/>\n<meta name=\"twitter:label1\" content=\"Escrito por\" \/>\n\t<meta name=\"twitter:data1\" content=\"Jefferson Sterfeno\" \/>\n\t<meta name=\"twitter:label2\" content=\"Est. tempo de leitura\" \/>\n\t<meta name=\"twitter:data2\" content=\"2 minutos\" \/>\n<script type=\"application\/ld+json\" class=\"yoast-schema-graph\">{\"@context\":\"https:\/\/schema.org\",\"@graph\":[{\"@type\":\"Article\",\"@id\":\"https:\/\/blogdobispo.com.br\/?p=4160#article\",\"isPartOf\":{\"@id\":\"https:\/\/blogdobispo.com.br\/?p=4160\"},\"author\":{\"name\":\"Jefferson Sterfeno\",\"@id\":\"https:\/\/blogdobispo.com.br\/#\/schema\/person\/e2209cc0e6cea5c5233d033e997b373f\"},\"headline\":\"Vereador Kleber Fernandes cobra de F\u00e1tima o apoio de Lula para melhorias na sa\u00fade do RN\",\"datePublished\":\"2024-11-05T18:55:40+00:00\",\"mainEntityOfPage\":{\"@id\":\"https:\/\/blogdobispo.com.br\/?p=4160\"},\"wordCount\":363,\"commentCount\":0,\"publisher\":{\"@id\":\"https:\/\/blogdobispo.com.br\/#organization\"},\"image\":{\"@id\":\"https:\/\/blogdobispo.com.br\/?p=4160#primaryimage\"},\"thumbnailUrl\":\"https:\/\/blogdobispo.com.br\/wp-content\/uploads\/2024\/11\/331e6f73-1f68-4775-b86a-92c76d6737a2-1-1024x813.jpg\",\"articleSection\":[\"diversos\"],\"inLanguage\":\"pt-BR\",\"potentialAction\":[{\"@type\":\"CommentAction\",\"name\":\"Comment\",\"target\":[\"https:\/\/blogdobispo.com.br\/?p=4160#respond\"]}]},{\"@type\":\"WebPage\",\"@id\":\"https:\/\/blogdobispo.com.br\/?p=4160\",\"url\":\"https:\/\/blogdobispo.com.br\/?p=4160\",\"name\":\"Vereador Kleber Fernandes cobra de F\u00e1tima o apoio de Lula para melhorias na sa\u00fade do RN - Blog do Bispo\",\"isPartOf\":{\"@id\":\"https:\/\/blogdobispo.com.br\/#website\"},\"primaryImageOfPage\":{\"@id\":\"https:\/\/blogdobispo.com.br\/?p=4160#primaryimage\"},\"image\":{\"@id\":\"https:\/\/blogdobispo.com.br\/?p=4160#primaryimage\"},\"thumbnailUrl\":\"https:\/\/blogdobispo.com.br\/wp-content\/uploads\/2024\/11\/331e6f73-1f68-4775-b86a-92c76d6737a2-1-1024x813.jpg\",\"datePublished\":\"2024-11-05T18:55:40+00:00\",\"breadcrumb\":{\"@id\":\"https:\/\/blogdobispo.com.br\/?p=4160#breadcrumb\"},\"inLanguage\":\"pt-BR\",\"potentialAction\":[{\"@type\":\"ReadAction\",\"target\":[\"https:\/\/blogdobispo.com.br\/?p=4160\"]}]},{\"@type\":\"ImageObject\",\"inLanguage\":\"pt-BR\",\"@id\":\"https:\/\/blogdobispo.com.br\/?p=4160#primaryimage\",\"url\":\"https:\/\/blogdobispo.com.br\/wp-content\/uploads\/2024\/11\/331e6f73-1f68-4775-b86a-92c76d6737a2-1-1024x813.jpg\",\"contentUrl\":\"https:\/\/blogdobispo.com.br\/wp-content\/uploads\/2024\/11\/331e6f73-1f68-4775-b86a-92c76d6737a2-1-1024x813.jpg\"},{\"@type\":\"BreadcrumbList\",\"@id\":\"https:\/\/blogdobispo.com.br\/?p=4160#breadcrumb\",\"itemListElement\":[{\"@type\":\"ListItem\",\"position\":1,\"name\":\"In\u00edcio\",\"item\":\"https:\/\/blogdobispo.com.br\/\"},{\"@type\":\"ListItem\",\"position\":2,\"name\":\"Vereador Kleber Fernandes cobra de F\u00e1tima o apoio de Lula para melhorias na sa\u00fade do RN\"}]},{\"@type\":\"WebSite\",\"@id\":\"https:\/\/blogdobispo.com.br\/#website\",\"url\":\"https:\/\/blogdobispo.com.br\/\",\"name\":\"Blog do Bispo\",\"description\":\"Comprometido apenas com o leitor\",\"publisher\":{\"@id\":\"https:\/\/blogdobispo.com.br\/#organization\"},\"potentialAction\":[{\"@type\":\"SearchAction\",\"target\":{\"@type\":\"EntryPoint\",\"urlTemplate\":\"https:\/\/blogdobispo.com.br\/?s={search_term_string}\"},\"query-input\":{\"@type\":\"PropertyValueSpecification\",\"valueRequired\":true,\"valueName\":\"search_term_string\"}}],\"inLanguage\":\"pt-BR\"},{\"@type\":\"Organization\",\"@id\":\"https:\/\/blogdobispo.com.br\/#organization\",\"name\":\"Blog do Bispo\",\"url\":\"https:\/\/blogdobispo.com.br\/\",\"logo\":{\"@type\":\"ImageObject\",\"inLanguage\":\"pt-BR\",\"@id\":\"https:\/\/blogdobispo.com.br\/#\/schema\/logo\/image\/\",\"url\":\"http:\/\/blogdobispo.com.br\/wp-content\/uploads\/2023\/05\/cropped-headear.png\",\"contentUrl\":\"http:\/\/blogdobispo.com.br\/wp-content\/uploads\/2023\/05\/cropped-headear.png\",\"width\":1500,\"height\":399,\"caption\":\"Blog do Bispo\"},\"image\":{\"@id\":\"https:\/\/blogdobispo.com.br\/#\/schema\/logo\/image\/\"}},{\"@type\":\"Person\",\"@id\":\"https:\/\/blogdobispo.com.br\/#\/schema\/person\/e2209cc0e6cea5c5233d033e997b373f\",\"name\":\"Jefferson Sterfeno\",\"image\":{\"@type\":\"ImageObject\",\"inLanguage\":\"pt-BR\",\"@id\":\"https:\/\/blogdobispo.com.br\/#\/schema\/person\/image\/\",\"url\":\"https:\/\/secure.gravatar.com\/avatar\/0534e84764641168a677026b6d57a3f51dc7ac4db0b4f6186d9cb330d4ee1160?s=96&d=mm&r=g\",\"contentUrl\":\"https:\/\/secure.gravatar.com\/avatar\/0534e84764641168a677026b6d57a3f51dc7ac4db0b4f6186d9cb330d4ee1160?s=96&d=mm&r=g\",\"caption\":\"Jefferson Sterfeno\"},\"sameAs\":[\"http:\/\/blogdobispo.com.br\"],\"url\":\"https:\/\/blogdobispo.com.br\/?author=1\"}]}<\/script>\n<!-- \/ Yoast SEO plugin. -->","yoast_head_json":{"title":"Vereador Kleber Fernandes cobra de F\u00e1tima o apoio de Lula para melhorias na sa\u00fade do RN - Blog do Bispo","robots":{"index":"index","follow":"follow","max-snippet":"max-snippet:-1","max-image-preview":"max-image-preview:large","max-video-preview":"max-video-preview:-1"},"canonical":"https:\/\/blogdobispo.com.br\/?p=4160","og_locale":"pt_BR","og_type":"article","og_title":"Vereador Kleber Fernandes cobra de F\u00e1tima o apoio de Lula para melhorias na sa\u00fade do RN - Blog do Bispo","og_description":"O vereador Kleber Fernandes (Republicanos) questionou a governadora F\u00e1tima Bezerra (PT) sobre a informa\u00e7\u00e3o citada por ela e pela candidata a prefeita pelo mesmo partido, Nat\u00e1lia Bonavides, de que ambas tinham o prest\u00edgio e proximidade com o presidente Lula. O questionamento de Kleber foi feito durante a Sess\u00e3o Ordin\u00e1ria desta ter\u00e7a-feira (5), na C\u00e2mara Municipal [&hellip;]","og_url":"https:\/\/blogdobispo.com.br\/?p=4160","og_site_name":"Blog do Bispo","article_published_time":"2024-11-05T18:55:40+00:00","og_image":[{"url":"https:\/\/blogdobispo.com.br\/wp-content\/uploads\/2024\/11\/331e6f73-1f68-4775-b86a-92c76d6737a2-1-1024x813.jpg","type":"","width":"","height":""}],"author":"Jefferson Sterfeno","twitter_card":"summary_large_image","twitter_misc":{"Escrito por":"Jefferson Sterfeno","Est. tempo de leitura":"2 minutos"},"schema":{"@context":"https:\/\/schema.org","@graph":[{"@type":"Article","@id":"https:\/\/blogdobispo.com.br\/?p=4160#article","isPartOf":{"@id":"https:\/\/blogdobispo.com.br\/?p=4160"},"author":{"name":"Jefferson Sterfeno","@id":"https:\/\/blogdobispo.com.br\/#\/schema\/person\/e2209cc0e6cea5c5233d033e997b373f"},"headline":"Vereador Kleber Fernandes cobra de F\u00e1tima o apoio de Lula para melhorias na sa\u00fade do RN","datePublished":"2024-11-05T18:55:40+00:00","mainEntityOfPage":{"@id":"https:\/\/blogdobispo.com.br\/?p=4160"},"wordCount":363,"commentCount":0,"publisher":{"@id":"https:\/\/blogdobispo.com.br\/#organization"},"image":{"@id":"https:\/\/blogdobispo.com.br\/?p=4160#primaryimage"},"thumbnailUrl":"https:\/\/blogdobispo.com.br\/wp-content\/uploads\/2024\/11\/331e6f73-1f68-4775-b86a-92c76d6737a2-1-1024x813.jpg","articleSection":["diversos"],"inLanguage":"pt-BR","potentialAction":[{"@type":"CommentAction","name":"Comment","target":["https:\/\/blogdobispo.com.br\/?p=4160#respond"]}]},{"@type":"WebPage","@id":"https:\/\/blogdobispo.com.br\/?p=4160","url":"https:\/\/blogdobispo.com.br\/?p=4160","name":"Vereador Kleber Fernandes cobra de F\u00e1tima o apoio de Lula para melhorias na sa\u00fade do RN - Blog do Bispo","isPartOf":{"@id":"https:\/\/blogdobispo.com.br\/#website"},"primaryImageOfPage":{"@id":"https:\/\/blogdobispo.com.br\/?p=4160#primaryimage"},"image":{"@id":"https:\/\/blogdobispo.com.br\/?p=4160#primaryimage"},"thumbnailUrl":"https:\/\/blogdobispo.com.br\/wp-content\/uploads\/2024\/11\/331e6f73-1f68-4775-b86a-92c76d6737a2-1-1024x813.jpg","datePublished":"2024-11-05T18:55:40+00:00","breadcrumb":{"@id":"https:\/\/blogdobispo.com.br\/?p=4160#breadcrumb"},"inLanguage":"pt-BR","potentialAction":[{"@type":"ReadAction","target":["https:\/\/blogdobispo.com.br\/?p=4160"]}]},{"@type":"ImageObject","inLanguage":"pt-BR","@id":"https:\/\/blogdobispo.com.br\/?p=4160#primaryimage","url":"https:\/\/blogdobispo.com.br\/wp-content\/uploads\/2024\/11\/331e6f73-1f68-4775-b86a-92c76d6737a2-1-1024x813.jpg","contentUrl":"https:\/\/blogdobispo.com.br\/wp-content\/uploads\/2024\/11\/331e6f73-1f68-4775-b86a-92c76d6737a2-1-1024x813.jpg"},{"@type":"BreadcrumbList","@id":"https:\/\/blogdobispo.com.br\/?p=4160#breadcrumb","itemListElement":[{"@type":"ListItem","position":1,"name":"In\u00edcio","item":"https:\/\/blogdobispo.com.br\/"},{"@type":"ListItem","position":2,"name":"Vereador Kleber Fernandes cobra de F\u00e1tima o apoio de Lula para melhorias na sa\u00fade do RN"}]},{"@type":"WebSite","@id":"https:\/\/blogdobispo.com.br\/#website","url":"https:\/\/blogdobispo.com.br\/","name":"Blog do Bispo","description":"Comprometido apenas com o leitor","publisher":{"@id":"https:\/\/blogdobispo.com.br\/#organization"},"potentialAction":[{"@type":"SearchAction","target":{"@type":"EntryPoint","urlTemplate":"https:\/\/blogdobispo.com.br\/?s={search_term_string}"},"query-input":{"@type":"PropertyValueSpecification","valueRequired":true,"valueName":"search_term_string"}}],"inLanguage":"pt-BR"},{"@type":"Organization","@id":"https:\/\/blogdobispo.com.br\/#organization","name":"Blog do Bispo","url":"https:\/\/blogdobispo.com.br\/","logo":{"@type":"ImageObject","inLanguage":"pt-BR","@id":"https:\/\/blogdobispo.com.br\/#\/schema\/logo\/image\/","url":"http:\/\/blogdobispo.com.br\/wp-content\/uploads\/2023\/05\/cropped-headear.png","contentUrl":"http:\/\/blogdobispo.com.br\/wp-content\/uploads\/2023\/05\/cropped-headear.png","width":1500,"height":399,"caption":"Blog do Bispo"},"image":{"@id":"https:\/\/blogdobispo.com.br\/#\/schema\/logo\/image\/"}},{"@type":"Person","@id":"https:\/\/blogdobispo.com.br\/#\/schema\/person\/e2209cc0e6cea5c5233d033e997b373f","name":"Jefferson Sterfeno","image":{"@type":"ImageObject","inLanguage":"pt-BR","@id":"https:\/\/blogdobispo.com.br\/#\/schema\/person\/image\/","url":"https:\/\/secure.gravatar.com\/avatar\/0534e84764641168a677026b6d57a3f51dc7ac4db0b4f6186d9cb330d4ee1160?s=96&d=mm&r=g","contentUrl":"https:\/\/secure.gravatar.com\/avatar\/0534e84764641168a677026b6d57a3f51dc7ac4db0b4f6186d9cb330d4ee1160?s=96&d=mm&r=g","caption":"Jefferson Sterfeno"},"sameAs":["http:\/\/blogdobispo.com.br"],"url":"https:\/\/blogdobispo.com.br\/?author=1"}]}},"featured_image_urls":{"full":"","thumbnail":"","medium":"","medium_large":"","large":"","1536x1536":"","2048x2048":""},"author_info":{"display_name":"Jefferson Sterfeno","author_link":"https:\/\/blogdobispo.com.br\/?author=1"},"category_info":"<a href=\"https:\/\/blogdobispo.com.br\/?cat=1\" rel=\"category\">diversos<\/a>","tag_info":"diversos","comment_count":"0","jetpack_featured_media_url":"","jetpack_sharing_enabled":true,"_links":{"self":[{"href":"https:\/\/blogdobispo.com.br\/index.php?rest_route=\/wp\/v2\/posts\/4160","targetHints":{"allow":["GET"]}}],"collection":[{"href":"https:\/\/blogdobispo.com.br\/index.php?rest_route=\/wp\/v2\/posts"}],"about":[{"href":"https:\/\/blogdobispo.com.br\/index.php?rest_route=\/wp\/v2\/types\/post"}],"author":[{"embeddable":true,"href":"https:\/\/blogdobispo.com.br\/index.php?rest_route=\/wp\/v2\/users\/1"}],"replies":[{"embeddable":true,"href":"https:\/\/blogdobispo.com.br\/index.php?rest_route=%2Fwp%2Fv2%2Fcomments&post=4160"}],"version-history":[{"count":0,"href":"https:\/\/blogdobispo.com.br\/index.php?rest_route=\/wp\/v2\/posts\/4160\/revisions"}],"wp:attachment":[{"href":"https:\/\/blogdobispo.com.br\/index.php?rest_route=%2Fwp%2Fv2%2Fmedia&parent=4160"}],"wp:term":[{"taxonomy":"category","embeddable":true,"href":"https:\/\/blogdobispo.com.br\/index.php?rest_route=%2Fwp%2Fv2%2Fcategories&post=4160"},{"taxonomy":"post_tag","embeddable":true,"href":"https:\/\/blogdobispo.com.br\/index.php?rest_route=%2Fwp%2Fv2%2Ftags&post=4160"}],"curies":[{"name":"wp","href":"https:\/\/api.w.org\/{rel}","templated":true}]}}