{"id":4099,"date":"2024-10-05T00:59:22","date_gmt":"2024-10-05T00:59:22","guid":{"rendered":"https:\/\/blogdobispo.com.br\/?p=4099"},"modified":"2024-10-05T00:59:22","modified_gmt":"2024-10-05T00:59:22","slug":"naelson-borja-e-top-5-em-pesquisa","status":"publish","type":"post","link":"https:\/\/blogdobispo.com.br\/?p=4099","title":{"rendered":"Naelson Borja \u00e9 top 5 em pesquisa"},"content":{"rendered":"\n<p>Pesquisa do Instituto DataVero divulgada pela r\u00e1dio 98 FM nesta sexta-feira (04) traz os n\u00fameros atualizados da corrida para vereador de Natal nas elei\u00e7\u00f5es de 2024.<\/p>\n\n\n\n<p>Neste ano, os eleitores v\u00e3o definir 29 vagas para a C\u00e2mara Municipal de Natal.<\/p>\n\n\n\n<p>A pesquisa 98FM\/DataVero ouviu 2 mil eleitores em Natal entre 2 e 4 de outubro. A margem de erro \u00e9 de 3 pontos percentuais para mais ou menos, com intervalo de confian\u00e7a de 95%. O registro na Justi\u00e7a Eleitoral \u00e9 o RN-01397\/2024. Esta \u00e9 a 6\u00aa pesquisa dentro de uma s\u00e9rie contratada pela 98 FM junto ao instituto DataVero. As anteriores foram divulgadas em 26 de junho, 7 de agosto, 28 de agosto, 9 de setembro e 23 de setembro.<\/p>\n\n\n\n<h2 class=\"wp-block-heading\"><strong>Confira abaixo as inten\u00e7\u00f5es de voto para vereador<\/strong><\/h2>\n\n\n\n<ul class=\"wp-block-list\">\n<li>NS\/NR \u2013 21,76%<\/li>\n\n\n\n<li>Nenhum \u2013 10,06%<\/li>\n<\/ul>\n\n\n\n<ol class=\"wp-block-list\">\n<li>\u00c9riko J\u00e1come \u2013 2,90%<\/li>\n\n\n\n<li>Herberth Sena \u2013 2,35%<\/li>\n\n\n\n<li>Robson Carvalho \u2013 1,90%<\/li>\n\n\n\n<li>Irapo\u00e3 \u2013 1,60%<\/li>\n\n\n\n<li>Naelson Borja \u2013 1,40%<\/li>\n\n\n\n<li>T\u00e9rcio Tin\u00f4co \u2013 1,30%<\/li>\n\n\n\n<li>Daniel Valen\u00e7a \u2013 1,25%<\/li>\n\n\n\n<li>Luciano Nascimento \u2013 1,25%<\/li>\n\n\n\n<li>Aroldo Alves \u2013 1,20%<\/li>\n\n\n\n<li>Nina Souza \u2013 1,20%<\/li>\n\n\n\n<li>Jo\u00e3o Batista Torres \u2013 1,15%<\/li>\n\n\n\n<li>Aldo Clemente \u2013 1,05%<\/li>\n\n\n\n<li>L\u00e9o Souza \u2013 1,05%<\/li>\n\n\n\n<li>Pedro Henrique \u2013 1,05%<\/li>\n\n\n\n<li>Vereador Peixoto \u2013 1,05%<\/li>\n\n\n\n<li>Camila Ara\u00fajo \u2013 1,00%<\/li>\n\n\n\n<li>Preto Aquino \u2013 1,00%<\/li>\n\n\n\n<li>J\u00falia Arruda \u2013 0,95%<\/li>\n\n\n\n<li>Claudio Arruda \u2013 0,90%<\/li>\n\n\n\n<li>M\u00e1rcio Gomes \u2013 0,90%<\/li>\n\n\n\n<li>Nivaldo Bacurau \u2013 0,85%<\/li>\n\n\n\n<li>Thabatta Pimenta \u2013 0,85%<\/li>\n\n\n\n<li>Cleiton da Policl\u00ednica \u2013 0,80%<\/li>\n\n\n\n<li>Daniell Rendall \u2013 0,80%<\/li>\n\n\n\n<li>Kleber Fernandes \u2013 0,80%<\/li>\n\n\n\n<li>Tarc\u00edo de Eudiane \u2013 0,75%<\/li>\n\n\n\n<li>Adriana de Quebra Osso \u2013 0,75%<\/li>\n\n\n\n<li>Brisa \u2013 0,75%<\/li>\n\n\n\n<li>Chagas Catarino \u2013 0,75%<\/li>\n\n\n\n<li>Hermes C\u00e2mara \u2013 0,75%<\/li>\n\n\n\n<li>Raniere Barbosa \u2013 0,75%<\/li>\n\n\n\n<li>Albany Dutra \u2013 0,70%<\/li>\n\n\n\n<li>Anne Lagartixa \u2013 0,70%<\/li>\n\n\n\n<li>Felipe Alves \u2013 0,65%<\/li>\n\n\n\n<li>Samanda \u2013 0,65%<\/li>\n\n\n\n<li>Albert Dickson Oftalmologista \u2013 0,60%<\/li>\n\n\n\n<li>Klaus Ara\u00fajo \u2013 0,55%<\/li>\n\n\n\n<li>Erminio Felix \u2013 0,50%<\/li>\n\n\n\n<li>Max Serr\u00e3o \u2013 0,50%<\/li>\n\n\n\n<li>Edivan Enfermeiro \u2013 0,45%<\/li>\n\n\n\n<li>Raimundo Jorge \u2013 0,45%<\/li>\n\n\n\n<li>C\u00edcero Martins \u2013 0,40%<\/li>\n\n\n\n<li>Daniel Santiago \u2013 0,40%<\/li>\n\n\n\n<li>Eribaldo Medeiros \u2013 0,40%<\/li>\n\n\n\n<li>Subtenente Eliabe \u2013 0,40%<\/li>\n\n\n\n<li>Tony Henrique \u2013 0,40%<\/li>\n\n\n\n<li>Adrylla Fernandes \u2013 0,35%<\/li>\n\n\n\n<li>Aline Juliete \u2013 0,35%<\/li>\n\n\n\n<li>Brechinha da Padaria \u2013 0,35%<\/li>\n\n\n\n<li>Dr. Milano M\u00e1ximo \u2013 0,35%<\/li>\n\n\n\n<li>Dr. Samir Aquino \u2013 0,35%<\/li>\n\n\n\n<li>F\u00falvio \u2013 0,35%<\/li>\n\n\n\n<li>J\u00falio Prot\u00e1sio \u2013 0,35%<\/li>\n\n\n\n<li>Ney Robson \u2013 0,35%<\/li>\n\n\n\n<li>Professor Carlos Silvestre \u2013 0,35%<\/li>\n\n\n\n<li>Professor Rob\u00e9rio Paulino \u2013 0,35%<\/li>\n\n\n\n<li>Sonia do Nova Natal \u2013 0,35%<\/li>\n\n\n\n<li>Cesar de Ad\u00e3o Eridan \u2013 0,30%<\/li>\n\n\n\n<li>Doutor Geraldo Pinho \u2013 0,25%<\/li>\n\n\n\n<li>Fernanda Filgueira \u2013 0,25%<\/li>\n\n\n\n<li>Gal do Guarapes \u2013 0,25%<\/li>\n\n\n\n<li>Margarete R\u00e9gia \u2013 0,25%<\/li>\n\n\n\n<li>Matheus Faustino \u2013 0,25%<\/li>\n\n\n\n<li>Paulinho Pessoa \u2013 0,25%<\/li>\n\n\n\n<li>Pequeno Sempre Presente \u2013 0,25%<\/li>\n\n\n\n<li>Sebasti\u00e3o \u2013 0,25%<\/li>\n\n\n\n<li>TT Modas \u2013 0,25%<\/li>\n\n\n\n<li>Ubirajara Barros \u2013 0,25%<\/li>\n\n\n\n<li>Vilma Batista \u2013 0,25%<\/li>\n<\/ol>\n\n\n\n<figure class=\"wp-block-image size-large\"><img data-recalc-dims=\"1\" fetchpriority=\"high\" decoding=\"async\" width=\"800\" height=\"532\" src=\"https:\/\/i0.wp.com\/blogdobispo.com.br\/wp-content\/uploads\/2024\/10\/983ccb82-0e54-489e-b3f2-3eabb931402f-1-1024x681.jpg?resize=800%2C532&#038;ssl=1\" class=\"wp-image-4098\" srcset=\"https:\/\/i0.wp.com\/blogdobispo.com.br\/wp-content\/uploads\/2024\/10\/983ccb82-0e54-489e-b3f2-3eabb931402f-1.jpg?resize=1024%2C681&amp;ssl=1 1024w, https:\/\/i0.wp.com\/blogdobispo.com.br\/wp-content\/uploads\/2024\/10\/983ccb82-0e54-489e-b3f2-3eabb931402f-1.jpg?resize=300%2C200&amp;ssl=1 300w, https:\/\/i0.wp.com\/blogdobispo.com.br\/wp-content\/uploads\/2024\/10\/983ccb82-0e54-489e-b3f2-3eabb931402f-1.jpg?resize=768%2C511&amp;ssl=1 768w, https:\/\/i0.wp.com\/blogdobispo.com.br\/wp-content\/uploads\/2024\/10\/983ccb82-0e54-489e-b3f2-3eabb931402f-1.jpg?w=1512&amp;ssl=1 1512w\" sizes=\"(max-width: 800px) 100vw, 800px\" \/><\/figure>\n","protected":false},"excerpt":{"rendered":"<p>Pesquisa do Instituto DataVero divulgada pela r\u00e1dio 98 FM nesta sexta-feira (04) traz os n\u00fameros atualizados da corrida para vereador de Natal nas elei\u00e7\u00f5es de 2024. Neste ano, os eleitores v\u00e3o definir 29 vagas para a C\u00e2mara Municipal de Natal. A pesquisa 98FM\/DataVero ouviu 2 mil eleitores em Natal entre 2 e 4 de outubro. [&hellip;]<\/p>\n","protected":false},"author":1,"featured_media":0,"comment_status":"open","ping_status":"open","sticky":false,"template":"","format":"standard","meta":{"cybocfi_hide_featured_image":"","_jetpack_memberships_contains_paid_content":false,"footnotes":""},"categories":[1],"tags":[],"class_list":["post-4099","post","type-post","status-publish","format-standard","hentry","category-diversos"],"yoast_head":"<!-- This site is optimized with the Yoast SEO plugin v25.6 - https:\/\/yoast.com\/wordpress\/plugins\/seo\/ -->\n<title>Naelson Borja \u00e9 top 5 em pesquisa - Blog do Bispo<\/title>\n<meta name=\"robots\" content=\"index, follow, max-snippet:-1, max-image-preview:large, max-video-preview:-1\" \/>\n<link rel=\"canonical\" href=\"https:\/\/blogdobispo.com.br\/?p=4099\" \/>\n<meta property=\"og:locale\" content=\"pt_BR\" \/>\n<meta property=\"og:type\" content=\"article\" \/>\n<meta property=\"og:title\" content=\"Naelson Borja \u00e9 top 5 em pesquisa - Blog do Bispo\" \/>\n<meta property=\"og:description\" content=\"Pesquisa do Instituto DataVero divulgada pela r\u00e1dio 98 FM nesta sexta-feira (04) traz os n\u00fameros atualizados da corrida para vereador de Natal nas elei\u00e7\u00f5es de 2024. Neste ano, os eleitores v\u00e3o definir 29 vagas para a C\u00e2mara Municipal de Natal. A pesquisa 98FM\/DataVero ouviu 2 mil eleitores em Natal entre 2 e 4 de outubro. [&hellip;]\" \/>\n<meta property=\"og:url\" content=\"https:\/\/blogdobispo.com.br\/?p=4099\" \/>\n<meta property=\"og:site_name\" content=\"Blog do Bispo\" \/>\n<meta property=\"article:published_time\" content=\"2024-10-05T00:59:22+00:00\" \/>\n<meta property=\"og:image\" content=\"https:\/\/blogdobispo.com.br\/wp-content\/uploads\/2024\/10\/983ccb82-0e54-489e-b3f2-3eabb931402f-1-1024x681.jpg\" \/>\n<meta name=\"author\" content=\"Jefferson Sterfeno\" \/>\n<meta name=\"twitter:card\" content=\"summary_large_image\" \/>\n<meta name=\"twitter:label1\" content=\"Escrito por\" \/>\n\t<meta name=\"twitter:data1\" content=\"Jefferson Sterfeno\" \/>\n\t<meta name=\"twitter:label2\" content=\"Est. tempo de leitura\" \/>\n\t<meta name=\"twitter:data2\" content=\"1 minuto\" \/>\n<script type=\"application\/ld+json\" class=\"yoast-schema-graph\">{\"@context\":\"https:\/\/schema.org\",\"@graph\":[{\"@type\":\"Article\",\"@id\":\"https:\/\/blogdobispo.com.br\/?p=4099#article\",\"isPartOf\":{\"@id\":\"https:\/\/blogdobispo.com.br\/?p=4099\"},\"author\":{\"name\":\"Jefferson Sterfeno\",\"@id\":\"https:\/\/blogdobispo.com.br\/#\/schema\/person\/e2209cc0e6cea5c5233d033e997b373f\"},\"headline\":\"Naelson Borja \u00e9 top 5 em pesquisa\",\"datePublished\":\"2024-10-05T00:59:22+00:00\",\"mainEntityOfPage\":{\"@id\":\"https:\/\/blogdobispo.com.br\/?p=4099\"},\"wordCount\":301,\"commentCount\":0,\"publisher\":{\"@id\":\"https:\/\/blogdobispo.com.br\/#organization\"},\"image\":{\"@id\":\"https:\/\/blogdobispo.com.br\/?p=4099#primaryimage\"},\"thumbnailUrl\":\"https:\/\/blogdobispo.com.br\/wp-content\/uploads\/2024\/10\/983ccb82-0e54-489e-b3f2-3eabb931402f-1-1024x681.jpg\",\"articleSection\":[\"diversos\"],\"inLanguage\":\"pt-BR\",\"potentialAction\":[{\"@type\":\"CommentAction\",\"name\":\"Comment\",\"target\":[\"https:\/\/blogdobispo.com.br\/?p=4099#respond\"]}]},{\"@type\":\"WebPage\",\"@id\":\"https:\/\/blogdobispo.com.br\/?p=4099\",\"url\":\"https:\/\/blogdobispo.com.br\/?p=4099\",\"name\":\"Naelson Borja \u00e9 top 5 em pesquisa - Blog do Bispo\",\"isPartOf\":{\"@id\":\"https:\/\/blogdobispo.com.br\/#website\"},\"primaryImageOfPage\":{\"@id\":\"https:\/\/blogdobispo.com.br\/?p=4099#primaryimage\"},\"image\":{\"@id\":\"https:\/\/blogdobispo.com.br\/?p=4099#primaryimage\"},\"thumbnailUrl\":\"https:\/\/blogdobispo.com.br\/wp-content\/uploads\/2024\/10\/983ccb82-0e54-489e-b3f2-3eabb931402f-1-1024x681.jpg\",\"datePublished\":\"2024-10-05T00:59:22+00:00\",\"breadcrumb\":{\"@id\":\"https:\/\/blogdobispo.com.br\/?p=4099#breadcrumb\"},\"inLanguage\":\"pt-BR\",\"potentialAction\":[{\"@type\":\"ReadAction\",\"target\":[\"https:\/\/blogdobispo.com.br\/?p=4099\"]}]},{\"@type\":\"ImageObject\",\"inLanguage\":\"pt-BR\",\"@id\":\"https:\/\/blogdobispo.com.br\/?p=4099#primaryimage\",\"url\":\"https:\/\/blogdobispo.com.br\/wp-content\/uploads\/2024\/10\/983ccb82-0e54-489e-b3f2-3eabb931402f-1-1024x681.jpg\",\"contentUrl\":\"https:\/\/blogdobispo.com.br\/wp-content\/uploads\/2024\/10\/983ccb82-0e54-489e-b3f2-3eabb931402f-1-1024x681.jpg\"},{\"@type\":\"BreadcrumbList\",\"@id\":\"https:\/\/blogdobispo.com.br\/?p=4099#breadcrumb\",\"itemListElement\":[{\"@type\":\"ListItem\",\"position\":1,\"name\":\"In\u00edcio\",\"item\":\"https:\/\/blogdobispo.com.br\/\"},{\"@type\":\"ListItem\",\"position\":2,\"name\":\"Naelson Borja \u00e9 top 5 em pesquisa\"}]},{\"@type\":\"WebSite\",\"@id\":\"https:\/\/blogdobispo.com.br\/#website\",\"url\":\"https:\/\/blogdobispo.com.br\/\",\"name\":\"Blog do Bispo\",\"description\":\"Comprometido apenas com o leitor\",\"publisher\":{\"@id\":\"https:\/\/blogdobispo.com.br\/#organization\"},\"potentialAction\":[{\"@type\":\"SearchAction\",\"target\":{\"@type\":\"EntryPoint\",\"urlTemplate\":\"https:\/\/blogdobispo.com.br\/?s={search_term_string}\"},\"query-input\":{\"@type\":\"PropertyValueSpecification\",\"valueRequired\":true,\"valueName\":\"search_term_string\"}}],\"inLanguage\":\"pt-BR\"},{\"@type\":\"Organization\",\"@id\":\"https:\/\/blogdobispo.com.br\/#organization\",\"name\":\"Blog do Bispo\",\"url\":\"https:\/\/blogdobispo.com.br\/\",\"logo\":{\"@type\":\"ImageObject\",\"inLanguage\":\"pt-BR\",\"@id\":\"https:\/\/blogdobispo.com.br\/#\/schema\/logo\/image\/\",\"url\":\"http:\/\/blogdobispo.com.br\/wp-content\/uploads\/2023\/05\/cropped-headear.png\",\"contentUrl\":\"http:\/\/blogdobispo.com.br\/wp-content\/uploads\/2023\/05\/cropped-headear.png\",\"width\":1500,\"height\":399,\"caption\":\"Blog do Bispo\"},\"image\":{\"@id\":\"https:\/\/blogdobispo.com.br\/#\/schema\/logo\/image\/\"}},{\"@type\":\"Person\",\"@id\":\"https:\/\/blogdobispo.com.br\/#\/schema\/person\/e2209cc0e6cea5c5233d033e997b373f\",\"name\":\"Jefferson Sterfeno\",\"image\":{\"@type\":\"ImageObject\",\"inLanguage\":\"pt-BR\",\"@id\":\"https:\/\/blogdobispo.com.br\/#\/schema\/person\/image\/\",\"url\":\"https:\/\/secure.gravatar.com\/avatar\/0534e84764641168a677026b6d57a3f51dc7ac4db0b4f6186d9cb330d4ee1160?s=96&d=mm&r=g\",\"contentUrl\":\"https:\/\/secure.gravatar.com\/avatar\/0534e84764641168a677026b6d57a3f51dc7ac4db0b4f6186d9cb330d4ee1160?s=96&d=mm&r=g\",\"caption\":\"Jefferson Sterfeno\"},\"sameAs\":[\"http:\/\/blogdobispo.com.br\"],\"url\":\"https:\/\/blogdobispo.com.br\/?author=1\"}]}<\/script>\n<!-- \/ Yoast SEO plugin. -->","yoast_head_json":{"title":"Naelson Borja \u00e9 top 5 em pesquisa - Blog do Bispo","robots":{"index":"index","follow":"follow","max-snippet":"max-snippet:-1","max-image-preview":"max-image-preview:large","max-video-preview":"max-video-preview:-1"},"canonical":"https:\/\/blogdobispo.com.br\/?p=4099","og_locale":"pt_BR","og_type":"article","og_title":"Naelson Borja \u00e9 top 5 em pesquisa - Blog do Bispo","og_description":"Pesquisa do Instituto DataVero divulgada pela r\u00e1dio 98 FM nesta sexta-feira (04) traz os n\u00fameros atualizados da corrida para vereador de Natal nas elei\u00e7\u00f5es de 2024. Neste ano, os eleitores v\u00e3o definir 29 vagas para a C\u00e2mara Municipal de Natal. A pesquisa 98FM\/DataVero ouviu 2 mil eleitores em Natal entre 2 e 4 de outubro. [&hellip;]","og_url":"https:\/\/blogdobispo.com.br\/?p=4099","og_site_name":"Blog do Bispo","article_published_time":"2024-10-05T00:59:22+00:00","og_image":[{"url":"https:\/\/blogdobispo.com.br\/wp-content\/uploads\/2024\/10\/983ccb82-0e54-489e-b3f2-3eabb931402f-1-1024x681.jpg","type":"","width":"","height":""}],"author":"Jefferson Sterfeno","twitter_card":"summary_large_image","twitter_misc":{"Escrito por":"Jefferson Sterfeno","Est. tempo de leitura":"1 minuto"},"schema":{"@context":"https:\/\/schema.org","@graph":[{"@type":"Article","@id":"https:\/\/blogdobispo.com.br\/?p=4099#article","isPartOf":{"@id":"https:\/\/blogdobispo.com.br\/?p=4099"},"author":{"name":"Jefferson Sterfeno","@id":"https:\/\/blogdobispo.com.br\/#\/schema\/person\/e2209cc0e6cea5c5233d033e997b373f"},"headline":"Naelson Borja \u00e9 top 5 em pesquisa","datePublished":"2024-10-05T00:59:22+00:00","mainEntityOfPage":{"@id":"https:\/\/blogdobispo.com.br\/?p=4099"},"wordCount":301,"commentCount":0,"publisher":{"@id":"https:\/\/blogdobispo.com.br\/#organization"},"image":{"@id":"https:\/\/blogdobispo.com.br\/?p=4099#primaryimage"},"thumbnailUrl":"https:\/\/blogdobispo.com.br\/wp-content\/uploads\/2024\/10\/983ccb82-0e54-489e-b3f2-3eabb931402f-1-1024x681.jpg","articleSection":["diversos"],"inLanguage":"pt-BR","potentialAction":[{"@type":"CommentAction","name":"Comment","target":["https:\/\/blogdobispo.com.br\/?p=4099#respond"]}]},{"@type":"WebPage","@id":"https:\/\/blogdobispo.com.br\/?p=4099","url":"https:\/\/blogdobispo.com.br\/?p=4099","name":"Naelson Borja \u00e9 top 5 em pesquisa - Blog do Bispo","isPartOf":{"@id":"https:\/\/blogdobispo.com.br\/#website"},"primaryImageOfPage":{"@id":"https:\/\/blogdobispo.com.br\/?p=4099#primaryimage"},"image":{"@id":"https:\/\/blogdobispo.com.br\/?p=4099#primaryimage"},"thumbnailUrl":"https:\/\/blogdobispo.com.br\/wp-content\/uploads\/2024\/10\/983ccb82-0e54-489e-b3f2-3eabb931402f-1-1024x681.jpg","datePublished":"2024-10-05T00:59:22+00:00","breadcrumb":{"@id":"https:\/\/blogdobispo.com.br\/?p=4099#breadcrumb"},"inLanguage":"pt-BR","potentialAction":[{"@type":"ReadAction","target":["https:\/\/blogdobispo.com.br\/?p=4099"]}]},{"@type":"ImageObject","inLanguage":"pt-BR","@id":"https:\/\/blogdobispo.com.br\/?p=4099#primaryimage","url":"https:\/\/blogdobispo.com.br\/wp-content\/uploads\/2024\/10\/983ccb82-0e54-489e-b3f2-3eabb931402f-1-1024x681.jpg","contentUrl":"https:\/\/blogdobispo.com.br\/wp-content\/uploads\/2024\/10\/983ccb82-0e54-489e-b3f2-3eabb931402f-1-1024x681.jpg"},{"@type":"BreadcrumbList","@id":"https:\/\/blogdobispo.com.br\/?p=4099#breadcrumb","itemListElement":[{"@type":"ListItem","position":1,"name":"In\u00edcio","item":"https:\/\/blogdobispo.com.br\/"},{"@type":"ListItem","position":2,"name":"Naelson Borja \u00e9 top 5 em pesquisa"}]},{"@type":"WebSite","@id":"https:\/\/blogdobispo.com.br\/#website","url":"https:\/\/blogdobispo.com.br\/","name":"Blog do Bispo","description":"Comprometido apenas com o leitor","publisher":{"@id":"https:\/\/blogdobispo.com.br\/#organization"},"potentialAction":[{"@type":"SearchAction","target":{"@type":"EntryPoint","urlTemplate":"https:\/\/blogdobispo.com.br\/?s={search_term_string}"},"query-input":{"@type":"PropertyValueSpecification","valueRequired":true,"valueName":"search_term_string"}}],"inLanguage":"pt-BR"},{"@type":"Organization","@id":"https:\/\/blogdobispo.com.br\/#organization","name":"Blog do Bispo","url":"https:\/\/blogdobispo.com.br\/","logo":{"@type":"ImageObject","inLanguage":"pt-BR","@id":"https:\/\/blogdobispo.com.br\/#\/schema\/logo\/image\/","url":"http:\/\/blogdobispo.com.br\/wp-content\/uploads\/2023\/05\/cropped-headear.png","contentUrl":"http:\/\/blogdobispo.com.br\/wp-content\/uploads\/2023\/05\/cropped-headear.png","width":1500,"height":399,"caption":"Blog do Bispo"},"image":{"@id":"https:\/\/blogdobispo.com.br\/#\/schema\/logo\/image\/"}},{"@type":"Person","@id":"https:\/\/blogdobispo.com.br\/#\/schema\/person\/e2209cc0e6cea5c5233d033e997b373f","name":"Jefferson Sterfeno","image":{"@type":"ImageObject","inLanguage":"pt-BR","@id":"https:\/\/blogdobispo.com.br\/#\/schema\/person\/image\/","url":"https:\/\/secure.gravatar.com\/avatar\/0534e84764641168a677026b6d57a3f51dc7ac4db0b4f6186d9cb330d4ee1160?s=96&d=mm&r=g","contentUrl":"https:\/\/secure.gravatar.com\/avatar\/0534e84764641168a677026b6d57a3f51dc7ac4db0b4f6186d9cb330d4ee1160?s=96&d=mm&r=g","caption":"Jefferson Sterfeno"},"sameAs":["http:\/\/blogdobispo.com.br"],"url":"https:\/\/blogdobispo.com.br\/?author=1"}]}},"featured_image_urls":{"full":"","thumbnail":"","medium":"","medium_large":"","large":"","1536x1536":"","2048x2048":""},"author_info":{"display_name":"Jefferson Sterfeno","author_link":"https:\/\/blogdobispo.com.br\/?author=1"},"category_info":"<a href=\"https:\/\/blogdobispo.com.br\/?cat=1\" rel=\"category\">diversos<\/a>","tag_info":"diversos","comment_count":"0","jetpack_featured_media_url":"","jetpack_sharing_enabled":true,"_links":{"self":[{"href":"https:\/\/blogdobispo.com.br\/index.php?rest_route=\/wp\/v2\/posts\/4099","targetHints":{"allow":["GET"]}}],"collection":[{"href":"https:\/\/blogdobispo.com.br\/index.php?rest_route=\/wp\/v2\/posts"}],"about":[{"href":"https:\/\/blogdobispo.com.br\/index.php?rest_route=\/wp\/v2\/types\/post"}],"author":[{"embeddable":true,"href":"https:\/\/blogdobispo.com.br\/index.php?rest_route=\/wp\/v2\/users\/1"}],"replies":[{"embeddable":true,"href":"https:\/\/blogdobispo.com.br\/index.php?rest_route=%2Fwp%2Fv2%2Fcomments&post=4099"}],"version-history":[{"count":0,"href":"https:\/\/blogdobispo.com.br\/index.php?rest_route=\/wp\/v2\/posts\/4099\/revisions"}],"wp:attachment":[{"href":"https:\/\/blogdobispo.com.br\/index.php?rest_route=%2Fwp%2Fv2%2Fmedia&parent=4099"}],"wp:term":[{"taxonomy":"category","embeddable":true,"href":"https:\/\/blogdobispo.com.br\/index.php?rest_route=%2Fwp%2Fv2%2Fcategories&post=4099"},{"taxonomy":"post_tag","embeddable":true,"href":"https:\/\/blogdobispo.com.br\/index.php?rest_route=%2Fwp%2Fv2%2Ftags&post=4099"}],"curies":[{"name":"wp","href":"https:\/\/api.w.org\/{rel}","templated":true}]}}