{"id":4078,"date":"2024-09-30T17:27:41","date_gmt":"2024-09-30T17:27:41","guid":{"rendered":"https:\/\/blogdobispo.com.br\/?p=4078"},"modified":"2024-09-30T17:27:41","modified_gmt":"2024-09-30T17:27:41","slug":"nossa-luta-vai-dos-direitos-mais-basicos-a-inclusao-completa-das-pessoas-com-deficiencia-inclusive-nos-espacos-de-lazer-diz-vereador-tercio-tinoco","status":"publish","type":"post","link":"https:\/\/blogdobispo.com.br\/?p=4078","title":{"rendered":"\u201cNossa luta vai dos direitos mais b\u00e1sicos \u00e0 inclus\u00e3o completa das pessoas com defici\u00eancia, inclusive nos espa\u00e7os de lazer\u201d, diz vereador T\u00e9rcio Tinoco"},"content":{"rendered":"\n<figure class=\"wp-block-image size-large\"><img data-recalc-dims=\"1\" fetchpriority=\"high\" decoding=\"async\" width=\"800\" height=\"1000\" src=\"https:\/\/i0.wp.com\/blogdobispo.com.br\/wp-content\/uploads\/2024\/09\/dbe9f914-2912-49d8-808b-dfc611ed2d7e-1-819x1024.jpg?resize=800%2C1000&#038;ssl=1\" class=\"wp-image-4077\" srcset=\"https:\/\/i0.wp.com\/blogdobispo.com.br\/wp-content\/uploads\/2024\/09\/dbe9f914-2912-49d8-808b-dfc611ed2d7e-1.jpg?resize=819%2C1024&amp;ssl=1 819w, https:\/\/i0.wp.com\/blogdobispo.com.br\/wp-content\/uploads\/2024\/09\/dbe9f914-2912-49d8-808b-dfc611ed2d7e-1.jpg?resize=240%2C300&amp;ssl=1 240w, https:\/\/i0.wp.com\/blogdobispo.com.br\/wp-content\/uploads\/2024\/09\/dbe9f914-2912-49d8-808b-dfc611ed2d7e-1.jpg?resize=768%2C960&amp;ssl=1 768w, https:\/\/i0.wp.com\/blogdobispo.com.br\/wp-content\/uploads\/2024\/09\/dbe9f914-2912-49d8-808b-dfc611ed2d7e-1.jpg?w=947&amp;ssl=1 947w\" sizes=\"(max-width: 800px) 100vw, 800px\" \/><\/figure>\n\n\n\n<p><\/p>\n\n\n\n<p><em>Vereador garantiu \u00e1reas exclusivas PCD em eventos culturais e quer amplia\u00e7\u00e3o em novo mandato<\/em><\/p>\n\n\n\n<p>Nos \u00faltimos quatro anos, com a chegada do vereador T\u00e9rcio Tinoco \u00e0 C\u00e2mara de Natal, a pauta das pessoas com defici\u00eancia ganhou visibilidade na capital potiguar, e teve v\u00e1rias conquistas. \u201cAprovamos projetos de lei importantes nas \u00e1reas da educa\u00e7\u00e3o, especialmente para os autistas. Destinamos emendas para a \u00e1rea da sa\u00fade, levamos acessibilidade a v\u00e1rios pontos da cidade. Educa\u00e7\u00e3o, sa\u00fade, mobilidade s\u00e3o direitos b\u00e1sicos, e a gente quer ir al\u00e9m. Lazer tamb\u00e9m \u00e9 um direito, e at\u00e9 uma necessidade\u201d, diz o vereador.<\/p>\n\n\n\n<p>Pela primeira vez na hist\u00f3ria, em 2023, os eventos de cultura e lazer promovidos pela Prefeitura de Natal tiveram uma \u00e1rea exclusiva para pessoas com defici\u00eancia, a pedido do vereador T\u00e9rcio Tinoco, que \u00e9 cadeirante, e conhece as dificuldades que enfrenta j\u00e1 ao sair de casa. \u201cA falta de acessibilidade, em muitos casos, faz com que as pessoas com defici\u00eancia desistam de sair para atividades b\u00e1sicas, imagine para um momento de lazer. Ter esse espa\u00e7o para n\u00f3s, com conforto e seguran\u00e7a, tirou muito PCD de casa\u201d, celebrou T\u00e9rcio.<\/p>\n\n\n\n<p>Os espa\u00e7os est\u00e3o previstos na Lei Brasileira de Inclus\u00e3o, e T\u00e9rcio quer ampliar no segundo mandato. \u201cA LBI n\u00e3o vale apenas para espa\u00e7os p\u00fablicos. A pessoa com defici\u00eancia tem o direito ao lazer e vamos continuar lutando para que as \u00e1reas exclusivas PCD estejam em todos os eventos, p\u00fablicos ou privados\u201d, garante o vereador.<\/p>\n","protected":false},"excerpt":{"rendered":"<p>Vereador garantiu \u00e1reas exclusivas PCD em eventos culturais e quer amplia\u00e7\u00e3o em novo mandato Nos \u00faltimos quatro anos, com a chegada do vereador T\u00e9rcio Tinoco \u00e0 C\u00e2mara de Natal, a pauta das pessoas com defici\u00eancia ganhou visibilidade na capital potiguar, e teve v\u00e1rias conquistas. \u201cAprovamos projetos de lei importantes nas \u00e1reas da educa\u00e7\u00e3o, especialmente para [&hellip;]<\/p>\n","protected":false},"author":1,"featured_media":0,"comment_status":"open","ping_status":"open","sticky":false,"template":"","format":"standard","meta":{"cybocfi_hide_featured_image":"","_jetpack_memberships_contains_paid_content":false,"footnotes":""},"categories":[1],"tags":[],"class_list":["post-4078","post","type-post","status-publish","format-standard","hentry","category-diversos"],"yoast_head":"<!-- This site is optimized with the Yoast SEO plugin v25.6 - https:\/\/yoast.com\/wordpress\/plugins\/seo\/ -->\n<title>\u201cNossa luta vai dos direitos mais b\u00e1sicos \u00e0 inclus\u00e3o completa das pessoas com defici\u00eancia, inclusive nos espa\u00e7os de lazer\u201d, diz vereador T\u00e9rcio Tinoco - Blog do Bispo<\/title>\n<meta name=\"robots\" content=\"index, follow, max-snippet:-1, max-image-preview:large, max-video-preview:-1\" \/>\n<link rel=\"canonical\" href=\"https:\/\/blogdobispo.com.br\/?p=4078\" \/>\n<meta property=\"og:locale\" content=\"pt_BR\" \/>\n<meta property=\"og:type\" content=\"article\" \/>\n<meta property=\"og:title\" content=\"\u201cNossa luta vai dos direitos mais b\u00e1sicos \u00e0 inclus\u00e3o completa das pessoas com defici\u00eancia, inclusive nos espa\u00e7os de lazer\u201d, diz vereador T\u00e9rcio Tinoco - Blog do Bispo\" \/>\n<meta property=\"og:description\" content=\"Vereador garantiu \u00e1reas exclusivas PCD em eventos culturais e quer amplia\u00e7\u00e3o em novo mandato Nos \u00faltimos quatro anos, com a chegada do vereador T\u00e9rcio Tinoco \u00e0 C\u00e2mara de Natal, a pauta das pessoas com defici\u00eancia ganhou visibilidade na capital potiguar, e teve v\u00e1rias conquistas. \u201cAprovamos projetos de lei importantes nas \u00e1reas da educa\u00e7\u00e3o, especialmente para [&hellip;]\" \/>\n<meta property=\"og:url\" content=\"https:\/\/blogdobispo.com.br\/?p=4078\" \/>\n<meta property=\"og:site_name\" content=\"Blog do Bispo\" \/>\n<meta property=\"article:published_time\" content=\"2024-09-30T17:27:41+00:00\" \/>\n<meta property=\"og:image\" content=\"https:\/\/blogdobispo.com.br\/wp-content\/uploads\/2024\/09\/dbe9f914-2912-49d8-808b-dfc611ed2d7e-1-819x1024.jpg\" \/>\n<meta name=\"author\" content=\"Jefferson Sterfeno\" \/>\n<meta name=\"twitter:card\" content=\"summary_large_image\" \/>\n<meta name=\"twitter:label1\" content=\"Escrito por\" \/>\n\t<meta name=\"twitter:data1\" content=\"Jefferson Sterfeno\" \/>\n\t<meta name=\"twitter:label2\" content=\"Est. tempo de leitura\" \/>\n\t<meta name=\"twitter:data2\" content=\"1 minuto\" \/>\n<script type=\"application\/ld+json\" class=\"yoast-schema-graph\">{\"@context\":\"https:\/\/schema.org\",\"@graph\":[{\"@type\":\"Article\",\"@id\":\"https:\/\/blogdobispo.com.br\/?p=4078#article\",\"isPartOf\":{\"@id\":\"https:\/\/blogdobispo.com.br\/?p=4078\"},\"author\":{\"name\":\"Jefferson Sterfeno\",\"@id\":\"https:\/\/blogdobispo.com.br\/#\/schema\/person\/e2209cc0e6cea5c5233d033e997b373f\"},\"headline\":\"\u201cNossa luta vai dos direitos mais b\u00e1sicos \u00e0 inclus\u00e3o completa das pessoas com defici\u00eancia, inclusive nos espa\u00e7os de lazer\u201d, diz vereador T\u00e9rcio Tinoco\",\"datePublished\":\"2024-09-30T17:27:41+00:00\",\"mainEntityOfPage\":{\"@id\":\"https:\/\/blogdobispo.com.br\/?p=4078\"},\"wordCount\":292,\"commentCount\":0,\"publisher\":{\"@id\":\"https:\/\/blogdobispo.com.br\/#organization\"},\"image\":{\"@id\":\"https:\/\/blogdobispo.com.br\/?p=4078#primaryimage\"},\"thumbnailUrl\":\"https:\/\/blogdobispo.com.br\/wp-content\/uploads\/2024\/09\/dbe9f914-2912-49d8-808b-dfc611ed2d7e-1-819x1024.jpg\",\"articleSection\":[\"diversos\"],\"inLanguage\":\"pt-BR\",\"potentialAction\":[{\"@type\":\"CommentAction\",\"name\":\"Comment\",\"target\":[\"https:\/\/blogdobispo.com.br\/?p=4078#respond\"]}]},{\"@type\":\"WebPage\",\"@id\":\"https:\/\/blogdobispo.com.br\/?p=4078\",\"url\":\"https:\/\/blogdobispo.com.br\/?p=4078\",\"name\":\"\u201cNossa luta vai dos direitos mais b\u00e1sicos \u00e0 inclus\u00e3o completa das pessoas com defici\u00eancia, inclusive nos espa\u00e7os de lazer\u201d, diz vereador T\u00e9rcio Tinoco - Blog do Bispo\",\"isPartOf\":{\"@id\":\"https:\/\/blogdobispo.com.br\/#website\"},\"primaryImageOfPage\":{\"@id\":\"https:\/\/blogdobispo.com.br\/?p=4078#primaryimage\"},\"image\":{\"@id\":\"https:\/\/blogdobispo.com.br\/?p=4078#primaryimage\"},\"thumbnailUrl\":\"https:\/\/blogdobispo.com.br\/wp-content\/uploads\/2024\/09\/dbe9f914-2912-49d8-808b-dfc611ed2d7e-1-819x1024.jpg\",\"datePublished\":\"2024-09-30T17:27:41+00:00\",\"breadcrumb\":{\"@id\":\"https:\/\/blogdobispo.com.br\/?p=4078#breadcrumb\"},\"inLanguage\":\"pt-BR\",\"potentialAction\":[{\"@type\":\"ReadAction\",\"target\":[\"https:\/\/blogdobispo.com.br\/?p=4078\"]}]},{\"@type\":\"ImageObject\",\"inLanguage\":\"pt-BR\",\"@id\":\"https:\/\/blogdobispo.com.br\/?p=4078#primaryimage\",\"url\":\"https:\/\/blogdobispo.com.br\/wp-content\/uploads\/2024\/09\/dbe9f914-2912-49d8-808b-dfc611ed2d7e-1-819x1024.jpg\",\"contentUrl\":\"https:\/\/blogdobispo.com.br\/wp-content\/uploads\/2024\/09\/dbe9f914-2912-49d8-808b-dfc611ed2d7e-1-819x1024.jpg\"},{\"@type\":\"BreadcrumbList\",\"@id\":\"https:\/\/blogdobispo.com.br\/?p=4078#breadcrumb\",\"itemListElement\":[{\"@type\":\"ListItem\",\"position\":1,\"name\":\"In\u00edcio\",\"item\":\"https:\/\/blogdobispo.com.br\/\"},{\"@type\":\"ListItem\",\"position\":2,\"name\":\"\u201cNossa luta vai dos direitos mais b\u00e1sicos \u00e0 inclus\u00e3o completa das pessoas com defici\u00eancia, inclusive nos espa\u00e7os de lazer\u201d, diz vereador T\u00e9rcio Tinoco\"}]},{\"@type\":\"WebSite\",\"@id\":\"https:\/\/blogdobispo.com.br\/#website\",\"url\":\"https:\/\/blogdobispo.com.br\/\",\"name\":\"Blog do Bispo\",\"description\":\"Comprometido apenas com o leitor\",\"publisher\":{\"@id\":\"https:\/\/blogdobispo.com.br\/#organization\"},\"potentialAction\":[{\"@type\":\"SearchAction\",\"target\":{\"@type\":\"EntryPoint\",\"urlTemplate\":\"https:\/\/blogdobispo.com.br\/?s={search_term_string}\"},\"query-input\":{\"@type\":\"PropertyValueSpecification\",\"valueRequired\":true,\"valueName\":\"search_term_string\"}}],\"inLanguage\":\"pt-BR\"},{\"@type\":\"Organization\",\"@id\":\"https:\/\/blogdobispo.com.br\/#organization\",\"name\":\"Blog do Bispo\",\"url\":\"https:\/\/blogdobispo.com.br\/\",\"logo\":{\"@type\":\"ImageObject\",\"inLanguage\":\"pt-BR\",\"@id\":\"https:\/\/blogdobispo.com.br\/#\/schema\/logo\/image\/\",\"url\":\"http:\/\/blogdobispo.com.br\/wp-content\/uploads\/2023\/05\/cropped-headear.png\",\"contentUrl\":\"http:\/\/blogdobispo.com.br\/wp-content\/uploads\/2023\/05\/cropped-headear.png\",\"width\":1500,\"height\":399,\"caption\":\"Blog do Bispo\"},\"image\":{\"@id\":\"https:\/\/blogdobispo.com.br\/#\/schema\/logo\/image\/\"}},{\"@type\":\"Person\",\"@id\":\"https:\/\/blogdobispo.com.br\/#\/schema\/person\/e2209cc0e6cea5c5233d033e997b373f\",\"name\":\"Jefferson Sterfeno\",\"image\":{\"@type\":\"ImageObject\",\"inLanguage\":\"pt-BR\",\"@id\":\"https:\/\/blogdobispo.com.br\/#\/schema\/person\/image\/\",\"url\":\"https:\/\/secure.gravatar.com\/avatar\/0534e84764641168a677026b6d57a3f51dc7ac4db0b4f6186d9cb330d4ee1160?s=96&d=mm&r=g\",\"contentUrl\":\"https:\/\/secure.gravatar.com\/avatar\/0534e84764641168a677026b6d57a3f51dc7ac4db0b4f6186d9cb330d4ee1160?s=96&d=mm&r=g\",\"caption\":\"Jefferson Sterfeno\"},\"sameAs\":[\"http:\/\/blogdobispo.com.br\"],\"url\":\"https:\/\/blogdobispo.com.br\/?author=1\"}]}<\/script>\n<!-- \/ Yoast SEO plugin. -->","yoast_head_json":{"title":"\u201cNossa luta vai dos direitos mais b\u00e1sicos \u00e0 inclus\u00e3o completa das pessoas com defici\u00eancia, inclusive nos espa\u00e7os de lazer\u201d, diz vereador T\u00e9rcio Tinoco - Blog do Bispo","robots":{"index":"index","follow":"follow","max-snippet":"max-snippet:-1","max-image-preview":"max-image-preview:large","max-video-preview":"max-video-preview:-1"},"canonical":"https:\/\/blogdobispo.com.br\/?p=4078","og_locale":"pt_BR","og_type":"article","og_title":"\u201cNossa luta vai dos direitos mais b\u00e1sicos \u00e0 inclus\u00e3o completa das pessoas com defici\u00eancia, inclusive nos espa\u00e7os de lazer\u201d, diz vereador T\u00e9rcio Tinoco - Blog do Bispo","og_description":"Vereador garantiu \u00e1reas exclusivas PCD em eventos culturais e quer amplia\u00e7\u00e3o em novo mandato Nos \u00faltimos quatro anos, com a chegada do vereador T\u00e9rcio Tinoco \u00e0 C\u00e2mara de Natal, a pauta das pessoas com defici\u00eancia ganhou visibilidade na capital potiguar, e teve v\u00e1rias conquistas. \u201cAprovamos projetos de lei importantes nas \u00e1reas da educa\u00e7\u00e3o, especialmente para [&hellip;]","og_url":"https:\/\/blogdobispo.com.br\/?p=4078","og_site_name":"Blog do Bispo","article_published_time":"2024-09-30T17:27:41+00:00","og_image":[{"url":"https:\/\/blogdobispo.com.br\/wp-content\/uploads\/2024\/09\/dbe9f914-2912-49d8-808b-dfc611ed2d7e-1-819x1024.jpg","type":"","width":"","height":""}],"author":"Jefferson Sterfeno","twitter_card":"summary_large_image","twitter_misc":{"Escrito por":"Jefferson Sterfeno","Est. tempo de leitura":"1 minuto"},"schema":{"@context":"https:\/\/schema.org","@graph":[{"@type":"Article","@id":"https:\/\/blogdobispo.com.br\/?p=4078#article","isPartOf":{"@id":"https:\/\/blogdobispo.com.br\/?p=4078"},"author":{"name":"Jefferson Sterfeno","@id":"https:\/\/blogdobispo.com.br\/#\/schema\/person\/e2209cc0e6cea5c5233d033e997b373f"},"headline":"\u201cNossa luta vai dos direitos mais b\u00e1sicos \u00e0 inclus\u00e3o completa das pessoas com defici\u00eancia, inclusive nos espa\u00e7os de lazer\u201d, diz vereador T\u00e9rcio Tinoco","datePublished":"2024-09-30T17:27:41+00:00","mainEntityOfPage":{"@id":"https:\/\/blogdobispo.com.br\/?p=4078"},"wordCount":292,"commentCount":0,"publisher":{"@id":"https:\/\/blogdobispo.com.br\/#organization"},"image":{"@id":"https:\/\/blogdobispo.com.br\/?p=4078#primaryimage"},"thumbnailUrl":"https:\/\/blogdobispo.com.br\/wp-content\/uploads\/2024\/09\/dbe9f914-2912-49d8-808b-dfc611ed2d7e-1-819x1024.jpg","articleSection":["diversos"],"inLanguage":"pt-BR","potentialAction":[{"@type":"CommentAction","name":"Comment","target":["https:\/\/blogdobispo.com.br\/?p=4078#respond"]}]},{"@type":"WebPage","@id":"https:\/\/blogdobispo.com.br\/?p=4078","url":"https:\/\/blogdobispo.com.br\/?p=4078","name":"\u201cNossa luta vai dos direitos mais b\u00e1sicos \u00e0 inclus\u00e3o completa das pessoas com defici\u00eancia, inclusive nos espa\u00e7os de lazer\u201d, diz vereador T\u00e9rcio Tinoco - Blog do Bispo","isPartOf":{"@id":"https:\/\/blogdobispo.com.br\/#website"},"primaryImageOfPage":{"@id":"https:\/\/blogdobispo.com.br\/?p=4078#primaryimage"},"image":{"@id":"https:\/\/blogdobispo.com.br\/?p=4078#primaryimage"},"thumbnailUrl":"https:\/\/blogdobispo.com.br\/wp-content\/uploads\/2024\/09\/dbe9f914-2912-49d8-808b-dfc611ed2d7e-1-819x1024.jpg","datePublished":"2024-09-30T17:27:41+00:00","breadcrumb":{"@id":"https:\/\/blogdobispo.com.br\/?p=4078#breadcrumb"},"inLanguage":"pt-BR","potentialAction":[{"@type":"ReadAction","target":["https:\/\/blogdobispo.com.br\/?p=4078"]}]},{"@type":"ImageObject","inLanguage":"pt-BR","@id":"https:\/\/blogdobispo.com.br\/?p=4078#primaryimage","url":"https:\/\/blogdobispo.com.br\/wp-content\/uploads\/2024\/09\/dbe9f914-2912-49d8-808b-dfc611ed2d7e-1-819x1024.jpg","contentUrl":"https:\/\/blogdobispo.com.br\/wp-content\/uploads\/2024\/09\/dbe9f914-2912-49d8-808b-dfc611ed2d7e-1-819x1024.jpg"},{"@type":"BreadcrumbList","@id":"https:\/\/blogdobispo.com.br\/?p=4078#breadcrumb","itemListElement":[{"@type":"ListItem","position":1,"name":"In\u00edcio","item":"https:\/\/blogdobispo.com.br\/"},{"@type":"ListItem","position":2,"name":"\u201cNossa luta vai dos direitos mais b\u00e1sicos \u00e0 inclus\u00e3o completa das pessoas com defici\u00eancia, inclusive nos espa\u00e7os de lazer\u201d, diz vereador T\u00e9rcio Tinoco"}]},{"@type":"WebSite","@id":"https:\/\/blogdobispo.com.br\/#website","url":"https:\/\/blogdobispo.com.br\/","name":"Blog do Bispo","description":"Comprometido apenas com o leitor","publisher":{"@id":"https:\/\/blogdobispo.com.br\/#organization"},"potentialAction":[{"@type":"SearchAction","target":{"@type":"EntryPoint","urlTemplate":"https:\/\/blogdobispo.com.br\/?s={search_term_string}"},"query-input":{"@type":"PropertyValueSpecification","valueRequired":true,"valueName":"search_term_string"}}],"inLanguage":"pt-BR"},{"@type":"Organization","@id":"https:\/\/blogdobispo.com.br\/#organization","name":"Blog do Bispo","url":"https:\/\/blogdobispo.com.br\/","logo":{"@type":"ImageObject","inLanguage":"pt-BR","@id":"https:\/\/blogdobispo.com.br\/#\/schema\/logo\/image\/","url":"http:\/\/blogdobispo.com.br\/wp-content\/uploads\/2023\/05\/cropped-headear.png","contentUrl":"http:\/\/blogdobispo.com.br\/wp-content\/uploads\/2023\/05\/cropped-headear.png","width":1500,"height":399,"caption":"Blog do Bispo"},"image":{"@id":"https:\/\/blogdobispo.com.br\/#\/schema\/logo\/image\/"}},{"@type":"Person","@id":"https:\/\/blogdobispo.com.br\/#\/schema\/person\/e2209cc0e6cea5c5233d033e997b373f","name":"Jefferson Sterfeno","image":{"@type":"ImageObject","inLanguage":"pt-BR","@id":"https:\/\/blogdobispo.com.br\/#\/schema\/person\/image\/","url":"https:\/\/secure.gravatar.com\/avatar\/0534e84764641168a677026b6d57a3f51dc7ac4db0b4f6186d9cb330d4ee1160?s=96&d=mm&r=g","contentUrl":"https:\/\/secure.gravatar.com\/avatar\/0534e84764641168a677026b6d57a3f51dc7ac4db0b4f6186d9cb330d4ee1160?s=96&d=mm&r=g","caption":"Jefferson Sterfeno"},"sameAs":["http:\/\/blogdobispo.com.br"],"url":"https:\/\/blogdobispo.com.br\/?author=1"}]}},"featured_image_urls":{"full":"","thumbnail":"","medium":"","medium_large":"","large":"","1536x1536":"","2048x2048":""},"author_info":{"display_name":"Jefferson Sterfeno","author_link":"https:\/\/blogdobispo.com.br\/?author=1"},"category_info":"<a href=\"https:\/\/blogdobispo.com.br\/?cat=1\" rel=\"category\">diversos<\/a>","tag_info":"diversos","comment_count":"0","jetpack_featured_media_url":"","jetpack_sharing_enabled":true,"_links":{"self":[{"href":"https:\/\/blogdobispo.com.br\/index.php?rest_route=\/wp\/v2\/posts\/4078","targetHints":{"allow":["GET"]}}],"collection":[{"href":"https:\/\/blogdobispo.com.br\/index.php?rest_route=\/wp\/v2\/posts"}],"about":[{"href":"https:\/\/blogdobispo.com.br\/index.php?rest_route=\/wp\/v2\/types\/post"}],"author":[{"embeddable":true,"href":"https:\/\/blogdobispo.com.br\/index.php?rest_route=\/wp\/v2\/users\/1"}],"replies":[{"embeddable":true,"href":"https:\/\/blogdobispo.com.br\/index.php?rest_route=%2Fwp%2Fv2%2Fcomments&post=4078"}],"version-history":[{"count":0,"href":"https:\/\/blogdobispo.com.br\/index.php?rest_route=\/wp\/v2\/posts\/4078\/revisions"}],"wp:attachment":[{"href":"https:\/\/blogdobispo.com.br\/index.php?rest_route=%2Fwp%2Fv2%2Fmedia&parent=4078"}],"wp:term":[{"taxonomy":"category","embeddable":true,"href":"https:\/\/blogdobispo.com.br\/index.php?rest_route=%2Fwp%2Fv2%2Fcategories&post=4078"},{"taxonomy":"post_tag","embeddable":true,"href":"https:\/\/blogdobispo.com.br\/index.php?rest_route=%2Fwp%2Fv2%2Ftags&post=4078"}],"curies":[{"name":"wp","href":"https:\/\/api.w.org\/{rel}","templated":true}]}}