{"id":4063,"date":"2024-09-25T13:06:59","date_gmt":"2024-09-25T13:06:59","guid":{"rendered":"https:\/\/blogdobispo.com.br\/?p=4063"},"modified":"2024-09-25T13:06:59","modified_gmt":"2024-09-25T13:06:59","slug":"pesquisa-consult-tn-naelson-borja-aparece-entre-os-mais-citados-para-vereador","status":"publish","type":"post","link":"https:\/\/blogdobispo.com.br\/?p=4063","title":{"rendered":"Pesquisa Consult\/TN: Naelson Borja aparece entre os mais citados para vereador"},"content":{"rendered":"\n<figure class=\"wp-block-image\"><img data-recalc-dims=\"1\" height=\"582\" width=\"630\" decoding=\"async\" src=\"https:\/\/i0.wp.com\/eliasjornalista.com\/wp-content\/uploads\/2024\/09\/IMG_2510-630x582.jpg?resize=630%2C582&#038;ssl=1\" alt=\"\" class=\"wp-image-246242\"\/><\/figure>\n\n\n\n<p class=\"wp-caption-text\" id=\"caption-attachment-246242\"><\/p>\n\n\n\n<p>A segunda pesquisa Consult\/TN ouviu 1.000 eleitores em Natal entre os dias 20 e 23 e foi registrada no Tribunal Superior Eleitoral (TSE) com o n\u00famero RN-07479\/2024. O erro amostral m\u00e1ximo \u00e9 de 3,1% e confiabilidade de 95%.<\/p>\n\n\n\n<p>Os candidatos mais citados est\u00e3o na lista abaixo.<\/p>\n\n\n\n<p><strong>Os vereadores mais citados<\/strong><\/p>\n\n\n\n<p>Eriko J\u00e1come 2,20%<br \/>Irapo\u00e3 1,80%<br \/>Robson Carvalho 1,50%<br \/>Naelson Borja 1,50%<br \/>L\u00e9o Souza 1,40%<br \/>T\u00e9rcio Tinoco 1,40%<br \/>Raniere Barbosa 1,40%<br \/>Brisa Bracchi 1,40%<br \/>Kl\u00e9ber Fernandes 1,30%<br \/>Aldo Clemente 1,20%<br \/>Camila Ara\u00fajo 1,20%<br \/>Chagas Catarino 1,10%<br \/>Luciano Nascimento 1,10%<br \/>Samanda Alves 1,10%<br \/>Herberth Sena 1,10%<br \/>Daniel Rendall 1,10%<br \/>Preto Aquino 1,10%<br \/>Nina Souza 1,0%<br \/>Dorys C\u00e2ndido 1,0%<br \/>Peixoto 0,90%<br \/>Daniel Valen\u00e7a 0,90%<br \/>Aroldo Alves 0,80%<br \/>Hermes C\u00e2mara 0,80%<br \/>Rob\u00e9rio Paulino 0,70%<br \/>Felipe Alves 0,70%<br \/>Fausto Calixto 0,70%<br \/>Max Serr\u00e3o 0,60%<br \/>J\u00falia Arruda 0,60%<br \/>T\u00e1rcio de Eudiane 0,60%<br \/>Eribaldo 0,60%<br \/>J\u00falio Prot\u00e1sio 0,60%<br \/>F\u00falvio 0,60%<br \/>Elivelton Rocha 0,50%<br \/>Matheus Faustino 0,50%<br \/>Leila Maia 0,50%<br \/>C\u00e9sar de Ad\u00e3o Eridan 0,50%<br \/>S\u00f4nia do Nova Natal 0,50%<br \/>C\u00edcero Martins 0,40%<br \/>Anne Lagartixa 0,40%<br \/>Th\u00e1bata Pimenta 0,40%<br \/>J\u00falio Ribeiro 0,40%<br \/>Ariel 0,40%<br \/>Lady Day 0,40%<br \/>Anderson Lopes 0,40%<br \/>Ubirajara Barros 0,40%<br \/>Edivan Enfermeiro 0,40%<\/p>\n\n\n\n<p>Cleiton da Policlinica 0.30%<br \/>Ranny Dumaresq 0.30%<br \/>M\u00e1rcio Gomes 0.30%<br \/>Geilberli 0.30%<br \/>G\u00eameos do Igap\u00f3 0.30%<br \/>Aline Juliete 0.30%<br \/>Jo\u00e3o Oliveira 0.30%<br \/>Godeiro 0.30%<br \/>Wellington Pedroza 0.30%<br \/>Adriana do Quebra Osso 0.30%<br \/>Elias das Paradas 0.30%<br \/>Albert Dickson 0.30%<\/p>\n\n\n\n<p>Camila 0.30%<br \/>Rubens 0.30%<br \/>Cicinho Bike 0.30%<br \/>Z\u00e9 Humberto 0.30%<\/p>\n\n\n\n<p>Gilvan Balada 0,20%<br \/>Giann Oliveira 0,20%<br \/>Castilho 0,20%<br \/>Renan Nunes 0,20%<br \/>Nivaldo Bacurau 0,20%<br \/>Margarete R\u00e9gia 0,20%<br \/>Pt 0,20%<br \/>Erm\u00ednio F\u00e9lix 0,20%<br \/>Eliabe 0,20%<br \/>Wellington 0,20%<br \/>Paulinho Pessoa 0,20%<br \/>Charles Cunha 0,20%<br \/>Tet\u00ea Modas 0,20%<br \/>Sandra 0,20%<br \/>Th\u00e9cia Diniz 0,20%<br \/>T\u00e1cio Cavalcanti 0,20%<br \/>Tati Ribeiro 0,20%<br \/>Jo\u00e3o Batista 0,20%<br \/>Klaus 0,20%<br \/>Carlos Silvestre 0,20%<br \/>Pedro Henrique 0,20%<br \/>Carlos Reny 0,20%<br \/>Gilson Taxista 0,20%<br \/>Itanildo 0,20%<br \/>Adriana Da Sopa 0,20%<br \/>Pastor Rubens 0,20%<br \/>Tony 0,20%<br \/>Tiago Da Auto Escola 0,20%<\/p>\n\n\n\n<p>Bruno Queiroga 0,10%<br>Ieda Santiago 0,10%<br>Jean 0,10%<br>Milklenilson 0,10%<br>Karla \u00c1lvares 0,10%<br>Carlos Enfermeiro 0,10%<br>Emerson 0,10%<br>Elizabeth Biglione 0,10%<br>Professor Xico 0,10%<br>Sargento Sabino 0,10%<br>Eduardo 0,10%<br>Luciano Monteiro 0,10%<br>Lucena 0,10%<br>Dilsinho 0,10%<br>Baba Cl\u00e1udio 0,10%<br>Daniel Santiago 0,10%<br>S\u00edlvio Dantas 0,10%<br>Camila Ribeiro 0,10%<br>Gal Do Guarapes 0,10%<br>Eliu 0,10%<br>Rog\u00e9rio Anacleto 0,10%<br>Luciana Lima 0,10%<br>Di\u00f3genes Paulino 0,10%<br>Thiago Bernhard 0,10%<br>Rosa Guerreira 0,10%<br>Sandro Soares 0,10%<br>Anderson Nascimento 0,10%<br>Milenne Barbosa 0,10%<br>Elizangela 0,10%<br>Wellington Bernardo 0,10%<br>Marlene 0,10%<br>J\u00falio 0,10%<br>Ricardo Borja 0,10%<br>Padre Caio Cavalcanti 0,10%<br>Jackson Capixaba 0,10%<br>S\u00f4nia Godeiro 0,10%<br>Lorena 0,10%<br>Gil Bola 0,10%<br>Ariberto 0,10%<br>Mano Targino 0.10%<br>Raimundo Jorge 0,10%<br>M\u00e1rcia Dantas 0,10%<br>Paulinha Galdino 0,10<br>Kleber Bezerra 0,10<br>Cl\u00e1udio Cust\u00f3dio 0,10%<br>Dr. Milano 0,10%<br>Vit\u00f3ria Freire 0,10%<br>Albany Dutra 0,10%<br>Manass\u00e9s 0,10%<br>Samara Trigueiro 0,10%<br>Jean Silvino 0,10%<br>Erinaldo 0,10%<br>Sirlano 0,10%<br>Glaucus 0,10%<br>Davi Ribeiro 0,10%<br>Sena Frentista 0,10%<br>Pequeno 0,10%<br>Geraldinho 0,10%<br>Dra. Dalila 0,10%<br>Dr. Pedro 0,10%<br>Bambam 0,10%<br>Vilma Batista 0,10%<br>Teresa Viana 0,10%<br>Ana Miranda 0,10%<br>Valber Soares 0,10%<br>Bruno Rafael 0,10%<br>Klebisson 0,10%<br>Pastor Johnson 0,10%<br>Geraldo Pinho 0,10%<br>Cl\u00e1udio Arruda 0,10%<br>Silveira 0,10%<br>Vav\u00e1 0,10%<br>Lucas Fagundes 0,10%<br>V\u00e2nia Torres 0,10%<\/p>\n","protected":false},"excerpt":{"rendered":"<p>A segunda pesquisa Consult\/TN ouviu 1.000 eleitores em Natal entre os dias 20 e 23 e foi registrada no Tribunal Superior Eleitoral (TSE) com o n\u00famero RN-07479\/2024. O erro amostral m\u00e1ximo \u00e9 de 3,1% e confiabilidade de 95%. Os candidatos mais citados est\u00e3o na lista abaixo. Os vereadores mais citados Eriko J\u00e1come 2,20%Irapo\u00e3 1,80%Robson Carvalho [&hellip;]<\/p>\n","protected":false},"author":1,"featured_media":0,"comment_status":"open","ping_status":"open","sticky":false,"template":"","format":"standard","meta":{"cybocfi_hide_featured_image":"","_jetpack_memberships_contains_paid_content":false,"footnotes":""},"categories":[1],"tags":[],"class_list":["post-4063","post","type-post","status-publish","format-standard","hentry","category-diversos"],"yoast_head":"<!-- This site is optimized with the Yoast SEO plugin v25.6 - https:\/\/yoast.com\/wordpress\/plugins\/seo\/ -->\n<title>Pesquisa Consult\/TN: Naelson Borja aparece entre os mais citados para vereador - Blog do Bispo<\/title>\n<meta name=\"robots\" content=\"index, follow, max-snippet:-1, max-image-preview:large, max-video-preview:-1\" \/>\n<link rel=\"canonical\" href=\"https:\/\/blogdobispo.com.br\/?p=4063\" \/>\n<meta property=\"og:locale\" content=\"pt_BR\" \/>\n<meta property=\"og:type\" content=\"article\" \/>\n<meta property=\"og:title\" content=\"Pesquisa Consult\/TN: Naelson Borja aparece entre os mais citados para vereador - Blog do Bispo\" \/>\n<meta property=\"og:description\" content=\"A segunda pesquisa Consult\/TN ouviu 1.000 eleitores em Natal entre os dias 20 e 23 e foi registrada no Tribunal Superior Eleitoral (TSE) com o n\u00famero RN-07479\/2024. O erro amostral m\u00e1ximo \u00e9 de 3,1% e confiabilidade de 95%. Os candidatos mais citados est\u00e3o na lista abaixo. Os vereadores mais citados Eriko J\u00e1come 2,20%Irapo\u00e3 1,80%Robson Carvalho [&hellip;]\" \/>\n<meta property=\"og:url\" content=\"https:\/\/blogdobispo.com.br\/?p=4063\" \/>\n<meta property=\"og:site_name\" content=\"Blog do Bispo\" \/>\n<meta property=\"article:published_time\" content=\"2024-09-25T13:06:59+00:00\" \/>\n<meta property=\"og:image\" content=\"https:\/\/eliasjornalista.com\/wp-content\/uploads\/2024\/09\/IMG_2510-630x582.jpg\" \/>\n<meta name=\"author\" content=\"Jefferson Sterfeno\" \/>\n<meta name=\"twitter:card\" content=\"summary_large_image\" \/>\n<meta name=\"twitter:label1\" content=\"Escrito por\" \/>\n\t<meta name=\"twitter:data1\" content=\"Jefferson Sterfeno\" \/>\n\t<meta name=\"twitter:label2\" content=\"Est. tempo de leitura\" \/>\n\t<meta name=\"twitter:data2\" content=\"2 minutos\" \/>\n<script type=\"application\/ld+json\" class=\"yoast-schema-graph\">{\"@context\":\"https:\/\/schema.org\",\"@graph\":[{\"@type\":\"Article\",\"@id\":\"https:\/\/blogdobispo.com.br\/?p=4063#article\",\"isPartOf\":{\"@id\":\"https:\/\/blogdobispo.com.br\/?p=4063\"},\"author\":{\"name\":\"Jefferson Sterfeno\",\"@id\":\"https:\/\/blogdobispo.com.br\/#\/schema\/person\/e2209cc0e6cea5c5233d033e997b373f\"},\"headline\":\"Pesquisa Consult\/TN: Naelson Borja aparece entre os mais citados para vereador\",\"datePublished\":\"2024-09-25T13:06:59+00:00\",\"mainEntityOfPage\":{\"@id\":\"https:\/\/blogdobispo.com.br\/?p=4063\"},\"wordCount\":407,\"commentCount\":0,\"publisher\":{\"@id\":\"https:\/\/blogdobispo.com.br\/#organization\"},\"image\":{\"@id\":\"https:\/\/blogdobispo.com.br\/?p=4063#primaryimage\"},\"thumbnailUrl\":\"https:\/\/eliasjornalista.com\/wp-content\/uploads\/2024\/09\/IMG_2510-630x582.jpg\",\"articleSection\":[\"diversos\"],\"inLanguage\":\"pt-BR\",\"potentialAction\":[{\"@type\":\"CommentAction\",\"name\":\"Comment\",\"target\":[\"https:\/\/blogdobispo.com.br\/?p=4063#respond\"]}]},{\"@type\":\"WebPage\",\"@id\":\"https:\/\/blogdobispo.com.br\/?p=4063\",\"url\":\"https:\/\/blogdobispo.com.br\/?p=4063\",\"name\":\"Pesquisa Consult\/TN: Naelson Borja aparece entre os mais citados para vereador - Blog do Bispo\",\"isPartOf\":{\"@id\":\"https:\/\/blogdobispo.com.br\/#website\"},\"primaryImageOfPage\":{\"@id\":\"https:\/\/blogdobispo.com.br\/?p=4063#primaryimage\"},\"image\":{\"@id\":\"https:\/\/blogdobispo.com.br\/?p=4063#primaryimage\"},\"thumbnailUrl\":\"https:\/\/eliasjornalista.com\/wp-content\/uploads\/2024\/09\/IMG_2510-630x582.jpg\",\"datePublished\":\"2024-09-25T13:06:59+00:00\",\"breadcrumb\":{\"@id\":\"https:\/\/blogdobispo.com.br\/?p=4063#breadcrumb\"},\"inLanguage\":\"pt-BR\",\"potentialAction\":[{\"@type\":\"ReadAction\",\"target\":[\"https:\/\/blogdobispo.com.br\/?p=4063\"]}]},{\"@type\":\"ImageObject\",\"inLanguage\":\"pt-BR\",\"@id\":\"https:\/\/blogdobispo.com.br\/?p=4063#primaryimage\",\"url\":\"https:\/\/eliasjornalista.com\/wp-content\/uploads\/2024\/09\/IMG_2510-630x582.jpg\",\"contentUrl\":\"https:\/\/eliasjornalista.com\/wp-content\/uploads\/2024\/09\/IMG_2510-630x582.jpg\"},{\"@type\":\"BreadcrumbList\",\"@id\":\"https:\/\/blogdobispo.com.br\/?p=4063#breadcrumb\",\"itemListElement\":[{\"@type\":\"ListItem\",\"position\":1,\"name\":\"In\u00edcio\",\"item\":\"https:\/\/blogdobispo.com.br\/\"},{\"@type\":\"ListItem\",\"position\":2,\"name\":\"Pesquisa Consult\/TN: Naelson Borja aparece entre os mais citados para vereador\"}]},{\"@type\":\"WebSite\",\"@id\":\"https:\/\/blogdobispo.com.br\/#website\",\"url\":\"https:\/\/blogdobispo.com.br\/\",\"name\":\"Blog do Bispo\",\"description\":\"Comprometido apenas com o leitor\",\"publisher\":{\"@id\":\"https:\/\/blogdobispo.com.br\/#organization\"},\"potentialAction\":[{\"@type\":\"SearchAction\",\"target\":{\"@type\":\"EntryPoint\",\"urlTemplate\":\"https:\/\/blogdobispo.com.br\/?s={search_term_string}\"},\"query-input\":{\"@type\":\"PropertyValueSpecification\",\"valueRequired\":true,\"valueName\":\"search_term_string\"}}],\"inLanguage\":\"pt-BR\"},{\"@type\":\"Organization\",\"@id\":\"https:\/\/blogdobispo.com.br\/#organization\",\"name\":\"Blog do Bispo\",\"url\":\"https:\/\/blogdobispo.com.br\/\",\"logo\":{\"@type\":\"ImageObject\",\"inLanguage\":\"pt-BR\",\"@id\":\"https:\/\/blogdobispo.com.br\/#\/schema\/logo\/image\/\",\"url\":\"http:\/\/blogdobispo.com.br\/wp-content\/uploads\/2023\/05\/cropped-headear.png\",\"contentUrl\":\"http:\/\/blogdobispo.com.br\/wp-content\/uploads\/2023\/05\/cropped-headear.png\",\"width\":1500,\"height\":399,\"caption\":\"Blog do Bispo\"},\"image\":{\"@id\":\"https:\/\/blogdobispo.com.br\/#\/schema\/logo\/image\/\"}},{\"@type\":\"Person\",\"@id\":\"https:\/\/blogdobispo.com.br\/#\/schema\/person\/e2209cc0e6cea5c5233d033e997b373f\",\"name\":\"Jefferson Sterfeno\",\"image\":{\"@type\":\"ImageObject\",\"inLanguage\":\"pt-BR\",\"@id\":\"https:\/\/blogdobispo.com.br\/#\/schema\/person\/image\/\",\"url\":\"https:\/\/secure.gravatar.com\/avatar\/0534e84764641168a677026b6d57a3f51dc7ac4db0b4f6186d9cb330d4ee1160?s=96&d=mm&r=g\",\"contentUrl\":\"https:\/\/secure.gravatar.com\/avatar\/0534e84764641168a677026b6d57a3f51dc7ac4db0b4f6186d9cb330d4ee1160?s=96&d=mm&r=g\",\"caption\":\"Jefferson Sterfeno\"},\"sameAs\":[\"http:\/\/blogdobispo.com.br\"],\"url\":\"https:\/\/blogdobispo.com.br\/?author=1\"}]}<\/script>\n<!-- \/ Yoast SEO plugin. -->","yoast_head_json":{"title":"Pesquisa Consult\/TN: Naelson Borja aparece entre os mais citados para vereador - Blog do Bispo","robots":{"index":"index","follow":"follow","max-snippet":"max-snippet:-1","max-image-preview":"max-image-preview:large","max-video-preview":"max-video-preview:-1"},"canonical":"https:\/\/blogdobispo.com.br\/?p=4063","og_locale":"pt_BR","og_type":"article","og_title":"Pesquisa Consult\/TN: Naelson Borja aparece entre os mais citados para vereador - Blog do Bispo","og_description":"A segunda pesquisa Consult\/TN ouviu 1.000 eleitores em Natal entre os dias 20 e 23 e foi registrada no Tribunal Superior Eleitoral (TSE) com o n\u00famero RN-07479\/2024. O erro amostral m\u00e1ximo \u00e9 de 3,1% e confiabilidade de 95%. Os candidatos mais citados est\u00e3o na lista abaixo. Os vereadores mais citados Eriko J\u00e1come 2,20%Irapo\u00e3 1,80%Robson Carvalho [&hellip;]","og_url":"https:\/\/blogdobispo.com.br\/?p=4063","og_site_name":"Blog do Bispo","article_published_time":"2024-09-25T13:06:59+00:00","og_image":[{"url":"https:\/\/eliasjornalista.com\/wp-content\/uploads\/2024\/09\/IMG_2510-630x582.jpg","type":"","width":"","height":""}],"author":"Jefferson Sterfeno","twitter_card":"summary_large_image","twitter_misc":{"Escrito por":"Jefferson Sterfeno","Est. tempo de leitura":"2 minutos"},"schema":{"@context":"https:\/\/schema.org","@graph":[{"@type":"Article","@id":"https:\/\/blogdobispo.com.br\/?p=4063#article","isPartOf":{"@id":"https:\/\/blogdobispo.com.br\/?p=4063"},"author":{"name":"Jefferson Sterfeno","@id":"https:\/\/blogdobispo.com.br\/#\/schema\/person\/e2209cc0e6cea5c5233d033e997b373f"},"headline":"Pesquisa Consult\/TN: Naelson Borja aparece entre os mais citados para vereador","datePublished":"2024-09-25T13:06:59+00:00","mainEntityOfPage":{"@id":"https:\/\/blogdobispo.com.br\/?p=4063"},"wordCount":407,"commentCount":0,"publisher":{"@id":"https:\/\/blogdobispo.com.br\/#organization"},"image":{"@id":"https:\/\/blogdobispo.com.br\/?p=4063#primaryimage"},"thumbnailUrl":"https:\/\/eliasjornalista.com\/wp-content\/uploads\/2024\/09\/IMG_2510-630x582.jpg","articleSection":["diversos"],"inLanguage":"pt-BR","potentialAction":[{"@type":"CommentAction","name":"Comment","target":["https:\/\/blogdobispo.com.br\/?p=4063#respond"]}]},{"@type":"WebPage","@id":"https:\/\/blogdobispo.com.br\/?p=4063","url":"https:\/\/blogdobispo.com.br\/?p=4063","name":"Pesquisa Consult\/TN: Naelson Borja aparece entre os mais citados para vereador - Blog do Bispo","isPartOf":{"@id":"https:\/\/blogdobispo.com.br\/#website"},"primaryImageOfPage":{"@id":"https:\/\/blogdobispo.com.br\/?p=4063#primaryimage"},"image":{"@id":"https:\/\/blogdobispo.com.br\/?p=4063#primaryimage"},"thumbnailUrl":"https:\/\/eliasjornalista.com\/wp-content\/uploads\/2024\/09\/IMG_2510-630x582.jpg","datePublished":"2024-09-25T13:06:59+00:00","breadcrumb":{"@id":"https:\/\/blogdobispo.com.br\/?p=4063#breadcrumb"},"inLanguage":"pt-BR","potentialAction":[{"@type":"ReadAction","target":["https:\/\/blogdobispo.com.br\/?p=4063"]}]},{"@type":"ImageObject","inLanguage":"pt-BR","@id":"https:\/\/blogdobispo.com.br\/?p=4063#primaryimage","url":"https:\/\/eliasjornalista.com\/wp-content\/uploads\/2024\/09\/IMG_2510-630x582.jpg","contentUrl":"https:\/\/eliasjornalista.com\/wp-content\/uploads\/2024\/09\/IMG_2510-630x582.jpg"},{"@type":"BreadcrumbList","@id":"https:\/\/blogdobispo.com.br\/?p=4063#breadcrumb","itemListElement":[{"@type":"ListItem","position":1,"name":"In\u00edcio","item":"https:\/\/blogdobispo.com.br\/"},{"@type":"ListItem","position":2,"name":"Pesquisa Consult\/TN: Naelson Borja aparece entre os mais citados para vereador"}]},{"@type":"WebSite","@id":"https:\/\/blogdobispo.com.br\/#website","url":"https:\/\/blogdobispo.com.br\/","name":"Blog do Bispo","description":"Comprometido apenas com o leitor","publisher":{"@id":"https:\/\/blogdobispo.com.br\/#organization"},"potentialAction":[{"@type":"SearchAction","target":{"@type":"EntryPoint","urlTemplate":"https:\/\/blogdobispo.com.br\/?s={search_term_string}"},"query-input":{"@type":"PropertyValueSpecification","valueRequired":true,"valueName":"search_term_string"}}],"inLanguage":"pt-BR"},{"@type":"Organization","@id":"https:\/\/blogdobispo.com.br\/#organization","name":"Blog do Bispo","url":"https:\/\/blogdobispo.com.br\/","logo":{"@type":"ImageObject","inLanguage":"pt-BR","@id":"https:\/\/blogdobispo.com.br\/#\/schema\/logo\/image\/","url":"http:\/\/blogdobispo.com.br\/wp-content\/uploads\/2023\/05\/cropped-headear.png","contentUrl":"http:\/\/blogdobispo.com.br\/wp-content\/uploads\/2023\/05\/cropped-headear.png","width":1500,"height":399,"caption":"Blog do Bispo"},"image":{"@id":"https:\/\/blogdobispo.com.br\/#\/schema\/logo\/image\/"}},{"@type":"Person","@id":"https:\/\/blogdobispo.com.br\/#\/schema\/person\/e2209cc0e6cea5c5233d033e997b373f","name":"Jefferson Sterfeno","image":{"@type":"ImageObject","inLanguage":"pt-BR","@id":"https:\/\/blogdobispo.com.br\/#\/schema\/person\/image\/","url":"https:\/\/secure.gravatar.com\/avatar\/0534e84764641168a677026b6d57a3f51dc7ac4db0b4f6186d9cb330d4ee1160?s=96&d=mm&r=g","contentUrl":"https:\/\/secure.gravatar.com\/avatar\/0534e84764641168a677026b6d57a3f51dc7ac4db0b4f6186d9cb330d4ee1160?s=96&d=mm&r=g","caption":"Jefferson Sterfeno"},"sameAs":["http:\/\/blogdobispo.com.br"],"url":"https:\/\/blogdobispo.com.br\/?author=1"}]}},"featured_image_urls":{"full":"","thumbnail":"","medium":"","medium_large":"","large":"","1536x1536":"","2048x2048":""},"author_info":{"display_name":"Jefferson Sterfeno","author_link":"https:\/\/blogdobispo.com.br\/?author=1"},"category_info":"<a href=\"https:\/\/blogdobispo.com.br\/?cat=1\" rel=\"category\">diversos<\/a>","tag_info":"diversos","comment_count":"0","jetpack_featured_media_url":"","jetpack_sharing_enabled":true,"_links":{"self":[{"href":"https:\/\/blogdobispo.com.br\/index.php?rest_route=\/wp\/v2\/posts\/4063","targetHints":{"allow":["GET"]}}],"collection":[{"href":"https:\/\/blogdobispo.com.br\/index.php?rest_route=\/wp\/v2\/posts"}],"about":[{"href":"https:\/\/blogdobispo.com.br\/index.php?rest_route=\/wp\/v2\/types\/post"}],"author":[{"embeddable":true,"href":"https:\/\/blogdobispo.com.br\/index.php?rest_route=\/wp\/v2\/users\/1"}],"replies":[{"embeddable":true,"href":"https:\/\/blogdobispo.com.br\/index.php?rest_route=%2Fwp%2Fv2%2Fcomments&post=4063"}],"version-history":[{"count":0,"href":"https:\/\/blogdobispo.com.br\/index.php?rest_route=\/wp\/v2\/posts\/4063\/revisions"}],"wp:attachment":[{"href":"https:\/\/blogdobispo.com.br\/index.php?rest_route=%2Fwp%2Fv2%2Fmedia&parent=4063"}],"wp:term":[{"taxonomy":"category","embeddable":true,"href":"https:\/\/blogdobispo.com.br\/index.php?rest_route=%2Fwp%2Fv2%2Fcategories&post=4063"},{"taxonomy":"post_tag","embeddable":true,"href":"https:\/\/blogdobispo.com.br\/index.php?rest_route=%2Fwp%2Fv2%2Ftags&post=4063"}],"curies":[{"name":"wp","href":"https:\/\/api.w.org\/{rel}","templated":true}]}}